{"id":12552,"date":"2022-02-13T22:35:19","date_gmt":"2022-02-14T01:35:19","guid":{"rendered":"http:\/\/diarioprincipios.com\/?p=12552"},"modified":"2022-02-13T22:35:22","modified_gmt":"2022-02-14T01:35:22","slug":"mussi-asistio-al-cierre-de-las-colonias-de-verano-2022","status":"publish","type":"post","link":"https:\/\/diarioprincipios.com\/index.php\/2022\/02\/13\/mussi-asistio-al-cierre-de-las-colonias-de-verano-2022\/","title":{"rendered":"Mussi asisti\u00f3 al cierre de las Colonias de Verano 2022"},"content":{"rendered":"\n<p><strong>Cerca de 3 mil ni\u00f1os, ni\u00f1as, adolescentes, adultos mayores y personas con discapacidad fueron los protagonistas de la cl\u00e1sica temporada de la Colonia municipal de Verano en Berazategui. Fue organizada por la Secretar\u00eda de Desarrollo Social y Comunitario en el Complejo \u00abLos Privilegiados\u00bb, de manera gratuita. En el cierre de la temporada estuvo presente el intendente municipal, Juan Jos\u00e9 Mussi, acompa\u00f1ado por la titular del \u00e1rea a cargo, Mar\u00eda Laura Lacava.<\/strong><\/p>\n\n\n\n<p>En el emotivo encuentro, Mussi expres\u00f3: \u201cEs reconfortante estar aqu\u00ed porque lo \u00fanico que se percibe en este momento tan dif\u00edcil es la alegr\u00eda contagiosa en los abuelos, en los adolescentes, en los ni\u00f1os y ni\u00f1as y en las personas con capacidades diferentes. Todos est\u00e1n juntos y compartiendo. \u00a1Una adolescente me dijo que viene a la colonia desde hace 9 a\u00f1os! Este, sin dudas, es un servicio que el Municipio presta con much\u00edsimo amor y alegr\u00eda. Aqu\u00ed hay much\u00edsimos chicos de Berazategui que no tienen la posibilidad de ir a ning\u00fan lado, abuelos a los que la pandemia los tuvo apartados de estas posibilidades. Y volvieron as\u00ed, con una alegr\u00eda enorme\u201d.<\/p>\n\n\n\n<p>En el predio municipal \u201cLos Privilegiados\u201d (conformado por 17 hect\u00e1reas, que cuentan con amplios espacios verdes rodeados de \u00e1rboles, tres piscinas, canchas y SUM) se realizaron juegos, talleres y actividades recreativas organizadas por 88 profesionales, docentes de educaci\u00f3n f\u00edsica y guardavidas. Los destinatarios fueron ni\u00f1os de entre 6 y 11 a\u00f1os, adolescentes de 12 a 16, adultos mayores y personas con discapacidad que disfrutaron del verano.<\/p>\n\n\n\n<figure class=\"wp-block-image size-large is-resized\"><img loading=\"lazy\" decoding=\"async\" src=\"https:\/\/diarioprincipios.com\/wp-content\/uploads\/2022\/02\/MUSSI-ASISTIO-AL-CIERRE-DE-LAS-COLONIAS-MUNICIPALES-DE-VERANO-2022-1-1-1024x682.jpeg\" alt=\"\" class=\"wp-image-12553\" width=\"733\" height=\"488\" srcset=\"https:\/\/diarioprincipios.com\/wp-content\/uploads\/2022\/02\/MUSSI-ASISTIO-AL-CIERRE-DE-LAS-COLONIAS-MUNICIPALES-DE-VERANO-2022-1-1-1024x682.jpeg 1024w, https:\/\/diarioprincipios.com\/wp-content\/uploads\/2022\/02\/MUSSI-ASISTIO-AL-CIERRE-DE-LAS-COLONIAS-MUNICIPALES-DE-VERANO-2022-1-1-300x200.jpeg 300w, https:\/\/diarioprincipios.com\/wp-content\/uploads\/2022\/02\/MUSSI-ASISTIO-AL-CIERRE-DE-LAS-COLONIAS-MUNICIPALES-DE-VERANO-2022-1-1-768x512.jpeg 768w, https:\/\/diarioprincipios.com\/wp-content\/uploads\/2022\/02\/MUSSI-ASISTIO-AL-CIERRE-DE-LAS-COLONIAS-MUNICIPALES-DE-VERANO-2022-1-1.jpeg 1280w\" sizes=\"auto, (max-width: 733px) 100vw, 733px\" \/><\/figure>\n\n\n\n<p>En el cierre festivo, que cont\u00f3 con la amplia participaci\u00f3n de los colonos, autoridades municipales, docentes y coordinadores, Mar\u00eda Laura Lacava afirm\u00f3: \u201cLos concurrentes pudieron disfrutar de las actividades que organizamos con mucho entusiasmo y compromiso, porque sabemos que llegamos a muchos hogares de Berazategui, y los ni\u00f1os se van felices. La colonia este a\u00f1o explot\u00f3 de adolescentes y estamos muy contentos. Disfrutaron de este predio espectacular alrededor de 3000 personas. Los abuelos bailaron mucho y realizaron diferentes actividades recreativas. Todos los d\u00edas circularon por la ciudad 38 veh\u00edculos contratados por la Municipalidad para realizar de manera gratuita el servicio de traslado para los vecinos que asistieron\u201d.<\/p>\n\n\n\n<p>Adem\u00e1s, la Secretaria de Desarrollo Social y Comunitario destac\u00f3: \u201cSon muchos a\u00f1os de gesti\u00f3n mirando hacia todos los vecinos. Sentimos mucha satisfacci\u00f3n con este logro y con la mirada hacia lo que vamos a comenzar. Queremos retomar todas nuestras actividades, como la Colonia de Invierno, siempre con el objetivo de estar cerca, acompa\u00f1ar a nuestros adultos mayores, hacer posible que los ni\u00f1os disfruten de una pileta hermosa sin tener que pagar. Las acciones de gobierno del Municipio est\u00e1n dirigidas hacia todos y queremos que los vecinos de Berazategui las sigan disfrutando\u201d.<\/p>\n\n\n\n<p>La Colonia infantil y adolescente estuvo dividida en 3 contingentes (el primero, del&nbsp;3 al 14 de enero; el segundo, del 17 al 28 de enero; y el tercero, del 31 de enero al 11 de febrero). La Colonia para adultos mayores de 55 a\u00f1os, en tanto, cont\u00f3 con cerca de 1.500 concurrentes por semana (entre el 3 de enero y el 11 de febrero). Finalmente, la Colonia para personas con discapacidad -a partir de los 6 a\u00f1os- estuvo organizada en 2 contingentes de 21 d\u00edas cada uno (el primero, del 3 al 21 de enero; y el segundo, del 24 de enero al 11 de febrero) y cont\u00f3 con la participaci\u00f3n de 200 asistentes.<\/p>\n","protected":false},"excerpt":{"rendered":"<p>Cerca de 3 mil ni\u00f1os, ni\u00f1as, adolescentes, adultos mayores y personas con discapacidad fueron los protagonistas de la cl\u00e1sica temporada de la Colonia municipal de Verano en Berazategui. Fue organizada por la Secretar\u00eda de Desarrollo Social y Comunitario en el Complejo \u00abLos Privilegiados\u00bb, de manera gratuita. En el cierre de la temporada estuvo presente el&#8230;<\/p>\n","protected":false},"author":2,"featured_media":12554,"comment_status":"open","ping_status":"open","sticky":false,"template":"","format":"standard","meta":{"footnotes":""},"categories":[3],"tags":[],"class_list":["post-12552","post","type-post","status-publish","format-standard","has-post-thumbnail","hentry","category-berazategui"],"featured_image_src":"https:\/\/diarioprincipios.com\/wp-content\/uploads\/2022\/02\/MUSSI-ASISTIO-AL-CIERRE-DE-LAS-COLONIAS-MUNICIPALES-DE-VERANO-2022-2-1-1024x682.jpeg","blog_images":{"medium":"https:\/\/diarioprincipios.com\/wp-content\/uploads\/2022\/02\/MUSSI-ASISTIO-AL-CIERRE-DE-LAS-COLONIAS-MUNICIPALES-DE-VERANO-2022-2-1-300x200.jpeg","large":"https:\/\/diarioprincipios.com\/wp-content\/uploads\/2022\/02\/MUSSI-ASISTIO-AL-CIERRE-DE-LAS-COLONIAS-MUNICIPALES-DE-VERANO-2022-2-1-1024x682.jpeg"},"ams_acf":[],"yoast_head":"<!-- This site is optimized with the Yoast SEO plugin v27.3 - https:\/\/yoast.com\/product\/yoast-seo-wordpress\/ -->\n<title>Mussi asisti\u00f3 al cierre de las Colonias de Verano 2022 - Principios<\/title>\n<meta name=\"robots\" content=\"index, follow, max-snippet:-1, max-image-preview:large, max-video-preview:-1\" \/>\n<link rel=\"canonical\" href=\"https:\/\/diarioprincipios.com\/index.php\/2022\/02\/13\/mussi-asistio-al-cierre-de-las-colonias-de-verano-2022\/\" \/>\n<meta property=\"og:locale\" content=\"es_ES\" \/>\n<meta property=\"og:type\" content=\"article\" \/>\n<meta property=\"og:title\" content=\"Mussi asisti\u00f3 al cierre de las Colonias de Verano 2022 - Principios\" \/>\n<meta property=\"og:description\" content=\"Cerca de 3 mil ni\u00f1os, ni\u00f1as, adolescentes, adultos mayores y personas con discapacidad fueron los protagonistas de la cl\u00e1sica temporada de la Colonia municipal de Verano en Berazategui. Fue organizada por la Secretar\u00eda de Desarrollo Social y Comunitario en el Complejo \u00abLos Privilegiados\u00bb, de manera gratuita. En el cierre de la temporada estuvo presente el...\" \/>\n<meta property=\"og:url\" content=\"https:\/\/diarioprincipios.com\/index.php\/2022\/02\/13\/mussi-asistio-al-cierre-de-las-colonias-de-verano-2022\/\" \/>\n<meta property=\"og:site_name\" content=\"Principios\" \/>\n<meta property=\"article:published_time\" content=\"2022-02-14T01:35:19+00:00\" \/>\n<meta property=\"article:modified_time\" content=\"2022-02-14T01:35:22+00:00\" \/>\n<meta property=\"og:image\" content=\"https:\/\/diarioprincipios.com\/wp-content\/uploads\/2022\/02\/MUSSI-ASISTIO-AL-CIERRE-DE-LAS-COLONIAS-MUNICIPALES-DE-VERANO-2022-2-1.jpeg\" \/>\n\t<meta property=\"og:image:width\" content=\"1280\" \/>\n\t<meta property=\"og:image:height\" content=\"853\" \/>\n\t<meta property=\"og:image:type\" content=\"image\/jpeg\" \/>\n<meta name=\"author\" content=\"Hern\u00e1n L\u00f3pez\" \/>\n<meta name=\"twitter:card\" content=\"summary_large_image\" \/>\n<meta name=\"twitter:label1\" content=\"Escrito por\" \/>\n\t<meta name=\"twitter:data1\" content=\"Hern\u00e1n L\u00f3pez\" \/>\n\t<meta name=\"twitter:label2\" content=\"Tiempo de lectura\" \/>\n\t<meta name=\"twitter:data2\" content=\"3 minutos\" \/>\n<script type=\"application\/ld+json\" class=\"yoast-schema-graph\">{\"@context\":\"https:\\\/\\\/schema.org\",\"@graph\":[{\"@type\":\"Article\",\"@id\":\"https:\\\/\\\/diarioprincipios.com\\\/index.php\\\/2022\\\/02\\\/13\\\/mussi-asistio-al-cierre-de-las-colonias-de-verano-2022\\\/#article\",\"isPartOf\":{\"@id\":\"https:\\\/\\\/diarioprincipios.com\\\/index.php\\\/2022\\\/02\\\/13\\\/mussi-asistio-al-cierre-de-las-colonias-de-verano-2022\\\/\"},\"author\":{\"name\":\"Hern\u00e1n L\u00f3pez\",\"@id\":\"https:\\\/\\\/diarioprincipios.com\\\/#\\\/schema\\\/person\\\/436d5a1fd41a5e250e23ff5a6a7cb080\"},\"headline\":\"Mussi asisti\u00f3 al cierre de las Colonias de Verano 2022\",\"datePublished\":\"2022-02-14T01:35:19+00:00\",\"dateModified\":\"2022-02-14T01:35:22+00:00\",\"mainEntityOfPage\":{\"@id\":\"https:\\\/\\\/diarioprincipios.com\\\/index.php\\\/2022\\\/02\\\/13\\\/mussi-asistio-al-cierre-de-las-colonias-de-verano-2022\\\/\"},\"wordCount\":581,\"commentCount\":0,\"publisher\":{\"@id\":\"https:\\\/\\\/diarioprincipios.com\\\/#organization\"},\"image\":{\"@id\":\"https:\\\/\\\/diarioprincipios.com\\\/index.php\\\/2022\\\/02\\\/13\\\/mussi-asistio-al-cierre-de-las-colonias-de-verano-2022\\\/#primaryimage\"},\"thumbnailUrl\":\"https:\\\/\\\/diarioprincipios.com\\\/wp-content\\\/uploads\\\/2022\\\/02\\\/MUSSI-ASISTIO-AL-CIERRE-DE-LAS-COLONIAS-MUNICIPALES-DE-VERANO-2022-2-1.jpeg\",\"articleSection\":[\"Berazategui\"],\"inLanguage\":\"es\",\"potentialAction\":[{\"@type\":\"CommentAction\",\"name\":\"Comment\",\"target\":[\"https:\\\/\\\/diarioprincipios.com\\\/index.php\\\/2022\\\/02\\\/13\\\/mussi-asistio-al-cierre-de-las-colonias-de-verano-2022\\\/#respond\"]}]},{\"@type\":\"WebPage\",\"@id\":\"https:\\\/\\\/diarioprincipios.com\\\/index.php\\\/2022\\\/02\\\/13\\\/mussi-asistio-al-cierre-de-las-colonias-de-verano-2022\\\/\",\"url\":\"https:\\\/\\\/diarioprincipios.com\\\/index.php\\\/2022\\\/02\\\/13\\\/mussi-asistio-al-cierre-de-las-colonias-de-verano-2022\\\/\",\"name\":\"Mussi asisti\u00f3 al cierre de las Colonias de Verano 2022 - Principios\",\"isPartOf\":{\"@id\":\"https:\\\/\\\/diarioprincipios.com\\\/#website\"},\"primaryImageOfPage\":{\"@id\":\"https:\\\/\\\/diarioprincipios.com\\\/index.php\\\/2022\\\/02\\\/13\\\/mussi-asistio-al-cierre-de-las-colonias-de-verano-2022\\\/#primaryimage\"},\"image\":{\"@id\":\"https:\\\/\\\/diarioprincipios.com\\\/index.php\\\/2022\\\/02\\\/13\\\/mussi-asistio-al-cierre-de-las-colonias-de-verano-2022\\\/#primaryimage\"},\"thumbnailUrl\":\"https:\\\/\\\/diarioprincipios.com\\\/wp-content\\\/uploads\\\/2022\\\/02\\\/MUSSI-ASISTIO-AL-CIERRE-DE-LAS-COLONIAS-MUNICIPALES-DE-VERANO-2022-2-1.jpeg\",\"datePublished\":\"2022-02-14T01:35:19+00:00\",\"dateModified\":\"2022-02-14T01:35:22+00:00\",\"breadcrumb\":{\"@id\":\"https:\\\/\\\/diarioprincipios.com\\\/index.php\\\/2022\\\/02\\\/13\\\/mussi-asistio-al-cierre-de-las-colonias-de-verano-2022\\\/#breadcrumb\"},\"inLanguage\":\"es\",\"potentialAction\":[{\"@type\":\"ReadAction\",\"target\":[\"https:\\\/\\\/diarioprincipios.com\\\/index.php\\\/2022\\\/02\\\/13\\\/mussi-asistio-al-cierre-de-las-colonias-de-verano-2022\\\/\"]}]},{\"@type\":\"ImageObject\",\"inLanguage\":\"es\",\"@id\":\"https:\\\/\\\/diarioprincipios.com\\\/index.php\\\/2022\\\/02\\\/13\\\/mussi-asistio-al-cierre-de-las-colonias-de-verano-2022\\\/#primaryimage\",\"url\":\"https:\\\/\\\/diarioprincipios.com\\\/wp-content\\\/uploads\\\/2022\\\/02\\\/MUSSI-ASISTIO-AL-CIERRE-DE-LAS-COLONIAS-MUNICIPALES-DE-VERANO-2022-2-1.jpeg\",\"contentUrl\":\"https:\\\/\\\/diarioprincipios.com\\\/wp-content\\\/uploads\\\/2022\\\/02\\\/MUSSI-ASISTIO-AL-CIERRE-DE-LAS-COLONIAS-MUNICIPALES-DE-VERANO-2022-2-1.jpeg\",\"width\":1280,\"height\":853},{\"@type\":\"BreadcrumbList\",\"@id\":\"https:\\\/\\\/diarioprincipios.com\\\/index.php\\\/2022\\\/02\\\/13\\\/mussi-asistio-al-cierre-de-las-colonias-de-verano-2022\\\/#breadcrumb\",\"itemListElement\":[{\"@type\":\"ListItem\",\"position\":1,\"name\":\"Portada\",\"item\":\"https:\\\/\\\/diarioprincipios.com\\\/\"},{\"@type\":\"ListItem\",\"position\":2,\"name\":\"Mussi asisti\u00f3 al cierre de las Colonias de Verano 2022\"}]},{\"@type\":\"WebSite\",\"@id\":\"https:\\\/\\\/diarioprincipios.com\\\/#website\",\"url\":\"https:\\\/\\\/diarioprincipios.com\\\/\",\"name\":\"Principios\",\"description\":\"Principios Diario\",\"publisher\":{\"@id\":\"https:\\\/\\\/diarioprincipios.com\\\/#organization\"},\"potentialAction\":[{\"@type\":\"SearchAction\",\"target\":{\"@type\":\"EntryPoint\",\"urlTemplate\":\"https:\\\/\\\/diarioprincipios.com\\\/?s={search_term_string}\"},\"query-input\":{\"@type\":\"PropertyValueSpecification\",\"valueRequired\":true,\"valueName\":\"search_term_string\"}}],\"inLanguage\":\"es\"},{\"@type\":\"Organization\",\"@id\":\"https:\\\/\\\/diarioprincipios.com\\\/#organization\",\"name\":\"Principios\",\"url\":\"https:\\\/\\\/diarioprincipios.com\\\/\",\"logo\":{\"@type\":\"ImageObject\",\"inLanguage\":\"es\",\"@id\":\"https:\\\/\\\/diarioprincipios.com\\\/#\\\/schema\\\/logo\\\/image\\\/\",\"url\":\"https:\\\/\\\/diarioprincipios.com\\\/wp-content\\\/uploads\\\/2024\\\/04\\\/cropped-www.diarioprincipios.com_-1.png\",\"contentUrl\":\"https:\\\/\\\/diarioprincipios.com\\\/wp-content\\\/uploads\\\/2024\\\/04\\\/cropped-www.diarioprincipios.com_-1.png\",\"width\":5325,\"height\":1454,\"caption\":\"Principios\"},\"image\":{\"@id\":\"https:\\\/\\\/diarioprincipios.com\\\/#\\\/schema\\\/logo\\\/image\\\/\"}},{\"@type\":\"Person\",\"@id\":\"https:\\\/\\\/diarioprincipios.com\\\/#\\\/schema\\\/person\\\/436d5a1fd41a5e250e23ff5a6a7cb080\",\"name\":\"Hern\u00e1n L\u00f3pez\",\"image\":{\"@type\":\"ImageObject\",\"inLanguage\":\"es\",\"@id\":\"https:\\\/\\\/diarioprincipios.com\\\/wp-content\\\/litespeed\\\/avatar\\\/11ddfe5610ff3bd100522525b2571f48.jpg?ver=1777653193\",\"url\":\"https:\\\/\\\/diarioprincipios.com\\\/wp-content\\\/litespeed\\\/avatar\\\/11ddfe5610ff3bd100522525b2571f48.jpg?ver=1777653193\",\"contentUrl\":\"https:\\\/\\\/diarioprincipios.com\\\/wp-content\\\/litespeed\\\/avatar\\\/11ddfe5610ff3bd100522525b2571f48.jpg?ver=1777653193\",\"caption\":\"Hern\u00e1n L\u00f3pez\"},\"url\":\"https:\\\/\\\/diarioprincipios.com\\\/index.php\\\/author\\\/hernan\\\/\"}]}<\/script>\n<!-- \/ Yoast SEO plugin. -->","yoast_head_json":{"title":"Mussi asisti\u00f3 al cierre de las Colonias de Verano 2022 - Principios","robots":{"index":"index","follow":"follow","max-snippet":"max-snippet:-1","max-image-preview":"max-image-preview:large","max-video-preview":"max-video-preview:-1"},"canonical":"https:\/\/diarioprincipios.com\/index.php\/2022\/02\/13\/mussi-asistio-al-cierre-de-las-colonias-de-verano-2022\/","og_locale":"es_ES","og_type":"article","og_title":"Mussi asisti\u00f3 al cierre de las Colonias de Verano 2022 - Principios","og_description":"Cerca de 3 mil ni\u00f1os, ni\u00f1as, adolescentes, adultos mayores y personas con discapacidad fueron los protagonistas de la cl\u00e1sica temporada de la Colonia municipal de Verano en Berazategui. Fue organizada por la Secretar\u00eda de Desarrollo Social y Comunitario en el Complejo \u00abLos Privilegiados\u00bb, de manera gratuita. En el cierre de la temporada estuvo presente el...","og_url":"https:\/\/diarioprincipios.com\/index.php\/2022\/02\/13\/mussi-asistio-al-cierre-de-las-colonias-de-verano-2022\/","og_site_name":"Principios","article_published_time":"2022-02-14T01:35:19+00:00","article_modified_time":"2022-02-14T01:35:22+00:00","og_image":[{"width":1280,"height":853,"url":"https:\/\/diarioprincipios.com\/wp-content\/uploads\/2022\/02\/MUSSI-ASISTIO-AL-CIERRE-DE-LAS-COLONIAS-MUNICIPALES-DE-VERANO-2022-2-1.jpeg","type":"image\/jpeg"}],"author":"Hern\u00e1n L\u00f3pez","twitter_card":"summary_large_image","twitter_misc":{"Escrito por":"Hern\u00e1n L\u00f3pez","Tiempo de lectura":"3 minutos"},"schema":{"@context":"https:\/\/schema.org","@graph":[{"@type":"Article","@id":"https:\/\/diarioprincipios.com\/index.php\/2022\/02\/13\/mussi-asistio-al-cierre-de-las-colonias-de-verano-2022\/#article","isPartOf":{"@id":"https:\/\/diarioprincipios.com\/index.php\/2022\/02\/13\/mussi-asistio-al-cierre-de-las-colonias-de-verano-2022\/"},"author":{"name":"Hern\u00e1n L\u00f3pez","@id":"https:\/\/diarioprincipios.com\/#\/schema\/person\/436d5a1fd41a5e250e23ff5a6a7cb080"},"headline":"Mussi asisti\u00f3 al cierre de las Colonias de Verano 2022","datePublished":"2022-02-14T01:35:19+00:00","dateModified":"2022-02-14T01:35:22+00:00","mainEntityOfPage":{"@id":"https:\/\/diarioprincipios.com\/index.php\/2022\/02\/13\/mussi-asistio-al-cierre-de-las-colonias-de-verano-2022\/"},"wordCount":581,"commentCount":0,"publisher":{"@id":"https:\/\/diarioprincipios.com\/#organization"},"image":{"@id":"https:\/\/diarioprincipios.com\/index.php\/2022\/02\/13\/mussi-asistio-al-cierre-de-las-colonias-de-verano-2022\/#primaryimage"},"thumbnailUrl":"https:\/\/diarioprincipios.com\/wp-content\/uploads\/2022\/02\/MUSSI-ASISTIO-AL-CIERRE-DE-LAS-COLONIAS-MUNICIPALES-DE-VERANO-2022-2-1.jpeg","articleSection":["Berazategui"],"inLanguage":"es","potentialAction":[{"@type":"CommentAction","name":"Comment","target":["https:\/\/diarioprincipios.com\/index.php\/2022\/02\/13\/mussi-asistio-al-cierre-de-las-colonias-de-verano-2022\/#respond"]}]},{"@type":"WebPage","@id":"https:\/\/diarioprincipios.com\/index.php\/2022\/02\/13\/mussi-asistio-al-cierre-de-las-colonias-de-verano-2022\/","url":"https:\/\/diarioprincipios.com\/index.php\/2022\/02\/13\/mussi-asistio-al-cierre-de-las-colonias-de-verano-2022\/","name":"Mussi asisti\u00f3 al cierre de las Colonias de Verano 2022 - Principios","isPartOf":{"@id":"https:\/\/diarioprincipios.com\/#website"},"primaryImageOfPage":{"@id":"https:\/\/diarioprincipios.com\/index.php\/2022\/02\/13\/mussi-asistio-al-cierre-de-las-colonias-de-verano-2022\/#primaryimage"},"image":{"@id":"https:\/\/diarioprincipios.com\/index.php\/2022\/02\/13\/mussi-asistio-al-cierre-de-las-colonias-de-verano-2022\/#primaryimage"},"thumbnailUrl":"https:\/\/diarioprincipios.com\/wp-content\/uploads\/2022\/02\/MUSSI-ASISTIO-AL-CIERRE-DE-LAS-COLONIAS-MUNICIPALES-DE-VERANO-2022-2-1.jpeg","datePublished":"2022-02-14T01:35:19+00:00","dateModified":"2022-02-14T01:35:22+00:00","breadcrumb":{"@id":"https:\/\/diarioprincipios.com\/index.php\/2022\/02\/13\/mussi-asistio-al-cierre-de-las-colonias-de-verano-2022\/#breadcrumb"},"inLanguage":"es","potentialAction":[{"@type":"ReadAction","target":["https:\/\/diarioprincipios.com\/index.php\/2022\/02\/13\/mussi-asistio-al-cierre-de-las-colonias-de-verano-2022\/"]}]},{"@type":"ImageObject","inLanguage":"es","@id":"https:\/\/diarioprincipios.com\/index.php\/2022\/02\/13\/mussi-asistio-al-cierre-de-las-colonias-de-verano-2022\/#primaryimage","url":"https:\/\/diarioprincipios.com\/wp-content\/uploads\/2022\/02\/MUSSI-ASISTIO-AL-CIERRE-DE-LAS-COLONIAS-MUNICIPALES-DE-VERANO-2022-2-1.jpeg","contentUrl":"https:\/\/diarioprincipios.com\/wp-content\/uploads\/2022\/02\/MUSSI-ASISTIO-AL-CIERRE-DE-LAS-COLONIAS-MUNICIPALES-DE-VERANO-2022-2-1.jpeg","width":1280,"height":853},{"@type":"BreadcrumbList","@id":"https:\/\/diarioprincipios.com\/index.php\/2022\/02\/13\/mussi-asistio-al-cierre-de-las-colonias-de-verano-2022\/#breadcrumb","itemListElement":[{"@type":"ListItem","position":1,"name":"Portada","item":"https:\/\/diarioprincipios.com\/"},{"@type":"ListItem","position":2,"name":"Mussi asisti\u00f3 al cierre de las Colonias de Verano 2022"}]},{"@type":"WebSite","@id":"https:\/\/diarioprincipios.com\/#website","url":"https:\/\/diarioprincipios.com\/","name":"Principios","description":"Principios Diario","publisher":{"@id":"https:\/\/diarioprincipios.com\/#organization"},"potentialAction":[{"@type":"SearchAction","target":{"@type":"EntryPoint","urlTemplate":"https:\/\/diarioprincipios.com\/?s={search_term_string}"},"query-input":{"@type":"PropertyValueSpecification","valueRequired":true,"valueName":"search_term_string"}}],"inLanguage":"es"},{"@type":"Organization","@id":"https:\/\/diarioprincipios.com\/#organization","name":"Principios","url":"https:\/\/diarioprincipios.com\/","logo":{"@type":"ImageObject","inLanguage":"es","@id":"https:\/\/diarioprincipios.com\/#\/schema\/logo\/image\/","url":"https:\/\/diarioprincipios.com\/wp-content\/uploads\/2024\/04\/cropped-www.diarioprincipios.com_-1.png","contentUrl":"https:\/\/diarioprincipios.com\/wp-content\/uploads\/2024\/04\/cropped-www.diarioprincipios.com_-1.png","width":5325,"height":1454,"caption":"Principios"},"image":{"@id":"https:\/\/diarioprincipios.com\/#\/schema\/logo\/image\/"}},{"@type":"Person","@id":"https:\/\/diarioprincipios.com\/#\/schema\/person\/436d5a1fd41a5e250e23ff5a6a7cb080","name":"Hern\u00e1n L\u00f3pez","image":{"@type":"ImageObject","inLanguage":"es","@id":"https:\/\/diarioprincipios.com\/wp-content\/litespeed\/avatar\/11ddfe5610ff3bd100522525b2571f48.jpg?ver=1777653193","url":"https:\/\/diarioprincipios.com\/wp-content\/litespeed\/avatar\/11ddfe5610ff3bd100522525b2571f48.jpg?ver=1777653193","contentUrl":"https:\/\/diarioprincipios.com\/wp-content\/litespeed\/avatar\/11ddfe5610ff3bd100522525b2571f48.jpg?ver=1777653193","caption":"Hern\u00e1n L\u00f3pez"},"url":"https:\/\/diarioprincipios.com\/index.php\/author\/hernan\/"}]}},"jetpack_featured_media_url":"https:\/\/diarioprincipios.com\/wp-content\/uploads\/2022\/02\/MUSSI-ASISTIO-AL-CIERRE-DE-LAS-COLONIAS-MUNICIPALES-DE-VERANO-2022-2-1.jpeg","_links":{"self":[{"href":"https:\/\/diarioprincipios.com\/index.php\/wp-json\/wp\/v2\/posts\/12552","targetHints":{"allow":["GET"]}}],"collection":[{"href":"https:\/\/diarioprincipios.com\/index.php\/wp-json\/wp\/v2\/posts"}],"about":[{"href":"https:\/\/diarioprincipios.com\/index.php\/wp-json\/wp\/v2\/types\/post"}],"author":[{"embeddable":true,"href":"https:\/\/diarioprincipios.com\/index.php\/wp-json\/wp\/v2\/users\/2"}],"replies":[{"embeddable":true,"href":"https:\/\/diarioprincipios.com\/index.php\/wp-json\/wp\/v2\/comments?post=12552"}],"version-history":[{"count":1,"href":"https:\/\/diarioprincipios.com\/index.php\/wp-json\/wp\/v2\/posts\/12552\/revisions"}],"predecessor-version":[{"id":12555,"href":"https:\/\/diarioprincipios.com\/index.php\/wp-json\/wp\/v2\/posts\/12552\/revisions\/12555"}],"wp:featuredmedia":[{"embeddable":true,"href":"https:\/\/diarioprincipios.com\/index.php\/wp-json\/wp\/v2\/media\/12554"}],"wp:attachment":[{"href":"https:\/\/diarioprincipios.com\/index.php\/wp-json\/wp\/v2\/media?parent=12552"}],"wp:term":[{"taxonomy":"category","embeddable":true,"href":"https:\/\/diarioprincipios.com\/index.php\/wp-json\/wp\/v2\/categories?post=12552"},{"taxonomy":"post_tag","embeddable":true,"href":"https:\/\/diarioprincipios.com\/index.php\/wp-json\/wp\/v2\/tags?post=12552"}],"curies":[{"name":"wp","href":"https:\/\/api.w.org\/{rel}","templated":true}]}}