{"id":12546,"date":"2022-02-12T21:15:06","date_gmt":"2022-02-13T00:15:06","guid":{"rendered":"http:\/\/diarioprincipios.com\/?p=12546"},"modified":"2022-02-12T21:16:36","modified_gmt":"2022-02-13T00:16:36","slug":"nuevo-polo-tecnologico-para-seguir-impulsando-el-desarrollo-productivo","status":"publish","type":"post","link":"https:\/\/diarioprincipios.com\/index.php\/2022\/02\/12\/nuevo-polo-tecnologico-para-seguir-impulsando-el-desarrollo-productivo\/","title":{"rendered":"Nuevo Polo Tecnol\u00f3gico para seguir impulsando el desarrollo productivo"},"content":{"rendered":"\n<p><strong>La Municipalidad de Berazategui, gestionada por Juan Jos\u00e9 Mussi, contin\u00faa haciendo foco en la generaci\u00f3n de pol\u00edticas p\u00fablicas que habiliten el desarrollo productivo de la ciudad. Es as\u00ed que se encuentran en funcionamiento 12 parques y miniparques industriales y, desde el a\u00f1o pasado, el Municipio impulsa un r\u00e9gimen de promoci\u00f3n industrial que promueve el desarrollo econ\u00f3mico de la ciudad.<br><\/strong><br>Juan Manuel Parra, secretario de Trabajo, destac\u00f3: \u201cEl distrito cuenta con 12 parques industriales y recientemente inauguramos otro, industrial y tecnol\u00f3gico. Nuestro objetivo es enfocarnos en este sector, que est\u00e1 generando cada vez m\u00e1s mano de obra en el pa\u00eds; y sectorizarlo, dada su heterogeneidad. Tal como se hizo con el Polo Maderero, clasificarlo en rubros hace que se dinamice mucho m\u00e1s la cadena de valor y que la generaci\u00f3n de puestos de trabajo sea m\u00e1s r\u00e1pida y mayor\u201d.<\/p>\n\n\n\n<p>Asimismo, desde el a\u00f1o pasado, el Municipio impulsa un r\u00e9gimen de promoci\u00f3n industrial que promueve el desarrollo econ\u00f3mico de la ciudad. \u201cLo actualizamos con la generaci\u00f3n de beneficios fiscales para las nuevas empresas que se radiquen en Berazategui. Esta eximici\u00f3n de tasas establecida mediante una Ordenanza Municipal se fue organizando en bloques. Sumamos como requisitos la aplicaci\u00f3n de programas de mitigaci\u00f3n del impacto ambiental, la contrataci\u00f3n de cupo femenino, integrar la cadena de valor a nivel local y ser exportadores. Trabajamos en estos aspectos gracias al Observatorio Productivo Local de la Municipalidad, que nos provee datos estad\u00edsticos del sector industrial\u201d, explica el Secretario.&nbsp;<\/p>\n\n\n\n<p>Finalmente, Parra destac\u00f3: \u201cSabemos que somos muy pocos los Municipios que contamos con esta Ordenanza y hemos logrado que sea muy abarcativa, ya que en nuestro caso no solo apuntamos a fortalecer la contrataci\u00f3n de empleados a nivel local sino tambi\u00e9n a mitigar otras necesidades\u201d.<\/p>\n","protected":false},"excerpt":{"rendered":"<p>La Municipalidad de Berazategui, gestionada por Juan Jos\u00e9 Mussi, contin\u00faa haciendo foco en la generaci\u00f3n de pol\u00edticas p\u00fablicas que habiliten el desarrollo productivo de la ciudad. Es as\u00ed que se encuentran en funcionamiento 12 parques y miniparques industriales y, desde el a\u00f1o pasado, el Municipio impulsa un r\u00e9gimen de promoci\u00f3n industrial que promueve el desarrollo&#8230;<\/p>\n","protected":false},"author":2,"featured_media":12547,"comment_status":"open","ping_status":"open","sticky":false,"template":"","format":"standard","meta":{"footnotes":""},"categories":[3],"tags":[],"class_list":["post-12546","post","type-post","status-publish","format-standard","has-post-thumbnail","hentry","category-berazategui"],"featured_image_src":"https:\/\/diarioprincipios.com\/wp-content\/uploads\/2022\/02\/BERAZATEGUI-SIGUE-IMPULSANDO-POLITICAS-DE-DESARROLLO-INDUSTRIAL-Y-PRODUCTIVO-3-1024x576.jpeg","blog_images":{"medium":"https:\/\/diarioprincipios.com\/wp-content\/uploads\/2022\/02\/BERAZATEGUI-SIGUE-IMPULSANDO-POLITICAS-DE-DESARROLLO-INDUSTRIAL-Y-PRODUCTIVO-3-300x169.jpeg","large":"https:\/\/diarioprincipios.com\/wp-content\/uploads\/2022\/02\/BERAZATEGUI-SIGUE-IMPULSANDO-POLITICAS-DE-DESARROLLO-INDUSTRIAL-Y-PRODUCTIVO-3-1024x576.jpeg"},"ams_acf":[],"yoast_head":"<!-- This site is optimized with the Yoast SEO plugin v27.3 - https:\/\/yoast.com\/product\/yoast-seo-wordpress\/ -->\n<title>Nuevo Polo Tecnol\u00f3gico para seguir impulsando el desarrollo productivo - Principios<\/title>\n<meta name=\"robots\" content=\"index, follow, max-snippet:-1, max-image-preview:large, max-video-preview:-1\" \/>\n<link rel=\"canonical\" href=\"https:\/\/diarioprincipios.com\/index.php\/2022\/02\/12\/nuevo-polo-tecnologico-para-seguir-impulsando-el-desarrollo-productivo\/\" \/>\n<meta property=\"og:locale\" content=\"es_ES\" \/>\n<meta property=\"og:type\" content=\"article\" \/>\n<meta property=\"og:title\" content=\"Nuevo Polo Tecnol\u00f3gico para seguir impulsando el desarrollo productivo - Principios\" \/>\n<meta property=\"og:description\" content=\"La Municipalidad de Berazategui, gestionada por Juan Jos\u00e9 Mussi, contin\u00faa haciendo foco en la generaci\u00f3n de pol\u00edticas p\u00fablicas que habiliten el desarrollo productivo de la ciudad. Es as\u00ed que se encuentran en funcionamiento 12 parques y miniparques industriales y, desde el a\u00f1o pasado, el Municipio impulsa un r\u00e9gimen de promoci\u00f3n industrial que promueve el desarrollo...\" \/>\n<meta property=\"og:url\" content=\"https:\/\/diarioprincipios.com\/index.php\/2022\/02\/12\/nuevo-polo-tecnologico-para-seguir-impulsando-el-desarrollo-productivo\/\" \/>\n<meta property=\"og:site_name\" content=\"Principios\" \/>\n<meta property=\"article:published_time\" content=\"2022-02-13T00:15:06+00:00\" \/>\n<meta property=\"article:modified_time\" content=\"2022-02-13T00:16:36+00:00\" \/>\n<meta property=\"og:image\" content=\"https:\/\/diarioprincipios.com\/wp-content\/uploads\/2022\/02\/BERAZATEGUI-SIGUE-IMPULSANDO-POLITICAS-DE-DESARROLLO-INDUSTRIAL-Y-PRODUCTIVO-3.jpeg\" \/>\n\t<meta property=\"og:image:width\" content=\"1280\" \/>\n\t<meta property=\"og:image:height\" content=\"720\" \/>\n\t<meta property=\"og:image:type\" content=\"image\/jpeg\" \/>\n<meta name=\"author\" content=\"Hern\u00e1n L\u00f3pez\" \/>\n<meta name=\"twitter:card\" content=\"summary_large_image\" \/>\n<meta name=\"twitter:label1\" content=\"Escrito por\" \/>\n\t<meta name=\"twitter:data1\" content=\"Hern\u00e1n L\u00f3pez\" \/>\n\t<meta name=\"twitter:label2\" content=\"Tiempo de lectura\" \/>\n\t<meta name=\"twitter:data2\" content=\"2 minutos\" \/>\n<script type=\"application\/ld+json\" class=\"yoast-schema-graph\">{\"@context\":\"https:\\\/\\\/schema.org\",\"@graph\":[{\"@type\":\"Article\",\"@id\":\"https:\\\/\\\/diarioprincipios.com\\\/index.php\\\/2022\\\/02\\\/12\\\/nuevo-polo-tecnologico-para-seguir-impulsando-el-desarrollo-productivo\\\/#article\",\"isPartOf\":{\"@id\":\"https:\\\/\\\/diarioprincipios.com\\\/index.php\\\/2022\\\/02\\\/12\\\/nuevo-polo-tecnologico-para-seguir-impulsando-el-desarrollo-productivo\\\/\"},\"author\":{\"name\":\"Hern\u00e1n L\u00f3pez\",\"@id\":\"https:\\\/\\\/diarioprincipios.com\\\/#\\\/schema\\\/person\\\/436d5a1fd41a5e250e23ff5a6a7cb080\"},\"headline\":\"Nuevo Polo Tecnol\u00f3gico para seguir impulsando el desarrollo productivo\",\"datePublished\":\"2022-02-13T00:15:06+00:00\",\"dateModified\":\"2022-02-13T00:16:36+00:00\",\"mainEntityOfPage\":{\"@id\":\"https:\\\/\\\/diarioprincipios.com\\\/index.php\\\/2022\\\/02\\\/12\\\/nuevo-polo-tecnologico-para-seguir-impulsando-el-desarrollo-productivo\\\/\"},\"wordCount\":322,\"commentCount\":0,\"publisher\":{\"@id\":\"https:\\\/\\\/diarioprincipios.com\\\/#organization\"},\"image\":{\"@id\":\"https:\\\/\\\/diarioprincipios.com\\\/index.php\\\/2022\\\/02\\\/12\\\/nuevo-polo-tecnologico-para-seguir-impulsando-el-desarrollo-productivo\\\/#primaryimage\"},\"thumbnailUrl\":\"https:\\\/\\\/diarioprincipios.com\\\/wp-content\\\/uploads\\\/2022\\\/02\\\/BERAZATEGUI-SIGUE-IMPULSANDO-POLITICAS-DE-DESARROLLO-INDUSTRIAL-Y-PRODUCTIVO-3.jpeg\",\"articleSection\":[\"Berazategui\"],\"inLanguage\":\"es\",\"potentialAction\":[{\"@type\":\"CommentAction\",\"name\":\"Comment\",\"target\":[\"https:\\\/\\\/diarioprincipios.com\\\/index.php\\\/2022\\\/02\\\/12\\\/nuevo-polo-tecnologico-para-seguir-impulsando-el-desarrollo-productivo\\\/#respond\"]}]},{\"@type\":\"WebPage\",\"@id\":\"https:\\\/\\\/diarioprincipios.com\\\/index.php\\\/2022\\\/02\\\/12\\\/nuevo-polo-tecnologico-para-seguir-impulsando-el-desarrollo-productivo\\\/\",\"url\":\"https:\\\/\\\/diarioprincipios.com\\\/index.php\\\/2022\\\/02\\\/12\\\/nuevo-polo-tecnologico-para-seguir-impulsando-el-desarrollo-productivo\\\/\",\"name\":\"Nuevo Polo Tecnol\u00f3gico para seguir impulsando el desarrollo productivo - Principios\",\"isPartOf\":{\"@id\":\"https:\\\/\\\/diarioprincipios.com\\\/#website\"},\"primaryImageOfPage\":{\"@id\":\"https:\\\/\\\/diarioprincipios.com\\\/index.php\\\/2022\\\/02\\\/12\\\/nuevo-polo-tecnologico-para-seguir-impulsando-el-desarrollo-productivo\\\/#primaryimage\"},\"image\":{\"@id\":\"https:\\\/\\\/diarioprincipios.com\\\/index.php\\\/2022\\\/02\\\/12\\\/nuevo-polo-tecnologico-para-seguir-impulsando-el-desarrollo-productivo\\\/#primaryimage\"},\"thumbnailUrl\":\"https:\\\/\\\/diarioprincipios.com\\\/wp-content\\\/uploads\\\/2022\\\/02\\\/BERAZATEGUI-SIGUE-IMPULSANDO-POLITICAS-DE-DESARROLLO-INDUSTRIAL-Y-PRODUCTIVO-3.jpeg\",\"datePublished\":\"2022-02-13T00:15:06+00:00\",\"dateModified\":\"2022-02-13T00:16:36+00:00\",\"breadcrumb\":{\"@id\":\"https:\\\/\\\/diarioprincipios.com\\\/index.php\\\/2022\\\/02\\\/12\\\/nuevo-polo-tecnologico-para-seguir-impulsando-el-desarrollo-productivo\\\/#breadcrumb\"},\"inLanguage\":\"es\",\"potentialAction\":[{\"@type\":\"ReadAction\",\"target\":[\"https:\\\/\\\/diarioprincipios.com\\\/index.php\\\/2022\\\/02\\\/12\\\/nuevo-polo-tecnologico-para-seguir-impulsando-el-desarrollo-productivo\\\/\"]}]},{\"@type\":\"ImageObject\",\"inLanguage\":\"es\",\"@id\":\"https:\\\/\\\/diarioprincipios.com\\\/index.php\\\/2022\\\/02\\\/12\\\/nuevo-polo-tecnologico-para-seguir-impulsando-el-desarrollo-productivo\\\/#primaryimage\",\"url\":\"https:\\\/\\\/diarioprincipios.com\\\/wp-content\\\/uploads\\\/2022\\\/02\\\/BERAZATEGUI-SIGUE-IMPULSANDO-POLITICAS-DE-DESARROLLO-INDUSTRIAL-Y-PRODUCTIVO-3.jpeg\",\"contentUrl\":\"https:\\\/\\\/diarioprincipios.com\\\/wp-content\\\/uploads\\\/2022\\\/02\\\/BERAZATEGUI-SIGUE-IMPULSANDO-POLITICAS-DE-DESARROLLO-INDUSTRIAL-Y-PRODUCTIVO-3.jpeg\",\"width\":1280,\"height\":720},{\"@type\":\"BreadcrumbList\",\"@id\":\"https:\\\/\\\/diarioprincipios.com\\\/index.php\\\/2022\\\/02\\\/12\\\/nuevo-polo-tecnologico-para-seguir-impulsando-el-desarrollo-productivo\\\/#breadcrumb\",\"itemListElement\":[{\"@type\":\"ListItem\",\"position\":1,\"name\":\"Portada\",\"item\":\"https:\\\/\\\/diarioprincipios.com\\\/\"},{\"@type\":\"ListItem\",\"position\":2,\"name\":\"Nuevo Polo Tecnol\u00f3gico para seguir impulsando el desarrollo productivo\"}]},{\"@type\":\"WebSite\",\"@id\":\"https:\\\/\\\/diarioprincipios.com\\\/#website\",\"url\":\"https:\\\/\\\/diarioprincipios.com\\\/\",\"name\":\"Principios\",\"description\":\"Principios Diario\",\"publisher\":{\"@id\":\"https:\\\/\\\/diarioprincipios.com\\\/#organization\"},\"potentialAction\":[{\"@type\":\"SearchAction\",\"target\":{\"@type\":\"EntryPoint\",\"urlTemplate\":\"https:\\\/\\\/diarioprincipios.com\\\/?s={search_term_string}\"},\"query-input\":{\"@type\":\"PropertyValueSpecification\",\"valueRequired\":true,\"valueName\":\"search_term_string\"}}],\"inLanguage\":\"es\"},{\"@type\":\"Organization\",\"@id\":\"https:\\\/\\\/diarioprincipios.com\\\/#organization\",\"name\":\"Principios\",\"url\":\"https:\\\/\\\/diarioprincipios.com\\\/\",\"logo\":{\"@type\":\"ImageObject\",\"inLanguage\":\"es\",\"@id\":\"https:\\\/\\\/diarioprincipios.com\\\/#\\\/schema\\\/logo\\\/image\\\/\",\"url\":\"https:\\\/\\\/diarioprincipios.com\\\/wp-content\\\/uploads\\\/2024\\\/04\\\/cropped-www.diarioprincipios.com_-1.png\",\"contentUrl\":\"https:\\\/\\\/diarioprincipios.com\\\/wp-content\\\/uploads\\\/2024\\\/04\\\/cropped-www.diarioprincipios.com_-1.png\",\"width\":5325,\"height\":1454,\"caption\":\"Principios\"},\"image\":{\"@id\":\"https:\\\/\\\/diarioprincipios.com\\\/#\\\/schema\\\/logo\\\/image\\\/\"}},{\"@type\":\"Person\",\"@id\":\"https:\\\/\\\/diarioprincipios.com\\\/#\\\/schema\\\/person\\\/436d5a1fd41a5e250e23ff5a6a7cb080\",\"name\":\"Hern\u00e1n L\u00f3pez\",\"image\":{\"@type\":\"ImageObject\",\"inLanguage\":\"es\",\"@id\":\"https:\\\/\\\/diarioprincipios.com\\\/wp-content\\\/litespeed\\\/avatar\\\/11ddfe5610ff3bd100522525b2571f48.jpg?ver=1777653193\",\"url\":\"https:\\\/\\\/diarioprincipios.com\\\/wp-content\\\/litespeed\\\/avatar\\\/11ddfe5610ff3bd100522525b2571f48.jpg?ver=1777653193\",\"contentUrl\":\"https:\\\/\\\/diarioprincipios.com\\\/wp-content\\\/litespeed\\\/avatar\\\/11ddfe5610ff3bd100522525b2571f48.jpg?ver=1777653193\",\"caption\":\"Hern\u00e1n L\u00f3pez\"},\"url\":\"https:\\\/\\\/diarioprincipios.com\\\/index.php\\\/author\\\/hernan\\\/\"}]}<\/script>\n<!-- \/ Yoast SEO plugin. -->","yoast_head_json":{"title":"Nuevo Polo Tecnol\u00f3gico para seguir impulsando el desarrollo productivo - Principios","robots":{"index":"index","follow":"follow","max-snippet":"max-snippet:-1","max-image-preview":"max-image-preview:large","max-video-preview":"max-video-preview:-1"},"canonical":"https:\/\/diarioprincipios.com\/index.php\/2022\/02\/12\/nuevo-polo-tecnologico-para-seguir-impulsando-el-desarrollo-productivo\/","og_locale":"es_ES","og_type":"article","og_title":"Nuevo Polo Tecnol\u00f3gico para seguir impulsando el desarrollo productivo - Principios","og_description":"La Municipalidad de Berazategui, gestionada por Juan Jos\u00e9 Mussi, contin\u00faa haciendo foco en la generaci\u00f3n de pol\u00edticas p\u00fablicas que habiliten el desarrollo productivo de la ciudad. Es as\u00ed que se encuentran en funcionamiento 12 parques y miniparques industriales y, desde el a\u00f1o pasado, el Municipio impulsa un r\u00e9gimen de promoci\u00f3n industrial que promueve el desarrollo...","og_url":"https:\/\/diarioprincipios.com\/index.php\/2022\/02\/12\/nuevo-polo-tecnologico-para-seguir-impulsando-el-desarrollo-productivo\/","og_site_name":"Principios","article_published_time":"2022-02-13T00:15:06+00:00","article_modified_time":"2022-02-13T00:16:36+00:00","og_image":[{"width":1280,"height":720,"url":"https:\/\/diarioprincipios.com\/wp-content\/uploads\/2022\/02\/BERAZATEGUI-SIGUE-IMPULSANDO-POLITICAS-DE-DESARROLLO-INDUSTRIAL-Y-PRODUCTIVO-3.jpeg","type":"image\/jpeg"}],"author":"Hern\u00e1n L\u00f3pez","twitter_card":"summary_large_image","twitter_misc":{"Escrito por":"Hern\u00e1n L\u00f3pez","Tiempo de lectura":"2 minutos"},"schema":{"@context":"https:\/\/schema.org","@graph":[{"@type":"Article","@id":"https:\/\/diarioprincipios.com\/index.php\/2022\/02\/12\/nuevo-polo-tecnologico-para-seguir-impulsando-el-desarrollo-productivo\/#article","isPartOf":{"@id":"https:\/\/diarioprincipios.com\/index.php\/2022\/02\/12\/nuevo-polo-tecnologico-para-seguir-impulsando-el-desarrollo-productivo\/"},"author":{"name":"Hern\u00e1n L\u00f3pez","@id":"https:\/\/diarioprincipios.com\/#\/schema\/person\/436d5a1fd41a5e250e23ff5a6a7cb080"},"headline":"Nuevo Polo Tecnol\u00f3gico para seguir impulsando el desarrollo productivo","datePublished":"2022-02-13T00:15:06+00:00","dateModified":"2022-02-13T00:16:36+00:00","mainEntityOfPage":{"@id":"https:\/\/diarioprincipios.com\/index.php\/2022\/02\/12\/nuevo-polo-tecnologico-para-seguir-impulsando-el-desarrollo-productivo\/"},"wordCount":322,"commentCount":0,"publisher":{"@id":"https:\/\/diarioprincipios.com\/#organization"},"image":{"@id":"https:\/\/diarioprincipios.com\/index.php\/2022\/02\/12\/nuevo-polo-tecnologico-para-seguir-impulsando-el-desarrollo-productivo\/#primaryimage"},"thumbnailUrl":"https:\/\/diarioprincipios.com\/wp-content\/uploads\/2022\/02\/BERAZATEGUI-SIGUE-IMPULSANDO-POLITICAS-DE-DESARROLLO-INDUSTRIAL-Y-PRODUCTIVO-3.jpeg","articleSection":["Berazategui"],"inLanguage":"es","potentialAction":[{"@type":"CommentAction","name":"Comment","target":["https:\/\/diarioprincipios.com\/index.php\/2022\/02\/12\/nuevo-polo-tecnologico-para-seguir-impulsando-el-desarrollo-productivo\/#respond"]}]},{"@type":"WebPage","@id":"https:\/\/diarioprincipios.com\/index.php\/2022\/02\/12\/nuevo-polo-tecnologico-para-seguir-impulsando-el-desarrollo-productivo\/","url":"https:\/\/diarioprincipios.com\/index.php\/2022\/02\/12\/nuevo-polo-tecnologico-para-seguir-impulsando-el-desarrollo-productivo\/","name":"Nuevo Polo Tecnol\u00f3gico para seguir impulsando el desarrollo productivo - Principios","isPartOf":{"@id":"https:\/\/diarioprincipios.com\/#website"},"primaryImageOfPage":{"@id":"https:\/\/diarioprincipios.com\/index.php\/2022\/02\/12\/nuevo-polo-tecnologico-para-seguir-impulsando-el-desarrollo-productivo\/#primaryimage"},"image":{"@id":"https:\/\/diarioprincipios.com\/index.php\/2022\/02\/12\/nuevo-polo-tecnologico-para-seguir-impulsando-el-desarrollo-productivo\/#primaryimage"},"thumbnailUrl":"https:\/\/diarioprincipios.com\/wp-content\/uploads\/2022\/02\/BERAZATEGUI-SIGUE-IMPULSANDO-POLITICAS-DE-DESARROLLO-INDUSTRIAL-Y-PRODUCTIVO-3.jpeg","datePublished":"2022-02-13T00:15:06+00:00","dateModified":"2022-02-13T00:16:36+00:00","breadcrumb":{"@id":"https:\/\/diarioprincipios.com\/index.php\/2022\/02\/12\/nuevo-polo-tecnologico-para-seguir-impulsando-el-desarrollo-productivo\/#breadcrumb"},"inLanguage":"es","potentialAction":[{"@type":"ReadAction","target":["https:\/\/diarioprincipios.com\/index.php\/2022\/02\/12\/nuevo-polo-tecnologico-para-seguir-impulsando-el-desarrollo-productivo\/"]}]},{"@type":"ImageObject","inLanguage":"es","@id":"https:\/\/diarioprincipios.com\/index.php\/2022\/02\/12\/nuevo-polo-tecnologico-para-seguir-impulsando-el-desarrollo-productivo\/#primaryimage","url":"https:\/\/diarioprincipios.com\/wp-content\/uploads\/2022\/02\/BERAZATEGUI-SIGUE-IMPULSANDO-POLITICAS-DE-DESARROLLO-INDUSTRIAL-Y-PRODUCTIVO-3.jpeg","contentUrl":"https:\/\/diarioprincipios.com\/wp-content\/uploads\/2022\/02\/BERAZATEGUI-SIGUE-IMPULSANDO-POLITICAS-DE-DESARROLLO-INDUSTRIAL-Y-PRODUCTIVO-3.jpeg","width":1280,"height":720},{"@type":"BreadcrumbList","@id":"https:\/\/diarioprincipios.com\/index.php\/2022\/02\/12\/nuevo-polo-tecnologico-para-seguir-impulsando-el-desarrollo-productivo\/#breadcrumb","itemListElement":[{"@type":"ListItem","position":1,"name":"Portada","item":"https:\/\/diarioprincipios.com\/"},{"@type":"ListItem","position":2,"name":"Nuevo Polo Tecnol\u00f3gico para seguir impulsando el desarrollo productivo"}]},{"@type":"WebSite","@id":"https:\/\/diarioprincipios.com\/#website","url":"https:\/\/diarioprincipios.com\/","name":"Principios","description":"Principios Diario","publisher":{"@id":"https:\/\/diarioprincipios.com\/#organization"},"potentialAction":[{"@type":"SearchAction","target":{"@type":"EntryPoint","urlTemplate":"https:\/\/diarioprincipios.com\/?s={search_term_string}"},"query-input":{"@type":"PropertyValueSpecification","valueRequired":true,"valueName":"search_term_string"}}],"inLanguage":"es"},{"@type":"Organization","@id":"https:\/\/diarioprincipios.com\/#organization","name":"Principios","url":"https:\/\/diarioprincipios.com\/","logo":{"@type":"ImageObject","inLanguage":"es","@id":"https:\/\/diarioprincipios.com\/#\/schema\/logo\/image\/","url":"https:\/\/diarioprincipios.com\/wp-content\/uploads\/2024\/04\/cropped-www.diarioprincipios.com_-1.png","contentUrl":"https:\/\/diarioprincipios.com\/wp-content\/uploads\/2024\/04\/cropped-www.diarioprincipios.com_-1.png","width":5325,"height":1454,"caption":"Principios"},"image":{"@id":"https:\/\/diarioprincipios.com\/#\/schema\/logo\/image\/"}},{"@type":"Person","@id":"https:\/\/diarioprincipios.com\/#\/schema\/person\/436d5a1fd41a5e250e23ff5a6a7cb080","name":"Hern\u00e1n L\u00f3pez","image":{"@type":"ImageObject","inLanguage":"es","@id":"https:\/\/diarioprincipios.com\/wp-content\/litespeed\/avatar\/11ddfe5610ff3bd100522525b2571f48.jpg?ver=1777653193","url":"https:\/\/diarioprincipios.com\/wp-content\/litespeed\/avatar\/11ddfe5610ff3bd100522525b2571f48.jpg?ver=1777653193","contentUrl":"https:\/\/diarioprincipios.com\/wp-content\/litespeed\/avatar\/11ddfe5610ff3bd100522525b2571f48.jpg?ver=1777653193","caption":"Hern\u00e1n L\u00f3pez"},"url":"https:\/\/diarioprincipios.com\/index.php\/author\/hernan\/"}]}},"jetpack_featured_media_url":"https:\/\/diarioprincipios.com\/wp-content\/uploads\/2022\/02\/BERAZATEGUI-SIGUE-IMPULSANDO-POLITICAS-DE-DESARROLLO-INDUSTRIAL-Y-PRODUCTIVO-3.jpeg","_links":{"self":[{"href":"https:\/\/diarioprincipios.com\/index.php\/wp-json\/wp\/v2\/posts\/12546","targetHints":{"allow":["GET"]}}],"collection":[{"href":"https:\/\/diarioprincipios.com\/index.php\/wp-json\/wp\/v2\/posts"}],"about":[{"href":"https:\/\/diarioprincipios.com\/index.php\/wp-json\/wp\/v2\/types\/post"}],"author":[{"embeddable":true,"href":"https:\/\/diarioprincipios.com\/index.php\/wp-json\/wp\/v2\/users\/2"}],"replies":[{"embeddable":true,"href":"https:\/\/diarioprincipios.com\/index.php\/wp-json\/wp\/v2\/comments?post=12546"}],"version-history":[{"count":1,"href":"https:\/\/diarioprincipios.com\/index.php\/wp-json\/wp\/v2\/posts\/12546\/revisions"}],"predecessor-version":[{"id":12548,"href":"https:\/\/diarioprincipios.com\/index.php\/wp-json\/wp\/v2\/posts\/12546\/revisions\/12548"}],"wp:featuredmedia":[{"embeddable":true,"href":"https:\/\/diarioprincipios.com\/index.php\/wp-json\/wp\/v2\/media\/12547"}],"wp:attachment":[{"href":"https:\/\/diarioprincipios.com\/index.php\/wp-json\/wp\/v2\/media?parent=12546"}],"wp:term":[{"taxonomy":"category","embeddable":true,"href":"https:\/\/diarioprincipios.com\/index.php\/wp-json\/wp\/v2\/categories?post=12546"},{"taxonomy":"post_tag","embeddable":true,"href":"https:\/\/diarioprincipios.com\/index.php\/wp-json\/wp\/v2\/tags?post=12546"}],"curies":[{"name":"wp","href":"https:\/\/api.w.org\/{rel}","templated":true}]}}