{"id":12539,"date":"2022-02-09T21:36:49","date_gmt":"2022-02-10T00:36:49","guid":{"rendered":"http:\/\/diarioprincipios.com\/?p=12539"},"modified":"2022-02-09T21:37:02","modified_gmt":"2022-02-10T00:37:02","slug":"mussi-participo-de-encuentro-de-intendentes-con-ferraresi","status":"publish","type":"post","link":"https:\/\/diarioprincipios.com\/index.php\/2022\/02\/09\/mussi-participo-de-encuentro-de-intendentes-con-ferraresi\/","title":{"rendered":"Mussi particip\u00f3 de Encuentro de Intendentes con Ferraresi"},"content":{"rendered":"\n<p>El Ministro de Desarrollo Territorial y H\u00e1bitat de la Naci\u00f3n, Jorge Ferraresi, mantuvo una reuni\u00f3n con las intendentas e intendentes de la tercera secci\u00f3n electoral de la provincia de Buenos Aires. Durante el encuentro, que tuvo como sede el Aeroclub Longchamps en Almirante Brown, se analizaron estrategias para la generaci\u00f3n de suelo urbano y las pol\u00edticas implementadas por este Ministerio en los diferentes municipios. Entre los presentes estuvo el mandatario berazateguense, Juan Jos\u00e9 Mussi.<\/p>\n\n\n\n<p>\u201cTodos los programas que tiene el Ministerio se vuelcan a trav\u00e9s de los municipios, respondiendo a lo que nos pide el presidente Alberto Fern\u00e1ndez, que es democratizar el suelo a partir de la inversi\u00f3n p\u00fablica, porque la vivienda es un derecho\u201d, sostuvo Ferraresi durante el encuentro. All\u00ed expuso sobre \u201cestrategias para la generaci\u00f3n de suelo\u201d y detall\u00f3 cu\u00e1les son los distintos mecanismos que el Estado Nacional tiene a disposici\u00f3n para que los municipios puedan ofrecer terrenos fiscales o adquirir propiedades privadas.<\/p>\n\n\n\n<p>\u201cNosotros tenemos que entregar herramientas econ\u00f3micas y t\u00e9cnicas que posibiliten generar terrenos, para que la inversi\u00f3n en vivienda pase a ser uno de los ejes fundamentales\u201d, indic\u00f3 al respecto el Ministro de Desarrollo Territorial y H\u00e1bitat, quien tambi\u00e9n estuvo acompa\u00f1ado por los secretarios de Desarrollo Territorial, Luciano Scatolini; y de H\u00e1bitat, Santiago Maggiotti.<\/p>\n\n\n\n<p>Por su parte, el Intendente de Berazategui resalt\u00f3 a trav\u00e9s de sus redes sociales los alcances de la reuni\u00f3n, a la que tambi\u00e9n asistieron el diputado provincial, Mariano Cascallares; y el director de Vialidad bonaerense, Hern\u00e1n Y Zurieta.<\/p>\n\n\n\n<p>\u201cAvanzamos en una agenda en com\u00fan y coordinamos acciones para seguir mejorando las condiciones de habitabilidad de todos los vecinos y vecinas de la regi\u00f3n\u201d, destac\u00f3 Mussi. Y agreg\u00f3: \u00abEl Ministro mostr\u00f3 gran predisposici\u00f3n y capacidad para resolver los temas de su \u00e1rea.\u00bb<\/p>\n\n\n\n<p>Tambi\u00e9n participaron del encuentro, los intendentes de Almirante Brown, Juan Jos\u00e9 Fabiani; de Avellaneda, Alejo Chornobroff; de Berisso, Fabi\u00e1n Cagliardi; de Ca\u00f1uelas, Marisa Fassi; de Ensenada, Mario Secco; de Florencio Varela, Andr\u00e9s Watson; de La Matanza, Fernando Espinoza; de Lomas de Zamora, Marina Lesci; de Punta Indio, Leonardo Angueira; de Quilmes, Mayra Mendoza; y de San Vicente, Nicol\u00e1s Mantegazza. Adem\u00e1s, estuvo presente el jefe de Gabinete de la Municipalidad de Ezeiza, Gast\u00f3n Granados.<\/p>\n","protected":false},"excerpt":{"rendered":"<p>El Ministro de Desarrollo Territorial y H\u00e1bitat de la Naci\u00f3n, Jorge Ferraresi, mantuvo una reuni\u00f3n con las intendentas e intendentes de la tercera secci\u00f3n electoral de la provincia de Buenos Aires. Durante el encuentro, que tuvo como sede el Aeroclub Longchamps en Almirante Brown, se analizaron estrategias para la generaci\u00f3n de suelo urbano y las&#8230;<\/p>\n","protected":false},"author":2,"featured_media":12540,"comment_status":"open","ping_status":"open","sticky":false,"template":"","format":"standard","meta":{"footnotes":""},"categories":[3],"tags":[],"class_list":["post-12539","post","type-post","status-publish","format-standard","has-post-thumbnail","hentry","category-berazategui"],"featured_image_src":"https:\/\/diarioprincipios.com\/wp-content\/uploads\/2022\/02\/FERRARESI-SE-REUNIO-CON-LOS-INTENDENTES-E-INTENDENTAS-DE-LA-3RA-SECCION-1024x682.jpeg","blog_images":{"medium":"https:\/\/diarioprincipios.com\/wp-content\/uploads\/2022\/02\/FERRARESI-SE-REUNIO-CON-LOS-INTENDENTES-E-INTENDENTAS-DE-LA-3RA-SECCION-300x200.jpeg","large":"https:\/\/diarioprincipios.com\/wp-content\/uploads\/2022\/02\/FERRARESI-SE-REUNIO-CON-LOS-INTENDENTES-E-INTENDENTAS-DE-LA-3RA-SECCION-1024x682.jpeg"},"ams_acf":[],"yoast_head":"<!-- This site is optimized with the Yoast SEO plugin v27.3 - https:\/\/yoast.com\/product\/yoast-seo-wordpress\/ -->\n<title>Mussi particip\u00f3 de Encuentro de Intendentes con Ferraresi - Principios<\/title>\n<meta name=\"robots\" content=\"index, follow, max-snippet:-1, max-image-preview:large, max-video-preview:-1\" \/>\n<link rel=\"canonical\" href=\"https:\/\/diarioprincipios.com\/index.php\/2022\/02\/09\/mussi-participo-de-encuentro-de-intendentes-con-ferraresi\/\" \/>\n<meta property=\"og:locale\" content=\"es_ES\" \/>\n<meta property=\"og:type\" content=\"article\" \/>\n<meta property=\"og:title\" content=\"Mussi particip\u00f3 de Encuentro de Intendentes con Ferraresi - Principios\" \/>\n<meta property=\"og:description\" content=\"El Ministro de Desarrollo Territorial y H\u00e1bitat de la Naci\u00f3n, Jorge Ferraresi, mantuvo una reuni\u00f3n con las intendentas e intendentes de la tercera secci\u00f3n electoral de la provincia de Buenos Aires. Durante el encuentro, que tuvo como sede el Aeroclub Longchamps en Almirante Brown, se analizaron estrategias para la generaci\u00f3n de suelo urbano y las...\" \/>\n<meta property=\"og:url\" content=\"https:\/\/diarioprincipios.com\/index.php\/2022\/02\/09\/mussi-participo-de-encuentro-de-intendentes-con-ferraresi\/\" \/>\n<meta property=\"og:site_name\" content=\"Principios\" \/>\n<meta property=\"article:published_time\" content=\"2022-02-10T00:36:49+00:00\" \/>\n<meta property=\"article:modified_time\" content=\"2022-02-10T00:37:02+00:00\" \/>\n<meta property=\"og:image\" content=\"https:\/\/diarioprincipios.com\/wp-content\/uploads\/2022\/02\/FERRARESI-SE-REUNIO-CON-LOS-INTENDENTES-E-INTENDENTAS-DE-LA-3RA-SECCION.jpeg\" \/>\n\t<meta property=\"og:image:width\" content=\"1600\" \/>\n\t<meta property=\"og:image:height\" content=\"1066\" \/>\n\t<meta property=\"og:image:type\" content=\"image\/jpeg\" \/>\n<meta name=\"author\" content=\"Hern\u00e1n L\u00f3pez\" \/>\n<meta name=\"twitter:card\" content=\"summary_large_image\" \/>\n<meta name=\"twitter:label1\" content=\"Escrito por\" \/>\n\t<meta name=\"twitter:data1\" content=\"Hern\u00e1n L\u00f3pez\" \/>\n\t<meta name=\"twitter:label2\" content=\"Tiempo de lectura\" \/>\n\t<meta name=\"twitter:data2\" content=\"2 minutos\" \/>\n<script type=\"application\/ld+json\" class=\"yoast-schema-graph\">{\"@context\":\"https:\\\/\\\/schema.org\",\"@graph\":[{\"@type\":\"Article\",\"@id\":\"https:\\\/\\\/diarioprincipios.com\\\/index.php\\\/2022\\\/02\\\/09\\\/mussi-participo-de-encuentro-de-intendentes-con-ferraresi\\\/#article\",\"isPartOf\":{\"@id\":\"https:\\\/\\\/diarioprincipios.com\\\/index.php\\\/2022\\\/02\\\/09\\\/mussi-participo-de-encuentro-de-intendentes-con-ferraresi\\\/\"},\"author\":{\"name\":\"Hern\u00e1n L\u00f3pez\",\"@id\":\"https:\\\/\\\/diarioprincipios.com\\\/#\\\/schema\\\/person\\\/436d5a1fd41a5e250e23ff5a6a7cb080\"},\"headline\":\"Mussi particip\u00f3 de Encuentro de Intendentes con Ferraresi\",\"datePublished\":\"2022-02-10T00:36:49+00:00\",\"dateModified\":\"2022-02-10T00:37:02+00:00\",\"mainEntityOfPage\":{\"@id\":\"https:\\\/\\\/diarioprincipios.com\\\/index.php\\\/2022\\\/02\\\/09\\\/mussi-participo-de-encuentro-de-intendentes-con-ferraresi\\\/\"},\"wordCount\":404,\"commentCount\":0,\"publisher\":{\"@id\":\"https:\\\/\\\/diarioprincipios.com\\\/#organization\"},\"image\":{\"@id\":\"https:\\\/\\\/diarioprincipios.com\\\/index.php\\\/2022\\\/02\\\/09\\\/mussi-participo-de-encuentro-de-intendentes-con-ferraresi\\\/#primaryimage\"},\"thumbnailUrl\":\"https:\\\/\\\/diarioprincipios.com\\\/wp-content\\\/uploads\\\/2022\\\/02\\\/FERRARESI-SE-REUNIO-CON-LOS-INTENDENTES-E-INTENDENTAS-DE-LA-3RA-SECCION.jpeg\",\"articleSection\":[\"Berazategui\"],\"inLanguage\":\"es\",\"potentialAction\":[{\"@type\":\"CommentAction\",\"name\":\"Comment\",\"target\":[\"https:\\\/\\\/diarioprincipios.com\\\/index.php\\\/2022\\\/02\\\/09\\\/mussi-participo-de-encuentro-de-intendentes-con-ferraresi\\\/#respond\"]}]},{\"@type\":\"WebPage\",\"@id\":\"https:\\\/\\\/diarioprincipios.com\\\/index.php\\\/2022\\\/02\\\/09\\\/mussi-participo-de-encuentro-de-intendentes-con-ferraresi\\\/\",\"url\":\"https:\\\/\\\/diarioprincipios.com\\\/index.php\\\/2022\\\/02\\\/09\\\/mussi-participo-de-encuentro-de-intendentes-con-ferraresi\\\/\",\"name\":\"Mussi particip\u00f3 de Encuentro de Intendentes con Ferraresi - Principios\",\"isPartOf\":{\"@id\":\"https:\\\/\\\/diarioprincipios.com\\\/#website\"},\"primaryImageOfPage\":{\"@id\":\"https:\\\/\\\/diarioprincipios.com\\\/index.php\\\/2022\\\/02\\\/09\\\/mussi-participo-de-encuentro-de-intendentes-con-ferraresi\\\/#primaryimage\"},\"image\":{\"@id\":\"https:\\\/\\\/diarioprincipios.com\\\/index.php\\\/2022\\\/02\\\/09\\\/mussi-participo-de-encuentro-de-intendentes-con-ferraresi\\\/#primaryimage\"},\"thumbnailUrl\":\"https:\\\/\\\/diarioprincipios.com\\\/wp-content\\\/uploads\\\/2022\\\/02\\\/FERRARESI-SE-REUNIO-CON-LOS-INTENDENTES-E-INTENDENTAS-DE-LA-3RA-SECCION.jpeg\",\"datePublished\":\"2022-02-10T00:36:49+00:00\",\"dateModified\":\"2022-02-10T00:37:02+00:00\",\"breadcrumb\":{\"@id\":\"https:\\\/\\\/diarioprincipios.com\\\/index.php\\\/2022\\\/02\\\/09\\\/mussi-participo-de-encuentro-de-intendentes-con-ferraresi\\\/#breadcrumb\"},\"inLanguage\":\"es\",\"potentialAction\":[{\"@type\":\"ReadAction\",\"target\":[\"https:\\\/\\\/diarioprincipios.com\\\/index.php\\\/2022\\\/02\\\/09\\\/mussi-participo-de-encuentro-de-intendentes-con-ferraresi\\\/\"]}]},{\"@type\":\"ImageObject\",\"inLanguage\":\"es\",\"@id\":\"https:\\\/\\\/diarioprincipios.com\\\/index.php\\\/2022\\\/02\\\/09\\\/mussi-participo-de-encuentro-de-intendentes-con-ferraresi\\\/#primaryimage\",\"url\":\"https:\\\/\\\/diarioprincipios.com\\\/wp-content\\\/uploads\\\/2022\\\/02\\\/FERRARESI-SE-REUNIO-CON-LOS-INTENDENTES-E-INTENDENTAS-DE-LA-3RA-SECCION.jpeg\",\"contentUrl\":\"https:\\\/\\\/diarioprincipios.com\\\/wp-content\\\/uploads\\\/2022\\\/02\\\/FERRARESI-SE-REUNIO-CON-LOS-INTENDENTES-E-INTENDENTAS-DE-LA-3RA-SECCION.jpeg\",\"width\":1600,\"height\":1066},{\"@type\":\"BreadcrumbList\",\"@id\":\"https:\\\/\\\/diarioprincipios.com\\\/index.php\\\/2022\\\/02\\\/09\\\/mussi-participo-de-encuentro-de-intendentes-con-ferraresi\\\/#breadcrumb\",\"itemListElement\":[{\"@type\":\"ListItem\",\"position\":1,\"name\":\"Portada\",\"item\":\"https:\\\/\\\/diarioprincipios.com\\\/\"},{\"@type\":\"ListItem\",\"position\":2,\"name\":\"Mussi particip\u00f3 de Encuentro de Intendentes con Ferraresi\"}]},{\"@type\":\"WebSite\",\"@id\":\"https:\\\/\\\/diarioprincipios.com\\\/#website\",\"url\":\"https:\\\/\\\/diarioprincipios.com\\\/\",\"name\":\"Principios\",\"description\":\"Principios Diario\",\"publisher\":{\"@id\":\"https:\\\/\\\/diarioprincipios.com\\\/#organization\"},\"potentialAction\":[{\"@type\":\"SearchAction\",\"target\":{\"@type\":\"EntryPoint\",\"urlTemplate\":\"https:\\\/\\\/diarioprincipios.com\\\/?s={search_term_string}\"},\"query-input\":{\"@type\":\"PropertyValueSpecification\",\"valueRequired\":true,\"valueName\":\"search_term_string\"}}],\"inLanguage\":\"es\"},{\"@type\":\"Organization\",\"@id\":\"https:\\\/\\\/diarioprincipios.com\\\/#organization\",\"name\":\"Principios\",\"url\":\"https:\\\/\\\/diarioprincipios.com\\\/\",\"logo\":{\"@type\":\"ImageObject\",\"inLanguage\":\"es\",\"@id\":\"https:\\\/\\\/diarioprincipios.com\\\/#\\\/schema\\\/logo\\\/image\\\/\",\"url\":\"https:\\\/\\\/diarioprincipios.com\\\/wp-content\\\/uploads\\\/2024\\\/04\\\/cropped-www.diarioprincipios.com_-1.png\",\"contentUrl\":\"https:\\\/\\\/diarioprincipios.com\\\/wp-content\\\/uploads\\\/2024\\\/04\\\/cropped-www.diarioprincipios.com_-1.png\",\"width\":5325,\"height\":1454,\"caption\":\"Principios\"},\"image\":{\"@id\":\"https:\\\/\\\/diarioprincipios.com\\\/#\\\/schema\\\/logo\\\/image\\\/\"}},{\"@type\":\"Person\",\"@id\":\"https:\\\/\\\/diarioprincipios.com\\\/#\\\/schema\\\/person\\\/436d5a1fd41a5e250e23ff5a6a7cb080\",\"name\":\"Hern\u00e1n L\u00f3pez\",\"image\":{\"@type\":\"ImageObject\",\"inLanguage\":\"es\",\"@id\":\"https:\\\/\\\/diarioprincipios.com\\\/wp-content\\\/litespeed\\\/avatar\\\/11ddfe5610ff3bd100522525b2571f48.jpg?ver=1777653193\",\"url\":\"https:\\\/\\\/diarioprincipios.com\\\/wp-content\\\/litespeed\\\/avatar\\\/11ddfe5610ff3bd100522525b2571f48.jpg?ver=1777653193\",\"contentUrl\":\"https:\\\/\\\/diarioprincipios.com\\\/wp-content\\\/litespeed\\\/avatar\\\/11ddfe5610ff3bd100522525b2571f48.jpg?ver=1777653193\",\"caption\":\"Hern\u00e1n L\u00f3pez\"},\"url\":\"https:\\\/\\\/diarioprincipios.com\\\/index.php\\\/author\\\/hernan\\\/\"}]}<\/script>\n<!-- \/ Yoast SEO plugin. -->","yoast_head_json":{"title":"Mussi particip\u00f3 de Encuentro de Intendentes con Ferraresi - Principios","robots":{"index":"index","follow":"follow","max-snippet":"max-snippet:-1","max-image-preview":"max-image-preview:large","max-video-preview":"max-video-preview:-1"},"canonical":"https:\/\/diarioprincipios.com\/index.php\/2022\/02\/09\/mussi-participo-de-encuentro-de-intendentes-con-ferraresi\/","og_locale":"es_ES","og_type":"article","og_title":"Mussi particip\u00f3 de Encuentro de Intendentes con Ferraresi - Principios","og_description":"El Ministro de Desarrollo Territorial y H\u00e1bitat de la Naci\u00f3n, Jorge Ferraresi, mantuvo una reuni\u00f3n con las intendentas e intendentes de la tercera secci\u00f3n electoral de la provincia de Buenos Aires. Durante el encuentro, que tuvo como sede el Aeroclub Longchamps en Almirante Brown, se analizaron estrategias para la generaci\u00f3n de suelo urbano y las...","og_url":"https:\/\/diarioprincipios.com\/index.php\/2022\/02\/09\/mussi-participo-de-encuentro-de-intendentes-con-ferraresi\/","og_site_name":"Principios","article_published_time":"2022-02-10T00:36:49+00:00","article_modified_time":"2022-02-10T00:37:02+00:00","og_image":[{"width":1600,"height":1066,"url":"https:\/\/diarioprincipios.com\/wp-content\/uploads\/2022\/02\/FERRARESI-SE-REUNIO-CON-LOS-INTENDENTES-E-INTENDENTAS-DE-LA-3RA-SECCION.jpeg","type":"image\/jpeg"}],"author":"Hern\u00e1n L\u00f3pez","twitter_card":"summary_large_image","twitter_misc":{"Escrito por":"Hern\u00e1n L\u00f3pez","Tiempo de lectura":"2 minutos"},"schema":{"@context":"https:\/\/schema.org","@graph":[{"@type":"Article","@id":"https:\/\/diarioprincipios.com\/index.php\/2022\/02\/09\/mussi-participo-de-encuentro-de-intendentes-con-ferraresi\/#article","isPartOf":{"@id":"https:\/\/diarioprincipios.com\/index.php\/2022\/02\/09\/mussi-participo-de-encuentro-de-intendentes-con-ferraresi\/"},"author":{"name":"Hern\u00e1n L\u00f3pez","@id":"https:\/\/diarioprincipios.com\/#\/schema\/person\/436d5a1fd41a5e250e23ff5a6a7cb080"},"headline":"Mussi particip\u00f3 de Encuentro de Intendentes con Ferraresi","datePublished":"2022-02-10T00:36:49+00:00","dateModified":"2022-02-10T00:37:02+00:00","mainEntityOfPage":{"@id":"https:\/\/diarioprincipios.com\/index.php\/2022\/02\/09\/mussi-participo-de-encuentro-de-intendentes-con-ferraresi\/"},"wordCount":404,"commentCount":0,"publisher":{"@id":"https:\/\/diarioprincipios.com\/#organization"},"image":{"@id":"https:\/\/diarioprincipios.com\/index.php\/2022\/02\/09\/mussi-participo-de-encuentro-de-intendentes-con-ferraresi\/#primaryimage"},"thumbnailUrl":"https:\/\/diarioprincipios.com\/wp-content\/uploads\/2022\/02\/FERRARESI-SE-REUNIO-CON-LOS-INTENDENTES-E-INTENDENTAS-DE-LA-3RA-SECCION.jpeg","articleSection":["Berazategui"],"inLanguage":"es","potentialAction":[{"@type":"CommentAction","name":"Comment","target":["https:\/\/diarioprincipios.com\/index.php\/2022\/02\/09\/mussi-participo-de-encuentro-de-intendentes-con-ferraresi\/#respond"]}]},{"@type":"WebPage","@id":"https:\/\/diarioprincipios.com\/index.php\/2022\/02\/09\/mussi-participo-de-encuentro-de-intendentes-con-ferraresi\/","url":"https:\/\/diarioprincipios.com\/index.php\/2022\/02\/09\/mussi-participo-de-encuentro-de-intendentes-con-ferraresi\/","name":"Mussi particip\u00f3 de Encuentro de Intendentes con Ferraresi - Principios","isPartOf":{"@id":"https:\/\/diarioprincipios.com\/#website"},"primaryImageOfPage":{"@id":"https:\/\/diarioprincipios.com\/index.php\/2022\/02\/09\/mussi-participo-de-encuentro-de-intendentes-con-ferraresi\/#primaryimage"},"image":{"@id":"https:\/\/diarioprincipios.com\/index.php\/2022\/02\/09\/mussi-participo-de-encuentro-de-intendentes-con-ferraresi\/#primaryimage"},"thumbnailUrl":"https:\/\/diarioprincipios.com\/wp-content\/uploads\/2022\/02\/FERRARESI-SE-REUNIO-CON-LOS-INTENDENTES-E-INTENDENTAS-DE-LA-3RA-SECCION.jpeg","datePublished":"2022-02-10T00:36:49+00:00","dateModified":"2022-02-10T00:37:02+00:00","breadcrumb":{"@id":"https:\/\/diarioprincipios.com\/index.php\/2022\/02\/09\/mussi-participo-de-encuentro-de-intendentes-con-ferraresi\/#breadcrumb"},"inLanguage":"es","potentialAction":[{"@type":"ReadAction","target":["https:\/\/diarioprincipios.com\/index.php\/2022\/02\/09\/mussi-participo-de-encuentro-de-intendentes-con-ferraresi\/"]}]},{"@type":"ImageObject","inLanguage":"es","@id":"https:\/\/diarioprincipios.com\/index.php\/2022\/02\/09\/mussi-participo-de-encuentro-de-intendentes-con-ferraresi\/#primaryimage","url":"https:\/\/diarioprincipios.com\/wp-content\/uploads\/2022\/02\/FERRARESI-SE-REUNIO-CON-LOS-INTENDENTES-E-INTENDENTAS-DE-LA-3RA-SECCION.jpeg","contentUrl":"https:\/\/diarioprincipios.com\/wp-content\/uploads\/2022\/02\/FERRARESI-SE-REUNIO-CON-LOS-INTENDENTES-E-INTENDENTAS-DE-LA-3RA-SECCION.jpeg","width":1600,"height":1066},{"@type":"BreadcrumbList","@id":"https:\/\/diarioprincipios.com\/index.php\/2022\/02\/09\/mussi-participo-de-encuentro-de-intendentes-con-ferraresi\/#breadcrumb","itemListElement":[{"@type":"ListItem","position":1,"name":"Portada","item":"https:\/\/diarioprincipios.com\/"},{"@type":"ListItem","position":2,"name":"Mussi particip\u00f3 de Encuentro de Intendentes con Ferraresi"}]},{"@type":"WebSite","@id":"https:\/\/diarioprincipios.com\/#website","url":"https:\/\/diarioprincipios.com\/","name":"Principios","description":"Principios Diario","publisher":{"@id":"https:\/\/diarioprincipios.com\/#organization"},"potentialAction":[{"@type":"SearchAction","target":{"@type":"EntryPoint","urlTemplate":"https:\/\/diarioprincipios.com\/?s={search_term_string}"},"query-input":{"@type":"PropertyValueSpecification","valueRequired":true,"valueName":"search_term_string"}}],"inLanguage":"es"},{"@type":"Organization","@id":"https:\/\/diarioprincipios.com\/#organization","name":"Principios","url":"https:\/\/diarioprincipios.com\/","logo":{"@type":"ImageObject","inLanguage":"es","@id":"https:\/\/diarioprincipios.com\/#\/schema\/logo\/image\/","url":"https:\/\/diarioprincipios.com\/wp-content\/uploads\/2024\/04\/cropped-www.diarioprincipios.com_-1.png","contentUrl":"https:\/\/diarioprincipios.com\/wp-content\/uploads\/2024\/04\/cropped-www.diarioprincipios.com_-1.png","width":5325,"height":1454,"caption":"Principios"},"image":{"@id":"https:\/\/diarioprincipios.com\/#\/schema\/logo\/image\/"}},{"@type":"Person","@id":"https:\/\/diarioprincipios.com\/#\/schema\/person\/436d5a1fd41a5e250e23ff5a6a7cb080","name":"Hern\u00e1n L\u00f3pez","image":{"@type":"ImageObject","inLanguage":"es","@id":"https:\/\/diarioprincipios.com\/wp-content\/litespeed\/avatar\/11ddfe5610ff3bd100522525b2571f48.jpg?ver=1777653193","url":"https:\/\/diarioprincipios.com\/wp-content\/litespeed\/avatar\/11ddfe5610ff3bd100522525b2571f48.jpg?ver=1777653193","contentUrl":"https:\/\/diarioprincipios.com\/wp-content\/litespeed\/avatar\/11ddfe5610ff3bd100522525b2571f48.jpg?ver=1777653193","caption":"Hern\u00e1n L\u00f3pez"},"url":"https:\/\/diarioprincipios.com\/index.php\/author\/hernan\/"}]}},"jetpack_featured_media_url":"https:\/\/diarioprincipios.com\/wp-content\/uploads\/2022\/02\/FERRARESI-SE-REUNIO-CON-LOS-INTENDENTES-E-INTENDENTAS-DE-LA-3RA-SECCION.jpeg","_links":{"self":[{"href":"https:\/\/diarioprincipios.com\/index.php\/wp-json\/wp\/v2\/posts\/12539","targetHints":{"allow":["GET"]}}],"collection":[{"href":"https:\/\/diarioprincipios.com\/index.php\/wp-json\/wp\/v2\/posts"}],"about":[{"href":"https:\/\/diarioprincipios.com\/index.php\/wp-json\/wp\/v2\/types\/post"}],"author":[{"embeddable":true,"href":"https:\/\/diarioprincipios.com\/index.php\/wp-json\/wp\/v2\/users\/2"}],"replies":[{"embeddable":true,"href":"https:\/\/diarioprincipios.com\/index.php\/wp-json\/wp\/v2\/comments?post=12539"}],"version-history":[{"count":1,"href":"https:\/\/diarioprincipios.com\/index.php\/wp-json\/wp\/v2\/posts\/12539\/revisions"}],"predecessor-version":[{"id":12541,"href":"https:\/\/diarioprincipios.com\/index.php\/wp-json\/wp\/v2\/posts\/12539\/revisions\/12541"}],"wp:featuredmedia":[{"embeddable":true,"href":"https:\/\/diarioprincipios.com\/index.php\/wp-json\/wp\/v2\/media\/12540"}],"wp:attachment":[{"href":"https:\/\/diarioprincipios.com\/index.php\/wp-json\/wp\/v2\/media?parent=12539"}],"wp:term":[{"taxonomy":"category","embeddable":true,"href":"https:\/\/diarioprincipios.com\/index.php\/wp-json\/wp\/v2\/categories?post=12539"},{"taxonomy":"post_tag","embeddable":true,"href":"https:\/\/diarioprincipios.com\/index.php\/wp-json\/wp\/v2\/tags?post=12539"}],"curies":[{"name":"wp","href":"https:\/\/api.w.org\/{rel}","templated":true}]}}