{"id":12529,"date":"2022-02-08T22:46:33","date_gmt":"2022-02-09T01:46:33","guid":{"rendered":"http:\/\/diarioprincipios.com\/?p=12529"},"modified":"2022-02-08T22:46:38","modified_gmt":"2022-02-09T01:46:38","slug":"mas-de-700-personas-inoculadas-en-la-noche-de-las-vacunas","status":"publish","type":"post","link":"https:\/\/diarioprincipios.com\/index.php\/2022\/02\/08\/mas-de-700-personas-inoculadas-en-la-noche-de-las-vacunas\/","title":{"rendered":"M\u00e1s de 700 personas inoculadas en La Noche de las Vacunas"},"content":{"rendered":"\n<p><strong>La Noche de las Vacunas -que se desarroll\u00f3 en gran parte del territorio bonaerense- tuvo una gran convocatoria en Berazategui, con m\u00e1s de 700 personas inmunizadas. El objetivo principal fue que los vecinos y vecinas pudieran completar sus esquemas contra el COVID-19. La jornada de vacunaci\u00f3n nocturna se despleg\u00f3 en el Centro de Actividades Roberto De Vicenzo y estuvo organizada por el Gobierno de la provincia de Buenos Aires con la colaboraci\u00f3n del Municipio, gestionado por Juan Jos\u00e9 Mussi.<\/strong><\/p>\n\n\n\n<p>Al respecto, la subsecretaria de Salud P\u00fablica e Higiene de Berazategui, Dra. Luciana Soto, destac\u00f3: \u201cLa convocatoria fue muy importante, tuvimos muchos ni\u00f1os y ni\u00f1as con primeras dosis, lo que es muy bueno. Queda demostrado que los vecinos y vecinas apuestan a la vacuna y eso es lo destacable. Tambi\u00e9n el valor de esta jornada de vacunaci\u00f3n nocturna que facilita el acceso a todos aquellos que en otros horarios no pueden acercarse\u201d.<\/p>\n\n\n\n<p>Una de las vecinas que se acerc\u00f3, Bianca Vargas, cont\u00f3: \u201cTraje a mis dos hijos a vacunarse con la primera dosis. Vinieron contentos, con muchas ganas y sin ning\u00fan inconveniente. Nos atendieron re bien as\u00ed que nos vamos muy contentos\u201d.<\/p>\n\n\n\n<p>A su vez, otro vecino de Berazategui, Lino Mu\u00f1oz, recalc\u00f3: \u201cAprovech\u00e9 esta oportunidad porque me es m\u00e1s f\u00e1cil venir, ya que por el trabajo se me complica acercarme en otro horario. Pienso que es un deber vacunarse por el bien de la sociedad, as\u00ed que invito a todos a que se vacunen. De mi parte estoy muy agradecido\u201d.<\/p>\n\n\n\n<p>La Noche de las Vacunas en Berazategui form\u00f3 parte de una iniciativa del Gobierno bonaerense para instalar m\u00e1s de 100 Postas de vacunaci\u00f3n contra el COVID-19 a lo largo y ancho de la provincia de Buenos Aires.<\/p>\n\n\n\n<p>Durante la jornada se aplicaron la primera y segunda dosis a individuos desde los 3 a\u00f1os en adelante; y la de refuerzo a mayores de 50 a\u00f1os, personas inmunocomprometidas, personal de salud, de seguridad y de educaci\u00f3n, adem\u00e1s de gestantes o en periodo de lactancia (con m\u00e1s de 4 meses de su \u00faltima inoculaci\u00f3n y, en el caso de los inmunocomprometidos, un mes).<\/p>\n","protected":false},"excerpt":{"rendered":"<p>La Noche de las Vacunas -que se desarroll\u00f3 en gran parte del territorio bonaerense- tuvo una gran convocatoria en Berazategui, con m\u00e1s de 700 personas inmunizadas. El objetivo principal fue que los vecinos y vecinas pudieran completar sus esquemas contra el COVID-19. La jornada de vacunaci\u00f3n nocturna se despleg\u00f3 en el Centro de Actividades Roberto&#8230;<\/p>\n","protected":false},"author":2,"featured_media":12530,"comment_status":"open","ping_status":"open","sticky":false,"template":"","format":"standard","meta":{"footnotes":""},"categories":[3],"tags":[],"class_list":["post-12529","post","type-post","status-publish","format-standard","has-post-thumbnail","hentry","category-berazategui"],"featured_image_src":"https:\/\/diarioprincipios.com\/wp-content\/uploads\/2022\/02\/MAS-DE-700-PERSONAS-FUERON-INOCULADAS-EN-LA-NOCHE-DE-LAS-VACUNAS-EN-BERAZATEGUI-4-2-1024x683.jpg","blog_images":{"medium":"https:\/\/diarioprincipios.com\/wp-content\/uploads\/2022\/02\/MAS-DE-700-PERSONAS-FUERON-INOCULADAS-EN-LA-NOCHE-DE-LAS-VACUNAS-EN-BERAZATEGUI-4-2-300x200.jpg","large":"https:\/\/diarioprincipios.com\/wp-content\/uploads\/2022\/02\/MAS-DE-700-PERSONAS-FUERON-INOCULADAS-EN-LA-NOCHE-DE-LAS-VACUNAS-EN-BERAZATEGUI-4-2-1024x683.jpg"},"ams_acf":[],"yoast_head":"<!-- This site is optimized with the Yoast SEO plugin v27.3 - https:\/\/yoast.com\/product\/yoast-seo-wordpress\/ -->\n<title>M\u00e1s de 700 personas inoculadas en La Noche de las Vacunas - Principios<\/title>\n<meta name=\"robots\" content=\"index, follow, max-snippet:-1, max-image-preview:large, max-video-preview:-1\" \/>\n<link rel=\"canonical\" href=\"https:\/\/diarioprincipios.com\/index.php\/2022\/02\/08\/mas-de-700-personas-inoculadas-en-la-noche-de-las-vacunas\/\" \/>\n<meta property=\"og:locale\" content=\"es_ES\" \/>\n<meta property=\"og:type\" content=\"article\" \/>\n<meta property=\"og:title\" content=\"M\u00e1s de 700 personas inoculadas en La Noche de las Vacunas - Principios\" \/>\n<meta property=\"og:description\" content=\"La Noche de las Vacunas -que se desarroll\u00f3 en gran parte del territorio bonaerense- tuvo una gran convocatoria en Berazategui, con m\u00e1s de 700 personas inmunizadas. El objetivo principal fue que los vecinos y vecinas pudieran completar sus esquemas contra el COVID-19. La jornada de vacunaci\u00f3n nocturna se despleg\u00f3 en el Centro de Actividades Roberto...\" \/>\n<meta property=\"og:url\" content=\"https:\/\/diarioprincipios.com\/index.php\/2022\/02\/08\/mas-de-700-personas-inoculadas-en-la-noche-de-las-vacunas\/\" \/>\n<meta property=\"og:site_name\" content=\"Principios\" \/>\n<meta property=\"article:published_time\" content=\"2022-02-09T01:46:33+00:00\" \/>\n<meta property=\"article:modified_time\" content=\"2022-02-09T01:46:38+00:00\" \/>\n<meta property=\"og:image\" content=\"https:\/\/diarioprincipios.com\/wp-content\/uploads\/2022\/02\/MAS-DE-700-PERSONAS-FUERON-INOCULADAS-EN-LA-NOCHE-DE-LAS-VACUNAS-EN-BERAZATEGUI-4-2.jpg\" \/>\n\t<meta property=\"og:image:width\" content=\"1920\" \/>\n\t<meta property=\"og:image:height\" content=\"1280\" \/>\n\t<meta property=\"og:image:type\" content=\"image\/jpeg\" \/>\n<meta name=\"author\" content=\"Hern\u00e1n L\u00f3pez\" \/>\n<meta name=\"twitter:card\" content=\"summary_large_image\" \/>\n<meta name=\"twitter:label1\" content=\"Escrito por\" \/>\n\t<meta name=\"twitter:data1\" content=\"Hern\u00e1n L\u00f3pez\" \/>\n\t<meta name=\"twitter:label2\" content=\"Tiempo de lectura\" \/>\n\t<meta name=\"twitter:data2\" content=\"2 minutos\" \/>\n<script type=\"application\/ld+json\" class=\"yoast-schema-graph\">{\"@context\":\"https:\\\/\\\/schema.org\",\"@graph\":[{\"@type\":\"Article\",\"@id\":\"https:\\\/\\\/diarioprincipios.com\\\/index.php\\\/2022\\\/02\\\/08\\\/mas-de-700-personas-inoculadas-en-la-noche-de-las-vacunas\\\/#article\",\"isPartOf\":{\"@id\":\"https:\\\/\\\/diarioprincipios.com\\\/index.php\\\/2022\\\/02\\\/08\\\/mas-de-700-personas-inoculadas-en-la-noche-de-las-vacunas\\\/\"},\"author\":{\"name\":\"Hern\u00e1n L\u00f3pez\",\"@id\":\"https:\\\/\\\/diarioprincipios.com\\\/#\\\/schema\\\/person\\\/436d5a1fd41a5e250e23ff5a6a7cb080\"},\"headline\":\"M\u00e1s de 700 personas inoculadas en La Noche de las Vacunas\",\"datePublished\":\"2022-02-09T01:46:33+00:00\",\"dateModified\":\"2022-02-09T01:46:38+00:00\",\"mainEntityOfPage\":{\"@id\":\"https:\\\/\\\/diarioprincipios.com\\\/index.php\\\/2022\\\/02\\\/08\\\/mas-de-700-personas-inoculadas-en-la-noche-de-las-vacunas\\\/\"},\"wordCount\":375,\"commentCount\":0,\"publisher\":{\"@id\":\"https:\\\/\\\/diarioprincipios.com\\\/#organization\"},\"image\":{\"@id\":\"https:\\\/\\\/diarioprincipios.com\\\/index.php\\\/2022\\\/02\\\/08\\\/mas-de-700-personas-inoculadas-en-la-noche-de-las-vacunas\\\/#primaryimage\"},\"thumbnailUrl\":\"https:\\\/\\\/diarioprincipios.com\\\/wp-content\\\/uploads\\\/2022\\\/02\\\/MAS-DE-700-PERSONAS-FUERON-INOCULADAS-EN-LA-NOCHE-DE-LAS-VACUNAS-EN-BERAZATEGUI-4-2.jpg\",\"articleSection\":[\"Berazategui\"],\"inLanguage\":\"es\",\"potentialAction\":[{\"@type\":\"CommentAction\",\"name\":\"Comment\",\"target\":[\"https:\\\/\\\/diarioprincipios.com\\\/index.php\\\/2022\\\/02\\\/08\\\/mas-de-700-personas-inoculadas-en-la-noche-de-las-vacunas\\\/#respond\"]}]},{\"@type\":\"WebPage\",\"@id\":\"https:\\\/\\\/diarioprincipios.com\\\/index.php\\\/2022\\\/02\\\/08\\\/mas-de-700-personas-inoculadas-en-la-noche-de-las-vacunas\\\/\",\"url\":\"https:\\\/\\\/diarioprincipios.com\\\/index.php\\\/2022\\\/02\\\/08\\\/mas-de-700-personas-inoculadas-en-la-noche-de-las-vacunas\\\/\",\"name\":\"M\u00e1s de 700 personas inoculadas en La Noche de las Vacunas - Principios\",\"isPartOf\":{\"@id\":\"https:\\\/\\\/diarioprincipios.com\\\/#website\"},\"primaryImageOfPage\":{\"@id\":\"https:\\\/\\\/diarioprincipios.com\\\/index.php\\\/2022\\\/02\\\/08\\\/mas-de-700-personas-inoculadas-en-la-noche-de-las-vacunas\\\/#primaryimage\"},\"image\":{\"@id\":\"https:\\\/\\\/diarioprincipios.com\\\/index.php\\\/2022\\\/02\\\/08\\\/mas-de-700-personas-inoculadas-en-la-noche-de-las-vacunas\\\/#primaryimage\"},\"thumbnailUrl\":\"https:\\\/\\\/diarioprincipios.com\\\/wp-content\\\/uploads\\\/2022\\\/02\\\/MAS-DE-700-PERSONAS-FUERON-INOCULADAS-EN-LA-NOCHE-DE-LAS-VACUNAS-EN-BERAZATEGUI-4-2.jpg\",\"datePublished\":\"2022-02-09T01:46:33+00:00\",\"dateModified\":\"2022-02-09T01:46:38+00:00\",\"breadcrumb\":{\"@id\":\"https:\\\/\\\/diarioprincipios.com\\\/index.php\\\/2022\\\/02\\\/08\\\/mas-de-700-personas-inoculadas-en-la-noche-de-las-vacunas\\\/#breadcrumb\"},\"inLanguage\":\"es\",\"potentialAction\":[{\"@type\":\"ReadAction\",\"target\":[\"https:\\\/\\\/diarioprincipios.com\\\/index.php\\\/2022\\\/02\\\/08\\\/mas-de-700-personas-inoculadas-en-la-noche-de-las-vacunas\\\/\"]}]},{\"@type\":\"ImageObject\",\"inLanguage\":\"es\",\"@id\":\"https:\\\/\\\/diarioprincipios.com\\\/index.php\\\/2022\\\/02\\\/08\\\/mas-de-700-personas-inoculadas-en-la-noche-de-las-vacunas\\\/#primaryimage\",\"url\":\"https:\\\/\\\/diarioprincipios.com\\\/wp-content\\\/uploads\\\/2022\\\/02\\\/MAS-DE-700-PERSONAS-FUERON-INOCULADAS-EN-LA-NOCHE-DE-LAS-VACUNAS-EN-BERAZATEGUI-4-2.jpg\",\"contentUrl\":\"https:\\\/\\\/diarioprincipios.com\\\/wp-content\\\/uploads\\\/2022\\\/02\\\/MAS-DE-700-PERSONAS-FUERON-INOCULADAS-EN-LA-NOCHE-DE-LAS-VACUNAS-EN-BERAZATEGUI-4-2.jpg\",\"width\":1920,\"height\":1280},{\"@type\":\"BreadcrumbList\",\"@id\":\"https:\\\/\\\/diarioprincipios.com\\\/index.php\\\/2022\\\/02\\\/08\\\/mas-de-700-personas-inoculadas-en-la-noche-de-las-vacunas\\\/#breadcrumb\",\"itemListElement\":[{\"@type\":\"ListItem\",\"position\":1,\"name\":\"Portada\",\"item\":\"https:\\\/\\\/diarioprincipios.com\\\/\"},{\"@type\":\"ListItem\",\"position\":2,\"name\":\"M\u00e1s de 700 personas inoculadas en La Noche de las Vacunas\"}]},{\"@type\":\"WebSite\",\"@id\":\"https:\\\/\\\/diarioprincipios.com\\\/#website\",\"url\":\"https:\\\/\\\/diarioprincipios.com\\\/\",\"name\":\"Principios\",\"description\":\"Principios Diario\",\"publisher\":{\"@id\":\"https:\\\/\\\/diarioprincipios.com\\\/#organization\"},\"potentialAction\":[{\"@type\":\"SearchAction\",\"target\":{\"@type\":\"EntryPoint\",\"urlTemplate\":\"https:\\\/\\\/diarioprincipios.com\\\/?s={search_term_string}\"},\"query-input\":{\"@type\":\"PropertyValueSpecification\",\"valueRequired\":true,\"valueName\":\"search_term_string\"}}],\"inLanguage\":\"es\"},{\"@type\":\"Organization\",\"@id\":\"https:\\\/\\\/diarioprincipios.com\\\/#organization\",\"name\":\"Principios\",\"url\":\"https:\\\/\\\/diarioprincipios.com\\\/\",\"logo\":{\"@type\":\"ImageObject\",\"inLanguage\":\"es\",\"@id\":\"https:\\\/\\\/diarioprincipios.com\\\/#\\\/schema\\\/logo\\\/image\\\/\",\"url\":\"https:\\\/\\\/diarioprincipios.com\\\/wp-content\\\/uploads\\\/2024\\\/04\\\/cropped-www.diarioprincipios.com_-1.png\",\"contentUrl\":\"https:\\\/\\\/diarioprincipios.com\\\/wp-content\\\/uploads\\\/2024\\\/04\\\/cropped-www.diarioprincipios.com_-1.png\",\"width\":5325,\"height\":1454,\"caption\":\"Principios\"},\"image\":{\"@id\":\"https:\\\/\\\/diarioprincipios.com\\\/#\\\/schema\\\/logo\\\/image\\\/\"}},{\"@type\":\"Person\",\"@id\":\"https:\\\/\\\/diarioprincipios.com\\\/#\\\/schema\\\/person\\\/436d5a1fd41a5e250e23ff5a6a7cb080\",\"name\":\"Hern\u00e1n L\u00f3pez\",\"image\":{\"@type\":\"ImageObject\",\"inLanguage\":\"es\",\"@id\":\"https:\\\/\\\/diarioprincipios.com\\\/wp-content\\\/litespeed\\\/avatar\\\/11ddfe5610ff3bd100522525b2571f48.jpg?ver=1777653193\",\"url\":\"https:\\\/\\\/diarioprincipios.com\\\/wp-content\\\/litespeed\\\/avatar\\\/11ddfe5610ff3bd100522525b2571f48.jpg?ver=1777653193\",\"contentUrl\":\"https:\\\/\\\/diarioprincipios.com\\\/wp-content\\\/litespeed\\\/avatar\\\/11ddfe5610ff3bd100522525b2571f48.jpg?ver=1777653193\",\"caption\":\"Hern\u00e1n L\u00f3pez\"},\"url\":\"https:\\\/\\\/diarioprincipios.com\\\/index.php\\\/author\\\/hernan\\\/\"}]}<\/script>\n<!-- \/ Yoast SEO plugin. -->","yoast_head_json":{"title":"M\u00e1s de 700 personas inoculadas en La Noche de las Vacunas - Principios","robots":{"index":"index","follow":"follow","max-snippet":"max-snippet:-1","max-image-preview":"max-image-preview:large","max-video-preview":"max-video-preview:-1"},"canonical":"https:\/\/diarioprincipios.com\/index.php\/2022\/02\/08\/mas-de-700-personas-inoculadas-en-la-noche-de-las-vacunas\/","og_locale":"es_ES","og_type":"article","og_title":"M\u00e1s de 700 personas inoculadas en La Noche de las Vacunas - Principios","og_description":"La Noche de las Vacunas -que se desarroll\u00f3 en gran parte del territorio bonaerense- tuvo una gran convocatoria en Berazategui, con m\u00e1s de 700 personas inmunizadas. El objetivo principal fue que los vecinos y vecinas pudieran completar sus esquemas contra el COVID-19. La jornada de vacunaci\u00f3n nocturna se despleg\u00f3 en el Centro de Actividades Roberto...","og_url":"https:\/\/diarioprincipios.com\/index.php\/2022\/02\/08\/mas-de-700-personas-inoculadas-en-la-noche-de-las-vacunas\/","og_site_name":"Principios","article_published_time":"2022-02-09T01:46:33+00:00","article_modified_time":"2022-02-09T01:46:38+00:00","og_image":[{"width":1920,"height":1280,"url":"https:\/\/diarioprincipios.com\/wp-content\/uploads\/2022\/02\/MAS-DE-700-PERSONAS-FUERON-INOCULADAS-EN-LA-NOCHE-DE-LAS-VACUNAS-EN-BERAZATEGUI-4-2.jpg","type":"image\/jpeg"}],"author":"Hern\u00e1n L\u00f3pez","twitter_card":"summary_large_image","twitter_misc":{"Escrito por":"Hern\u00e1n L\u00f3pez","Tiempo de lectura":"2 minutos"},"schema":{"@context":"https:\/\/schema.org","@graph":[{"@type":"Article","@id":"https:\/\/diarioprincipios.com\/index.php\/2022\/02\/08\/mas-de-700-personas-inoculadas-en-la-noche-de-las-vacunas\/#article","isPartOf":{"@id":"https:\/\/diarioprincipios.com\/index.php\/2022\/02\/08\/mas-de-700-personas-inoculadas-en-la-noche-de-las-vacunas\/"},"author":{"name":"Hern\u00e1n L\u00f3pez","@id":"https:\/\/diarioprincipios.com\/#\/schema\/person\/436d5a1fd41a5e250e23ff5a6a7cb080"},"headline":"M\u00e1s de 700 personas inoculadas en La Noche de las Vacunas","datePublished":"2022-02-09T01:46:33+00:00","dateModified":"2022-02-09T01:46:38+00:00","mainEntityOfPage":{"@id":"https:\/\/diarioprincipios.com\/index.php\/2022\/02\/08\/mas-de-700-personas-inoculadas-en-la-noche-de-las-vacunas\/"},"wordCount":375,"commentCount":0,"publisher":{"@id":"https:\/\/diarioprincipios.com\/#organization"},"image":{"@id":"https:\/\/diarioprincipios.com\/index.php\/2022\/02\/08\/mas-de-700-personas-inoculadas-en-la-noche-de-las-vacunas\/#primaryimage"},"thumbnailUrl":"https:\/\/diarioprincipios.com\/wp-content\/uploads\/2022\/02\/MAS-DE-700-PERSONAS-FUERON-INOCULADAS-EN-LA-NOCHE-DE-LAS-VACUNAS-EN-BERAZATEGUI-4-2.jpg","articleSection":["Berazategui"],"inLanguage":"es","potentialAction":[{"@type":"CommentAction","name":"Comment","target":["https:\/\/diarioprincipios.com\/index.php\/2022\/02\/08\/mas-de-700-personas-inoculadas-en-la-noche-de-las-vacunas\/#respond"]}]},{"@type":"WebPage","@id":"https:\/\/diarioprincipios.com\/index.php\/2022\/02\/08\/mas-de-700-personas-inoculadas-en-la-noche-de-las-vacunas\/","url":"https:\/\/diarioprincipios.com\/index.php\/2022\/02\/08\/mas-de-700-personas-inoculadas-en-la-noche-de-las-vacunas\/","name":"M\u00e1s de 700 personas inoculadas en La Noche de las Vacunas - Principios","isPartOf":{"@id":"https:\/\/diarioprincipios.com\/#website"},"primaryImageOfPage":{"@id":"https:\/\/diarioprincipios.com\/index.php\/2022\/02\/08\/mas-de-700-personas-inoculadas-en-la-noche-de-las-vacunas\/#primaryimage"},"image":{"@id":"https:\/\/diarioprincipios.com\/index.php\/2022\/02\/08\/mas-de-700-personas-inoculadas-en-la-noche-de-las-vacunas\/#primaryimage"},"thumbnailUrl":"https:\/\/diarioprincipios.com\/wp-content\/uploads\/2022\/02\/MAS-DE-700-PERSONAS-FUERON-INOCULADAS-EN-LA-NOCHE-DE-LAS-VACUNAS-EN-BERAZATEGUI-4-2.jpg","datePublished":"2022-02-09T01:46:33+00:00","dateModified":"2022-02-09T01:46:38+00:00","breadcrumb":{"@id":"https:\/\/diarioprincipios.com\/index.php\/2022\/02\/08\/mas-de-700-personas-inoculadas-en-la-noche-de-las-vacunas\/#breadcrumb"},"inLanguage":"es","potentialAction":[{"@type":"ReadAction","target":["https:\/\/diarioprincipios.com\/index.php\/2022\/02\/08\/mas-de-700-personas-inoculadas-en-la-noche-de-las-vacunas\/"]}]},{"@type":"ImageObject","inLanguage":"es","@id":"https:\/\/diarioprincipios.com\/index.php\/2022\/02\/08\/mas-de-700-personas-inoculadas-en-la-noche-de-las-vacunas\/#primaryimage","url":"https:\/\/diarioprincipios.com\/wp-content\/uploads\/2022\/02\/MAS-DE-700-PERSONAS-FUERON-INOCULADAS-EN-LA-NOCHE-DE-LAS-VACUNAS-EN-BERAZATEGUI-4-2.jpg","contentUrl":"https:\/\/diarioprincipios.com\/wp-content\/uploads\/2022\/02\/MAS-DE-700-PERSONAS-FUERON-INOCULADAS-EN-LA-NOCHE-DE-LAS-VACUNAS-EN-BERAZATEGUI-4-2.jpg","width":1920,"height":1280},{"@type":"BreadcrumbList","@id":"https:\/\/diarioprincipios.com\/index.php\/2022\/02\/08\/mas-de-700-personas-inoculadas-en-la-noche-de-las-vacunas\/#breadcrumb","itemListElement":[{"@type":"ListItem","position":1,"name":"Portada","item":"https:\/\/diarioprincipios.com\/"},{"@type":"ListItem","position":2,"name":"M\u00e1s de 700 personas inoculadas en La Noche de las Vacunas"}]},{"@type":"WebSite","@id":"https:\/\/diarioprincipios.com\/#website","url":"https:\/\/diarioprincipios.com\/","name":"Principios","description":"Principios Diario","publisher":{"@id":"https:\/\/diarioprincipios.com\/#organization"},"potentialAction":[{"@type":"SearchAction","target":{"@type":"EntryPoint","urlTemplate":"https:\/\/diarioprincipios.com\/?s={search_term_string}"},"query-input":{"@type":"PropertyValueSpecification","valueRequired":true,"valueName":"search_term_string"}}],"inLanguage":"es"},{"@type":"Organization","@id":"https:\/\/diarioprincipios.com\/#organization","name":"Principios","url":"https:\/\/diarioprincipios.com\/","logo":{"@type":"ImageObject","inLanguage":"es","@id":"https:\/\/diarioprincipios.com\/#\/schema\/logo\/image\/","url":"https:\/\/diarioprincipios.com\/wp-content\/uploads\/2024\/04\/cropped-www.diarioprincipios.com_-1.png","contentUrl":"https:\/\/diarioprincipios.com\/wp-content\/uploads\/2024\/04\/cropped-www.diarioprincipios.com_-1.png","width":5325,"height":1454,"caption":"Principios"},"image":{"@id":"https:\/\/diarioprincipios.com\/#\/schema\/logo\/image\/"}},{"@type":"Person","@id":"https:\/\/diarioprincipios.com\/#\/schema\/person\/436d5a1fd41a5e250e23ff5a6a7cb080","name":"Hern\u00e1n L\u00f3pez","image":{"@type":"ImageObject","inLanguage":"es","@id":"https:\/\/diarioprincipios.com\/wp-content\/litespeed\/avatar\/11ddfe5610ff3bd100522525b2571f48.jpg?ver=1777653193","url":"https:\/\/diarioprincipios.com\/wp-content\/litespeed\/avatar\/11ddfe5610ff3bd100522525b2571f48.jpg?ver=1777653193","contentUrl":"https:\/\/diarioprincipios.com\/wp-content\/litespeed\/avatar\/11ddfe5610ff3bd100522525b2571f48.jpg?ver=1777653193","caption":"Hern\u00e1n L\u00f3pez"},"url":"https:\/\/diarioprincipios.com\/index.php\/author\/hernan\/"}]}},"jetpack_featured_media_url":"https:\/\/diarioprincipios.com\/wp-content\/uploads\/2022\/02\/MAS-DE-700-PERSONAS-FUERON-INOCULADAS-EN-LA-NOCHE-DE-LAS-VACUNAS-EN-BERAZATEGUI-4-2.jpg","_links":{"self":[{"href":"https:\/\/diarioprincipios.com\/index.php\/wp-json\/wp\/v2\/posts\/12529","targetHints":{"allow":["GET"]}}],"collection":[{"href":"https:\/\/diarioprincipios.com\/index.php\/wp-json\/wp\/v2\/posts"}],"about":[{"href":"https:\/\/diarioprincipios.com\/index.php\/wp-json\/wp\/v2\/types\/post"}],"author":[{"embeddable":true,"href":"https:\/\/diarioprincipios.com\/index.php\/wp-json\/wp\/v2\/users\/2"}],"replies":[{"embeddable":true,"href":"https:\/\/diarioprincipios.com\/index.php\/wp-json\/wp\/v2\/comments?post=12529"}],"version-history":[{"count":1,"href":"https:\/\/diarioprincipios.com\/index.php\/wp-json\/wp\/v2\/posts\/12529\/revisions"}],"predecessor-version":[{"id":12531,"href":"https:\/\/diarioprincipios.com\/index.php\/wp-json\/wp\/v2\/posts\/12529\/revisions\/12531"}],"wp:featuredmedia":[{"embeddable":true,"href":"https:\/\/diarioprincipios.com\/index.php\/wp-json\/wp\/v2\/media\/12530"}],"wp:attachment":[{"href":"https:\/\/diarioprincipios.com\/index.php\/wp-json\/wp\/v2\/media?parent=12529"}],"wp:term":[{"taxonomy":"category","embeddable":true,"href":"https:\/\/diarioprincipios.com\/index.php\/wp-json\/wp\/v2\/categories?post=12529"},{"taxonomy":"post_tag","embeddable":true,"href":"https:\/\/diarioprincipios.com\/index.php\/wp-json\/wp\/v2\/tags?post=12529"}],"curies":[{"name":"wp","href":"https:\/\/api.w.org\/{rel}","templated":true}]}}