{"id":12519,"date":"2022-02-06T00:25:51","date_gmt":"2022-02-06T03:25:51","guid":{"rendered":"http:\/\/diarioprincipios.com\/?p=12519"},"modified":"2022-02-06T00:32:54","modified_gmt":"2022-02-06T03:32:54","slug":"abre-la-inscripcion-a-las-escuelas-y-talleres-de-cultura","status":"publish","type":"post","link":"https:\/\/diarioprincipios.com\/index.php\/2022\/02\/06\/abre-la-inscripcion-a-las-escuelas-y-talleres-de-cultura\/","title":{"rendered":"Abre la inscripci\u00f3n a las Escuelas y Talleres de Cultura"},"content":{"rendered":"\n<p><strong>La Municipalidad de Berazategui informa que en el transcurso de la  semana permanecer\u00e1 abierta la inscripci\u00f3n para los talleres y las diferentes Escuelas municipales de la Secretar\u00eda de Cultura y Educaci\u00f3n.<br><\/strong><br>De esta manera, los interesados en inscribirse podr\u00e1n hacerlo del lunes 7 al s\u00e1bado 12 de febrero en forma virtual y gratuita, a trav\u00e9s de la p\u00e1gina&nbsp;<a href=\"http:\/\/berazategui.gob.ar\/cultura\" target=\"_blank\" rel=\"noreferrer noopener\">berazategui.gob.ar\/cultura<\/a>.<\/p>\n\n\n\n<figure class=\"wp-block-image size-full\"><img loading=\"lazy\" decoding=\"async\" width=\"901\" height=\"901\" src=\"https:\/\/diarioprincipios.com\/wp-content\/uploads\/2022\/02\/CICLO-2022-ABRE-LA-INSCRIPCION-A-LAS-ESCUELAS-Y-TALLERES-DE-CULTURA.jpeg\" alt=\"\" class=\"wp-image-12521\" srcset=\"https:\/\/diarioprincipios.com\/wp-content\/uploads\/2022\/02\/CICLO-2022-ABRE-LA-INSCRIPCION-A-LAS-ESCUELAS-Y-TALLERES-DE-CULTURA.jpeg 901w, https:\/\/diarioprincipios.com\/wp-content\/uploads\/2022\/02\/CICLO-2022-ABRE-LA-INSCRIPCION-A-LAS-ESCUELAS-Y-TALLERES-DE-CULTURA-300x300.jpeg 300w, https:\/\/diarioprincipios.com\/wp-content\/uploads\/2022\/02\/CICLO-2022-ABRE-LA-INSCRIPCION-A-LAS-ESCUELAS-Y-TALLERES-DE-CULTURA-150x150.jpeg 150w, https:\/\/diarioprincipios.com\/wp-content\/uploads\/2022\/02\/CICLO-2022-ABRE-LA-INSCRIPCION-A-LAS-ESCUELAS-Y-TALLERES-DE-CULTURA-768x768.jpeg 768w\" sizes=\"auto, (max-width: 901px) 100vw, 901px\" \/><\/figure>\n\n\n\n<p>En este mismo sitio web, adem\u00e1s, se encuentra en detalle toda la oferta educativa de la Secretar\u00eda de Cultura municipal, con sus respectivas Escuelas y Talleres disponibles.<\/p>\n\n\n\n<p>Luego, del martes 15 al s\u00e1bado 19 de febrero, quienes se hayan inscripto deber\u00e1n acercarse a la sede indicada al realizar el tr\u00e1mite y hacer la confirmaci\u00f3n de manera presencial.<\/p>\n","protected":false},"excerpt":{"rendered":"<p>La Municipalidad de Berazategui informa que en el transcurso de la semana permanecer\u00e1 abierta la inscripci\u00f3n para los talleres y las diferentes Escuelas municipales de la Secretar\u00eda de Cultura y Educaci\u00f3n.De esta manera, los interesados en inscribirse podr\u00e1n hacerlo del lunes 7 al s\u00e1bado 12 de febrero en forma virtual y gratuita, a trav\u00e9s de&#8230;<\/p>\n","protected":false},"author":2,"featured_media":12525,"comment_status":"open","ping_status":"open","sticky":false,"template":"","format":"standard","meta":{"footnotes":""},"categories":[3],"tags":[],"class_list":["post-12519","post","type-post","status-publish","format-standard","has-post-thumbnail","hentry","category-berazategui"],"featured_image_src":"https:\/\/diarioprincipios.com\/wp-content\/uploads\/2022\/02\/bera-rigolleau-A-2.jpeg","blog_images":{"medium":"https:\/\/diarioprincipios.com\/wp-content\/uploads\/2022\/02\/bera-rigolleau-A-2-300x165.jpeg","large":"https:\/\/diarioprincipios.com\/wp-content\/uploads\/2022\/02\/bera-rigolleau-A-2.jpeg"},"ams_acf":[],"yoast_head":"<!-- This site is optimized with the Yoast SEO plugin v27.3 - https:\/\/yoast.com\/product\/yoast-seo-wordpress\/ -->\n<title>Abre la inscripci\u00f3n a las Escuelas y Talleres de Cultura - Principios<\/title>\n<meta name=\"robots\" content=\"index, follow, max-snippet:-1, max-image-preview:large, max-video-preview:-1\" \/>\n<link rel=\"canonical\" href=\"https:\/\/diarioprincipios.com\/index.php\/2022\/02\/06\/abre-la-inscripcion-a-las-escuelas-y-talleres-de-cultura\/\" \/>\n<meta property=\"og:locale\" content=\"es_ES\" \/>\n<meta property=\"og:type\" content=\"article\" \/>\n<meta property=\"og:title\" content=\"Abre la inscripci\u00f3n a las Escuelas y Talleres de Cultura - Principios\" \/>\n<meta property=\"og:description\" content=\"La Municipalidad de Berazategui informa que en el transcurso de la semana permanecer\u00e1 abierta la inscripci\u00f3n para los talleres y las diferentes Escuelas municipales de la Secretar\u00eda de Cultura y Educaci\u00f3n.De esta manera, los interesados en inscribirse podr\u00e1n hacerlo del lunes 7 al s\u00e1bado 12 de febrero en forma virtual y gratuita, a trav\u00e9s de...\" \/>\n<meta property=\"og:url\" content=\"https:\/\/diarioprincipios.com\/index.php\/2022\/02\/06\/abre-la-inscripcion-a-las-escuelas-y-talleres-de-cultura\/\" \/>\n<meta property=\"og:site_name\" content=\"Principios\" \/>\n<meta property=\"article:published_time\" content=\"2022-02-06T03:25:51+00:00\" \/>\n<meta property=\"article:modified_time\" content=\"2022-02-06T03:32:54+00:00\" \/>\n<meta property=\"og:image\" content=\"https:\/\/diarioprincipios.com\/wp-content\/uploads\/2022\/02\/bera-rigolleau-A-2.jpeg\" \/>\n\t<meta property=\"og:image:width\" content=\"722\" \/>\n\t<meta property=\"og:image:height\" content=\"397\" \/>\n\t<meta property=\"og:image:type\" content=\"image\/jpeg\" \/>\n<meta name=\"author\" content=\"Hern\u00e1n L\u00f3pez\" \/>\n<meta name=\"twitter:card\" content=\"summary_large_image\" \/>\n<meta name=\"twitter:label1\" content=\"Escrito por\" \/>\n\t<meta name=\"twitter:data1\" content=\"Hern\u00e1n L\u00f3pez\" \/>\n\t<meta name=\"twitter:label2\" content=\"Tiempo de lectura\" \/>\n\t<meta name=\"twitter:data2\" content=\"1 minuto\" \/>\n<script type=\"application\/ld+json\" class=\"yoast-schema-graph\">{\"@context\":\"https:\\\/\\\/schema.org\",\"@graph\":[{\"@type\":\"Article\",\"@id\":\"https:\\\/\\\/diarioprincipios.com\\\/index.php\\\/2022\\\/02\\\/06\\\/abre-la-inscripcion-a-las-escuelas-y-talleres-de-cultura\\\/#article\",\"isPartOf\":{\"@id\":\"https:\\\/\\\/diarioprincipios.com\\\/index.php\\\/2022\\\/02\\\/06\\\/abre-la-inscripcion-a-las-escuelas-y-talleres-de-cultura\\\/\"},\"author\":{\"name\":\"Hern\u00e1n L\u00f3pez\",\"@id\":\"https:\\\/\\\/diarioprincipios.com\\\/#\\\/schema\\\/person\\\/436d5a1fd41a5e250e23ff5a6a7cb080\"},\"headline\":\"Abre la inscripci\u00f3n a las Escuelas y Talleres de Cultura\",\"datePublished\":\"2022-02-06T03:25:51+00:00\",\"dateModified\":\"2022-02-06T03:32:54+00:00\",\"mainEntityOfPage\":{\"@id\":\"https:\\\/\\\/diarioprincipios.com\\\/index.php\\\/2022\\\/02\\\/06\\\/abre-la-inscripcion-a-las-escuelas-y-talleres-de-cultura\\\/\"},\"wordCount\":140,\"commentCount\":0,\"publisher\":{\"@id\":\"https:\\\/\\\/diarioprincipios.com\\\/#organization\"},\"image\":{\"@id\":\"https:\\\/\\\/diarioprincipios.com\\\/index.php\\\/2022\\\/02\\\/06\\\/abre-la-inscripcion-a-las-escuelas-y-talleres-de-cultura\\\/#primaryimage\"},\"thumbnailUrl\":\"https:\\\/\\\/diarioprincipios.com\\\/wp-content\\\/uploads\\\/2022\\\/02\\\/bera-rigolleau-A-2.jpeg\",\"articleSection\":[\"Berazategui\"],\"inLanguage\":\"es\",\"potentialAction\":[{\"@type\":\"CommentAction\",\"name\":\"Comment\",\"target\":[\"https:\\\/\\\/diarioprincipios.com\\\/index.php\\\/2022\\\/02\\\/06\\\/abre-la-inscripcion-a-las-escuelas-y-talleres-de-cultura\\\/#respond\"]}]},{\"@type\":\"WebPage\",\"@id\":\"https:\\\/\\\/diarioprincipios.com\\\/index.php\\\/2022\\\/02\\\/06\\\/abre-la-inscripcion-a-las-escuelas-y-talleres-de-cultura\\\/\",\"url\":\"https:\\\/\\\/diarioprincipios.com\\\/index.php\\\/2022\\\/02\\\/06\\\/abre-la-inscripcion-a-las-escuelas-y-talleres-de-cultura\\\/\",\"name\":\"Abre la inscripci\u00f3n a las Escuelas y Talleres de Cultura - Principios\",\"isPartOf\":{\"@id\":\"https:\\\/\\\/diarioprincipios.com\\\/#website\"},\"primaryImageOfPage\":{\"@id\":\"https:\\\/\\\/diarioprincipios.com\\\/index.php\\\/2022\\\/02\\\/06\\\/abre-la-inscripcion-a-las-escuelas-y-talleres-de-cultura\\\/#primaryimage\"},\"image\":{\"@id\":\"https:\\\/\\\/diarioprincipios.com\\\/index.php\\\/2022\\\/02\\\/06\\\/abre-la-inscripcion-a-las-escuelas-y-talleres-de-cultura\\\/#primaryimage\"},\"thumbnailUrl\":\"https:\\\/\\\/diarioprincipios.com\\\/wp-content\\\/uploads\\\/2022\\\/02\\\/bera-rigolleau-A-2.jpeg\",\"datePublished\":\"2022-02-06T03:25:51+00:00\",\"dateModified\":\"2022-02-06T03:32:54+00:00\",\"breadcrumb\":{\"@id\":\"https:\\\/\\\/diarioprincipios.com\\\/index.php\\\/2022\\\/02\\\/06\\\/abre-la-inscripcion-a-las-escuelas-y-talleres-de-cultura\\\/#breadcrumb\"},\"inLanguage\":\"es\",\"potentialAction\":[{\"@type\":\"ReadAction\",\"target\":[\"https:\\\/\\\/diarioprincipios.com\\\/index.php\\\/2022\\\/02\\\/06\\\/abre-la-inscripcion-a-las-escuelas-y-talleres-de-cultura\\\/\"]}]},{\"@type\":\"ImageObject\",\"inLanguage\":\"es\",\"@id\":\"https:\\\/\\\/diarioprincipios.com\\\/index.php\\\/2022\\\/02\\\/06\\\/abre-la-inscripcion-a-las-escuelas-y-talleres-de-cultura\\\/#primaryimage\",\"url\":\"https:\\\/\\\/diarioprincipios.com\\\/wp-content\\\/uploads\\\/2022\\\/02\\\/bera-rigolleau-A-2.jpeg\",\"contentUrl\":\"https:\\\/\\\/diarioprincipios.com\\\/wp-content\\\/uploads\\\/2022\\\/02\\\/bera-rigolleau-A-2.jpeg\",\"width\":722,\"height\":397},{\"@type\":\"BreadcrumbList\",\"@id\":\"https:\\\/\\\/diarioprincipios.com\\\/index.php\\\/2022\\\/02\\\/06\\\/abre-la-inscripcion-a-las-escuelas-y-talleres-de-cultura\\\/#breadcrumb\",\"itemListElement\":[{\"@type\":\"ListItem\",\"position\":1,\"name\":\"Portada\",\"item\":\"https:\\\/\\\/diarioprincipios.com\\\/\"},{\"@type\":\"ListItem\",\"position\":2,\"name\":\"Abre la inscripci\u00f3n a las Escuelas y Talleres de Cultura\"}]},{\"@type\":\"WebSite\",\"@id\":\"https:\\\/\\\/diarioprincipios.com\\\/#website\",\"url\":\"https:\\\/\\\/diarioprincipios.com\\\/\",\"name\":\"Principios\",\"description\":\"Principios Diario\",\"publisher\":{\"@id\":\"https:\\\/\\\/diarioprincipios.com\\\/#organization\"},\"potentialAction\":[{\"@type\":\"SearchAction\",\"target\":{\"@type\":\"EntryPoint\",\"urlTemplate\":\"https:\\\/\\\/diarioprincipios.com\\\/?s={search_term_string}\"},\"query-input\":{\"@type\":\"PropertyValueSpecification\",\"valueRequired\":true,\"valueName\":\"search_term_string\"}}],\"inLanguage\":\"es\"},{\"@type\":\"Organization\",\"@id\":\"https:\\\/\\\/diarioprincipios.com\\\/#organization\",\"name\":\"Principios\",\"url\":\"https:\\\/\\\/diarioprincipios.com\\\/\",\"logo\":{\"@type\":\"ImageObject\",\"inLanguage\":\"es\",\"@id\":\"https:\\\/\\\/diarioprincipios.com\\\/#\\\/schema\\\/logo\\\/image\\\/\",\"url\":\"https:\\\/\\\/diarioprincipios.com\\\/wp-content\\\/uploads\\\/2024\\\/04\\\/cropped-www.diarioprincipios.com_-1.png\",\"contentUrl\":\"https:\\\/\\\/diarioprincipios.com\\\/wp-content\\\/uploads\\\/2024\\\/04\\\/cropped-www.diarioprincipios.com_-1.png\",\"width\":5325,\"height\":1454,\"caption\":\"Principios\"},\"image\":{\"@id\":\"https:\\\/\\\/diarioprincipios.com\\\/#\\\/schema\\\/logo\\\/image\\\/\"}},{\"@type\":\"Person\",\"@id\":\"https:\\\/\\\/diarioprincipios.com\\\/#\\\/schema\\\/person\\\/436d5a1fd41a5e250e23ff5a6a7cb080\",\"name\":\"Hern\u00e1n L\u00f3pez\",\"image\":{\"@type\":\"ImageObject\",\"inLanguage\":\"es\",\"@id\":\"https:\\\/\\\/diarioprincipios.com\\\/wp-content\\\/litespeed\\\/avatar\\\/11ddfe5610ff3bd100522525b2571f48.jpg?ver=1777653193\",\"url\":\"https:\\\/\\\/diarioprincipios.com\\\/wp-content\\\/litespeed\\\/avatar\\\/11ddfe5610ff3bd100522525b2571f48.jpg?ver=1777653193\",\"contentUrl\":\"https:\\\/\\\/diarioprincipios.com\\\/wp-content\\\/litespeed\\\/avatar\\\/11ddfe5610ff3bd100522525b2571f48.jpg?ver=1777653193\",\"caption\":\"Hern\u00e1n L\u00f3pez\"},\"url\":\"https:\\\/\\\/diarioprincipios.com\\\/index.php\\\/author\\\/hernan\\\/\"}]}<\/script>\n<!-- \/ Yoast SEO plugin. -->","yoast_head_json":{"title":"Abre la inscripci\u00f3n a las Escuelas y Talleres de Cultura - Principios","robots":{"index":"index","follow":"follow","max-snippet":"max-snippet:-1","max-image-preview":"max-image-preview:large","max-video-preview":"max-video-preview:-1"},"canonical":"https:\/\/diarioprincipios.com\/index.php\/2022\/02\/06\/abre-la-inscripcion-a-las-escuelas-y-talleres-de-cultura\/","og_locale":"es_ES","og_type":"article","og_title":"Abre la inscripci\u00f3n a las Escuelas y Talleres de Cultura - Principios","og_description":"La Municipalidad de Berazategui informa que en el transcurso de la semana permanecer\u00e1 abierta la inscripci\u00f3n para los talleres y las diferentes Escuelas municipales de la Secretar\u00eda de Cultura y Educaci\u00f3n.De esta manera, los interesados en inscribirse podr\u00e1n hacerlo del lunes 7 al s\u00e1bado 12 de febrero en forma virtual y gratuita, a trav\u00e9s de...","og_url":"https:\/\/diarioprincipios.com\/index.php\/2022\/02\/06\/abre-la-inscripcion-a-las-escuelas-y-talleres-de-cultura\/","og_site_name":"Principios","article_published_time":"2022-02-06T03:25:51+00:00","article_modified_time":"2022-02-06T03:32:54+00:00","og_image":[{"width":722,"height":397,"url":"https:\/\/diarioprincipios.com\/wp-content\/uploads\/2022\/02\/bera-rigolleau-A-2.jpeg","type":"image\/jpeg"}],"author":"Hern\u00e1n L\u00f3pez","twitter_card":"summary_large_image","twitter_misc":{"Escrito por":"Hern\u00e1n L\u00f3pez","Tiempo de lectura":"1 minuto"},"schema":{"@context":"https:\/\/schema.org","@graph":[{"@type":"Article","@id":"https:\/\/diarioprincipios.com\/index.php\/2022\/02\/06\/abre-la-inscripcion-a-las-escuelas-y-talleres-de-cultura\/#article","isPartOf":{"@id":"https:\/\/diarioprincipios.com\/index.php\/2022\/02\/06\/abre-la-inscripcion-a-las-escuelas-y-talleres-de-cultura\/"},"author":{"name":"Hern\u00e1n L\u00f3pez","@id":"https:\/\/diarioprincipios.com\/#\/schema\/person\/436d5a1fd41a5e250e23ff5a6a7cb080"},"headline":"Abre la inscripci\u00f3n a las Escuelas y Talleres de Cultura","datePublished":"2022-02-06T03:25:51+00:00","dateModified":"2022-02-06T03:32:54+00:00","mainEntityOfPage":{"@id":"https:\/\/diarioprincipios.com\/index.php\/2022\/02\/06\/abre-la-inscripcion-a-las-escuelas-y-talleres-de-cultura\/"},"wordCount":140,"commentCount":0,"publisher":{"@id":"https:\/\/diarioprincipios.com\/#organization"},"image":{"@id":"https:\/\/diarioprincipios.com\/index.php\/2022\/02\/06\/abre-la-inscripcion-a-las-escuelas-y-talleres-de-cultura\/#primaryimage"},"thumbnailUrl":"https:\/\/diarioprincipios.com\/wp-content\/uploads\/2022\/02\/bera-rigolleau-A-2.jpeg","articleSection":["Berazategui"],"inLanguage":"es","potentialAction":[{"@type":"CommentAction","name":"Comment","target":["https:\/\/diarioprincipios.com\/index.php\/2022\/02\/06\/abre-la-inscripcion-a-las-escuelas-y-talleres-de-cultura\/#respond"]}]},{"@type":"WebPage","@id":"https:\/\/diarioprincipios.com\/index.php\/2022\/02\/06\/abre-la-inscripcion-a-las-escuelas-y-talleres-de-cultura\/","url":"https:\/\/diarioprincipios.com\/index.php\/2022\/02\/06\/abre-la-inscripcion-a-las-escuelas-y-talleres-de-cultura\/","name":"Abre la inscripci\u00f3n a las Escuelas y Talleres de Cultura - Principios","isPartOf":{"@id":"https:\/\/diarioprincipios.com\/#website"},"primaryImageOfPage":{"@id":"https:\/\/diarioprincipios.com\/index.php\/2022\/02\/06\/abre-la-inscripcion-a-las-escuelas-y-talleres-de-cultura\/#primaryimage"},"image":{"@id":"https:\/\/diarioprincipios.com\/index.php\/2022\/02\/06\/abre-la-inscripcion-a-las-escuelas-y-talleres-de-cultura\/#primaryimage"},"thumbnailUrl":"https:\/\/diarioprincipios.com\/wp-content\/uploads\/2022\/02\/bera-rigolleau-A-2.jpeg","datePublished":"2022-02-06T03:25:51+00:00","dateModified":"2022-02-06T03:32:54+00:00","breadcrumb":{"@id":"https:\/\/diarioprincipios.com\/index.php\/2022\/02\/06\/abre-la-inscripcion-a-las-escuelas-y-talleres-de-cultura\/#breadcrumb"},"inLanguage":"es","potentialAction":[{"@type":"ReadAction","target":["https:\/\/diarioprincipios.com\/index.php\/2022\/02\/06\/abre-la-inscripcion-a-las-escuelas-y-talleres-de-cultura\/"]}]},{"@type":"ImageObject","inLanguage":"es","@id":"https:\/\/diarioprincipios.com\/index.php\/2022\/02\/06\/abre-la-inscripcion-a-las-escuelas-y-talleres-de-cultura\/#primaryimage","url":"https:\/\/diarioprincipios.com\/wp-content\/uploads\/2022\/02\/bera-rigolleau-A-2.jpeg","contentUrl":"https:\/\/diarioprincipios.com\/wp-content\/uploads\/2022\/02\/bera-rigolleau-A-2.jpeg","width":722,"height":397},{"@type":"BreadcrumbList","@id":"https:\/\/diarioprincipios.com\/index.php\/2022\/02\/06\/abre-la-inscripcion-a-las-escuelas-y-talleres-de-cultura\/#breadcrumb","itemListElement":[{"@type":"ListItem","position":1,"name":"Portada","item":"https:\/\/diarioprincipios.com\/"},{"@type":"ListItem","position":2,"name":"Abre la inscripci\u00f3n a las Escuelas y Talleres de Cultura"}]},{"@type":"WebSite","@id":"https:\/\/diarioprincipios.com\/#website","url":"https:\/\/diarioprincipios.com\/","name":"Principios","description":"Principios Diario","publisher":{"@id":"https:\/\/diarioprincipios.com\/#organization"},"potentialAction":[{"@type":"SearchAction","target":{"@type":"EntryPoint","urlTemplate":"https:\/\/diarioprincipios.com\/?s={search_term_string}"},"query-input":{"@type":"PropertyValueSpecification","valueRequired":true,"valueName":"search_term_string"}}],"inLanguage":"es"},{"@type":"Organization","@id":"https:\/\/diarioprincipios.com\/#organization","name":"Principios","url":"https:\/\/diarioprincipios.com\/","logo":{"@type":"ImageObject","inLanguage":"es","@id":"https:\/\/diarioprincipios.com\/#\/schema\/logo\/image\/","url":"https:\/\/diarioprincipios.com\/wp-content\/uploads\/2024\/04\/cropped-www.diarioprincipios.com_-1.png","contentUrl":"https:\/\/diarioprincipios.com\/wp-content\/uploads\/2024\/04\/cropped-www.diarioprincipios.com_-1.png","width":5325,"height":1454,"caption":"Principios"},"image":{"@id":"https:\/\/diarioprincipios.com\/#\/schema\/logo\/image\/"}},{"@type":"Person","@id":"https:\/\/diarioprincipios.com\/#\/schema\/person\/436d5a1fd41a5e250e23ff5a6a7cb080","name":"Hern\u00e1n L\u00f3pez","image":{"@type":"ImageObject","inLanguage":"es","@id":"https:\/\/diarioprincipios.com\/wp-content\/litespeed\/avatar\/11ddfe5610ff3bd100522525b2571f48.jpg?ver=1777653193","url":"https:\/\/diarioprincipios.com\/wp-content\/litespeed\/avatar\/11ddfe5610ff3bd100522525b2571f48.jpg?ver=1777653193","contentUrl":"https:\/\/diarioprincipios.com\/wp-content\/litespeed\/avatar\/11ddfe5610ff3bd100522525b2571f48.jpg?ver=1777653193","caption":"Hern\u00e1n L\u00f3pez"},"url":"https:\/\/diarioprincipios.com\/index.php\/author\/hernan\/"}]}},"jetpack_featured_media_url":"https:\/\/diarioprincipios.com\/wp-content\/uploads\/2022\/02\/bera-rigolleau-A-2.jpeg","_links":{"self":[{"href":"https:\/\/diarioprincipios.com\/index.php\/wp-json\/wp\/v2\/posts\/12519","targetHints":{"allow":["GET"]}}],"collection":[{"href":"https:\/\/diarioprincipios.com\/index.php\/wp-json\/wp\/v2\/posts"}],"about":[{"href":"https:\/\/diarioprincipios.com\/index.php\/wp-json\/wp\/v2\/types\/post"}],"author":[{"embeddable":true,"href":"https:\/\/diarioprincipios.com\/index.php\/wp-json\/wp\/v2\/users\/2"}],"replies":[{"embeddable":true,"href":"https:\/\/diarioprincipios.com\/index.php\/wp-json\/wp\/v2\/comments?post=12519"}],"version-history":[{"count":2,"href":"https:\/\/diarioprincipios.com\/index.php\/wp-json\/wp\/v2\/posts\/12519\/revisions"}],"predecessor-version":[{"id":12524,"href":"https:\/\/diarioprincipios.com\/index.php\/wp-json\/wp\/v2\/posts\/12519\/revisions\/12524"}],"wp:featuredmedia":[{"embeddable":true,"href":"https:\/\/diarioprincipios.com\/index.php\/wp-json\/wp\/v2\/media\/12525"}],"wp:attachment":[{"href":"https:\/\/diarioprincipios.com\/index.php\/wp-json\/wp\/v2\/media?parent=12519"}],"wp:term":[{"taxonomy":"category","embeddable":true,"href":"https:\/\/diarioprincipios.com\/index.php\/wp-json\/wp\/v2\/categories?post=12519"},{"taxonomy":"post_tag","embeddable":true,"href":"https:\/\/diarioprincipios.com\/index.php\/wp-json\/wp\/v2\/tags?post=12519"}],"curies":[{"name":"wp","href":"https:\/\/api.w.org\/{rel}","templated":true}]}}