{"id":12509,"date":"2022-02-05T21:21:09","date_gmt":"2022-02-06T00:21:09","guid":{"rendered":"http:\/\/diarioprincipios.com\/?p=12509"},"modified":"2022-02-05T21:21:11","modified_gmt":"2022-02-06T00:21:11","slug":"ampliacion-de-la-escuela-agraria-n-1-de-pereyra","status":"publish","type":"post","link":"https:\/\/diarioprincipios.com\/index.php\/2022\/02\/05\/ampliacion-de-la-escuela-agraria-n-1-de-pereyra\/","title":{"rendered":"Ampliaci\u00f3n de la Escuela Agraria N\u00b0 1 de Pereyra"},"content":{"rendered":"\n<p><strong>La Municipalidad de Berazategui -a cargo del intendente Juan Jos\u00e9 Mussi- inici\u00f3 los trabajos de ampliaci\u00f3n de la Escuela Agraria N\u00b0 1 (Paraje Santa Rosa, Parque Pereyra Iraola). Las obras, que se extender\u00e1n por unos cuatro meses, consisten en la construcci\u00f3n de dos aulas, un espacio administrativo y una sala para profesores. Son financiadas a trav\u00e9s del Fondo Educativo.<\/strong><\/p>\n\n\n\n<p>\u201cHemos comenzado con los trabajos de ampliaci\u00f3n de esta Escuela Agraria de Berazategui debido al notable incremento de su matr\u00edcula. Como se encuentra en una zona de quintas, cada a\u00f1o todos los chicos del lugar concurren a este establecimiento. As\u00ed que era necesaria la ampliaci\u00f3n de su capacidad\u201d, explic\u00f3 el arquitecto de la Secretar\u00eda de Obras P\u00fablicas, Alejandro Qui\u00f1ones.<\/p>\n\n\n\n<p>Las nuevas aulas -de 36 metros cuadrados- estar\u00e1n dise\u00f1adas para albergar a aproximadamente 30 alumnos, lo que permitir\u00e1 sumar a la matr\u00edcula de la instituci\u00f3n unos 60 estudiantes por turno. No obstante, el proyecto se llev\u00f3 adelante en un sector donde cada uno de estos espacios pueda ser ampliado en el futuro. Tambi\u00e9n se tuvo en cuenta la est\u00e9tica de la construcci\u00f3n original del establecimiento.<\/p>\n\n\n\n<p>\u201cTratamos de que todo este nuevo espacio tenga la misma est\u00e9tica, dise\u00f1o y funcionalidad de la Escuela. Por ejemplo, como todos los recorridos son semi-cubiertos a trav\u00e9s de galer\u00eda, el acceso a cada una de las aulas estar\u00e1 conectado mediante este mismo sistema de circulaci\u00f3n. Adem\u00e1s, tambi\u00e9n hemos tenido en cuenta que los ambientes dispongan de buena ventilaci\u00f3n y entrada de aire\u201d, indic\u00f3 Qui\u00f1ones.<\/p>\n\n\n\n<p>Por pedido de los directivos del establecimiento educativo, la obra tambi\u00e9n incluir\u00e1 la construcci\u00f3n de dos torres para la instalaci\u00f3n de dos tanques de reserva de agua en las zonas de corrales. Asimismo, a trav\u00e9s del Municipio, se realiz\u00f3 el recambio de postes y antiguas luminarias a todo el trayecto que separa a esta Escuela Agraria del Camino General Belgrano. Se trata de unos tres kil\u00f3metros, aproximadamente, que a partir de ahora estar\u00e1n iluminados por luces led.<\/p>\n","protected":false},"excerpt":{"rendered":"<p>La Municipalidad de Berazategui -a cargo del intendente Juan Jos\u00e9 Mussi- inici\u00f3 los trabajos de ampliaci\u00f3n de la Escuela Agraria N\u00b0 1 (Paraje Santa Rosa, Parque Pereyra Iraola). Las obras, que se extender\u00e1n por unos cuatro meses, consisten en la construcci\u00f3n de dos aulas, un espacio administrativo y una sala para profesores. Son financiadas a&#8230;<\/p>\n","protected":false},"author":2,"featured_media":12510,"comment_status":"open","ping_status":"open","sticky":false,"template":"","format":"standard","meta":{"footnotes":""},"categories":[3],"tags":[],"class_list":["post-12509","post","type-post","status-publish","format-standard","has-post-thumbnail","hentry","category-berazategui"],"featured_image_src":"https:\/\/diarioprincipios.com\/wp-content\/uploads\/2022\/02\/YA-ESTA-EN-MARCHA-LA-AMPLIACION-DE-LA-ESCUELA-AGRARIA-N\u00b0-1-DE-PEREYRA-2-1-1024x683.jpg","blog_images":{"medium":"https:\/\/diarioprincipios.com\/wp-content\/uploads\/2022\/02\/YA-ESTA-EN-MARCHA-LA-AMPLIACION-DE-LA-ESCUELA-AGRARIA-N\u00b0-1-DE-PEREYRA-2-1-300x200.jpg","large":"https:\/\/diarioprincipios.com\/wp-content\/uploads\/2022\/02\/YA-ESTA-EN-MARCHA-LA-AMPLIACION-DE-LA-ESCUELA-AGRARIA-N\u00b0-1-DE-PEREYRA-2-1-1024x683.jpg"},"ams_acf":[],"yoast_head":"<!-- This site is optimized with the Yoast SEO plugin v27.3 - https:\/\/yoast.com\/product\/yoast-seo-wordpress\/ -->\n<title>Ampliaci\u00f3n de la Escuela Agraria N\u00b0 1 de Pereyra - Principios<\/title>\n<meta name=\"robots\" content=\"index, follow, max-snippet:-1, max-image-preview:large, max-video-preview:-1\" \/>\n<link rel=\"canonical\" href=\"https:\/\/diarioprincipios.com\/index.php\/2022\/02\/05\/ampliacion-de-la-escuela-agraria-n-1-de-pereyra\/\" \/>\n<meta property=\"og:locale\" content=\"es_ES\" \/>\n<meta property=\"og:type\" content=\"article\" \/>\n<meta property=\"og:title\" content=\"Ampliaci\u00f3n de la Escuela Agraria N\u00b0 1 de Pereyra - Principios\" \/>\n<meta property=\"og:description\" content=\"La Municipalidad de Berazategui -a cargo del intendente Juan Jos\u00e9 Mussi- inici\u00f3 los trabajos de ampliaci\u00f3n de la Escuela Agraria N\u00b0 1 (Paraje Santa Rosa, Parque Pereyra Iraola). Las obras, que se extender\u00e1n por unos cuatro meses, consisten en la construcci\u00f3n de dos aulas, un espacio administrativo y una sala para profesores. Son financiadas a...\" \/>\n<meta property=\"og:url\" content=\"https:\/\/diarioprincipios.com\/index.php\/2022\/02\/05\/ampliacion-de-la-escuela-agraria-n-1-de-pereyra\/\" \/>\n<meta property=\"og:site_name\" content=\"Principios\" \/>\n<meta property=\"article:published_time\" content=\"2022-02-06T00:21:09+00:00\" \/>\n<meta property=\"article:modified_time\" content=\"2022-02-06T00:21:11+00:00\" \/>\n<meta property=\"og:image\" content=\"https:\/\/diarioprincipios.com\/wp-content\/uploads\/2022\/02\/YA-ESTA-EN-MARCHA-LA-AMPLIACION-DE-LA-ESCUELA-AGRARIA-N\u00b0-1-DE-PEREYRA-2-1.jpg\" \/>\n\t<meta property=\"og:image:width\" content=\"1920\" \/>\n\t<meta property=\"og:image:height\" content=\"1280\" \/>\n\t<meta property=\"og:image:type\" content=\"image\/jpeg\" \/>\n<meta name=\"author\" content=\"Hern\u00e1n L\u00f3pez\" \/>\n<meta name=\"twitter:card\" content=\"summary_large_image\" \/>\n<meta name=\"twitter:label1\" content=\"Escrito por\" \/>\n\t<meta name=\"twitter:data1\" content=\"Hern\u00e1n L\u00f3pez\" \/>\n\t<meta name=\"twitter:label2\" content=\"Tiempo de lectura\" \/>\n\t<meta name=\"twitter:data2\" content=\"2 minutos\" \/>\n<script type=\"application\/ld+json\" class=\"yoast-schema-graph\">{\"@context\":\"https:\\\/\\\/schema.org\",\"@graph\":[{\"@type\":\"Article\",\"@id\":\"https:\\\/\\\/diarioprincipios.com\\\/index.php\\\/2022\\\/02\\\/05\\\/ampliacion-de-la-escuela-agraria-n-1-de-pereyra\\\/#article\",\"isPartOf\":{\"@id\":\"https:\\\/\\\/diarioprincipios.com\\\/index.php\\\/2022\\\/02\\\/05\\\/ampliacion-de-la-escuela-agraria-n-1-de-pereyra\\\/\"},\"author\":{\"name\":\"Hern\u00e1n L\u00f3pez\",\"@id\":\"https:\\\/\\\/diarioprincipios.com\\\/#\\\/schema\\\/person\\\/436d5a1fd41a5e250e23ff5a6a7cb080\"},\"headline\":\"Ampliaci\u00f3n de la Escuela Agraria N\u00b0 1 de Pereyra\",\"datePublished\":\"2022-02-06T00:21:09+00:00\",\"dateModified\":\"2022-02-06T00:21:11+00:00\",\"mainEntityOfPage\":{\"@id\":\"https:\\\/\\\/diarioprincipios.com\\\/index.php\\\/2022\\\/02\\\/05\\\/ampliacion-de-la-escuela-agraria-n-1-de-pereyra\\\/\"},\"wordCount\":362,\"commentCount\":0,\"publisher\":{\"@id\":\"https:\\\/\\\/diarioprincipios.com\\\/#organization\"},\"image\":{\"@id\":\"https:\\\/\\\/diarioprincipios.com\\\/index.php\\\/2022\\\/02\\\/05\\\/ampliacion-de-la-escuela-agraria-n-1-de-pereyra\\\/#primaryimage\"},\"thumbnailUrl\":\"https:\\\/\\\/diarioprincipios.com\\\/wp-content\\\/uploads\\\/2022\\\/02\\\/YA-ESTA-EN-MARCHA-LA-AMPLIACION-DE-LA-ESCUELA-AGRARIA-N\u00b0-1-DE-PEREYRA-2-1.jpg\",\"articleSection\":[\"Berazategui\"],\"inLanguage\":\"es\",\"potentialAction\":[{\"@type\":\"CommentAction\",\"name\":\"Comment\",\"target\":[\"https:\\\/\\\/diarioprincipios.com\\\/index.php\\\/2022\\\/02\\\/05\\\/ampliacion-de-la-escuela-agraria-n-1-de-pereyra\\\/#respond\"]}]},{\"@type\":\"WebPage\",\"@id\":\"https:\\\/\\\/diarioprincipios.com\\\/index.php\\\/2022\\\/02\\\/05\\\/ampliacion-de-la-escuela-agraria-n-1-de-pereyra\\\/\",\"url\":\"https:\\\/\\\/diarioprincipios.com\\\/index.php\\\/2022\\\/02\\\/05\\\/ampliacion-de-la-escuela-agraria-n-1-de-pereyra\\\/\",\"name\":\"Ampliaci\u00f3n de la Escuela Agraria N\u00b0 1 de Pereyra - Principios\",\"isPartOf\":{\"@id\":\"https:\\\/\\\/diarioprincipios.com\\\/#website\"},\"primaryImageOfPage\":{\"@id\":\"https:\\\/\\\/diarioprincipios.com\\\/index.php\\\/2022\\\/02\\\/05\\\/ampliacion-de-la-escuela-agraria-n-1-de-pereyra\\\/#primaryimage\"},\"image\":{\"@id\":\"https:\\\/\\\/diarioprincipios.com\\\/index.php\\\/2022\\\/02\\\/05\\\/ampliacion-de-la-escuela-agraria-n-1-de-pereyra\\\/#primaryimage\"},\"thumbnailUrl\":\"https:\\\/\\\/diarioprincipios.com\\\/wp-content\\\/uploads\\\/2022\\\/02\\\/YA-ESTA-EN-MARCHA-LA-AMPLIACION-DE-LA-ESCUELA-AGRARIA-N\u00b0-1-DE-PEREYRA-2-1.jpg\",\"datePublished\":\"2022-02-06T00:21:09+00:00\",\"dateModified\":\"2022-02-06T00:21:11+00:00\",\"breadcrumb\":{\"@id\":\"https:\\\/\\\/diarioprincipios.com\\\/index.php\\\/2022\\\/02\\\/05\\\/ampliacion-de-la-escuela-agraria-n-1-de-pereyra\\\/#breadcrumb\"},\"inLanguage\":\"es\",\"potentialAction\":[{\"@type\":\"ReadAction\",\"target\":[\"https:\\\/\\\/diarioprincipios.com\\\/index.php\\\/2022\\\/02\\\/05\\\/ampliacion-de-la-escuela-agraria-n-1-de-pereyra\\\/\"]}]},{\"@type\":\"ImageObject\",\"inLanguage\":\"es\",\"@id\":\"https:\\\/\\\/diarioprincipios.com\\\/index.php\\\/2022\\\/02\\\/05\\\/ampliacion-de-la-escuela-agraria-n-1-de-pereyra\\\/#primaryimage\",\"url\":\"https:\\\/\\\/diarioprincipios.com\\\/wp-content\\\/uploads\\\/2022\\\/02\\\/YA-ESTA-EN-MARCHA-LA-AMPLIACION-DE-LA-ESCUELA-AGRARIA-N\u00b0-1-DE-PEREYRA-2-1.jpg\",\"contentUrl\":\"https:\\\/\\\/diarioprincipios.com\\\/wp-content\\\/uploads\\\/2022\\\/02\\\/YA-ESTA-EN-MARCHA-LA-AMPLIACION-DE-LA-ESCUELA-AGRARIA-N\u00b0-1-DE-PEREYRA-2-1.jpg\",\"width\":1920,\"height\":1280},{\"@type\":\"BreadcrumbList\",\"@id\":\"https:\\\/\\\/diarioprincipios.com\\\/index.php\\\/2022\\\/02\\\/05\\\/ampliacion-de-la-escuela-agraria-n-1-de-pereyra\\\/#breadcrumb\",\"itemListElement\":[{\"@type\":\"ListItem\",\"position\":1,\"name\":\"Portada\",\"item\":\"https:\\\/\\\/diarioprincipios.com\\\/\"},{\"@type\":\"ListItem\",\"position\":2,\"name\":\"Ampliaci\u00f3n de la Escuela Agraria N\u00b0 1 de Pereyra\"}]},{\"@type\":\"WebSite\",\"@id\":\"https:\\\/\\\/diarioprincipios.com\\\/#website\",\"url\":\"https:\\\/\\\/diarioprincipios.com\\\/\",\"name\":\"Principios\",\"description\":\"Principios Diario\",\"publisher\":{\"@id\":\"https:\\\/\\\/diarioprincipios.com\\\/#organization\"},\"potentialAction\":[{\"@type\":\"SearchAction\",\"target\":{\"@type\":\"EntryPoint\",\"urlTemplate\":\"https:\\\/\\\/diarioprincipios.com\\\/?s={search_term_string}\"},\"query-input\":{\"@type\":\"PropertyValueSpecification\",\"valueRequired\":true,\"valueName\":\"search_term_string\"}}],\"inLanguage\":\"es\"},{\"@type\":\"Organization\",\"@id\":\"https:\\\/\\\/diarioprincipios.com\\\/#organization\",\"name\":\"Principios\",\"url\":\"https:\\\/\\\/diarioprincipios.com\\\/\",\"logo\":{\"@type\":\"ImageObject\",\"inLanguage\":\"es\",\"@id\":\"https:\\\/\\\/diarioprincipios.com\\\/#\\\/schema\\\/logo\\\/image\\\/\",\"url\":\"https:\\\/\\\/diarioprincipios.com\\\/wp-content\\\/uploads\\\/2024\\\/04\\\/cropped-www.diarioprincipios.com_-1.png\",\"contentUrl\":\"https:\\\/\\\/diarioprincipios.com\\\/wp-content\\\/uploads\\\/2024\\\/04\\\/cropped-www.diarioprincipios.com_-1.png\",\"width\":5325,\"height\":1454,\"caption\":\"Principios\"},\"image\":{\"@id\":\"https:\\\/\\\/diarioprincipios.com\\\/#\\\/schema\\\/logo\\\/image\\\/\"}},{\"@type\":\"Person\",\"@id\":\"https:\\\/\\\/diarioprincipios.com\\\/#\\\/schema\\\/person\\\/436d5a1fd41a5e250e23ff5a6a7cb080\",\"name\":\"Hern\u00e1n L\u00f3pez\",\"image\":{\"@type\":\"ImageObject\",\"inLanguage\":\"es\",\"@id\":\"https:\\\/\\\/diarioprincipios.com\\\/wp-content\\\/litespeed\\\/avatar\\\/11ddfe5610ff3bd100522525b2571f48.jpg?ver=1777653193\",\"url\":\"https:\\\/\\\/diarioprincipios.com\\\/wp-content\\\/litespeed\\\/avatar\\\/11ddfe5610ff3bd100522525b2571f48.jpg?ver=1777653193\",\"contentUrl\":\"https:\\\/\\\/diarioprincipios.com\\\/wp-content\\\/litespeed\\\/avatar\\\/11ddfe5610ff3bd100522525b2571f48.jpg?ver=1777653193\",\"caption\":\"Hern\u00e1n L\u00f3pez\"},\"url\":\"https:\\\/\\\/diarioprincipios.com\\\/index.php\\\/author\\\/hernan\\\/\"}]}<\/script>\n<!-- \/ Yoast SEO plugin. -->","yoast_head_json":{"title":"Ampliaci\u00f3n de la Escuela Agraria N\u00b0 1 de Pereyra - Principios","robots":{"index":"index","follow":"follow","max-snippet":"max-snippet:-1","max-image-preview":"max-image-preview:large","max-video-preview":"max-video-preview:-1"},"canonical":"https:\/\/diarioprincipios.com\/index.php\/2022\/02\/05\/ampliacion-de-la-escuela-agraria-n-1-de-pereyra\/","og_locale":"es_ES","og_type":"article","og_title":"Ampliaci\u00f3n de la Escuela Agraria N\u00b0 1 de Pereyra - Principios","og_description":"La Municipalidad de Berazategui -a cargo del intendente Juan Jos\u00e9 Mussi- inici\u00f3 los trabajos de ampliaci\u00f3n de la Escuela Agraria N\u00b0 1 (Paraje Santa Rosa, Parque Pereyra Iraola). Las obras, que se extender\u00e1n por unos cuatro meses, consisten en la construcci\u00f3n de dos aulas, un espacio administrativo y una sala para profesores. Son financiadas a...","og_url":"https:\/\/diarioprincipios.com\/index.php\/2022\/02\/05\/ampliacion-de-la-escuela-agraria-n-1-de-pereyra\/","og_site_name":"Principios","article_published_time":"2022-02-06T00:21:09+00:00","article_modified_time":"2022-02-06T00:21:11+00:00","og_image":[{"width":1920,"height":1280,"url":"https:\/\/diarioprincipios.com\/wp-content\/uploads\/2022\/02\/YA-ESTA-EN-MARCHA-LA-AMPLIACION-DE-LA-ESCUELA-AGRARIA-N\u00b0-1-DE-PEREYRA-2-1.jpg","type":"image\/jpeg"}],"author":"Hern\u00e1n L\u00f3pez","twitter_card":"summary_large_image","twitter_misc":{"Escrito por":"Hern\u00e1n L\u00f3pez","Tiempo de lectura":"2 minutos"},"schema":{"@context":"https:\/\/schema.org","@graph":[{"@type":"Article","@id":"https:\/\/diarioprincipios.com\/index.php\/2022\/02\/05\/ampliacion-de-la-escuela-agraria-n-1-de-pereyra\/#article","isPartOf":{"@id":"https:\/\/diarioprincipios.com\/index.php\/2022\/02\/05\/ampliacion-de-la-escuela-agraria-n-1-de-pereyra\/"},"author":{"name":"Hern\u00e1n L\u00f3pez","@id":"https:\/\/diarioprincipios.com\/#\/schema\/person\/436d5a1fd41a5e250e23ff5a6a7cb080"},"headline":"Ampliaci\u00f3n de la Escuela Agraria N\u00b0 1 de Pereyra","datePublished":"2022-02-06T00:21:09+00:00","dateModified":"2022-02-06T00:21:11+00:00","mainEntityOfPage":{"@id":"https:\/\/diarioprincipios.com\/index.php\/2022\/02\/05\/ampliacion-de-la-escuela-agraria-n-1-de-pereyra\/"},"wordCount":362,"commentCount":0,"publisher":{"@id":"https:\/\/diarioprincipios.com\/#organization"},"image":{"@id":"https:\/\/diarioprincipios.com\/index.php\/2022\/02\/05\/ampliacion-de-la-escuela-agraria-n-1-de-pereyra\/#primaryimage"},"thumbnailUrl":"https:\/\/diarioprincipios.com\/wp-content\/uploads\/2022\/02\/YA-ESTA-EN-MARCHA-LA-AMPLIACION-DE-LA-ESCUELA-AGRARIA-N\u00b0-1-DE-PEREYRA-2-1.jpg","articleSection":["Berazategui"],"inLanguage":"es","potentialAction":[{"@type":"CommentAction","name":"Comment","target":["https:\/\/diarioprincipios.com\/index.php\/2022\/02\/05\/ampliacion-de-la-escuela-agraria-n-1-de-pereyra\/#respond"]}]},{"@type":"WebPage","@id":"https:\/\/diarioprincipios.com\/index.php\/2022\/02\/05\/ampliacion-de-la-escuela-agraria-n-1-de-pereyra\/","url":"https:\/\/diarioprincipios.com\/index.php\/2022\/02\/05\/ampliacion-de-la-escuela-agraria-n-1-de-pereyra\/","name":"Ampliaci\u00f3n de la Escuela Agraria N\u00b0 1 de Pereyra - Principios","isPartOf":{"@id":"https:\/\/diarioprincipios.com\/#website"},"primaryImageOfPage":{"@id":"https:\/\/diarioprincipios.com\/index.php\/2022\/02\/05\/ampliacion-de-la-escuela-agraria-n-1-de-pereyra\/#primaryimage"},"image":{"@id":"https:\/\/diarioprincipios.com\/index.php\/2022\/02\/05\/ampliacion-de-la-escuela-agraria-n-1-de-pereyra\/#primaryimage"},"thumbnailUrl":"https:\/\/diarioprincipios.com\/wp-content\/uploads\/2022\/02\/YA-ESTA-EN-MARCHA-LA-AMPLIACION-DE-LA-ESCUELA-AGRARIA-N\u00b0-1-DE-PEREYRA-2-1.jpg","datePublished":"2022-02-06T00:21:09+00:00","dateModified":"2022-02-06T00:21:11+00:00","breadcrumb":{"@id":"https:\/\/diarioprincipios.com\/index.php\/2022\/02\/05\/ampliacion-de-la-escuela-agraria-n-1-de-pereyra\/#breadcrumb"},"inLanguage":"es","potentialAction":[{"@type":"ReadAction","target":["https:\/\/diarioprincipios.com\/index.php\/2022\/02\/05\/ampliacion-de-la-escuela-agraria-n-1-de-pereyra\/"]}]},{"@type":"ImageObject","inLanguage":"es","@id":"https:\/\/diarioprincipios.com\/index.php\/2022\/02\/05\/ampliacion-de-la-escuela-agraria-n-1-de-pereyra\/#primaryimage","url":"https:\/\/diarioprincipios.com\/wp-content\/uploads\/2022\/02\/YA-ESTA-EN-MARCHA-LA-AMPLIACION-DE-LA-ESCUELA-AGRARIA-N\u00b0-1-DE-PEREYRA-2-1.jpg","contentUrl":"https:\/\/diarioprincipios.com\/wp-content\/uploads\/2022\/02\/YA-ESTA-EN-MARCHA-LA-AMPLIACION-DE-LA-ESCUELA-AGRARIA-N\u00b0-1-DE-PEREYRA-2-1.jpg","width":1920,"height":1280},{"@type":"BreadcrumbList","@id":"https:\/\/diarioprincipios.com\/index.php\/2022\/02\/05\/ampliacion-de-la-escuela-agraria-n-1-de-pereyra\/#breadcrumb","itemListElement":[{"@type":"ListItem","position":1,"name":"Portada","item":"https:\/\/diarioprincipios.com\/"},{"@type":"ListItem","position":2,"name":"Ampliaci\u00f3n de la Escuela Agraria N\u00b0 1 de Pereyra"}]},{"@type":"WebSite","@id":"https:\/\/diarioprincipios.com\/#website","url":"https:\/\/diarioprincipios.com\/","name":"Principios","description":"Principios Diario","publisher":{"@id":"https:\/\/diarioprincipios.com\/#organization"},"potentialAction":[{"@type":"SearchAction","target":{"@type":"EntryPoint","urlTemplate":"https:\/\/diarioprincipios.com\/?s={search_term_string}"},"query-input":{"@type":"PropertyValueSpecification","valueRequired":true,"valueName":"search_term_string"}}],"inLanguage":"es"},{"@type":"Organization","@id":"https:\/\/diarioprincipios.com\/#organization","name":"Principios","url":"https:\/\/diarioprincipios.com\/","logo":{"@type":"ImageObject","inLanguage":"es","@id":"https:\/\/diarioprincipios.com\/#\/schema\/logo\/image\/","url":"https:\/\/diarioprincipios.com\/wp-content\/uploads\/2024\/04\/cropped-www.diarioprincipios.com_-1.png","contentUrl":"https:\/\/diarioprincipios.com\/wp-content\/uploads\/2024\/04\/cropped-www.diarioprincipios.com_-1.png","width":5325,"height":1454,"caption":"Principios"},"image":{"@id":"https:\/\/diarioprincipios.com\/#\/schema\/logo\/image\/"}},{"@type":"Person","@id":"https:\/\/diarioprincipios.com\/#\/schema\/person\/436d5a1fd41a5e250e23ff5a6a7cb080","name":"Hern\u00e1n L\u00f3pez","image":{"@type":"ImageObject","inLanguage":"es","@id":"https:\/\/diarioprincipios.com\/wp-content\/litespeed\/avatar\/11ddfe5610ff3bd100522525b2571f48.jpg?ver=1777653193","url":"https:\/\/diarioprincipios.com\/wp-content\/litespeed\/avatar\/11ddfe5610ff3bd100522525b2571f48.jpg?ver=1777653193","contentUrl":"https:\/\/diarioprincipios.com\/wp-content\/litespeed\/avatar\/11ddfe5610ff3bd100522525b2571f48.jpg?ver=1777653193","caption":"Hern\u00e1n L\u00f3pez"},"url":"https:\/\/diarioprincipios.com\/index.php\/author\/hernan\/"}]}},"jetpack_featured_media_url":"https:\/\/diarioprincipios.com\/wp-content\/uploads\/2022\/02\/YA-ESTA-EN-MARCHA-LA-AMPLIACION-DE-LA-ESCUELA-AGRARIA-N\u00b0-1-DE-PEREYRA-2-1.jpg","_links":{"self":[{"href":"https:\/\/diarioprincipios.com\/index.php\/wp-json\/wp\/v2\/posts\/12509","targetHints":{"allow":["GET"]}}],"collection":[{"href":"https:\/\/diarioprincipios.com\/index.php\/wp-json\/wp\/v2\/posts"}],"about":[{"href":"https:\/\/diarioprincipios.com\/index.php\/wp-json\/wp\/v2\/types\/post"}],"author":[{"embeddable":true,"href":"https:\/\/diarioprincipios.com\/index.php\/wp-json\/wp\/v2\/users\/2"}],"replies":[{"embeddable":true,"href":"https:\/\/diarioprincipios.com\/index.php\/wp-json\/wp\/v2\/comments?post=12509"}],"version-history":[{"count":1,"href":"https:\/\/diarioprincipios.com\/index.php\/wp-json\/wp\/v2\/posts\/12509\/revisions"}],"predecessor-version":[{"id":12511,"href":"https:\/\/diarioprincipios.com\/index.php\/wp-json\/wp\/v2\/posts\/12509\/revisions\/12511"}],"wp:featuredmedia":[{"embeddable":true,"href":"https:\/\/diarioprincipios.com\/index.php\/wp-json\/wp\/v2\/media\/12510"}],"wp:attachment":[{"href":"https:\/\/diarioprincipios.com\/index.php\/wp-json\/wp\/v2\/media?parent=12509"}],"wp:term":[{"taxonomy":"category","embeddable":true,"href":"https:\/\/diarioprincipios.com\/index.php\/wp-json\/wp\/v2\/categories?post=12509"},{"taxonomy":"post_tag","embeddable":true,"href":"https:\/\/diarioprincipios.com\/index.php\/wp-json\/wp\/v2\/tags?post=12509"}],"curies":[{"name":"wp","href":"https:\/\/api.w.org\/{rel}","templated":true}]}}