{"id":12506,"date":"2022-02-05T21:14:46","date_gmt":"2022-02-06T00:14:46","guid":{"rendered":"http:\/\/diarioprincipios.com\/?p=12506"},"modified":"2022-02-05T21:14:53","modified_gmt":"2022-02-06T00:14:53","slug":"la-noche-de-las-vacunas-en-el-parque-la-estacion","status":"publish","type":"post","link":"https:\/\/diarioprincipios.com\/index.php\/2022\/02\/05\/la-noche-de-las-vacunas-en-el-parque-la-estacion\/","title":{"rendered":"La Noche de las Vacunas, en el Parque La Estaci\u00f3n"},"content":{"rendered":"\n<p>Una enorme cantidad de vecinos se acerc\u00f3 a este espacio p\u00fablico municipal para iniciar o completar su esquema vacunatorio.<\/p>\n\n\n\n<p>En el marco de la campa\u00f1a de atenci\u00f3n y prevenci\u00f3n del Covid, el gobierno de la Provincia de Buenos Aires llev\u00f3 adelante en m\u00e1s de 100 sedes de los diferentes distritos de su territorio la jornada sanitaria denominada \u201cLa Noche de las Vacunas\u201d.<\/p>\n\n\n\n<p>En Avellaneda, la posta se instal\u00f3 en el Parque Municipal La Estaci\u00f3n, a donde cientos de vecinos y vecinas se acercaron entre las 20 y las 24 hs. del viernes para avanzar con su esquema de vacunaci\u00f3n.<\/p>\n\n\n\n<p>El ministro de Salud provincial, Nicol\u00e1s Kreplak y la jefa de Gabinete de Avellaneda, Magdalena Sierra, recorrieron el predio y conversaron con quienes esperaban su turno y los equipos de enfermerxs y voluntarixs que trabajaron en este operativo.<\/p>\n\n\n\n<p>La Noche de las Vacunas fue un operativo de aplicaci\u00f3n libre de primeras y segundas dosis para mayores de 3 a\u00f1os y de dosis de refuerzo para mayores de 50 a\u00f1os, personas inmunocomprometidas, embarazadas o en per\u00edodo de lactancia, personal de salud, educaci\u00f3n y seguridad.<\/p>\n\n\n\n<p>Tambi\u00e9n estuvieron presentes el director de la Regi\u00f3n Sanitaria VI, Luis Parrilla y la secretaria de Salud de Avellaneda, Virginia Gonz\u00e1lez Alga\u00f1araz.<\/p>\n","protected":false},"excerpt":{"rendered":"<p>Una enorme cantidad de vecinos se acerc\u00f3 a este espacio p\u00fablico municipal para iniciar o completar su esquema vacunatorio. En el marco de la campa\u00f1a de atenci\u00f3n y prevenci\u00f3n del Covid, el gobierno de la Provincia de Buenos Aires llev\u00f3 adelante en m\u00e1s de 100 sedes de los diferentes distritos de su territorio la jornada&#8230;<\/p>\n","protected":false},"author":2,"featured_media":12507,"comment_status":"open","ping_status":"open","sticky":false,"template":"","format":"standard","meta":{"footnotes":""},"categories":[5],"tags":[],"class_list":["post-12506","post","type-post","status-publish","format-standard","has-post-thumbnail","hentry","category-avellaneda"],"featured_image_src":"https:\/\/diarioprincipios.com\/wp-content\/uploads\/2022\/02\/Screenshot_20220205-211352_Yahoo-Mail-1024x613.jpg","blog_images":{"medium":"https:\/\/diarioprincipios.com\/wp-content\/uploads\/2022\/02\/Screenshot_20220205-211352_Yahoo-Mail-300x179.jpg","large":"https:\/\/diarioprincipios.com\/wp-content\/uploads\/2022\/02\/Screenshot_20220205-211352_Yahoo-Mail-1024x613.jpg"},"ams_acf":[],"yoast_head":"<!-- This site is optimized with the Yoast SEO plugin v27.3 - https:\/\/yoast.com\/product\/yoast-seo-wordpress\/ -->\n<title>La Noche de las Vacunas, en el Parque La Estaci\u00f3n - Principios<\/title>\n<meta name=\"robots\" content=\"index, follow, max-snippet:-1, max-image-preview:large, max-video-preview:-1\" \/>\n<link rel=\"canonical\" href=\"https:\/\/diarioprincipios.com\/index.php\/2022\/02\/05\/la-noche-de-las-vacunas-en-el-parque-la-estacion\/\" \/>\n<meta property=\"og:locale\" content=\"es_ES\" \/>\n<meta property=\"og:type\" content=\"article\" \/>\n<meta property=\"og:title\" content=\"La Noche de las Vacunas, en el Parque La Estaci\u00f3n - Principios\" \/>\n<meta property=\"og:description\" content=\"Una enorme cantidad de vecinos se acerc\u00f3 a este espacio p\u00fablico municipal para iniciar o completar su esquema vacunatorio. En el marco de la campa\u00f1a de atenci\u00f3n y prevenci\u00f3n del Covid, el gobierno de la Provincia de Buenos Aires llev\u00f3 adelante en m\u00e1s de 100 sedes de los diferentes distritos de su territorio la jornada...\" \/>\n<meta property=\"og:url\" content=\"https:\/\/diarioprincipios.com\/index.php\/2022\/02\/05\/la-noche-de-las-vacunas-en-el-parque-la-estacion\/\" \/>\n<meta property=\"og:site_name\" content=\"Principios\" \/>\n<meta property=\"article:published_time\" content=\"2022-02-06T00:14:46+00:00\" \/>\n<meta property=\"article:modified_time\" content=\"2022-02-06T00:14:53+00:00\" \/>\n<meta property=\"og:image\" content=\"https:\/\/diarioprincipios.com\/wp-content\/uploads\/2022\/02\/Screenshot_20220205-211352_Yahoo-Mail.jpg\" \/>\n\t<meta property=\"og:image:width\" content=\"1078\" \/>\n\t<meta property=\"og:image:height\" content=\"645\" \/>\n\t<meta property=\"og:image:type\" content=\"image\/jpeg\" \/>\n<meta name=\"author\" content=\"Hern\u00e1n L\u00f3pez\" \/>\n<meta name=\"twitter:card\" content=\"summary_large_image\" \/>\n<meta name=\"twitter:label1\" content=\"Escrito por\" \/>\n\t<meta name=\"twitter:data1\" content=\"Hern\u00e1n L\u00f3pez\" \/>\n\t<meta name=\"twitter:label2\" content=\"Tiempo de lectura\" \/>\n\t<meta name=\"twitter:data2\" content=\"1 minuto\" \/>\n<script type=\"application\/ld+json\" class=\"yoast-schema-graph\">{\"@context\":\"https:\\\/\\\/schema.org\",\"@graph\":[{\"@type\":\"Article\",\"@id\":\"https:\\\/\\\/diarioprincipios.com\\\/index.php\\\/2022\\\/02\\\/05\\\/la-noche-de-las-vacunas-en-el-parque-la-estacion\\\/#article\",\"isPartOf\":{\"@id\":\"https:\\\/\\\/diarioprincipios.com\\\/index.php\\\/2022\\\/02\\\/05\\\/la-noche-de-las-vacunas-en-el-parque-la-estacion\\\/\"},\"author\":{\"name\":\"Hern\u00e1n L\u00f3pez\",\"@id\":\"https:\\\/\\\/diarioprincipios.com\\\/#\\\/schema\\\/person\\\/436d5a1fd41a5e250e23ff5a6a7cb080\"},\"headline\":\"La Noche de las Vacunas, en el Parque La Estaci\u00f3n\",\"datePublished\":\"2022-02-06T00:14:46+00:00\",\"dateModified\":\"2022-02-06T00:14:53+00:00\",\"mainEntityOfPage\":{\"@id\":\"https:\\\/\\\/diarioprincipios.com\\\/index.php\\\/2022\\\/02\\\/05\\\/la-noche-de-las-vacunas-en-el-parque-la-estacion\\\/\"},\"wordCount\":227,\"commentCount\":0,\"publisher\":{\"@id\":\"https:\\\/\\\/diarioprincipios.com\\\/#organization\"},\"image\":{\"@id\":\"https:\\\/\\\/diarioprincipios.com\\\/index.php\\\/2022\\\/02\\\/05\\\/la-noche-de-las-vacunas-en-el-parque-la-estacion\\\/#primaryimage\"},\"thumbnailUrl\":\"https:\\\/\\\/diarioprincipios.com\\\/wp-content\\\/uploads\\\/2022\\\/02\\\/Screenshot_20220205-211352_Yahoo-Mail.jpg\",\"articleSection\":[\"Avellaneda\"],\"inLanguage\":\"es\",\"potentialAction\":[{\"@type\":\"CommentAction\",\"name\":\"Comment\",\"target\":[\"https:\\\/\\\/diarioprincipios.com\\\/index.php\\\/2022\\\/02\\\/05\\\/la-noche-de-las-vacunas-en-el-parque-la-estacion\\\/#respond\"]}]},{\"@type\":\"WebPage\",\"@id\":\"https:\\\/\\\/diarioprincipios.com\\\/index.php\\\/2022\\\/02\\\/05\\\/la-noche-de-las-vacunas-en-el-parque-la-estacion\\\/\",\"url\":\"https:\\\/\\\/diarioprincipios.com\\\/index.php\\\/2022\\\/02\\\/05\\\/la-noche-de-las-vacunas-en-el-parque-la-estacion\\\/\",\"name\":\"La Noche de las Vacunas, en el Parque La Estaci\u00f3n - Principios\",\"isPartOf\":{\"@id\":\"https:\\\/\\\/diarioprincipios.com\\\/#website\"},\"primaryImageOfPage\":{\"@id\":\"https:\\\/\\\/diarioprincipios.com\\\/index.php\\\/2022\\\/02\\\/05\\\/la-noche-de-las-vacunas-en-el-parque-la-estacion\\\/#primaryimage\"},\"image\":{\"@id\":\"https:\\\/\\\/diarioprincipios.com\\\/index.php\\\/2022\\\/02\\\/05\\\/la-noche-de-las-vacunas-en-el-parque-la-estacion\\\/#primaryimage\"},\"thumbnailUrl\":\"https:\\\/\\\/diarioprincipios.com\\\/wp-content\\\/uploads\\\/2022\\\/02\\\/Screenshot_20220205-211352_Yahoo-Mail.jpg\",\"datePublished\":\"2022-02-06T00:14:46+00:00\",\"dateModified\":\"2022-02-06T00:14:53+00:00\",\"breadcrumb\":{\"@id\":\"https:\\\/\\\/diarioprincipios.com\\\/index.php\\\/2022\\\/02\\\/05\\\/la-noche-de-las-vacunas-en-el-parque-la-estacion\\\/#breadcrumb\"},\"inLanguage\":\"es\",\"potentialAction\":[{\"@type\":\"ReadAction\",\"target\":[\"https:\\\/\\\/diarioprincipios.com\\\/index.php\\\/2022\\\/02\\\/05\\\/la-noche-de-las-vacunas-en-el-parque-la-estacion\\\/\"]}]},{\"@type\":\"ImageObject\",\"inLanguage\":\"es\",\"@id\":\"https:\\\/\\\/diarioprincipios.com\\\/index.php\\\/2022\\\/02\\\/05\\\/la-noche-de-las-vacunas-en-el-parque-la-estacion\\\/#primaryimage\",\"url\":\"https:\\\/\\\/diarioprincipios.com\\\/wp-content\\\/uploads\\\/2022\\\/02\\\/Screenshot_20220205-211352_Yahoo-Mail.jpg\",\"contentUrl\":\"https:\\\/\\\/diarioprincipios.com\\\/wp-content\\\/uploads\\\/2022\\\/02\\\/Screenshot_20220205-211352_Yahoo-Mail.jpg\",\"width\":1078,\"height\":645},{\"@type\":\"BreadcrumbList\",\"@id\":\"https:\\\/\\\/diarioprincipios.com\\\/index.php\\\/2022\\\/02\\\/05\\\/la-noche-de-las-vacunas-en-el-parque-la-estacion\\\/#breadcrumb\",\"itemListElement\":[{\"@type\":\"ListItem\",\"position\":1,\"name\":\"Portada\",\"item\":\"https:\\\/\\\/diarioprincipios.com\\\/\"},{\"@type\":\"ListItem\",\"position\":2,\"name\":\"La Noche de las Vacunas, en el Parque La Estaci\u00f3n\"}]},{\"@type\":\"WebSite\",\"@id\":\"https:\\\/\\\/diarioprincipios.com\\\/#website\",\"url\":\"https:\\\/\\\/diarioprincipios.com\\\/\",\"name\":\"Principios\",\"description\":\"Principios Diario\",\"publisher\":{\"@id\":\"https:\\\/\\\/diarioprincipios.com\\\/#organization\"},\"potentialAction\":[{\"@type\":\"SearchAction\",\"target\":{\"@type\":\"EntryPoint\",\"urlTemplate\":\"https:\\\/\\\/diarioprincipios.com\\\/?s={search_term_string}\"},\"query-input\":{\"@type\":\"PropertyValueSpecification\",\"valueRequired\":true,\"valueName\":\"search_term_string\"}}],\"inLanguage\":\"es\"},{\"@type\":\"Organization\",\"@id\":\"https:\\\/\\\/diarioprincipios.com\\\/#organization\",\"name\":\"Principios\",\"url\":\"https:\\\/\\\/diarioprincipios.com\\\/\",\"logo\":{\"@type\":\"ImageObject\",\"inLanguage\":\"es\",\"@id\":\"https:\\\/\\\/diarioprincipios.com\\\/#\\\/schema\\\/logo\\\/image\\\/\",\"url\":\"https:\\\/\\\/diarioprincipios.com\\\/wp-content\\\/uploads\\\/2024\\\/04\\\/cropped-www.diarioprincipios.com_-1.png\",\"contentUrl\":\"https:\\\/\\\/diarioprincipios.com\\\/wp-content\\\/uploads\\\/2024\\\/04\\\/cropped-www.diarioprincipios.com_-1.png\",\"width\":5325,\"height\":1454,\"caption\":\"Principios\"},\"image\":{\"@id\":\"https:\\\/\\\/diarioprincipios.com\\\/#\\\/schema\\\/logo\\\/image\\\/\"}},{\"@type\":\"Person\",\"@id\":\"https:\\\/\\\/diarioprincipios.com\\\/#\\\/schema\\\/person\\\/436d5a1fd41a5e250e23ff5a6a7cb080\",\"name\":\"Hern\u00e1n L\u00f3pez\",\"image\":{\"@type\":\"ImageObject\",\"inLanguage\":\"es\",\"@id\":\"https:\\\/\\\/diarioprincipios.com\\\/wp-content\\\/litespeed\\\/avatar\\\/11ddfe5610ff3bd100522525b2571f48.jpg?ver=1777653193\",\"url\":\"https:\\\/\\\/diarioprincipios.com\\\/wp-content\\\/litespeed\\\/avatar\\\/11ddfe5610ff3bd100522525b2571f48.jpg?ver=1777653193\",\"contentUrl\":\"https:\\\/\\\/diarioprincipios.com\\\/wp-content\\\/litespeed\\\/avatar\\\/11ddfe5610ff3bd100522525b2571f48.jpg?ver=1777653193\",\"caption\":\"Hern\u00e1n L\u00f3pez\"},\"url\":\"https:\\\/\\\/diarioprincipios.com\\\/index.php\\\/author\\\/hernan\\\/\"}]}<\/script>\n<!-- \/ Yoast SEO plugin. -->","yoast_head_json":{"title":"La Noche de las Vacunas, en el Parque La Estaci\u00f3n - Principios","robots":{"index":"index","follow":"follow","max-snippet":"max-snippet:-1","max-image-preview":"max-image-preview:large","max-video-preview":"max-video-preview:-1"},"canonical":"https:\/\/diarioprincipios.com\/index.php\/2022\/02\/05\/la-noche-de-las-vacunas-en-el-parque-la-estacion\/","og_locale":"es_ES","og_type":"article","og_title":"La Noche de las Vacunas, en el Parque La Estaci\u00f3n - Principios","og_description":"Una enorme cantidad de vecinos se acerc\u00f3 a este espacio p\u00fablico municipal para iniciar o completar su esquema vacunatorio. En el marco de la campa\u00f1a de atenci\u00f3n y prevenci\u00f3n del Covid, el gobierno de la Provincia de Buenos Aires llev\u00f3 adelante en m\u00e1s de 100 sedes de los diferentes distritos de su territorio la jornada...","og_url":"https:\/\/diarioprincipios.com\/index.php\/2022\/02\/05\/la-noche-de-las-vacunas-en-el-parque-la-estacion\/","og_site_name":"Principios","article_published_time":"2022-02-06T00:14:46+00:00","article_modified_time":"2022-02-06T00:14:53+00:00","og_image":[{"width":1078,"height":645,"url":"https:\/\/diarioprincipios.com\/wp-content\/uploads\/2022\/02\/Screenshot_20220205-211352_Yahoo-Mail.jpg","type":"image\/jpeg"}],"author":"Hern\u00e1n L\u00f3pez","twitter_card":"summary_large_image","twitter_misc":{"Escrito por":"Hern\u00e1n L\u00f3pez","Tiempo de lectura":"1 minuto"},"schema":{"@context":"https:\/\/schema.org","@graph":[{"@type":"Article","@id":"https:\/\/diarioprincipios.com\/index.php\/2022\/02\/05\/la-noche-de-las-vacunas-en-el-parque-la-estacion\/#article","isPartOf":{"@id":"https:\/\/diarioprincipios.com\/index.php\/2022\/02\/05\/la-noche-de-las-vacunas-en-el-parque-la-estacion\/"},"author":{"name":"Hern\u00e1n L\u00f3pez","@id":"https:\/\/diarioprincipios.com\/#\/schema\/person\/436d5a1fd41a5e250e23ff5a6a7cb080"},"headline":"La Noche de las Vacunas, en el Parque La Estaci\u00f3n","datePublished":"2022-02-06T00:14:46+00:00","dateModified":"2022-02-06T00:14:53+00:00","mainEntityOfPage":{"@id":"https:\/\/diarioprincipios.com\/index.php\/2022\/02\/05\/la-noche-de-las-vacunas-en-el-parque-la-estacion\/"},"wordCount":227,"commentCount":0,"publisher":{"@id":"https:\/\/diarioprincipios.com\/#organization"},"image":{"@id":"https:\/\/diarioprincipios.com\/index.php\/2022\/02\/05\/la-noche-de-las-vacunas-en-el-parque-la-estacion\/#primaryimage"},"thumbnailUrl":"https:\/\/diarioprincipios.com\/wp-content\/uploads\/2022\/02\/Screenshot_20220205-211352_Yahoo-Mail.jpg","articleSection":["Avellaneda"],"inLanguage":"es","potentialAction":[{"@type":"CommentAction","name":"Comment","target":["https:\/\/diarioprincipios.com\/index.php\/2022\/02\/05\/la-noche-de-las-vacunas-en-el-parque-la-estacion\/#respond"]}]},{"@type":"WebPage","@id":"https:\/\/diarioprincipios.com\/index.php\/2022\/02\/05\/la-noche-de-las-vacunas-en-el-parque-la-estacion\/","url":"https:\/\/diarioprincipios.com\/index.php\/2022\/02\/05\/la-noche-de-las-vacunas-en-el-parque-la-estacion\/","name":"La Noche de las Vacunas, en el Parque La Estaci\u00f3n - Principios","isPartOf":{"@id":"https:\/\/diarioprincipios.com\/#website"},"primaryImageOfPage":{"@id":"https:\/\/diarioprincipios.com\/index.php\/2022\/02\/05\/la-noche-de-las-vacunas-en-el-parque-la-estacion\/#primaryimage"},"image":{"@id":"https:\/\/diarioprincipios.com\/index.php\/2022\/02\/05\/la-noche-de-las-vacunas-en-el-parque-la-estacion\/#primaryimage"},"thumbnailUrl":"https:\/\/diarioprincipios.com\/wp-content\/uploads\/2022\/02\/Screenshot_20220205-211352_Yahoo-Mail.jpg","datePublished":"2022-02-06T00:14:46+00:00","dateModified":"2022-02-06T00:14:53+00:00","breadcrumb":{"@id":"https:\/\/diarioprincipios.com\/index.php\/2022\/02\/05\/la-noche-de-las-vacunas-en-el-parque-la-estacion\/#breadcrumb"},"inLanguage":"es","potentialAction":[{"@type":"ReadAction","target":["https:\/\/diarioprincipios.com\/index.php\/2022\/02\/05\/la-noche-de-las-vacunas-en-el-parque-la-estacion\/"]}]},{"@type":"ImageObject","inLanguage":"es","@id":"https:\/\/diarioprincipios.com\/index.php\/2022\/02\/05\/la-noche-de-las-vacunas-en-el-parque-la-estacion\/#primaryimage","url":"https:\/\/diarioprincipios.com\/wp-content\/uploads\/2022\/02\/Screenshot_20220205-211352_Yahoo-Mail.jpg","contentUrl":"https:\/\/diarioprincipios.com\/wp-content\/uploads\/2022\/02\/Screenshot_20220205-211352_Yahoo-Mail.jpg","width":1078,"height":645},{"@type":"BreadcrumbList","@id":"https:\/\/diarioprincipios.com\/index.php\/2022\/02\/05\/la-noche-de-las-vacunas-en-el-parque-la-estacion\/#breadcrumb","itemListElement":[{"@type":"ListItem","position":1,"name":"Portada","item":"https:\/\/diarioprincipios.com\/"},{"@type":"ListItem","position":2,"name":"La Noche de las Vacunas, en el Parque La Estaci\u00f3n"}]},{"@type":"WebSite","@id":"https:\/\/diarioprincipios.com\/#website","url":"https:\/\/diarioprincipios.com\/","name":"Principios","description":"Principios Diario","publisher":{"@id":"https:\/\/diarioprincipios.com\/#organization"},"potentialAction":[{"@type":"SearchAction","target":{"@type":"EntryPoint","urlTemplate":"https:\/\/diarioprincipios.com\/?s={search_term_string}"},"query-input":{"@type":"PropertyValueSpecification","valueRequired":true,"valueName":"search_term_string"}}],"inLanguage":"es"},{"@type":"Organization","@id":"https:\/\/diarioprincipios.com\/#organization","name":"Principios","url":"https:\/\/diarioprincipios.com\/","logo":{"@type":"ImageObject","inLanguage":"es","@id":"https:\/\/diarioprincipios.com\/#\/schema\/logo\/image\/","url":"https:\/\/diarioprincipios.com\/wp-content\/uploads\/2024\/04\/cropped-www.diarioprincipios.com_-1.png","contentUrl":"https:\/\/diarioprincipios.com\/wp-content\/uploads\/2024\/04\/cropped-www.diarioprincipios.com_-1.png","width":5325,"height":1454,"caption":"Principios"},"image":{"@id":"https:\/\/diarioprincipios.com\/#\/schema\/logo\/image\/"}},{"@type":"Person","@id":"https:\/\/diarioprincipios.com\/#\/schema\/person\/436d5a1fd41a5e250e23ff5a6a7cb080","name":"Hern\u00e1n L\u00f3pez","image":{"@type":"ImageObject","inLanguage":"es","@id":"https:\/\/diarioprincipios.com\/wp-content\/litespeed\/avatar\/11ddfe5610ff3bd100522525b2571f48.jpg?ver=1777653193","url":"https:\/\/diarioprincipios.com\/wp-content\/litespeed\/avatar\/11ddfe5610ff3bd100522525b2571f48.jpg?ver=1777653193","contentUrl":"https:\/\/diarioprincipios.com\/wp-content\/litespeed\/avatar\/11ddfe5610ff3bd100522525b2571f48.jpg?ver=1777653193","caption":"Hern\u00e1n L\u00f3pez"},"url":"https:\/\/diarioprincipios.com\/index.php\/author\/hernan\/"}]}},"jetpack_featured_media_url":"https:\/\/diarioprincipios.com\/wp-content\/uploads\/2022\/02\/Screenshot_20220205-211352_Yahoo-Mail.jpg","_links":{"self":[{"href":"https:\/\/diarioprincipios.com\/index.php\/wp-json\/wp\/v2\/posts\/12506","targetHints":{"allow":["GET"]}}],"collection":[{"href":"https:\/\/diarioprincipios.com\/index.php\/wp-json\/wp\/v2\/posts"}],"about":[{"href":"https:\/\/diarioprincipios.com\/index.php\/wp-json\/wp\/v2\/types\/post"}],"author":[{"embeddable":true,"href":"https:\/\/diarioprincipios.com\/index.php\/wp-json\/wp\/v2\/users\/2"}],"replies":[{"embeddable":true,"href":"https:\/\/diarioprincipios.com\/index.php\/wp-json\/wp\/v2\/comments?post=12506"}],"version-history":[{"count":1,"href":"https:\/\/diarioprincipios.com\/index.php\/wp-json\/wp\/v2\/posts\/12506\/revisions"}],"predecessor-version":[{"id":12508,"href":"https:\/\/diarioprincipios.com\/index.php\/wp-json\/wp\/v2\/posts\/12506\/revisions\/12508"}],"wp:featuredmedia":[{"embeddable":true,"href":"https:\/\/diarioprincipios.com\/index.php\/wp-json\/wp\/v2\/media\/12507"}],"wp:attachment":[{"href":"https:\/\/diarioprincipios.com\/index.php\/wp-json\/wp\/v2\/media?parent=12506"}],"wp:term":[{"taxonomy":"category","embeddable":true,"href":"https:\/\/diarioprincipios.com\/index.php\/wp-json\/wp\/v2\/categories?post=12506"},{"taxonomy":"post_tag","embeddable":true,"href":"https:\/\/diarioprincipios.com\/index.php\/wp-json\/wp\/v2\/tags?post=12506"}],"curies":[{"name":"wp","href":"https:\/\/api.w.org\/{rel}","templated":true}]}}