{"id":12464,"date":"2022-01-28T15:04:18","date_gmt":"2022-01-28T18:04:18","guid":{"rendered":"http:\/\/diarioprincipios.com\/?p=12464"},"modified":"2022-01-28T15:04:23","modified_gmt":"2022-01-28T18:04:23","slug":"comenzo-el-recambio-de-canerias-de-agua-en-el-centro","status":"publish","type":"post","link":"https:\/\/diarioprincipios.com\/index.php\/2022\/01\/28\/comenzo-el-recambio-de-canerias-de-agua-en-el-centro\/","title":{"rendered":"Comenz\u00f3 el recambio de ca\u00f1er\u00edas de agua en el centro"},"content":{"rendered":"\n<p><strong>La Municipalidad de Berazategui, a trav\u00e9s de la Secretar\u00eda de Servicios P\u00fablicos, inici\u00f3 los trabajos de recambio de las ca\u00f1er\u00edas de agua en el centro de la ciudad. En esta primera etapa, la cobertura de esta obra impulsada por el intendente Juan Jos\u00e9 Mussi y financiada por el Gobierno nacional, abarca desde la calle 12 hasta la 16 y desde Lisandro de La Torre hasta Av. N\u00e9stor Kirchner (ex Mitre). El objetivo del proyecto es resolver el problema de la baja presi\u00f3n de agua en esta parte del distrito.<\/strong><\/p>\n\n\n\n<p>\u201cEsta es una obra que esper\u00e1bamos desde hace mucho y que en su momento no pudimos ejecutar por falta de acompa\u00f1amiento del anterior Gobierno nacional. Ahora que contamos con un Estado presente, que nos permite obtener los cr\u00e9ditos para poder llevarla adelante, presentamos nuevamente el proyecto, hicimos la licitaci\u00f3n y ya estamos trabajando en el lugar\u201d, explica el secretario de Servicios P\u00fablicos, Ing. Sergio Faccenda. \u201cDe esta manera, y gracias al apoyo que hemos recibido, podremos concretar esta primera etapa de la obra. Pero tambi\u00e9n habr\u00e1 una segunda etapa, para la cual ya estamos solicitando los fondos\u201d, agrega.<\/p>\n\n\n\n<figure class=\"wp-block-image size-large\"><img loading=\"lazy\" decoding=\"async\" width=\"1024\" height=\"683\" src=\"https:\/\/diarioprincipios.com\/wp-content\/uploads\/2022\/01\/BERAZATEGUI-COMENZO-EL-RECAMBIO-DE-CANERIAS-EN-EL-CENTRO-1-1024x683.jpg\" alt=\"\" class=\"wp-image-12465\" srcset=\"https:\/\/diarioprincipios.com\/wp-content\/uploads\/2022\/01\/BERAZATEGUI-COMENZO-EL-RECAMBIO-DE-CANERIAS-EN-EL-CENTRO-1-1024x683.jpg 1024w, https:\/\/diarioprincipios.com\/wp-content\/uploads\/2022\/01\/BERAZATEGUI-COMENZO-EL-RECAMBIO-DE-CANERIAS-EN-EL-CENTRO-1-300x200.jpg 300w, https:\/\/diarioprincipios.com\/wp-content\/uploads\/2022\/01\/BERAZATEGUI-COMENZO-EL-RECAMBIO-DE-CANERIAS-EN-EL-CENTRO-1-768x512.jpg 768w, https:\/\/diarioprincipios.com\/wp-content\/uploads\/2022\/01\/BERAZATEGUI-COMENZO-EL-RECAMBIO-DE-CANERIAS-EN-EL-CENTRO-1-1536x1024.jpg 1536w, https:\/\/diarioprincipios.com\/wp-content\/uploads\/2022\/01\/BERAZATEGUI-COMENZO-EL-RECAMBIO-DE-CANERIAS-EN-EL-CENTRO-1.jpg 1920w\" sizes=\"auto, (max-width: 1024px) 100vw, 1024px\" \/><\/figure>\n\n\n\n<p>Los trabajos comenzaron el pasado 10 de enero con el relevamiento de los ca\u00f1os existentes en el lugar y el cateo para evaluar por donde podr\u00edan pasar las nuevas ca\u00f1er\u00edas. Esta semana, en tanto, se realizaron los t\u00faneles de conexi\u00f3n para las viviendas y se iniciaron las tareas de recambio con el sistema de tracking, mediante el cual interviene una tuneladora para romper los ca\u00f1os viejos y reemplazarlos por los nuevos de material de PEAD (Polietileno de alta densidad). Durante el desarrollo de este procedimiento, podr\u00eda haber baja presi\u00f3n del suministro de agua en las cuadras donde se lleven adelante los trabajos.<\/p>\n\n\n\n<figure class=\"wp-block-image size-large\"><img loading=\"lazy\" decoding=\"async\" width=\"1024\" height=\"683\" src=\"https:\/\/diarioprincipios.com\/wp-content\/uploads\/2022\/01\/BERAZATEGUI-COMENZO-EL-RECAMBIO-DE-CANERIAS-EN-EL-CENTRO-3-1024x683.jpg\" alt=\"\" class=\"wp-image-12466\" srcset=\"https:\/\/diarioprincipios.com\/wp-content\/uploads\/2022\/01\/BERAZATEGUI-COMENZO-EL-RECAMBIO-DE-CANERIAS-EN-EL-CENTRO-3-1024x683.jpg 1024w, https:\/\/diarioprincipios.com\/wp-content\/uploads\/2022\/01\/BERAZATEGUI-COMENZO-EL-RECAMBIO-DE-CANERIAS-EN-EL-CENTRO-3-300x200.jpg 300w, https:\/\/diarioprincipios.com\/wp-content\/uploads\/2022\/01\/BERAZATEGUI-COMENZO-EL-RECAMBIO-DE-CANERIAS-EN-EL-CENTRO-3-768x512.jpg 768w, https:\/\/diarioprincipios.com\/wp-content\/uploads\/2022\/01\/BERAZATEGUI-COMENZO-EL-RECAMBIO-DE-CANERIAS-EN-EL-CENTRO-3-1536x1024.jpg 1536w, https:\/\/diarioprincipios.com\/wp-content\/uploads\/2022\/01\/BERAZATEGUI-COMENZO-EL-RECAMBIO-DE-CANERIAS-EN-EL-CENTRO-3.jpg 1920w\" sizes=\"auto, (max-width: 1024px) 100vw, 1024px\" \/><\/figure>\n\n\n\n<p>\u201cLa obra demandar\u00e1 unos ocho meses, aproximadamente, ya que se avanzar\u00e1 de a 100 metros, dejando a cada cuadra y sus vecinos conectados al nuevo sistema. En principio, empezamos por la 15 A entre 150 y 151, porque es la que mayores problemas ten\u00eda, pero iremos avanzando hasta completar todo el radio de cobertura que va desde la calle 12 hasta la 16 y desde Lisandro de La Torre hasta Av. N\u00e9stor Kirchner (ex Mitre). Luego, tambi\u00e9n reemplazaremos las ca\u00f1er\u00edas principales de la calle 151 y de la avenida 14\u201d, indica el secretario de Servicios P\u00fablicos municipal, quien asegura que \u201cesta es la primera etapa de un proyecto impulsado por el Dr. Mussi, con el fin de resolver los problemas vinculados al agua en Berazategui\u201d.<\/p>\n","protected":false},"excerpt":{"rendered":"<p>La Municipalidad de Berazategui, a trav\u00e9s de la Secretar\u00eda de Servicios P\u00fablicos, inici\u00f3 los trabajos de recambio de las ca\u00f1er\u00edas de agua en el centro de la ciudad. En esta primera etapa, la cobertura de esta obra impulsada por el intendente Juan Jos\u00e9 Mussi y financiada por el Gobierno nacional, abarca desde la calle 12&#8230;<\/p>\n","protected":false},"author":2,"featured_media":12467,"comment_status":"open","ping_status":"open","sticky":false,"template":"","format":"standard","meta":{"footnotes":""},"categories":[3],"tags":[],"class_list":["post-12464","post","type-post","status-publish","format-standard","has-post-thumbnail","hentry","category-berazategui"],"featured_image_src":"https:\/\/diarioprincipios.com\/wp-content\/uploads\/2022\/01\/BERAZATEGUI-COMENZO-EL-RECAMBIO-DE-CANERIAS-EN-EL-CENTRO-4-1024x683.jpg","blog_images":{"medium":"https:\/\/diarioprincipios.com\/wp-content\/uploads\/2022\/01\/BERAZATEGUI-COMENZO-EL-RECAMBIO-DE-CANERIAS-EN-EL-CENTRO-4-300x200.jpg","large":"https:\/\/diarioprincipios.com\/wp-content\/uploads\/2022\/01\/BERAZATEGUI-COMENZO-EL-RECAMBIO-DE-CANERIAS-EN-EL-CENTRO-4-1024x683.jpg"},"ams_acf":[],"yoast_head":"<!-- This site is optimized with the Yoast SEO plugin v27.3 - https:\/\/yoast.com\/product\/yoast-seo-wordpress\/ -->\n<title>Comenz\u00f3 el recambio de ca\u00f1er\u00edas de agua en el centro - Principios<\/title>\n<meta name=\"robots\" content=\"index, follow, max-snippet:-1, max-image-preview:large, max-video-preview:-1\" \/>\n<link rel=\"canonical\" href=\"https:\/\/diarioprincipios.com\/index.php\/2022\/01\/28\/comenzo-el-recambio-de-canerias-de-agua-en-el-centro\/\" \/>\n<meta property=\"og:locale\" content=\"es_ES\" \/>\n<meta property=\"og:type\" content=\"article\" \/>\n<meta property=\"og:title\" content=\"Comenz\u00f3 el recambio de ca\u00f1er\u00edas de agua en el centro - Principios\" \/>\n<meta property=\"og:description\" content=\"La Municipalidad de Berazategui, a trav\u00e9s de la Secretar\u00eda de Servicios P\u00fablicos, inici\u00f3 los trabajos de recambio de las ca\u00f1er\u00edas de agua en el centro de la ciudad. En esta primera etapa, la cobertura de esta obra impulsada por el intendente Juan Jos\u00e9 Mussi y financiada por el Gobierno nacional, abarca desde la calle 12...\" \/>\n<meta property=\"og:url\" content=\"https:\/\/diarioprincipios.com\/index.php\/2022\/01\/28\/comenzo-el-recambio-de-canerias-de-agua-en-el-centro\/\" \/>\n<meta property=\"og:site_name\" content=\"Principios\" \/>\n<meta property=\"article:published_time\" content=\"2022-01-28T18:04:18+00:00\" \/>\n<meta property=\"article:modified_time\" content=\"2022-01-28T18:04:23+00:00\" \/>\n<meta property=\"og:image\" content=\"https:\/\/diarioprincipios.com\/wp-content\/uploads\/2022\/01\/BERAZATEGUI-COMENZO-EL-RECAMBIO-DE-CANERIAS-EN-EL-CENTRO-4.jpg\" \/>\n\t<meta property=\"og:image:width\" content=\"1920\" \/>\n\t<meta property=\"og:image:height\" content=\"1280\" \/>\n\t<meta property=\"og:image:type\" content=\"image\/jpeg\" \/>\n<meta name=\"author\" content=\"Hern\u00e1n L\u00f3pez\" \/>\n<meta name=\"twitter:card\" content=\"summary_large_image\" \/>\n<meta name=\"twitter:label1\" content=\"Escrito por\" \/>\n\t<meta name=\"twitter:data1\" content=\"Hern\u00e1n L\u00f3pez\" \/>\n\t<meta name=\"twitter:label2\" content=\"Tiempo de lectura\" \/>\n\t<meta name=\"twitter:data2\" content=\"3 minutos\" \/>\n<script type=\"application\/ld+json\" class=\"yoast-schema-graph\">{\"@context\":\"https:\\\/\\\/schema.org\",\"@graph\":[{\"@type\":\"Article\",\"@id\":\"https:\\\/\\\/diarioprincipios.com\\\/index.php\\\/2022\\\/01\\\/28\\\/comenzo-el-recambio-de-canerias-de-agua-en-el-centro\\\/#article\",\"isPartOf\":{\"@id\":\"https:\\\/\\\/diarioprincipios.com\\\/index.php\\\/2022\\\/01\\\/28\\\/comenzo-el-recambio-de-canerias-de-agua-en-el-centro\\\/\"},\"author\":{\"name\":\"Hern\u00e1n L\u00f3pez\",\"@id\":\"https:\\\/\\\/diarioprincipios.com\\\/#\\\/schema\\\/person\\\/436d5a1fd41a5e250e23ff5a6a7cb080\"},\"headline\":\"Comenz\u00f3 el recambio de ca\u00f1er\u00edas de agua en el centro\",\"datePublished\":\"2022-01-28T18:04:18+00:00\",\"dateModified\":\"2022-01-28T18:04:23+00:00\",\"mainEntityOfPage\":{\"@id\":\"https:\\\/\\\/diarioprincipios.com\\\/index.php\\\/2022\\\/01\\\/28\\\/comenzo-el-recambio-de-canerias-de-agua-en-el-centro\\\/\"},\"wordCount\":443,\"commentCount\":0,\"publisher\":{\"@id\":\"https:\\\/\\\/diarioprincipios.com\\\/#organization\"},\"image\":{\"@id\":\"https:\\\/\\\/diarioprincipios.com\\\/index.php\\\/2022\\\/01\\\/28\\\/comenzo-el-recambio-de-canerias-de-agua-en-el-centro\\\/#primaryimage\"},\"thumbnailUrl\":\"https:\\\/\\\/diarioprincipios.com\\\/wp-content\\\/uploads\\\/2022\\\/01\\\/BERAZATEGUI-COMENZO-EL-RECAMBIO-DE-CANERIAS-EN-EL-CENTRO-4.jpg\",\"articleSection\":[\"Berazategui\"],\"inLanguage\":\"es\",\"potentialAction\":[{\"@type\":\"CommentAction\",\"name\":\"Comment\",\"target\":[\"https:\\\/\\\/diarioprincipios.com\\\/index.php\\\/2022\\\/01\\\/28\\\/comenzo-el-recambio-de-canerias-de-agua-en-el-centro\\\/#respond\"]}]},{\"@type\":\"WebPage\",\"@id\":\"https:\\\/\\\/diarioprincipios.com\\\/index.php\\\/2022\\\/01\\\/28\\\/comenzo-el-recambio-de-canerias-de-agua-en-el-centro\\\/\",\"url\":\"https:\\\/\\\/diarioprincipios.com\\\/index.php\\\/2022\\\/01\\\/28\\\/comenzo-el-recambio-de-canerias-de-agua-en-el-centro\\\/\",\"name\":\"Comenz\u00f3 el recambio de ca\u00f1er\u00edas de agua en el centro - Principios\",\"isPartOf\":{\"@id\":\"https:\\\/\\\/diarioprincipios.com\\\/#website\"},\"primaryImageOfPage\":{\"@id\":\"https:\\\/\\\/diarioprincipios.com\\\/index.php\\\/2022\\\/01\\\/28\\\/comenzo-el-recambio-de-canerias-de-agua-en-el-centro\\\/#primaryimage\"},\"image\":{\"@id\":\"https:\\\/\\\/diarioprincipios.com\\\/index.php\\\/2022\\\/01\\\/28\\\/comenzo-el-recambio-de-canerias-de-agua-en-el-centro\\\/#primaryimage\"},\"thumbnailUrl\":\"https:\\\/\\\/diarioprincipios.com\\\/wp-content\\\/uploads\\\/2022\\\/01\\\/BERAZATEGUI-COMENZO-EL-RECAMBIO-DE-CANERIAS-EN-EL-CENTRO-4.jpg\",\"datePublished\":\"2022-01-28T18:04:18+00:00\",\"dateModified\":\"2022-01-28T18:04:23+00:00\",\"breadcrumb\":{\"@id\":\"https:\\\/\\\/diarioprincipios.com\\\/index.php\\\/2022\\\/01\\\/28\\\/comenzo-el-recambio-de-canerias-de-agua-en-el-centro\\\/#breadcrumb\"},\"inLanguage\":\"es\",\"potentialAction\":[{\"@type\":\"ReadAction\",\"target\":[\"https:\\\/\\\/diarioprincipios.com\\\/index.php\\\/2022\\\/01\\\/28\\\/comenzo-el-recambio-de-canerias-de-agua-en-el-centro\\\/\"]}]},{\"@type\":\"ImageObject\",\"inLanguage\":\"es\",\"@id\":\"https:\\\/\\\/diarioprincipios.com\\\/index.php\\\/2022\\\/01\\\/28\\\/comenzo-el-recambio-de-canerias-de-agua-en-el-centro\\\/#primaryimage\",\"url\":\"https:\\\/\\\/diarioprincipios.com\\\/wp-content\\\/uploads\\\/2022\\\/01\\\/BERAZATEGUI-COMENZO-EL-RECAMBIO-DE-CANERIAS-EN-EL-CENTRO-4.jpg\",\"contentUrl\":\"https:\\\/\\\/diarioprincipios.com\\\/wp-content\\\/uploads\\\/2022\\\/01\\\/BERAZATEGUI-COMENZO-EL-RECAMBIO-DE-CANERIAS-EN-EL-CENTRO-4.jpg\",\"width\":1920,\"height\":1280},{\"@type\":\"BreadcrumbList\",\"@id\":\"https:\\\/\\\/diarioprincipios.com\\\/index.php\\\/2022\\\/01\\\/28\\\/comenzo-el-recambio-de-canerias-de-agua-en-el-centro\\\/#breadcrumb\",\"itemListElement\":[{\"@type\":\"ListItem\",\"position\":1,\"name\":\"Portada\",\"item\":\"https:\\\/\\\/diarioprincipios.com\\\/\"},{\"@type\":\"ListItem\",\"position\":2,\"name\":\"Comenz\u00f3 el recambio de ca\u00f1er\u00edas de agua en el centro\"}]},{\"@type\":\"WebSite\",\"@id\":\"https:\\\/\\\/diarioprincipios.com\\\/#website\",\"url\":\"https:\\\/\\\/diarioprincipios.com\\\/\",\"name\":\"Principios\",\"description\":\"Principios Diario\",\"publisher\":{\"@id\":\"https:\\\/\\\/diarioprincipios.com\\\/#organization\"},\"potentialAction\":[{\"@type\":\"SearchAction\",\"target\":{\"@type\":\"EntryPoint\",\"urlTemplate\":\"https:\\\/\\\/diarioprincipios.com\\\/?s={search_term_string}\"},\"query-input\":{\"@type\":\"PropertyValueSpecification\",\"valueRequired\":true,\"valueName\":\"search_term_string\"}}],\"inLanguage\":\"es\"},{\"@type\":\"Organization\",\"@id\":\"https:\\\/\\\/diarioprincipios.com\\\/#organization\",\"name\":\"Principios\",\"url\":\"https:\\\/\\\/diarioprincipios.com\\\/\",\"logo\":{\"@type\":\"ImageObject\",\"inLanguage\":\"es\",\"@id\":\"https:\\\/\\\/diarioprincipios.com\\\/#\\\/schema\\\/logo\\\/image\\\/\",\"url\":\"https:\\\/\\\/diarioprincipios.com\\\/wp-content\\\/uploads\\\/2024\\\/04\\\/cropped-www.diarioprincipios.com_-1.png\",\"contentUrl\":\"https:\\\/\\\/diarioprincipios.com\\\/wp-content\\\/uploads\\\/2024\\\/04\\\/cropped-www.diarioprincipios.com_-1.png\",\"width\":5325,\"height\":1454,\"caption\":\"Principios\"},\"image\":{\"@id\":\"https:\\\/\\\/diarioprincipios.com\\\/#\\\/schema\\\/logo\\\/image\\\/\"}},{\"@type\":\"Person\",\"@id\":\"https:\\\/\\\/diarioprincipios.com\\\/#\\\/schema\\\/person\\\/436d5a1fd41a5e250e23ff5a6a7cb080\",\"name\":\"Hern\u00e1n L\u00f3pez\",\"image\":{\"@type\":\"ImageObject\",\"inLanguage\":\"es\",\"@id\":\"https:\\\/\\\/diarioprincipios.com\\\/wp-content\\\/litespeed\\\/avatar\\\/11ddfe5610ff3bd100522525b2571f48.jpg?ver=1777653193\",\"url\":\"https:\\\/\\\/diarioprincipios.com\\\/wp-content\\\/litespeed\\\/avatar\\\/11ddfe5610ff3bd100522525b2571f48.jpg?ver=1777653193\",\"contentUrl\":\"https:\\\/\\\/diarioprincipios.com\\\/wp-content\\\/litespeed\\\/avatar\\\/11ddfe5610ff3bd100522525b2571f48.jpg?ver=1777653193\",\"caption\":\"Hern\u00e1n L\u00f3pez\"},\"url\":\"https:\\\/\\\/diarioprincipios.com\\\/index.php\\\/author\\\/hernan\\\/\"}]}<\/script>\n<!-- \/ Yoast SEO plugin. -->","yoast_head_json":{"title":"Comenz\u00f3 el recambio de ca\u00f1er\u00edas de agua en el centro - Principios","robots":{"index":"index","follow":"follow","max-snippet":"max-snippet:-1","max-image-preview":"max-image-preview:large","max-video-preview":"max-video-preview:-1"},"canonical":"https:\/\/diarioprincipios.com\/index.php\/2022\/01\/28\/comenzo-el-recambio-de-canerias-de-agua-en-el-centro\/","og_locale":"es_ES","og_type":"article","og_title":"Comenz\u00f3 el recambio de ca\u00f1er\u00edas de agua en el centro - Principios","og_description":"La Municipalidad de Berazategui, a trav\u00e9s de la Secretar\u00eda de Servicios P\u00fablicos, inici\u00f3 los trabajos de recambio de las ca\u00f1er\u00edas de agua en el centro de la ciudad. En esta primera etapa, la cobertura de esta obra impulsada por el intendente Juan Jos\u00e9 Mussi y financiada por el Gobierno nacional, abarca desde la calle 12...","og_url":"https:\/\/diarioprincipios.com\/index.php\/2022\/01\/28\/comenzo-el-recambio-de-canerias-de-agua-en-el-centro\/","og_site_name":"Principios","article_published_time":"2022-01-28T18:04:18+00:00","article_modified_time":"2022-01-28T18:04:23+00:00","og_image":[{"width":1920,"height":1280,"url":"https:\/\/diarioprincipios.com\/wp-content\/uploads\/2022\/01\/BERAZATEGUI-COMENZO-EL-RECAMBIO-DE-CANERIAS-EN-EL-CENTRO-4.jpg","type":"image\/jpeg"}],"author":"Hern\u00e1n L\u00f3pez","twitter_card":"summary_large_image","twitter_misc":{"Escrito por":"Hern\u00e1n L\u00f3pez","Tiempo de lectura":"3 minutos"},"schema":{"@context":"https:\/\/schema.org","@graph":[{"@type":"Article","@id":"https:\/\/diarioprincipios.com\/index.php\/2022\/01\/28\/comenzo-el-recambio-de-canerias-de-agua-en-el-centro\/#article","isPartOf":{"@id":"https:\/\/diarioprincipios.com\/index.php\/2022\/01\/28\/comenzo-el-recambio-de-canerias-de-agua-en-el-centro\/"},"author":{"name":"Hern\u00e1n L\u00f3pez","@id":"https:\/\/diarioprincipios.com\/#\/schema\/person\/436d5a1fd41a5e250e23ff5a6a7cb080"},"headline":"Comenz\u00f3 el recambio de ca\u00f1er\u00edas de agua en el centro","datePublished":"2022-01-28T18:04:18+00:00","dateModified":"2022-01-28T18:04:23+00:00","mainEntityOfPage":{"@id":"https:\/\/diarioprincipios.com\/index.php\/2022\/01\/28\/comenzo-el-recambio-de-canerias-de-agua-en-el-centro\/"},"wordCount":443,"commentCount":0,"publisher":{"@id":"https:\/\/diarioprincipios.com\/#organization"},"image":{"@id":"https:\/\/diarioprincipios.com\/index.php\/2022\/01\/28\/comenzo-el-recambio-de-canerias-de-agua-en-el-centro\/#primaryimage"},"thumbnailUrl":"https:\/\/diarioprincipios.com\/wp-content\/uploads\/2022\/01\/BERAZATEGUI-COMENZO-EL-RECAMBIO-DE-CANERIAS-EN-EL-CENTRO-4.jpg","articleSection":["Berazategui"],"inLanguage":"es","potentialAction":[{"@type":"CommentAction","name":"Comment","target":["https:\/\/diarioprincipios.com\/index.php\/2022\/01\/28\/comenzo-el-recambio-de-canerias-de-agua-en-el-centro\/#respond"]}]},{"@type":"WebPage","@id":"https:\/\/diarioprincipios.com\/index.php\/2022\/01\/28\/comenzo-el-recambio-de-canerias-de-agua-en-el-centro\/","url":"https:\/\/diarioprincipios.com\/index.php\/2022\/01\/28\/comenzo-el-recambio-de-canerias-de-agua-en-el-centro\/","name":"Comenz\u00f3 el recambio de ca\u00f1er\u00edas de agua en el centro - Principios","isPartOf":{"@id":"https:\/\/diarioprincipios.com\/#website"},"primaryImageOfPage":{"@id":"https:\/\/diarioprincipios.com\/index.php\/2022\/01\/28\/comenzo-el-recambio-de-canerias-de-agua-en-el-centro\/#primaryimage"},"image":{"@id":"https:\/\/diarioprincipios.com\/index.php\/2022\/01\/28\/comenzo-el-recambio-de-canerias-de-agua-en-el-centro\/#primaryimage"},"thumbnailUrl":"https:\/\/diarioprincipios.com\/wp-content\/uploads\/2022\/01\/BERAZATEGUI-COMENZO-EL-RECAMBIO-DE-CANERIAS-EN-EL-CENTRO-4.jpg","datePublished":"2022-01-28T18:04:18+00:00","dateModified":"2022-01-28T18:04:23+00:00","breadcrumb":{"@id":"https:\/\/diarioprincipios.com\/index.php\/2022\/01\/28\/comenzo-el-recambio-de-canerias-de-agua-en-el-centro\/#breadcrumb"},"inLanguage":"es","potentialAction":[{"@type":"ReadAction","target":["https:\/\/diarioprincipios.com\/index.php\/2022\/01\/28\/comenzo-el-recambio-de-canerias-de-agua-en-el-centro\/"]}]},{"@type":"ImageObject","inLanguage":"es","@id":"https:\/\/diarioprincipios.com\/index.php\/2022\/01\/28\/comenzo-el-recambio-de-canerias-de-agua-en-el-centro\/#primaryimage","url":"https:\/\/diarioprincipios.com\/wp-content\/uploads\/2022\/01\/BERAZATEGUI-COMENZO-EL-RECAMBIO-DE-CANERIAS-EN-EL-CENTRO-4.jpg","contentUrl":"https:\/\/diarioprincipios.com\/wp-content\/uploads\/2022\/01\/BERAZATEGUI-COMENZO-EL-RECAMBIO-DE-CANERIAS-EN-EL-CENTRO-4.jpg","width":1920,"height":1280},{"@type":"BreadcrumbList","@id":"https:\/\/diarioprincipios.com\/index.php\/2022\/01\/28\/comenzo-el-recambio-de-canerias-de-agua-en-el-centro\/#breadcrumb","itemListElement":[{"@type":"ListItem","position":1,"name":"Portada","item":"https:\/\/diarioprincipios.com\/"},{"@type":"ListItem","position":2,"name":"Comenz\u00f3 el recambio de ca\u00f1er\u00edas de agua en el centro"}]},{"@type":"WebSite","@id":"https:\/\/diarioprincipios.com\/#website","url":"https:\/\/diarioprincipios.com\/","name":"Principios","description":"Principios Diario","publisher":{"@id":"https:\/\/diarioprincipios.com\/#organization"},"potentialAction":[{"@type":"SearchAction","target":{"@type":"EntryPoint","urlTemplate":"https:\/\/diarioprincipios.com\/?s={search_term_string}"},"query-input":{"@type":"PropertyValueSpecification","valueRequired":true,"valueName":"search_term_string"}}],"inLanguage":"es"},{"@type":"Organization","@id":"https:\/\/diarioprincipios.com\/#organization","name":"Principios","url":"https:\/\/diarioprincipios.com\/","logo":{"@type":"ImageObject","inLanguage":"es","@id":"https:\/\/diarioprincipios.com\/#\/schema\/logo\/image\/","url":"https:\/\/diarioprincipios.com\/wp-content\/uploads\/2024\/04\/cropped-www.diarioprincipios.com_-1.png","contentUrl":"https:\/\/diarioprincipios.com\/wp-content\/uploads\/2024\/04\/cropped-www.diarioprincipios.com_-1.png","width":5325,"height":1454,"caption":"Principios"},"image":{"@id":"https:\/\/diarioprincipios.com\/#\/schema\/logo\/image\/"}},{"@type":"Person","@id":"https:\/\/diarioprincipios.com\/#\/schema\/person\/436d5a1fd41a5e250e23ff5a6a7cb080","name":"Hern\u00e1n L\u00f3pez","image":{"@type":"ImageObject","inLanguage":"es","@id":"https:\/\/diarioprincipios.com\/wp-content\/litespeed\/avatar\/11ddfe5610ff3bd100522525b2571f48.jpg?ver=1777653193","url":"https:\/\/diarioprincipios.com\/wp-content\/litespeed\/avatar\/11ddfe5610ff3bd100522525b2571f48.jpg?ver=1777653193","contentUrl":"https:\/\/diarioprincipios.com\/wp-content\/litespeed\/avatar\/11ddfe5610ff3bd100522525b2571f48.jpg?ver=1777653193","caption":"Hern\u00e1n L\u00f3pez"},"url":"https:\/\/diarioprincipios.com\/index.php\/author\/hernan\/"}]}},"jetpack_featured_media_url":"https:\/\/diarioprincipios.com\/wp-content\/uploads\/2022\/01\/BERAZATEGUI-COMENZO-EL-RECAMBIO-DE-CANERIAS-EN-EL-CENTRO-4.jpg","_links":{"self":[{"href":"https:\/\/diarioprincipios.com\/index.php\/wp-json\/wp\/v2\/posts\/12464","targetHints":{"allow":["GET"]}}],"collection":[{"href":"https:\/\/diarioprincipios.com\/index.php\/wp-json\/wp\/v2\/posts"}],"about":[{"href":"https:\/\/diarioprincipios.com\/index.php\/wp-json\/wp\/v2\/types\/post"}],"author":[{"embeddable":true,"href":"https:\/\/diarioprincipios.com\/index.php\/wp-json\/wp\/v2\/users\/2"}],"replies":[{"embeddable":true,"href":"https:\/\/diarioprincipios.com\/index.php\/wp-json\/wp\/v2\/comments?post=12464"}],"version-history":[{"count":1,"href":"https:\/\/diarioprincipios.com\/index.php\/wp-json\/wp\/v2\/posts\/12464\/revisions"}],"predecessor-version":[{"id":12468,"href":"https:\/\/diarioprincipios.com\/index.php\/wp-json\/wp\/v2\/posts\/12464\/revisions\/12468"}],"wp:featuredmedia":[{"embeddable":true,"href":"https:\/\/diarioprincipios.com\/index.php\/wp-json\/wp\/v2\/media\/12467"}],"wp:attachment":[{"href":"https:\/\/diarioprincipios.com\/index.php\/wp-json\/wp\/v2\/media?parent=12464"}],"wp:term":[{"taxonomy":"category","embeddable":true,"href":"https:\/\/diarioprincipios.com\/index.php\/wp-json\/wp\/v2\/categories?post=12464"},{"taxonomy":"post_tag","embeddable":true,"href":"https:\/\/diarioprincipios.com\/index.php\/wp-json\/wp\/v2\/tags?post=12464"}],"curies":[{"name":"wp","href":"https:\/\/api.w.org\/{rel}","templated":true}]}}