{"id":12459,"date":"2022-01-28T12:20:26","date_gmt":"2022-01-28T15:20:26","guid":{"rendered":"http:\/\/diarioprincipios.com\/?p=12459"},"modified":"2022-01-28T12:20:34","modified_gmt":"2022-01-28T15:20:34","slug":"se-presento-una-nueva-etapa-de-la-copa-avellaneda-futsal-2022","status":"publish","type":"post","link":"https:\/\/diarioprincipios.com\/index.php\/2022\/01\/28\/se-presento-una-nueva-etapa-de-la-copa-avellaneda-futsal-2022\/","title":{"rendered":"Se present\u00f3 una nueva etapa de la Copa Avellaneda Futsal 2022"},"content":{"rendered":"\n<p>La jefa de Gabinete de Avellaneda, Magdalena Sierra junto a Sebasti\u00e1n Vidal, secretario de Deportes, y Manuela S\u00e1nchez, subsecretaria de Turismo, encabezaron el sorteo de la segunda etapa del campeonato.<\/p>\n\n\n\n<p>Luego del \u00e9xito de la primera etapa de la Copa Avellaneda Futsal, en la que participaron 80 clubes de barrio y el club Domingo Savio se corono campe\u00f3n masculino, mientras que el club Renacimiento logr\u00f3 el t\u00edtulo en futsal femenino, en este 2022 los mejores clasificados de esa competencia inicial se enfrentar\u00e1n contra los equipos de la liga AFA para definir los nuevos campeones de nuestra ciudad.<\/p>\n\n\n\n<figure class=\"wp-block-image size-large\"><img loading=\"lazy\" decoding=\"async\" width=\"1024\" height=\"683\" src=\"https:\/\/diarioprincipios.com\/wp-content\/uploads\/2022\/01\/FKJNQ57XoAEmrhi-1024x683.jpg\" alt=\"\" class=\"wp-image-12460\" srcset=\"https:\/\/diarioprincipios.com\/wp-content\/uploads\/2022\/01\/FKJNQ57XoAEmrhi-1024x683.jpg 1024w, https:\/\/diarioprincipios.com\/wp-content\/uploads\/2022\/01\/FKJNQ57XoAEmrhi-300x200.jpg 300w, https:\/\/diarioprincipios.com\/wp-content\/uploads\/2022\/01\/FKJNQ57XoAEmrhi-768x512.jpg 768w, https:\/\/diarioprincipios.com\/wp-content\/uploads\/2022\/01\/FKJNQ57XoAEmrhi-1536x1024.jpg 1536w, https:\/\/diarioprincipios.com\/wp-content\/uploads\/2022\/01\/FKJNQ57XoAEmrhi.jpg 1600w\" sizes=\"auto, (max-width: 1024px) 100vw, 1024px\" \/><\/figure>\n\n\n\n<p>Magdalena Sierra expres\u00f3: \u201cAgradezco a cada uno de los clubes de barrio por el cari\u00f1o y compromiso que tienen con nuestra ciudad, hacemos nuestra historia cada d\u00eda, por que el futbol es cultura\u201d, y luego adelant\u00f3 un nuevo proyecto que comenzar\u00e1 en pocas semanas: \u201cEn marzo nos volveremos a reunir con todos los clubes, para empezar a trabajar en el primer museo del futbol\u201d.<\/p>\n\n\n\n<p>Sebasti\u00e1n Vidal, secretario de Deportes de Avellaneda, destac\u00f3 el entusiasmo por el comienzo de la copa: \u00abEstamos muy contentos por esta iniciativa, el 17 de febrero ser\u00e1 el inicio de esta copa y la final se jugar\u00e1 en la cancha de Racing Club\u00bb<\/p>\n\n\n\n<p>En el evento tambi\u00e9n estuvo presente Federico Wisner, organizador de la Copa, y representantes de cada uno de los clubes de nuestro municipio.<\/p>\n\n\n\n<figure class=\"wp-block-image size-large\"><img loading=\"lazy\" decoding=\"async\" width=\"1024\" height=\"683\" src=\"https:\/\/diarioprincipios.com\/wp-content\/uploads\/2022\/01\/FKJNOrIXsAYPdYv-1024x683.jpg\" alt=\"\" class=\"wp-image-12461\" srcset=\"https:\/\/diarioprincipios.com\/wp-content\/uploads\/2022\/01\/FKJNOrIXsAYPdYv-1024x683.jpg 1024w, https:\/\/diarioprincipios.com\/wp-content\/uploads\/2022\/01\/FKJNOrIXsAYPdYv-300x200.jpg 300w, https:\/\/diarioprincipios.com\/wp-content\/uploads\/2022\/01\/FKJNOrIXsAYPdYv-768x512.jpg 768w, https:\/\/diarioprincipios.com\/wp-content\/uploads\/2022\/01\/FKJNOrIXsAYPdYv-1536x1024.jpg 1536w, https:\/\/diarioprincipios.com\/wp-content\/uploads\/2022\/01\/FKJNOrIXsAYPdYv.jpg 1600w\" sizes=\"auto, (max-width: 1024px) 100vw, 1024px\" \/><\/figure>\n\n\n\n<p>Los octavos de final del campeonato masculino se jugar\u00e1n con los siguientes cruces:<\/p>\n\n\n\n<p>Independiente \u2013 Villa Modelo<\/p>\n\n\n\n<p>Arsenal \u2013 Sol de Oro<\/p>\n\n\n\n<p>Dock Sud \u2013 Albi\u00f3n<\/p>\n\n\n\n<p>Selecci\u00f3n de Avellaneda \u2013 6 de Enero<\/p>\n\n\n\n<p>Racing Club \u2013 Pichocho<\/p>\n\n\n\n<p>Secla \u2013 Barrio Futuro<\/p>\n\n\n\n<p>Victoriano Arenas \u2013 Cruz Varela<\/p>\n\n\n\n<p>San Telmo \u2013 Domingo Savio<\/p>\n\n\n\n<p>Mientras que los cuartos de final del futsal femenino ser\u00e1 el siguiente:<\/p>\n\n\n\n<p>Racing Club &#8211; Deheza<\/p>\n\n\n\n<p>Selecci\u00f3n de Avellaneda \u2013 El Porvenir de Wilde<\/p>\n\n\n\n<p>Independiente \u2013 Villa Heredia<\/p>\n\n\n\n<p>San Telmo &#8211; Renacimiento<\/p>\n\n\n\n<figure class=\"wp-block-image\"><img decoding=\"async\" src=\"https:\/\/ecp.yusercontent.com\/mail?url=https%3A%2F%2Fdocs.google.com%2Fuc%3Fexport%3Ddownload%26id%3D1t2VOlCGJg2DXJS4YScBgAORvCElc1jc5%26revid%3D0By_1l-TK_PtbSExrTmZ6aUtYaHFIMGw5Qm1KK3RJK25IUHJNPQ&amp;t=1643382996&amp;ymreqid=5799fcab-b43d-2794-2223-21001e01bd00&amp;sig=m5Al6zf0JSLVVFb9CTOrFA--~D\" alt=\"\"\/><\/figure>\n\n\n\n<p><\/p>\n","protected":false},"excerpt":{"rendered":"<p>La jefa de Gabinete de Avellaneda, Magdalena Sierra junto a Sebasti\u00e1n Vidal, secretario de Deportes, y Manuela S\u00e1nchez, subsecretaria de Turismo, encabezaron el sorteo de la segunda etapa del campeonato. Luego del \u00e9xito de la primera etapa de la Copa Avellaneda Futsal, en la que participaron 80 clubes de barrio y el club Domingo Savio&#8230;<\/p>\n","protected":false},"author":2,"featured_media":12462,"comment_status":"open","ping_status":"open","sticky":false,"template":"","format":"standard","meta":{"footnotes":""},"categories":[5],"tags":[],"class_list":["post-12459","post","type-post","status-publish","format-standard","has-post-thumbnail","hentry","category-avellaneda"],"featured_image_src":"https:\/\/diarioprincipios.com\/wp-content\/uploads\/2022\/01\/FKJNN5qWQAI8Vzf-1024x682.jpg","blog_images":{"medium":"https:\/\/diarioprincipios.com\/wp-content\/uploads\/2022\/01\/FKJNN5qWQAI8Vzf-300x200.jpg","large":"https:\/\/diarioprincipios.com\/wp-content\/uploads\/2022\/01\/FKJNN5qWQAI8Vzf-1024x682.jpg"},"ams_acf":[],"yoast_head":"<!-- This site is optimized with the Yoast SEO plugin v27.3 - https:\/\/yoast.com\/product\/yoast-seo-wordpress\/ -->\n<title>Se present\u00f3 una nueva etapa de la Copa Avellaneda Futsal 2022 - Principios<\/title>\n<meta name=\"robots\" content=\"index, follow, max-snippet:-1, max-image-preview:large, max-video-preview:-1\" \/>\n<link rel=\"canonical\" href=\"https:\/\/diarioprincipios.com\/index.php\/2022\/01\/28\/se-presento-una-nueva-etapa-de-la-copa-avellaneda-futsal-2022\/\" \/>\n<meta property=\"og:locale\" content=\"es_ES\" \/>\n<meta property=\"og:type\" content=\"article\" \/>\n<meta property=\"og:title\" content=\"Se present\u00f3 una nueva etapa de la Copa Avellaneda Futsal 2022 - Principios\" \/>\n<meta property=\"og:description\" content=\"La jefa de Gabinete de Avellaneda, Magdalena Sierra junto a Sebasti\u00e1n Vidal, secretario de Deportes, y Manuela S\u00e1nchez, subsecretaria de Turismo, encabezaron el sorteo de la segunda etapa del campeonato. Luego del \u00e9xito de la primera etapa de la Copa Avellaneda Futsal, en la que participaron 80 clubes de barrio y el club Domingo Savio...\" \/>\n<meta property=\"og:url\" content=\"https:\/\/diarioprincipios.com\/index.php\/2022\/01\/28\/se-presento-una-nueva-etapa-de-la-copa-avellaneda-futsal-2022\/\" \/>\n<meta property=\"og:site_name\" content=\"Principios\" \/>\n<meta property=\"article:published_time\" content=\"2022-01-28T15:20:26+00:00\" \/>\n<meta property=\"article:modified_time\" content=\"2022-01-28T15:20:34+00:00\" \/>\n<meta property=\"og:image\" content=\"https:\/\/diarioprincipios.com\/wp-content\/uploads\/2022\/01\/FKJNN5qWQAI8Vzf.jpg\" \/>\n\t<meta property=\"og:image:width\" content=\"1440\" \/>\n\t<meta property=\"og:image:height\" content=\"959\" \/>\n\t<meta property=\"og:image:type\" content=\"image\/jpeg\" \/>\n<meta name=\"author\" content=\"Hern\u00e1n L\u00f3pez\" \/>\n<meta name=\"twitter:card\" content=\"summary_large_image\" \/>\n<meta name=\"twitter:label1\" content=\"Escrito por\" \/>\n\t<meta name=\"twitter:data1\" content=\"Hern\u00e1n L\u00f3pez\" \/>\n\t<meta name=\"twitter:label2\" content=\"Tiempo de lectura\" \/>\n\t<meta name=\"twitter:data2\" content=\"2 minutos\" \/>\n<script type=\"application\/ld+json\" class=\"yoast-schema-graph\">{\"@context\":\"https:\\\/\\\/schema.org\",\"@graph\":[{\"@type\":\"Article\",\"@id\":\"https:\\\/\\\/diarioprincipios.com\\\/index.php\\\/2022\\\/01\\\/28\\\/se-presento-una-nueva-etapa-de-la-copa-avellaneda-futsal-2022\\\/#article\",\"isPartOf\":{\"@id\":\"https:\\\/\\\/diarioprincipios.com\\\/index.php\\\/2022\\\/01\\\/28\\\/se-presento-una-nueva-etapa-de-la-copa-avellaneda-futsal-2022\\\/\"},\"author\":{\"name\":\"Hern\u00e1n L\u00f3pez\",\"@id\":\"https:\\\/\\\/diarioprincipios.com\\\/#\\\/schema\\\/person\\\/436d5a1fd41a5e250e23ff5a6a7cb080\"},\"headline\":\"Se present\u00f3 una nueva etapa de la Copa Avellaneda Futsal 2022\",\"datePublished\":\"2022-01-28T15:20:26+00:00\",\"dateModified\":\"2022-01-28T15:20:34+00:00\",\"mainEntityOfPage\":{\"@id\":\"https:\\\/\\\/diarioprincipios.com\\\/index.php\\\/2022\\\/01\\\/28\\\/se-presento-una-nueva-etapa-de-la-copa-avellaneda-futsal-2022\\\/\"},\"wordCount\":319,\"commentCount\":0,\"publisher\":{\"@id\":\"https:\\\/\\\/diarioprincipios.com\\\/#organization\"},\"image\":{\"@id\":\"https:\\\/\\\/diarioprincipios.com\\\/index.php\\\/2022\\\/01\\\/28\\\/se-presento-una-nueva-etapa-de-la-copa-avellaneda-futsal-2022\\\/#primaryimage\"},\"thumbnailUrl\":\"https:\\\/\\\/diarioprincipios.com\\\/wp-content\\\/uploads\\\/2022\\\/01\\\/FKJNN5qWQAI8Vzf.jpg\",\"articleSection\":[\"Avellaneda\"],\"inLanguage\":\"es\",\"potentialAction\":[{\"@type\":\"CommentAction\",\"name\":\"Comment\",\"target\":[\"https:\\\/\\\/diarioprincipios.com\\\/index.php\\\/2022\\\/01\\\/28\\\/se-presento-una-nueva-etapa-de-la-copa-avellaneda-futsal-2022\\\/#respond\"]}]},{\"@type\":\"WebPage\",\"@id\":\"https:\\\/\\\/diarioprincipios.com\\\/index.php\\\/2022\\\/01\\\/28\\\/se-presento-una-nueva-etapa-de-la-copa-avellaneda-futsal-2022\\\/\",\"url\":\"https:\\\/\\\/diarioprincipios.com\\\/index.php\\\/2022\\\/01\\\/28\\\/se-presento-una-nueva-etapa-de-la-copa-avellaneda-futsal-2022\\\/\",\"name\":\"Se present\u00f3 una nueva etapa de la Copa Avellaneda Futsal 2022 - Principios\",\"isPartOf\":{\"@id\":\"https:\\\/\\\/diarioprincipios.com\\\/#website\"},\"primaryImageOfPage\":{\"@id\":\"https:\\\/\\\/diarioprincipios.com\\\/index.php\\\/2022\\\/01\\\/28\\\/se-presento-una-nueva-etapa-de-la-copa-avellaneda-futsal-2022\\\/#primaryimage\"},\"image\":{\"@id\":\"https:\\\/\\\/diarioprincipios.com\\\/index.php\\\/2022\\\/01\\\/28\\\/se-presento-una-nueva-etapa-de-la-copa-avellaneda-futsal-2022\\\/#primaryimage\"},\"thumbnailUrl\":\"https:\\\/\\\/diarioprincipios.com\\\/wp-content\\\/uploads\\\/2022\\\/01\\\/FKJNN5qWQAI8Vzf.jpg\",\"datePublished\":\"2022-01-28T15:20:26+00:00\",\"dateModified\":\"2022-01-28T15:20:34+00:00\",\"breadcrumb\":{\"@id\":\"https:\\\/\\\/diarioprincipios.com\\\/index.php\\\/2022\\\/01\\\/28\\\/se-presento-una-nueva-etapa-de-la-copa-avellaneda-futsal-2022\\\/#breadcrumb\"},\"inLanguage\":\"es\",\"potentialAction\":[{\"@type\":\"ReadAction\",\"target\":[\"https:\\\/\\\/diarioprincipios.com\\\/index.php\\\/2022\\\/01\\\/28\\\/se-presento-una-nueva-etapa-de-la-copa-avellaneda-futsal-2022\\\/\"]}]},{\"@type\":\"ImageObject\",\"inLanguage\":\"es\",\"@id\":\"https:\\\/\\\/diarioprincipios.com\\\/index.php\\\/2022\\\/01\\\/28\\\/se-presento-una-nueva-etapa-de-la-copa-avellaneda-futsal-2022\\\/#primaryimage\",\"url\":\"https:\\\/\\\/diarioprincipios.com\\\/wp-content\\\/uploads\\\/2022\\\/01\\\/FKJNN5qWQAI8Vzf.jpg\",\"contentUrl\":\"https:\\\/\\\/diarioprincipios.com\\\/wp-content\\\/uploads\\\/2022\\\/01\\\/FKJNN5qWQAI8Vzf.jpg\",\"width\":1440,\"height\":959},{\"@type\":\"BreadcrumbList\",\"@id\":\"https:\\\/\\\/diarioprincipios.com\\\/index.php\\\/2022\\\/01\\\/28\\\/se-presento-una-nueva-etapa-de-la-copa-avellaneda-futsal-2022\\\/#breadcrumb\",\"itemListElement\":[{\"@type\":\"ListItem\",\"position\":1,\"name\":\"Portada\",\"item\":\"https:\\\/\\\/diarioprincipios.com\\\/\"},{\"@type\":\"ListItem\",\"position\":2,\"name\":\"Se present\u00f3 una nueva etapa de la Copa Avellaneda Futsal 2022\"}]},{\"@type\":\"WebSite\",\"@id\":\"https:\\\/\\\/diarioprincipios.com\\\/#website\",\"url\":\"https:\\\/\\\/diarioprincipios.com\\\/\",\"name\":\"Principios\",\"description\":\"Principios Diario\",\"publisher\":{\"@id\":\"https:\\\/\\\/diarioprincipios.com\\\/#organization\"},\"potentialAction\":[{\"@type\":\"SearchAction\",\"target\":{\"@type\":\"EntryPoint\",\"urlTemplate\":\"https:\\\/\\\/diarioprincipios.com\\\/?s={search_term_string}\"},\"query-input\":{\"@type\":\"PropertyValueSpecification\",\"valueRequired\":true,\"valueName\":\"search_term_string\"}}],\"inLanguage\":\"es\"},{\"@type\":\"Organization\",\"@id\":\"https:\\\/\\\/diarioprincipios.com\\\/#organization\",\"name\":\"Principios\",\"url\":\"https:\\\/\\\/diarioprincipios.com\\\/\",\"logo\":{\"@type\":\"ImageObject\",\"inLanguage\":\"es\",\"@id\":\"https:\\\/\\\/diarioprincipios.com\\\/#\\\/schema\\\/logo\\\/image\\\/\",\"url\":\"https:\\\/\\\/diarioprincipios.com\\\/wp-content\\\/uploads\\\/2024\\\/04\\\/cropped-www.diarioprincipios.com_-1.png\",\"contentUrl\":\"https:\\\/\\\/diarioprincipios.com\\\/wp-content\\\/uploads\\\/2024\\\/04\\\/cropped-www.diarioprincipios.com_-1.png\",\"width\":5325,\"height\":1454,\"caption\":\"Principios\"},\"image\":{\"@id\":\"https:\\\/\\\/diarioprincipios.com\\\/#\\\/schema\\\/logo\\\/image\\\/\"}},{\"@type\":\"Person\",\"@id\":\"https:\\\/\\\/diarioprincipios.com\\\/#\\\/schema\\\/person\\\/436d5a1fd41a5e250e23ff5a6a7cb080\",\"name\":\"Hern\u00e1n L\u00f3pez\",\"image\":{\"@type\":\"ImageObject\",\"inLanguage\":\"es\",\"@id\":\"https:\\\/\\\/diarioprincipios.com\\\/wp-content\\\/litespeed\\\/avatar\\\/11ddfe5610ff3bd100522525b2571f48.jpg?ver=1777653193\",\"url\":\"https:\\\/\\\/diarioprincipios.com\\\/wp-content\\\/litespeed\\\/avatar\\\/11ddfe5610ff3bd100522525b2571f48.jpg?ver=1777653193\",\"contentUrl\":\"https:\\\/\\\/diarioprincipios.com\\\/wp-content\\\/litespeed\\\/avatar\\\/11ddfe5610ff3bd100522525b2571f48.jpg?ver=1777653193\",\"caption\":\"Hern\u00e1n L\u00f3pez\"},\"url\":\"https:\\\/\\\/diarioprincipios.com\\\/index.php\\\/author\\\/hernan\\\/\"}]}<\/script>\n<!-- \/ Yoast SEO plugin. -->","yoast_head_json":{"title":"Se present\u00f3 una nueva etapa de la Copa Avellaneda Futsal 2022 - Principios","robots":{"index":"index","follow":"follow","max-snippet":"max-snippet:-1","max-image-preview":"max-image-preview:large","max-video-preview":"max-video-preview:-1"},"canonical":"https:\/\/diarioprincipios.com\/index.php\/2022\/01\/28\/se-presento-una-nueva-etapa-de-la-copa-avellaneda-futsal-2022\/","og_locale":"es_ES","og_type":"article","og_title":"Se present\u00f3 una nueva etapa de la Copa Avellaneda Futsal 2022 - Principios","og_description":"La jefa de Gabinete de Avellaneda, Magdalena Sierra junto a Sebasti\u00e1n Vidal, secretario de Deportes, y Manuela S\u00e1nchez, subsecretaria de Turismo, encabezaron el sorteo de la segunda etapa del campeonato. Luego del \u00e9xito de la primera etapa de la Copa Avellaneda Futsal, en la que participaron 80 clubes de barrio y el club Domingo Savio...","og_url":"https:\/\/diarioprincipios.com\/index.php\/2022\/01\/28\/se-presento-una-nueva-etapa-de-la-copa-avellaneda-futsal-2022\/","og_site_name":"Principios","article_published_time":"2022-01-28T15:20:26+00:00","article_modified_time":"2022-01-28T15:20:34+00:00","og_image":[{"width":1440,"height":959,"url":"https:\/\/diarioprincipios.com\/wp-content\/uploads\/2022\/01\/FKJNN5qWQAI8Vzf.jpg","type":"image\/jpeg"}],"author":"Hern\u00e1n L\u00f3pez","twitter_card":"summary_large_image","twitter_misc":{"Escrito por":"Hern\u00e1n L\u00f3pez","Tiempo de lectura":"2 minutos"},"schema":{"@context":"https:\/\/schema.org","@graph":[{"@type":"Article","@id":"https:\/\/diarioprincipios.com\/index.php\/2022\/01\/28\/se-presento-una-nueva-etapa-de-la-copa-avellaneda-futsal-2022\/#article","isPartOf":{"@id":"https:\/\/diarioprincipios.com\/index.php\/2022\/01\/28\/se-presento-una-nueva-etapa-de-la-copa-avellaneda-futsal-2022\/"},"author":{"name":"Hern\u00e1n L\u00f3pez","@id":"https:\/\/diarioprincipios.com\/#\/schema\/person\/436d5a1fd41a5e250e23ff5a6a7cb080"},"headline":"Se present\u00f3 una nueva etapa de la Copa Avellaneda Futsal 2022","datePublished":"2022-01-28T15:20:26+00:00","dateModified":"2022-01-28T15:20:34+00:00","mainEntityOfPage":{"@id":"https:\/\/diarioprincipios.com\/index.php\/2022\/01\/28\/se-presento-una-nueva-etapa-de-la-copa-avellaneda-futsal-2022\/"},"wordCount":319,"commentCount":0,"publisher":{"@id":"https:\/\/diarioprincipios.com\/#organization"},"image":{"@id":"https:\/\/diarioprincipios.com\/index.php\/2022\/01\/28\/se-presento-una-nueva-etapa-de-la-copa-avellaneda-futsal-2022\/#primaryimage"},"thumbnailUrl":"https:\/\/diarioprincipios.com\/wp-content\/uploads\/2022\/01\/FKJNN5qWQAI8Vzf.jpg","articleSection":["Avellaneda"],"inLanguage":"es","potentialAction":[{"@type":"CommentAction","name":"Comment","target":["https:\/\/diarioprincipios.com\/index.php\/2022\/01\/28\/se-presento-una-nueva-etapa-de-la-copa-avellaneda-futsal-2022\/#respond"]}]},{"@type":"WebPage","@id":"https:\/\/diarioprincipios.com\/index.php\/2022\/01\/28\/se-presento-una-nueva-etapa-de-la-copa-avellaneda-futsal-2022\/","url":"https:\/\/diarioprincipios.com\/index.php\/2022\/01\/28\/se-presento-una-nueva-etapa-de-la-copa-avellaneda-futsal-2022\/","name":"Se present\u00f3 una nueva etapa de la Copa Avellaneda Futsal 2022 - Principios","isPartOf":{"@id":"https:\/\/diarioprincipios.com\/#website"},"primaryImageOfPage":{"@id":"https:\/\/diarioprincipios.com\/index.php\/2022\/01\/28\/se-presento-una-nueva-etapa-de-la-copa-avellaneda-futsal-2022\/#primaryimage"},"image":{"@id":"https:\/\/diarioprincipios.com\/index.php\/2022\/01\/28\/se-presento-una-nueva-etapa-de-la-copa-avellaneda-futsal-2022\/#primaryimage"},"thumbnailUrl":"https:\/\/diarioprincipios.com\/wp-content\/uploads\/2022\/01\/FKJNN5qWQAI8Vzf.jpg","datePublished":"2022-01-28T15:20:26+00:00","dateModified":"2022-01-28T15:20:34+00:00","breadcrumb":{"@id":"https:\/\/diarioprincipios.com\/index.php\/2022\/01\/28\/se-presento-una-nueva-etapa-de-la-copa-avellaneda-futsal-2022\/#breadcrumb"},"inLanguage":"es","potentialAction":[{"@type":"ReadAction","target":["https:\/\/diarioprincipios.com\/index.php\/2022\/01\/28\/se-presento-una-nueva-etapa-de-la-copa-avellaneda-futsal-2022\/"]}]},{"@type":"ImageObject","inLanguage":"es","@id":"https:\/\/diarioprincipios.com\/index.php\/2022\/01\/28\/se-presento-una-nueva-etapa-de-la-copa-avellaneda-futsal-2022\/#primaryimage","url":"https:\/\/diarioprincipios.com\/wp-content\/uploads\/2022\/01\/FKJNN5qWQAI8Vzf.jpg","contentUrl":"https:\/\/diarioprincipios.com\/wp-content\/uploads\/2022\/01\/FKJNN5qWQAI8Vzf.jpg","width":1440,"height":959},{"@type":"BreadcrumbList","@id":"https:\/\/diarioprincipios.com\/index.php\/2022\/01\/28\/se-presento-una-nueva-etapa-de-la-copa-avellaneda-futsal-2022\/#breadcrumb","itemListElement":[{"@type":"ListItem","position":1,"name":"Portada","item":"https:\/\/diarioprincipios.com\/"},{"@type":"ListItem","position":2,"name":"Se present\u00f3 una nueva etapa de la Copa Avellaneda Futsal 2022"}]},{"@type":"WebSite","@id":"https:\/\/diarioprincipios.com\/#website","url":"https:\/\/diarioprincipios.com\/","name":"Principios","description":"Principios Diario","publisher":{"@id":"https:\/\/diarioprincipios.com\/#organization"},"potentialAction":[{"@type":"SearchAction","target":{"@type":"EntryPoint","urlTemplate":"https:\/\/diarioprincipios.com\/?s={search_term_string}"},"query-input":{"@type":"PropertyValueSpecification","valueRequired":true,"valueName":"search_term_string"}}],"inLanguage":"es"},{"@type":"Organization","@id":"https:\/\/diarioprincipios.com\/#organization","name":"Principios","url":"https:\/\/diarioprincipios.com\/","logo":{"@type":"ImageObject","inLanguage":"es","@id":"https:\/\/diarioprincipios.com\/#\/schema\/logo\/image\/","url":"https:\/\/diarioprincipios.com\/wp-content\/uploads\/2024\/04\/cropped-www.diarioprincipios.com_-1.png","contentUrl":"https:\/\/diarioprincipios.com\/wp-content\/uploads\/2024\/04\/cropped-www.diarioprincipios.com_-1.png","width":5325,"height":1454,"caption":"Principios"},"image":{"@id":"https:\/\/diarioprincipios.com\/#\/schema\/logo\/image\/"}},{"@type":"Person","@id":"https:\/\/diarioprincipios.com\/#\/schema\/person\/436d5a1fd41a5e250e23ff5a6a7cb080","name":"Hern\u00e1n L\u00f3pez","image":{"@type":"ImageObject","inLanguage":"es","@id":"https:\/\/diarioprincipios.com\/wp-content\/litespeed\/avatar\/11ddfe5610ff3bd100522525b2571f48.jpg?ver=1777653193","url":"https:\/\/diarioprincipios.com\/wp-content\/litespeed\/avatar\/11ddfe5610ff3bd100522525b2571f48.jpg?ver=1777653193","contentUrl":"https:\/\/diarioprincipios.com\/wp-content\/litespeed\/avatar\/11ddfe5610ff3bd100522525b2571f48.jpg?ver=1777653193","caption":"Hern\u00e1n L\u00f3pez"},"url":"https:\/\/diarioprincipios.com\/index.php\/author\/hernan\/"}]}},"jetpack_featured_media_url":"https:\/\/diarioprincipios.com\/wp-content\/uploads\/2022\/01\/FKJNN5qWQAI8Vzf.jpg","_links":{"self":[{"href":"https:\/\/diarioprincipios.com\/index.php\/wp-json\/wp\/v2\/posts\/12459","targetHints":{"allow":["GET"]}}],"collection":[{"href":"https:\/\/diarioprincipios.com\/index.php\/wp-json\/wp\/v2\/posts"}],"about":[{"href":"https:\/\/diarioprincipios.com\/index.php\/wp-json\/wp\/v2\/types\/post"}],"author":[{"embeddable":true,"href":"https:\/\/diarioprincipios.com\/index.php\/wp-json\/wp\/v2\/users\/2"}],"replies":[{"embeddable":true,"href":"https:\/\/diarioprincipios.com\/index.php\/wp-json\/wp\/v2\/comments?post=12459"}],"version-history":[{"count":1,"href":"https:\/\/diarioprincipios.com\/index.php\/wp-json\/wp\/v2\/posts\/12459\/revisions"}],"predecessor-version":[{"id":12463,"href":"https:\/\/diarioprincipios.com\/index.php\/wp-json\/wp\/v2\/posts\/12459\/revisions\/12463"}],"wp:featuredmedia":[{"embeddable":true,"href":"https:\/\/diarioprincipios.com\/index.php\/wp-json\/wp\/v2\/media\/12462"}],"wp:attachment":[{"href":"https:\/\/diarioprincipios.com\/index.php\/wp-json\/wp\/v2\/media?parent=12459"}],"wp:term":[{"taxonomy":"category","embeddable":true,"href":"https:\/\/diarioprincipios.com\/index.php\/wp-json\/wp\/v2\/categories?post=12459"},{"taxonomy":"post_tag","embeddable":true,"href":"https:\/\/diarioprincipios.com\/index.php\/wp-json\/wp\/v2\/tags?post=12459"}],"curies":[{"name":"wp","href":"https:\/\/api.w.org\/{rel}","templated":true}]}}