{"id":12455,"date":"2022-01-28T12:04:57","date_gmt":"2022-01-28T15:04:57","guid":{"rendered":"http:\/\/diarioprincipios.com\/?p=12455"},"modified":"2022-01-28T12:05:03","modified_gmt":"2022-01-28T15:05:03","slug":"ya-se-realizo-el-85-de-las-obras-de-ampliacion-del-complejo-cultural-municipal-el-patio","status":"publish","type":"post","link":"https:\/\/diarioprincipios.com\/index.php\/2022\/01\/28\/ya-se-realizo-el-85-de-las-obras-de-ampliacion-del-complejo-cultural-municipal-el-patio\/","title":{"rendered":"Ya se realiz\u00f3 el 85% de las obras de ampliaci\u00f3n del Complejo Cultural Municipal El Patio"},"content":{"rendered":"\n<p><strong>La Municipalidad de Berazategui -a cargo del intendente Juan Jos\u00e9 Mussi- lleva adelante la construcci\u00f3n y ampliaci\u00f3n de espacios destinados a actividades culturales y recreativas en el edificio patrimonial de El Patio, ubicado en calle 149 entre 15 y 15 A. Estas obras de puesta en valor del espacio se iniciaron en 2021 y ya alcanzaron el 85% de lo proyectado.<br><\/strong><br>La ampliaci\u00f3n de este complejo municipal es parte de los trabajos que el intendente Juan Jos\u00e9 Mussi impulsa para preservar y recuperar el patrimonio cultural de Berazategui.<\/p>\n\n\n\n<p>Federico L\u00f3pez, secretario de Cultura y Educaci\u00f3n de la Municipalidad de Berazategui, destac\u00f3: \u201cLa construcci\u00f3n del 1er piso del Complejo Cultural El Patio se encuentra en la etapa final, y permitir\u00e1 duplicar la capacidad de las aulas y aumentar el alumnado, as\u00ed como brindar otros cursos de la Secretar\u00eda de Cultura y Educaci\u00f3n\u201d.<\/p>\n\n\n\n<figure class=\"wp-block-image size-large\"><img loading=\"lazy\" decoding=\"async\" width=\"1024\" height=\"683\" src=\"https:\/\/diarioprincipios.com\/wp-content\/uploads\/2022\/01\/YA-SE-REALIZO-EL-85-DE-LAS-OBRAS-DE-AMPLIACION-DEL-COMPLEJO-CULTURAL-MUNICIPAL-EL-PATIO-4-1-1024x683.jpg\" alt=\"\" class=\"wp-image-12456\" srcset=\"https:\/\/diarioprincipios.com\/wp-content\/uploads\/2022\/01\/YA-SE-REALIZO-EL-85-DE-LAS-OBRAS-DE-AMPLIACION-DEL-COMPLEJO-CULTURAL-MUNICIPAL-EL-PATIO-4-1-1024x683.jpg 1024w, https:\/\/diarioprincipios.com\/wp-content\/uploads\/2022\/01\/YA-SE-REALIZO-EL-85-DE-LAS-OBRAS-DE-AMPLIACION-DEL-COMPLEJO-CULTURAL-MUNICIPAL-EL-PATIO-4-1-300x200.jpg 300w, https:\/\/diarioprincipios.com\/wp-content\/uploads\/2022\/01\/YA-SE-REALIZO-EL-85-DE-LAS-OBRAS-DE-AMPLIACION-DEL-COMPLEJO-CULTURAL-MUNICIPAL-EL-PATIO-4-1-768x512.jpg 768w, https:\/\/diarioprincipios.com\/wp-content\/uploads\/2022\/01\/YA-SE-REALIZO-EL-85-DE-LAS-OBRAS-DE-AMPLIACION-DEL-COMPLEJO-CULTURAL-MUNICIPAL-EL-PATIO-4-1-1536x1024.jpg 1536w, https:\/\/diarioprincipios.com\/wp-content\/uploads\/2022\/01\/YA-SE-REALIZO-EL-85-DE-LAS-OBRAS-DE-AMPLIACION-DEL-COMPLEJO-CULTURAL-MUNICIPAL-EL-PATIO-4-1.jpg 1920w\" sizes=\"auto, (max-width: 1024px) 100vw, 1024px\" \/><\/figure>\n\n\n\n<p>Adem\u00e1s, adelant\u00f3: \u201cContinuaremos con el proyecto, que posibilitar\u00e1 la incorporaci\u00f3n de un cuerpo de ba\u00f1os en la primera planta; la refuncionalizaci\u00f3n de los ba\u00f1os existentes; la unificaci\u00f3n de las aulas 7 y 8 en un espacio vinculado a las artes visuales; la construcci\u00f3n de un peque\u00f1o Sal\u00f3n de Usos M\u00faltiples (SUM); y, tras liberar el espacio que actualmente ocupan las oficinas, la creaci\u00f3n de un Museo de Artesan\u00edas. Esto se proyecta y ya est\u00e1 en etapa de licitaci\u00f3n, con fondos asignados por el Ministerio de Cultura de la Naci\u00f3n. Prevemos que esta segunda etapa se iniciar\u00e1 a mediados de febrero. Este es un espacio con mucha accesibilidad y potencial\u201d.<\/p>\n\n\n\n<p>Sobre los avances en este Complejo Cultural, el arquitecto Eduardo Puszczyk, director de Proyectos Urban\u00edsticos y Patrimoniales de la Secretar\u00eda de Cultura y Educaci\u00f3n de la Municipalidad de Berazategui, asegur\u00f3: \u201cIniciamos las obras a mediados del a\u00f1o pasado, y la culminaci\u00f3n ser\u00e1 en el transcurso del verano, para que cuando inicie el ciclo lectivo las nuevas aulas est\u00e9n listas. Esta obra se financia con el Fondo Especial Municipal para la Reactivaci\u00f3n Cultural y Tur\u00edstica del Gobierno de la provincia de Buenos Aires, y aportes municipales\u201d.<\/p>\n\n\n\n<p>Los trabajos incluyen la construcci\u00f3n de 4 nuevas aulas en el segundo piso y un balc\u00f3n con vista al patio interno del Complejo.<\/p>\n","protected":false},"excerpt":{"rendered":"<p>La Municipalidad de Berazategui -a cargo del intendente Juan Jos\u00e9 Mussi- lleva adelante la construcci\u00f3n y ampliaci\u00f3n de espacios destinados a actividades culturales y recreativas en el edificio patrimonial de El Patio, ubicado en calle 149 entre 15 y 15 A. Estas obras de puesta en valor del espacio se iniciaron en 2021 y ya&#8230;<\/p>\n","protected":false},"author":2,"featured_media":12457,"comment_status":"open","ping_status":"open","sticky":false,"template":"","format":"standard","meta":{"footnotes":""},"categories":[3],"tags":[],"class_list":["post-12455","post","type-post","status-publish","format-standard","has-post-thumbnail","hentry","category-berazategui"],"featured_image_src":"https:\/\/diarioprincipios.com\/wp-content\/uploads\/2022\/01\/YA-SE-REALIZO-EL-85-DE-LAS-OBRAS-DE-AMPLIACION-DEL-COMPLEJO-CULTURAL-MUNICIPAL-EL-PATIO-6-1-1024x683.jpg","blog_images":{"medium":"https:\/\/diarioprincipios.com\/wp-content\/uploads\/2022\/01\/YA-SE-REALIZO-EL-85-DE-LAS-OBRAS-DE-AMPLIACION-DEL-COMPLEJO-CULTURAL-MUNICIPAL-EL-PATIO-6-1-300x200.jpg","large":"https:\/\/diarioprincipios.com\/wp-content\/uploads\/2022\/01\/YA-SE-REALIZO-EL-85-DE-LAS-OBRAS-DE-AMPLIACION-DEL-COMPLEJO-CULTURAL-MUNICIPAL-EL-PATIO-6-1-1024x683.jpg"},"ams_acf":[],"yoast_head":"<!-- This site is optimized with the Yoast SEO plugin v27.3 - https:\/\/yoast.com\/product\/yoast-seo-wordpress\/ -->\n<title>Ya se realiz\u00f3 el 85% de las obras de ampliaci\u00f3n del Complejo Cultural Municipal El Patio - Principios<\/title>\n<meta name=\"robots\" content=\"index, follow, max-snippet:-1, max-image-preview:large, max-video-preview:-1\" \/>\n<link rel=\"canonical\" href=\"https:\/\/diarioprincipios.com\/index.php\/2022\/01\/28\/ya-se-realizo-el-85-de-las-obras-de-ampliacion-del-complejo-cultural-municipal-el-patio\/\" \/>\n<meta property=\"og:locale\" content=\"es_ES\" \/>\n<meta property=\"og:type\" content=\"article\" \/>\n<meta property=\"og:title\" content=\"Ya se realiz\u00f3 el 85% de las obras de ampliaci\u00f3n del Complejo Cultural Municipal El Patio - Principios\" \/>\n<meta property=\"og:description\" content=\"La Municipalidad de Berazategui -a cargo del intendente Juan Jos\u00e9 Mussi- lleva adelante la construcci\u00f3n y ampliaci\u00f3n de espacios destinados a actividades culturales y recreativas en el edificio patrimonial de El Patio, ubicado en calle 149 entre 15 y 15 A. Estas obras de puesta en valor del espacio se iniciaron en 2021 y ya...\" \/>\n<meta property=\"og:url\" content=\"https:\/\/diarioprincipios.com\/index.php\/2022\/01\/28\/ya-se-realizo-el-85-de-las-obras-de-ampliacion-del-complejo-cultural-municipal-el-patio\/\" \/>\n<meta property=\"og:site_name\" content=\"Principios\" \/>\n<meta property=\"article:published_time\" content=\"2022-01-28T15:04:57+00:00\" \/>\n<meta property=\"article:modified_time\" content=\"2022-01-28T15:05:03+00:00\" \/>\n<meta property=\"og:image\" content=\"https:\/\/diarioprincipios.com\/wp-content\/uploads\/2022\/01\/YA-SE-REALIZO-EL-85-DE-LAS-OBRAS-DE-AMPLIACION-DEL-COMPLEJO-CULTURAL-MUNICIPAL-EL-PATIO-6-1.jpg\" \/>\n\t<meta property=\"og:image:width\" content=\"1920\" \/>\n\t<meta property=\"og:image:height\" content=\"1280\" \/>\n\t<meta property=\"og:image:type\" content=\"image\/jpeg\" \/>\n<meta name=\"author\" content=\"Hern\u00e1n L\u00f3pez\" \/>\n<meta name=\"twitter:card\" content=\"summary_large_image\" \/>\n<meta name=\"twitter:label1\" content=\"Escrito por\" \/>\n\t<meta name=\"twitter:data1\" content=\"Hern\u00e1n L\u00f3pez\" \/>\n\t<meta name=\"twitter:label2\" content=\"Tiempo de lectura\" \/>\n\t<meta name=\"twitter:data2\" content=\"2 minutos\" \/>\n<script type=\"application\/ld+json\" class=\"yoast-schema-graph\">{\"@context\":\"https:\\\/\\\/schema.org\",\"@graph\":[{\"@type\":\"Article\",\"@id\":\"https:\\\/\\\/diarioprincipios.com\\\/index.php\\\/2022\\\/01\\\/28\\\/ya-se-realizo-el-85-de-las-obras-de-ampliacion-del-complejo-cultural-municipal-el-patio\\\/#article\",\"isPartOf\":{\"@id\":\"https:\\\/\\\/diarioprincipios.com\\\/index.php\\\/2022\\\/01\\\/28\\\/ya-se-realizo-el-85-de-las-obras-de-ampliacion-del-complejo-cultural-municipal-el-patio\\\/\"},\"author\":{\"name\":\"Hern\u00e1n L\u00f3pez\",\"@id\":\"https:\\\/\\\/diarioprincipios.com\\\/#\\\/schema\\\/person\\\/436d5a1fd41a5e250e23ff5a6a7cb080\"},\"headline\":\"Ya se realiz\u00f3 el 85% de las obras de ampliaci\u00f3n del Complejo Cultural Municipal El Patio\",\"datePublished\":\"2022-01-28T15:04:57+00:00\",\"dateModified\":\"2022-01-28T15:05:03+00:00\",\"mainEntityOfPage\":{\"@id\":\"https:\\\/\\\/diarioprincipios.com\\\/index.php\\\/2022\\\/01\\\/28\\\/ya-se-realizo-el-85-de-las-obras-de-ampliacion-del-complejo-cultural-municipal-el-patio\\\/\"},\"wordCount\":398,\"commentCount\":0,\"publisher\":{\"@id\":\"https:\\\/\\\/diarioprincipios.com\\\/#organization\"},\"image\":{\"@id\":\"https:\\\/\\\/diarioprincipios.com\\\/index.php\\\/2022\\\/01\\\/28\\\/ya-se-realizo-el-85-de-las-obras-de-ampliacion-del-complejo-cultural-municipal-el-patio\\\/#primaryimage\"},\"thumbnailUrl\":\"https:\\\/\\\/diarioprincipios.com\\\/wp-content\\\/uploads\\\/2022\\\/01\\\/YA-SE-REALIZO-EL-85-DE-LAS-OBRAS-DE-AMPLIACION-DEL-COMPLEJO-CULTURAL-MUNICIPAL-EL-PATIO-6-1.jpg\",\"articleSection\":[\"Berazategui\"],\"inLanguage\":\"es\",\"potentialAction\":[{\"@type\":\"CommentAction\",\"name\":\"Comment\",\"target\":[\"https:\\\/\\\/diarioprincipios.com\\\/index.php\\\/2022\\\/01\\\/28\\\/ya-se-realizo-el-85-de-las-obras-de-ampliacion-del-complejo-cultural-municipal-el-patio\\\/#respond\"]}]},{\"@type\":\"WebPage\",\"@id\":\"https:\\\/\\\/diarioprincipios.com\\\/index.php\\\/2022\\\/01\\\/28\\\/ya-se-realizo-el-85-de-las-obras-de-ampliacion-del-complejo-cultural-municipal-el-patio\\\/\",\"url\":\"https:\\\/\\\/diarioprincipios.com\\\/index.php\\\/2022\\\/01\\\/28\\\/ya-se-realizo-el-85-de-las-obras-de-ampliacion-del-complejo-cultural-municipal-el-patio\\\/\",\"name\":\"Ya se realiz\u00f3 el 85% de las obras de ampliaci\u00f3n del Complejo Cultural Municipal El Patio - Principios\",\"isPartOf\":{\"@id\":\"https:\\\/\\\/diarioprincipios.com\\\/#website\"},\"primaryImageOfPage\":{\"@id\":\"https:\\\/\\\/diarioprincipios.com\\\/index.php\\\/2022\\\/01\\\/28\\\/ya-se-realizo-el-85-de-las-obras-de-ampliacion-del-complejo-cultural-municipal-el-patio\\\/#primaryimage\"},\"image\":{\"@id\":\"https:\\\/\\\/diarioprincipios.com\\\/index.php\\\/2022\\\/01\\\/28\\\/ya-se-realizo-el-85-de-las-obras-de-ampliacion-del-complejo-cultural-municipal-el-patio\\\/#primaryimage\"},\"thumbnailUrl\":\"https:\\\/\\\/diarioprincipios.com\\\/wp-content\\\/uploads\\\/2022\\\/01\\\/YA-SE-REALIZO-EL-85-DE-LAS-OBRAS-DE-AMPLIACION-DEL-COMPLEJO-CULTURAL-MUNICIPAL-EL-PATIO-6-1.jpg\",\"datePublished\":\"2022-01-28T15:04:57+00:00\",\"dateModified\":\"2022-01-28T15:05:03+00:00\",\"breadcrumb\":{\"@id\":\"https:\\\/\\\/diarioprincipios.com\\\/index.php\\\/2022\\\/01\\\/28\\\/ya-se-realizo-el-85-de-las-obras-de-ampliacion-del-complejo-cultural-municipal-el-patio\\\/#breadcrumb\"},\"inLanguage\":\"es\",\"potentialAction\":[{\"@type\":\"ReadAction\",\"target\":[\"https:\\\/\\\/diarioprincipios.com\\\/index.php\\\/2022\\\/01\\\/28\\\/ya-se-realizo-el-85-de-las-obras-de-ampliacion-del-complejo-cultural-municipal-el-patio\\\/\"]}]},{\"@type\":\"ImageObject\",\"inLanguage\":\"es\",\"@id\":\"https:\\\/\\\/diarioprincipios.com\\\/index.php\\\/2022\\\/01\\\/28\\\/ya-se-realizo-el-85-de-las-obras-de-ampliacion-del-complejo-cultural-municipal-el-patio\\\/#primaryimage\",\"url\":\"https:\\\/\\\/diarioprincipios.com\\\/wp-content\\\/uploads\\\/2022\\\/01\\\/YA-SE-REALIZO-EL-85-DE-LAS-OBRAS-DE-AMPLIACION-DEL-COMPLEJO-CULTURAL-MUNICIPAL-EL-PATIO-6-1.jpg\",\"contentUrl\":\"https:\\\/\\\/diarioprincipios.com\\\/wp-content\\\/uploads\\\/2022\\\/01\\\/YA-SE-REALIZO-EL-85-DE-LAS-OBRAS-DE-AMPLIACION-DEL-COMPLEJO-CULTURAL-MUNICIPAL-EL-PATIO-6-1.jpg\",\"width\":1920,\"height\":1280},{\"@type\":\"BreadcrumbList\",\"@id\":\"https:\\\/\\\/diarioprincipios.com\\\/index.php\\\/2022\\\/01\\\/28\\\/ya-se-realizo-el-85-de-las-obras-de-ampliacion-del-complejo-cultural-municipal-el-patio\\\/#breadcrumb\",\"itemListElement\":[{\"@type\":\"ListItem\",\"position\":1,\"name\":\"Portada\",\"item\":\"https:\\\/\\\/diarioprincipios.com\\\/\"},{\"@type\":\"ListItem\",\"position\":2,\"name\":\"Ya se realiz\u00f3 el 85% de las obras de ampliaci\u00f3n del Complejo Cultural Municipal El Patio\"}]},{\"@type\":\"WebSite\",\"@id\":\"https:\\\/\\\/diarioprincipios.com\\\/#website\",\"url\":\"https:\\\/\\\/diarioprincipios.com\\\/\",\"name\":\"Principios\",\"description\":\"Principios Diario\",\"publisher\":{\"@id\":\"https:\\\/\\\/diarioprincipios.com\\\/#organization\"},\"potentialAction\":[{\"@type\":\"SearchAction\",\"target\":{\"@type\":\"EntryPoint\",\"urlTemplate\":\"https:\\\/\\\/diarioprincipios.com\\\/?s={search_term_string}\"},\"query-input\":{\"@type\":\"PropertyValueSpecification\",\"valueRequired\":true,\"valueName\":\"search_term_string\"}}],\"inLanguage\":\"es\"},{\"@type\":\"Organization\",\"@id\":\"https:\\\/\\\/diarioprincipios.com\\\/#organization\",\"name\":\"Principios\",\"url\":\"https:\\\/\\\/diarioprincipios.com\\\/\",\"logo\":{\"@type\":\"ImageObject\",\"inLanguage\":\"es\",\"@id\":\"https:\\\/\\\/diarioprincipios.com\\\/#\\\/schema\\\/logo\\\/image\\\/\",\"url\":\"https:\\\/\\\/diarioprincipios.com\\\/wp-content\\\/uploads\\\/2024\\\/04\\\/cropped-www.diarioprincipios.com_-1.png\",\"contentUrl\":\"https:\\\/\\\/diarioprincipios.com\\\/wp-content\\\/uploads\\\/2024\\\/04\\\/cropped-www.diarioprincipios.com_-1.png\",\"width\":5325,\"height\":1454,\"caption\":\"Principios\"},\"image\":{\"@id\":\"https:\\\/\\\/diarioprincipios.com\\\/#\\\/schema\\\/logo\\\/image\\\/\"}},{\"@type\":\"Person\",\"@id\":\"https:\\\/\\\/diarioprincipios.com\\\/#\\\/schema\\\/person\\\/436d5a1fd41a5e250e23ff5a6a7cb080\",\"name\":\"Hern\u00e1n L\u00f3pez\",\"image\":{\"@type\":\"ImageObject\",\"inLanguage\":\"es\",\"@id\":\"https:\\\/\\\/diarioprincipios.com\\\/wp-content\\\/litespeed\\\/avatar\\\/11ddfe5610ff3bd100522525b2571f48.jpg?ver=1777653193\",\"url\":\"https:\\\/\\\/diarioprincipios.com\\\/wp-content\\\/litespeed\\\/avatar\\\/11ddfe5610ff3bd100522525b2571f48.jpg?ver=1777653193\",\"contentUrl\":\"https:\\\/\\\/diarioprincipios.com\\\/wp-content\\\/litespeed\\\/avatar\\\/11ddfe5610ff3bd100522525b2571f48.jpg?ver=1777653193\",\"caption\":\"Hern\u00e1n L\u00f3pez\"},\"url\":\"https:\\\/\\\/diarioprincipios.com\\\/index.php\\\/author\\\/hernan\\\/\"}]}<\/script>\n<!-- \/ Yoast SEO plugin. -->","yoast_head_json":{"title":"Ya se realiz\u00f3 el 85% de las obras de ampliaci\u00f3n del Complejo Cultural Municipal El Patio - Principios","robots":{"index":"index","follow":"follow","max-snippet":"max-snippet:-1","max-image-preview":"max-image-preview:large","max-video-preview":"max-video-preview:-1"},"canonical":"https:\/\/diarioprincipios.com\/index.php\/2022\/01\/28\/ya-se-realizo-el-85-de-las-obras-de-ampliacion-del-complejo-cultural-municipal-el-patio\/","og_locale":"es_ES","og_type":"article","og_title":"Ya se realiz\u00f3 el 85% de las obras de ampliaci\u00f3n del Complejo Cultural Municipal El Patio - Principios","og_description":"La Municipalidad de Berazategui -a cargo del intendente Juan Jos\u00e9 Mussi- lleva adelante la construcci\u00f3n y ampliaci\u00f3n de espacios destinados a actividades culturales y recreativas en el edificio patrimonial de El Patio, ubicado en calle 149 entre 15 y 15 A. Estas obras de puesta en valor del espacio se iniciaron en 2021 y ya...","og_url":"https:\/\/diarioprincipios.com\/index.php\/2022\/01\/28\/ya-se-realizo-el-85-de-las-obras-de-ampliacion-del-complejo-cultural-municipal-el-patio\/","og_site_name":"Principios","article_published_time":"2022-01-28T15:04:57+00:00","article_modified_time":"2022-01-28T15:05:03+00:00","og_image":[{"width":1920,"height":1280,"url":"https:\/\/diarioprincipios.com\/wp-content\/uploads\/2022\/01\/YA-SE-REALIZO-EL-85-DE-LAS-OBRAS-DE-AMPLIACION-DEL-COMPLEJO-CULTURAL-MUNICIPAL-EL-PATIO-6-1.jpg","type":"image\/jpeg"}],"author":"Hern\u00e1n L\u00f3pez","twitter_card":"summary_large_image","twitter_misc":{"Escrito por":"Hern\u00e1n L\u00f3pez","Tiempo de lectura":"2 minutos"},"schema":{"@context":"https:\/\/schema.org","@graph":[{"@type":"Article","@id":"https:\/\/diarioprincipios.com\/index.php\/2022\/01\/28\/ya-se-realizo-el-85-de-las-obras-de-ampliacion-del-complejo-cultural-municipal-el-patio\/#article","isPartOf":{"@id":"https:\/\/diarioprincipios.com\/index.php\/2022\/01\/28\/ya-se-realizo-el-85-de-las-obras-de-ampliacion-del-complejo-cultural-municipal-el-patio\/"},"author":{"name":"Hern\u00e1n L\u00f3pez","@id":"https:\/\/diarioprincipios.com\/#\/schema\/person\/436d5a1fd41a5e250e23ff5a6a7cb080"},"headline":"Ya se realiz\u00f3 el 85% de las obras de ampliaci\u00f3n del Complejo Cultural Municipal El Patio","datePublished":"2022-01-28T15:04:57+00:00","dateModified":"2022-01-28T15:05:03+00:00","mainEntityOfPage":{"@id":"https:\/\/diarioprincipios.com\/index.php\/2022\/01\/28\/ya-se-realizo-el-85-de-las-obras-de-ampliacion-del-complejo-cultural-municipal-el-patio\/"},"wordCount":398,"commentCount":0,"publisher":{"@id":"https:\/\/diarioprincipios.com\/#organization"},"image":{"@id":"https:\/\/diarioprincipios.com\/index.php\/2022\/01\/28\/ya-se-realizo-el-85-de-las-obras-de-ampliacion-del-complejo-cultural-municipal-el-patio\/#primaryimage"},"thumbnailUrl":"https:\/\/diarioprincipios.com\/wp-content\/uploads\/2022\/01\/YA-SE-REALIZO-EL-85-DE-LAS-OBRAS-DE-AMPLIACION-DEL-COMPLEJO-CULTURAL-MUNICIPAL-EL-PATIO-6-1.jpg","articleSection":["Berazategui"],"inLanguage":"es","potentialAction":[{"@type":"CommentAction","name":"Comment","target":["https:\/\/diarioprincipios.com\/index.php\/2022\/01\/28\/ya-se-realizo-el-85-de-las-obras-de-ampliacion-del-complejo-cultural-municipal-el-patio\/#respond"]}]},{"@type":"WebPage","@id":"https:\/\/diarioprincipios.com\/index.php\/2022\/01\/28\/ya-se-realizo-el-85-de-las-obras-de-ampliacion-del-complejo-cultural-municipal-el-patio\/","url":"https:\/\/diarioprincipios.com\/index.php\/2022\/01\/28\/ya-se-realizo-el-85-de-las-obras-de-ampliacion-del-complejo-cultural-municipal-el-patio\/","name":"Ya se realiz\u00f3 el 85% de las obras de ampliaci\u00f3n del Complejo Cultural Municipal El Patio - Principios","isPartOf":{"@id":"https:\/\/diarioprincipios.com\/#website"},"primaryImageOfPage":{"@id":"https:\/\/diarioprincipios.com\/index.php\/2022\/01\/28\/ya-se-realizo-el-85-de-las-obras-de-ampliacion-del-complejo-cultural-municipal-el-patio\/#primaryimage"},"image":{"@id":"https:\/\/diarioprincipios.com\/index.php\/2022\/01\/28\/ya-se-realizo-el-85-de-las-obras-de-ampliacion-del-complejo-cultural-municipal-el-patio\/#primaryimage"},"thumbnailUrl":"https:\/\/diarioprincipios.com\/wp-content\/uploads\/2022\/01\/YA-SE-REALIZO-EL-85-DE-LAS-OBRAS-DE-AMPLIACION-DEL-COMPLEJO-CULTURAL-MUNICIPAL-EL-PATIO-6-1.jpg","datePublished":"2022-01-28T15:04:57+00:00","dateModified":"2022-01-28T15:05:03+00:00","breadcrumb":{"@id":"https:\/\/diarioprincipios.com\/index.php\/2022\/01\/28\/ya-se-realizo-el-85-de-las-obras-de-ampliacion-del-complejo-cultural-municipal-el-patio\/#breadcrumb"},"inLanguage":"es","potentialAction":[{"@type":"ReadAction","target":["https:\/\/diarioprincipios.com\/index.php\/2022\/01\/28\/ya-se-realizo-el-85-de-las-obras-de-ampliacion-del-complejo-cultural-municipal-el-patio\/"]}]},{"@type":"ImageObject","inLanguage":"es","@id":"https:\/\/diarioprincipios.com\/index.php\/2022\/01\/28\/ya-se-realizo-el-85-de-las-obras-de-ampliacion-del-complejo-cultural-municipal-el-patio\/#primaryimage","url":"https:\/\/diarioprincipios.com\/wp-content\/uploads\/2022\/01\/YA-SE-REALIZO-EL-85-DE-LAS-OBRAS-DE-AMPLIACION-DEL-COMPLEJO-CULTURAL-MUNICIPAL-EL-PATIO-6-1.jpg","contentUrl":"https:\/\/diarioprincipios.com\/wp-content\/uploads\/2022\/01\/YA-SE-REALIZO-EL-85-DE-LAS-OBRAS-DE-AMPLIACION-DEL-COMPLEJO-CULTURAL-MUNICIPAL-EL-PATIO-6-1.jpg","width":1920,"height":1280},{"@type":"BreadcrumbList","@id":"https:\/\/diarioprincipios.com\/index.php\/2022\/01\/28\/ya-se-realizo-el-85-de-las-obras-de-ampliacion-del-complejo-cultural-municipal-el-patio\/#breadcrumb","itemListElement":[{"@type":"ListItem","position":1,"name":"Portada","item":"https:\/\/diarioprincipios.com\/"},{"@type":"ListItem","position":2,"name":"Ya se realiz\u00f3 el 85% de las obras de ampliaci\u00f3n del Complejo Cultural Municipal El Patio"}]},{"@type":"WebSite","@id":"https:\/\/diarioprincipios.com\/#website","url":"https:\/\/diarioprincipios.com\/","name":"Principios","description":"Principios Diario","publisher":{"@id":"https:\/\/diarioprincipios.com\/#organization"},"potentialAction":[{"@type":"SearchAction","target":{"@type":"EntryPoint","urlTemplate":"https:\/\/diarioprincipios.com\/?s={search_term_string}"},"query-input":{"@type":"PropertyValueSpecification","valueRequired":true,"valueName":"search_term_string"}}],"inLanguage":"es"},{"@type":"Organization","@id":"https:\/\/diarioprincipios.com\/#organization","name":"Principios","url":"https:\/\/diarioprincipios.com\/","logo":{"@type":"ImageObject","inLanguage":"es","@id":"https:\/\/diarioprincipios.com\/#\/schema\/logo\/image\/","url":"https:\/\/diarioprincipios.com\/wp-content\/uploads\/2024\/04\/cropped-www.diarioprincipios.com_-1.png","contentUrl":"https:\/\/diarioprincipios.com\/wp-content\/uploads\/2024\/04\/cropped-www.diarioprincipios.com_-1.png","width":5325,"height":1454,"caption":"Principios"},"image":{"@id":"https:\/\/diarioprincipios.com\/#\/schema\/logo\/image\/"}},{"@type":"Person","@id":"https:\/\/diarioprincipios.com\/#\/schema\/person\/436d5a1fd41a5e250e23ff5a6a7cb080","name":"Hern\u00e1n L\u00f3pez","image":{"@type":"ImageObject","inLanguage":"es","@id":"https:\/\/diarioprincipios.com\/wp-content\/litespeed\/avatar\/11ddfe5610ff3bd100522525b2571f48.jpg?ver=1777653193","url":"https:\/\/diarioprincipios.com\/wp-content\/litespeed\/avatar\/11ddfe5610ff3bd100522525b2571f48.jpg?ver=1777653193","contentUrl":"https:\/\/diarioprincipios.com\/wp-content\/litespeed\/avatar\/11ddfe5610ff3bd100522525b2571f48.jpg?ver=1777653193","caption":"Hern\u00e1n L\u00f3pez"},"url":"https:\/\/diarioprincipios.com\/index.php\/author\/hernan\/"}]}},"jetpack_featured_media_url":"https:\/\/diarioprincipios.com\/wp-content\/uploads\/2022\/01\/YA-SE-REALIZO-EL-85-DE-LAS-OBRAS-DE-AMPLIACION-DEL-COMPLEJO-CULTURAL-MUNICIPAL-EL-PATIO-6-1.jpg","_links":{"self":[{"href":"https:\/\/diarioprincipios.com\/index.php\/wp-json\/wp\/v2\/posts\/12455","targetHints":{"allow":["GET"]}}],"collection":[{"href":"https:\/\/diarioprincipios.com\/index.php\/wp-json\/wp\/v2\/posts"}],"about":[{"href":"https:\/\/diarioprincipios.com\/index.php\/wp-json\/wp\/v2\/types\/post"}],"author":[{"embeddable":true,"href":"https:\/\/diarioprincipios.com\/index.php\/wp-json\/wp\/v2\/users\/2"}],"replies":[{"embeddable":true,"href":"https:\/\/diarioprincipios.com\/index.php\/wp-json\/wp\/v2\/comments?post=12455"}],"version-history":[{"count":1,"href":"https:\/\/diarioprincipios.com\/index.php\/wp-json\/wp\/v2\/posts\/12455\/revisions"}],"predecessor-version":[{"id":12458,"href":"https:\/\/diarioprincipios.com\/index.php\/wp-json\/wp\/v2\/posts\/12455\/revisions\/12458"}],"wp:featuredmedia":[{"embeddable":true,"href":"https:\/\/diarioprincipios.com\/index.php\/wp-json\/wp\/v2\/media\/12457"}],"wp:attachment":[{"href":"https:\/\/diarioprincipios.com\/index.php\/wp-json\/wp\/v2\/media?parent=12455"}],"wp:term":[{"taxonomy":"category","embeddable":true,"href":"https:\/\/diarioprincipios.com\/index.php\/wp-json\/wp\/v2\/categories?post=12455"},{"taxonomy":"post_tag","embeddable":true,"href":"https:\/\/diarioprincipios.com\/index.php\/wp-json\/wp\/v2\/tags?post=12455"}],"curies":[{"name":"wp","href":"https:\/\/api.w.org\/{rel}","templated":true}]}}