{"id":12445,"date":"2022-01-26T23:43:59","date_gmt":"2022-01-27T02:43:59","guid":{"rendered":"http:\/\/diarioprincipios.com\/?p=12445"},"modified":"2022-01-26T23:44:05","modified_gmt":"2022-01-27T02:44:05","slug":"berazategui-se-sumo-al-plan-alumbrado-eficiente-del-gobierno-nacional","status":"publish","type":"post","link":"https:\/\/diarioprincipios.com\/index.php\/2022\/01\/26\/berazategui-se-sumo-al-plan-alumbrado-eficiente-del-gobierno-nacional\/","title":{"rendered":"Berazategui se sum\u00f3 al Plan Alumbrado Eficiente del Gobierno Nacional"},"content":{"rendered":"\n<p><strong>En el marco de un encuentro virtual con el secretario de Energ\u00eda de la Naci\u00f3n, Dar\u00edo Mart\u00ednez, el intendente de Berazategui, Juan Jos\u00e9 Mussi, firm\u00f3 un convenio de adhesi\u00f3n al Plan Alumbrado Eficiente (PLAE), que consiste en el recambio de antiguas luminarias por modernos equipos con tecnolog\u00eda Led en la v\u00eda p\u00fablica. Mediante esta iniciativa del Gobierno nacional, el Municipio podr\u00e1 adquirir unas 1132 luminarias -792 ser\u00e1n compradas con fondos nacionales y las 340 restantes, por el Municipio- que instalar\u00e1 en diferentes calles del distrito, con una inversi\u00f3n total de casi 28 millones de pesos, entre fondos nacionales ($17.982.134,70) y municipales ($10.015.000).<\/strong><br><br>\u201cEsto tiene que ver con un Estado que da respuesta. En este caso, en seguridad y eficiencia energ\u00e9tica, a trav\u00e9s de esta gran herramienta que nos cost\u00f3 mucho poder destrabar tras 4 a\u00f1os de no desarrollo de la pol\u00edtica energ\u00e9tica argentina. Pero se ha hecho un gran trabajo y estamos gustosos de poder avanzar en este sentido\u201d, expres\u00f3 durante la reuni\u00f3n Dar\u00edo Mart\u00ednez, quien destac\u00f3 el trabajo desarrollado conjuntamente con los municipios. \u201cUno de los principales mandatos de Alberto (Fern\u00e1ndez) y Cristina (Kirchner) es estar al servicio de quienes muchas veces son la primera cara del Estado, que son los intendentes, para abordar los problemas con mayor eficiencia y seguridad, como sucede en Berazategui con un intendente de la experiencia de Juan Jos\u00e9 Mussi\u201d, grafic\u00f3.<br><br>Por su parte, Mussi agradeci\u00f3 al Gobierno nacional por la adopci\u00f3n de esta pol\u00edtica y remarc\u00f3 la importancia de su implementaci\u00f3n, tanto para alcanzar una mayor eficiencia en los equipos de alumbrado p\u00fablico como en el ahorro de recursos del Estado comunal. \u201cPara nosotros, recibir m\u00e1s de 1130 luminarias Led es todo un logro. Porque nos permite seguir cambi\u00e1ndoles la vida a los berazateguenses y, adem\u00e1s, mejorar la situaci\u00f3n econ\u00f3mica y financiera del Municipio\u201d, asegur\u00f3 el Intendente. Y subray\u00f3: \u201cA trav\u00e9s de este Plan, que nos permite transformar la energ\u00eda, podremos ahorrar muchos de los recursos que peri\u00f3dicamente deb\u00edamos abonarle a Edesur, algo sumamente importante, sobre todo en el actual contexto de pandemia\u201d.<br><br>La videoconferencia tambi\u00e9n cont\u00f3 con la participaci\u00f3n del subsecretario de Energ\u00eda El\u00e9ctrica de la Naci\u00f3n, Federico Basualdo; la directora de Generaci\u00f3n El\u00e9ctrica, Mariela Benljansky; y el secretario de Servicios P\u00fablicos de la Municipalidad de Berazategui, Sergio Faccenda, quien luego del encuentro virtual brind\u00f3 detalles sobre c\u00f3mo y cu\u00e1ndo se implementar\u00e1 este proyecto en el distrito. \u201cLas nuevas luminarias estar\u00e1n distribuidas sobre las principales avenidas urbanas de nuestra ciudad. A partir de unos 30 d\u00edas, aproximadamente, comenzaremos con la instalaci\u00f3n de estos 1132 equipos, para que los vecinos muy prontamente puedan verlos en las calles y ya incorporados a la planta lum\u00ednica del Municipio\u201d, explic\u00f3 el funcionario.<\/p>\n\n\n\n<p>Ejecutado desde la Subsecretar\u00eda de Energ\u00eda El\u00e9ctrica del Gobierno nacional, el PLAE ofrece aportes no reembolsables a municipios para el recambio de equipos de alumbrado p\u00fablico poco eficientes a luminarias de tecnolog\u00eda Led, que permiten disminuir hasta un 50% el consumo energ\u00e9tico con respecto al consumo actual. El objetivo es mejorar el cuidado del ambiente y, a su vez, generar un ahorro de recursos que luego podr\u00e1 utilizarse en otras actividades y obras en beneficio de la comunidad.<\/p>\n","protected":false},"excerpt":{"rendered":"<p>En el marco de un encuentro virtual con el secretario de Energ\u00eda de la Naci\u00f3n, Dar\u00edo Mart\u00ednez, el intendente de Berazategui, Juan Jos\u00e9 Mussi, firm\u00f3 un convenio de adhesi\u00f3n al Plan Alumbrado Eficiente (PLAE), que consiste en el recambio de antiguas luminarias por modernos equipos con tecnolog\u00eda Led en la v\u00eda p\u00fablica. Mediante esta iniciativa&#8230;<\/p>\n","protected":false},"author":2,"featured_media":12446,"comment_status":"open","ping_status":"open","sticky":false,"template":"","format":"standard","meta":{"footnotes":""},"categories":[3],"tags":[],"class_list":["post-12445","post","type-post","status-publish","format-standard","has-post-thumbnail","hentry","category-berazategui"],"featured_image_src":"https:\/\/diarioprincipios.com\/wp-content\/uploads\/2022\/01\/BERAZATEGUI-SE-SUMO-AL-PLAN-ALUMBRADO-EFICIENTE-DEL-GOBIERNO-NACIONAL-2-1-1024x683.jpg","blog_images":{"medium":"https:\/\/diarioprincipios.com\/wp-content\/uploads\/2022\/01\/BERAZATEGUI-SE-SUMO-AL-PLAN-ALUMBRADO-EFICIENTE-DEL-GOBIERNO-NACIONAL-2-1-300x200.jpg","large":"https:\/\/diarioprincipios.com\/wp-content\/uploads\/2022\/01\/BERAZATEGUI-SE-SUMO-AL-PLAN-ALUMBRADO-EFICIENTE-DEL-GOBIERNO-NACIONAL-2-1-1024x683.jpg"},"ams_acf":[],"yoast_head":"<!-- This site is optimized with the Yoast SEO plugin v27.3 - https:\/\/yoast.com\/product\/yoast-seo-wordpress\/ -->\n<title>Berazategui se sum\u00f3 al Plan Alumbrado Eficiente del Gobierno Nacional - Principios<\/title>\n<meta name=\"robots\" content=\"index, follow, max-snippet:-1, max-image-preview:large, max-video-preview:-1\" \/>\n<link rel=\"canonical\" href=\"https:\/\/diarioprincipios.com\/index.php\/2022\/01\/26\/berazategui-se-sumo-al-plan-alumbrado-eficiente-del-gobierno-nacional\/\" \/>\n<meta property=\"og:locale\" content=\"es_ES\" \/>\n<meta property=\"og:type\" content=\"article\" \/>\n<meta property=\"og:title\" content=\"Berazategui se sum\u00f3 al Plan Alumbrado Eficiente del Gobierno Nacional - Principios\" \/>\n<meta property=\"og:description\" content=\"En el marco de un encuentro virtual con el secretario de Energ\u00eda de la Naci\u00f3n, Dar\u00edo Mart\u00ednez, el intendente de Berazategui, Juan Jos\u00e9 Mussi, firm\u00f3 un convenio de adhesi\u00f3n al Plan Alumbrado Eficiente (PLAE), que consiste en el recambio de antiguas luminarias por modernos equipos con tecnolog\u00eda Led en la v\u00eda p\u00fablica. Mediante esta iniciativa...\" \/>\n<meta property=\"og:url\" content=\"https:\/\/diarioprincipios.com\/index.php\/2022\/01\/26\/berazategui-se-sumo-al-plan-alumbrado-eficiente-del-gobierno-nacional\/\" \/>\n<meta property=\"og:site_name\" content=\"Principios\" \/>\n<meta property=\"article:published_time\" content=\"2022-01-27T02:43:59+00:00\" \/>\n<meta property=\"article:modified_time\" content=\"2022-01-27T02:44:05+00:00\" \/>\n<meta property=\"og:image\" content=\"https:\/\/diarioprincipios.com\/wp-content\/uploads\/2022\/01\/BERAZATEGUI-SE-SUMO-AL-PLAN-ALUMBRADO-EFICIENTE-DEL-GOBIERNO-NACIONAL-2-1.jpg\" \/>\n\t<meta property=\"og:image:width\" content=\"1920\" \/>\n\t<meta property=\"og:image:height\" content=\"1280\" \/>\n\t<meta property=\"og:image:type\" content=\"image\/jpeg\" \/>\n<meta name=\"author\" content=\"Hern\u00e1n L\u00f3pez\" \/>\n<meta name=\"twitter:card\" content=\"summary_large_image\" \/>\n<meta name=\"twitter:label1\" content=\"Escrito por\" \/>\n\t<meta name=\"twitter:data1\" content=\"Hern\u00e1n L\u00f3pez\" \/>\n\t<meta name=\"twitter:label2\" content=\"Tiempo de lectura\" \/>\n\t<meta name=\"twitter:data2\" content=\"3 minutos\" \/>\n<script type=\"application\/ld+json\" class=\"yoast-schema-graph\">{\"@context\":\"https:\\\/\\\/schema.org\",\"@graph\":[{\"@type\":\"Article\",\"@id\":\"https:\\\/\\\/diarioprincipios.com\\\/index.php\\\/2022\\\/01\\\/26\\\/berazategui-se-sumo-al-plan-alumbrado-eficiente-del-gobierno-nacional\\\/#article\",\"isPartOf\":{\"@id\":\"https:\\\/\\\/diarioprincipios.com\\\/index.php\\\/2022\\\/01\\\/26\\\/berazategui-se-sumo-al-plan-alumbrado-eficiente-del-gobierno-nacional\\\/\"},\"author\":{\"name\":\"Hern\u00e1n L\u00f3pez\",\"@id\":\"https:\\\/\\\/diarioprincipios.com\\\/#\\\/schema\\\/person\\\/436d5a1fd41a5e250e23ff5a6a7cb080\"},\"headline\":\"Berazategui se sum\u00f3 al Plan Alumbrado Eficiente del Gobierno Nacional\",\"datePublished\":\"2022-01-27T02:43:59+00:00\",\"dateModified\":\"2022-01-27T02:44:05+00:00\",\"mainEntityOfPage\":{\"@id\":\"https:\\\/\\\/diarioprincipios.com\\\/index.php\\\/2022\\\/01\\\/26\\\/berazategui-se-sumo-al-plan-alumbrado-eficiente-del-gobierno-nacional\\\/\"},\"wordCount\":576,\"commentCount\":0,\"publisher\":{\"@id\":\"https:\\\/\\\/diarioprincipios.com\\\/#organization\"},\"image\":{\"@id\":\"https:\\\/\\\/diarioprincipios.com\\\/index.php\\\/2022\\\/01\\\/26\\\/berazategui-se-sumo-al-plan-alumbrado-eficiente-del-gobierno-nacional\\\/#primaryimage\"},\"thumbnailUrl\":\"https:\\\/\\\/diarioprincipios.com\\\/wp-content\\\/uploads\\\/2022\\\/01\\\/BERAZATEGUI-SE-SUMO-AL-PLAN-ALUMBRADO-EFICIENTE-DEL-GOBIERNO-NACIONAL-2-1.jpg\",\"articleSection\":[\"Berazategui\"],\"inLanguage\":\"es\",\"potentialAction\":[{\"@type\":\"CommentAction\",\"name\":\"Comment\",\"target\":[\"https:\\\/\\\/diarioprincipios.com\\\/index.php\\\/2022\\\/01\\\/26\\\/berazategui-se-sumo-al-plan-alumbrado-eficiente-del-gobierno-nacional\\\/#respond\"]}]},{\"@type\":\"WebPage\",\"@id\":\"https:\\\/\\\/diarioprincipios.com\\\/index.php\\\/2022\\\/01\\\/26\\\/berazategui-se-sumo-al-plan-alumbrado-eficiente-del-gobierno-nacional\\\/\",\"url\":\"https:\\\/\\\/diarioprincipios.com\\\/index.php\\\/2022\\\/01\\\/26\\\/berazategui-se-sumo-al-plan-alumbrado-eficiente-del-gobierno-nacional\\\/\",\"name\":\"Berazategui se sum\u00f3 al Plan Alumbrado Eficiente del Gobierno Nacional - Principios\",\"isPartOf\":{\"@id\":\"https:\\\/\\\/diarioprincipios.com\\\/#website\"},\"primaryImageOfPage\":{\"@id\":\"https:\\\/\\\/diarioprincipios.com\\\/index.php\\\/2022\\\/01\\\/26\\\/berazategui-se-sumo-al-plan-alumbrado-eficiente-del-gobierno-nacional\\\/#primaryimage\"},\"image\":{\"@id\":\"https:\\\/\\\/diarioprincipios.com\\\/index.php\\\/2022\\\/01\\\/26\\\/berazategui-se-sumo-al-plan-alumbrado-eficiente-del-gobierno-nacional\\\/#primaryimage\"},\"thumbnailUrl\":\"https:\\\/\\\/diarioprincipios.com\\\/wp-content\\\/uploads\\\/2022\\\/01\\\/BERAZATEGUI-SE-SUMO-AL-PLAN-ALUMBRADO-EFICIENTE-DEL-GOBIERNO-NACIONAL-2-1.jpg\",\"datePublished\":\"2022-01-27T02:43:59+00:00\",\"dateModified\":\"2022-01-27T02:44:05+00:00\",\"breadcrumb\":{\"@id\":\"https:\\\/\\\/diarioprincipios.com\\\/index.php\\\/2022\\\/01\\\/26\\\/berazategui-se-sumo-al-plan-alumbrado-eficiente-del-gobierno-nacional\\\/#breadcrumb\"},\"inLanguage\":\"es\",\"potentialAction\":[{\"@type\":\"ReadAction\",\"target\":[\"https:\\\/\\\/diarioprincipios.com\\\/index.php\\\/2022\\\/01\\\/26\\\/berazategui-se-sumo-al-plan-alumbrado-eficiente-del-gobierno-nacional\\\/\"]}]},{\"@type\":\"ImageObject\",\"inLanguage\":\"es\",\"@id\":\"https:\\\/\\\/diarioprincipios.com\\\/index.php\\\/2022\\\/01\\\/26\\\/berazategui-se-sumo-al-plan-alumbrado-eficiente-del-gobierno-nacional\\\/#primaryimage\",\"url\":\"https:\\\/\\\/diarioprincipios.com\\\/wp-content\\\/uploads\\\/2022\\\/01\\\/BERAZATEGUI-SE-SUMO-AL-PLAN-ALUMBRADO-EFICIENTE-DEL-GOBIERNO-NACIONAL-2-1.jpg\",\"contentUrl\":\"https:\\\/\\\/diarioprincipios.com\\\/wp-content\\\/uploads\\\/2022\\\/01\\\/BERAZATEGUI-SE-SUMO-AL-PLAN-ALUMBRADO-EFICIENTE-DEL-GOBIERNO-NACIONAL-2-1.jpg\",\"width\":1920,\"height\":1280},{\"@type\":\"BreadcrumbList\",\"@id\":\"https:\\\/\\\/diarioprincipios.com\\\/index.php\\\/2022\\\/01\\\/26\\\/berazategui-se-sumo-al-plan-alumbrado-eficiente-del-gobierno-nacional\\\/#breadcrumb\",\"itemListElement\":[{\"@type\":\"ListItem\",\"position\":1,\"name\":\"Portada\",\"item\":\"https:\\\/\\\/diarioprincipios.com\\\/\"},{\"@type\":\"ListItem\",\"position\":2,\"name\":\"Berazategui se sum\u00f3 al Plan Alumbrado Eficiente del Gobierno Nacional\"}]},{\"@type\":\"WebSite\",\"@id\":\"https:\\\/\\\/diarioprincipios.com\\\/#website\",\"url\":\"https:\\\/\\\/diarioprincipios.com\\\/\",\"name\":\"Principios\",\"description\":\"Principios Diario\",\"publisher\":{\"@id\":\"https:\\\/\\\/diarioprincipios.com\\\/#organization\"},\"potentialAction\":[{\"@type\":\"SearchAction\",\"target\":{\"@type\":\"EntryPoint\",\"urlTemplate\":\"https:\\\/\\\/diarioprincipios.com\\\/?s={search_term_string}\"},\"query-input\":{\"@type\":\"PropertyValueSpecification\",\"valueRequired\":true,\"valueName\":\"search_term_string\"}}],\"inLanguage\":\"es\"},{\"@type\":\"Organization\",\"@id\":\"https:\\\/\\\/diarioprincipios.com\\\/#organization\",\"name\":\"Principios\",\"url\":\"https:\\\/\\\/diarioprincipios.com\\\/\",\"logo\":{\"@type\":\"ImageObject\",\"inLanguage\":\"es\",\"@id\":\"https:\\\/\\\/diarioprincipios.com\\\/#\\\/schema\\\/logo\\\/image\\\/\",\"url\":\"https:\\\/\\\/diarioprincipios.com\\\/wp-content\\\/uploads\\\/2024\\\/04\\\/cropped-www.diarioprincipios.com_-1.png\",\"contentUrl\":\"https:\\\/\\\/diarioprincipios.com\\\/wp-content\\\/uploads\\\/2024\\\/04\\\/cropped-www.diarioprincipios.com_-1.png\",\"width\":5325,\"height\":1454,\"caption\":\"Principios\"},\"image\":{\"@id\":\"https:\\\/\\\/diarioprincipios.com\\\/#\\\/schema\\\/logo\\\/image\\\/\"}},{\"@type\":\"Person\",\"@id\":\"https:\\\/\\\/diarioprincipios.com\\\/#\\\/schema\\\/person\\\/436d5a1fd41a5e250e23ff5a6a7cb080\",\"name\":\"Hern\u00e1n L\u00f3pez\",\"image\":{\"@type\":\"ImageObject\",\"inLanguage\":\"es\",\"@id\":\"https:\\\/\\\/diarioprincipios.com\\\/wp-content\\\/litespeed\\\/avatar\\\/11ddfe5610ff3bd100522525b2571f48.jpg?ver=1777653193\",\"url\":\"https:\\\/\\\/diarioprincipios.com\\\/wp-content\\\/litespeed\\\/avatar\\\/11ddfe5610ff3bd100522525b2571f48.jpg?ver=1777653193\",\"contentUrl\":\"https:\\\/\\\/diarioprincipios.com\\\/wp-content\\\/litespeed\\\/avatar\\\/11ddfe5610ff3bd100522525b2571f48.jpg?ver=1777653193\",\"caption\":\"Hern\u00e1n L\u00f3pez\"},\"url\":\"https:\\\/\\\/diarioprincipios.com\\\/index.php\\\/author\\\/hernan\\\/\"}]}<\/script>\n<!-- \/ Yoast SEO plugin. -->","yoast_head_json":{"title":"Berazategui se sum\u00f3 al Plan Alumbrado Eficiente del Gobierno Nacional - Principios","robots":{"index":"index","follow":"follow","max-snippet":"max-snippet:-1","max-image-preview":"max-image-preview:large","max-video-preview":"max-video-preview:-1"},"canonical":"https:\/\/diarioprincipios.com\/index.php\/2022\/01\/26\/berazategui-se-sumo-al-plan-alumbrado-eficiente-del-gobierno-nacional\/","og_locale":"es_ES","og_type":"article","og_title":"Berazategui se sum\u00f3 al Plan Alumbrado Eficiente del Gobierno Nacional - Principios","og_description":"En el marco de un encuentro virtual con el secretario de Energ\u00eda de la Naci\u00f3n, Dar\u00edo Mart\u00ednez, el intendente de Berazategui, Juan Jos\u00e9 Mussi, firm\u00f3 un convenio de adhesi\u00f3n al Plan Alumbrado Eficiente (PLAE), que consiste en el recambio de antiguas luminarias por modernos equipos con tecnolog\u00eda Led en la v\u00eda p\u00fablica. Mediante esta iniciativa...","og_url":"https:\/\/diarioprincipios.com\/index.php\/2022\/01\/26\/berazategui-se-sumo-al-plan-alumbrado-eficiente-del-gobierno-nacional\/","og_site_name":"Principios","article_published_time":"2022-01-27T02:43:59+00:00","article_modified_time":"2022-01-27T02:44:05+00:00","og_image":[{"width":1920,"height":1280,"url":"https:\/\/diarioprincipios.com\/wp-content\/uploads\/2022\/01\/BERAZATEGUI-SE-SUMO-AL-PLAN-ALUMBRADO-EFICIENTE-DEL-GOBIERNO-NACIONAL-2-1.jpg","type":"image\/jpeg"}],"author":"Hern\u00e1n L\u00f3pez","twitter_card":"summary_large_image","twitter_misc":{"Escrito por":"Hern\u00e1n L\u00f3pez","Tiempo de lectura":"3 minutos"},"schema":{"@context":"https:\/\/schema.org","@graph":[{"@type":"Article","@id":"https:\/\/diarioprincipios.com\/index.php\/2022\/01\/26\/berazategui-se-sumo-al-plan-alumbrado-eficiente-del-gobierno-nacional\/#article","isPartOf":{"@id":"https:\/\/diarioprincipios.com\/index.php\/2022\/01\/26\/berazategui-se-sumo-al-plan-alumbrado-eficiente-del-gobierno-nacional\/"},"author":{"name":"Hern\u00e1n L\u00f3pez","@id":"https:\/\/diarioprincipios.com\/#\/schema\/person\/436d5a1fd41a5e250e23ff5a6a7cb080"},"headline":"Berazategui se sum\u00f3 al Plan Alumbrado Eficiente del Gobierno Nacional","datePublished":"2022-01-27T02:43:59+00:00","dateModified":"2022-01-27T02:44:05+00:00","mainEntityOfPage":{"@id":"https:\/\/diarioprincipios.com\/index.php\/2022\/01\/26\/berazategui-se-sumo-al-plan-alumbrado-eficiente-del-gobierno-nacional\/"},"wordCount":576,"commentCount":0,"publisher":{"@id":"https:\/\/diarioprincipios.com\/#organization"},"image":{"@id":"https:\/\/diarioprincipios.com\/index.php\/2022\/01\/26\/berazategui-se-sumo-al-plan-alumbrado-eficiente-del-gobierno-nacional\/#primaryimage"},"thumbnailUrl":"https:\/\/diarioprincipios.com\/wp-content\/uploads\/2022\/01\/BERAZATEGUI-SE-SUMO-AL-PLAN-ALUMBRADO-EFICIENTE-DEL-GOBIERNO-NACIONAL-2-1.jpg","articleSection":["Berazategui"],"inLanguage":"es","potentialAction":[{"@type":"CommentAction","name":"Comment","target":["https:\/\/diarioprincipios.com\/index.php\/2022\/01\/26\/berazategui-se-sumo-al-plan-alumbrado-eficiente-del-gobierno-nacional\/#respond"]}]},{"@type":"WebPage","@id":"https:\/\/diarioprincipios.com\/index.php\/2022\/01\/26\/berazategui-se-sumo-al-plan-alumbrado-eficiente-del-gobierno-nacional\/","url":"https:\/\/diarioprincipios.com\/index.php\/2022\/01\/26\/berazategui-se-sumo-al-plan-alumbrado-eficiente-del-gobierno-nacional\/","name":"Berazategui se sum\u00f3 al Plan Alumbrado Eficiente del Gobierno Nacional - Principios","isPartOf":{"@id":"https:\/\/diarioprincipios.com\/#website"},"primaryImageOfPage":{"@id":"https:\/\/diarioprincipios.com\/index.php\/2022\/01\/26\/berazategui-se-sumo-al-plan-alumbrado-eficiente-del-gobierno-nacional\/#primaryimage"},"image":{"@id":"https:\/\/diarioprincipios.com\/index.php\/2022\/01\/26\/berazategui-se-sumo-al-plan-alumbrado-eficiente-del-gobierno-nacional\/#primaryimage"},"thumbnailUrl":"https:\/\/diarioprincipios.com\/wp-content\/uploads\/2022\/01\/BERAZATEGUI-SE-SUMO-AL-PLAN-ALUMBRADO-EFICIENTE-DEL-GOBIERNO-NACIONAL-2-1.jpg","datePublished":"2022-01-27T02:43:59+00:00","dateModified":"2022-01-27T02:44:05+00:00","breadcrumb":{"@id":"https:\/\/diarioprincipios.com\/index.php\/2022\/01\/26\/berazategui-se-sumo-al-plan-alumbrado-eficiente-del-gobierno-nacional\/#breadcrumb"},"inLanguage":"es","potentialAction":[{"@type":"ReadAction","target":["https:\/\/diarioprincipios.com\/index.php\/2022\/01\/26\/berazategui-se-sumo-al-plan-alumbrado-eficiente-del-gobierno-nacional\/"]}]},{"@type":"ImageObject","inLanguage":"es","@id":"https:\/\/diarioprincipios.com\/index.php\/2022\/01\/26\/berazategui-se-sumo-al-plan-alumbrado-eficiente-del-gobierno-nacional\/#primaryimage","url":"https:\/\/diarioprincipios.com\/wp-content\/uploads\/2022\/01\/BERAZATEGUI-SE-SUMO-AL-PLAN-ALUMBRADO-EFICIENTE-DEL-GOBIERNO-NACIONAL-2-1.jpg","contentUrl":"https:\/\/diarioprincipios.com\/wp-content\/uploads\/2022\/01\/BERAZATEGUI-SE-SUMO-AL-PLAN-ALUMBRADO-EFICIENTE-DEL-GOBIERNO-NACIONAL-2-1.jpg","width":1920,"height":1280},{"@type":"BreadcrumbList","@id":"https:\/\/diarioprincipios.com\/index.php\/2022\/01\/26\/berazategui-se-sumo-al-plan-alumbrado-eficiente-del-gobierno-nacional\/#breadcrumb","itemListElement":[{"@type":"ListItem","position":1,"name":"Portada","item":"https:\/\/diarioprincipios.com\/"},{"@type":"ListItem","position":2,"name":"Berazategui se sum\u00f3 al Plan Alumbrado Eficiente del Gobierno Nacional"}]},{"@type":"WebSite","@id":"https:\/\/diarioprincipios.com\/#website","url":"https:\/\/diarioprincipios.com\/","name":"Principios","description":"Principios Diario","publisher":{"@id":"https:\/\/diarioprincipios.com\/#organization"},"potentialAction":[{"@type":"SearchAction","target":{"@type":"EntryPoint","urlTemplate":"https:\/\/diarioprincipios.com\/?s={search_term_string}"},"query-input":{"@type":"PropertyValueSpecification","valueRequired":true,"valueName":"search_term_string"}}],"inLanguage":"es"},{"@type":"Organization","@id":"https:\/\/diarioprincipios.com\/#organization","name":"Principios","url":"https:\/\/diarioprincipios.com\/","logo":{"@type":"ImageObject","inLanguage":"es","@id":"https:\/\/diarioprincipios.com\/#\/schema\/logo\/image\/","url":"https:\/\/diarioprincipios.com\/wp-content\/uploads\/2024\/04\/cropped-www.diarioprincipios.com_-1.png","contentUrl":"https:\/\/diarioprincipios.com\/wp-content\/uploads\/2024\/04\/cropped-www.diarioprincipios.com_-1.png","width":5325,"height":1454,"caption":"Principios"},"image":{"@id":"https:\/\/diarioprincipios.com\/#\/schema\/logo\/image\/"}},{"@type":"Person","@id":"https:\/\/diarioprincipios.com\/#\/schema\/person\/436d5a1fd41a5e250e23ff5a6a7cb080","name":"Hern\u00e1n L\u00f3pez","image":{"@type":"ImageObject","inLanguage":"es","@id":"https:\/\/diarioprincipios.com\/wp-content\/litespeed\/avatar\/11ddfe5610ff3bd100522525b2571f48.jpg?ver=1777653193","url":"https:\/\/diarioprincipios.com\/wp-content\/litespeed\/avatar\/11ddfe5610ff3bd100522525b2571f48.jpg?ver=1777653193","contentUrl":"https:\/\/diarioprincipios.com\/wp-content\/litespeed\/avatar\/11ddfe5610ff3bd100522525b2571f48.jpg?ver=1777653193","caption":"Hern\u00e1n L\u00f3pez"},"url":"https:\/\/diarioprincipios.com\/index.php\/author\/hernan\/"}]}},"jetpack_featured_media_url":"https:\/\/diarioprincipios.com\/wp-content\/uploads\/2022\/01\/BERAZATEGUI-SE-SUMO-AL-PLAN-ALUMBRADO-EFICIENTE-DEL-GOBIERNO-NACIONAL-2-1.jpg","_links":{"self":[{"href":"https:\/\/diarioprincipios.com\/index.php\/wp-json\/wp\/v2\/posts\/12445","targetHints":{"allow":["GET"]}}],"collection":[{"href":"https:\/\/diarioprincipios.com\/index.php\/wp-json\/wp\/v2\/posts"}],"about":[{"href":"https:\/\/diarioprincipios.com\/index.php\/wp-json\/wp\/v2\/types\/post"}],"author":[{"embeddable":true,"href":"https:\/\/diarioprincipios.com\/index.php\/wp-json\/wp\/v2\/users\/2"}],"replies":[{"embeddable":true,"href":"https:\/\/diarioprincipios.com\/index.php\/wp-json\/wp\/v2\/comments?post=12445"}],"version-history":[{"count":1,"href":"https:\/\/diarioprincipios.com\/index.php\/wp-json\/wp\/v2\/posts\/12445\/revisions"}],"predecessor-version":[{"id":12447,"href":"https:\/\/diarioprincipios.com\/index.php\/wp-json\/wp\/v2\/posts\/12445\/revisions\/12447"}],"wp:featuredmedia":[{"embeddable":true,"href":"https:\/\/diarioprincipios.com\/index.php\/wp-json\/wp\/v2\/media\/12446"}],"wp:attachment":[{"href":"https:\/\/diarioprincipios.com\/index.php\/wp-json\/wp\/v2\/media?parent=12445"}],"wp:term":[{"taxonomy":"category","embeddable":true,"href":"https:\/\/diarioprincipios.com\/index.php\/wp-json\/wp\/v2\/categories?post=12445"},{"taxonomy":"post_tag","embeddable":true,"href":"https:\/\/diarioprincipios.com\/index.php\/wp-json\/wp\/v2\/tags?post=12445"}],"curies":[{"name":"wp","href":"https:\/\/api.w.org\/{rel}","templated":true}]}}