{"id":12442,"date":"2022-01-26T19:28:37","date_gmt":"2022-01-26T22:28:37","guid":{"rendered":"http:\/\/diarioprincipios.com\/?p=12442"},"modified":"2022-01-26T19:28:46","modified_gmt":"2022-01-26T22:28:46","slug":"pase-sanitario-en-el-transporte-de-pasajeros-de-la-provincia-de-buenos-aires","status":"publish","type":"post","link":"https:\/\/diarioprincipios.com\/index.php\/2022\/01\/26\/pase-sanitario-en-el-transporte-de-pasajeros-de-la-provincia-de-buenos-aires\/","title":{"rendered":"Pase Sanitario en el Transporte de Pasajeros de la Provincia de Buenos Aires"},"content":{"rendered":"\n<p>La medida impulsada por el Ministro de Transporte,&nbsp;<strong>Jorge D\u2019Onofrio<\/strong>, y el Ministro de Salud,&nbsp;<strong>Nicol\u00e1s Kreplak<\/strong>, establece la obligatoriedad de presentar el \u201cPASE LIBRE COVID\u201d, denominado Pase Sanitario, con el esquema de vacunaci\u00f3n completo (primera y segunda dosis contra el COVID-19) a la hora de comprar el pasaje para utilizar servicios de transporte p\u00fablico en veh\u00edculos de mediana y larga distancia. Esta normativa alcanza a pasajeros mayores de 13 a\u00f1os.<\/p>\n\n\n\n<p>El Ministro D\u2019Onofrio declar\u00f3 sobre los avances que signific\u00f3 la implementaci\u00f3n del Pase que comenz\u00f3 a regir el pasado 21 de diciembre: \u201cMerced a la existencia del pasaporte sanitario, mucha gente se volc\u00f3 a los centros de vacunaci\u00f3n. Lo cual nos permite tener m\u00e1s del 90% con una dosis y m\u00e1s del 80% con dos\u201d.<\/p>\n\n\n\n<p>\u201cEl Pase Sanitario no es una medida restrictiva sino un aliciente m\u00e1s para que la gente se acerque a vacunarse, cuando termine la pandemia, se terminar\u00e1 el uso de barbijo y el pedido del Pase\u201d, destac\u00f3 el titular de Transporte y complet\u00f3: \u201cNo tenemos la intenci\u00f3n de complicarle la vida a nadie. Simplemente son medidas para cuidar a la mayor\u00eda, apelando a la responsabilidad individual de cada bonaerense que, debemos decir, gracias a Dios, la mayor\u00eda cumple las normas\u201d.<\/p>\n\n\n\n<p>Por su parte, el ministro Nicolas Kreplak, resalt\u00f3: \u201cEn la Provincia de Buenos Aires tenemos pase sanitario desde el 21 de diciembre, momento en que vimos como se increment\u00f3 considerablemente el n\u00famero de personas que iniciaron y completaron esquemas. Durante varios d\u00edas a colocar 40 mil primeras dosis, algo que no se ve\u00eda hace meses\u201d.<\/p>\n\n\n\n<p>\u201cPor eso, fuimos ampliando su alcance y ahora junto al trabajo con el Ministro de Transporte trabajamos para implementarlo en colectivos de media y larga distancia porque entendemos que es un espacio con un considerable riesgo epidemiol\u00f3gico, donde casi 50 personas comparten un espacio cerrado, durante varias horas y la mayor\u00eda de las veces con el aire acondicionado encendido\u201d, explic\u00f3 Kreplak y resalt\u00f3: \u201cSaber que uno comparte ese espacio y con esas condiciones, con gente vacunada le da m\u00e1s tranquilidad y sabe que ante un eventual contagio el tr\u00e1nsito por la enfermedad puede ser de manera m\u00e1s leve\u201d.<\/p>\n\n\n\n<p>La resoluci\u00f3n indica que la acreditaci\u00f3n del ciclo completo de vacunaci\u00f3n sea presentado mediante las aplicaci\u00f3n virtuales gratuitas de \u201cVACUNATE PBA\u201d y \u201cMI ARGENTINA\u201d o, a trav\u00e9s del carnet en formato de tarjeta que se emite tras la aplicaci\u00f3n de la primera dosis.<\/p>\n\n\n\n<p>Las empresas prestatarias de estos servicios en la jurisdicci\u00f3n provincial ser\u00e1n las encargadas de controlar el Pase Sanitario en el momento en que los usuarios compren el boleto, el cual es de car\u00e1cter nominal, impidiendo en caso contrario el ascenso de pasajeros que no cumplan con lo dispuesto y dando lugar &nbsp;a &nbsp;la &nbsp;aplicaci\u00f3n &nbsp;de &nbsp;las &nbsp;sanciones &nbsp;previstas &nbsp;en &nbsp;el &nbsp;Decreto-Ley &nbsp;N\u00b08.841\/77.<\/p>\n\n\n\n<p>La medida oficializada hoy a la ma\u00f1ana en el Bolet\u00edn Oficial, es una ampliaci\u00f3n del Decreto de diciembre de 2021 que estableci\u00f3 el Gobernador de la Provincia de Buenos Aires, Axel Kicillof, al anunciar la obligatoriedad de exhibir una credencial que demuestra el ciclo de vacunaci\u00f3n completo para asistir a eventos masivos y actividades culturales, religiosas y recreativas.<\/p>\n","protected":false},"excerpt":{"rendered":"<p>La medida impulsada por el Ministro de Transporte,&nbsp;Jorge D\u2019Onofrio, y el Ministro de Salud,&nbsp;Nicol\u00e1s Kreplak, establece la obligatoriedad de presentar el \u201cPASE LIBRE COVID\u201d, denominado Pase Sanitario, con el esquema de vacunaci\u00f3n completo (primera y segunda dosis contra el COVID-19) a la hora de comprar el pasaje para utilizar servicios de transporte p\u00fablico en veh\u00edculos&#8230;<\/p>\n","protected":false},"author":2,"featured_media":12443,"comment_status":"open","ping_status":"open","sticky":false,"template":"","format":"standard","meta":{"footnotes":""},"categories":[7],"tags":[],"class_list":["post-12442","post","type-post","status-publish","format-standard","has-post-thumbnail","hentry","category-provincia"],"featured_image_src":"https:\/\/diarioprincipios.com\/wp-content\/uploads\/2022\/01\/pase-sanitario-kreplak.jpg","blog_images":{"medium":"https:\/\/diarioprincipios.com\/wp-content\/uploads\/2022\/01\/pase-sanitario-kreplak-300x150.jpg","large":"https:\/\/diarioprincipios.com\/wp-content\/uploads\/2022\/01\/pase-sanitario-kreplak.jpg"},"ams_acf":[],"yoast_head":"<!-- This site is optimized with the Yoast SEO plugin v27.3 - https:\/\/yoast.com\/product\/yoast-seo-wordpress\/ -->\n<title>Pase Sanitario en el Transporte de Pasajeros de la Provincia de Buenos Aires - Principios<\/title>\n<meta name=\"robots\" content=\"index, follow, max-snippet:-1, max-image-preview:large, max-video-preview:-1\" \/>\n<link rel=\"canonical\" href=\"https:\/\/diarioprincipios.com\/index.php\/2022\/01\/26\/pase-sanitario-en-el-transporte-de-pasajeros-de-la-provincia-de-buenos-aires\/\" \/>\n<meta property=\"og:locale\" content=\"es_ES\" \/>\n<meta property=\"og:type\" content=\"article\" \/>\n<meta property=\"og:title\" content=\"Pase Sanitario en el Transporte de Pasajeros de la Provincia de Buenos Aires - Principios\" \/>\n<meta property=\"og:description\" content=\"La medida impulsada por el Ministro de Transporte,&nbsp;Jorge D\u2019Onofrio, y el Ministro de Salud,&nbsp;Nicol\u00e1s Kreplak, establece la obligatoriedad de presentar el \u201cPASE LIBRE COVID\u201d, denominado Pase Sanitario, con el esquema de vacunaci\u00f3n completo (primera y segunda dosis contra el COVID-19) a la hora de comprar el pasaje para utilizar servicios de transporte p\u00fablico en veh\u00edculos...\" \/>\n<meta property=\"og:url\" content=\"https:\/\/diarioprincipios.com\/index.php\/2022\/01\/26\/pase-sanitario-en-el-transporte-de-pasajeros-de-la-provincia-de-buenos-aires\/\" \/>\n<meta property=\"og:site_name\" content=\"Principios\" \/>\n<meta property=\"article:published_time\" content=\"2022-01-26T22:28:37+00:00\" \/>\n<meta property=\"article:modified_time\" content=\"2022-01-26T22:28:46+00:00\" \/>\n<meta property=\"og:image\" content=\"https:\/\/diarioprincipios.com\/wp-content\/uploads\/2022\/01\/pase-sanitario-kreplak.jpg\" \/>\n\t<meta property=\"og:image:width\" content=\"900\" \/>\n\t<meta property=\"og:image:height\" content=\"450\" \/>\n\t<meta property=\"og:image:type\" content=\"image\/jpeg\" \/>\n<meta name=\"author\" content=\"Hern\u00e1n L\u00f3pez\" \/>\n<meta name=\"twitter:card\" content=\"summary_large_image\" \/>\n<meta name=\"twitter:label1\" content=\"Escrito por\" \/>\n\t<meta name=\"twitter:data1\" content=\"Hern\u00e1n L\u00f3pez\" \/>\n\t<meta name=\"twitter:label2\" content=\"Tiempo de lectura\" \/>\n\t<meta name=\"twitter:data2\" content=\"3 minutos\" \/>\n<script type=\"application\/ld+json\" class=\"yoast-schema-graph\">{\"@context\":\"https:\\\/\\\/schema.org\",\"@graph\":[{\"@type\":\"Article\",\"@id\":\"https:\\\/\\\/diarioprincipios.com\\\/index.php\\\/2022\\\/01\\\/26\\\/pase-sanitario-en-el-transporte-de-pasajeros-de-la-provincia-de-buenos-aires\\\/#article\",\"isPartOf\":{\"@id\":\"https:\\\/\\\/diarioprincipios.com\\\/index.php\\\/2022\\\/01\\\/26\\\/pase-sanitario-en-el-transporte-de-pasajeros-de-la-provincia-de-buenos-aires\\\/\"},\"author\":{\"name\":\"Hern\u00e1n L\u00f3pez\",\"@id\":\"https:\\\/\\\/diarioprincipios.com\\\/#\\\/schema\\\/person\\\/436d5a1fd41a5e250e23ff5a6a7cb080\"},\"headline\":\"Pase Sanitario en el Transporte de Pasajeros de la Provincia de Buenos Aires\",\"datePublished\":\"2022-01-26T22:28:37+00:00\",\"dateModified\":\"2022-01-26T22:28:46+00:00\",\"mainEntityOfPage\":{\"@id\":\"https:\\\/\\\/diarioprincipios.com\\\/index.php\\\/2022\\\/01\\\/26\\\/pase-sanitario-en-el-transporte-de-pasajeros-de-la-provincia-de-buenos-aires\\\/\"},\"wordCount\":576,\"commentCount\":0,\"publisher\":{\"@id\":\"https:\\\/\\\/diarioprincipios.com\\\/#organization\"},\"image\":{\"@id\":\"https:\\\/\\\/diarioprincipios.com\\\/index.php\\\/2022\\\/01\\\/26\\\/pase-sanitario-en-el-transporte-de-pasajeros-de-la-provincia-de-buenos-aires\\\/#primaryimage\"},\"thumbnailUrl\":\"https:\\\/\\\/diarioprincipios.com\\\/wp-content\\\/uploads\\\/2022\\\/01\\\/pase-sanitario-kreplak.jpg\",\"articleSection\":[\"Provincia\"],\"inLanguage\":\"es\",\"potentialAction\":[{\"@type\":\"CommentAction\",\"name\":\"Comment\",\"target\":[\"https:\\\/\\\/diarioprincipios.com\\\/index.php\\\/2022\\\/01\\\/26\\\/pase-sanitario-en-el-transporte-de-pasajeros-de-la-provincia-de-buenos-aires\\\/#respond\"]}]},{\"@type\":\"WebPage\",\"@id\":\"https:\\\/\\\/diarioprincipios.com\\\/index.php\\\/2022\\\/01\\\/26\\\/pase-sanitario-en-el-transporte-de-pasajeros-de-la-provincia-de-buenos-aires\\\/\",\"url\":\"https:\\\/\\\/diarioprincipios.com\\\/index.php\\\/2022\\\/01\\\/26\\\/pase-sanitario-en-el-transporte-de-pasajeros-de-la-provincia-de-buenos-aires\\\/\",\"name\":\"Pase Sanitario en el Transporte de Pasajeros de la Provincia de Buenos Aires - Principios\",\"isPartOf\":{\"@id\":\"https:\\\/\\\/diarioprincipios.com\\\/#website\"},\"primaryImageOfPage\":{\"@id\":\"https:\\\/\\\/diarioprincipios.com\\\/index.php\\\/2022\\\/01\\\/26\\\/pase-sanitario-en-el-transporte-de-pasajeros-de-la-provincia-de-buenos-aires\\\/#primaryimage\"},\"image\":{\"@id\":\"https:\\\/\\\/diarioprincipios.com\\\/index.php\\\/2022\\\/01\\\/26\\\/pase-sanitario-en-el-transporte-de-pasajeros-de-la-provincia-de-buenos-aires\\\/#primaryimage\"},\"thumbnailUrl\":\"https:\\\/\\\/diarioprincipios.com\\\/wp-content\\\/uploads\\\/2022\\\/01\\\/pase-sanitario-kreplak.jpg\",\"datePublished\":\"2022-01-26T22:28:37+00:00\",\"dateModified\":\"2022-01-26T22:28:46+00:00\",\"breadcrumb\":{\"@id\":\"https:\\\/\\\/diarioprincipios.com\\\/index.php\\\/2022\\\/01\\\/26\\\/pase-sanitario-en-el-transporte-de-pasajeros-de-la-provincia-de-buenos-aires\\\/#breadcrumb\"},\"inLanguage\":\"es\",\"potentialAction\":[{\"@type\":\"ReadAction\",\"target\":[\"https:\\\/\\\/diarioprincipios.com\\\/index.php\\\/2022\\\/01\\\/26\\\/pase-sanitario-en-el-transporte-de-pasajeros-de-la-provincia-de-buenos-aires\\\/\"]}]},{\"@type\":\"ImageObject\",\"inLanguage\":\"es\",\"@id\":\"https:\\\/\\\/diarioprincipios.com\\\/index.php\\\/2022\\\/01\\\/26\\\/pase-sanitario-en-el-transporte-de-pasajeros-de-la-provincia-de-buenos-aires\\\/#primaryimage\",\"url\":\"https:\\\/\\\/diarioprincipios.com\\\/wp-content\\\/uploads\\\/2022\\\/01\\\/pase-sanitario-kreplak.jpg\",\"contentUrl\":\"https:\\\/\\\/diarioprincipios.com\\\/wp-content\\\/uploads\\\/2022\\\/01\\\/pase-sanitario-kreplak.jpg\",\"width\":900,\"height\":450},{\"@type\":\"BreadcrumbList\",\"@id\":\"https:\\\/\\\/diarioprincipios.com\\\/index.php\\\/2022\\\/01\\\/26\\\/pase-sanitario-en-el-transporte-de-pasajeros-de-la-provincia-de-buenos-aires\\\/#breadcrumb\",\"itemListElement\":[{\"@type\":\"ListItem\",\"position\":1,\"name\":\"Portada\",\"item\":\"https:\\\/\\\/diarioprincipios.com\\\/\"},{\"@type\":\"ListItem\",\"position\":2,\"name\":\"Pase Sanitario en el Transporte de Pasajeros de la Provincia de Buenos Aires\"}]},{\"@type\":\"WebSite\",\"@id\":\"https:\\\/\\\/diarioprincipios.com\\\/#website\",\"url\":\"https:\\\/\\\/diarioprincipios.com\\\/\",\"name\":\"Principios\",\"description\":\"Principios Diario\",\"publisher\":{\"@id\":\"https:\\\/\\\/diarioprincipios.com\\\/#organization\"},\"potentialAction\":[{\"@type\":\"SearchAction\",\"target\":{\"@type\":\"EntryPoint\",\"urlTemplate\":\"https:\\\/\\\/diarioprincipios.com\\\/?s={search_term_string}\"},\"query-input\":{\"@type\":\"PropertyValueSpecification\",\"valueRequired\":true,\"valueName\":\"search_term_string\"}}],\"inLanguage\":\"es\"},{\"@type\":\"Organization\",\"@id\":\"https:\\\/\\\/diarioprincipios.com\\\/#organization\",\"name\":\"Principios\",\"url\":\"https:\\\/\\\/diarioprincipios.com\\\/\",\"logo\":{\"@type\":\"ImageObject\",\"inLanguage\":\"es\",\"@id\":\"https:\\\/\\\/diarioprincipios.com\\\/#\\\/schema\\\/logo\\\/image\\\/\",\"url\":\"https:\\\/\\\/diarioprincipios.com\\\/wp-content\\\/uploads\\\/2024\\\/04\\\/cropped-www.diarioprincipios.com_-1.png\",\"contentUrl\":\"https:\\\/\\\/diarioprincipios.com\\\/wp-content\\\/uploads\\\/2024\\\/04\\\/cropped-www.diarioprincipios.com_-1.png\",\"width\":5325,\"height\":1454,\"caption\":\"Principios\"},\"image\":{\"@id\":\"https:\\\/\\\/diarioprincipios.com\\\/#\\\/schema\\\/logo\\\/image\\\/\"}},{\"@type\":\"Person\",\"@id\":\"https:\\\/\\\/diarioprincipios.com\\\/#\\\/schema\\\/person\\\/436d5a1fd41a5e250e23ff5a6a7cb080\",\"name\":\"Hern\u00e1n L\u00f3pez\",\"image\":{\"@type\":\"ImageObject\",\"inLanguage\":\"es\",\"@id\":\"https:\\\/\\\/diarioprincipios.com\\\/wp-content\\\/litespeed\\\/avatar\\\/11ddfe5610ff3bd100522525b2571f48.jpg?ver=1777653193\",\"url\":\"https:\\\/\\\/diarioprincipios.com\\\/wp-content\\\/litespeed\\\/avatar\\\/11ddfe5610ff3bd100522525b2571f48.jpg?ver=1777653193\",\"contentUrl\":\"https:\\\/\\\/diarioprincipios.com\\\/wp-content\\\/litespeed\\\/avatar\\\/11ddfe5610ff3bd100522525b2571f48.jpg?ver=1777653193\",\"caption\":\"Hern\u00e1n L\u00f3pez\"},\"url\":\"https:\\\/\\\/diarioprincipios.com\\\/index.php\\\/author\\\/hernan\\\/\"}]}<\/script>\n<!-- \/ Yoast SEO plugin. -->","yoast_head_json":{"title":"Pase Sanitario en el Transporte de Pasajeros de la Provincia de Buenos Aires - Principios","robots":{"index":"index","follow":"follow","max-snippet":"max-snippet:-1","max-image-preview":"max-image-preview:large","max-video-preview":"max-video-preview:-1"},"canonical":"https:\/\/diarioprincipios.com\/index.php\/2022\/01\/26\/pase-sanitario-en-el-transporte-de-pasajeros-de-la-provincia-de-buenos-aires\/","og_locale":"es_ES","og_type":"article","og_title":"Pase Sanitario en el Transporte de Pasajeros de la Provincia de Buenos Aires - Principios","og_description":"La medida impulsada por el Ministro de Transporte,&nbsp;Jorge D\u2019Onofrio, y el Ministro de Salud,&nbsp;Nicol\u00e1s Kreplak, establece la obligatoriedad de presentar el \u201cPASE LIBRE COVID\u201d, denominado Pase Sanitario, con el esquema de vacunaci\u00f3n completo (primera y segunda dosis contra el COVID-19) a la hora de comprar el pasaje para utilizar servicios de transporte p\u00fablico en veh\u00edculos...","og_url":"https:\/\/diarioprincipios.com\/index.php\/2022\/01\/26\/pase-sanitario-en-el-transporte-de-pasajeros-de-la-provincia-de-buenos-aires\/","og_site_name":"Principios","article_published_time":"2022-01-26T22:28:37+00:00","article_modified_time":"2022-01-26T22:28:46+00:00","og_image":[{"width":900,"height":450,"url":"https:\/\/diarioprincipios.com\/wp-content\/uploads\/2022\/01\/pase-sanitario-kreplak.jpg","type":"image\/jpeg"}],"author":"Hern\u00e1n L\u00f3pez","twitter_card":"summary_large_image","twitter_misc":{"Escrito por":"Hern\u00e1n L\u00f3pez","Tiempo de lectura":"3 minutos"},"schema":{"@context":"https:\/\/schema.org","@graph":[{"@type":"Article","@id":"https:\/\/diarioprincipios.com\/index.php\/2022\/01\/26\/pase-sanitario-en-el-transporte-de-pasajeros-de-la-provincia-de-buenos-aires\/#article","isPartOf":{"@id":"https:\/\/diarioprincipios.com\/index.php\/2022\/01\/26\/pase-sanitario-en-el-transporte-de-pasajeros-de-la-provincia-de-buenos-aires\/"},"author":{"name":"Hern\u00e1n L\u00f3pez","@id":"https:\/\/diarioprincipios.com\/#\/schema\/person\/436d5a1fd41a5e250e23ff5a6a7cb080"},"headline":"Pase Sanitario en el Transporte de Pasajeros de la Provincia de Buenos Aires","datePublished":"2022-01-26T22:28:37+00:00","dateModified":"2022-01-26T22:28:46+00:00","mainEntityOfPage":{"@id":"https:\/\/diarioprincipios.com\/index.php\/2022\/01\/26\/pase-sanitario-en-el-transporte-de-pasajeros-de-la-provincia-de-buenos-aires\/"},"wordCount":576,"commentCount":0,"publisher":{"@id":"https:\/\/diarioprincipios.com\/#organization"},"image":{"@id":"https:\/\/diarioprincipios.com\/index.php\/2022\/01\/26\/pase-sanitario-en-el-transporte-de-pasajeros-de-la-provincia-de-buenos-aires\/#primaryimage"},"thumbnailUrl":"https:\/\/diarioprincipios.com\/wp-content\/uploads\/2022\/01\/pase-sanitario-kreplak.jpg","articleSection":["Provincia"],"inLanguage":"es","potentialAction":[{"@type":"CommentAction","name":"Comment","target":["https:\/\/diarioprincipios.com\/index.php\/2022\/01\/26\/pase-sanitario-en-el-transporte-de-pasajeros-de-la-provincia-de-buenos-aires\/#respond"]}]},{"@type":"WebPage","@id":"https:\/\/diarioprincipios.com\/index.php\/2022\/01\/26\/pase-sanitario-en-el-transporte-de-pasajeros-de-la-provincia-de-buenos-aires\/","url":"https:\/\/diarioprincipios.com\/index.php\/2022\/01\/26\/pase-sanitario-en-el-transporte-de-pasajeros-de-la-provincia-de-buenos-aires\/","name":"Pase Sanitario en el Transporte de Pasajeros de la Provincia de Buenos Aires - Principios","isPartOf":{"@id":"https:\/\/diarioprincipios.com\/#website"},"primaryImageOfPage":{"@id":"https:\/\/diarioprincipios.com\/index.php\/2022\/01\/26\/pase-sanitario-en-el-transporte-de-pasajeros-de-la-provincia-de-buenos-aires\/#primaryimage"},"image":{"@id":"https:\/\/diarioprincipios.com\/index.php\/2022\/01\/26\/pase-sanitario-en-el-transporte-de-pasajeros-de-la-provincia-de-buenos-aires\/#primaryimage"},"thumbnailUrl":"https:\/\/diarioprincipios.com\/wp-content\/uploads\/2022\/01\/pase-sanitario-kreplak.jpg","datePublished":"2022-01-26T22:28:37+00:00","dateModified":"2022-01-26T22:28:46+00:00","breadcrumb":{"@id":"https:\/\/diarioprincipios.com\/index.php\/2022\/01\/26\/pase-sanitario-en-el-transporte-de-pasajeros-de-la-provincia-de-buenos-aires\/#breadcrumb"},"inLanguage":"es","potentialAction":[{"@type":"ReadAction","target":["https:\/\/diarioprincipios.com\/index.php\/2022\/01\/26\/pase-sanitario-en-el-transporte-de-pasajeros-de-la-provincia-de-buenos-aires\/"]}]},{"@type":"ImageObject","inLanguage":"es","@id":"https:\/\/diarioprincipios.com\/index.php\/2022\/01\/26\/pase-sanitario-en-el-transporte-de-pasajeros-de-la-provincia-de-buenos-aires\/#primaryimage","url":"https:\/\/diarioprincipios.com\/wp-content\/uploads\/2022\/01\/pase-sanitario-kreplak.jpg","contentUrl":"https:\/\/diarioprincipios.com\/wp-content\/uploads\/2022\/01\/pase-sanitario-kreplak.jpg","width":900,"height":450},{"@type":"BreadcrumbList","@id":"https:\/\/diarioprincipios.com\/index.php\/2022\/01\/26\/pase-sanitario-en-el-transporte-de-pasajeros-de-la-provincia-de-buenos-aires\/#breadcrumb","itemListElement":[{"@type":"ListItem","position":1,"name":"Portada","item":"https:\/\/diarioprincipios.com\/"},{"@type":"ListItem","position":2,"name":"Pase Sanitario en el Transporte de Pasajeros de la Provincia de Buenos Aires"}]},{"@type":"WebSite","@id":"https:\/\/diarioprincipios.com\/#website","url":"https:\/\/diarioprincipios.com\/","name":"Principios","description":"Principios Diario","publisher":{"@id":"https:\/\/diarioprincipios.com\/#organization"},"potentialAction":[{"@type":"SearchAction","target":{"@type":"EntryPoint","urlTemplate":"https:\/\/diarioprincipios.com\/?s={search_term_string}"},"query-input":{"@type":"PropertyValueSpecification","valueRequired":true,"valueName":"search_term_string"}}],"inLanguage":"es"},{"@type":"Organization","@id":"https:\/\/diarioprincipios.com\/#organization","name":"Principios","url":"https:\/\/diarioprincipios.com\/","logo":{"@type":"ImageObject","inLanguage":"es","@id":"https:\/\/diarioprincipios.com\/#\/schema\/logo\/image\/","url":"https:\/\/diarioprincipios.com\/wp-content\/uploads\/2024\/04\/cropped-www.diarioprincipios.com_-1.png","contentUrl":"https:\/\/diarioprincipios.com\/wp-content\/uploads\/2024\/04\/cropped-www.diarioprincipios.com_-1.png","width":5325,"height":1454,"caption":"Principios"},"image":{"@id":"https:\/\/diarioprincipios.com\/#\/schema\/logo\/image\/"}},{"@type":"Person","@id":"https:\/\/diarioprincipios.com\/#\/schema\/person\/436d5a1fd41a5e250e23ff5a6a7cb080","name":"Hern\u00e1n L\u00f3pez","image":{"@type":"ImageObject","inLanguage":"es","@id":"https:\/\/diarioprincipios.com\/wp-content\/litespeed\/avatar\/11ddfe5610ff3bd100522525b2571f48.jpg?ver=1777653193","url":"https:\/\/diarioprincipios.com\/wp-content\/litespeed\/avatar\/11ddfe5610ff3bd100522525b2571f48.jpg?ver=1777653193","contentUrl":"https:\/\/diarioprincipios.com\/wp-content\/litespeed\/avatar\/11ddfe5610ff3bd100522525b2571f48.jpg?ver=1777653193","caption":"Hern\u00e1n L\u00f3pez"},"url":"https:\/\/diarioprincipios.com\/index.php\/author\/hernan\/"}]}},"jetpack_featured_media_url":"https:\/\/diarioprincipios.com\/wp-content\/uploads\/2022\/01\/pase-sanitario-kreplak.jpg","_links":{"self":[{"href":"https:\/\/diarioprincipios.com\/index.php\/wp-json\/wp\/v2\/posts\/12442","targetHints":{"allow":["GET"]}}],"collection":[{"href":"https:\/\/diarioprincipios.com\/index.php\/wp-json\/wp\/v2\/posts"}],"about":[{"href":"https:\/\/diarioprincipios.com\/index.php\/wp-json\/wp\/v2\/types\/post"}],"author":[{"embeddable":true,"href":"https:\/\/diarioprincipios.com\/index.php\/wp-json\/wp\/v2\/users\/2"}],"replies":[{"embeddable":true,"href":"https:\/\/diarioprincipios.com\/index.php\/wp-json\/wp\/v2\/comments?post=12442"}],"version-history":[{"count":1,"href":"https:\/\/diarioprincipios.com\/index.php\/wp-json\/wp\/v2\/posts\/12442\/revisions"}],"predecessor-version":[{"id":12444,"href":"https:\/\/diarioprincipios.com\/index.php\/wp-json\/wp\/v2\/posts\/12442\/revisions\/12444"}],"wp:featuredmedia":[{"embeddable":true,"href":"https:\/\/diarioprincipios.com\/index.php\/wp-json\/wp\/v2\/media\/12443"}],"wp:attachment":[{"href":"https:\/\/diarioprincipios.com\/index.php\/wp-json\/wp\/v2\/media?parent=12442"}],"wp:term":[{"taxonomy":"category","embeddable":true,"href":"https:\/\/diarioprincipios.com\/index.php\/wp-json\/wp\/v2\/categories?post=12442"},{"taxonomy":"post_tag","embeddable":true,"href":"https:\/\/diarioprincipios.com\/index.php\/wp-json\/wp\/v2\/tags?post=12442"}],"curies":[{"name":"wp","href":"https:\/\/api.w.org\/{rel}","templated":true}]}}