{"id":12437,"date":"2022-01-25T21:32:08","date_gmt":"2022-01-26T00:32:08","guid":{"rendered":"http:\/\/diarioprincipios.com\/?p=12437"},"modified":"2022-01-25T21:32:15","modified_gmt":"2022-01-26T00:32:15","slug":"soiva-representara-a-la-asociacion-de-voley-en-torneo-sub-21-de-mar-del-plata","status":"publish","type":"post","link":"https:\/\/diarioprincipios.com\/index.php\/2022\/01\/25\/soiva-representara-a-la-asociacion-de-voley-en-torneo-sub-21-de-mar-del-plata\/","title":{"rendered":"SOIVA representar\u00e1 a la Asociaci\u00f3n de Voley en Torneo Sub 21 de Mar Del Plata"},"content":{"rendered":"\n<p>Equipos juveniles de SOIVA representar\u00e1n a la Asociaci\u00f3n de Voley Capital Nacional del Vidrio y a Berazategui en un Torneo Interclubes a desarrollarse del 14 al 18 de Febrero en la Ciudad de Mar Del Plata.<br>Cabe destacar que esta es la \u00fanica Asociaci\u00f3n que trabaja en la contenci\u00f3n de ni\u00f1os , adolescentes , mayores y adultos mayores, apuntando a la salud , a la sociabilizaci\u00f3n y al deporte en su conjunto.<\/p>\n\n\n\n<figure class=\"wp-block-image size-large\"><img loading=\"lazy\" decoding=\"async\" width=\"1024\" height=\"681\" src=\"https:\/\/diarioprincipios.com\/wp-content\/uploads\/2022\/01\/IMG-20220121-WA0039-1024x681.jpg\" alt=\"\" class=\"wp-image-12438\" srcset=\"https:\/\/diarioprincipios.com\/wp-content\/uploads\/2022\/01\/IMG-20220121-WA0039-1024x681.jpg 1024w, https:\/\/diarioprincipios.com\/wp-content\/uploads\/2022\/01\/IMG-20220121-WA0039-300x200.jpg 300w, https:\/\/diarioprincipios.com\/wp-content\/uploads\/2022\/01\/IMG-20220121-WA0039-768x511.jpg 768w, https:\/\/diarioprincipios.com\/wp-content\/uploads\/2022\/01\/IMG-20220121-WA0039-1536x1021.jpg 1536w, https:\/\/diarioprincipios.com\/wp-content\/uploads\/2022\/01\/IMG-20220121-WA0039.jpg 1600w\" sizes=\"auto, (max-width: 1024px) 100vw, 1024px\" \/><\/figure>\n\n\n\n<p><br>Competir\u00e1n j\u00f3venes de 15 a 21 a\u00f1os tanto en la categor\u00eda Damas como Caballeros bajo la conducci\u00f3n de la entrenadora Patricia Diaz.<br>Celia Cabrera, presidenta de la Asociaci\u00f3n de Voley, destac\u00f3 que \u00abtrabajamos pensando siempre en las inferiores, conteniendo a los j\u00f3venes para que no est\u00e9n en la calle, sino desarrollando sus habilidades para el deporte\u00bb.<\/p>\n\n\n\n<figure class=\"wp-block-image size-full\"><img loading=\"lazy\" decoding=\"async\" width=\"720\" height=\"720\" src=\"https:\/\/diarioprincipios.com\/wp-content\/uploads\/2022\/01\/IMG-20220121-WA0038.jpg\" alt=\"\" class=\"wp-image-12439\" srcset=\"https:\/\/diarioprincipios.com\/wp-content\/uploads\/2022\/01\/IMG-20220121-WA0038.jpg 720w, https:\/\/diarioprincipios.com\/wp-content\/uploads\/2022\/01\/IMG-20220121-WA0038-300x300.jpg 300w, https:\/\/diarioprincipios.com\/wp-content\/uploads\/2022\/01\/IMG-20220121-WA0038-150x150.jpg 150w\" sizes=\"auto, (max-width: 720px) 100vw, 720px\" \/><\/figure>\n\n\n\n<p><br>Agreg\u00f3 que \u00abeste Torneo Sub 21 es muy importante y es un orgullo que SOIVA pueda representarnos\u00bb.<br>Por \u00faltimo agradeci\u00f3 \u00abal intendente municipal Dr. Juan Jos\u00e9 Mussi, al dirigente vidriero Horacio Valdez y al Concejal (mandato cumplido) Orlando Reyes, por todo el apoyo y acompa\u00f1amiento incondicional\u00bb.<\/p>\n","protected":false},"excerpt":{"rendered":"<p>Equipos juveniles de SOIVA representar\u00e1n a la Asociaci\u00f3n de Voley Capital Nacional del Vidrio y a Berazategui en un Torneo Interclubes a desarrollarse del 14 al 18 de Febrero en la Ciudad de Mar Del Plata.Cabe destacar que esta es la \u00fanica Asociaci\u00f3n que trabaja en la contenci\u00f3n de ni\u00f1os , adolescentes , mayores y&#8230;<\/p>\n","protected":false},"author":2,"featured_media":12440,"comment_status":"open","ping_status":"open","sticky":false,"template":"","format":"standard","meta":{"footnotes":""},"categories":[6],"tags":[],"class_list":["post-12437","post","type-post","status-publish","format-standard","has-post-thumbnail","hentry","category-deportes"],"featured_image_src":"https:\/\/diarioprincipios.com\/wp-content\/uploads\/2022\/01\/IMG-20220121-WA0040-1024x576.jpg","blog_images":{"medium":"https:\/\/diarioprincipios.com\/wp-content\/uploads\/2022\/01\/IMG-20220121-WA0040-300x169.jpg","large":"https:\/\/diarioprincipios.com\/wp-content\/uploads\/2022\/01\/IMG-20220121-WA0040-1024x576.jpg"},"ams_acf":[],"yoast_head":"<!-- This site is optimized with the Yoast SEO plugin v27.3 - https:\/\/yoast.com\/product\/yoast-seo-wordpress\/ -->\n<title>SOIVA representar\u00e1 a la Asociaci\u00f3n de Voley en Torneo Sub 21 de Mar Del Plata - Principios<\/title>\n<meta name=\"robots\" content=\"index, follow, max-snippet:-1, max-image-preview:large, max-video-preview:-1\" \/>\n<link rel=\"canonical\" href=\"https:\/\/diarioprincipios.com\/index.php\/2022\/01\/25\/soiva-representara-a-la-asociacion-de-voley-en-torneo-sub-21-de-mar-del-plata\/\" \/>\n<meta property=\"og:locale\" content=\"es_ES\" \/>\n<meta property=\"og:type\" content=\"article\" \/>\n<meta property=\"og:title\" content=\"SOIVA representar\u00e1 a la Asociaci\u00f3n de Voley en Torneo Sub 21 de Mar Del Plata - Principios\" \/>\n<meta property=\"og:description\" content=\"Equipos juveniles de SOIVA representar\u00e1n a la Asociaci\u00f3n de Voley Capital Nacional del Vidrio y a Berazategui en un Torneo Interclubes a desarrollarse del 14 al 18 de Febrero en la Ciudad de Mar Del Plata.Cabe destacar que esta es la \u00fanica Asociaci\u00f3n que trabaja en la contenci\u00f3n de ni\u00f1os , adolescentes , mayores y...\" \/>\n<meta property=\"og:url\" content=\"https:\/\/diarioprincipios.com\/index.php\/2022\/01\/25\/soiva-representara-a-la-asociacion-de-voley-en-torneo-sub-21-de-mar-del-plata\/\" \/>\n<meta property=\"og:site_name\" content=\"Principios\" \/>\n<meta property=\"article:published_time\" content=\"2022-01-26T00:32:08+00:00\" \/>\n<meta property=\"article:modified_time\" content=\"2022-01-26T00:32:15+00:00\" \/>\n<meta property=\"og:image\" content=\"https:\/\/diarioprincipios.com\/wp-content\/uploads\/2022\/01\/IMG-20220121-WA0040.jpg\" \/>\n\t<meta property=\"og:image:width\" content=\"1032\" \/>\n\t<meta property=\"og:image:height\" content=\"581\" \/>\n\t<meta property=\"og:image:type\" content=\"image\/jpeg\" \/>\n<meta name=\"author\" content=\"Hern\u00e1n L\u00f3pez\" \/>\n<meta name=\"twitter:card\" content=\"summary_large_image\" \/>\n<meta name=\"twitter:label1\" content=\"Escrito por\" \/>\n\t<meta name=\"twitter:data1\" content=\"Hern\u00e1n L\u00f3pez\" \/>\n\t<meta name=\"twitter:label2\" content=\"Tiempo de lectura\" \/>\n\t<meta name=\"twitter:data2\" content=\"2 minutos\" \/>\n<script type=\"application\/ld+json\" class=\"yoast-schema-graph\">{\"@context\":\"https:\\\/\\\/schema.org\",\"@graph\":[{\"@type\":\"Article\",\"@id\":\"https:\\\/\\\/diarioprincipios.com\\\/index.php\\\/2022\\\/01\\\/25\\\/soiva-representara-a-la-asociacion-de-voley-en-torneo-sub-21-de-mar-del-plata\\\/#article\",\"isPartOf\":{\"@id\":\"https:\\\/\\\/diarioprincipios.com\\\/index.php\\\/2022\\\/01\\\/25\\\/soiva-representara-a-la-asociacion-de-voley-en-torneo-sub-21-de-mar-del-plata\\\/\"},\"author\":{\"name\":\"Hern\u00e1n L\u00f3pez\",\"@id\":\"https:\\\/\\\/diarioprincipios.com\\\/#\\\/schema\\\/person\\\/436d5a1fd41a5e250e23ff5a6a7cb080\"},\"headline\":\"SOIVA representar\u00e1 a la Asociaci\u00f3n de Voley en Torneo Sub 21 de Mar Del Plata\",\"datePublished\":\"2022-01-26T00:32:08+00:00\",\"dateModified\":\"2022-01-26T00:32:15+00:00\",\"mainEntityOfPage\":{\"@id\":\"https:\\\/\\\/diarioprincipios.com\\\/index.php\\\/2022\\\/01\\\/25\\\/soiva-representara-a-la-asociacion-de-voley-en-torneo-sub-21-de-mar-del-plata\\\/\"},\"wordCount\":196,\"commentCount\":0,\"publisher\":{\"@id\":\"https:\\\/\\\/diarioprincipios.com\\\/#organization\"},\"image\":{\"@id\":\"https:\\\/\\\/diarioprincipios.com\\\/index.php\\\/2022\\\/01\\\/25\\\/soiva-representara-a-la-asociacion-de-voley-en-torneo-sub-21-de-mar-del-plata\\\/#primaryimage\"},\"thumbnailUrl\":\"https:\\\/\\\/diarioprincipios.com\\\/wp-content\\\/uploads\\\/2022\\\/01\\\/IMG-20220121-WA0040.jpg\",\"articleSection\":[\"Deportes\"],\"inLanguage\":\"es\",\"potentialAction\":[{\"@type\":\"CommentAction\",\"name\":\"Comment\",\"target\":[\"https:\\\/\\\/diarioprincipios.com\\\/index.php\\\/2022\\\/01\\\/25\\\/soiva-representara-a-la-asociacion-de-voley-en-torneo-sub-21-de-mar-del-plata\\\/#respond\"]}]},{\"@type\":\"WebPage\",\"@id\":\"https:\\\/\\\/diarioprincipios.com\\\/index.php\\\/2022\\\/01\\\/25\\\/soiva-representara-a-la-asociacion-de-voley-en-torneo-sub-21-de-mar-del-plata\\\/\",\"url\":\"https:\\\/\\\/diarioprincipios.com\\\/index.php\\\/2022\\\/01\\\/25\\\/soiva-representara-a-la-asociacion-de-voley-en-torneo-sub-21-de-mar-del-plata\\\/\",\"name\":\"SOIVA representar\u00e1 a la Asociaci\u00f3n de Voley en Torneo Sub 21 de Mar Del Plata - Principios\",\"isPartOf\":{\"@id\":\"https:\\\/\\\/diarioprincipios.com\\\/#website\"},\"primaryImageOfPage\":{\"@id\":\"https:\\\/\\\/diarioprincipios.com\\\/index.php\\\/2022\\\/01\\\/25\\\/soiva-representara-a-la-asociacion-de-voley-en-torneo-sub-21-de-mar-del-plata\\\/#primaryimage\"},\"image\":{\"@id\":\"https:\\\/\\\/diarioprincipios.com\\\/index.php\\\/2022\\\/01\\\/25\\\/soiva-representara-a-la-asociacion-de-voley-en-torneo-sub-21-de-mar-del-plata\\\/#primaryimage\"},\"thumbnailUrl\":\"https:\\\/\\\/diarioprincipios.com\\\/wp-content\\\/uploads\\\/2022\\\/01\\\/IMG-20220121-WA0040.jpg\",\"datePublished\":\"2022-01-26T00:32:08+00:00\",\"dateModified\":\"2022-01-26T00:32:15+00:00\",\"breadcrumb\":{\"@id\":\"https:\\\/\\\/diarioprincipios.com\\\/index.php\\\/2022\\\/01\\\/25\\\/soiva-representara-a-la-asociacion-de-voley-en-torneo-sub-21-de-mar-del-plata\\\/#breadcrumb\"},\"inLanguage\":\"es\",\"potentialAction\":[{\"@type\":\"ReadAction\",\"target\":[\"https:\\\/\\\/diarioprincipios.com\\\/index.php\\\/2022\\\/01\\\/25\\\/soiva-representara-a-la-asociacion-de-voley-en-torneo-sub-21-de-mar-del-plata\\\/\"]}]},{\"@type\":\"ImageObject\",\"inLanguage\":\"es\",\"@id\":\"https:\\\/\\\/diarioprincipios.com\\\/index.php\\\/2022\\\/01\\\/25\\\/soiva-representara-a-la-asociacion-de-voley-en-torneo-sub-21-de-mar-del-plata\\\/#primaryimage\",\"url\":\"https:\\\/\\\/diarioprincipios.com\\\/wp-content\\\/uploads\\\/2022\\\/01\\\/IMG-20220121-WA0040.jpg\",\"contentUrl\":\"https:\\\/\\\/diarioprincipios.com\\\/wp-content\\\/uploads\\\/2022\\\/01\\\/IMG-20220121-WA0040.jpg\",\"width\":1032,\"height\":581},{\"@type\":\"BreadcrumbList\",\"@id\":\"https:\\\/\\\/diarioprincipios.com\\\/index.php\\\/2022\\\/01\\\/25\\\/soiva-representara-a-la-asociacion-de-voley-en-torneo-sub-21-de-mar-del-plata\\\/#breadcrumb\",\"itemListElement\":[{\"@type\":\"ListItem\",\"position\":1,\"name\":\"Portada\",\"item\":\"https:\\\/\\\/diarioprincipios.com\\\/\"},{\"@type\":\"ListItem\",\"position\":2,\"name\":\"SOIVA representar\u00e1 a la Asociaci\u00f3n de Voley en Torneo Sub 21 de Mar Del Plata\"}]},{\"@type\":\"WebSite\",\"@id\":\"https:\\\/\\\/diarioprincipios.com\\\/#website\",\"url\":\"https:\\\/\\\/diarioprincipios.com\\\/\",\"name\":\"Principios\",\"description\":\"Principios Diario\",\"publisher\":{\"@id\":\"https:\\\/\\\/diarioprincipios.com\\\/#organization\"},\"potentialAction\":[{\"@type\":\"SearchAction\",\"target\":{\"@type\":\"EntryPoint\",\"urlTemplate\":\"https:\\\/\\\/diarioprincipios.com\\\/?s={search_term_string}\"},\"query-input\":{\"@type\":\"PropertyValueSpecification\",\"valueRequired\":true,\"valueName\":\"search_term_string\"}}],\"inLanguage\":\"es\"},{\"@type\":\"Organization\",\"@id\":\"https:\\\/\\\/diarioprincipios.com\\\/#organization\",\"name\":\"Principios\",\"url\":\"https:\\\/\\\/diarioprincipios.com\\\/\",\"logo\":{\"@type\":\"ImageObject\",\"inLanguage\":\"es\",\"@id\":\"https:\\\/\\\/diarioprincipios.com\\\/#\\\/schema\\\/logo\\\/image\\\/\",\"url\":\"https:\\\/\\\/diarioprincipios.com\\\/wp-content\\\/uploads\\\/2024\\\/04\\\/cropped-www.diarioprincipios.com_-1.png\",\"contentUrl\":\"https:\\\/\\\/diarioprincipios.com\\\/wp-content\\\/uploads\\\/2024\\\/04\\\/cropped-www.diarioprincipios.com_-1.png\",\"width\":5325,\"height\":1454,\"caption\":\"Principios\"},\"image\":{\"@id\":\"https:\\\/\\\/diarioprincipios.com\\\/#\\\/schema\\\/logo\\\/image\\\/\"}},{\"@type\":\"Person\",\"@id\":\"https:\\\/\\\/diarioprincipios.com\\\/#\\\/schema\\\/person\\\/436d5a1fd41a5e250e23ff5a6a7cb080\",\"name\":\"Hern\u00e1n L\u00f3pez\",\"image\":{\"@type\":\"ImageObject\",\"inLanguage\":\"es\",\"@id\":\"https:\\\/\\\/diarioprincipios.com\\\/wp-content\\\/litespeed\\\/avatar\\\/11ddfe5610ff3bd100522525b2571f48.jpg?ver=1777653193\",\"url\":\"https:\\\/\\\/diarioprincipios.com\\\/wp-content\\\/litespeed\\\/avatar\\\/11ddfe5610ff3bd100522525b2571f48.jpg?ver=1777653193\",\"contentUrl\":\"https:\\\/\\\/diarioprincipios.com\\\/wp-content\\\/litespeed\\\/avatar\\\/11ddfe5610ff3bd100522525b2571f48.jpg?ver=1777653193\",\"caption\":\"Hern\u00e1n L\u00f3pez\"},\"url\":\"https:\\\/\\\/diarioprincipios.com\\\/index.php\\\/author\\\/hernan\\\/\"}]}<\/script>\n<!-- \/ Yoast SEO plugin. -->","yoast_head_json":{"title":"SOIVA representar\u00e1 a la Asociaci\u00f3n de Voley en Torneo Sub 21 de Mar Del Plata - Principios","robots":{"index":"index","follow":"follow","max-snippet":"max-snippet:-1","max-image-preview":"max-image-preview:large","max-video-preview":"max-video-preview:-1"},"canonical":"https:\/\/diarioprincipios.com\/index.php\/2022\/01\/25\/soiva-representara-a-la-asociacion-de-voley-en-torneo-sub-21-de-mar-del-plata\/","og_locale":"es_ES","og_type":"article","og_title":"SOIVA representar\u00e1 a la Asociaci\u00f3n de Voley en Torneo Sub 21 de Mar Del Plata - Principios","og_description":"Equipos juveniles de SOIVA representar\u00e1n a la Asociaci\u00f3n de Voley Capital Nacional del Vidrio y a Berazategui en un Torneo Interclubes a desarrollarse del 14 al 18 de Febrero en la Ciudad de Mar Del Plata.Cabe destacar que esta es la \u00fanica Asociaci\u00f3n que trabaja en la contenci\u00f3n de ni\u00f1os , adolescentes , mayores y...","og_url":"https:\/\/diarioprincipios.com\/index.php\/2022\/01\/25\/soiva-representara-a-la-asociacion-de-voley-en-torneo-sub-21-de-mar-del-plata\/","og_site_name":"Principios","article_published_time":"2022-01-26T00:32:08+00:00","article_modified_time":"2022-01-26T00:32:15+00:00","og_image":[{"width":1032,"height":581,"url":"https:\/\/diarioprincipios.com\/wp-content\/uploads\/2022\/01\/IMG-20220121-WA0040.jpg","type":"image\/jpeg"}],"author":"Hern\u00e1n L\u00f3pez","twitter_card":"summary_large_image","twitter_misc":{"Escrito por":"Hern\u00e1n L\u00f3pez","Tiempo de lectura":"2 minutos"},"schema":{"@context":"https:\/\/schema.org","@graph":[{"@type":"Article","@id":"https:\/\/diarioprincipios.com\/index.php\/2022\/01\/25\/soiva-representara-a-la-asociacion-de-voley-en-torneo-sub-21-de-mar-del-plata\/#article","isPartOf":{"@id":"https:\/\/diarioprincipios.com\/index.php\/2022\/01\/25\/soiva-representara-a-la-asociacion-de-voley-en-torneo-sub-21-de-mar-del-plata\/"},"author":{"name":"Hern\u00e1n L\u00f3pez","@id":"https:\/\/diarioprincipios.com\/#\/schema\/person\/436d5a1fd41a5e250e23ff5a6a7cb080"},"headline":"SOIVA representar\u00e1 a la Asociaci\u00f3n de Voley en Torneo Sub 21 de Mar Del Plata","datePublished":"2022-01-26T00:32:08+00:00","dateModified":"2022-01-26T00:32:15+00:00","mainEntityOfPage":{"@id":"https:\/\/diarioprincipios.com\/index.php\/2022\/01\/25\/soiva-representara-a-la-asociacion-de-voley-en-torneo-sub-21-de-mar-del-plata\/"},"wordCount":196,"commentCount":0,"publisher":{"@id":"https:\/\/diarioprincipios.com\/#organization"},"image":{"@id":"https:\/\/diarioprincipios.com\/index.php\/2022\/01\/25\/soiva-representara-a-la-asociacion-de-voley-en-torneo-sub-21-de-mar-del-plata\/#primaryimage"},"thumbnailUrl":"https:\/\/diarioprincipios.com\/wp-content\/uploads\/2022\/01\/IMG-20220121-WA0040.jpg","articleSection":["Deportes"],"inLanguage":"es","potentialAction":[{"@type":"CommentAction","name":"Comment","target":["https:\/\/diarioprincipios.com\/index.php\/2022\/01\/25\/soiva-representara-a-la-asociacion-de-voley-en-torneo-sub-21-de-mar-del-plata\/#respond"]}]},{"@type":"WebPage","@id":"https:\/\/diarioprincipios.com\/index.php\/2022\/01\/25\/soiva-representara-a-la-asociacion-de-voley-en-torneo-sub-21-de-mar-del-plata\/","url":"https:\/\/diarioprincipios.com\/index.php\/2022\/01\/25\/soiva-representara-a-la-asociacion-de-voley-en-torneo-sub-21-de-mar-del-plata\/","name":"SOIVA representar\u00e1 a la Asociaci\u00f3n de Voley en Torneo Sub 21 de Mar Del Plata - Principios","isPartOf":{"@id":"https:\/\/diarioprincipios.com\/#website"},"primaryImageOfPage":{"@id":"https:\/\/diarioprincipios.com\/index.php\/2022\/01\/25\/soiva-representara-a-la-asociacion-de-voley-en-torneo-sub-21-de-mar-del-plata\/#primaryimage"},"image":{"@id":"https:\/\/diarioprincipios.com\/index.php\/2022\/01\/25\/soiva-representara-a-la-asociacion-de-voley-en-torneo-sub-21-de-mar-del-plata\/#primaryimage"},"thumbnailUrl":"https:\/\/diarioprincipios.com\/wp-content\/uploads\/2022\/01\/IMG-20220121-WA0040.jpg","datePublished":"2022-01-26T00:32:08+00:00","dateModified":"2022-01-26T00:32:15+00:00","breadcrumb":{"@id":"https:\/\/diarioprincipios.com\/index.php\/2022\/01\/25\/soiva-representara-a-la-asociacion-de-voley-en-torneo-sub-21-de-mar-del-plata\/#breadcrumb"},"inLanguage":"es","potentialAction":[{"@type":"ReadAction","target":["https:\/\/diarioprincipios.com\/index.php\/2022\/01\/25\/soiva-representara-a-la-asociacion-de-voley-en-torneo-sub-21-de-mar-del-plata\/"]}]},{"@type":"ImageObject","inLanguage":"es","@id":"https:\/\/diarioprincipios.com\/index.php\/2022\/01\/25\/soiva-representara-a-la-asociacion-de-voley-en-torneo-sub-21-de-mar-del-plata\/#primaryimage","url":"https:\/\/diarioprincipios.com\/wp-content\/uploads\/2022\/01\/IMG-20220121-WA0040.jpg","contentUrl":"https:\/\/diarioprincipios.com\/wp-content\/uploads\/2022\/01\/IMG-20220121-WA0040.jpg","width":1032,"height":581},{"@type":"BreadcrumbList","@id":"https:\/\/diarioprincipios.com\/index.php\/2022\/01\/25\/soiva-representara-a-la-asociacion-de-voley-en-torneo-sub-21-de-mar-del-plata\/#breadcrumb","itemListElement":[{"@type":"ListItem","position":1,"name":"Portada","item":"https:\/\/diarioprincipios.com\/"},{"@type":"ListItem","position":2,"name":"SOIVA representar\u00e1 a la Asociaci\u00f3n de Voley en Torneo Sub 21 de Mar Del Plata"}]},{"@type":"WebSite","@id":"https:\/\/diarioprincipios.com\/#website","url":"https:\/\/diarioprincipios.com\/","name":"Principios","description":"Principios Diario","publisher":{"@id":"https:\/\/diarioprincipios.com\/#organization"},"potentialAction":[{"@type":"SearchAction","target":{"@type":"EntryPoint","urlTemplate":"https:\/\/diarioprincipios.com\/?s={search_term_string}"},"query-input":{"@type":"PropertyValueSpecification","valueRequired":true,"valueName":"search_term_string"}}],"inLanguage":"es"},{"@type":"Organization","@id":"https:\/\/diarioprincipios.com\/#organization","name":"Principios","url":"https:\/\/diarioprincipios.com\/","logo":{"@type":"ImageObject","inLanguage":"es","@id":"https:\/\/diarioprincipios.com\/#\/schema\/logo\/image\/","url":"https:\/\/diarioprincipios.com\/wp-content\/uploads\/2024\/04\/cropped-www.diarioprincipios.com_-1.png","contentUrl":"https:\/\/diarioprincipios.com\/wp-content\/uploads\/2024\/04\/cropped-www.diarioprincipios.com_-1.png","width":5325,"height":1454,"caption":"Principios"},"image":{"@id":"https:\/\/diarioprincipios.com\/#\/schema\/logo\/image\/"}},{"@type":"Person","@id":"https:\/\/diarioprincipios.com\/#\/schema\/person\/436d5a1fd41a5e250e23ff5a6a7cb080","name":"Hern\u00e1n L\u00f3pez","image":{"@type":"ImageObject","inLanguage":"es","@id":"https:\/\/diarioprincipios.com\/wp-content\/litespeed\/avatar\/11ddfe5610ff3bd100522525b2571f48.jpg?ver=1777653193","url":"https:\/\/diarioprincipios.com\/wp-content\/litespeed\/avatar\/11ddfe5610ff3bd100522525b2571f48.jpg?ver=1777653193","contentUrl":"https:\/\/diarioprincipios.com\/wp-content\/litespeed\/avatar\/11ddfe5610ff3bd100522525b2571f48.jpg?ver=1777653193","caption":"Hern\u00e1n L\u00f3pez"},"url":"https:\/\/diarioprincipios.com\/index.php\/author\/hernan\/"}]}},"jetpack_featured_media_url":"https:\/\/diarioprincipios.com\/wp-content\/uploads\/2022\/01\/IMG-20220121-WA0040.jpg","_links":{"self":[{"href":"https:\/\/diarioprincipios.com\/index.php\/wp-json\/wp\/v2\/posts\/12437","targetHints":{"allow":["GET"]}}],"collection":[{"href":"https:\/\/diarioprincipios.com\/index.php\/wp-json\/wp\/v2\/posts"}],"about":[{"href":"https:\/\/diarioprincipios.com\/index.php\/wp-json\/wp\/v2\/types\/post"}],"author":[{"embeddable":true,"href":"https:\/\/diarioprincipios.com\/index.php\/wp-json\/wp\/v2\/users\/2"}],"replies":[{"embeddable":true,"href":"https:\/\/diarioprincipios.com\/index.php\/wp-json\/wp\/v2\/comments?post=12437"}],"version-history":[{"count":1,"href":"https:\/\/diarioprincipios.com\/index.php\/wp-json\/wp\/v2\/posts\/12437\/revisions"}],"predecessor-version":[{"id":12441,"href":"https:\/\/diarioprincipios.com\/index.php\/wp-json\/wp\/v2\/posts\/12437\/revisions\/12441"}],"wp:featuredmedia":[{"embeddable":true,"href":"https:\/\/diarioprincipios.com\/index.php\/wp-json\/wp\/v2\/media\/12440"}],"wp:attachment":[{"href":"https:\/\/diarioprincipios.com\/index.php\/wp-json\/wp\/v2\/media?parent=12437"}],"wp:term":[{"taxonomy":"category","embeddable":true,"href":"https:\/\/diarioprincipios.com\/index.php\/wp-json\/wp\/v2\/categories?post=12437"},{"taxonomy":"post_tag","embeddable":true,"href":"https:\/\/diarioprincipios.com\/index.php\/wp-json\/wp\/v2\/tags?post=12437"}],"curies":[{"name":"wp","href":"https:\/\/api.w.org\/{rel}","templated":true}]}}