{"id":12434,"date":"2022-01-24T23:11:12","date_gmt":"2022-01-25T02:11:12","guid":{"rendered":"http:\/\/diarioprincipios.com\/?p=12434"},"modified":"2022-01-24T23:11:18","modified_gmt":"2022-01-25T02:11:18","slug":"industriales-cortaran-la-autopista-este-martes-para-protestar-contra-los-cortes-de-edesur","status":"publish","type":"post","link":"https:\/\/diarioprincipios.com\/index.php\/2022\/01\/24\/industriales-cortaran-la-autopista-este-martes-para-protestar-contra-los-cortes-de-edesur\/","title":{"rendered":"Industriales cortar\u00e1n la autopista este martes para protestar contra los cortes de Edesur"},"content":{"rendered":"\n<p>El presidente de Industriales Pymes Argentinos, Daniel Rosato, advirti\u00f3 que habr\u00e1 p\u00e9rdidas millonarias debido a la situaci\u00f3n cr\u00edtica por la que atraviesan las f\u00e1bricas bonaerenses por \u00ablos continuos cortes de energ\u00eda el\u00e9ctrica que est\u00e1n afectando la producci\u00f3n\u00bb y ponen en jaque el circuito de abastecimiento.<br>Rosato confirm\u00f3 que \u00abun grupo de empresarios, la CGT regional y vecinos del Sur del Gran Buenos Aires, junto a los trabajadores vamos a reclamar para que Edesur brinde una respuesta urgente\u00bb<br>El corte comenzar\u00eda poco antes del mediod\u00eda en el Peaje de Hudson.<br>\u00abLos cortes de energ\u00eda son diarios y la baja de la tensi\u00f3n tambi\u00e9n y a cualquier hora, y est\u00e1n provocando serio da\u00f1o a las pymes indsutriales, con p\u00e9rdidas de cientos de millones de pesos\u00bb, recalc\u00f3 el empresario, acotando que \u00abde esta forma es imposible planificar la producci\u00f3n y empezamos a tener incumplimiento en las entregas porque no podemos trabajar\u00bb.<br>Destac\u00f3 tambi\u00e9n  que \u00abese dinero que se pierde impide a las empresas sostener la recuperaci\u00f3n de la actividad industrial que se viene mostrando en los \u00faltimos tiempos, con mucho esfuerzo de los gobiernos nacional, provincial yk municipales, junto a las industrias y los trabajadores\u00bb.<br>Por \u00faltimo  dijo  que \u00abel martes 25 de enero estaremos todos juntos, pymes industriales, comerciantes, trabajadores y vecinos para que Edesur empiece a dar soluciones porque las f\u00e1bricas no pueden estar paradas, los trabajadores no pueden quedarse sin tareas y es inadmisible que los vecinos est\u00e9n sin agua y sin luz para vivir\u00bb.<\/p>\n","protected":false},"excerpt":{"rendered":"<p>El presidente de Industriales Pymes Argentinos, Daniel Rosato, advirti\u00f3 que habr\u00e1 p\u00e9rdidas millonarias debido a la situaci\u00f3n cr\u00edtica por la que atraviesan las f\u00e1bricas bonaerenses por \u00ablos continuos cortes de energ\u00eda el\u00e9ctrica que est\u00e1n afectando la producci\u00f3n\u00bb y ponen en jaque el circuito de abastecimiento.Rosato confirm\u00f3 que \u00abun grupo de empresarios, la CGT regional y&#8230;<\/p>\n","protected":false},"author":2,"featured_media":12435,"comment_status":"open","ping_status":"open","sticky":false,"template":"","format":"standard","meta":{"footnotes":""},"categories":[3],"tags":[],"class_list":["post-12434","post","type-post","status-publish","format-standard","has-post-thumbnail","hentry","category-berazategui"],"featured_image_src":"https:\/\/diarioprincipios.com\/wp-content\/uploads\/2022\/01\/7-A.jpg","blog_images":{"medium":"https:\/\/diarioprincipios.com\/wp-content\/uploads\/2022\/01\/7-A-300x200.jpg","large":"https:\/\/diarioprincipios.com\/wp-content\/uploads\/2022\/01\/7-A.jpg"},"ams_acf":[],"yoast_head":"<!-- This site is optimized with the Yoast SEO plugin v27.3 - https:\/\/yoast.com\/product\/yoast-seo-wordpress\/ -->\n<title>Industriales cortar\u00e1n la autopista este martes para protestar contra los cortes de Edesur - Principios<\/title>\n<meta name=\"robots\" content=\"index, follow, max-snippet:-1, max-image-preview:large, max-video-preview:-1\" \/>\n<link rel=\"canonical\" href=\"https:\/\/diarioprincipios.com\/index.php\/2022\/01\/24\/industriales-cortaran-la-autopista-este-martes-para-protestar-contra-los-cortes-de-edesur\/\" \/>\n<meta property=\"og:locale\" content=\"es_ES\" \/>\n<meta property=\"og:type\" content=\"article\" \/>\n<meta property=\"og:title\" content=\"Industriales cortar\u00e1n la autopista este martes para protestar contra los cortes de Edesur - Principios\" \/>\n<meta property=\"og:description\" content=\"El presidente de Industriales Pymes Argentinos, Daniel Rosato, advirti\u00f3 que habr\u00e1 p\u00e9rdidas millonarias debido a la situaci\u00f3n cr\u00edtica por la que atraviesan las f\u00e1bricas bonaerenses por \u00ablos continuos cortes de energ\u00eda el\u00e9ctrica que est\u00e1n afectando la producci\u00f3n\u00bb y ponen en jaque el circuito de abastecimiento.Rosato confirm\u00f3 que \u00abun grupo de empresarios, la CGT regional y...\" \/>\n<meta property=\"og:url\" content=\"https:\/\/diarioprincipios.com\/index.php\/2022\/01\/24\/industriales-cortaran-la-autopista-este-martes-para-protestar-contra-los-cortes-de-edesur\/\" \/>\n<meta property=\"og:site_name\" content=\"Principios\" \/>\n<meta property=\"article:published_time\" content=\"2022-01-25T02:11:12+00:00\" \/>\n<meta property=\"article:modified_time\" content=\"2022-01-25T02:11:18+00:00\" \/>\n<meta property=\"og:image\" content=\"https:\/\/diarioprincipios.com\/wp-content\/uploads\/2022\/01\/7-A.jpg\" \/>\n\t<meta property=\"og:image:width\" content=\"1024\" \/>\n\t<meta property=\"og:image:height\" content=\"682\" \/>\n\t<meta property=\"og:image:type\" content=\"image\/jpeg\" \/>\n<meta name=\"author\" content=\"Hern\u00e1n L\u00f3pez\" \/>\n<meta name=\"twitter:card\" content=\"summary_large_image\" \/>\n<meta name=\"twitter:label1\" content=\"Escrito por\" \/>\n\t<meta name=\"twitter:data1\" content=\"Hern\u00e1n L\u00f3pez\" \/>\n\t<meta name=\"twitter:label2\" content=\"Tiempo de lectura\" \/>\n\t<meta name=\"twitter:data2\" content=\"2 minutos\" \/>\n<script type=\"application\/ld+json\" class=\"yoast-schema-graph\">{\"@context\":\"https:\\\/\\\/schema.org\",\"@graph\":[{\"@type\":\"Article\",\"@id\":\"https:\\\/\\\/diarioprincipios.com\\\/index.php\\\/2022\\\/01\\\/24\\\/industriales-cortaran-la-autopista-este-martes-para-protestar-contra-los-cortes-de-edesur\\\/#article\",\"isPartOf\":{\"@id\":\"https:\\\/\\\/diarioprincipios.com\\\/index.php\\\/2022\\\/01\\\/24\\\/industriales-cortaran-la-autopista-este-martes-para-protestar-contra-los-cortes-de-edesur\\\/\"},\"author\":{\"name\":\"Hern\u00e1n L\u00f3pez\",\"@id\":\"https:\\\/\\\/diarioprincipios.com\\\/#\\\/schema\\\/person\\\/436d5a1fd41a5e250e23ff5a6a7cb080\"},\"headline\":\"Industriales cortar\u00e1n la autopista este martes para protestar contra los cortes de Edesur\",\"datePublished\":\"2022-01-25T02:11:12+00:00\",\"dateModified\":\"2022-01-25T02:11:18+00:00\",\"mainEntityOfPage\":{\"@id\":\"https:\\\/\\\/diarioprincipios.com\\\/index.php\\\/2022\\\/01\\\/24\\\/industriales-cortaran-la-autopista-este-martes-para-protestar-contra-los-cortes-de-edesur\\\/\"},\"wordCount\":279,\"commentCount\":0,\"publisher\":{\"@id\":\"https:\\\/\\\/diarioprincipios.com\\\/#organization\"},\"image\":{\"@id\":\"https:\\\/\\\/diarioprincipios.com\\\/index.php\\\/2022\\\/01\\\/24\\\/industriales-cortaran-la-autopista-este-martes-para-protestar-contra-los-cortes-de-edesur\\\/#primaryimage\"},\"thumbnailUrl\":\"https:\\\/\\\/diarioprincipios.com\\\/wp-content\\\/uploads\\\/2022\\\/01\\\/7-A.jpg\",\"articleSection\":[\"Berazategui\"],\"inLanguage\":\"es\",\"potentialAction\":[{\"@type\":\"CommentAction\",\"name\":\"Comment\",\"target\":[\"https:\\\/\\\/diarioprincipios.com\\\/index.php\\\/2022\\\/01\\\/24\\\/industriales-cortaran-la-autopista-este-martes-para-protestar-contra-los-cortes-de-edesur\\\/#respond\"]}]},{\"@type\":\"WebPage\",\"@id\":\"https:\\\/\\\/diarioprincipios.com\\\/index.php\\\/2022\\\/01\\\/24\\\/industriales-cortaran-la-autopista-este-martes-para-protestar-contra-los-cortes-de-edesur\\\/\",\"url\":\"https:\\\/\\\/diarioprincipios.com\\\/index.php\\\/2022\\\/01\\\/24\\\/industriales-cortaran-la-autopista-este-martes-para-protestar-contra-los-cortes-de-edesur\\\/\",\"name\":\"Industriales cortar\u00e1n la autopista este martes para protestar contra los cortes de Edesur - Principios\",\"isPartOf\":{\"@id\":\"https:\\\/\\\/diarioprincipios.com\\\/#website\"},\"primaryImageOfPage\":{\"@id\":\"https:\\\/\\\/diarioprincipios.com\\\/index.php\\\/2022\\\/01\\\/24\\\/industriales-cortaran-la-autopista-este-martes-para-protestar-contra-los-cortes-de-edesur\\\/#primaryimage\"},\"image\":{\"@id\":\"https:\\\/\\\/diarioprincipios.com\\\/index.php\\\/2022\\\/01\\\/24\\\/industriales-cortaran-la-autopista-este-martes-para-protestar-contra-los-cortes-de-edesur\\\/#primaryimage\"},\"thumbnailUrl\":\"https:\\\/\\\/diarioprincipios.com\\\/wp-content\\\/uploads\\\/2022\\\/01\\\/7-A.jpg\",\"datePublished\":\"2022-01-25T02:11:12+00:00\",\"dateModified\":\"2022-01-25T02:11:18+00:00\",\"breadcrumb\":{\"@id\":\"https:\\\/\\\/diarioprincipios.com\\\/index.php\\\/2022\\\/01\\\/24\\\/industriales-cortaran-la-autopista-este-martes-para-protestar-contra-los-cortes-de-edesur\\\/#breadcrumb\"},\"inLanguage\":\"es\",\"potentialAction\":[{\"@type\":\"ReadAction\",\"target\":[\"https:\\\/\\\/diarioprincipios.com\\\/index.php\\\/2022\\\/01\\\/24\\\/industriales-cortaran-la-autopista-este-martes-para-protestar-contra-los-cortes-de-edesur\\\/\"]}]},{\"@type\":\"ImageObject\",\"inLanguage\":\"es\",\"@id\":\"https:\\\/\\\/diarioprincipios.com\\\/index.php\\\/2022\\\/01\\\/24\\\/industriales-cortaran-la-autopista-este-martes-para-protestar-contra-los-cortes-de-edesur\\\/#primaryimage\",\"url\":\"https:\\\/\\\/diarioprincipios.com\\\/wp-content\\\/uploads\\\/2022\\\/01\\\/7-A.jpg\",\"contentUrl\":\"https:\\\/\\\/diarioprincipios.com\\\/wp-content\\\/uploads\\\/2022\\\/01\\\/7-A.jpg\",\"width\":1024,\"height\":682},{\"@type\":\"BreadcrumbList\",\"@id\":\"https:\\\/\\\/diarioprincipios.com\\\/index.php\\\/2022\\\/01\\\/24\\\/industriales-cortaran-la-autopista-este-martes-para-protestar-contra-los-cortes-de-edesur\\\/#breadcrumb\",\"itemListElement\":[{\"@type\":\"ListItem\",\"position\":1,\"name\":\"Portada\",\"item\":\"https:\\\/\\\/diarioprincipios.com\\\/\"},{\"@type\":\"ListItem\",\"position\":2,\"name\":\"Industriales cortar\u00e1n la autopista este martes para protestar contra los cortes de Edesur\"}]},{\"@type\":\"WebSite\",\"@id\":\"https:\\\/\\\/diarioprincipios.com\\\/#website\",\"url\":\"https:\\\/\\\/diarioprincipios.com\\\/\",\"name\":\"Principios\",\"description\":\"Principios Diario\",\"publisher\":{\"@id\":\"https:\\\/\\\/diarioprincipios.com\\\/#organization\"},\"potentialAction\":[{\"@type\":\"SearchAction\",\"target\":{\"@type\":\"EntryPoint\",\"urlTemplate\":\"https:\\\/\\\/diarioprincipios.com\\\/?s={search_term_string}\"},\"query-input\":{\"@type\":\"PropertyValueSpecification\",\"valueRequired\":true,\"valueName\":\"search_term_string\"}}],\"inLanguage\":\"es\"},{\"@type\":\"Organization\",\"@id\":\"https:\\\/\\\/diarioprincipios.com\\\/#organization\",\"name\":\"Principios\",\"url\":\"https:\\\/\\\/diarioprincipios.com\\\/\",\"logo\":{\"@type\":\"ImageObject\",\"inLanguage\":\"es\",\"@id\":\"https:\\\/\\\/diarioprincipios.com\\\/#\\\/schema\\\/logo\\\/image\\\/\",\"url\":\"https:\\\/\\\/diarioprincipios.com\\\/wp-content\\\/uploads\\\/2024\\\/04\\\/cropped-www.diarioprincipios.com_-1.png\",\"contentUrl\":\"https:\\\/\\\/diarioprincipios.com\\\/wp-content\\\/uploads\\\/2024\\\/04\\\/cropped-www.diarioprincipios.com_-1.png\",\"width\":5325,\"height\":1454,\"caption\":\"Principios\"},\"image\":{\"@id\":\"https:\\\/\\\/diarioprincipios.com\\\/#\\\/schema\\\/logo\\\/image\\\/\"}},{\"@type\":\"Person\",\"@id\":\"https:\\\/\\\/diarioprincipios.com\\\/#\\\/schema\\\/person\\\/436d5a1fd41a5e250e23ff5a6a7cb080\",\"name\":\"Hern\u00e1n L\u00f3pez\",\"image\":{\"@type\":\"ImageObject\",\"inLanguage\":\"es\",\"@id\":\"https:\\\/\\\/diarioprincipios.com\\\/wp-content\\\/litespeed\\\/avatar\\\/11ddfe5610ff3bd100522525b2571f48.jpg?ver=1777653193\",\"url\":\"https:\\\/\\\/diarioprincipios.com\\\/wp-content\\\/litespeed\\\/avatar\\\/11ddfe5610ff3bd100522525b2571f48.jpg?ver=1777653193\",\"contentUrl\":\"https:\\\/\\\/diarioprincipios.com\\\/wp-content\\\/litespeed\\\/avatar\\\/11ddfe5610ff3bd100522525b2571f48.jpg?ver=1777653193\",\"caption\":\"Hern\u00e1n L\u00f3pez\"},\"url\":\"https:\\\/\\\/diarioprincipios.com\\\/index.php\\\/author\\\/hernan\\\/\"}]}<\/script>\n<!-- \/ Yoast SEO plugin. -->","yoast_head_json":{"title":"Industriales cortar\u00e1n la autopista este martes para protestar contra los cortes de Edesur - Principios","robots":{"index":"index","follow":"follow","max-snippet":"max-snippet:-1","max-image-preview":"max-image-preview:large","max-video-preview":"max-video-preview:-1"},"canonical":"https:\/\/diarioprincipios.com\/index.php\/2022\/01\/24\/industriales-cortaran-la-autopista-este-martes-para-protestar-contra-los-cortes-de-edesur\/","og_locale":"es_ES","og_type":"article","og_title":"Industriales cortar\u00e1n la autopista este martes para protestar contra los cortes de Edesur - Principios","og_description":"El presidente de Industriales Pymes Argentinos, Daniel Rosato, advirti\u00f3 que habr\u00e1 p\u00e9rdidas millonarias debido a la situaci\u00f3n cr\u00edtica por la que atraviesan las f\u00e1bricas bonaerenses por \u00ablos continuos cortes de energ\u00eda el\u00e9ctrica que est\u00e1n afectando la producci\u00f3n\u00bb y ponen en jaque el circuito de abastecimiento.Rosato confirm\u00f3 que \u00abun grupo de empresarios, la CGT regional y...","og_url":"https:\/\/diarioprincipios.com\/index.php\/2022\/01\/24\/industriales-cortaran-la-autopista-este-martes-para-protestar-contra-los-cortes-de-edesur\/","og_site_name":"Principios","article_published_time":"2022-01-25T02:11:12+00:00","article_modified_time":"2022-01-25T02:11:18+00:00","og_image":[{"width":1024,"height":682,"url":"https:\/\/diarioprincipios.com\/wp-content\/uploads\/2022\/01\/7-A.jpg","type":"image\/jpeg"}],"author":"Hern\u00e1n L\u00f3pez","twitter_card":"summary_large_image","twitter_misc":{"Escrito por":"Hern\u00e1n L\u00f3pez","Tiempo de lectura":"2 minutos"},"schema":{"@context":"https:\/\/schema.org","@graph":[{"@type":"Article","@id":"https:\/\/diarioprincipios.com\/index.php\/2022\/01\/24\/industriales-cortaran-la-autopista-este-martes-para-protestar-contra-los-cortes-de-edesur\/#article","isPartOf":{"@id":"https:\/\/diarioprincipios.com\/index.php\/2022\/01\/24\/industriales-cortaran-la-autopista-este-martes-para-protestar-contra-los-cortes-de-edesur\/"},"author":{"name":"Hern\u00e1n L\u00f3pez","@id":"https:\/\/diarioprincipios.com\/#\/schema\/person\/436d5a1fd41a5e250e23ff5a6a7cb080"},"headline":"Industriales cortar\u00e1n la autopista este martes para protestar contra los cortes de Edesur","datePublished":"2022-01-25T02:11:12+00:00","dateModified":"2022-01-25T02:11:18+00:00","mainEntityOfPage":{"@id":"https:\/\/diarioprincipios.com\/index.php\/2022\/01\/24\/industriales-cortaran-la-autopista-este-martes-para-protestar-contra-los-cortes-de-edesur\/"},"wordCount":279,"commentCount":0,"publisher":{"@id":"https:\/\/diarioprincipios.com\/#organization"},"image":{"@id":"https:\/\/diarioprincipios.com\/index.php\/2022\/01\/24\/industriales-cortaran-la-autopista-este-martes-para-protestar-contra-los-cortes-de-edesur\/#primaryimage"},"thumbnailUrl":"https:\/\/diarioprincipios.com\/wp-content\/uploads\/2022\/01\/7-A.jpg","articleSection":["Berazategui"],"inLanguage":"es","potentialAction":[{"@type":"CommentAction","name":"Comment","target":["https:\/\/diarioprincipios.com\/index.php\/2022\/01\/24\/industriales-cortaran-la-autopista-este-martes-para-protestar-contra-los-cortes-de-edesur\/#respond"]}]},{"@type":"WebPage","@id":"https:\/\/diarioprincipios.com\/index.php\/2022\/01\/24\/industriales-cortaran-la-autopista-este-martes-para-protestar-contra-los-cortes-de-edesur\/","url":"https:\/\/diarioprincipios.com\/index.php\/2022\/01\/24\/industriales-cortaran-la-autopista-este-martes-para-protestar-contra-los-cortes-de-edesur\/","name":"Industriales cortar\u00e1n la autopista este martes para protestar contra los cortes de Edesur - Principios","isPartOf":{"@id":"https:\/\/diarioprincipios.com\/#website"},"primaryImageOfPage":{"@id":"https:\/\/diarioprincipios.com\/index.php\/2022\/01\/24\/industriales-cortaran-la-autopista-este-martes-para-protestar-contra-los-cortes-de-edesur\/#primaryimage"},"image":{"@id":"https:\/\/diarioprincipios.com\/index.php\/2022\/01\/24\/industriales-cortaran-la-autopista-este-martes-para-protestar-contra-los-cortes-de-edesur\/#primaryimage"},"thumbnailUrl":"https:\/\/diarioprincipios.com\/wp-content\/uploads\/2022\/01\/7-A.jpg","datePublished":"2022-01-25T02:11:12+00:00","dateModified":"2022-01-25T02:11:18+00:00","breadcrumb":{"@id":"https:\/\/diarioprincipios.com\/index.php\/2022\/01\/24\/industriales-cortaran-la-autopista-este-martes-para-protestar-contra-los-cortes-de-edesur\/#breadcrumb"},"inLanguage":"es","potentialAction":[{"@type":"ReadAction","target":["https:\/\/diarioprincipios.com\/index.php\/2022\/01\/24\/industriales-cortaran-la-autopista-este-martes-para-protestar-contra-los-cortes-de-edesur\/"]}]},{"@type":"ImageObject","inLanguage":"es","@id":"https:\/\/diarioprincipios.com\/index.php\/2022\/01\/24\/industriales-cortaran-la-autopista-este-martes-para-protestar-contra-los-cortes-de-edesur\/#primaryimage","url":"https:\/\/diarioprincipios.com\/wp-content\/uploads\/2022\/01\/7-A.jpg","contentUrl":"https:\/\/diarioprincipios.com\/wp-content\/uploads\/2022\/01\/7-A.jpg","width":1024,"height":682},{"@type":"BreadcrumbList","@id":"https:\/\/diarioprincipios.com\/index.php\/2022\/01\/24\/industriales-cortaran-la-autopista-este-martes-para-protestar-contra-los-cortes-de-edesur\/#breadcrumb","itemListElement":[{"@type":"ListItem","position":1,"name":"Portada","item":"https:\/\/diarioprincipios.com\/"},{"@type":"ListItem","position":2,"name":"Industriales cortar\u00e1n la autopista este martes para protestar contra los cortes de Edesur"}]},{"@type":"WebSite","@id":"https:\/\/diarioprincipios.com\/#website","url":"https:\/\/diarioprincipios.com\/","name":"Principios","description":"Principios Diario","publisher":{"@id":"https:\/\/diarioprincipios.com\/#organization"},"potentialAction":[{"@type":"SearchAction","target":{"@type":"EntryPoint","urlTemplate":"https:\/\/diarioprincipios.com\/?s={search_term_string}"},"query-input":{"@type":"PropertyValueSpecification","valueRequired":true,"valueName":"search_term_string"}}],"inLanguage":"es"},{"@type":"Organization","@id":"https:\/\/diarioprincipios.com\/#organization","name":"Principios","url":"https:\/\/diarioprincipios.com\/","logo":{"@type":"ImageObject","inLanguage":"es","@id":"https:\/\/diarioprincipios.com\/#\/schema\/logo\/image\/","url":"https:\/\/diarioprincipios.com\/wp-content\/uploads\/2024\/04\/cropped-www.diarioprincipios.com_-1.png","contentUrl":"https:\/\/diarioprincipios.com\/wp-content\/uploads\/2024\/04\/cropped-www.diarioprincipios.com_-1.png","width":5325,"height":1454,"caption":"Principios"},"image":{"@id":"https:\/\/diarioprincipios.com\/#\/schema\/logo\/image\/"}},{"@type":"Person","@id":"https:\/\/diarioprincipios.com\/#\/schema\/person\/436d5a1fd41a5e250e23ff5a6a7cb080","name":"Hern\u00e1n L\u00f3pez","image":{"@type":"ImageObject","inLanguage":"es","@id":"https:\/\/diarioprincipios.com\/wp-content\/litespeed\/avatar\/11ddfe5610ff3bd100522525b2571f48.jpg?ver=1777653193","url":"https:\/\/diarioprincipios.com\/wp-content\/litespeed\/avatar\/11ddfe5610ff3bd100522525b2571f48.jpg?ver=1777653193","contentUrl":"https:\/\/diarioprincipios.com\/wp-content\/litespeed\/avatar\/11ddfe5610ff3bd100522525b2571f48.jpg?ver=1777653193","caption":"Hern\u00e1n L\u00f3pez"},"url":"https:\/\/diarioprincipios.com\/index.php\/author\/hernan\/"}]}},"jetpack_featured_media_url":"https:\/\/diarioprincipios.com\/wp-content\/uploads\/2022\/01\/7-A.jpg","_links":{"self":[{"href":"https:\/\/diarioprincipios.com\/index.php\/wp-json\/wp\/v2\/posts\/12434","targetHints":{"allow":["GET"]}}],"collection":[{"href":"https:\/\/diarioprincipios.com\/index.php\/wp-json\/wp\/v2\/posts"}],"about":[{"href":"https:\/\/diarioprincipios.com\/index.php\/wp-json\/wp\/v2\/types\/post"}],"author":[{"embeddable":true,"href":"https:\/\/diarioprincipios.com\/index.php\/wp-json\/wp\/v2\/users\/2"}],"replies":[{"embeddable":true,"href":"https:\/\/diarioprincipios.com\/index.php\/wp-json\/wp\/v2\/comments?post=12434"}],"version-history":[{"count":1,"href":"https:\/\/diarioprincipios.com\/index.php\/wp-json\/wp\/v2\/posts\/12434\/revisions"}],"predecessor-version":[{"id":12436,"href":"https:\/\/diarioprincipios.com\/index.php\/wp-json\/wp\/v2\/posts\/12434\/revisions\/12436"}],"wp:featuredmedia":[{"embeddable":true,"href":"https:\/\/diarioprincipios.com\/index.php\/wp-json\/wp\/v2\/media\/12435"}],"wp:attachment":[{"href":"https:\/\/diarioprincipios.com\/index.php\/wp-json\/wp\/v2\/media?parent=12434"}],"wp:term":[{"taxonomy":"category","embeddable":true,"href":"https:\/\/diarioprincipios.com\/index.php\/wp-json\/wp\/v2\/categories?post=12434"},{"taxonomy":"post_tag","embeddable":true,"href":"https:\/\/diarioprincipios.com\/index.php\/wp-json\/wp\/v2\/tags?post=12434"}],"curies":[{"name":"wp","href":"https:\/\/api.w.org\/{rel}","templated":true}]}}