{"id":1243,"date":"2020-05-06T15:03:58","date_gmt":"2020-05-06T15:03:58","guid":{"rendered":"http:\/\/diarioprincipios.com\/?p=1243"},"modified":"2020-05-06T15:04:00","modified_gmt":"2020-05-06T15:04:00","slug":"ferraresi-firmo-un-convenio-para-recibir-un-fondo-especial-de-emergencias-en-violencias-por-razones-de-genero","status":"publish","type":"post","link":"https:\/\/diarioprincipios.com\/index.php\/2020\/05\/06\/ferraresi-firmo-un-convenio-para-recibir-un-fondo-especial-de-emergencias-en-violencias-por-razones-de-genero\/","title":{"rendered":"Ferraresi firm\u00f3 un convenio para recibir un Fondo Especial de Emergencias en Violencias por Razones de G\u00e9nero"},"content":{"rendered":"\n<p>El jefe comunal junto a la titular del Observatorio Social de Pol\u00edticas P\u00fablicas de Avellaneda y diputada Nacional, Magdalena Sierra firmaron convenio con el Ministerio de las Mujeres, Pol\u00edticas de G\u00e9nero y Diversidad Sexual de la Provincia de Buenos Aires.<\/p>\n\n\n\n<p>El intendente de Avellaneda, Jorge Ferraresi recibi\u00f3 a Estela D\u00edaz,&nbsp;Ministra de las Mujeres, Pol\u00edticas de G\u00e9nero y Diversidad Sexual&nbsp;bonaerense para firmar el convenio destinado al Fondo Especial de Emergencias en Violencias por Razones de G\u00e9nero.<\/p>\n\n\n\n<p>Este fondo permite asignar recursos a las organizaciones de la sociedad civil y\/o municipios, para atender gastos que reclamen la asistencia inmediata y\/o acompa\u00f1amiento de situaciones de extrema gravedad. De esta manera, se busca fortalecer la intervenci\u00f3n de los diferentes actores que articulan dispositivos de asistencia y atenci\u00f3n a nivel local.<\/p>\n\n\n\n<p>El Fondo se implementar\u00e1 desde la Subsecretar\u00eda de Politicas contra las Violencias por Razones de G\u00e9nero, y promover\u00e1 el trabajo articulado con las mesas locales intersectoriales para su implementaci\u00f3n.<\/p>\n\n\n\n<p>Este Decreto permite crear un instrumento para hacer frente a situaciones que reclamen la asistencia inmediata y el acompa\u00f1amiento ante casos cr\u00edticos de extrema gravedad vinculados a violencia de g\u00e9nero.<\/p>\n","protected":false},"excerpt":{"rendered":"<p>El jefe comunal junto a la titular del Observatorio Social de Pol\u00edticas P\u00fablicas de Avellaneda y diputada Nacional, Magdalena Sierra firmaron convenio con el Ministerio de las Mujeres, Pol\u00edticas de G\u00e9nero y Diversidad Sexual de la Provincia de Buenos Aires. El intendente de Avellaneda, Jorge Ferraresi recibi\u00f3 a Estela D\u00edaz,&nbsp;Ministra de las Mujeres, Pol\u00edticas de&#8230;<\/p>\n","protected":false},"author":2,"featured_media":1244,"comment_status":"open","ping_status":"open","sticky":false,"template":"","format":"standard","meta":{"footnotes":""},"categories":[5],"tags":[],"class_list":["post-1243","post","type-post","status-publish","format-standard","has-post-thumbnail","hentry","category-avellaneda"],"featured_image_src":"https:\/\/diarioprincipios.com\/wp-content\/uploads\/2020\/05\/EXQuvnrWAAAZ2F4.jpg","blog_images":{"medium":"https:\/\/diarioprincipios.com\/wp-content\/uploads\/2020\/05\/EXQuvnrWAAAZ2F4-300x157.jpg","large":"https:\/\/diarioprincipios.com\/wp-content\/uploads\/2020\/05\/EXQuvnrWAAAZ2F4.jpg"},"ams_acf":[],"yoast_head":"<!-- This site is optimized with the Yoast SEO plugin v27.3 - https:\/\/yoast.com\/product\/yoast-seo-wordpress\/ -->\n<title>Ferraresi firm\u00f3 un convenio para recibir un Fondo Especial de Emergencias en Violencias por Razones de G\u00e9nero - Principios<\/title>\n<meta name=\"robots\" content=\"index, follow, max-snippet:-1, max-image-preview:large, max-video-preview:-1\" \/>\n<link rel=\"canonical\" href=\"https:\/\/diarioprincipios.com\/index.php\/2020\/05\/06\/ferraresi-firmo-un-convenio-para-recibir-un-fondo-especial-de-emergencias-en-violencias-por-razones-de-genero\/\" \/>\n<meta property=\"og:locale\" content=\"es_ES\" \/>\n<meta property=\"og:type\" content=\"article\" \/>\n<meta property=\"og:title\" content=\"Ferraresi firm\u00f3 un convenio para recibir un Fondo Especial de Emergencias en Violencias por Razones de G\u00e9nero - Principios\" \/>\n<meta property=\"og:description\" content=\"El jefe comunal junto a la titular del Observatorio Social de Pol\u00edticas P\u00fablicas de Avellaneda y diputada Nacional, Magdalena Sierra firmaron convenio con el Ministerio de las Mujeres, Pol\u00edticas de G\u00e9nero y Diversidad Sexual de la Provincia de Buenos Aires. El intendente de Avellaneda, Jorge Ferraresi recibi\u00f3 a Estela D\u00edaz,&nbsp;Ministra de las Mujeres, Pol\u00edticas de...\" \/>\n<meta property=\"og:url\" content=\"https:\/\/diarioprincipios.com\/index.php\/2020\/05\/06\/ferraresi-firmo-un-convenio-para-recibir-un-fondo-especial-de-emergencias-en-violencias-por-razones-de-genero\/\" \/>\n<meta property=\"og:site_name\" content=\"Principios\" \/>\n<meta property=\"article:published_time\" content=\"2020-05-06T15:03:58+00:00\" \/>\n<meta property=\"article:modified_time\" content=\"2020-05-06T15:04:00+00:00\" \/>\n<meta property=\"og:image\" content=\"https:\/\/diarioprincipios.com\/wp-content\/uploads\/2020\/05\/EXQuvnrWAAAZ2F4.jpg\" \/>\n\t<meta property=\"og:image:width\" content=\"679\" \/>\n\t<meta property=\"og:image:height\" content=\"356\" \/>\n\t<meta property=\"og:image:type\" content=\"image\/jpeg\" \/>\n<meta name=\"author\" content=\"Hern\u00e1n L\u00f3pez\" \/>\n<meta name=\"twitter:card\" content=\"summary_large_image\" \/>\n<meta name=\"twitter:label1\" content=\"Escrito por\" \/>\n\t<meta name=\"twitter:data1\" content=\"Hern\u00e1n L\u00f3pez\" \/>\n\t<meta name=\"twitter:label2\" content=\"Tiempo de lectura\" \/>\n\t<meta name=\"twitter:data2\" content=\"1 minuto\" \/>\n<script type=\"application\/ld+json\" class=\"yoast-schema-graph\">{\"@context\":\"https:\\\/\\\/schema.org\",\"@graph\":[{\"@type\":\"Article\",\"@id\":\"https:\\\/\\\/diarioprincipios.com\\\/index.php\\\/2020\\\/05\\\/06\\\/ferraresi-firmo-un-convenio-para-recibir-un-fondo-especial-de-emergencias-en-violencias-por-razones-de-genero\\\/#article\",\"isPartOf\":{\"@id\":\"https:\\\/\\\/diarioprincipios.com\\\/index.php\\\/2020\\\/05\\\/06\\\/ferraresi-firmo-un-convenio-para-recibir-un-fondo-especial-de-emergencias-en-violencias-por-razones-de-genero\\\/\"},\"author\":{\"name\":\"Hern\u00e1n L\u00f3pez\",\"@id\":\"https:\\\/\\\/diarioprincipios.com\\\/#\\\/schema\\\/person\\\/436d5a1fd41a5e250e23ff5a6a7cb080\"},\"headline\":\"Ferraresi firm\u00f3 un convenio para recibir un Fondo Especial de Emergencias en Violencias por Razones de G\u00e9nero\",\"datePublished\":\"2020-05-06T15:03:58+00:00\",\"dateModified\":\"2020-05-06T15:04:00+00:00\",\"mainEntityOfPage\":{\"@id\":\"https:\\\/\\\/diarioprincipios.com\\\/index.php\\\/2020\\\/05\\\/06\\\/ferraresi-firmo-un-convenio-para-recibir-un-fondo-especial-de-emergencias-en-violencias-por-razones-de-genero\\\/\"},\"wordCount\":226,\"commentCount\":0,\"publisher\":{\"@id\":\"https:\\\/\\\/diarioprincipios.com\\\/#organization\"},\"image\":{\"@id\":\"https:\\\/\\\/diarioprincipios.com\\\/index.php\\\/2020\\\/05\\\/06\\\/ferraresi-firmo-un-convenio-para-recibir-un-fondo-especial-de-emergencias-en-violencias-por-razones-de-genero\\\/#primaryimage\"},\"thumbnailUrl\":\"https:\\\/\\\/diarioprincipios.com\\\/wp-content\\\/uploads\\\/2020\\\/05\\\/EXQuvnrWAAAZ2F4.jpg\",\"articleSection\":[\"Avellaneda\"],\"inLanguage\":\"es\",\"potentialAction\":[{\"@type\":\"CommentAction\",\"name\":\"Comment\",\"target\":[\"https:\\\/\\\/diarioprincipios.com\\\/index.php\\\/2020\\\/05\\\/06\\\/ferraresi-firmo-un-convenio-para-recibir-un-fondo-especial-de-emergencias-en-violencias-por-razones-de-genero\\\/#respond\"]}]},{\"@type\":\"WebPage\",\"@id\":\"https:\\\/\\\/diarioprincipios.com\\\/index.php\\\/2020\\\/05\\\/06\\\/ferraresi-firmo-un-convenio-para-recibir-un-fondo-especial-de-emergencias-en-violencias-por-razones-de-genero\\\/\",\"url\":\"https:\\\/\\\/diarioprincipios.com\\\/index.php\\\/2020\\\/05\\\/06\\\/ferraresi-firmo-un-convenio-para-recibir-un-fondo-especial-de-emergencias-en-violencias-por-razones-de-genero\\\/\",\"name\":\"Ferraresi firm\u00f3 un convenio para recibir un Fondo Especial de Emergencias en Violencias por Razones de G\u00e9nero - Principios\",\"isPartOf\":{\"@id\":\"https:\\\/\\\/diarioprincipios.com\\\/#website\"},\"primaryImageOfPage\":{\"@id\":\"https:\\\/\\\/diarioprincipios.com\\\/index.php\\\/2020\\\/05\\\/06\\\/ferraresi-firmo-un-convenio-para-recibir-un-fondo-especial-de-emergencias-en-violencias-por-razones-de-genero\\\/#primaryimage\"},\"image\":{\"@id\":\"https:\\\/\\\/diarioprincipios.com\\\/index.php\\\/2020\\\/05\\\/06\\\/ferraresi-firmo-un-convenio-para-recibir-un-fondo-especial-de-emergencias-en-violencias-por-razones-de-genero\\\/#primaryimage\"},\"thumbnailUrl\":\"https:\\\/\\\/diarioprincipios.com\\\/wp-content\\\/uploads\\\/2020\\\/05\\\/EXQuvnrWAAAZ2F4.jpg\",\"datePublished\":\"2020-05-06T15:03:58+00:00\",\"dateModified\":\"2020-05-06T15:04:00+00:00\",\"breadcrumb\":{\"@id\":\"https:\\\/\\\/diarioprincipios.com\\\/index.php\\\/2020\\\/05\\\/06\\\/ferraresi-firmo-un-convenio-para-recibir-un-fondo-especial-de-emergencias-en-violencias-por-razones-de-genero\\\/#breadcrumb\"},\"inLanguage\":\"es\",\"potentialAction\":[{\"@type\":\"ReadAction\",\"target\":[\"https:\\\/\\\/diarioprincipios.com\\\/index.php\\\/2020\\\/05\\\/06\\\/ferraresi-firmo-un-convenio-para-recibir-un-fondo-especial-de-emergencias-en-violencias-por-razones-de-genero\\\/\"]}]},{\"@type\":\"ImageObject\",\"inLanguage\":\"es\",\"@id\":\"https:\\\/\\\/diarioprincipios.com\\\/index.php\\\/2020\\\/05\\\/06\\\/ferraresi-firmo-un-convenio-para-recibir-un-fondo-especial-de-emergencias-en-violencias-por-razones-de-genero\\\/#primaryimage\",\"url\":\"https:\\\/\\\/diarioprincipios.com\\\/wp-content\\\/uploads\\\/2020\\\/05\\\/EXQuvnrWAAAZ2F4.jpg\",\"contentUrl\":\"https:\\\/\\\/diarioprincipios.com\\\/wp-content\\\/uploads\\\/2020\\\/05\\\/EXQuvnrWAAAZ2F4.jpg\",\"width\":679,\"height\":356},{\"@type\":\"BreadcrumbList\",\"@id\":\"https:\\\/\\\/diarioprincipios.com\\\/index.php\\\/2020\\\/05\\\/06\\\/ferraresi-firmo-un-convenio-para-recibir-un-fondo-especial-de-emergencias-en-violencias-por-razones-de-genero\\\/#breadcrumb\",\"itemListElement\":[{\"@type\":\"ListItem\",\"position\":1,\"name\":\"Portada\",\"item\":\"https:\\\/\\\/diarioprincipios.com\\\/\"},{\"@type\":\"ListItem\",\"position\":2,\"name\":\"Ferraresi firm\u00f3 un convenio para recibir un Fondo Especial de Emergencias en Violencias por Razones de G\u00e9nero\"}]},{\"@type\":\"WebSite\",\"@id\":\"https:\\\/\\\/diarioprincipios.com\\\/#website\",\"url\":\"https:\\\/\\\/diarioprincipios.com\\\/\",\"name\":\"Principios\",\"description\":\"Principios Diario\",\"publisher\":{\"@id\":\"https:\\\/\\\/diarioprincipios.com\\\/#organization\"},\"potentialAction\":[{\"@type\":\"SearchAction\",\"target\":{\"@type\":\"EntryPoint\",\"urlTemplate\":\"https:\\\/\\\/diarioprincipios.com\\\/?s={search_term_string}\"},\"query-input\":{\"@type\":\"PropertyValueSpecification\",\"valueRequired\":true,\"valueName\":\"search_term_string\"}}],\"inLanguage\":\"es\"},{\"@type\":\"Organization\",\"@id\":\"https:\\\/\\\/diarioprincipios.com\\\/#organization\",\"name\":\"Principios\",\"url\":\"https:\\\/\\\/diarioprincipios.com\\\/\",\"logo\":{\"@type\":\"ImageObject\",\"inLanguage\":\"es\",\"@id\":\"https:\\\/\\\/diarioprincipios.com\\\/#\\\/schema\\\/logo\\\/image\\\/\",\"url\":\"https:\\\/\\\/diarioprincipios.com\\\/wp-content\\\/uploads\\\/2024\\\/04\\\/cropped-www.diarioprincipios.com_-1.png\",\"contentUrl\":\"https:\\\/\\\/diarioprincipios.com\\\/wp-content\\\/uploads\\\/2024\\\/04\\\/cropped-www.diarioprincipios.com_-1.png\",\"width\":5325,\"height\":1454,\"caption\":\"Principios\"},\"image\":{\"@id\":\"https:\\\/\\\/diarioprincipios.com\\\/#\\\/schema\\\/logo\\\/image\\\/\"}},{\"@type\":\"Person\",\"@id\":\"https:\\\/\\\/diarioprincipios.com\\\/#\\\/schema\\\/person\\\/436d5a1fd41a5e250e23ff5a6a7cb080\",\"name\":\"Hern\u00e1n L\u00f3pez\",\"image\":{\"@type\":\"ImageObject\",\"inLanguage\":\"es\",\"@id\":\"https:\\\/\\\/diarioprincipios.com\\\/wp-content\\\/litespeed\\\/avatar\\\/11ddfe5610ff3bd100522525b2571f48.jpg?ver=1777048341\",\"url\":\"https:\\\/\\\/diarioprincipios.com\\\/wp-content\\\/litespeed\\\/avatar\\\/11ddfe5610ff3bd100522525b2571f48.jpg?ver=1777048341\",\"contentUrl\":\"https:\\\/\\\/diarioprincipios.com\\\/wp-content\\\/litespeed\\\/avatar\\\/11ddfe5610ff3bd100522525b2571f48.jpg?ver=1777048341\",\"caption\":\"Hern\u00e1n L\u00f3pez\"},\"url\":\"https:\\\/\\\/diarioprincipios.com\\\/index.php\\\/author\\\/hernan\\\/\"}]}<\/script>\n<!-- \/ Yoast SEO plugin. -->","yoast_head_json":{"title":"Ferraresi firm\u00f3 un convenio para recibir un Fondo Especial de Emergencias en Violencias por Razones de G\u00e9nero - Principios","robots":{"index":"index","follow":"follow","max-snippet":"max-snippet:-1","max-image-preview":"max-image-preview:large","max-video-preview":"max-video-preview:-1"},"canonical":"https:\/\/diarioprincipios.com\/index.php\/2020\/05\/06\/ferraresi-firmo-un-convenio-para-recibir-un-fondo-especial-de-emergencias-en-violencias-por-razones-de-genero\/","og_locale":"es_ES","og_type":"article","og_title":"Ferraresi firm\u00f3 un convenio para recibir un Fondo Especial de Emergencias en Violencias por Razones de G\u00e9nero - Principios","og_description":"El jefe comunal junto a la titular del Observatorio Social de Pol\u00edticas P\u00fablicas de Avellaneda y diputada Nacional, Magdalena Sierra firmaron convenio con el Ministerio de las Mujeres, Pol\u00edticas de G\u00e9nero y Diversidad Sexual de la Provincia de Buenos Aires. El intendente de Avellaneda, Jorge Ferraresi recibi\u00f3 a Estela D\u00edaz,&nbsp;Ministra de las Mujeres, Pol\u00edticas de...","og_url":"https:\/\/diarioprincipios.com\/index.php\/2020\/05\/06\/ferraresi-firmo-un-convenio-para-recibir-un-fondo-especial-de-emergencias-en-violencias-por-razones-de-genero\/","og_site_name":"Principios","article_published_time":"2020-05-06T15:03:58+00:00","article_modified_time":"2020-05-06T15:04:00+00:00","og_image":[{"width":679,"height":356,"url":"https:\/\/diarioprincipios.com\/wp-content\/uploads\/2020\/05\/EXQuvnrWAAAZ2F4.jpg","type":"image\/jpeg"}],"author":"Hern\u00e1n L\u00f3pez","twitter_card":"summary_large_image","twitter_misc":{"Escrito por":"Hern\u00e1n L\u00f3pez","Tiempo de lectura":"1 minuto"},"schema":{"@context":"https:\/\/schema.org","@graph":[{"@type":"Article","@id":"https:\/\/diarioprincipios.com\/index.php\/2020\/05\/06\/ferraresi-firmo-un-convenio-para-recibir-un-fondo-especial-de-emergencias-en-violencias-por-razones-de-genero\/#article","isPartOf":{"@id":"https:\/\/diarioprincipios.com\/index.php\/2020\/05\/06\/ferraresi-firmo-un-convenio-para-recibir-un-fondo-especial-de-emergencias-en-violencias-por-razones-de-genero\/"},"author":{"name":"Hern\u00e1n L\u00f3pez","@id":"https:\/\/diarioprincipios.com\/#\/schema\/person\/436d5a1fd41a5e250e23ff5a6a7cb080"},"headline":"Ferraresi firm\u00f3 un convenio para recibir un Fondo Especial de Emergencias en Violencias por Razones de G\u00e9nero","datePublished":"2020-05-06T15:03:58+00:00","dateModified":"2020-05-06T15:04:00+00:00","mainEntityOfPage":{"@id":"https:\/\/diarioprincipios.com\/index.php\/2020\/05\/06\/ferraresi-firmo-un-convenio-para-recibir-un-fondo-especial-de-emergencias-en-violencias-por-razones-de-genero\/"},"wordCount":226,"commentCount":0,"publisher":{"@id":"https:\/\/diarioprincipios.com\/#organization"},"image":{"@id":"https:\/\/diarioprincipios.com\/index.php\/2020\/05\/06\/ferraresi-firmo-un-convenio-para-recibir-un-fondo-especial-de-emergencias-en-violencias-por-razones-de-genero\/#primaryimage"},"thumbnailUrl":"https:\/\/diarioprincipios.com\/wp-content\/uploads\/2020\/05\/EXQuvnrWAAAZ2F4.jpg","articleSection":["Avellaneda"],"inLanguage":"es","potentialAction":[{"@type":"CommentAction","name":"Comment","target":["https:\/\/diarioprincipios.com\/index.php\/2020\/05\/06\/ferraresi-firmo-un-convenio-para-recibir-un-fondo-especial-de-emergencias-en-violencias-por-razones-de-genero\/#respond"]}]},{"@type":"WebPage","@id":"https:\/\/diarioprincipios.com\/index.php\/2020\/05\/06\/ferraresi-firmo-un-convenio-para-recibir-un-fondo-especial-de-emergencias-en-violencias-por-razones-de-genero\/","url":"https:\/\/diarioprincipios.com\/index.php\/2020\/05\/06\/ferraresi-firmo-un-convenio-para-recibir-un-fondo-especial-de-emergencias-en-violencias-por-razones-de-genero\/","name":"Ferraresi firm\u00f3 un convenio para recibir un Fondo Especial de Emergencias en Violencias por Razones de G\u00e9nero - Principios","isPartOf":{"@id":"https:\/\/diarioprincipios.com\/#website"},"primaryImageOfPage":{"@id":"https:\/\/diarioprincipios.com\/index.php\/2020\/05\/06\/ferraresi-firmo-un-convenio-para-recibir-un-fondo-especial-de-emergencias-en-violencias-por-razones-de-genero\/#primaryimage"},"image":{"@id":"https:\/\/diarioprincipios.com\/index.php\/2020\/05\/06\/ferraresi-firmo-un-convenio-para-recibir-un-fondo-especial-de-emergencias-en-violencias-por-razones-de-genero\/#primaryimage"},"thumbnailUrl":"https:\/\/diarioprincipios.com\/wp-content\/uploads\/2020\/05\/EXQuvnrWAAAZ2F4.jpg","datePublished":"2020-05-06T15:03:58+00:00","dateModified":"2020-05-06T15:04:00+00:00","breadcrumb":{"@id":"https:\/\/diarioprincipios.com\/index.php\/2020\/05\/06\/ferraresi-firmo-un-convenio-para-recibir-un-fondo-especial-de-emergencias-en-violencias-por-razones-de-genero\/#breadcrumb"},"inLanguage":"es","potentialAction":[{"@type":"ReadAction","target":["https:\/\/diarioprincipios.com\/index.php\/2020\/05\/06\/ferraresi-firmo-un-convenio-para-recibir-un-fondo-especial-de-emergencias-en-violencias-por-razones-de-genero\/"]}]},{"@type":"ImageObject","inLanguage":"es","@id":"https:\/\/diarioprincipios.com\/index.php\/2020\/05\/06\/ferraresi-firmo-un-convenio-para-recibir-un-fondo-especial-de-emergencias-en-violencias-por-razones-de-genero\/#primaryimage","url":"https:\/\/diarioprincipios.com\/wp-content\/uploads\/2020\/05\/EXQuvnrWAAAZ2F4.jpg","contentUrl":"https:\/\/diarioprincipios.com\/wp-content\/uploads\/2020\/05\/EXQuvnrWAAAZ2F4.jpg","width":679,"height":356},{"@type":"BreadcrumbList","@id":"https:\/\/diarioprincipios.com\/index.php\/2020\/05\/06\/ferraresi-firmo-un-convenio-para-recibir-un-fondo-especial-de-emergencias-en-violencias-por-razones-de-genero\/#breadcrumb","itemListElement":[{"@type":"ListItem","position":1,"name":"Portada","item":"https:\/\/diarioprincipios.com\/"},{"@type":"ListItem","position":2,"name":"Ferraresi firm\u00f3 un convenio para recibir un Fondo Especial de Emergencias en Violencias por Razones de G\u00e9nero"}]},{"@type":"WebSite","@id":"https:\/\/diarioprincipios.com\/#website","url":"https:\/\/diarioprincipios.com\/","name":"Principios","description":"Principios Diario","publisher":{"@id":"https:\/\/diarioprincipios.com\/#organization"},"potentialAction":[{"@type":"SearchAction","target":{"@type":"EntryPoint","urlTemplate":"https:\/\/diarioprincipios.com\/?s={search_term_string}"},"query-input":{"@type":"PropertyValueSpecification","valueRequired":true,"valueName":"search_term_string"}}],"inLanguage":"es"},{"@type":"Organization","@id":"https:\/\/diarioprincipios.com\/#organization","name":"Principios","url":"https:\/\/diarioprincipios.com\/","logo":{"@type":"ImageObject","inLanguage":"es","@id":"https:\/\/diarioprincipios.com\/#\/schema\/logo\/image\/","url":"https:\/\/diarioprincipios.com\/wp-content\/uploads\/2024\/04\/cropped-www.diarioprincipios.com_-1.png","contentUrl":"https:\/\/diarioprincipios.com\/wp-content\/uploads\/2024\/04\/cropped-www.diarioprincipios.com_-1.png","width":5325,"height":1454,"caption":"Principios"},"image":{"@id":"https:\/\/diarioprincipios.com\/#\/schema\/logo\/image\/"}},{"@type":"Person","@id":"https:\/\/diarioprincipios.com\/#\/schema\/person\/436d5a1fd41a5e250e23ff5a6a7cb080","name":"Hern\u00e1n L\u00f3pez","image":{"@type":"ImageObject","inLanguage":"es","@id":"https:\/\/diarioprincipios.com\/wp-content\/litespeed\/avatar\/11ddfe5610ff3bd100522525b2571f48.jpg?ver=1777048341","url":"https:\/\/diarioprincipios.com\/wp-content\/litespeed\/avatar\/11ddfe5610ff3bd100522525b2571f48.jpg?ver=1777048341","contentUrl":"https:\/\/diarioprincipios.com\/wp-content\/litespeed\/avatar\/11ddfe5610ff3bd100522525b2571f48.jpg?ver=1777048341","caption":"Hern\u00e1n L\u00f3pez"},"url":"https:\/\/diarioprincipios.com\/index.php\/author\/hernan\/"}]}},"jetpack_featured_media_url":"https:\/\/diarioprincipios.com\/wp-content\/uploads\/2020\/05\/EXQuvnrWAAAZ2F4.jpg","_links":{"self":[{"href":"https:\/\/diarioprincipios.com\/index.php\/wp-json\/wp\/v2\/posts\/1243","targetHints":{"allow":["GET"]}}],"collection":[{"href":"https:\/\/diarioprincipios.com\/index.php\/wp-json\/wp\/v2\/posts"}],"about":[{"href":"https:\/\/diarioprincipios.com\/index.php\/wp-json\/wp\/v2\/types\/post"}],"author":[{"embeddable":true,"href":"https:\/\/diarioprincipios.com\/index.php\/wp-json\/wp\/v2\/users\/2"}],"replies":[{"embeddable":true,"href":"https:\/\/diarioprincipios.com\/index.php\/wp-json\/wp\/v2\/comments?post=1243"}],"version-history":[{"count":1,"href":"https:\/\/diarioprincipios.com\/index.php\/wp-json\/wp\/v2\/posts\/1243\/revisions"}],"predecessor-version":[{"id":1245,"href":"https:\/\/diarioprincipios.com\/index.php\/wp-json\/wp\/v2\/posts\/1243\/revisions\/1245"}],"wp:featuredmedia":[{"embeddable":true,"href":"https:\/\/diarioprincipios.com\/index.php\/wp-json\/wp\/v2\/media\/1244"}],"wp:attachment":[{"href":"https:\/\/diarioprincipios.com\/index.php\/wp-json\/wp\/v2\/media?parent=1243"}],"wp:term":[{"taxonomy":"category","embeddable":true,"href":"https:\/\/diarioprincipios.com\/index.php\/wp-json\/wp\/v2\/categories?post=1243"},{"taxonomy":"post_tag","embeddable":true,"href":"https:\/\/diarioprincipios.com\/index.php\/wp-json\/wp\/v2\/tags?post=1243"}],"curies":[{"name":"wp","href":"https:\/\/api.w.org\/{rel}","templated":true}]}}