{"id":12412,"date":"2022-01-18T19:35:14","date_gmt":"2022-01-18T22:35:14","guid":{"rendered":"http:\/\/diarioprincipios.com\/?p=12412"},"modified":"2022-01-18T19:35:23","modified_gmt":"2022-01-18T22:35:23","slug":"avanza-la-construccion-del-centro-civico-cultural-y-recreativo-de-gutierrez","status":"publish","type":"post","link":"https:\/\/diarioprincipios.com\/index.php\/2022\/01\/18\/avanza-la-construccion-del-centro-civico-cultural-y-recreativo-de-gutierrez\/","title":{"rendered":"Avanza la Construcci\u00f3n del Centro C\u00edvico, Cultural y Recreativo de Gutierrez"},"content":{"rendered":"\n<p><strong>La Municipalidad de Berazategui \u2013a cargo del intendente Juan Jos\u00e9 Mussi\u2013 contin\u00faa con los trabajos de construcci\u00f3n y revalorizaci\u00f3n sobre Camino Real, entre las calles 412 y 418. Con el objetivo de favorecer el crecimiento de la localidad, el proyecto incluye la refuncionalizaci\u00f3n del Vel\u00f3dromo Argentino R\u00edos, la construcci\u00f3n de un Centro C\u00edvico Cultural y la puesta en valor de la Plaza Carlos San Mart\u00edn. Es financiado por el Gobierno de la Naci\u00f3n \u2013a trav\u00e9s del Plan Argentina Hace\u2013 con un plazo de obra total de 10 meses.<\/strong><\/p>\n\n\n\n<p>\u201cLos trabajos se iniciaron hace aproximadamente 2 meses. La obra comprende la construcci\u00f3n del Centro C\u00edvico: un sector de 800 metros cuadrados que tendr\u00e1 un \u00e1rea administrativa; una Delegaci\u00f3n Municipal; Registro Civil; un Sal\u00f3n de Usos M\u00faltiples (SUM), donde se realizar\u00e1n actividades complementarias del sector administrativo y cultural; y 3 aulas donde se dictar\u00e1n cursos de la Secretar\u00eda de Cultura y Educaci\u00f3n\u201d, inform\u00f3 Alejandro Qui\u00f1ones, arquitecto de la Secretar\u00eda de Obras P\u00fablicas de la Municipalidad de Berazategui.<\/p>\n\n\n\n<figure class=\"wp-block-image size-large\"><img loading=\"lazy\" decoding=\"async\" width=\"1024\" height=\"682\" src=\"https:\/\/diarioprincipios.com\/wp-content\/uploads\/2022\/01\/AVANZA-LA-CONSTRUCCION-DEL-CENTRO-CIVICO-CULTURAL-Y-RECREATIVO-DE-GUTIERREZ2-1024x682.jpg\" alt=\"\" class=\"wp-image-12413\" srcset=\"https:\/\/diarioprincipios.com\/wp-content\/uploads\/2022\/01\/AVANZA-LA-CONSTRUCCION-DEL-CENTRO-CIVICO-CULTURAL-Y-RECREATIVO-DE-GUTIERREZ2-1024x682.jpg 1024w, https:\/\/diarioprincipios.com\/wp-content\/uploads\/2022\/01\/AVANZA-LA-CONSTRUCCION-DEL-CENTRO-CIVICO-CULTURAL-Y-RECREATIVO-DE-GUTIERREZ2-300x200.jpg 300w, https:\/\/diarioprincipios.com\/wp-content\/uploads\/2022\/01\/AVANZA-LA-CONSTRUCCION-DEL-CENTRO-CIVICO-CULTURAL-Y-RECREATIVO-DE-GUTIERREZ2-768x512.jpg 768w, https:\/\/diarioprincipios.com\/wp-content\/uploads\/2022\/01\/AVANZA-LA-CONSTRUCCION-DEL-CENTRO-CIVICO-CULTURAL-Y-RECREATIVO-DE-GUTIERREZ2.jpg 1280w\" sizes=\"auto, (max-width: 1024px) 100vw, 1024px\" \/><\/figure>\n\n\n\n<p>Asimismo, sum\u00f3: \u201cTambi\u00e9n se est\u00e1 realizando la refuncionalizaci\u00f3n del Vel\u00f3dromo Argentino R\u00edos, donde la comunidad podr\u00e1 acercarse a hacer actividad f\u00edsica. Habr\u00e1 un sector de patinaje y otro con juegos aer\u00f3bicos, entre otros. Finalmente, la Plaza Carlos San Mart\u00edn (calle 413 y Camino Real) se reconstruir\u00e1: ya est\u00e1n realizados los playones y la obra prosigue con el revestimiento del suelo con pavimento, piso de goma y la instalaci\u00f3n de los juegos. Avanzan los trabajos en los tres sectores al mismo tiempo\u201d.<\/p>\n\n\n\n<figure class=\"wp-block-image size-large\"><img loading=\"lazy\" decoding=\"async\" width=\"1024\" height=\"682\" src=\"https:\/\/diarioprincipios.com\/wp-content\/uploads\/2022\/01\/AVANZA-LA-CONSTRUCCION-DEL-CENTRO-CIVICO-CULTURAL-Y-RECREATIVO-DE-GUTIERREZ-1024x682.jpg\" alt=\"\" class=\"wp-image-12414\" srcset=\"https:\/\/diarioprincipios.com\/wp-content\/uploads\/2022\/01\/AVANZA-LA-CONSTRUCCION-DEL-CENTRO-CIVICO-CULTURAL-Y-RECREATIVO-DE-GUTIERREZ-1024x682.jpg 1024w, https:\/\/diarioprincipios.com\/wp-content\/uploads\/2022\/01\/AVANZA-LA-CONSTRUCCION-DEL-CENTRO-CIVICO-CULTURAL-Y-RECREATIVO-DE-GUTIERREZ-300x200.jpg 300w, https:\/\/diarioprincipios.com\/wp-content\/uploads\/2022\/01\/AVANZA-LA-CONSTRUCCION-DEL-CENTRO-CIVICO-CULTURAL-Y-RECREATIVO-DE-GUTIERREZ-768x512.jpg 768w, https:\/\/diarioprincipios.com\/wp-content\/uploads\/2022\/01\/AVANZA-LA-CONSTRUCCION-DEL-CENTRO-CIVICO-CULTURAL-Y-RECREATIVO-DE-GUTIERREZ.jpg 1280w\" sizes=\"auto, (max-width: 1024px) 100vw, 1024px\" \/><\/figure>\n\n\n\n<p>Para finalizar, destac\u00f3: \u201cEste Centro C\u00edvico, Cultural y Recreativo funcionar\u00e1 en Guti\u00e9rrez por decisi\u00f3n del intendente Juan Jos\u00e9 Mussi, quien eligi\u00f3 este espacio para generar crecimiento y avance. Es una obra necesaria, local y regional. Aspiramos a que a este espacio verde acceda gente de otras zonas de Berazategui. Ya avanzamos hasta la calle &nbsp;418 y, en una segunda etapa, esperamos llegar a Pereyra\u201d.<\/p>\n","protected":false},"excerpt":{"rendered":"<p>La Municipalidad de Berazategui \u2013a cargo del intendente Juan Jos\u00e9 Mussi\u2013 contin\u00faa con los trabajos de construcci\u00f3n y revalorizaci\u00f3n sobre Camino Real, entre las calles 412 y 418. Con el objetivo de favorecer el crecimiento de la localidad, el proyecto incluye la refuncionalizaci\u00f3n del Vel\u00f3dromo Argentino R\u00edos, la construcci\u00f3n de un Centro C\u00edvico Cultural y&#8230;<\/p>\n","protected":false},"author":2,"featured_media":12415,"comment_status":"open","ping_status":"open","sticky":false,"template":"","format":"standard","meta":{"footnotes":""},"categories":[3],"tags":[],"class_list":["post-12412","post","type-post","status-publish","format-standard","has-post-thumbnail","hentry","category-berazategui"],"featured_image_src":"https:\/\/diarioprincipios.com\/wp-content\/uploads\/2022\/01\/AVANZA-LA-CONSTRUCCION-DEL-CENTRO-CIVICO-CULTURAL-Y-RECREATIVO-DE-GUTIERREZ1-1024x682.jpg","blog_images":{"medium":"https:\/\/diarioprincipios.com\/wp-content\/uploads\/2022\/01\/AVANZA-LA-CONSTRUCCION-DEL-CENTRO-CIVICO-CULTURAL-Y-RECREATIVO-DE-GUTIERREZ1-300x200.jpg","large":"https:\/\/diarioprincipios.com\/wp-content\/uploads\/2022\/01\/AVANZA-LA-CONSTRUCCION-DEL-CENTRO-CIVICO-CULTURAL-Y-RECREATIVO-DE-GUTIERREZ1-1024x682.jpg"},"ams_acf":[],"yoast_head":"<!-- This site is optimized with the Yoast SEO plugin v27.3 - https:\/\/yoast.com\/product\/yoast-seo-wordpress\/ -->\n<title>Avanza la Construcci\u00f3n del Centro C\u00edvico, Cultural y Recreativo de Gutierrez - Principios<\/title>\n<meta name=\"robots\" content=\"index, follow, max-snippet:-1, max-image-preview:large, max-video-preview:-1\" \/>\n<link rel=\"canonical\" href=\"https:\/\/diarioprincipios.com\/index.php\/2022\/01\/18\/avanza-la-construccion-del-centro-civico-cultural-y-recreativo-de-gutierrez\/\" \/>\n<meta property=\"og:locale\" content=\"es_ES\" \/>\n<meta property=\"og:type\" content=\"article\" \/>\n<meta property=\"og:title\" content=\"Avanza la Construcci\u00f3n del Centro C\u00edvico, Cultural y Recreativo de Gutierrez - Principios\" \/>\n<meta property=\"og:description\" content=\"La Municipalidad de Berazategui \u2013a cargo del intendente Juan Jos\u00e9 Mussi\u2013 contin\u00faa con los trabajos de construcci\u00f3n y revalorizaci\u00f3n sobre Camino Real, entre las calles 412 y 418. Con el objetivo de favorecer el crecimiento de la localidad, el proyecto incluye la refuncionalizaci\u00f3n del Vel\u00f3dromo Argentino R\u00edos, la construcci\u00f3n de un Centro C\u00edvico Cultural y...\" \/>\n<meta property=\"og:url\" content=\"https:\/\/diarioprincipios.com\/index.php\/2022\/01\/18\/avanza-la-construccion-del-centro-civico-cultural-y-recreativo-de-gutierrez\/\" \/>\n<meta property=\"og:site_name\" content=\"Principios\" \/>\n<meta property=\"article:published_time\" content=\"2022-01-18T22:35:14+00:00\" \/>\n<meta property=\"article:modified_time\" content=\"2022-01-18T22:35:23+00:00\" \/>\n<meta property=\"og:image\" content=\"https:\/\/diarioprincipios.com\/wp-content\/uploads\/2022\/01\/AVANZA-LA-CONSTRUCCION-DEL-CENTRO-CIVICO-CULTURAL-Y-RECREATIVO-DE-GUTIERREZ1.jpg\" \/>\n\t<meta property=\"og:image:width\" content=\"1280\" \/>\n\t<meta property=\"og:image:height\" content=\"853\" \/>\n\t<meta property=\"og:image:type\" content=\"image\/jpeg\" \/>\n<meta name=\"author\" content=\"Hern\u00e1n L\u00f3pez\" \/>\n<meta name=\"twitter:card\" content=\"summary_large_image\" \/>\n<meta name=\"twitter:label1\" content=\"Escrito por\" \/>\n\t<meta name=\"twitter:data1\" content=\"Hern\u00e1n L\u00f3pez\" \/>\n\t<meta name=\"twitter:label2\" content=\"Tiempo de lectura\" \/>\n\t<meta name=\"twitter:data2\" content=\"2 minutos\" \/>\n<script type=\"application\/ld+json\" class=\"yoast-schema-graph\">{\"@context\":\"https:\\\/\\\/schema.org\",\"@graph\":[{\"@type\":\"Article\",\"@id\":\"https:\\\/\\\/diarioprincipios.com\\\/index.php\\\/2022\\\/01\\\/18\\\/avanza-la-construccion-del-centro-civico-cultural-y-recreativo-de-gutierrez\\\/#article\",\"isPartOf\":{\"@id\":\"https:\\\/\\\/diarioprincipios.com\\\/index.php\\\/2022\\\/01\\\/18\\\/avanza-la-construccion-del-centro-civico-cultural-y-recreativo-de-gutierrez\\\/\"},\"author\":{\"name\":\"Hern\u00e1n L\u00f3pez\",\"@id\":\"https:\\\/\\\/diarioprincipios.com\\\/#\\\/schema\\\/person\\\/436d5a1fd41a5e250e23ff5a6a7cb080\"},\"headline\":\"Avanza la Construcci\u00f3n del Centro C\u00edvico, Cultural y Recreativo de Gutierrez\",\"datePublished\":\"2022-01-18T22:35:14+00:00\",\"dateModified\":\"2022-01-18T22:35:23+00:00\",\"mainEntityOfPage\":{\"@id\":\"https:\\\/\\\/diarioprincipios.com\\\/index.php\\\/2022\\\/01\\\/18\\\/avanza-la-construccion-del-centro-civico-cultural-y-recreativo-de-gutierrez\\\/\"},\"wordCount\":351,\"commentCount\":1,\"publisher\":{\"@id\":\"https:\\\/\\\/diarioprincipios.com\\\/#organization\"},\"image\":{\"@id\":\"https:\\\/\\\/diarioprincipios.com\\\/index.php\\\/2022\\\/01\\\/18\\\/avanza-la-construccion-del-centro-civico-cultural-y-recreativo-de-gutierrez\\\/#primaryimage\"},\"thumbnailUrl\":\"https:\\\/\\\/diarioprincipios.com\\\/wp-content\\\/uploads\\\/2022\\\/01\\\/AVANZA-LA-CONSTRUCCION-DEL-CENTRO-CIVICO-CULTURAL-Y-RECREATIVO-DE-GUTIERREZ1.jpg\",\"articleSection\":[\"Berazategui\"],\"inLanguage\":\"es\",\"potentialAction\":[{\"@type\":\"CommentAction\",\"name\":\"Comment\",\"target\":[\"https:\\\/\\\/diarioprincipios.com\\\/index.php\\\/2022\\\/01\\\/18\\\/avanza-la-construccion-del-centro-civico-cultural-y-recreativo-de-gutierrez\\\/#respond\"]}]},{\"@type\":\"WebPage\",\"@id\":\"https:\\\/\\\/diarioprincipios.com\\\/index.php\\\/2022\\\/01\\\/18\\\/avanza-la-construccion-del-centro-civico-cultural-y-recreativo-de-gutierrez\\\/\",\"url\":\"https:\\\/\\\/diarioprincipios.com\\\/index.php\\\/2022\\\/01\\\/18\\\/avanza-la-construccion-del-centro-civico-cultural-y-recreativo-de-gutierrez\\\/\",\"name\":\"Avanza la Construcci\u00f3n del Centro C\u00edvico, Cultural y Recreativo de Gutierrez - Principios\",\"isPartOf\":{\"@id\":\"https:\\\/\\\/diarioprincipios.com\\\/#website\"},\"primaryImageOfPage\":{\"@id\":\"https:\\\/\\\/diarioprincipios.com\\\/index.php\\\/2022\\\/01\\\/18\\\/avanza-la-construccion-del-centro-civico-cultural-y-recreativo-de-gutierrez\\\/#primaryimage\"},\"image\":{\"@id\":\"https:\\\/\\\/diarioprincipios.com\\\/index.php\\\/2022\\\/01\\\/18\\\/avanza-la-construccion-del-centro-civico-cultural-y-recreativo-de-gutierrez\\\/#primaryimage\"},\"thumbnailUrl\":\"https:\\\/\\\/diarioprincipios.com\\\/wp-content\\\/uploads\\\/2022\\\/01\\\/AVANZA-LA-CONSTRUCCION-DEL-CENTRO-CIVICO-CULTURAL-Y-RECREATIVO-DE-GUTIERREZ1.jpg\",\"datePublished\":\"2022-01-18T22:35:14+00:00\",\"dateModified\":\"2022-01-18T22:35:23+00:00\",\"breadcrumb\":{\"@id\":\"https:\\\/\\\/diarioprincipios.com\\\/index.php\\\/2022\\\/01\\\/18\\\/avanza-la-construccion-del-centro-civico-cultural-y-recreativo-de-gutierrez\\\/#breadcrumb\"},\"inLanguage\":\"es\",\"potentialAction\":[{\"@type\":\"ReadAction\",\"target\":[\"https:\\\/\\\/diarioprincipios.com\\\/index.php\\\/2022\\\/01\\\/18\\\/avanza-la-construccion-del-centro-civico-cultural-y-recreativo-de-gutierrez\\\/\"]}]},{\"@type\":\"ImageObject\",\"inLanguage\":\"es\",\"@id\":\"https:\\\/\\\/diarioprincipios.com\\\/index.php\\\/2022\\\/01\\\/18\\\/avanza-la-construccion-del-centro-civico-cultural-y-recreativo-de-gutierrez\\\/#primaryimage\",\"url\":\"https:\\\/\\\/diarioprincipios.com\\\/wp-content\\\/uploads\\\/2022\\\/01\\\/AVANZA-LA-CONSTRUCCION-DEL-CENTRO-CIVICO-CULTURAL-Y-RECREATIVO-DE-GUTIERREZ1.jpg\",\"contentUrl\":\"https:\\\/\\\/diarioprincipios.com\\\/wp-content\\\/uploads\\\/2022\\\/01\\\/AVANZA-LA-CONSTRUCCION-DEL-CENTRO-CIVICO-CULTURAL-Y-RECREATIVO-DE-GUTIERREZ1.jpg\",\"width\":1280,\"height\":853},{\"@type\":\"BreadcrumbList\",\"@id\":\"https:\\\/\\\/diarioprincipios.com\\\/index.php\\\/2022\\\/01\\\/18\\\/avanza-la-construccion-del-centro-civico-cultural-y-recreativo-de-gutierrez\\\/#breadcrumb\",\"itemListElement\":[{\"@type\":\"ListItem\",\"position\":1,\"name\":\"Portada\",\"item\":\"https:\\\/\\\/diarioprincipios.com\\\/\"},{\"@type\":\"ListItem\",\"position\":2,\"name\":\"Avanza la Construcci\u00f3n del Centro C\u00edvico, Cultural y Recreativo de Gutierrez\"}]},{\"@type\":\"WebSite\",\"@id\":\"https:\\\/\\\/diarioprincipios.com\\\/#website\",\"url\":\"https:\\\/\\\/diarioprincipios.com\\\/\",\"name\":\"Principios\",\"description\":\"Principios Diario\",\"publisher\":{\"@id\":\"https:\\\/\\\/diarioprincipios.com\\\/#organization\"},\"potentialAction\":[{\"@type\":\"SearchAction\",\"target\":{\"@type\":\"EntryPoint\",\"urlTemplate\":\"https:\\\/\\\/diarioprincipios.com\\\/?s={search_term_string}\"},\"query-input\":{\"@type\":\"PropertyValueSpecification\",\"valueRequired\":true,\"valueName\":\"search_term_string\"}}],\"inLanguage\":\"es\"},{\"@type\":\"Organization\",\"@id\":\"https:\\\/\\\/diarioprincipios.com\\\/#organization\",\"name\":\"Principios\",\"url\":\"https:\\\/\\\/diarioprincipios.com\\\/\",\"logo\":{\"@type\":\"ImageObject\",\"inLanguage\":\"es\",\"@id\":\"https:\\\/\\\/diarioprincipios.com\\\/#\\\/schema\\\/logo\\\/image\\\/\",\"url\":\"https:\\\/\\\/diarioprincipios.com\\\/wp-content\\\/uploads\\\/2024\\\/04\\\/cropped-www.diarioprincipios.com_-1.png\",\"contentUrl\":\"https:\\\/\\\/diarioprincipios.com\\\/wp-content\\\/uploads\\\/2024\\\/04\\\/cropped-www.diarioprincipios.com_-1.png\",\"width\":5325,\"height\":1454,\"caption\":\"Principios\"},\"image\":{\"@id\":\"https:\\\/\\\/diarioprincipios.com\\\/#\\\/schema\\\/logo\\\/image\\\/\"}},{\"@type\":\"Person\",\"@id\":\"https:\\\/\\\/diarioprincipios.com\\\/#\\\/schema\\\/person\\\/436d5a1fd41a5e250e23ff5a6a7cb080\",\"name\":\"Hern\u00e1n L\u00f3pez\",\"image\":{\"@type\":\"ImageObject\",\"inLanguage\":\"es\",\"@id\":\"https:\\\/\\\/diarioprincipios.com\\\/wp-content\\\/litespeed\\\/avatar\\\/11ddfe5610ff3bd100522525b2571f48.jpg?ver=1777653193\",\"url\":\"https:\\\/\\\/diarioprincipios.com\\\/wp-content\\\/litespeed\\\/avatar\\\/11ddfe5610ff3bd100522525b2571f48.jpg?ver=1777653193\",\"contentUrl\":\"https:\\\/\\\/diarioprincipios.com\\\/wp-content\\\/litespeed\\\/avatar\\\/11ddfe5610ff3bd100522525b2571f48.jpg?ver=1777653193\",\"caption\":\"Hern\u00e1n L\u00f3pez\"},\"url\":\"https:\\\/\\\/diarioprincipios.com\\\/index.php\\\/author\\\/hernan\\\/\"}]}<\/script>\n<!-- \/ Yoast SEO plugin. -->","yoast_head_json":{"title":"Avanza la Construcci\u00f3n del Centro C\u00edvico, Cultural y Recreativo de Gutierrez - Principios","robots":{"index":"index","follow":"follow","max-snippet":"max-snippet:-1","max-image-preview":"max-image-preview:large","max-video-preview":"max-video-preview:-1"},"canonical":"https:\/\/diarioprincipios.com\/index.php\/2022\/01\/18\/avanza-la-construccion-del-centro-civico-cultural-y-recreativo-de-gutierrez\/","og_locale":"es_ES","og_type":"article","og_title":"Avanza la Construcci\u00f3n del Centro C\u00edvico, Cultural y Recreativo de Gutierrez - Principios","og_description":"La Municipalidad de Berazategui \u2013a cargo del intendente Juan Jos\u00e9 Mussi\u2013 contin\u00faa con los trabajos de construcci\u00f3n y revalorizaci\u00f3n sobre Camino Real, entre las calles 412 y 418. Con el objetivo de favorecer el crecimiento de la localidad, el proyecto incluye la refuncionalizaci\u00f3n del Vel\u00f3dromo Argentino R\u00edos, la construcci\u00f3n de un Centro C\u00edvico Cultural y...","og_url":"https:\/\/diarioprincipios.com\/index.php\/2022\/01\/18\/avanza-la-construccion-del-centro-civico-cultural-y-recreativo-de-gutierrez\/","og_site_name":"Principios","article_published_time":"2022-01-18T22:35:14+00:00","article_modified_time":"2022-01-18T22:35:23+00:00","og_image":[{"width":1280,"height":853,"url":"https:\/\/diarioprincipios.com\/wp-content\/uploads\/2022\/01\/AVANZA-LA-CONSTRUCCION-DEL-CENTRO-CIVICO-CULTURAL-Y-RECREATIVO-DE-GUTIERREZ1.jpg","type":"image\/jpeg"}],"author":"Hern\u00e1n L\u00f3pez","twitter_card":"summary_large_image","twitter_misc":{"Escrito por":"Hern\u00e1n L\u00f3pez","Tiempo de lectura":"2 minutos"},"schema":{"@context":"https:\/\/schema.org","@graph":[{"@type":"Article","@id":"https:\/\/diarioprincipios.com\/index.php\/2022\/01\/18\/avanza-la-construccion-del-centro-civico-cultural-y-recreativo-de-gutierrez\/#article","isPartOf":{"@id":"https:\/\/diarioprincipios.com\/index.php\/2022\/01\/18\/avanza-la-construccion-del-centro-civico-cultural-y-recreativo-de-gutierrez\/"},"author":{"name":"Hern\u00e1n L\u00f3pez","@id":"https:\/\/diarioprincipios.com\/#\/schema\/person\/436d5a1fd41a5e250e23ff5a6a7cb080"},"headline":"Avanza la Construcci\u00f3n del Centro C\u00edvico, Cultural y Recreativo de Gutierrez","datePublished":"2022-01-18T22:35:14+00:00","dateModified":"2022-01-18T22:35:23+00:00","mainEntityOfPage":{"@id":"https:\/\/diarioprincipios.com\/index.php\/2022\/01\/18\/avanza-la-construccion-del-centro-civico-cultural-y-recreativo-de-gutierrez\/"},"wordCount":351,"commentCount":1,"publisher":{"@id":"https:\/\/diarioprincipios.com\/#organization"},"image":{"@id":"https:\/\/diarioprincipios.com\/index.php\/2022\/01\/18\/avanza-la-construccion-del-centro-civico-cultural-y-recreativo-de-gutierrez\/#primaryimage"},"thumbnailUrl":"https:\/\/diarioprincipios.com\/wp-content\/uploads\/2022\/01\/AVANZA-LA-CONSTRUCCION-DEL-CENTRO-CIVICO-CULTURAL-Y-RECREATIVO-DE-GUTIERREZ1.jpg","articleSection":["Berazategui"],"inLanguage":"es","potentialAction":[{"@type":"CommentAction","name":"Comment","target":["https:\/\/diarioprincipios.com\/index.php\/2022\/01\/18\/avanza-la-construccion-del-centro-civico-cultural-y-recreativo-de-gutierrez\/#respond"]}]},{"@type":"WebPage","@id":"https:\/\/diarioprincipios.com\/index.php\/2022\/01\/18\/avanza-la-construccion-del-centro-civico-cultural-y-recreativo-de-gutierrez\/","url":"https:\/\/diarioprincipios.com\/index.php\/2022\/01\/18\/avanza-la-construccion-del-centro-civico-cultural-y-recreativo-de-gutierrez\/","name":"Avanza la Construcci\u00f3n del Centro C\u00edvico, Cultural y Recreativo de Gutierrez - Principios","isPartOf":{"@id":"https:\/\/diarioprincipios.com\/#website"},"primaryImageOfPage":{"@id":"https:\/\/diarioprincipios.com\/index.php\/2022\/01\/18\/avanza-la-construccion-del-centro-civico-cultural-y-recreativo-de-gutierrez\/#primaryimage"},"image":{"@id":"https:\/\/diarioprincipios.com\/index.php\/2022\/01\/18\/avanza-la-construccion-del-centro-civico-cultural-y-recreativo-de-gutierrez\/#primaryimage"},"thumbnailUrl":"https:\/\/diarioprincipios.com\/wp-content\/uploads\/2022\/01\/AVANZA-LA-CONSTRUCCION-DEL-CENTRO-CIVICO-CULTURAL-Y-RECREATIVO-DE-GUTIERREZ1.jpg","datePublished":"2022-01-18T22:35:14+00:00","dateModified":"2022-01-18T22:35:23+00:00","breadcrumb":{"@id":"https:\/\/diarioprincipios.com\/index.php\/2022\/01\/18\/avanza-la-construccion-del-centro-civico-cultural-y-recreativo-de-gutierrez\/#breadcrumb"},"inLanguage":"es","potentialAction":[{"@type":"ReadAction","target":["https:\/\/diarioprincipios.com\/index.php\/2022\/01\/18\/avanza-la-construccion-del-centro-civico-cultural-y-recreativo-de-gutierrez\/"]}]},{"@type":"ImageObject","inLanguage":"es","@id":"https:\/\/diarioprincipios.com\/index.php\/2022\/01\/18\/avanza-la-construccion-del-centro-civico-cultural-y-recreativo-de-gutierrez\/#primaryimage","url":"https:\/\/diarioprincipios.com\/wp-content\/uploads\/2022\/01\/AVANZA-LA-CONSTRUCCION-DEL-CENTRO-CIVICO-CULTURAL-Y-RECREATIVO-DE-GUTIERREZ1.jpg","contentUrl":"https:\/\/diarioprincipios.com\/wp-content\/uploads\/2022\/01\/AVANZA-LA-CONSTRUCCION-DEL-CENTRO-CIVICO-CULTURAL-Y-RECREATIVO-DE-GUTIERREZ1.jpg","width":1280,"height":853},{"@type":"BreadcrumbList","@id":"https:\/\/diarioprincipios.com\/index.php\/2022\/01\/18\/avanza-la-construccion-del-centro-civico-cultural-y-recreativo-de-gutierrez\/#breadcrumb","itemListElement":[{"@type":"ListItem","position":1,"name":"Portada","item":"https:\/\/diarioprincipios.com\/"},{"@type":"ListItem","position":2,"name":"Avanza la Construcci\u00f3n del Centro C\u00edvico, Cultural y Recreativo de Gutierrez"}]},{"@type":"WebSite","@id":"https:\/\/diarioprincipios.com\/#website","url":"https:\/\/diarioprincipios.com\/","name":"Principios","description":"Principios Diario","publisher":{"@id":"https:\/\/diarioprincipios.com\/#organization"},"potentialAction":[{"@type":"SearchAction","target":{"@type":"EntryPoint","urlTemplate":"https:\/\/diarioprincipios.com\/?s={search_term_string}"},"query-input":{"@type":"PropertyValueSpecification","valueRequired":true,"valueName":"search_term_string"}}],"inLanguage":"es"},{"@type":"Organization","@id":"https:\/\/diarioprincipios.com\/#organization","name":"Principios","url":"https:\/\/diarioprincipios.com\/","logo":{"@type":"ImageObject","inLanguage":"es","@id":"https:\/\/diarioprincipios.com\/#\/schema\/logo\/image\/","url":"https:\/\/diarioprincipios.com\/wp-content\/uploads\/2024\/04\/cropped-www.diarioprincipios.com_-1.png","contentUrl":"https:\/\/diarioprincipios.com\/wp-content\/uploads\/2024\/04\/cropped-www.diarioprincipios.com_-1.png","width":5325,"height":1454,"caption":"Principios"},"image":{"@id":"https:\/\/diarioprincipios.com\/#\/schema\/logo\/image\/"}},{"@type":"Person","@id":"https:\/\/diarioprincipios.com\/#\/schema\/person\/436d5a1fd41a5e250e23ff5a6a7cb080","name":"Hern\u00e1n L\u00f3pez","image":{"@type":"ImageObject","inLanguage":"es","@id":"https:\/\/diarioprincipios.com\/wp-content\/litespeed\/avatar\/11ddfe5610ff3bd100522525b2571f48.jpg?ver=1777653193","url":"https:\/\/diarioprincipios.com\/wp-content\/litespeed\/avatar\/11ddfe5610ff3bd100522525b2571f48.jpg?ver=1777653193","contentUrl":"https:\/\/diarioprincipios.com\/wp-content\/litespeed\/avatar\/11ddfe5610ff3bd100522525b2571f48.jpg?ver=1777653193","caption":"Hern\u00e1n L\u00f3pez"},"url":"https:\/\/diarioprincipios.com\/index.php\/author\/hernan\/"}]}},"jetpack_featured_media_url":"https:\/\/diarioprincipios.com\/wp-content\/uploads\/2022\/01\/AVANZA-LA-CONSTRUCCION-DEL-CENTRO-CIVICO-CULTURAL-Y-RECREATIVO-DE-GUTIERREZ1.jpg","_links":{"self":[{"href":"https:\/\/diarioprincipios.com\/index.php\/wp-json\/wp\/v2\/posts\/12412","targetHints":{"allow":["GET"]}}],"collection":[{"href":"https:\/\/diarioprincipios.com\/index.php\/wp-json\/wp\/v2\/posts"}],"about":[{"href":"https:\/\/diarioprincipios.com\/index.php\/wp-json\/wp\/v2\/types\/post"}],"author":[{"embeddable":true,"href":"https:\/\/diarioprincipios.com\/index.php\/wp-json\/wp\/v2\/users\/2"}],"replies":[{"embeddable":true,"href":"https:\/\/diarioprincipios.com\/index.php\/wp-json\/wp\/v2\/comments?post=12412"}],"version-history":[{"count":1,"href":"https:\/\/diarioprincipios.com\/index.php\/wp-json\/wp\/v2\/posts\/12412\/revisions"}],"predecessor-version":[{"id":12416,"href":"https:\/\/diarioprincipios.com\/index.php\/wp-json\/wp\/v2\/posts\/12412\/revisions\/12416"}],"wp:featuredmedia":[{"embeddable":true,"href":"https:\/\/diarioprincipios.com\/index.php\/wp-json\/wp\/v2\/media\/12415"}],"wp:attachment":[{"href":"https:\/\/diarioprincipios.com\/index.php\/wp-json\/wp\/v2\/media?parent=12412"}],"wp:term":[{"taxonomy":"category","embeddable":true,"href":"https:\/\/diarioprincipios.com\/index.php\/wp-json\/wp\/v2\/categories?post=12412"},{"taxonomy":"post_tag","embeddable":true,"href":"https:\/\/diarioprincipios.com\/index.php\/wp-json\/wp\/v2\/tags?post=12412"}],"curies":[{"name":"wp","href":"https:\/\/api.w.org\/{rel}","templated":true}]}}