{"id":12408,"date":"2022-01-17T14:27:25","date_gmt":"2022-01-17T17:27:25","guid":{"rendered":"http:\/\/diarioprincipios.com\/?p=12408"},"modified":"2022-01-17T14:30:51","modified_gmt":"2022-01-17T17:30:51","slug":"mussi-pidio-que-se-le-quite-la-concesion-a-edesur","status":"publish","type":"post","link":"https:\/\/diarioprincipios.com\/index.php\/2022\/01\/17\/mussi-pidio-que-se-le-quite-la-concesion-a-edesur\/","title":{"rendered":"Mussi pidi\u00f3 que se le quite la concesi\u00f3n a Edesur"},"content":{"rendered":"\n<p>Juan Jos\u00e9 Mussi, como intendente de Berazategui, comenz\u00f3 a denunciar a Edesur S. A. en 2010, ya que la falta de energ\u00eda el\u00e9ctrica en la Ciudad afecta tambi\u00e9n el suministro de agua, porque dejan de funcionar los pozos. Como la situaci\u00f3n no mejoraba, en diciembre de 2015 la C\u00e1mara Federal de Apelaciones de La Plata orden\u00f3 que, por razones de seguridad y salud, EDESUR debe brindar el servicio en forma ininterrumpida en la ciudad de Berazategui. Pero nada cambi\u00f3. En 2019, el por entonces intendente, Juan Patricio Mussi, denunci\u00f3 nuevamente a la empresa. Y en las primeras semanas de este a\u00f1o, junto con la Defensor\u00eda del Pueblo Bonaerense y otros municipios, el actual intendente, Juan Jos\u00e9 Mussi, volvi\u00f3 a insistir en que se le quite la concesi\u00f3n, ya que contin\u00faa sumando fallas al servicio y no realiza las obras prometidas, que en Berazategui son doblemente graves, porque ante la falta de luz, no hay agua.<\/p>\n","protected":false},"excerpt":{"rendered":"<p>Juan Jos\u00e9 Mussi, como intendente de Berazategui, comenz\u00f3 a denunciar a Edesur S. A. en 2010, ya que la falta de energ\u00eda el\u00e9ctrica en la Ciudad afecta tambi\u00e9n el suministro de agua, porque dejan de funcionar los pozos. Como la situaci\u00f3n no mejoraba, en diciembre de 2015 la C\u00e1mara Federal de Apelaciones de La Plata&#8230;<\/p>\n","protected":false},"author":2,"featured_media":12411,"comment_status":"open","ping_status":"open","sticky":false,"template":"","format":"standard","meta":{"footnotes":""},"categories":[3],"tags":[],"class_list":["post-12408","post","type-post","status-publish","format-standard","has-post-thumbnail","hentry","category-berazategui"],"featured_image_src":"https:\/\/diarioprincipios.com\/wp-content\/uploads\/2022\/01\/Screenshot_20220117-142541_Gallery-1-1024x727.jpg","blog_images":{"medium":"https:\/\/diarioprincipios.com\/wp-content\/uploads\/2022\/01\/Screenshot_20220117-142541_Gallery-1-300x213.jpg","large":"https:\/\/diarioprincipios.com\/wp-content\/uploads\/2022\/01\/Screenshot_20220117-142541_Gallery-1-1024x727.jpg"},"ams_acf":[],"yoast_head":"<!-- This site is optimized with the Yoast SEO plugin v27.3 - https:\/\/yoast.com\/product\/yoast-seo-wordpress\/ -->\n<title>Mussi pidi\u00f3 que se le quite la concesi\u00f3n a Edesur - Principios<\/title>\n<meta name=\"robots\" content=\"index, follow, max-snippet:-1, max-image-preview:large, max-video-preview:-1\" \/>\n<link rel=\"canonical\" href=\"https:\/\/diarioprincipios.com\/index.php\/2022\/01\/17\/mussi-pidio-que-se-le-quite-la-concesion-a-edesur\/\" \/>\n<meta property=\"og:locale\" content=\"es_ES\" \/>\n<meta property=\"og:type\" content=\"article\" \/>\n<meta property=\"og:title\" content=\"Mussi pidi\u00f3 que se le quite la concesi\u00f3n a Edesur - Principios\" \/>\n<meta property=\"og:description\" content=\"Juan Jos\u00e9 Mussi, como intendente de Berazategui, comenz\u00f3 a denunciar a Edesur S. A. en 2010, ya que la falta de energ\u00eda el\u00e9ctrica en la Ciudad afecta tambi\u00e9n el suministro de agua, porque dejan de funcionar los pozos. Como la situaci\u00f3n no mejoraba, en diciembre de 2015 la C\u00e1mara Federal de Apelaciones de La Plata...\" \/>\n<meta property=\"og:url\" content=\"https:\/\/diarioprincipios.com\/index.php\/2022\/01\/17\/mussi-pidio-que-se-le-quite-la-concesion-a-edesur\/\" \/>\n<meta property=\"og:site_name\" content=\"Principios\" \/>\n<meta property=\"article:published_time\" content=\"2022-01-17T17:27:25+00:00\" \/>\n<meta property=\"article:modified_time\" content=\"2022-01-17T17:30:51+00:00\" \/>\n<meta property=\"og:image\" content=\"https:\/\/diarioprincipios.com\/wp-content\/uploads\/2022\/01\/Screenshot_20220117-142541_Gallery-1.jpg\" \/>\n\t<meta property=\"og:image:width\" content=\"1069\" \/>\n\t<meta property=\"og:image:height\" content=\"759\" \/>\n\t<meta property=\"og:image:type\" content=\"image\/jpeg\" \/>\n<meta name=\"author\" content=\"Hern\u00e1n L\u00f3pez\" \/>\n<meta name=\"twitter:card\" content=\"summary_large_image\" \/>\n<meta name=\"twitter:label1\" content=\"Escrito por\" \/>\n\t<meta name=\"twitter:data1\" content=\"Hern\u00e1n L\u00f3pez\" \/>\n\t<meta name=\"twitter:label2\" content=\"Tiempo de lectura\" \/>\n\t<meta name=\"twitter:data2\" content=\"1 minuto\" \/>\n<script type=\"application\/ld+json\" class=\"yoast-schema-graph\">{\"@context\":\"https:\\\/\\\/schema.org\",\"@graph\":[{\"@type\":\"Article\",\"@id\":\"https:\\\/\\\/diarioprincipios.com\\\/index.php\\\/2022\\\/01\\\/17\\\/mussi-pidio-que-se-le-quite-la-concesion-a-edesur\\\/#article\",\"isPartOf\":{\"@id\":\"https:\\\/\\\/diarioprincipios.com\\\/index.php\\\/2022\\\/01\\\/17\\\/mussi-pidio-que-se-le-quite-la-concesion-a-edesur\\\/\"},\"author\":{\"name\":\"Hern\u00e1n L\u00f3pez\",\"@id\":\"https:\\\/\\\/diarioprincipios.com\\\/#\\\/schema\\\/person\\\/436d5a1fd41a5e250e23ff5a6a7cb080\"},\"headline\":\"Mussi pidi\u00f3 que se le quite la concesi\u00f3n a Edesur\",\"datePublished\":\"2022-01-17T17:27:25+00:00\",\"dateModified\":\"2022-01-17T17:30:51+00:00\",\"mainEntityOfPage\":{\"@id\":\"https:\\\/\\\/diarioprincipios.com\\\/index.php\\\/2022\\\/01\\\/17\\\/mussi-pidio-que-se-le-quite-la-concesion-a-edesur\\\/\"},\"wordCount\":172,\"commentCount\":0,\"publisher\":{\"@id\":\"https:\\\/\\\/diarioprincipios.com\\\/#organization\"},\"image\":{\"@id\":\"https:\\\/\\\/diarioprincipios.com\\\/index.php\\\/2022\\\/01\\\/17\\\/mussi-pidio-que-se-le-quite-la-concesion-a-edesur\\\/#primaryimage\"},\"thumbnailUrl\":\"https:\\\/\\\/diarioprincipios.com\\\/wp-content\\\/uploads\\\/2022\\\/01\\\/Screenshot_20220117-142541_Gallery-1.jpg\",\"articleSection\":[\"Berazategui\"],\"inLanguage\":\"es\",\"potentialAction\":[{\"@type\":\"CommentAction\",\"name\":\"Comment\",\"target\":[\"https:\\\/\\\/diarioprincipios.com\\\/index.php\\\/2022\\\/01\\\/17\\\/mussi-pidio-que-se-le-quite-la-concesion-a-edesur\\\/#respond\"]}]},{\"@type\":\"WebPage\",\"@id\":\"https:\\\/\\\/diarioprincipios.com\\\/index.php\\\/2022\\\/01\\\/17\\\/mussi-pidio-que-se-le-quite-la-concesion-a-edesur\\\/\",\"url\":\"https:\\\/\\\/diarioprincipios.com\\\/index.php\\\/2022\\\/01\\\/17\\\/mussi-pidio-que-se-le-quite-la-concesion-a-edesur\\\/\",\"name\":\"Mussi pidi\u00f3 que se le quite la concesi\u00f3n a Edesur - Principios\",\"isPartOf\":{\"@id\":\"https:\\\/\\\/diarioprincipios.com\\\/#website\"},\"primaryImageOfPage\":{\"@id\":\"https:\\\/\\\/diarioprincipios.com\\\/index.php\\\/2022\\\/01\\\/17\\\/mussi-pidio-que-se-le-quite-la-concesion-a-edesur\\\/#primaryimage\"},\"image\":{\"@id\":\"https:\\\/\\\/diarioprincipios.com\\\/index.php\\\/2022\\\/01\\\/17\\\/mussi-pidio-que-se-le-quite-la-concesion-a-edesur\\\/#primaryimage\"},\"thumbnailUrl\":\"https:\\\/\\\/diarioprincipios.com\\\/wp-content\\\/uploads\\\/2022\\\/01\\\/Screenshot_20220117-142541_Gallery-1.jpg\",\"datePublished\":\"2022-01-17T17:27:25+00:00\",\"dateModified\":\"2022-01-17T17:30:51+00:00\",\"breadcrumb\":{\"@id\":\"https:\\\/\\\/diarioprincipios.com\\\/index.php\\\/2022\\\/01\\\/17\\\/mussi-pidio-que-se-le-quite-la-concesion-a-edesur\\\/#breadcrumb\"},\"inLanguage\":\"es\",\"potentialAction\":[{\"@type\":\"ReadAction\",\"target\":[\"https:\\\/\\\/diarioprincipios.com\\\/index.php\\\/2022\\\/01\\\/17\\\/mussi-pidio-que-se-le-quite-la-concesion-a-edesur\\\/\"]}]},{\"@type\":\"ImageObject\",\"inLanguage\":\"es\",\"@id\":\"https:\\\/\\\/diarioprincipios.com\\\/index.php\\\/2022\\\/01\\\/17\\\/mussi-pidio-que-se-le-quite-la-concesion-a-edesur\\\/#primaryimage\",\"url\":\"https:\\\/\\\/diarioprincipios.com\\\/wp-content\\\/uploads\\\/2022\\\/01\\\/Screenshot_20220117-142541_Gallery-1.jpg\",\"contentUrl\":\"https:\\\/\\\/diarioprincipios.com\\\/wp-content\\\/uploads\\\/2022\\\/01\\\/Screenshot_20220117-142541_Gallery-1.jpg\",\"width\":1069,\"height\":759},{\"@type\":\"BreadcrumbList\",\"@id\":\"https:\\\/\\\/diarioprincipios.com\\\/index.php\\\/2022\\\/01\\\/17\\\/mussi-pidio-que-se-le-quite-la-concesion-a-edesur\\\/#breadcrumb\",\"itemListElement\":[{\"@type\":\"ListItem\",\"position\":1,\"name\":\"Portada\",\"item\":\"https:\\\/\\\/diarioprincipios.com\\\/\"},{\"@type\":\"ListItem\",\"position\":2,\"name\":\"Mussi pidi\u00f3 que se le quite la concesi\u00f3n a Edesur\"}]},{\"@type\":\"WebSite\",\"@id\":\"https:\\\/\\\/diarioprincipios.com\\\/#website\",\"url\":\"https:\\\/\\\/diarioprincipios.com\\\/\",\"name\":\"Principios\",\"description\":\"Principios Diario\",\"publisher\":{\"@id\":\"https:\\\/\\\/diarioprincipios.com\\\/#organization\"},\"potentialAction\":[{\"@type\":\"SearchAction\",\"target\":{\"@type\":\"EntryPoint\",\"urlTemplate\":\"https:\\\/\\\/diarioprincipios.com\\\/?s={search_term_string}\"},\"query-input\":{\"@type\":\"PropertyValueSpecification\",\"valueRequired\":true,\"valueName\":\"search_term_string\"}}],\"inLanguage\":\"es\"},{\"@type\":\"Organization\",\"@id\":\"https:\\\/\\\/diarioprincipios.com\\\/#organization\",\"name\":\"Principios\",\"url\":\"https:\\\/\\\/diarioprincipios.com\\\/\",\"logo\":{\"@type\":\"ImageObject\",\"inLanguage\":\"es\",\"@id\":\"https:\\\/\\\/diarioprincipios.com\\\/#\\\/schema\\\/logo\\\/image\\\/\",\"url\":\"https:\\\/\\\/diarioprincipios.com\\\/wp-content\\\/uploads\\\/2024\\\/04\\\/cropped-www.diarioprincipios.com_-1.png\",\"contentUrl\":\"https:\\\/\\\/diarioprincipios.com\\\/wp-content\\\/uploads\\\/2024\\\/04\\\/cropped-www.diarioprincipios.com_-1.png\",\"width\":5325,\"height\":1454,\"caption\":\"Principios\"},\"image\":{\"@id\":\"https:\\\/\\\/diarioprincipios.com\\\/#\\\/schema\\\/logo\\\/image\\\/\"}},{\"@type\":\"Person\",\"@id\":\"https:\\\/\\\/diarioprincipios.com\\\/#\\\/schema\\\/person\\\/436d5a1fd41a5e250e23ff5a6a7cb080\",\"name\":\"Hern\u00e1n L\u00f3pez\",\"image\":{\"@type\":\"ImageObject\",\"inLanguage\":\"es\",\"@id\":\"https:\\\/\\\/diarioprincipios.com\\\/wp-content\\\/litespeed\\\/avatar\\\/11ddfe5610ff3bd100522525b2571f48.jpg?ver=1777653193\",\"url\":\"https:\\\/\\\/diarioprincipios.com\\\/wp-content\\\/litespeed\\\/avatar\\\/11ddfe5610ff3bd100522525b2571f48.jpg?ver=1777653193\",\"contentUrl\":\"https:\\\/\\\/diarioprincipios.com\\\/wp-content\\\/litespeed\\\/avatar\\\/11ddfe5610ff3bd100522525b2571f48.jpg?ver=1777653193\",\"caption\":\"Hern\u00e1n L\u00f3pez\"},\"url\":\"https:\\\/\\\/diarioprincipios.com\\\/index.php\\\/author\\\/hernan\\\/\"}]}<\/script>\n<!-- \/ Yoast SEO plugin. -->","yoast_head_json":{"title":"Mussi pidi\u00f3 que se le quite la concesi\u00f3n a Edesur - Principios","robots":{"index":"index","follow":"follow","max-snippet":"max-snippet:-1","max-image-preview":"max-image-preview:large","max-video-preview":"max-video-preview:-1"},"canonical":"https:\/\/diarioprincipios.com\/index.php\/2022\/01\/17\/mussi-pidio-que-se-le-quite-la-concesion-a-edesur\/","og_locale":"es_ES","og_type":"article","og_title":"Mussi pidi\u00f3 que se le quite la concesi\u00f3n a Edesur - Principios","og_description":"Juan Jos\u00e9 Mussi, como intendente de Berazategui, comenz\u00f3 a denunciar a Edesur S. A. en 2010, ya que la falta de energ\u00eda el\u00e9ctrica en la Ciudad afecta tambi\u00e9n el suministro de agua, porque dejan de funcionar los pozos. Como la situaci\u00f3n no mejoraba, en diciembre de 2015 la C\u00e1mara Federal de Apelaciones de La Plata...","og_url":"https:\/\/diarioprincipios.com\/index.php\/2022\/01\/17\/mussi-pidio-que-se-le-quite-la-concesion-a-edesur\/","og_site_name":"Principios","article_published_time":"2022-01-17T17:27:25+00:00","article_modified_time":"2022-01-17T17:30:51+00:00","og_image":[{"width":1069,"height":759,"url":"https:\/\/diarioprincipios.com\/wp-content\/uploads\/2022\/01\/Screenshot_20220117-142541_Gallery-1.jpg","type":"image\/jpeg"}],"author":"Hern\u00e1n L\u00f3pez","twitter_card":"summary_large_image","twitter_misc":{"Escrito por":"Hern\u00e1n L\u00f3pez","Tiempo de lectura":"1 minuto"},"schema":{"@context":"https:\/\/schema.org","@graph":[{"@type":"Article","@id":"https:\/\/diarioprincipios.com\/index.php\/2022\/01\/17\/mussi-pidio-que-se-le-quite-la-concesion-a-edesur\/#article","isPartOf":{"@id":"https:\/\/diarioprincipios.com\/index.php\/2022\/01\/17\/mussi-pidio-que-se-le-quite-la-concesion-a-edesur\/"},"author":{"name":"Hern\u00e1n L\u00f3pez","@id":"https:\/\/diarioprincipios.com\/#\/schema\/person\/436d5a1fd41a5e250e23ff5a6a7cb080"},"headline":"Mussi pidi\u00f3 que se le quite la concesi\u00f3n a Edesur","datePublished":"2022-01-17T17:27:25+00:00","dateModified":"2022-01-17T17:30:51+00:00","mainEntityOfPage":{"@id":"https:\/\/diarioprincipios.com\/index.php\/2022\/01\/17\/mussi-pidio-que-se-le-quite-la-concesion-a-edesur\/"},"wordCount":172,"commentCount":0,"publisher":{"@id":"https:\/\/diarioprincipios.com\/#organization"},"image":{"@id":"https:\/\/diarioprincipios.com\/index.php\/2022\/01\/17\/mussi-pidio-que-se-le-quite-la-concesion-a-edesur\/#primaryimage"},"thumbnailUrl":"https:\/\/diarioprincipios.com\/wp-content\/uploads\/2022\/01\/Screenshot_20220117-142541_Gallery-1.jpg","articleSection":["Berazategui"],"inLanguage":"es","potentialAction":[{"@type":"CommentAction","name":"Comment","target":["https:\/\/diarioprincipios.com\/index.php\/2022\/01\/17\/mussi-pidio-que-se-le-quite-la-concesion-a-edesur\/#respond"]}]},{"@type":"WebPage","@id":"https:\/\/diarioprincipios.com\/index.php\/2022\/01\/17\/mussi-pidio-que-se-le-quite-la-concesion-a-edesur\/","url":"https:\/\/diarioprincipios.com\/index.php\/2022\/01\/17\/mussi-pidio-que-se-le-quite-la-concesion-a-edesur\/","name":"Mussi pidi\u00f3 que se le quite la concesi\u00f3n a Edesur - Principios","isPartOf":{"@id":"https:\/\/diarioprincipios.com\/#website"},"primaryImageOfPage":{"@id":"https:\/\/diarioprincipios.com\/index.php\/2022\/01\/17\/mussi-pidio-que-se-le-quite-la-concesion-a-edesur\/#primaryimage"},"image":{"@id":"https:\/\/diarioprincipios.com\/index.php\/2022\/01\/17\/mussi-pidio-que-se-le-quite-la-concesion-a-edesur\/#primaryimage"},"thumbnailUrl":"https:\/\/diarioprincipios.com\/wp-content\/uploads\/2022\/01\/Screenshot_20220117-142541_Gallery-1.jpg","datePublished":"2022-01-17T17:27:25+00:00","dateModified":"2022-01-17T17:30:51+00:00","breadcrumb":{"@id":"https:\/\/diarioprincipios.com\/index.php\/2022\/01\/17\/mussi-pidio-que-se-le-quite-la-concesion-a-edesur\/#breadcrumb"},"inLanguage":"es","potentialAction":[{"@type":"ReadAction","target":["https:\/\/diarioprincipios.com\/index.php\/2022\/01\/17\/mussi-pidio-que-se-le-quite-la-concesion-a-edesur\/"]}]},{"@type":"ImageObject","inLanguage":"es","@id":"https:\/\/diarioprincipios.com\/index.php\/2022\/01\/17\/mussi-pidio-que-se-le-quite-la-concesion-a-edesur\/#primaryimage","url":"https:\/\/diarioprincipios.com\/wp-content\/uploads\/2022\/01\/Screenshot_20220117-142541_Gallery-1.jpg","contentUrl":"https:\/\/diarioprincipios.com\/wp-content\/uploads\/2022\/01\/Screenshot_20220117-142541_Gallery-1.jpg","width":1069,"height":759},{"@type":"BreadcrumbList","@id":"https:\/\/diarioprincipios.com\/index.php\/2022\/01\/17\/mussi-pidio-que-se-le-quite-la-concesion-a-edesur\/#breadcrumb","itemListElement":[{"@type":"ListItem","position":1,"name":"Portada","item":"https:\/\/diarioprincipios.com\/"},{"@type":"ListItem","position":2,"name":"Mussi pidi\u00f3 que se le quite la concesi\u00f3n a Edesur"}]},{"@type":"WebSite","@id":"https:\/\/diarioprincipios.com\/#website","url":"https:\/\/diarioprincipios.com\/","name":"Principios","description":"Principios Diario","publisher":{"@id":"https:\/\/diarioprincipios.com\/#organization"},"potentialAction":[{"@type":"SearchAction","target":{"@type":"EntryPoint","urlTemplate":"https:\/\/diarioprincipios.com\/?s={search_term_string}"},"query-input":{"@type":"PropertyValueSpecification","valueRequired":true,"valueName":"search_term_string"}}],"inLanguage":"es"},{"@type":"Organization","@id":"https:\/\/diarioprincipios.com\/#organization","name":"Principios","url":"https:\/\/diarioprincipios.com\/","logo":{"@type":"ImageObject","inLanguage":"es","@id":"https:\/\/diarioprincipios.com\/#\/schema\/logo\/image\/","url":"https:\/\/diarioprincipios.com\/wp-content\/uploads\/2024\/04\/cropped-www.diarioprincipios.com_-1.png","contentUrl":"https:\/\/diarioprincipios.com\/wp-content\/uploads\/2024\/04\/cropped-www.diarioprincipios.com_-1.png","width":5325,"height":1454,"caption":"Principios"},"image":{"@id":"https:\/\/diarioprincipios.com\/#\/schema\/logo\/image\/"}},{"@type":"Person","@id":"https:\/\/diarioprincipios.com\/#\/schema\/person\/436d5a1fd41a5e250e23ff5a6a7cb080","name":"Hern\u00e1n L\u00f3pez","image":{"@type":"ImageObject","inLanguage":"es","@id":"https:\/\/diarioprincipios.com\/wp-content\/litespeed\/avatar\/11ddfe5610ff3bd100522525b2571f48.jpg?ver=1777653193","url":"https:\/\/diarioprincipios.com\/wp-content\/litespeed\/avatar\/11ddfe5610ff3bd100522525b2571f48.jpg?ver=1777653193","contentUrl":"https:\/\/diarioprincipios.com\/wp-content\/litespeed\/avatar\/11ddfe5610ff3bd100522525b2571f48.jpg?ver=1777653193","caption":"Hern\u00e1n L\u00f3pez"},"url":"https:\/\/diarioprincipios.com\/index.php\/author\/hernan\/"}]}},"jetpack_featured_media_url":"https:\/\/diarioprincipios.com\/wp-content\/uploads\/2022\/01\/Screenshot_20220117-142541_Gallery-1.jpg","_links":{"self":[{"href":"https:\/\/diarioprincipios.com\/index.php\/wp-json\/wp\/v2\/posts\/12408","targetHints":{"allow":["GET"]}}],"collection":[{"href":"https:\/\/diarioprincipios.com\/index.php\/wp-json\/wp\/v2\/posts"}],"about":[{"href":"https:\/\/diarioprincipios.com\/index.php\/wp-json\/wp\/v2\/types\/post"}],"author":[{"embeddable":true,"href":"https:\/\/diarioprincipios.com\/index.php\/wp-json\/wp\/v2\/users\/2"}],"replies":[{"embeddable":true,"href":"https:\/\/diarioprincipios.com\/index.php\/wp-json\/wp\/v2\/comments?post=12408"}],"version-history":[{"count":1,"href":"https:\/\/diarioprincipios.com\/index.php\/wp-json\/wp\/v2\/posts\/12408\/revisions"}],"predecessor-version":[{"id":12410,"href":"https:\/\/diarioprincipios.com\/index.php\/wp-json\/wp\/v2\/posts\/12408\/revisions\/12410"}],"wp:featuredmedia":[{"embeddable":true,"href":"https:\/\/diarioprincipios.com\/index.php\/wp-json\/wp\/v2\/media\/12411"}],"wp:attachment":[{"href":"https:\/\/diarioprincipios.com\/index.php\/wp-json\/wp\/v2\/media?parent=12408"}],"wp:term":[{"taxonomy":"category","embeddable":true,"href":"https:\/\/diarioprincipios.com\/index.php\/wp-json\/wp\/v2\/categories?post=12408"},{"taxonomy":"post_tag","embeddable":true,"href":"https:\/\/diarioprincipios.com\/index.php\/wp-json\/wp\/v2\/tags?post=12408"}],"curies":[{"name":"wp","href":"https:\/\/api.w.org\/{rel}","templated":true}]}}