{"id":12405,"date":"2022-01-16T21:41:39","date_gmt":"2022-01-17T00:41:39","guid":{"rendered":"http:\/\/diarioprincipios.com\/?p=12405"},"modified":"2022-01-16T21:41:46","modified_gmt":"2022-01-17T00:41:46","slug":"una-alumna-de-la-primaria-n-12-gano-el-concurso-hey-mozart","status":"publish","type":"post","link":"https:\/\/diarioprincipios.com\/index.php\/2022\/01\/16\/una-alumna-de-la-primaria-n-12-gano-el-concurso-hey-mozart\/","title":{"rendered":"Una alumna de la Primaria N\u00b0 12 gan\u00f3 el Concurso \u00a1Hey Mozart!"},"content":{"rendered":"\n<p><strong>Vida Fern\u00e1ndez Palmeyro tiene 10 a\u00f1os, es berazateguense y estudia en la Escuela Primaria N\u00b0 12 de El Pato (calle 544 y 610). En noviembre de 2020 result\u00f3 ganadora de la categor\u00eda M\u00fasica Sinf\u00f3nica en el Concurso Internacional de Composici\u00f3n Infantil \u00a1Hey Mozart!, en la provincia de Buenos Aires -a trav\u00e9s del Programa de Coros y Orquestas bonaerense, en vinculaci\u00f3n con la Escuela de M\u00fasica de la Secretar\u00eda de Cultura y Educaci\u00f3n de Berazategui- para j\u00f3venes compositores que crean sus melod\u00edas cantadas, escritas o tocadas. Adem\u00e1s, su composici\u00f3n fue interpretada en 2021 por la Orquesta Juvenil Nacional San Mart\u00edn en el Centro Cultural N\u00e9stor Kirchner.<\/strong><br><br>El Concurso de Composici\u00f3n Infantil \u00a1Hey Mozart! es una iniciativa internacional que busca estimular la creatividad y el talento para la composici\u00f3n musical en ni\u00f1os de hasta 12 a\u00f1os de edad con el acompa\u00f1amiento de sus profesores. El Programa de Coros y Orquestas de la provincia de Buenos Aires, impulsado desde la Direcci\u00f3n General de Cultura y Educaci\u00f3n, invit\u00f3 a participar del concurso a diferentes entidades de formaci\u00f3n musical, entre ellas las Orquestas de Berazategui.<\/p>\n\n\n\n<p>Vida present\u00f3 la melod\u00eda que compuso en piano el\u00e9ctrico, \u201cBailarina\u201d. La pieza fue seleccionada y utilizada para la realizaci\u00f3n de un arreglo por parte de la Orquesta Juvenil Nacional San Mart\u00edn. Esta fue finalmente ejecutada en el Centro Cultural N\u00e9stor Kirchner en 2021 -se sum\u00f3 orquestaci\u00f3n a la composici\u00f3n original-.<\/p>\n\n\n\n<p>\u201cEn la Orquesta de El Pato empec\u00e9 tocando la flauta y pude participar del concurso\u201d, expres\u00f3 Vida. Y sum\u00f3: \u201cFui una de los 5 ganadores en la provincia de Buenos Aires. Cuando me enter\u00e9 me sent\u00ed sorprendida y emocionada, no imagin\u00e9 poder ganar. Pude ir a escucharlo y el arreglo orquestal son\u00f3 hermoso. Quiero seguir el camino de la m\u00fasica y dedicarme a ella. Me encant\u00f3 participar y representar a Berazategui\u201d.<\/p>\n\n\n\n<p>Juan Apaolaza, coordinador de la Orquesta de El Pato y docente integrador, coment\u00f3: \u201cTrabajamos arduamente para estimular a ni\u00f1os, ni\u00f1as y adolescentes, acompa\u00f1ar sus trayectorias educativas y formarlos como m\u00fasicos y ciudadanos. Lo hacemos articuladamente -a trav\u00e9s del Programa Provincial de Coros y Orquestas- con la Secretar\u00eda de Cultura y Educaci\u00f3n de la Municipalidad en cada propuesta. Invitamos a todos los ni\u00f1os y adolescentes que cursen sus estudios primarios o secundarios a participar de manera gratuita en las distintas orquestas locales, aprendiendo a tocar un instrumento: la 1\u00b0 de Mayo, El Pato y Hudson, as\u00ed como en su coro\u201d.<\/p>\n\n\n\n<p>Marcela Oviedo, directora de la Escuela de M\u00fasica y coordinadora de los talleres barriales, destac\u00f3: \u201cDesde la Secretar\u00eda de Cultura y Educaci\u00f3n buscamos generar la vinculaci\u00f3n de los y las orquestas del Programa Bonaerense con la Escuela de M\u00fasica municipal. Queremos que los ni\u00f1os, ni\u00f1as y adolescentes conozcan nuevos espacios y cuenten con las herramientas necesarias para seguir form\u00e1ndose como m\u00fasicos. Los invitamos a todos a las Orquestas del Programa y a la Orquesta Escuela Municipal de Berazategui, donde la inscripci\u00f3n est\u00e1 abierta durante todo el a\u00f1o\u201d. Finalmente, asegur\u00f3: \u201cEn este distrito es prioridad la educaci\u00f3n y, como en este caso, la educaci\u00f3n no formal y gratuita en los barrios\u201d.<\/p>\n","protected":false},"excerpt":{"rendered":"<p>Vida Fern\u00e1ndez Palmeyro tiene 10 a\u00f1os, es berazateguense y estudia en la Escuela Primaria N\u00b0 12 de El Pato (calle 544 y 610). En noviembre de 2020 result\u00f3 ganadora de la categor\u00eda M\u00fasica Sinf\u00f3nica en el Concurso Internacional de Composici\u00f3n Infantil \u00a1Hey Mozart!, en la provincia de Buenos Aires -a trav\u00e9s del Programa de Coros&#8230;<\/p>\n","protected":false},"author":2,"featured_media":12406,"comment_status":"open","ping_status":"open","sticky":false,"template":"","format":"standard","meta":{"footnotes":""},"categories":[3],"tags":[],"class_list":["post-12405","post","type-post","status-publish","format-standard","has-post-thumbnail","hentry","category-berazategui"],"featured_image_src":"https:\/\/diarioprincipios.com\/wp-content\/uploads\/2022\/01\/BERAZATEGUI-UNA-ALUMNA-DE-LA-PRIMARIA-N\u00b0-12-GANO-EL-CONCURSO-\u00a1HEY-MOZART-1024x576.jpg","blog_images":{"medium":"https:\/\/diarioprincipios.com\/wp-content\/uploads\/2022\/01\/BERAZATEGUI-UNA-ALUMNA-DE-LA-PRIMARIA-N\u00b0-12-GANO-EL-CONCURSO-\u00a1HEY-MOZART-300x169.jpg","large":"https:\/\/diarioprincipios.com\/wp-content\/uploads\/2022\/01\/BERAZATEGUI-UNA-ALUMNA-DE-LA-PRIMARIA-N\u00b0-12-GANO-EL-CONCURSO-\u00a1HEY-MOZART-1024x576.jpg"},"ams_acf":[],"yoast_head":"<!-- This site is optimized with the Yoast SEO plugin v27.3 - https:\/\/yoast.com\/product\/yoast-seo-wordpress\/ -->\n<title>Una alumna de la Primaria N\u00b0 12 gan\u00f3 el Concurso \u00a1Hey Mozart! - Principios<\/title>\n<meta name=\"robots\" content=\"index, follow, max-snippet:-1, max-image-preview:large, max-video-preview:-1\" \/>\n<link rel=\"canonical\" href=\"https:\/\/diarioprincipios.com\/index.php\/2022\/01\/16\/una-alumna-de-la-primaria-n-12-gano-el-concurso-hey-mozart\/\" \/>\n<meta property=\"og:locale\" content=\"es_ES\" \/>\n<meta property=\"og:type\" content=\"article\" \/>\n<meta property=\"og:title\" content=\"Una alumna de la Primaria N\u00b0 12 gan\u00f3 el Concurso \u00a1Hey Mozart! - Principios\" \/>\n<meta property=\"og:description\" content=\"Vida Fern\u00e1ndez Palmeyro tiene 10 a\u00f1os, es berazateguense y estudia en la Escuela Primaria N\u00b0 12 de El Pato (calle 544 y 610). En noviembre de 2020 result\u00f3 ganadora de la categor\u00eda M\u00fasica Sinf\u00f3nica en el Concurso Internacional de Composici\u00f3n Infantil \u00a1Hey Mozart!, en la provincia de Buenos Aires -a trav\u00e9s del Programa de Coros...\" \/>\n<meta property=\"og:url\" content=\"https:\/\/diarioprincipios.com\/index.php\/2022\/01\/16\/una-alumna-de-la-primaria-n-12-gano-el-concurso-hey-mozart\/\" \/>\n<meta property=\"og:site_name\" content=\"Principios\" \/>\n<meta property=\"article:published_time\" content=\"2022-01-17T00:41:39+00:00\" \/>\n<meta property=\"article:modified_time\" content=\"2022-01-17T00:41:46+00:00\" \/>\n<meta property=\"og:image\" content=\"https:\/\/diarioprincipios.com\/wp-content\/uploads\/2022\/01\/BERAZATEGUI-UNA-ALUMNA-DE-LA-PRIMARIA-N\u00b0-12-GANO-EL-CONCURSO-\u00a1HEY-MOZART.jpg\" \/>\n\t<meta property=\"og:image:width\" content=\"1280\" \/>\n\t<meta property=\"og:image:height\" content=\"720\" \/>\n\t<meta property=\"og:image:type\" content=\"image\/jpeg\" \/>\n<meta name=\"author\" content=\"Hern\u00e1n L\u00f3pez\" \/>\n<meta name=\"twitter:card\" content=\"summary_large_image\" \/>\n<meta name=\"twitter:label1\" content=\"Escrito por\" \/>\n\t<meta name=\"twitter:data1\" content=\"Hern\u00e1n L\u00f3pez\" \/>\n\t<meta name=\"twitter:label2\" content=\"Tiempo de lectura\" \/>\n\t<meta name=\"twitter:data2\" content=\"3 minutos\" \/>\n<script type=\"application\/ld+json\" class=\"yoast-schema-graph\">{\"@context\":\"https:\\\/\\\/schema.org\",\"@graph\":[{\"@type\":\"Article\",\"@id\":\"https:\\\/\\\/diarioprincipios.com\\\/index.php\\\/2022\\\/01\\\/16\\\/una-alumna-de-la-primaria-n-12-gano-el-concurso-hey-mozart\\\/#article\",\"isPartOf\":{\"@id\":\"https:\\\/\\\/diarioprincipios.com\\\/index.php\\\/2022\\\/01\\\/16\\\/una-alumna-de-la-primaria-n-12-gano-el-concurso-hey-mozart\\\/\"},\"author\":{\"name\":\"Hern\u00e1n L\u00f3pez\",\"@id\":\"https:\\\/\\\/diarioprincipios.com\\\/#\\\/schema\\\/person\\\/436d5a1fd41a5e250e23ff5a6a7cb080\"},\"headline\":\"Una alumna de la Primaria N\u00b0 12 gan\u00f3 el Concurso \u00a1Hey Mozart!\",\"datePublished\":\"2022-01-17T00:41:39+00:00\",\"dateModified\":\"2022-01-17T00:41:46+00:00\",\"mainEntityOfPage\":{\"@id\":\"https:\\\/\\\/diarioprincipios.com\\\/index.php\\\/2022\\\/01\\\/16\\\/una-alumna-de-la-primaria-n-12-gano-el-concurso-hey-mozart\\\/\"},\"wordCount\":565,\"commentCount\":0,\"publisher\":{\"@id\":\"https:\\\/\\\/diarioprincipios.com\\\/#organization\"},\"image\":{\"@id\":\"https:\\\/\\\/diarioprincipios.com\\\/index.php\\\/2022\\\/01\\\/16\\\/una-alumna-de-la-primaria-n-12-gano-el-concurso-hey-mozart\\\/#primaryimage\"},\"thumbnailUrl\":\"https:\\\/\\\/diarioprincipios.com\\\/wp-content\\\/uploads\\\/2022\\\/01\\\/BERAZATEGUI-UNA-ALUMNA-DE-LA-PRIMARIA-N\u00b0-12-GANO-EL-CONCURSO-\u00a1HEY-MOZART.jpg\",\"articleSection\":[\"Berazategui\"],\"inLanguage\":\"es\",\"potentialAction\":[{\"@type\":\"CommentAction\",\"name\":\"Comment\",\"target\":[\"https:\\\/\\\/diarioprincipios.com\\\/index.php\\\/2022\\\/01\\\/16\\\/una-alumna-de-la-primaria-n-12-gano-el-concurso-hey-mozart\\\/#respond\"]}]},{\"@type\":\"WebPage\",\"@id\":\"https:\\\/\\\/diarioprincipios.com\\\/index.php\\\/2022\\\/01\\\/16\\\/una-alumna-de-la-primaria-n-12-gano-el-concurso-hey-mozart\\\/\",\"url\":\"https:\\\/\\\/diarioprincipios.com\\\/index.php\\\/2022\\\/01\\\/16\\\/una-alumna-de-la-primaria-n-12-gano-el-concurso-hey-mozart\\\/\",\"name\":\"Una alumna de la Primaria N\u00b0 12 gan\u00f3 el Concurso \u00a1Hey Mozart! - Principios\",\"isPartOf\":{\"@id\":\"https:\\\/\\\/diarioprincipios.com\\\/#website\"},\"primaryImageOfPage\":{\"@id\":\"https:\\\/\\\/diarioprincipios.com\\\/index.php\\\/2022\\\/01\\\/16\\\/una-alumna-de-la-primaria-n-12-gano-el-concurso-hey-mozart\\\/#primaryimage\"},\"image\":{\"@id\":\"https:\\\/\\\/diarioprincipios.com\\\/index.php\\\/2022\\\/01\\\/16\\\/una-alumna-de-la-primaria-n-12-gano-el-concurso-hey-mozart\\\/#primaryimage\"},\"thumbnailUrl\":\"https:\\\/\\\/diarioprincipios.com\\\/wp-content\\\/uploads\\\/2022\\\/01\\\/BERAZATEGUI-UNA-ALUMNA-DE-LA-PRIMARIA-N\u00b0-12-GANO-EL-CONCURSO-\u00a1HEY-MOZART.jpg\",\"datePublished\":\"2022-01-17T00:41:39+00:00\",\"dateModified\":\"2022-01-17T00:41:46+00:00\",\"breadcrumb\":{\"@id\":\"https:\\\/\\\/diarioprincipios.com\\\/index.php\\\/2022\\\/01\\\/16\\\/una-alumna-de-la-primaria-n-12-gano-el-concurso-hey-mozart\\\/#breadcrumb\"},\"inLanguage\":\"es\",\"potentialAction\":[{\"@type\":\"ReadAction\",\"target\":[\"https:\\\/\\\/diarioprincipios.com\\\/index.php\\\/2022\\\/01\\\/16\\\/una-alumna-de-la-primaria-n-12-gano-el-concurso-hey-mozart\\\/\"]}]},{\"@type\":\"ImageObject\",\"inLanguage\":\"es\",\"@id\":\"https:\\\/\\\/diarioprincipios.com\\\/index.php\\\/2022\\\/01\\\/16\\\/una-alumna-de-la-primaria-n-12-gano-el-concurso-hey-mozart\\\/#primaryimage\",\"url\":\"https:\\\/\\\/diarioprincipios.com\\\/wp-content\\\/uploads\\\/2022\\\/01\\\/BERAZATEGUI-UNA-ALUMNA-DE-LA-PRIMARIA-N\u00b0-12-GANO-EL-CONCURSO-\u00a1HEY-MOZART.jpg\",\"contentUrl\":\"https:\\\/\\\/diarioprincipios.com\\\/wp-content\\\/uploads\\\/2022\\\/01\\\/BERAZATEGUI-UNA-ALUMNA-DE-LA-PRIMARIA-N\u00b0-12-GANO-EL-CONCURSO-\u00a1HEY-MOZART.jpg\",\"width\":1280,\"height\":720},{\"@type\":\"BreadcrumbList\",\"@id\":\"https:\\\/\\\/diarioprincipios.com\\\/index.php\\\/2022\\\/01\\\/16\\\/una-alumna-de-la-primaria-n-12-gano-el-concurso-hey-mozart\\\/#breadcrumb\",\"itemListElement\":[{\"@type\":\"ListItem\",\"position\":1,\"name\":\"Portada\",\"item\":\"https:\\\/\\\/diarioprincipios.com\\\/\"},{\"@type\":\"ListItem\",\"position\":2,\"name\":\"Una alumna de la Primaria N\u00b0 12 gan\u00f3 el Concurso \u00a1Hey Mozart!\"}]},{\"@type\":\"WebSite\",\"@id\":\"https:\\\/\\\/diarioprincipios.com\\\/#website\",\"url\":\"https:\\\/\\\/diarioprincipios.com\\\/\",\"name\":\"Principios\",\"description\":\"Principios Diario\",\"publisher\":{\"@id\":\"https:\\\/\\\/diarioprincipios.com\\\/#organization\"},\"potentialAction\":[{\"@type\":\"SearchAction\",\"target\":{\"@type\":\"EntryPoint\",\"urlTemplate\":\"https:\\\/\\\/diarioprincipios.com\\\/?s={search_term_string}\"},\"query-input\":{\"@type\":\"PropertyValueSpecification\",\"valueRequired\":true,\"valueName\":\"search_term_string\"}}],\"inLanguage\":\"es\"},{\"@type\":\"Organization\",\"@id\":\"https:\\\/\\\/diarioprincipios.com\\\/#organization\",\"name\":\"Principios\",\"url\":\"https:\\\/\\\/diarioprincipios.com\\\/\",\"logo\":{\"@type\":\"ImageObject\",\"inLanguage\":\"es\",\"@id\":\"https:\\\/\\\/diarioprincipios.com\\\/#\\\/schema\\\/logo\\\/image\\\/\",\"url\":\"https:\\\/\\\/diarioprincipios.com\\\/wp-content\\\/uploads\\\/2024\\\/04\\\/cropped-www.diarioprincipios.com_-1.png\",\"contentUrl\":\"https:\\\/\\\/diarioprincipios.com\\\/wp-content\\\/uploads\\\/2024\\\/04\\\/cropped-www.diarioprincipios.com_-1.png\",\"width\":5325,\"height\":1454,\"caption\":\"Principios\"},\"image\":{\"@id\":\"https:\\\/\\\/diarioprincipios.com\\\/#\\\/schema\\\/logo\\\/image\\\/\"}},{\"@type\":\"Person\",\"@id\":\"https:\\\/\\\/diarioprincipios.com\\\/#\\\/schema\\\/person\\\/436d5a1fd41a5e250e23ff5a6a7cb080\",\"name\":\"Hern\u00e1n L\u00f3pez\",\"image\":{\"@type\":\"ImageObject\",\"inLanguage\":\"es\",\"@id\":\"https:\\\/\\\/diarioprincipios.com\\\/wp-content\\\/litespeed\\\/avatar\\\/11ddfe5610ff3bd100522525b2571f48.jpg?ver=1777653193\",\"url\":\"https:\\\/\\\/diarioprincipios.com\\\/wp-content\\\/litespeed\\\/avatar\\\/11ddfe5610ff3bd100522525b2571f48.jpg?ver=1777653193\",\"contentUrl\":\"https:\\\/\\\/diarioprincipios.com\\\/wp-content\\\/litespeed\\\/avatar\\\/11ddfe5610ff3bd100522525b2571f48.jpg?ver=1777653193\",\"caption\":\"Hern\u00e1n L\u00f3pez\"},\"url\":\"https:\\\/\\\/diarioprincipios.com\\\/index.php\\\/author\\\/hernan\\\/\"}]}<\/script>\n<!-- \/ Yoast SEO plugin. -->","yoast_head_json":{"title":"Una alumna de la Primaria N\u00b0 12 gan\u00f3 el Concurso \u00a1Hey Mozart! - Principios","robots":{"index":"index","follow":"follow","max-snippet":"max-snippet:-1","max-image-preview":"max-image-preview:large","max-video-preview":"max-video-preview:-1"},"canonical":"https:\/\/diarioprincipios.com\/index.php\/2022\/01\/16\/una-alumna-de-la-primaria-n-12-gano-el-concurso-hey-mozart\/","og_locale":"es_ES","og_type":"article","og_title":"Una alumna de la Primaria N\u00b0 12 gan\u00f3 el Concurso \u00a1Hey Mozart! - Principios","og_description":"Vida Fern\u00e1ndez Palmeyro tiene 10 a\u00f1os, es berazateguense y estudia en la Escuela Primaria N\u00b0 12 de El Pato (calle 544 y 610). En noviembre de 2020 result\u00f3 ganadora de la categor\u00eda M\u00fasica Sinf\u00f3nica en el Concurso Internacional de Composici\u00f3n Infantil \u00a1Hey Mozart!, en la provincia de Buenos Aires -a trav\u00e9s del Programa de Coros...","og_url":"https:\/\/diarioprincipios.com\/index.php\/2022\/01\/16\/una-alumna-de-la-primaria-n-12-gano-el-concurso-hey-mozart\/","og_site_name":"Principios","article_published_time":"2022-01-17T00:41:39+00:00","article_modified_time":"2022-01-17T00:41:46+00:00","og_image":[{"width":1280,"height":720,"url":"https:\/\/diarioprincipios.com\/wp-content\/uploads\/2022\/01\/BERAZATEGUI-UNA-ALUMNA-DE-LA-PRIMARIA-N\u00b0-12-GANO-EL-CONCURSO-\u00a1HEY-MOZART.jpg","type":"image\/jpeg"}],"author":"Hern\u00e1n L\u00f3pez","twitter_card":"summary_large_image","twitter_misc":{"Escrito por":"Hern\u00e1n L\u00f3pez","Tiempo de lectura":"3 minutos"},"schema":{"@context":"https:\/\/schema.org","@graph":[{"@type":"Article","@id":"https:\/\/diarioprincipios.com\/index.php\/2022\/01\/16\/una-alumna-de-la-primaria-n-12-gano-el-concurso-hey-mozart\/#article","isPartOf":{"@id":"https:\/\/diarioprincipios.com\/index.php\/2022\/01\/16\/una-alumna-de-la-primaria-n-12-gano-el-concurso-hey-mozart\/"},"author":{"name":"Hern\u00e1n L\u00f3pez","@id":"https:\/\/diarioprincipios.com\/#\/schema\/person\/436d5a1fd41a5e250e23ff5a6a7cb080"},"headline":"Una alumna de la Primaria N\u00b0 12 gan\u00f3 el Concurso \u00a1Hey Mozart!","datePublished":"2022-01-17T00:41:39+00:00","dateModified":"2022-01-17T00:41:46+00:00","mainEntityOfPage":{"@id":"https:\/\/diarioprincipios.com\/index.php\/2022\/01\/16\/una-alumna-de-la-primaria-n-12-gano-el-concurso-hey-mozart\/"},"wordCount":565,"commentCount":0,"publisher":{"@id":"https:\/\/diarioprincipios.com\/#organization"},"image":{"@id":"https:\/\/diarioprincipios.com\/index.php\/2022\/01\/16\/una-alumna-de-la-primaria-n-12-gano-el-concurso-hey-mozart\/#primaryimage"},"thumbnailUrl":"https:\/\/diarioprincipios.com\/wp-content\/uploads\/2022\/01\/BERAZATEGUI-UNA-ALUMNA-DE-LA-PRIMARIA-N\u00b0-12-GANO-EL-CONCURSO-\u00a1HEY-MOZART.jpg","articleSection":["Berazategui"],"inLanguage":"es","potentialAction":[{"@type":"CommentAction","name":"Comment","target":["https:\/\/diarioprincipios.com\/index.php\/2022\/01\/16\/una-alumna-de-la-primaria-n-12-gano-el-concurso-hey-mozart\/#respond"]}]},{"@type":"WebPage","@id":"https:\/\/diarioprincipios.com\/index.php\/2022\/01\/16\/una-alumna-de-la-primaria-n-12-gano-el-concurso-hey-mozart\/","url":"https:\/\/diarioprincipios.com\/index.php\/2022\/01\/16\/una-alumna-de-la-primaria-n-12-gano-el-concurso-hey-mozart\/","name":"Una alumna de la Primaria N\u00b0 12 gan\u00f3 el Concurso \u00a1Hey Mozart! - Principios","isPartOf":{"@id":"https:\/\/diarioprincipios.com\/#website"},"primaryImageOfPage":{"@id":"https:\/\/diarioprincipios.com\/index.php\/2022\/01\/16\/una-alumna-de-la-primaria-n-12-gano-el-concurso-hey-mozart\/#primaryimage"},"image":{"@id":"https:\/\/diarioprincipios.com\/index.php\/2022\/01\/16\/una-alumna-de-la-primaria-n-12-gano-el-concurso-hey-mozart\/#primaryimage"},"thumbnailUrl":"https:\/\/diarioprincipios.com\/wp-content\/uploads\/2022\/01\/BERAZATEGUI-UNA-ALUMNA-DE-LA-PRIMARIA-N\u00b0-12-GANO-EL-CONCURSO-\u00a1HEY-MOZART.jpg","datePublished":"2022-01-17T00:41:39+00:00","dateModified":"2022-01-17T00:41:46+00:00","breadcrumb":{"@id":"https:\/\/diarioprincipios.com\/index.php\/2022\/01\/16\/una-alumna-de-la-primaria-n-12-gano-el-concurso-hey-mozart\/#breadcrumb"},"inLanguage":"es","potentialAction":[{"@type":"ReadAction","target":["https:\/\/diarioprincipios.com\/index.php\/2022\/01\/16\/una-alumna-de-la-primaria-n-12-gano-el-concurso-hey-mozart\/"]}]},{"@type":"ImageObject","inLanguage":"es","@id":"https:\/\/diarioprincipios.com\/index.php\/2022\/01\/16\/una-alumna-de-la-primaria-n-12-gano-el-concurso-hey-mozart\/#primaryimage","url":"https:\/\/diarioprincipios.com\/wp-content\/uploads\/2022\/01\/BERAZATEGUI-UNA-ALUMNA-DE-LA-PRIMARIA-N\u00b0-12-GANO-EL-CONCURSO-\u00a1HEY-MOZART.jpg","contentUrl":"https:\/\/diarioprincipios.com\/wp-content\/uploads\/2022\/01\/BERAZATEGUI-UNA-ALUMNA-DE-LA-PRIMARIA-N\u00b0-12-GANO-EL-CONCURSO-\u00a1HEY-MOZART.jpg","width":1280,"height":720},{"@type":"BreadcrumbList","@id":"https:\/\/diarioprincipios.com\/index.php\/2022\/01\/16\/una-alumna-de-la-primaria-n-12-gano-el-concurso-hey-mozart\/#breadcrumb","itemListElement":[{"@type":"ListItem","position":1,"name":"Portada","item":"https:\/\/diarioprincipios.com\/"},{"@type":"ListItem","position":2,"name":"Una alumna de la Primaria N\u00b0 12 gan\u00f3 el Concurso \u00a1Hey Mozart!"}]},{"@type":"WebSite","@id":"https:\/\/diarioprincipios.com\/#website","url":"https:\/\/diarioprincipios.com\/","name":"Principios","description":"Principios Diario","publisher":{"@id":"https:\/\/diarioprincipios.com\/#organization"},"potentialAction":[{"@type":"SearchAction","target":{"@type":"EntryPoint","urlTemplate":"https:\/\/diarioprincipios.com\/?s={search_term_string}"},"query-input":{"@type":"PropertyValueSpecification","valueRequired":true,"valueName":"search_term_string"}}],"inLanguage":"es"},{"@type":"Organization","@id":"https:\/\/diarioprincipios.com\/#organization","name":"Principios","url":"https:\/\/diarioprincipios.com\/","logo":{"@type":"ImageObject","inLanguage":"es","@id":"https:\/\/diarioprincipios.com\/#\/schema\/logo\/image\/","url":"https:\/\/diarioprincipios.com\/wp-content\/uploads\/2024\/04\/cropped-www.diarioprincipios.com_-1.png","contentUrl":"https:\/\/diarioprincipios.com\/wp-content\/uploads\/2024\/04\/cropped-www.diarioprincipios.com_-1.png","width":5325,"height":1454,"caption":"Principios"},"image":{"@id":"https:\/\/diarioprincipios.com\/#\/schema\/logo\/image\/"}},{"@type":"Person","@id":"https:\/\/diarioprincipios.com\/#\/schema\/person\/436d5a1fd41a5e250e23ff5a6a7cb080","name":"Hern\u00e1n L\u00f3pez","image":{"@type":"ImageObject","inLanguage":"es","@id":"https:\/\/diarioprincipios.com\/wp-content\/litespeed\/avatar\/11ddfe5610ff3bd100522525b2571f48.jpg?ver=1777653193","url":"https:\/\/diarioprincipios.com\/wp-content\/litespeed\/avatar\/11ddfe5610ff3bd100522525b2571f48.jpg?ver=1777653193","contentUrl":"https:\/\/diarioprincipios.com\/wp-content\/litespeed\/avatar\/11ddfe5610ff3bd100522525b2571f48.jpg?ver=1777653193","caption":"Hern\u00e1n L\u00f3pez"},"url":"https:\/\/diarioprincipios.com\/index.php\/author\/hernan\/"}]}},"jetpack_featured_media_url":"https:\/\/diarioprincipios.com\/wp-content\/uploads\/2022\/01\/BERAZATEGUI-UNA-ALUMNA-DE-LA-PRIMARIA-N\u00b0-12-GANO-EL-CONCURSO-\u00a1HEY-MOZART.jpg","_links":{"self":[{"href":"https:\/\/diarioprincipios.com\/index.php\/wp-json\/wp\/v2\/posts\/12405","targetHints":{"allow":["GET"]}}],"collection":[{"href":"https:\/\/diarioprincipios.com\/index.php\/wp-json\/wp\/v2\/posts"}],"about":[{"href":"https:\/\/diarioprincipios.com\/index.php\/wp-json\/wp\/v2\/types\/post"}],"author":[{"embeddable":true,"href":"https:\/\/diarioprincipios.com\/index.php\/wp-json\/wp\/v2\/users\/2"}],"replies":[{"embeddable":true,"href":"https:\/\/diarioprincipios.com\/index.php\/wp-json\/wp\/v2\/comments?post=12405"}],"version-history":[{"count":1,"href":"https:\/\/diarioprincipios.com\/index.php\/wp-json\/wp\/v2\/posts\/12405\/revisions"}],"predecessor-version":[{"id":12407,"href":"https:\/\/diarioprincipios.com\/index.php\/wp-json\/wp\/v2\/posts\/12405\/revisions\/12407"}],"wp:featuredmedia":[{"embeddable":true,"href":"https:\/\/diarioprincipios.com\/index.php\/wp-json\/wp\/v2\/media\/12406"}],"wp:attachment":[{"href":"https:\/\/diarioprincipios.com\/index.php\/wp-json\/wp\/v2\/media?parent=12405"}],"wp:term":[{"taxonomy":"category","embeddable":true,"href":"https:\/\/diarioprincipios.com\/index.php\/wp-json\/wp\/v2\/categories?post=12405"},{"taxonomy":"post_tag","embeddable":true,"href":"https:\/\/diarioprincipios.com\/index.php\/wp-json\/wp\/v2\/tags?post=12405"}],"curies":[{"name":"wp","href":"https:\/\/api.w.org\/{rel}","templated":true}]}}