{"id":12400,"date":"2022-01-16T21:28:35","date_gmt":"2022-01-17T00:28:35","guid":{"rendered":"http:\/\/diarioprincipios.com\/?p=12400"},"modified":"2022-01-16T21:28:38","modified_gmt":"2022-01-17T00:28:38","slug":"exitoso-cierre-de-la-primera-quincena-de-la-colonia-2022","status":"publish","type":"post","link":"https:\/\/diarioprincipios.com\/index.php\/2022\/01\/16\/exitoso-cierre-de-la-primera-quincena-de-la-colonia-2022\/","title":{"rendered":"Exitoso cierre de la primera quincena de la colonia 2022"},"content":{"rendered":"\n<p>El Intendente Alejo Chornobroff junto al Ministro de Desarrollo Social de la Naci\u00f3n, Juan Horacio Zabaleta, recorrieron la sede de la colonia ubicada en el Parque Dominico.<\/p>\n\n\n\n<p>En la jornada que cerr\u00f3 los primeros quince d\u00edas de la colonia de verano en Avellaneda, los funcionarios visitaron la sede del barrio de Villa Dominico, donde conversaron con lxs ni\u00f1xs y con lxs profesores que est\u00e1n permanentemente a cargo del cuidado y la coordinaci\u00f3n de juegos e actividades. Tambi\u00e9n recorrieron las flamantes instalaciones del Instituto de Medicina del Deporte y del Gimnasio Municipal que funcionan en este mismo predio.<\/p>\n\n\n\n<p>Previamente el intendente y el secretario de Deportes de Avellaneda, Sebasti\u00e1n Vidal, tambi\u00e9n visitaron e hicieron una recorrida en las sedes ubicadas en el Polideportivo Municipal Deheza y tambi\u00e9n en el F\u00e1tima.<\/p>\n\n\n\n<p>A lo largo de estas dos semanas de enero, m\u00e1s de 3000 chicos y chicas disfrutaron de la colonia 2022 que se desarrolla en once diferentes sedes: Los Polideportivos Municipales Delfo Cabrera, Deheza, Gabino Alegre, Fatima, Proyecto Nacional, La Saladita y Parque Dominico. Y a su vez tambi\u00e9n en los clubes: Renunciamiento, San Telmo, Sportivo Dock Sud y Victoriano Arenas.<\/p>\n","protected":false},"excerpt":{"rendered":"<p>El Intendente Alejo Chornobroff junto al Ministro de Desarrollo Social de la Naci\u00f3n, Juan Horacio Zabaleta, recorrieron la sede de la colonia ubicada en el Parque Dominico. En la jornada que cerr\u00f3 los primeros quince d\u00edas de la colonia de verano en Avellaneda, los funcionarios visitaron la sede del barrio de Villa Dominico, donde conversaron&#8230;<\/p>\n","protected":false},"author":2,"featured_media":12401,"comment_status":"open","ping_status":"open","sticky":false,"template":"","format":"standard","meta":{"footnotes":""},"categories":[5],"tags":[],"class_list":["post-12400","post","type-post","status-publish","format-standard","has-post-thumbnail","hentry","category-avellaneda"],"featured_image_src":"https:\/\/diarioprincipios.com\/wp-content\/uploads\/2022\/01\/WhatsApp-Image-2022-01-14-at-15_47_24-1-1024x683.jpeg","blog_images":{"medium":"https:\/\/diarioprincipios.com\/wp-content\/uploads\/2022\/01\/WhatsApp-Image-2022-01-14-at-15_47_24-1-300x200.jpeg","large":"https:\/\/diarioprincipios.com\/wp-content\/uploads\/2022\/01\/WhatsApp-Image-2022-01-14-at-15_47_24-1-1024x683.jpeg"},"ams_acf":[],"yoast_head":"<!-- This site is optimized with the Yoast SEO plugin v27.3 - https:\/\/yoast.com\/product\/yoast-seo-wordpress\/ -->\n<title>Exitoso cierre de la primera quincena de la colonia 2022 - Principios<\/title>\n<meta name=\"robots\" content=\"index, follow, max-snippet:-1, max-image-preview:large, max-video-preview:-1\" \/>\n<link rel=\"canonical\" href=\"https:\/\/diarioprincipios.com\/index.php\/2022\/01\/16\/exitoso-cierre-de-la-primera-quincena-de-la-colonia-2022\/\" \/>\n<meta property=\"og:locale\" content=\"es_ES\" \/>\n<meta property=\"og:type\" content=\"article\" \/>\n<meta property=\"og:title\" content=\"Exitoso cierre de la primera quincena de la colonia 2022 - Principios\" \/>\n<meta property=\"og:description\" content=\"El Intendente Alejo Chornobroff junto al Ministro de Desarrollo Social de la Naci\u00f3n, Juan Horacio Zabaleta, recorrieron la sede de la colonia ubicada en el Parque Dominico. En la jornada que cerr\u00f3 los primeros quince d\u00edas de la colonia de verano en Avellaneda, los funcionarios visitaron la sede del barrio de Villa Dominico, donde conversaron...\" \/>\n<meta property=\"og:url\" content=\"https:\/\/diarioprincipios.com\/index.php\/2022\/01\/16\/exitoso-cierre-de-la-primera-quincena-de-la-colonia-2022\/\" \/>\n<meta property=\"og:site_name\" content=\"Principios\" \/>\n<meta property=\"article:published_time\" content=\"2022-01-17T00:28:35+00:00\" \/>\n<meta property=\"article:modified_time\" content=\"2022-01-17T00:28:38+00:00\" \/>\n<meta property=\"og:image\" content=\"https:\/\/diarioprincipios.com\/wp-content\/uploads\/2022\/01\/WhatsApp-Image-2022-01-14-at-15_47_24-1.jpeg\" \/>\n\t<meta property=\"og:image:width\" content=\"1560\" \/>\n\t<meta property=\"og:image:height\" content=\"1040\" \/>\n\t<meta property=\"og:image:type\" content=\"image\/jpeg\" \/>\n<meta name=\"author\" content=\"Hern\u00e1n L\u00f3pez\" \/>\n<meta name=\"twitter:card\" content=\"summary_large_image\" \/>\n<meta name=\"twitter:label1\" content=\"Escrito por\" \/>\n\t<meta name=\"twitter:data1\" content=\"Hern\u00e1n L\u00f3pez\" \/>\n\t<meta name=\"twitter:label2\" content=\"Tiempo de lectura\" \/>\n\t<meta name=\"twitter:data2\" content=\"1 minuto\" \/>\n<script type=\"application\/ld+json\" class=\"yoast-schema-graph\">{\"@context\":\"https:\\\/\\\/schema.org\",\"@graph\":[{\"@type\":\"Article\",\"@id\":\"https:\\\/\\\/diarioprincipios.com\\\/index.php\\\/2022\\\/01\\\/16\\\/exitoso-cierre-de-la-primera-quincena-de-la-colonia-2022\\\/#article\",\"isPartOf\":{\"@id\":\"https:\\\/\\\/diarioprincipios.com\\\/index.php\\\/2022\\\/01\\\/16\\\/exitoso-cierre-de-la-primera-quincena-de-la-colonia-2022\\\/\"},\"author\":{\"name\":\"Hern\u00e1n L\u00f3pez\",\"@id\":\"https:\\\/\\\/diarioprincipios.com\\\/#\\\/schema\\\/person\\\/436d5a1fd41a5e250e23ff5a6a7cb080\"},\"headline\":\"Exitoso cierre de la primera quincena de la colonia 2022\",\"datePublished\":\"2022-01-17T00:28:35+00:00\",\"dateModified\":\"2022-01-17T00:28:38+00:00\",\"mainEntityOfPage\":{\"@id\":\"https:\\\/\\\/diarioprincipios.com\\\/index.php\\\/2022\\\/01\\\/16\\\/exitoso-cierre-de-la-primera-quincena-de-la-colonia-2022\\\/\"},\"wordCount\":208,\"commentCount\":0,\"publisher\":{\"@id\":\"https:\\\/\\\/diarioprincipios.com\\\/#organization\"},\"image\":{\"@id\":\"https:\\\/\\\/diarioprincipios.com\\\/index.php\\\/2022\\\/01\\\/16\\\/exitoso-cierre-de-la-primera-quincena-de-la-colonia-2022\\\/#primaryimage\"},\"thumbnailUrl\":\"https:\\\/\\\/diarioprincipios.com\\\/wp-content\\\/uploads\\\/2022\\\/01\\\/WhatsApp-Image-2022-01-14-at-15_47_24-1.jpeg\",\"articleSection\":[\"Avellaneda\"],\"inLanguage\":\"es\",\"potentialAction\":[{\"@type\":\"CommentAction\",\"name\":\"Comment\",\"target\":[\"https:\\\/\\\/diarioprincipios.com\\\/index.php\\\/2022\\\/01\\\/16\\\/exitoso-cierre-de-la-primera-quincena-de-la-colonia-2022\\\/#respond\"]}]},{\"@type\":\"WebPage\",\"@id\":\"https:\\\/\\\/diarioprincipios.com\\\/index.php\\\/2022\\\/01\\\/16\\\/exitoso-cierre-de-la-primera-quincena-de-la-colonia-2022\\\/\",\"url\":\"https:\\\/\\\/diarioprincipios.com\\\/index.php\\\/2022\\\/01\\\/16\\\/exitoso-cierre-de-la-primera-quincena-de-la-colonia-2022\\\/\",\"name\":\"Exitoso cierre de la primera quincena de la colonia 2022 - Principios\",\"isPartOf\":{\"@id\":\"https:\\\/\\\/diarioprincipios.com\\\/#website\"},\"primaryImageOfPage\":{\"@id\":\"https:\\\/\\\/diarioprincipios.com\\\/index.php\\\/2022\\\/01\\\/16\\\/exitoso-cierre-de-la-primera-quincena-de-la-colonia-2022\\\/#primaryimage\"},\"image\":{\"@id\":\"https:\\\/\\\/diarioprincipios.com\\\/index.php\\\/2022\\\/01\\\/16\\\/exitoso-cierre-de-la-primera-quincena-de-la-colonia-2022\\\/#primaryimage\"},\"thumbnailUrl\":\"https:\\\/\\\/diarioprincipios.com\\\/wp-content\\\/uploads\\\/2022\\\/01\\\/WhatsApp-Image-2022-01-14-at-15_47_24-1.jpeg\",\"datePublished\":\"2022-01-17T00:28:35+00:00\",\"dateModified\":\"2022-01-17T00:28:38+00:00\",\"breadcrumb\":{\"@id\":\"https:\\\/\\\/diarioprincipios.com\\\/index.php\\\/2022\\\/01\\\/16\\\/exitoso-cierre-de-la-primera-quincena-de-la-colonia-2022\\\/#breadcrumb\"},\"inLanguage\":\"es\",\"potentialAction\":[{\"@type\":\"ReadAction\",\"target\":[\"https:\\\/\\\/diarioprincipios.com\\\/index.php\\\/2022\\\/01\\\/16\\\/exitoso-cierre-de-la-primera-quincena-de-la-colonia-2022\\\/\"]}]},{\"@type\":\"ImageObject\",\"inLanguage\":\"es\",\"@id\":\"https:\\\/\\\/diarioprincipios.com\\\/index.php\\\/2022\\\/01\\\/16\\\/exitoso-cierre-de-la-primera-quincena-de-la-colonia-2022\\\/#primaryimage\",\"url\":\"https:\\\/\\\/diarioprincipios.com\\\/wp-content\\\/uploads\\\/2022\\\/01\\\/WhatsApp-Image-2022-01-14-at-15_47_24-1.jpeg\",\"contentUrl\":\"https:\\\/\\\/diarioprincipios.com\\\/wp-content\\\/uploads\\\/2022\\\/01\\\/WhatsApp-Image-2022-01-14-at-15_47_24-1.jpeg\",\"width\":1560,\"height\":1040},{\"@type\":\"BreadcrumbList\",\"@id\":\"https:\\\/\\\/diarioprincipios.com\\\/index.php\\\/2022\\\/01\\\/16\\\/exitoso-cierre-de-la-primera-quincena-de-la-colonia-2022\\\/#breadcrumb\",\"itemListElement\":[{\"@type\":\"ListItem\",\"position\":1,\"name\":\"Portada\",\"item\":\"https:\\\/\\\/diarioprincipios.com\\\/\"},{\"@type\":\"ListItem\",\"position\":2,\"name\":\"Exitoso cierre de la primera quincena de la colonia 2022\"}]},{\"@type\":\"WebSite\",\"@id\":\"https:\\\/\\\/diarioprincipios.com\\\/#website\",\"url\":\"https:\\\/\\\/diarioprincipios.com\\\/\",\"name\":\"Principios\",\"description\":\"Principios Diario\",\"publisher\":{\"@id\":\"https:\\\/\\\/diarioprincipios.com\\\/#organization\"},\"potentialAction\":[{\"@type\":\"SearchAction\",\"target\":{\"@type\":\"EntryPoint\",\"urlTemplate\":\"https:\\\/\\\/diarioprincipios.com\\\/?s={search_term_string}\"},\"query-input\":{\"@type\":\"PropertyValueSpecification\",\"valueRequired\":true,\"valueName\":\"search_term_string\"}}],\"inLanguage\":\"es\"},{\"@type\":\"Organization\",\"@id\":\"https:\\\/\\\/diarioprincipios.com\\\/#organization\",\"name\":\"Principios\",\"url\":\"https:\\\/\\\/diarioprincipios.com\\\/\",\"logo\":{\"@type\":\"ImageObject\",\"inLanguage\":\"es\",\"@id\":\"https:\\\/\\\/diarioprincipios.com\\\/#\\\/schema\\\/logo\\\/image\\\/\",\"url\":\"https:\\\/\\\/diarioprincipios.com\\\/wp-content\\\/uploads\\\/2024\\\/04\\\/cropped-www.diarioprincipios.com_-1.png\",\"contentUrl\":\"https:\\\/\\\/diarioprincipios.com\\\/wp-content\\\/uploads\\\/2024\\\/04\\\/cropped-www.diarioprincipios.com_-1.png\",\"width\":5325,\"height\":1454,\"caption\":\"Principios\"},\"image\":{\"@id\":\"https:\\\/\\\/diarioprincipios.com\\\/#\\\/schema\\\/logo\\\/image\\\/\"}},{\"@type\":\"Person\",\"@id\":\"https:\\\/\\\/diarioprincipios.com\\\/#\\\/schema\\\/person\\\/436d5a1fd41a5e250e23ff5a6a7cb080\",\"name\":\"Hern\u00e1n L\u00f3pez\",\"image\":{\"@type\":\"ImageObject\",\"inLanguage\":\"es\",\"@id\":\"https:\\\/\\\/diarioprincipios.com\\\/wp-content\\\/litespeed\\\/avatar\\\/11ddfe5610ff3bd100522525b2571f48.jpg?ver=1777653193\",\"url\":\"https:\\\/\\\/diarioprincipios.com\\\/wp-content\\\/litespeed\\\/avatar\\\/11ddfe5610ff3bd100522525b2571f48.jpg?ver=1777653193\",\"contentUrl\":\"https:\\\/\\\/diarioprincipios.com\\\/wp-content\\\/litespeed\\\/avatar\\\/11ddfe5610ff3bd100522525b2571f48.jpg?ver=1777653193\",\"caption\":\"Hern\u00e1n L\u00f3pez\"},\"url\":\"https:\\\/\\\/diarioprincipios.com\\\/index.php\\\/author\\\/hernan\\\/\"}]}<\/script>\n<!-- \/ Yoast SEO plugin. -->","yoast_head_json":{"title":"Exitoso cierre de la primera quincena de la colonia 2022 - Principios","robots":{"index":"index","follow":"follow","max-snippet":"max-snippet:-1","max-image-preview":"max-image-preview:large","max-video-preview":"max-video-preview:-1"},"canonical":"https:\/\/diarioprincipios.com\/index.php\/2022\/01\/16\/exitoso-cierre-de-la-primera-quincena-de-la-colonia-2022\/","og_locale":"es_ES","og_type":"article","og_title":"Exitoso cierre de la primera quincena de la colonia 2022 - Principios","og_description":"El Intendente Alejo Chornobroff junto al Ministro de Desarrollo Social de la Naci\u00f3n, Juan Horacio Zabaleta, recorrieron la sede de la colonia ubicada en el Parque Dominico. En la jornada que cerr\u00f3 los primeros quince d\u00edas de la colonia de verano en Avellaneda, los funcionarios visitaron la sede del barrio de Villa Dominico, donde conversaron...","og_url":"https:\/\/diarioprincipios.com\/index.php\/2022\/01\/16\/exitoso-cierre-de-la-primera-quincena-de-la-colonia-2022\/","og_site_name":"Principios","article_published_time":"2022-01-17T00:28:35+00:00","article_modified_time":"2022-01-17T00:28:38+00:00","og_image":[{"width":1560,"height":1040,"url":"https:\/\/diarioprincipios.com\/wp-content\/uploads\/2022\/01\/WhatsApp-Image-2022-01-14-at-15_47_24-1.jpeg","type":"image\/jpeg"}],"author":"Hern\u00e1n L\u00f3pez","twitter_card":"summary_large_image","twitter_misc":{"Escrito por":"Hern\u00e1n L\u00f3pez","Tiempo de lectura":"1 minuto"},"schema":{"@context":"https:\/\/schema.org","@graph":[{"@type":"Article","@id":"https:\/\/diarioprincipios.com\/index.php\/2022\/01\/16\/exitoso-cierre-de-la-primera-quincena-de-la-colonia-2022\/#article","isPartOf":{"@id":"https:\/\/diarioprincipios.com\/index.php\/2022\/01\/16\/exitoso-cierre-de-la-primera-quincena-de-la-colonia-2022\/"},"author":{"name":"Hern\u00e1n L\u00f3pez","@id":"https:\/\/diarioprincipios.com\/#\/schema\/person\/436d5a1fd41a5e250e23ff5a6a7cb080"},"headline":"Exitoso cierre de la primera quincena de la colonia 2022","datePublished":"2022-01-17T00:28:35+00:00","dateModified":"2022-01-17T00:28:38+00:00","mainEntityOfPage":{"@id":"https:\/\/diarioprincipios.com\/index.php\/2022\/01\/16\/exitoso-cierre-de-la-primera-quincena-de-la-colonia-2022\/"},"wordCount":208,"commentCount":0,"publisher":{"@id":"https:\/\/diarioprincipios.com\/#organization"},"image":{"@id":"https:\/\/diarioprincipios.com\/index.php\/2022\/01\/16\/exitoso-cierre-de-la-primera-quincena-de-la-colonia-2022\/#primaryimage"},"thumbnailUrl":"https:\/\/diarioprincipios.com\/wp-content\/uploads\/2022\/01\/WhatsApp-Image-2022-01-14-at-15_47_24-1.jpeg","articleSection":["Avellaneda"],"inLanguage":"es","potentialAction":[{"@type":"CommentAction","name":"Comment","target":["https:\/\/diarioprincipios.com\/index.php\/2022\/01\/16\/exitoso-cierre-de-la-primera-quincena-de-la-colonia-2022\/#respond"]}]},{"@type":"WebPage","@id":"https:\/\/diarioprincipios.com\/index.php\/2022\/01\/16\/exitoso-cierre-de-la-primera-quincena-de-la-colonia-2022\/","url":"https:\/\/diarioprincipios.com\/index.php\/2022\/01\/16\/exitoso-cierre-de-la-primera-quincena-de-la-colonia-2022\/","name":"Exitoso cierre de la primera quincena de la colonia 2022 - Principios","isPartOf":{"@id":"https:\/\/diarioprincipios.com\/#website"},"primaryImageOfPage":{"@id":"https:\/\/diarioprincipios.com\/index.php\/2022\/01\/16\/exitoso-cierre-de-la-primera-quincena-de-la-colonia-2022\/#primaryimage"},"image":{"@id":"https:\/\/diarioprincipios.com\/index.php\/2022\/01\/16\/exitoso-cierre-de-la-primera-quincena-de-la-colonia-2022\/#primaryimage"},"thumbnailUrl":"https:\/\/diarioprincipios.com\/wp-content\/uploads\/2022\/01\/WhatsApp-Image-2022-01-14-at-15_47_24-1.jpeg","datePublished":"2022-01-17T00:28:35+00:00","dateModified":"2022-01-17T00:28:38+00:00","breadcrumb":{"@id":"https:\/\/diarioprincipios.com\/index.php\/2022\/01\/16\/exitoso-cierre-de-la-primera-quincena-de-la-colonia-2022\/#breadcrumb"},"inLanguage":"es","potentialAction":[{"@type":"ReadAction","target":["https:\/\/diarioprincipios.com\/index.php\/2022\/01\/16\/exitoso-cierre-de-la-primera-quincena-de-la-colonia-2022\/"]}]},{"@type":"ImageObject","inLanguage":"es","@id":"https:\/\/diarioprincipios.com\/index.php\/2022\/01\/16\/exitoso-cierre-de-la-primera-quincena-de-la-colonia-2022\/#primaryimage","url":"https:\/\/diarioprincipios.com\/wp-content\/uploads\/2022\/01\/WhatsApp-Image-2022-01-14-at-15_47_24-1.jpeg","contentUrl":"https:\/\/diarioprincipios.com\/wp-content\/uploads\/2022\/01\/WhatsApp-Image-2022-01-14-at-15_47_24-1.jpeg","width":1560,"height":1040},{"@type":"BreadcrumbList","@id":"https:\/\/diarioprincipios.com\/index.php\/2022\/01\/16\/exitoso-cierre-de-la-primera-quincena-de-la-colonia-2022\/#breadcrumb","itemListElement":[{"@type":"ListItem","position":1,"name":"Portada","item":"https:\/\/diarioprincipios.com\/"},{"@type":"ListItem","position":2,"name":"Exitoso cierre de la primera quincena de la colonia 2022"}]},{"@type":"WebSite","@id":"https:\/\/diarioprincipios.com\/#website","url":"https:\/\/diarioprincipios.com\/","name":"Principios","description":"Principios Diario","publisher":{"@id":"https:\/\/diarioprincipios.com\/#organization"},"potentialAction":[{"@type":"SearchAction","target":{"@type":"EntryPoint","urlTemplate":"https:\/\/diarioprincipios.com\/?s={search_term_string}"},"query-input":{"@type":"PropertyValueSpecification","valueRequired":true,"valueName":"search_term_string"}}],"inLanguage":"es"},{"@type":"Organization","@id":"https:\/\/diarioprincipios.com\/#organization","name":"Principios","url":"https:\/\/diarioprincipios.com\/","logo":{"@type":"ImageObject","inLanguage":"es","@id":"https:\/\/diarioprincipios.com\/#\/schema\/logo\/image\/","url":"https:\/\/diarioprincipios.com\/wp-content\/uploads\/2024\/04\/cropped-www.diarioprincipios.com_-1.png","contentUrl":"https:\/\/diarioprincipios.com\/wp-content\/uploads\/2024\/04\/cropped-www.diarioprincipios.com_-1.png","width":5325,"height":1454,"caption":"Principios"},"image":{"@id":"https:\/\/diarioprincipios.com\/#\/schema\/logo\/image\/"}},{"@type":"Person","@id":"https:\/\/diarioprincipios.com\/#\/schema\/person\/436d5a1fd41a5e250e23ff5a6a7cb080","name":"Hern\u00e1n L\u00f3pez","image":{"@type":"ImageObject","inLanguage":"es","@id":"https:\/\/diarioprincipios.com\/wp-content\/litespeed\/avatar\/11ddfe5610ff3bd100522525b2571f48.jpg?ver=1777653193","url":"https:\/\/diarioprincipios.com\/wp-content\/litespeed\/avatar\/11ddfe5610ff3bd100522525b2571f48.jpg?ver=1777653193","contentUrl":"https:\/\/diarioprincipios.com\/wp-content\/litespeed\/avatar\/11ddfe5610ff3bd100522525b2571f48.jpg?ver=1777653193","caption":"Hern\u00e1n L\u00f3pez"},"url":"https:\/\/diarioprincipios.com\/index.php\/author\/hernan\/"}]}},"jetpack_featured_media_url":"https:\/\/diarioprincipios.com\/wp-content\/uploads\/2022\/01\/WhatsApp-Image-2022-01-14-at-15_47_24-1.jpeg","_links":{"self":[{"href":"https:\/\/diarioprincipios.com\/index.php\/wp-json\/wp\/v2\/posts\/12400","targetHints":{"allow":["GET"]}}],"collection":[{"href":"https:\/\/diarioprincipios.com\/index.php\/wp-json\/wp\/v2\/posts"}],"about":[{"href":"https:\/\/diarioprincipios.com\/index.php\/wp-json\/wp\/v2\/types\/post"}],"author":[{"embeddable":true,"href":"https:\/\/diarioprincipios.com\/index.php\/wp-json\/wp\/v2\/users\/2"}],"replies":[{"embeddable":true,"href":"https:\/\/diarioprincipios.com\/index.php\/wp-json\/wp\/v2\/comments?post=12400"}],"version-history":[{"count":1,"href":"https:\/\/diarioprincipios.com\/index.php\/wp-json\/wp\/v2\/posts\/12400\/revisions"}],"predecessor-version":[{"id":12402,"href":"https:\/\/diarioprincipios.com\/index.php\/wp-json\/wp\/v2\/posts\/12400\/revisions\/12402"}],"wp:featuredmedia":[{"embeddable":true,"href":"https:\/\/diarioprincipios.com\/index.php\/wp-json\/wp\/v2\/media\/12401"}],"wp:attachment":[{"href":"https:\/\/diarioprincipios.com\/index.php\/wp-json\/wp\/v2\/media?parent=12400"}],"wp:term":[{"taxonomy":"category","embeddable":true,"href":"https:\/\/diarioprincipios.com\/index.php\/wp-json\/wp\/v2\/categories?post=12400"},{"taxonomy":"post_tag","embeddable":true,"href":"https:\/\/diarioprincipios.com\/index.php\/wp-json\/wp\/v2\/tags?post=12400"}],"curies":[{"name":"wp","href":"https:\/\/api.w.org\/{rel}","templated":true}]}}