{"id":12389,"date":"2022-01-12T23:41:26","date_gmt":"2022-01-13T02:41:26","guid":{"rendered":"http:\/\/diarioprincipios.com\/?p=12389"},"modified":"2022-01-12T23:41:33","modified_gmt":"2022-01-13T02:41:33","slug":"el-pato-ya-se-construyo-el-60-de-las-nuevas-escuelas-primaria-y-secundaria","status":"publish","type":"post","link":"https:\/\/diarioprincipios.com\/index.php\/2022\/01\/12\/el-pato-ya-se-construyo-el-60-de-las-nuevas-escuelas-primaria-y-secundaria\/","title":{"rendered":"El Pato: Ya se construy\u00f3 el 60% de las nuevas escuelas primaria y secundaria"},"content":{"rendered":"\n<p><strong>La Municipalidad de Berazategui -a cargo del intendente Juan Jos\u00e9 Mussi- avanz\u00f3 hasta el 60% en la construcci\u00f3n de dos nuevas Escuelas en El Pato (calle 531 y 633, barrio N\u00e9stor Kirchner). Estas se est\u00e1n edificando en terrenos que fueron cedidos por el Municipio -a trav\u00e9s de la Ordenanza N\u00b0 5900- y beneficiar\u00e1n a m\u00e1s de 300 ni\u00f1os, ni\u00f1as y adolescentes de la zona.<\/strong><\/p>\n\n\n\n<p>Alejandro Qui\u00f1ones, arquitecto de la Secretar\u00eda de Obras P\u00fablicas municipal, inform\u00f3: \u201cLa ejecuci\u00f3n paralela de ambas escuelas avanz\u00f3 hasta el 60%. Estas contar\u00e1n con un m\u00f3dulo aut\u00f3nomo, 6 aulas definitivas en cada establecimiento, m\u00e1s un sector administrativo que luego ser\u00e1 complementado con un Sal\u00f3n de Usos M\u00faltiples (SUM), cocina, biblioteca y todo lo que las escuelas necesitan. La obra se est\u00e1 realizando en un terreno cedido por el Municipio para esta tan necesaria iniciativa. A trav\u00e9s de un convenio con el Gobierno de la Provincia, y con fondos del Programa Especial de Emergencia Educativa bonaerense (PEED), la Municipalidad de Berazategui &#8211; a trav\u00e9s de una licitaci\u00f3n p\u00fablica- determin\u00f3 qu\u00e9 empresa realiza las obras, y actualmente controla que se lleven a cabo\u201d.<\/p>\n\n\n\n<figure class=\"wp-block-image size-large\"><img loading=\"lazy\" decoding=\"async\" width=\"1024\" height=\"682\" src=\"https:\/\/diarioprincipios.com\/wp-content\/uploads\/2022\/01\/EL-PATO-YA-SE-CONSTRUYO-EL-60-DE-LAS-NUEVAS-ESCUELAS-PRIMARIA-Y-SECUNDARIA4-1024x682.jpg\" alt=\"\" class=\"wp-image-12390\" srcset=\"https:\/\/diarioprincipios.com\/wp-content\/uploads\/2022\/01\/EL-PATO-YA-SE-CONSTRUYO-EL-60-DE-LAS-NUEVAS-ESCUELAS-PRIMARIA-Y-SECUNDARIA4-1024x682.jpg 1024w, https:\/\/diarioprincipios.com\/wp-content\/uploads\/2022\/01\/EL-PATO-YA-SE-CONSTRUYO-EL-60-DE-LAS-NUEVAS-ESCUELAS-PRIMARIA-Y-SECUNDARIA4-300x200.jpg 300w, https:\/\/diarioprincipios.com\/wp-content\/uploads\/2022\/01\/EL-PATO-YA-SE-CONSTRUYO-EL-60-DE-LAS-NUEVAS-ESCUELAS-PRIMARIA-Y-SECUNDARIA4-768x512.jpg 768w, https:\/\/diarioprincipios.com\/wp-content\/uploads\/2022\/01\/EL-PATO-YA-SE-CONSTRUYO-EL-60-DE-LAS-NUEVAS-ESCUELAS-PRIMARIA-Y-SECUNDARIA4.jpg 1280w\" sizes=\"auto, (max-width: 1024px) 100vw, 1024px\" \/><\/figure>\n\n\n\n<p>Tras la recorrida de ambos espacios, Qui\u00f1ones destac\u00f3 la importancia de estas inversiones para la comunidad. \u201cEsta era una obra muy esperada por el barrio porque en un principio se proyect\u00f3 la construcci\u00f3n de un Jard\u00edn de Infantes, una Primaria y una Secundaria. Cuando se construy\u00f3 el barrio, se edific\u00f3 el Jard\u00edn y las dos Escuelas quedaron postergadas. Los chicos que hoy concurren a un centro educativo deben transitar kil\u00f3metros en colectivo. Esta obra har\u00e1 posible que no tengan que viajar. La matr\u00edcula estimada por turno en cada escuela es de 180 alumnos\u201d, explic\u00f3.<\/p>\n\n\n\n\n\n<p>Finalmente, concluy\u00f3: \u201cEsta obra se enmarca en un plan dise\u00f1ado por nuestro intendente, Juan Jos\u00e9 Mussi, que comprende todo el distrito desde el a\u00f1o 2020. Desde la Secretar\u00eda de Obras P\u00fablicas no dejamos de trabajar en toda la pandemia, las obras no se detuvieron. Varios establecimientos educativos se construyeron, en tanto que otros se ampliaron y mejoraron. Aqu\u00ed, en el Pato, se trabaja todos los d\u00edas cumpliendo con los protocolos y normas sanitarias y de seguridad que implementamos a ra\u00edz de la pandemia\u201d.<\/p>\n","protected":false},"excerpt":{"rendered":"<p>La Municipalidad de Berazategui -a cargo del intendente Juan Jos\u00e9 Mussi- avanz\u00f3 hasta el 60% en la construcci\u00f3n de dos nuevas Escuelas en El Pato (calle 531 y 633, barrio N\u00e9stor Kirchner). Estas se est\u00e1n edificando en terrenos que fueron cedidos por el Municipio -a trav\u00e9s de la Ordenanza N\u00b0 5900- y beneficiar\u00e1n a m\u00e1s&#8230;<\/p>\n","protected":false},"author":2,"featured_media":12392,"comment_status":"open","ping_status":"open","sticky":false,"template":"","format":"standard","meta":{"footnotes":""},"categories":[3],"tags":[],"class_list":["post-12389","post","type-post","status-publish","format-standard","has-post-thumbnail","hentry","category-berazategui"],"featured_image_src":"https:\/\/diarioprincipios.com\/wp-content\/uploads\/2022\/01\/EL-PATO-YA-SE-CONSTRUYO-EL-60-DE-LAS-NUEVAS-ESCUELAS-PRIMARIA-Y-SECUNDARIA1-1-1024x682.jpg","blog_images":{"medium":"https:\/\/diarioprincipios.com\/wp-content\/uploads\/2022\/01\/EL-PATO-YA-SE-CONSTRUYO-EL-60-DE-LAS-NUEVAS-ESCUELAS-PRIMARIA-Y-SECUNDARIA1-1-300x200.jpg","large":"https:\/\/diarioprincipios.com\/wp-content\/uploads\/2022\/01\/EL-PATO-YA-SE-CONSTRUYO-EL-60-DE-LAS-NUEVAS-ESCUELAS-PRIMARIA-Y-SECUNDARIA1-1-1024x682.jpg"},"ams_acf":[],"yoast_head":"<!-- This site is optimized with the Yoast SEO plugin v27.3 - https:\/\/yoast.com\/product\/yoast-seo-wordpress\/ -->\n<title>El Pato: Ya se construy\u00f3 el 60% de las nuevas escuelas primaria y secundaria - Principios<\/title>\n<meta name=\"robots\" content=\"index, follow, max-snippet:-1, max-image-preview:large, max-video-preview:-1\" \/>\n<link rel=\"canonical\" href=\"https:\/\/diarioprincipios.com\/index.php\/2022\/01\/12\/el-pato-ya-se-construyo-el-60-de-las-nuevas-escuelas-primaria-y-secundaria\/\" \/>\n<meta property=\"og:locale\" content=\"es_ES\" \/>\n<meta property=\"og:type\" content=\"article\" \/>\n<meta property=\"og:title\" content=\"El Pato: Ya se construy\u00f3 el 60% de las nuevas escuelas primaria y secundaria - Principios\" \/>\n<meta property=\"og:description\" content=\"La Municipalidad de Berazategui -a cargo del intendente Juan Jos\u00e9 Mussi- avanz\u00f3 hasta el 60% en la construcci\u00f3n de dos nuevas Escuelas en El Pato (calle 531 y 633, barrio N\u00e9stor Kirchner). Estas se est\u00e1n edificando en terrenos que fueron cedidos por el Municipio -a trav\u00e9s de la Ordenanza N\u00b0 5900- y beneficiar\u00e1n a m\u00e1s...\" \/>\n<meta property=\"og:url\" content=\"https:\/\/diarioprincipios.com\/index.php\/2022\/01\/12\/el-pato-ya-se-construyo-el-60-de-las-nuevas-escuelas-primaria-y-secundaria\/\" \/>\n<meta property=\"og:site_name\" content=\"Principios\" \/>\n<meta property=\"article:published_time\" content=\"2022-01-13T02:41:26+00:00\" \/>\n<meta property=\"article:modified_time\" content=\"2022-01-13T02:41:33+00:00\" \/>\n<meta property=\"og:image\" content=\"https:\/\/diarioprincipios.com\/wp-content\/uploads\/2022\/01\/EL-PATO-YA-SE-CONSTRUYO-EL-60-DE-LAS-NUEVAS-ESCUELAS-PRIMARIA-Y-SECUNDARIA1-1.jpg\" \/>\n\t<meta property=\"og:image:width\" content=\"1280\" \/>\n\t<meta property=\"og:image:height\" content=\"853\" \/>\n\t<meta property=\"og:image:type\" content=\"image\/jpeg\" \/>\n<meta name=\"author\" content=\"Hern\u00e1n L\u00f3pez\" \/>\n<meta name=\"twitter:card\" content=\"summary_large_image\" \/>\n<meta name=\"twitter:label1\" content=\"Escrito por\" \/>\n\t<meta name=\"twitter:data1\" content=\"Hern\u00e1n L\u00f3pez\" \/>\n\t<meta name=\"twitter:label2\" content=\"Tiempo de lectura\" \/>\n\t<meta name=\"twitter:data2\" content=\"3 minutos\" \/>\n<script type=\"application\/ld+json\" class=\"yoast-schema-graph\">{\"@context\":\"https:\\\/\\\/schema.org\",\"@graph\":[{\"@type\":\"Article\",\"@id\":\"https:\\\/\\\/diarioprincipios.com\\\/index.php\\\/2022\\\/01\\\/12\\\/el-pato-ya-se-construyo-el-60-de-las-nuevas-escuelas-primaria-y-secundaria\\\/#article\",\"isPartOf\":{\"@id\":\"https:\\\/\\\/diarioprincipios.com\\\/index.php\\\/2022\\\/01\\\/12\\\/el-pato-ya-se-construyo-el-60-de-las-nuevas-escuelas-primaria-y-secundaria\\\/\"},\"author\":{\"name\":\"Hern\u00e1n L\u00f3pez\",\"@id\":\"https:\\\/\\\/diarioprincipios.com\\\/#\\\/schema\\\/person\\\/436d5a1fd41a5e250e23ff5a6a7cb080\"},\"headline\":\"El Pato: Ya se construy\u00f3 el 60% de las nuevas escuelas primaria y secundaria\",\"datePublished\":\"2022-01-13T02:41:26+00:00\",\"dateModified\":\"2022-01-13T02:41:33+00:00\",\"mainEntityOfPage\":{\"@id\":\"https:\\\/\\\/diarioprincipios.com\\\/index.php\\\/2022\\\/01\\\/12\\\/el-pato-ya-se-construyo-el-60-de-las-nuevas-escuelas-primaria-y-secundaria\\\/\"},\"wordCount\":401,\"commentCount\":0,\"publisher\":{\"@id\":\"https:\\\/\\\/diarioprincipios.com\\\/#organization\"},\"image\":{\"@id\":\"https:\\\/\\\/diarioprincipios.com\\\/index.php\\\/2022\\\/01\\\/12\\\/el-pato-ya-se-construyo-el-60-de-las-nuevas-escuelas-primaria-y-secundaria\\\/#primaryimage\"},\"thumbnailUrl\":\"https:\\\/\\\/diarioprincipios.com\\\/wp-content\\\/uploads\\\/2022\\\/01\\\/EL-PATO-YA-SE-CONSTRUYO-EL-60-DE-LAS-NUEVAS-ESCUELAS-PRIMARIA-Y-SECUNDARIA1-1.jpg\",\"articleSection\":[\"Berazategui\"],\"inLanguage\":\"es\",\"potentialAction\":[{\"@type\":\"CommentAction\",\"name\":\"Comment\",\"target\":[\"https:\\\/\\\/diarioprincipios.com\\\/index.php\\\/2022\\\/01\\\/12\\\/el-pato-ya-se-construyo-el-60-de-las-nuevas-escuelas-primaria-y-secundaria\\\/#respond\"]}]},{\"@type\":\"WebPage\",\"@id\":\"https:\\\/\\\/diarioprincipios.com\\\/index.php\\\/2022\\\/01\\\/12\\\/el-pato-ya-se-construyo-el-60-de-las-nuevas-escuelas-primaria-y-secundaria\\\/\",\"url\":\"https:\\\/\\\/diarioprincipios.com\\\/index.php\\\/2022\\\/01\\\/12\\\/el-pato-ya-se-construyo-el-60-de-las-nuevas-escuelas-primaria-y-secundaria\\\/\",\"name\":\"El Pato: Ya se construy\u00f3 el 60% de las nuevas escuelas primaria y secundaria - Principios\",\"isPartOf\":{\"@id\":\"https:\\\/\\\/diarioprincipios.com\\\/#website\"},\"primaryImageOfPage\":{\"@id\":\"https:\\\/\\\/diarioprincipios.com\\\/index.php\\\/2022\\\/01\\\/12\\\/el-pato-ya-se-construyo-el-60-de-las-nuevas-escuelas-primaria-y-secundaria\\\/#primaryimage\"},\"image\":{\"@id\":\"https:\\\/\\\/diarioprincipios.com\\\/index.php\\\/2022\\\/01\\\/12\\\/el-pato-ya-se-construyo-el-60-de-las-nuevas-escuelas-primaria-y-secundaria\\\/#primaryimage\"},\"thumbnailUrl\":\"https:\\\/\\\/diarioprincipios.com\\\/wp-content\\\/uploads\\\/2022\\\/01\\\/EL-PATO-YA-SE-CONSTRUYO-EL-60-DE-LAS-NUEVAS-ESCUELAS-PRIMARIA-Y-SECUNDARIA1-1.jpg\",\"datePublished\":\"2022-01-13T02:41:26+00:00\",\"dateModified\":\"2022-01-13T02:41:33+00:00\",\"breadcrumb\":{\"@id\":\"https:\\\/\\\/diarioprincipios.com\\\/index.php\\\/2022\\\/01\\\/12\\\/el-pato-ya-se-construyo-el-60-de-las-nuevas-escuelas-primaria-y-secundaria\\\/#breadcrumb\"},\"inLanguage\":\"es\",\"potentialAction\":[{\"@type\":\"ReadAction\",\"target\":[\"https:\\\/\\\/diarioprincipios.com\\\/index.php\\\/2022\\\/01\\\/12\\\/el-pato-ya-se-construyo-el-60-de-las-nuevas-escuelas-primaria-y-secundaria\\\/\"]}]},{\"@type\":\"ImageObject\",\"inLanguage\":\"es\",\"@id\":\"https:\\\/\\\/diarioprincipios.com\\\/index.php\\\/2022\\\/01\\\/12\\\/el-pato-ya-se-construyo-el-60-de-las-nuevas-escuelas-primaria-y-secundaria\\\/#primaryimage\",\"url\":\"https:\\\/\\\/diarioprincipios.com\\\/wp-content\\\/uploads\\\/2022\\\/01\\\/EL-PATO-YA-SE-CONSTRUYO-EL-60-DE-LAS-NUEVAS-ESCUELAS-PRIMARIA-Y-SECUNDARIA1-1.jpg\",\"contentUrl\":\"https:\\\/\\\/diarioprincipios.com\\\/wp-content\\\/uploads\\\/2022\\\/01\\\/EL-PATO-YA-SE-CONSTRUYO-EL-60-DE-LAS-NUEVAS-ESCUELAS-PRIMARIA-Y-SECUNDARIA1-1.jpg\",\"width\":1280,\"height\":853},{\"@type\":\"BreadcrumbList\",\"@id\":\"https:\\\/\\\/diarioprincipios.com\\\/index.php\\\/2022\\\/01\\\/12\\\/el-pato-ya-se-construyo-el-60-de-las-nuevas-escuelas-primaria-y-secundaria\\\/#breadcrumb\",\"itemListElement\":[{\"@type\":\"ListItem\",\"position\":1,\"name\":\"Portada\",\"item\":\"https:\\\/\\\/diarioprincipios.com\\\/\"},{\"@type\":\"ListItem\",\"position\":2,\"name\":\"El Pato: Ya se construy\u00f3 el 60% de las nuevas escuelas primaria y secundaria\"}]},{\"@type\":\"WebSite\",\"@id\":\"https:\\\/\\\/diarioprincipios.com\\\/#website\",\"url\":\"https:\\\/\\\/diarioprincipios.com\\\/\",\"name\":\"Principios\",\"description\":\"Principios Diario\",\"publisher\":{\"@id\":\"https:\\\/\\\/diarioprincipios.com\\\/#organization\"},\"potentialAction\":[{\"@type\":\"SearchAction\",\"target\":{\"@type\":\"EntryPoint\",\"urlTemplate\":\"https:\\\/\\\/diarioprincipios.com\\\/?s={search_term_string}\"},\"query-input\":{\"@type\":\"PropertyValueSpecification\",\"valueRequired\":true,\"valueName\":\"search_term_string\"}}],\"inLanguage\":\"es\"},{\"@type\":\"Organization\",\"@id\":\"https:\\\/\\\/diarioprincipios.com\\\/#organization\",\"name\":\"Principios\",\"url\":\"https:\\\/\\\/diarioprincipios.com\\\/\",\"logo\":{\"@type\":\"ImageObject\",\"inLanguage\":\"es\",\"@id\":\"https:\\\/\\\/diarioprincipios.com\\\/#\\\/schema\\\/logo\\\/image\\\/\",\"url\":\"https:\\\/\\\/diarioprincipios.com\\\/wp-content\\\/uploads\\\/2024\\\/04\\\/cropped-www.diarioprincipios.com_-1.png\",\"contentUrl\":\"https:\\\/\\\/diarioprincipios.com\\\/wp-content\\\/uploads\\\/2024\\\/04\\\/cropped-www.diarioprincipios.com_-1.png\",\"width\":5325,\"height\":1454,\"caption\":\"Principios\"},\"image\":{\"@id\":\"https:\\\/\\\/diarioprincipios.com\\\/#\\\/schema\\\/logo\\\/image\\\/\"}},{\"@type\":\"Person\",\"@id\":\"https:\\\/\\\/diarioprincipios.com\\\/#\\\/schema\\\/person\\\/436d5a1fd41a5e250e23ff5a6a7cb080\",\"name\":\"Hern\u00e1n L\u00f3pez\",\"image\":{\"@type\":\"ImageObject\",\"inLanguage\":\"es\",\"@id\":\"https:\\\/\\\/diarioprincipios.com\\\/wp-content\\\/litespeed\\\/avatar\\\/11ddfe5610ff3bd100522525b2571f48.jpg?ver=1777653193\",\"url\":\"https:\\\/\\\/diarioprincipios.com\\\/wp-content\\\/litespeed\\\/avatar\\\/11ddfe5610ff3bd100522525b2571f48.jpg?ver=1777653193\",\"contentUrl\":\"https:\\\/\\\/diarioprincipios.com\\\/wp-content\\\/litespeed\\\/avatar\\\/11ddfe5610ff3bd100522525b2571f48.jpg?ver=1777653193\",\"caption\":\"Hern\u00e1n L\u00f3pez\"},\"url\":\"https:\\\/\\\/diarioprincipios.com\\\/index.php\\\/author\\\/hernan\\\/\"}]}<\/script>\n<!-- \/ Yoast SEO plugin. -->","yoast_head_json":{"title":"El Pato: Ya se construy\u00f3 el 60% de las nuevas escuelas primaria y secundaria - Principios","robots":{"index":"index","follow":"follow","max-snippet":"max-snippet:-1","max-image-preview":"max-image-preview:large","max-video-preview":"max-video-preview:-1"},"canonical":"https:\/\/diarioprincipios.com\/index.php\/2022\/01\/12\/el-pato-ya-se-construyo-el-60-de-las-nuevas-escuelas-primaria-y-secundaria\/","og_locale":"es_ES","og_type":"article","og_title":"El Pato: Ya se construy\u00f3 el 60% de las nuevas escuelas primaria y secundaria - Principios","og_description":"La Municipalidad de Berazategui -a cargo del intendente Juan Jos\u00e9 Mussi- avanz\u00f3 hasta el 60% en la construcci\u00f3n de dos nuevas Escuelas en El Pato (calle 531 y 633, barrio N\u00e9stor Kirchner). Estas se est\u00e1n edificando en terrenos que fueron cedidos por el Municipio -a trav\u00e9s de la Ordenanza N\u00b0 5900- y beneficiar\u00e1n a m\u00e1s...","og_url":"https:\/\/diarioprincipios.com\/index.php\/2022\/01\/12\/el-pato-ya-se-construyo-el-60-de-las-nuevas-escuelas-primaria-y-secundaria\/","og_site_name":"Principios","article_published_time":"2022-01-13T02:41:26+00:00","article_modified_time":"2022-01-13T02:41:33+00:00","og_image":[{"width":1280,"height":853,"url":"https:\/\/diarioprincipios.com\/wp-content\/uploads\/2022\/01\/EL-PATO-YA-SE-CONSTRUYO-EL-60-DE-LAS-NUEVAS-ESCUELAS-PRIMARIA-Y-SECUNDARIA1-1.jpg","type":"image\/jpeg"}],"author":"Hern\u00e1n L\u00f3pez","twitter_card":"summary_large_image","twitter_misc":{"Escrito por":"Hern\u00e1n L\u00f3pez","Tiempo de lectura":"3 minutos"},"schema":{"@context":"https:\/\/schema.org","@graph":[{"@type":"Article","@id":"https:\/\/diarioprincipios.com\/index.php\/2022\/01\/12\/el-pato-ya-se-construyo-el-60-de-las-nuevas-escuelas-primaria-y-secundaria\/#article","isPartOf":{"@id":"https:\/\/diarioprincipios.com\/index.php\/2022\/01\/12\/el-pato-ya-se-construyo-el-60-de-las-nuevas-escuelas-primaria-y-secundaria\/"},"author":{"name":"Hern\u00e1n L\u00f3pez","@id":"https:\/\/diarioprincipios.com\/#\/schema\/person\/436d5a1fd41a5e250e23ff5a6a7cb080"},"headline":"El Pato: Ya se construy\u00f3 el 60% de las nuevas escuelas primaria y secundaria","datePublished":"2022-01-13T02:41:26+00:00","dateModified":"2022-01-13T02:41:33+00:00","mainEntityOfPage":{"@id":"https:\/\/diarioprincipios.com\/index.php\/2022\/01\/12\/el-pato-ya-se-construyo-el-60-de-las-nuevas-escuelas-primaria-y-secundaria\/"},"wordCount":401,"commentCount":0,"publisher":{"@id":"https:\/\/diarioprincipios.com\/#organization"},"image":{"@id":"https:\/\/diarioprincipios.com\/index.php\/2022\/01\/12\/el-pato-ya-se-construyo-el-60-de-las-nuevas-escuelas-primaria-y-secundaria\/#primaryimage"},"thumbnailUrl":"https:\/\/diarioprincipios.com\/wp-content\/uploads\/2022\/01\/EL-PATO-YA-SE-CONSTRUYO-EL-60-DE-LAS-NUEVAS-ESCUELAS-PRIMARIA-Y-SECUNDARIA1-1.jpg","articleSection":["Berazategui"],"inLanguage":"es","potentialAction":[{"@type":"CommentAction","name":"Comment","target":["https:\/\/diarioprincipios.com\/index.php\/2022\/01\/12\/el-pato-ya-se-construyo-el-60-de-las-nuevas-escuelas-primaria-y-secundaria\/#respond"]}]},{"@type":"WebPage","@id":"https:\/\/diarioprincipios.com\/index.php\/2022\/01\/12\/el-pato-ya-se-construyo-el-60-de-las-nuevas-escuelas-primaria-y-secundaria\/","url":"https:\/\/diarioprincipios.com\/index.php\/2022\/01\/12\/el-pato-ya-se-construyo-el-60-de-las-nuevas-escuelas-primaria-y-secundaria\/","name":"El Pato: Ya se construy\u00f3 el 60% de las nuevas escuelas primaria y secundaria - Principios","isPartOf":{"@id":"https:\/\/diarioprincipios.com\/#website"},"primaryImageOfPage":{"@id":"https:\/\/diarioprincipios.com\/index.php\/2022\/01\/12\/el-pato-ya-se-construyo-el-60-de-las-nuevas-escuelas-primaria-y-secundaria\/#primaryimage"},"image":{"@id":"https:\/\/diarioprincipios.com\/index.php\/2022\/01\/12\/el-pato-ya-se-construyo-el-60-de-las-nuevas-escuelas-primaria-y-secundaria\/#primaryimage"},"thumbnailUrl":"https:\/\/diarioprincipios.com\/wp-content\/uploads\/2022\/01\/EL-PATO-YA-SE-CONSTRUYO-EL-60-DE-LAS-NUEVAS-ESCUELAS-PRIMARIA-Y-SECUNDARIA1-1.jpg","datePublished":"2022-01-13T02:41:26+00:00","dateModified":"2022-01-13T02:41:33+00:00","breadcrumb":{"@id":"https:\/\/diarioprincipios.com\/index.php\/2022\/01\/12\/el-pato-ya-se-construyo-el-60-de-las-nuevas-escuelas-primaria-y-secundaria\/#breadcrumb"},"inLanguage":"es","potentialAction":[{"@type":"ReadAction","target":["https:\/\/diarioprincipios.com\/index.php\/2022\/01\/12\/el-pato-ya-se-construyo-el-60-de-las-nuevas-escuelas-primaria-y-secundaria\/"]}]},{"@type":"ImageObject","inLanguage":"es","@id":"https:\/\/diarioprincipios.com\/index.php\/2022\/01\/12\/el-pato-ya-se-construyo-el-60-de-las-nuevas-escuelas-primaria-y-secundaria\/#primaryimage","url":"https:\/\/diarioprincipios.com\/wp-content\/uploads\/2022\/01\/EL-PATO-YA-SE-CONSTRUYO-EL-60-DE-LAS-NUEVAS-ESCUELAS-PRIMARIA-Y-SECUNDARIA1-1.jpg","contentUrl":"https:\/\/diarioprincipios.com\/wp-content\/uploads\/2022\/01\/EL-PATO-YA-SE-CONSTRUYO-EL-60-DE-LAS-NUEVAS-ESCUELAS-PRIMARIA-Y-SECUNDARIA1-1.jpg","width":1280,"height":853},{"@type":"BreadcrumbList","@id":"https:\/\/diarioprincipios.com\/index.php\/2022\/01\/12\/el-pato-ya-se-construyo-el-60-de-las-nuevas-escuelas-primaria-y-secundaria\/#breadcrumb","itemListElement":[{"@type":"ListItem","position":1,"name":"Portada","item":"https:\/\/diarioprincipios.com\/"},{"@type":"ListItem","position":2,"name":"El Pato: Ya se construy\u00f3 el 60% de las nuevas escuelas primaria y secundaria"}]},{"@type":"WebSite","@id":"https:\/\/diarioprincipios.com\/#website","url":"https:\/\/diarioprincipios.com\/","name":"Principios","description":"Principios Diario","publisher":{"@id":"https:\/\/diarioprincipios.com\/#organization"},"potentialAction":[{"@type":"SearchAction","target":{"@type":"EntryPoint","urlTemplate":"https:\/\/diarioprincipios.com\/?s={search_term_string}"},"query-input":{"@type":"PropertyValueSpecification","valueRequired":true,"valueName":"search_term_string"}}],"inLanguage":"es"},{"@type":"Organization","@id":"https:\/\/diarioprincipios.com\/#organization","name":"Principios","url":"https:\/\/diarioprincipios.com\/","logo":{"@type":"ImageObject","inLanguage":"es","@id":"https:\/\/diarioprincipios.com\/#\/schema\/logo\/image\/","url":"https:\/\/diarioprincipios.com\/wp-content\/uploads\/2024\/04\/cropped-www.diarioprincipios.com_-1.png","contentUrl":"https:\/\/diarioprincipios.com\/wp-content\/uploads\/2024\/04\/cropped-www.diarioprincipios.com_-1.png","width":5325,"height":1454,"caption":"Principios"},"image":{"@id":"https:\/\/diarioprincipios.com\/#\/schema\/logo\/image\/"}},{"@type":"Person","@id":"https:\/\/diarioprincipios.com\/#\/schema\/person\/436d5a1fd41a5e250e23ff5a6a7cb080","name":"Hern\u00e1n L\u00f3pez","image":{"@type":"ImageObject","inLanguage":"es","@id":"https:\/\/diarioprincipios.com\/wp-content\/litespeed\/avatar\/11ddfe5610ff3bd100522525b2571f48.jpg?ver=1777653193","url":"https:\/\/diarioprincipios.com\/wp-content\/litespeed\/avatar\/11ddfe5610ff3bd100522525b2571f48.jpg?ver=1777653193","contentUrl":"https:\/\/diarioprincipios.com\/wp-content\/litespeed\/avatar\/11ddfe5610ff3bd100522525b2571f48.jpg?ver=1777653193","caption":"Hern\u00e1n L\u00f3pez"},"url":"https:\/\/diarioprincipios.com\/index.php\/author\/hernan\/"}]}},"jetpack_featured_media_url":"https:\/\/diarioprincipios.com\/wp-content\/uploads\/2022\/01\/EL-PATO-YA-SE-CONSTRUYO-EL-60-DE-LAS-NUEVAS-ESCUELAS-PRIMARIA-Y-SECUNDARIA1-1.jpg","_links":{"self":[{"href":"https:\/\/diarioprincipios.com\/index.php\/wp-json\/wp\/v2\/posts\/12389","targetHints":{"allow":["GET"]}}],"collection":[{"href":"https:\/\/diarioprincipios.com\/index.php\/wp-json\/wp\/v2\/posts"}],"about":[{"href":"https:\/\/diarioprincipios.com\/index.php\/wp-json\/wp\/v2\/types\/post"}],"author":[{"embeddable":true,"href":"https:\/\/diarioprincipios.com\/index.php\/wp-json\/wp\/v2\/users\/2"}],"replies":[{"embeddable":true,"href":"https:\/\/diarioprincipios.com\/index.php\/wp-json\/wp\/v2\/comments?post=12389"}],"version-history":[{"count":1,"href":"https:\/\/diarioprincipios.com\/index.php\/wp-json\/wp\/v2\/posts\/12389\/revisions"}],"predecessor-version":[{"id":12393,"href":"https:\/\/diarioprincipios.com\/index.php\/wp-json\/wp\/v2\/posts\/12389\/revisions\/12393"}],"wp:featuredmedia":[{"embeddable":true,"href":"https:\/\/diarioprincipios.com\/index.php\/wp-json\/wp\/v2\/media\/12392"}],"wp:attachment":[{"href":"https:\/\/diarioprincipios.com\/index.php\/wp-json\/wp\/v2\/media?parent=12389"}],"wp:term":[{"taxonomy":"category","embeddable":true,"href":"https:\/\/diarioprincipios.com\/index.php\/wp-json\/wp\/v2\/categories?post=12389"},{"taxonomy":"post_tag","embeddable":true,"href":"https:\/\/diarioprincipios.com\/index.php\/wp-json\/wp\/v2\/tags?post=12389"}],"curies":[{"name":"wp","href":"https:\/\/api.w.org\/{rel}","templated":true}]}}