{"id":12379,"date":"2022-01-12T22:50:26","date_gmt":"2022-01-13T01:50:26","guid":{"rendered":"http:\/\/diarioprincipios.com\/?p=12379"},"modified":"2022-01-12T22:50:32","modified_gmt":"2022-01-13T01:50:32","slug":"el-dirigente-sindical-hernan-rossi-habria-sido-victima-de-atentado-mafioso","status":"publish","type":"post","link":"https:\/\/diarioprincipios.com\/index.php\/2022\/01\/12\/el-dirigente-sindical-hernan-rossi-habria-sido-victima-de-atentado-mafioso\/","title":{"rendered":"El dirigente sindical Hern\u00e1n Rossi habr\u00eda sido v\u00edctima de atentado mafioso"},"content":{"rendered":"\n<p>\u201cMi familia y yo estamos vivos gracias a mi hija\u201d, habr\u00eda manifestado el dirigente.-<br>Seg\u00fan hubiera manifestado en sus redes sociales, Hern\u00e1n Rossi, un reconocido dirigente gremial provincial, oriundo de La Plata, quien hasta hace poco se desempe\u00f1ara en el cargo de Secretario del Interior de la UPCN Seccional Provincia de Buenos Aires, y del que aparentemente fuera removido ilegalmente, generado un conflicto con la conducci\u00f3n de la Organizaci\u00f3n gremial mencionada, en la ma\u00f1ana del 23 de Diciembre de 2021 recibi\u00f3 una amenaza an\u00f3nima y luego en la madrugada de hoy 12 de Enero de 2022, siendo aproximadamente la 1.40 a.m , una persona de sexo masculino montada a una moto, se subi\u00f3 a la vereda de su casa y roci\u00f3 con nafta las ventanas de la misma por fuera y por dentro a trav\u00e9s de las hendijas para luego prenderla fuego ,con toda la familia adentro. <\/p>\n\n\n\n<figure class=\"wp-block-image size-full\"><img loading=\"lazy\" decoding=\"async\" width=\"497\" height=\"497\" src=\"https:\/\/diarioprincipios.com\/wp-content\/uploads\/2022\/01\/IMG-20220112-WA0104.jpg\" alt=\"\" class=\"wp-image-12380\" srcset=\"https:\/\/diarioprincipios.com\/wp-content\/uploads\/2022\/01\/IMG-20220112-WA0104.jpg 497w, https:\/\/diarioprincipios.com\/wp-content\/uploads\/2022\/01\/IMG-20220112-WA0104-300x300.jpg 300w, https:\/\/diarioprincipios.com\/wp-content\/uploads\/2022\/01\/IMG-20220112-WA0104-150x150.jpg 150w\" sizes=\"auto, (max-width: 497px) 100vw, 497px\" \/><\/figure>\n\n\n\n<p>Al parecer la hija mayor que estaba despierta, escucho los ruidos y es quien se encarg\u00f3 de despertar al resto de la familia y entre todos apagaron el incendio, que por suerte solo habr\u00eda dejado da\u00f1os materiales.-<br>Todo indica que la denuncia penal ya est\u00e1 radicada en Sede Judicial y que ya tendr\u00eda n\u00famero de Instrucci\u00f3n Penal Preparatoria y estar\u00edan a la espera de que el fiscal de turno dicte las medidas de pruebas necesarias para probar la comisi\u00f3n del delito y la autor\u00eda material e intelectual del hecho.-<\/p>\n","protected":false},"excerpt":{"rendered":"<p>\u201cMi familia y yo estamos vivos gracias a mi hija\u201d, habr\u00eda manifestado el dirigente.-Seg\u00fan hubiera manifestado en sus redes sociales, Hern\u00e1n Rossi, un reconocido dirigente gremial provincial, oriundo de La Plata, quien hasta hace poco se desempe\u00f1ara en el cargo de Secretario del Interior de la UPCN Seccional Provincia de Buenos Aires, y del que&#8230;<\/p>\n","protected":false},"author":2,"featured_media":12381,"comment_status":"open","ping_status":"open","sticky":false,"template":"","format":"standard","meta":{"footnotes":""},"categories":[7],"tags":[],"class_list":["post-12379","post","type-post","status-publish","format-standard","has-post-thumbnail","hentry","category-provincia"],"featured_image_src":"https:\/\/diarioprincipios.com\/wp-content\/uploads\/2022\/01\/IMG-20220112-WA0106-1024x768.jpg","blog_images":{"medium":"https:\/\/diarioprincipios.com\/wp-content\/uploads\/2022\/01\/IMG-20220112-WA0106-300x225.jpg","large":"https:\/\/diarioprincipios.com\/wp-content\/uploads\/2022\/01\/IMG-20220112-WA0106-1024x768.jpg"},"ams_acf":[],"yoast_head":"<!-- This site is optimized with the Yoast SEO plugin v27.3 - https:\/\/yoast.com\/product\/yoast-seo-wordpress\/ -->\n<title>El dirigente sindical Hern\u00e1n Rossi habr\u00eda sido v\u00edctima de atentado mafioso - Principios<\/title>\n<meta name=\"robots\" content=\"index, follow, max-snippet:-1, max-image-preview:large, max-video-preview:-1\" \/>\n<link rel=\"canonical\" href=\"https:\/\/diarioprincipios.com\/index.php\/2022\/01\/12\/el-dirigente-sindical-hernan-rossi-habria-sido-victima-de-atentado-mafioso\/\" \/>\n<meta property=\"og:locale\" content=\"es_ES\" \/>\n<meta property=\"og:type\" content=\"article\" \/>\n<meta property=\"og:title\" content=\"El dirigente sindical Hern\u00e1n Rossi habr\u00eda sido v\u00edctima de atentado mafioso - Principios\" \/>\n<meta property=\"og:description\" content=\"\u201cMi familia y yo estamos vivos gracias a mi hija\u201d, habr\u00eda manifestado el dirigente.-Seg\u00fan hubiera manifestado en sus redes sociales, Hern\u00e1n Rossi, un reconocido dirigente gremial provincial, oriundo de La Plata, quien hasta hace poco se desempe\u00f1ara en el cargo de Secretario del Interior de la UPCN Seccional Provincia de Buenos Aires, y del que...\" \/>\n<meta property=\"og:url\" content=\"https:\/\/diarioprincipios.com\/index.php\/2022\/01\/12\/el-dirigente-sindical-hernan-rossi-habria-sido-victima-de-atentado-mafioso\/\" \/>\n<meta property=\"og:site_name\" content=\"Principios\" \/>\n<meta property=\"article:published_time\" content=\"2022-01-13T01:50:26+00:00\" \/>\n<meta property=\"article:modified_time\" content=\"2022-01-13T01:50:32+00:00\" \/>\n<meta property=\"og:image\" content=\"https:\/\/diarioprincipios.com\/wp-content\/uploads\/2022\/01\/IMG-20220112-WA0106.jpg\" \/>\n\t<meta property=\"og:image:width\" content=\"1600\" \/>\n\t<meta property=\"og:image:height\" content=\"1200\" \/>\n\t<meta property=\"og:image:type\" content=\"image\/jpeg\" \/>\n<meta name=\"author\" content=\"Hern\u00e1n L\u00f3pez\" \/>\n<meta name=\"twitter:card\" content=\"summary_large_image\" \/>\n<meta name=\"twitter:label1\" content=\"Escrito por\" \/>\n\t<meta name=\"twitter:data1\" content=\"Hern\u00e1n L\u00f3pez\" \/>\n\t<meta name=\"twitter:label2\" content=\"Tiempo de lectura\" \/>\n\t<meta name=\"twitter:data2\" content=\"2 minutos\" \/>\n<script type=\"application\/ld+json\" class=\"yoast-schema-graph\">{\"@context\":\"https:\\\/\\\/schema.org\",\"@graph\":[{\"@type\":\"Article\",\"@id\":\"https:\\\/\\\/diarioprincipios.com\\\/index.php\\\/2022\\\/01\\\/12\\\/el-dirigente-sindical-hernan-rossi-habria-sido-victima-de-atentado-mafioso\\\/#article\",\"isPartOf\":{\"@id\":\"https:\\\/\\\/diarioprincipios.com\\\/index.php\\\/2022\\\/01\\\/12\\\/el-dirigente-sindical-hernan-rossi-habria-sido-victima-de-atentado-mafioso\\\/\"},\"author\":{\"name\":\"Hern\u00e1n L\u00f3pez\",\"@id\":\"https:\\\/\\\/diarioprincipios.com\\\/#\\\/schema\\\/person\\\/436d5a1fd41a5e250e23ff5a6a7cb080\"},\"headline\":\"El dirigente sindical Hern\u00e1n Rossi habr\u00eda sido v\u00edctima de atentado mafioso\",\"datePublished\":\"2022-01-13T01:50:26+00:00\",\"dateModified\":\"2022-01-13T01:50:32+00:00\",\"mainEntityOfPage\":{\"@id\":\"https:\\\/\\\/diarioprincipios.com\\\/index.php\\\/2022\\\/01\\\/12\\\/el-dirigente-sindical-hernan-rossi-habria-sido-victima-de-atentado-mafioso\\\/\"},\"wordCount\":262,\"commentCount\":0,\"publisher\":{\"@id\":\"https:\\\/\\\/diarioprincipios.com\\\/#organization\"},\"image\":{\"@id\":\"https:\\\/\\\/diarioprincipios.com\\\/index.php\\\/2022\\\/01\\\/12\\\/el-dirigente-sindical-hernan-rossi-habria-sido-victima-de-atentado-mafioso\\\/#primaryimage\"},\"thumbnailUrl\":\"https:\\\/\\\/diarioprincipios.com\\\/wp-content\\\/uploads\\\/2022\\\/01\\\/IMG-20220112-WA0106.jpg\",\"articleSection\":[\"Provincia\"],\"inLanguage\":\"es\",\"potentialAction\":[{\"@type\":\"CommentAction\",\"name\":\"Comment\",\"target\":[\"https:\\\/\\\/diarioprincipios.com\\\/index.php\\\/2022\\\/01\\\/12\\\/el-dirigente-sindical-hernan-rossi-habria-sido-victima-de-atentado-mafioso\\\/#respond\"]}]},{\"@type\":\"WebPage\",\"@id\":\"https:\\\/\\\/diarioprincipios.com\\\/index.php\\\/2022\\\/01\\\/12\\\/el-dirigente-sindical-hernan-rossi-habria-sido-victima-de-atentado-mafioso\\\/\",\"url\":\"https:\\\/\\\/diarioprincipios.com\\\/index.php\\\/2022\\\/01\\\/12\\\/el-dirigente-sindical-hernan-rossi-habria-sido-victima-de-atentado-mafioso\\\/\",\"name\":\"El dirigente sindical Hern\u00e1n Rossi habr\u00eda sido v\u00edctima de atentado mafioso - Principios\",\"isPartOf\":{\"@id\":\"https:\\\/\\\/diarioprincipios.com\\\/#website\"},\"primaryImageOfPage\":{\"@id\":\"https:\\\/\\\/diarioprincipios.com\\\/index.php\\\/2022\\\/01\\\/12\\\/el-dirigente-sindical-hernan-rossi-habria-sido-victima-de-atentado-mafioso\\\/#primaryimage\"},\"image\":{\"@id\":\"https:\\\/\\\/diarioprincipios.com\\\/index.php\\\/2022\\\/01\\\/12\\\/el-dirigente-sindical-hernan-rossi-habria-sido-victima-de-atentado-mafioso\\\/#primaryimage\"},\"thumbnailUrl\":\"https:\\\/\\\/diarioprincipios.com\\\/wp-content\\\/uploads\\\/2022\\\/01\\\/IMG-20220112-WA0106.jpg\",\"datePublished\":\"2022-01-13T01:50:26+00:00\",\"dateModified\":\"2022-01-13T01:50:32+00:00\",\"breadcrumb\":{\"@id\":\"https:\\\/\\\/diarioprincipios.com\\\/index.php\\\/2022\\\/01\\\/12\\\/el-dirigente-sindical-hernan-rossi-habria-sido-victima-de-atentado-mafioso\\\/#breadcrumb\"},\"inLanguage\":\"es\",\"potentialAction\":[{\"@type\":\"ReadAction\",\"target\":[\"https:\\\/\\\/diarioprincipios.com\\\/index.php\\\/2022\\\/01\\\/12\\\/el-dirigente-sindical-hernan-rossi-habria-sido-victima-de-atentado-mafioso\\\/\"]}]},{\"@type\":\"ImageObject\",\"inLanguage\":\"es\",\"@id\":\"https:\\\/\\\/diarioprincipios.com\\\/index.php\\\/2022\\\/01\\\/12\\\/el-dirigente-sindical-hernan-rossi-habria-sido-victima-de-atentado-mafioso\\\/#primaryimage\",\"url\":\"https:\\\/\\\/diarioprincipios.com\\\/wp-content\\\/uploads\\\/2022\\\/01\\\/IMG-20220112-WA0106.jpg\",\"contentUrl\":\"https:\\\/\\\/diarioprincipios.com\\\/wp-content\\\/uploads\\\/2022\\\/01\\\/IMG-20220112-WA0106.jpg\",\"width\":1600,\"height\":1200},{\"@type\":\"BreadcrumbList\",\"@id\":\"https:\\\/\\\/diarioprincipios.com\\\/index.php\\\/2022\\\/01\\\/12\\\/el-dirigente-sindical-hernan-rossi-habria-sido-victima-de-atentado-mafioso\\\/#breadcrumb\",\"itemListElement\":[{\"@type\":\"ListItem\",\"position\":1,\"name\":\"Portada\",\"item\":\"https:\\\/\\\/diarioprincipios.com\\\/\"},{\"@type\":\"ListItem\",\"position\":2,\"name\":\"El dirigente sindical Hern\u00e1n Rossi habr\u00eda sido v\u00edctima de atentado mafioso\"}]},{\"@type\":\"WebSite\",\"@id\":\"https:\\\/\\\/diarioprincipios.com\\\/#website\",\"url\":\"https:\\\/\\\/diarioprincipios.com\\\/\",\"name\":\"Principios\",\"description\":\"Principios Diario\",\"publisher\":{\"@id\":\"https:\\\/\\\/diarioprincipios.com\\\/#organization\"},\"potentialAction\":[{\"@type\":\"SearchAction\",\"target\":{\"@type\":\"EntryPoint\",\"urlTemplate\":\"https:\\\/\\\/diarioprincipios.com\\\/?s={search_term_string}\"},\"query-input\":{\"@type\":\"PropertyValueSpecification\",\"valueRequired\":true,\"valueName\":\"search_term_string\"}}],\"inLanguage\":\"es\"},{\"@type\":\"Organization\",\"@id\":\"https:\\\/\\\/diarioprincipios.com\\\/#organization\",\"name\":\"Principios\",\"url\":\"https:\\\/\\\/diarioprincipios.com\\\/\",\"logo\":{\"@type\":\"ImageObject\",\"inLanguage\":\"es\",\"@id\":\"https:\\\/\\\/diarioprincipios.com\\\/#\\\/schema\\\/logo\\\/image\\\/\",\"url\":\"https:\\\/\\\/diarioprincipios.com\\\/wp-content\\\/uploads\\\/2024\\\/04\\\/cropped-www.diarioprincipios.com_-1.png\",\"contentUrl\":\"https:\\\/\\\/diarioprincipios.com\\\/wp-content\\\/uploads\\\/2024\\\/04\\\/cropped-www.diarioprincipios.com_-1.png\",\"width\":5325,\"height\":1454,\"caption\":\"Principios\"},\"image\":{\"@id\":\"https:\\\/\\\/diarioprincipios.com\\\/#\\\/schema\\\/logo\\\/image\\\/\"}},{\"@type\":\"Person\",\"@id\":\"https:\\\/\\\/diarioprincipios.com\\\/#\\\/schema\\\/person\\\/436d5a1fd41a5e250e23ff5a6a7cb080\",\"name\":\"Hern\u00e1n L\u00f3pez\",\"image\":{\"@type\":\"ImageObject\",\"inLanguage\":\"es\",\"@id\":\"https:\\\/\\\/diarioprincipios.com\\\/wp-content\\\/litespeed\\\/avatar\\\/11ddfe5610ff3bd100522525b2571f48.jpg?ver=1777653193\",\"url\":\"https:\\\/\\\/diarioprincipios.com\\\/wp-content\\\/litespeed\\\/avatar\\\/11ddfe5610ff3bd100522525b2571f48.jpg?ver=1777653193\",\"contentUrl\":\"https:\\\/\\\/diarioprincipios.com\\\/wp-content\\\/litespeed\\\/avatar\\\/11ddfe5610ff3bd100522525b2571f48.jpg?ver=1777653193\",\"caption\":\"Hern\u00e1n L\u00f3pez\"},\"url\":\"https:\\\/\\\/diarioprincipios.com\\\/index.php\\\/author\\\/hernan\\\/\"}]}<\/script>\n<!-- \/ Yoast SEO plugin. -->","yoast_head_json":{"title":"El dirigente sindical Hern\u00e1n Rossi habr\u00eda sido v\u00edctima de atentado mafioso - Principios","robots":{"index":"index","follow":"follow","max-snippet":"max-snippet:-1","max-image-preview":"max-image-preview:large","max-video-preview":"max-video-preview:-1"},"canonical":"https:\/\/diarioprincipios.com\/index.php\/2022\/01\/12\/el-dirigente-sindical-hernan-rossi-habria-sido-victima-de-atentado-mafioso\/","og_locale":"es_ES","og_type":"article","og_title":"El dirigente sindical Hern\u00e1n Rossi habr\u00eda sido v\u00edctima de atentado mafioso - Principios","og_description":"\u201cMi familia y yo estamos vivos gracias a mi hija\u201d, habr\u00eda manifestado el dirigente.-Seg\u00fan hubiera manifestado en sus redes sociales, Hern\u00e1n Rossi, un reconocido dirigente gremial provincial, oriundo de La Plata, quien hasta hace poco se desempe\u00f1ara en el cargo de Secretario del Interior de la UPCN Seccional Provincia de Buenos Aires, y del que...","og_url":"https:\/\/diarioprincipios.com\/index.php\/2022\/01\/12\/el-dirigente-sindical-hernan-rossi-habria-sido-victima-de-atentado-mafioso\/","og_site_name":"Principios","article_published_time":"2022-01-13T01:50:26+00:00","article_modified_time":"2022-01-13T01:50:32+00:00","og_image":[{"width":1600,"height":1200,"url":"https:\/\/diarioprincipios.com\/wp-content\/uploads\/2022\/01\/IMG-20220112-WA0106.jpg","type":"image\/jpeg"}],"author":"Hern\u00e1n L\u00f3pez","twitter_card":"summary_large_image","twitter_misc":{"Escrito por":"Hern\u00e1n L\u00f3pez","Tiempo de lectura":"2 minutos"},"schema":{"@context":"https:\/\/schema.org","@graph":[{"@type":"Article","@id":"https:\/\/diarioprincipios.com\/index.php\/2022\/01\/12\/el-dirigente-sindical-hernan-rossi-habria-sido-victima-de-atentado-mafioso\/#article","isPartOf":{"@id":"https:\/\/diarioprincipios.com\/index.php\/2022\/01\/12\/el-dirigente-sindical-hernan-rossi-habria-sido-victima-de-atentado-mafioso\/"},"author":{"name":"Hern\u00e1n L\u00f3pez","@id":"https:\/\/diarioprincipios.com\/#\/schema\/person\/436d5a1fd41a5e250e23ff5a6a7cb080"},"headline":"El dirigente sindical Hern\u00e1n Rossi habr\u00eda sido v\u00edctima de atentado mafioso","datePublished":"2022-01-13T01:50:26+00:00","dateModified":"2022-01-13T01:50:32+00:00","mainEntityOfPage":{"@id":"https:\/\/diarioprincipios.com\/index.php\/2022\/01\/12\/el-dirigente-sindical-hernan-rossi-habria-sido-victima-de-atentado-mafioso\/"},"wordCount":262,"commentCount":0,"publisher":{"@id":"https:\/\/diarioprincipios.com\/#organization"},"image":{"@id":"https:\/\/diarioprincipios.com\/index.php\/2022\/01\/12\/el-dirigente-sindical-hernan-rossi-habria-sido-victima-de-atentado-mafioso\/#primaryimage"},"thumbnailUrl":"https:\/\/diarioprincipios.com\/wp-content\/uploads\/2022\/01\/IMG-20220112-WA0106.jpg","articleSection":["Provincia"],"inLanguage":"es","potentialAction":[{"@type":"CommentAction","name":"Comment","target":["https:\/\/diarioprincipios.com\/index.php\/2022\/01\/12\/el-dirigente-sindical-hernan-rossi-habria-sido-victima-de-atentado-mafioso\/#respond"]}]},{"@type":"WebPage","@id":"https:\/\/diarioprincipios.com\/index.php\/2022\/01\/12\/el-dirigente-sindical-hernan-rossi-habria-sido-victima-de-atentado-mafioso\/","url":"https:\/\/diarioprincipios.com\/index.php\/2022\/01\/12\/el-dirigente-sindical-hernan-rossi-habria-sido-victima-de-atentado-mafioso\/","name":"El dirigente sindical Hern\u00e1n Rossi habr\u00eda sido v\u00edctima de atentado mafioso - Principios","isPartOf":{"@id":"https:\/\/diarioprincipios.com\/#website"},"primaryImageOfPage":{"@id":"https:\/\/diarioprincipios.com\/index.php\/2022\/01\/12\/el-dirigente-sindical-hernan-rossi-habria-sido-victima-de-atentado-mafioso\/#primaryimage"},"image":{"@id":"https:\/\/diarioprincipios.com\/index.php\/2022\/01\/12\/el-dirigente-sindical-hernan-rossi-habria-sido-victima-de-atentado-mafioso\/#primaryimage"},"thumbnailUrl":"https:\/\/diarioprincipios.com\/wp-content\/uploads\/2022\/01\/IMG-20220112-WA0106.jpg","datePublished":"2022-01-13T01:50:26+00:00","dateModified":"2022-01-13T01:50:32+00:00","breadcrumb":{"@id":"https:\/\/diarioprincipios.com\/index.php\/2022\/01\/12\/el-dirigente-sindical-hernan-rossi-habria-sido-victima-de-atentado-mafioso\/#breadcrumb"},"inLanguage":"es","potentialAction":[{"@type":"ReadAction","target":["https:\/\/diarioprincipios.com\/index.php\/2022\/01\/12\/el-dirigente-sindical-hernan-rossi-habria-sido-victima-de-atentado-mafioso\/"]}]},{"@type":"ImageObject","inLanguage":"es","@id":"https:\/\/diarioprincipios.com\/index.php\/2022\/01\/12\/el-dirigente-sindical-hernan-rossi-habria-sido-victima-de-atentado-mafioso\/#primaryimage","url":"https:\/\/diarioprincipios.com\/wp-content\/uploads\/2022\/01\/IMG-20220112-WA0106.jpg","contentUrl":"https:\/\/diarioprincipios.com\/wp-content\/uploads\/2022\/01\/IMG-20220112-WA0106.jpg","width":1600,"height":1200},{"@type":"BreadcrumbList","@id":"https:\/\/diarioprincipios.com\/index.php\/2022\/01\/12\/el-dirigente-sindical-hernan-rossi-habria-sido-victima-de-atentado-mafioso\/#breadcrumb","itemListElement":[{"@type":"ListItem","position":1,"name":"Portada","item":"https:\/\/diarioprincipios.com\/"},{"@type":"ListItem","position":2,"name":"El dirigente sindical Hern\u00e1n Rossi habr\u00eda sido v\u00edctima de atentado mafioso"}]},{"@type":"WebSite","@id":"https:\/\/diarioprincipios.com\/#website","url":"https:\/\/diarioprincipios.com\/","name":"Principios","description":"Principios Diario","publisher":{"@id":"https:\/\/diarioprincipios.com\/#organization"},"potentialAction":[{"@type":"SearchAction","target":{"@type":"EntryPoint","urlTemplate":"https:\/\/diarioprincipios.com\/?s={search_term_string}"},"query-input":{"@type":"PropertyValueSpecification","valueRequired":true,"valueName":"search_term_string"}}],"inLanguage":"es"},{"@type":"Organization","@id":"https:\/\/diarioprincipios.com\/#organization","name":"Principios","url":"https:\/\/diarioprincipios.com\/","logo":{"@type":"ImageObject","inLanguage":"es","@id":"https:\/\/diarioprincipios.com\/#\/schema\/logo\/image\/","url":"https:\/\/diarioprincipios.com\/wp-content\/uploads\/2024\/04\/cropped-www.diarioprincipios.com_-1.png","contentUrl":"https:\/\/diarioprincipios.com\/wp-content\/uploads\/2024\/04\/cropped-www.diarioprincipios.com_-1.png","width":5325,"height":1454,"caption":"Principios"},"image":{"@id":"https:\/\/diarioprincipios.com\/#\/schema\/logo\/image\/"}},{"@type":"Person","@id":"https:\/\/diarioprincipios.com\/#\/schema\/person\/436d5a1fd41a5e250e23ff5a6a7cb080","name":"Hern\u00e1n L\u00f3pez","image":{"@type":"ImageObject","inLanguage":"es","@id":"https:\/\/diarioprincipios.com\/wp-content\/litespeed\/avatar\/11ddfe5610ff3bd100522525b2571f48.jpg?ver=1777653193","url":"https:\/\/diarioprincipios.com\/wp-content\/litespeed\/avatar\/11ddfe5610ff3bd100522525b2571f48.jpg?ver=1777653193","contentUrl":"https:\/\/diarioprincipios.com\/wp-content\/litespeed\/avatar\/11ddfe5610ff3bd100522525b2571f48.jpg?ver=1777653193","caption":"Hern\u00e1n L\u00f3pez"},"url":"https:\/\/diarioprincipios.com\/index.php\/author\/hernan\/"}]}},"jetpack_featured_media_url":"https:\/\/diarioprincipios.com\/wp-content\/uploads\/2022\/01\/IMG-20220112-WA0106.jpg","_links":{"self":[{"href":"https:\/\/diarioprincipios.com\/index.php\/wp-json\/wp\/v2\/posts\/12379","targetHints":{"allow":["GET"]}}],"collection":[{"href":"https:\/\/diarioprincipios.com\/index.php\/wp-json\/wp\/v2\/posts"}],"about":[{"href":"https:\/\/diarioprincipios.com\/index.php\/wp-json\/wp\/v2\/types\/post"}],"author":[{"embeddable":true,"href":"https:\/\/diarioprincipios.com\/index.php\/wp-json\/wp\/v2\/users\/2"}],"replies":[{"embeddable":true,"href":"https:\/\/diarioprincipios.com\/index.php\/wp-json\/wp\/v2\/comments?post=12379"}],"version-history":[{"count":1,"href":"https:\/\/diarioprincipios.com\/index.php\/wp-json\/wp\/v2\/posts\/12379\/revisions"}],"predecessor-version":[{"id":12382,"href":"https:\/\/diarioprincipios.com\/index.php\/wp-json\/wp\/v2\/posts\/12379\/revisions\/12382"}],"wp:featuredmedia":[{"embeddable":true,"href":"https:\/\/diarioprincipios.com\/index.php\/wp-json\/wp\/v2\/media\/12381"}],"wp:attachment":[{"href":"https:\/\/diarioprincipios.com\/index.php\/wp-json\/wp\/v2\/media?parent=12379"}],"wp:term":[{"taxonomy":"category","embeddable":true,"href":"https:\/\/diarioprincipios.com\/index.php\/wp-json\/wp\/v2\/categories?post=12379"},{"taxonomy":"post_tag","embeddable":true,"href":"https:\/\/diarioprincipios.com\/index.php\/wp-json\/wp\/v2\/tags?post=12379"}],"curies":[{"name":"wp","href":"https:\/\/api.w.org\/{rel}","templated":true}]}}