{"id":12368,"date":"2022-01-10T15:35:01","date_gmt":"2022-01-10T18:35:01","guid":{"rendered":"http:\/\/diarioprincipios.com\/?p=12368"},"modified":"2022-01-10T15:35:08","modified_gmt":"2022-01-10T18:35:08","slug":"unanime-apoyo-a-la-gestion-de-roberto-mata-rodriguez-en-comercio","status":"publish","type":"post","link":"https:\/\/diarioprincipios.com\/index.php\/2022\/01\/10\/unanime-apoyo-a-la-gestion-de-roberto-mata-rodriguez-en-comercio\/","title":{"rendered":"Un\u00e1nime apoyo a la gesti\u00f3n de Roberto \u00abMata\u00bb Rodriguez en Comercio"},"content":{"rendered":"\n<p>El Domingo 9 de enero de 2022, el Centro de Empleados de Comercio de Quilmes, encabezado por su Secretario General, Roberto \u201cMata\u201d Rodr\u00edguez,\u00a0 llevo adelante la Asamblea General Ordinaria para aprobaci\u00f3n de Memoria y Balance del ejercicio comprendido entre el 1 de Noviembre de 2020 y el 31 de Octubre de 2021, en el Hermoso Complejo Recreativo \u201cLa Amistad\u201d ubicado en la Localidad de El Pato, partido de Berazategui.<\/p>\n\n\n\n<figure class=\"wp-block-image size-full\"><img loading=\"lazy\" decoding=\"async\" width=\"910\" height=\"657\" src=\"https:\/\/diarioprincipios.com\/wp-content\/uploads\/2022\/01\/IMG-20220110-WA0025.jpg\" alt=\"\" class=\"wp-image-12369\" srcset=\"https:\/\/diarioprincipios.com\/wp-content\/uploads\/2022\/01\/IMG-20220110-WA0025.jpg 910w, https:\/\/diarioprincipios.com\/wp-content\/uploads\/2022\/01\/IMG-20220110-WA0025-300x217.jpg 300w, https:\/\/diarioprincipios.com\/wp-content\/uploads\/2022\/01\/IMG-20220110-WA0025-768x554.jpg 768w\" sizes=\"auto, (max-width: 910px) 100vw, 910px\" \/><\/figure>\n\n\n\n<p>All\u00ed, en el marco de un hermoso d\u00eda de verano, junto a las familias mercantiles de Quilmes, Berazategui,&nbsp; Fcio. Varela&nbsp; y S. F. Solano,&nbsp; el \u201cMata\u201d Rodr\u00edguez puso broche de oro a una impecable gesti\u00f3n que&nbsp; sigui\u00f3 avanzando a pesar de los contratiempos que impuso la pandemia.<\/p>\n\n\n\n<p>M\u00e1s de 900 afiliados dijeron presente en el evento, dando apoyo un\u00e1nime a la gesti\u00f3n y sorprendi\u00e9ndose ante los nuevos proyectos que fueron esbozados por el Secretario General para el pr\u00f3ximo ejercicio. En este sentido informo que, luego de un importante acuerdo que les otorga uso y goce de terrenos ubicados frente al mencionado complejo recreativo, por un periodo de\u00a0 25 a\u00f1os,\u00a0 el sindicato proyecta la construcci\u00f3n de un complejo deportivo de avanzada, que contara, entre otras cosas, con canchas de futbol 5, 7 y 11 totalmente equipadas con c\u00e9sped sint\u00e9tico, canchas de paddle, vestuarios y dem\u00e1s servicios necesarios, apuntando , como siempre, a ofrecerle lo mejor al afiliado y al trabajador de comercio.<\/p>\n\n\n\n<figure class=\"wp-block-image size-large\"><img loading=\"lazy\" decoding=\"async\" width=\"1024\" height=\"646\" src=\"https:\/\/diarioprincipios.com\/wp-content\/uploads\/2022\/01\/IMG-20220110-WA0026-1024x646.jpg\" alt=\"\" class=\"wp-image-12370\" srcset=\"https:\/\/diarioprincipios.com\/wp-content\/uploads\/2022\/01\/IMG-20220110-WA0026-1024x646.jpg 1024w, https:\/\/diarioprincipios.com\/wp-content\/uploads\/2022\/01\/IMG-20220110-WA0026-300x189.jpg 300w, https:\/\/diarioprincipios.com\/wp-content\/uploads\/2022\/01\/IMG-20220110-WA0026-768x485.jpg 768w, https:\/\/diarioprincipios.com\/wp-content\/uploads\/2022\/01\/IMG-20220110-WA0026.jpg 1166w\" sizes=\"auto, (max-width: 1024px) 100vw, 1024px\" \/><\/figure>\n\n\n\n<p>Por otro lado, \u201cEl Mata\u201d adelanto detalles de la futura construcci\u00f3n de la Nueva Delegaci\u00f3n Fcio. Varela, buscando poner al alcance de los varelenses mayores comodidades y servicios acordes a la creciente demanda de esta regi\u00f3n.<\/p>\n\n\n\n<p>Por \u00faltimo, y recalcando la importancia sustancial que posee la educaci\u00f3n y la formaci\u00f3n profesional para el empleado de comercio, as\u00ed como para todo ciudadano,&nbsp; se inform\u00f3 del inicio de obra del nuevo Instituto de Formaci\u00f3n Laboral dentro del Parque Industrial y tecnol\u00f3gico Quilmes, asegurando as\u00ed, un nuevo espacio de avanzada para la capacitaci\u00f3n profesional del empleado de comercio y su familia.&nbsp;<\/p>\n\n\n\n<p>Finalizado el acto institucional y rodeado de trabajadores deseosos de tomarse una foto con \u00e9l, \u201cEl Mata\u201d record\u00f3 la necesidad de seguirnos cuidando y de valorar la salud y la familia ante todas las cosas.&nbsp;<\/p>\n","protected":false},"excerpt":{"rendered":"<p>El Domingo 9 de enero de 2022, el Centro de Empleados de Comercio de Quilmes, encabezado por su Secretario General, Roberto \u201cMata\u201d Rodr\u00edguez,\u00a0 llevo adelante la Asamblea General Ordinaria para aprobaci\u00f3n de Memoria y Balance del ejercicio comprendido entre el 1 de Noviembre de 2020 y el 31 de Octubre de 2021, en el Hermoso&#8230;<\/p>\n","protected":false},"author":2,"featured_media":12371,"comment_status":"open","ping_status":"open","sticky":false,"template":"","format":"standard","meta":{"footnotes":""},"categories":[4],"tags":[],"class_list":["post-12368","post","type-post","status-publish","format-standard","has-post-thumbnail","hentry","category-quilmes"],"featured_image_src":"https:\/\/diarioprincipios.com\/wp-content\/uploads\/2022\/01\/IMG-20220110-WA0024.jpg","blog_images":{"medium":"https:\/\/diarioprincipios.com\/wp-content\/uploads\/2022\/01\/IMG-20220110-WA0024-300x220.jpg","large":"https:\/\/diarioprincipios.com\/wp-content\/uploads\/2022\/01\/IMG-20220110-WA0024.jpg"},"ams_acf":[],"yoast_head":"<!-- This site is optimized with the Yoast SEO plugin v27.3 - https:\/\/yoast.com\/product\/yoast-seo-wordpress\/ -->\n<title>Un\u00e1nime apoyo a la gesti\u00f3n de Roberto &quot;Mata&quot; Rodriguez en Comercio - Principios<\/title>\n<meta name=\"robots\" content=\"index, follow, max-snippet:-1, max-image-preview:large, max-video-preview:-1\" \/>\n<link rel=\"canonical\" href=\"https:\/\/diarioprincipios.com\/index.php\/2022\/01\/10\/unanime-apoyo-a-la-gestion-de-roberto-mata-rodriguez-en-comercio\/\" \/>\n<meta property=\"og:locale\" content=\"es_ES\" \/>\n<meta property=\"og:type\" content=\"article\" \/>\n<meta property=\"og:title\" content=\"Un\u00e1nime apoyo a la gesti\u00f3n de Roberto &quot;Mata&quot; Rodriguez en Comercio - Principios\" \/>\n<meta property=\"og:description\" content=\"El Domingo 9 de enero de 2022, el Centro de Empleados de Comercio de Quilmes, encabezado por su Secretario General, Roberto \u201cMata\u201d Rodr\u00edguez,\u00a0 llevo adelante la Asamblea General Ordinaria para aprobaci\u00f3n de Memoria y Balance del ejercicio comprendido entre el 1 de Noviembre de 2020 y el 31 de Octubre de 2021, en el Hermoso...\" \/>\n<meta property=\"og:url\" content=\"https:\/\/diarioprincipios.com\/index.php\/2022\/01\/10\/unanime-apoyo-a-la-gestion-de-roberto-mata-rodriguez-en-comercio\/\" \/>\n<meta property=\"og:site_name\" content=\"Principios\" \/>\n<meta property=\"article:published_time\" content=\"2022-01-10T18:35:01+00:00\" \/>\n<meta property=\"article:modified_time\" content=\"2022-01-10T18:35:08+00:00\" \/>\n<meta property=\"og:image\" content=\"https:\/\/diarioprincipios.com\/wp-content\/uploads\/2022\/01\/IMG-20220110-WA0024.jpg\" \/>\n\t<meta property=\"og:image:width\" content=\"851\" \/>\n\t<meta property=\"og:image:height\" content=\"624\" \/>\n\t<meta property=\"og:image:type\" content=\"image\/jpeg\" \/>\n<meta name=\"author\" content=\"Hern\u00e1n L\u00f3pez\" \/>\n<meta name=\"twitter:card\" content=\"summary_large_image\" \/>\n<meta name=\"twitter:label1\" content=\"Escrito por\" \/>\n\t<meta name=\"twitter:data1\" content=\"Hern\u00e1n L\u00f3pez\" \/>\n\t<meta name=\"twitter:label2\" content=\"Tiempo de lectura\" \/>\n\t<meta name=\"twitter:data2\" content=\"3 minutos\" \/>\n<script type=\"application\/ld+json\" class=\"yoast-schema-graph\">{\"@context\":\"https:\\\/\\\/schema.org\",\"@graph\":[{\"@type\":\"Article\",\"@id\":\"https:\\\/\\\/diarioprincipios.com\\\/index.php\\\/2022\\\/01\\\/10\\\/unanime-apoyo-a-la-gestion-de-roberto-mata-rodriguez-en-comercio\\\/#article\",\"isPartOf\":{\"@id\":\"https:\\\/\\\/diarioprincipios.com\\\/index.php\\\/2022\\\/01\\\/10\\\/unanime-apoyo-a-la-gestion-de-roberto-mata-rodriguez-en-comercio\\\/\"},\"author\":{\"name\":\"Hern\u00e1n L\u00f3pez\",\"@id\":\"https:\\\/\\\/diarioprincipios.com\\\/#\\\/schema\\\/person\\\/436d5a1fd41a5e250e23ff5a6a7cb080\"},\"headline\":\"Un\u00e1nime apoyo a la gesti\u00f3n de Roberto \u00abMata\u00bb Rodriguez en Comercio\",\"datePublished\":\"2022-01-10T18:35:01+00:00\",\"dateModified\":\"2022-01-10T18:35:08+00:00\",\"mainEntityOfPage\":{\"@id\":\"https:\\\/\\\/diarioprincipios.com\\\/index.php\\\/2022\\\/01\\\/10\\\/unanime-apoyo-a-la-gestion-de-roberto-mata-rodriguez-en-comercio\\\/\"},\"wordCount\":394,\"commentCount\":0,\"publisher\":{\"@id\":\"https:\\\/\\\/diarioprincipios.com\\\/#organization\"},\"image\":{\"@id\":\"https:\\\/\\\/diarioprincipios.com\\\/index.php\\\/2022\\\/01\\\/10\\\/unanime-apoyo-a-la-gestion-de-roberto-mata-rodriguez-en-comercio\\\/#primaryimage\"},\"thumbnailUrl\":\"https:\\\/\\\/diarioprincipios.com\\\/wp-content\\\/uploads\\\/2022\\\/01\\\/IMG-20220110-WA0024.jpg\",\"articleSection\":[\"Quilmes\"],\"inLanguage\":\"es\",\"potentialAction\":[{\"@type\":\"CommentAction\",\"name\":\"Comment\",\"target\":[\"https:\\\/\\\/diarioprincipios.com\\\/index.php\\\/2022\\\/01\\\/10\\\/unanime-apoyo-a-la-gestion-de-roberto-mata-rodriguez-en-comercio\\\/#respond\"]}]},{\"@type\":\"WebPage\",\"@id\":\"https:\\\/\\\/diarioprincipios.com\\\/index.php\\\/2022\\\/01\\\/10\\\/unanime-apoyo-a-la-gestion-de-roberto-mata-rodriguez-en-comercio\\\/\",\"url\":\"https:\\\/\\\/diarioprincipios.com\\\/index.php\\\/2022\\\/01\\\/10\\\/unanime-apoyo-a-la-gestion-de-roberto-mata-rodriguez-en-comercio\\\/\",\"name\":\"Un\u00e1nime apoyo a la gesti\u00f3n de Roberto \\\"Mata\\\" Rodriguez en Comercio - Principios\",\"isPartOf\":{\"@id\":\"https:\\\/\\\/diarioprincipios.com\\\/#website\"},\"primaryImageOfPage\":{\"@id\":\"https:\\\/\\\/diarioprincipios.com\\\/index.php\\\/2022\\\/01\\\/10\\\/unanime-apoyo-a-la-gestion-de-roberto-mata-rodriguez-en-comercio\\\/#primaryimage\"},\"image\":{\"@id\":\"https:\\\/\\\/diarioprincipios.com\\\/index.php\\\/2022\\\/01\\\/10\\\/unanime-apoyo-a-la-gestion-de-roberto-mata-rodriguez-en-comercio\\\/#primaryimage\"},\"thumbnailUrl\":\"https:\\\/\\\/diarioprincipios.com\\\/wp-content\\\/uploads\\\/2022\\\/01\\\/IMG-20220110-WA0024.jpg\",\"datePublished\":\"2022-01-10T18:35:01+00:00\",\"dateModified\":\"2022-01-10T18:35:08+00:00\",\"breadcrumb\":{\"@id\":\"https:\\\/\\\/diarioprincipios.com\\\/index.php\\\/2022\\\/01\\\/10\\\/unanime-apoyo-a-la-gestion-de-roberto-mata-rodriguez-en-comercio\\\/#breadcrumb\"},\"inLanguage\":\"es\",\"potentialAction\":[{\"@type\":\"ReadAction\",\"target\":[\"https:\\\/\\\/diarioprincipios.com\\\/index.php\\\/2022\\\/01\\\/10\\\/unanime-apoyo-a-la-gestion-de-roberto-mata-rodriguez-en-comercio\\\/\"]}]},{\"@type\":\"ImageObject\",\"inLanguage\":\"es\",\"@id\":\"https:\\\/\\\/diarioprincipios.com\\\/index.php\\\/2022\\\/01\\\/10\\\/unanime-apoyo-a-la-gestion-de-roberto-mata-rodriguez-en-comercio\\\/#primaryimage\",\"url\":\"https:\\\/\\\/diarioprincipios.com\\\/wp-content\\\/uploads\\\/2022\\\/01\\\/IMG-20220110-WA0024.jpg\",\"contentUrl\":\"https:\\\/\\\/diarioprincipios.com\\\/wp-content\\\/uploads\\\/2022\\\/01\\\/IMG-20220110-WA0024.jpg\",\"width\":851,\"height\":624},{\"@type\":\"BreadcrumbList\",\"@id\":\"https:\\\/\\\/diarioprincipios.com\\\/index.php\\\/2022\\\/01\\\/10\\\/unanime-apoyo-a-la-gestion-de-roberto-mata-rodriguez-en-comercio\\\/#breadcrumb\",\"itemListElement\":[{\"@type\":\"ListItem\",\"position\":1,\"name\":\"Portada\",\"item\":\"https:\\\/\\\/diarioprincipios.com\\\/\"},{\"@type\":\"ListItem\",\"position\":2,\"name\":\"Un\u00e1nime apoyo a la gesti\u00f3n de Roberto \u00abMata\u00bb Rodriguez en Comercio\"}]},{\"@type\":\"WebSite\",\"@id\":\"https:\\\/\\\/diarioprincipios.com\\\/#website\",\"url\":\"https:\\\/\\\/diarioprincipios.com\\\/\",\"name\":\"Principios\",\"description\":\"Principios Diario\",\"publisher\":{\"@id\":\"https:\\\/\\\/diarioprincipios.com\\\/#organization\"},\"potentialAction\":[{\"@type\":\"SearchAction\",\"target\":{\"@type\":\"EntryPoint\",\"urlTemplate\":\"https:\\\/\\\/diarioprincipios.com\\\/?s={search_term_string}\"},\"query-input\":{\"@type\":\"PropertyValueSpecification\",\"valueRequired\":true,\"valueName\":\"search_term_string\"}}],\"inLanguage\":\"es\"},{\"@type\":\"Organization\",\"@id\":\"https:\\\/\\\/diarioprincipios.com\\\/#organization\",\"name\":\"Principios\",\"url\":\"https:\\\/\\\/diarioprincipios.com\\\/\",\"logo\":{\"@type\":\"ImageObject\",\"inLanguage\":\"es\",\"@id\":\"https:\\\/\\\/diarioprincipios.com\\\/#\\\/schema\\\/logo\\\/image\\\/\",\"url\":\"https:\\\/\\\/diarioprincipios.com\\\/wp-content\\\/uploads\\\/2024\\\/04\\\/cropped-www.diarioprincipios.com_-1.png\",\"contentUrl\":\"https:\\\/\\\/diarioprincipios.com\\\/wp-content\\\/uploads\\\/2024\\\/04\\\/cropped-www.diarioprincipios.com_-1.png\",\"width\":5325,\"height\":1454,\"caption\":\"Principios\"},\"image\":{\"@id\":\"https:\\\/\\\/diarioprincipios.com\\\/#\\\/schema\\\/logo\\\/image\\\/\"}},{\"@type\":\"Person\",\"@id\":\"https:\\\/\\\/diarioprincipios.com\\\/#\\\/schema\\\/person\\\/436d5a1fd41a5e250e23ff5a6a7cb080\",\"name\":\"Hern\u00e1n L\u00f3pez\",\"image\":{\"@type\":\"ImageObject\",\"inLanguage\":\"es\",\"@id\":\"https:\\\/\\\/diarioprincipios.com\\\/wp-content\\\/litespeed\\\/avatar\\\/11ddfe5610ff3bd100522525b2571f48.jpg?ver=1777653193\",\"url\":\"https:\\\/\\\/diarioprincipios.com\\\/wp-content\\\/litespeed\\\/avatar\\\/11ddfe5610ff3bd100522525b2571f48.jpg?ver=1777653193\",\"contentUrl\":\"https:\\\/\\\/diarioprincipios.com\\\/wp-content\\\/litespeed\\\/avatar\\\/11ddfe5610ff3bd100522525b2571f48.jpg?ver=1777653193\",\"caption\":\"Hern\u00e1n L\u00f3pez\"},\"url\":\"https:\\\/\\\/diarioprincipios.com\\\/index.php\\\/author\\\/hernan\\\/\"}]}<\/script>\n<!-- \/ Yoast SEO plugin. -->","yoast_head_json":{"title":"Un\u00e1nime apoyo a la gesti\u00f3n de Roberto \"Mata\" Rodriguez en Comercio - Principios","robots":{"index":"index","follow":"follow","max-snippet":"max-snippet:-1","max-image-preview":"max-image-preview:large","max-video-preview":"max-video-preview:-1"},"canonical":"https:\/\/diarioprincipios.com\/index.php\/2022\/01\/10\/unanime-apoyo-a-la-gestion-de-roberto-mata-rodriguez-en-comercio\/","og_locale":"es_ES","og_type":"article","og_title":"Un\u00e1nime apoyo a la gesti\u00f3n de Roberto \"Mata\" Rodriguez en Comercio - Principios","og_description":"El Domingo 9 de enero de 2022, el Centro de Empleados de Comercio de Quilmes, encabezado por su Secretario General, Roberto \u201cMata\u201d Rodr\u00edguez,\u00a0 llevo adelante la Asamblea General Ordinaria para aprobaci\u00f3n de Memoria y Balance del ejercicio comprendido entre el 1 de Noviembre de 2020 y el 31 de Octubre de 2021, en el Hermoso...","og_url":"https:\/\/diarioprincipios.com\/index.php\/2022\/01\/10\/unanime-apoyo-a-la-gestion-de-roberto-mata-rodriguez-en-comercio\/","og_site_name":"Principios","article_published_time":"2022-01-10T18:35:01+00:00","article_modified_time":"2022-01-10T18:35:08+00:00","og_image":[{"width":851,"height":624,"url":"https:\/\/diarioprincipios.com\/wp-content\/uploads\/2022\/01\/IMG-20220110-WA0024.jpg","type":"image\/jpeg"}],"author":"Hern\u00e1n L\u00f3pez","twitter_card":"summary_large_image","twitter_misc":{"Escrito por":"Hern\u00e1n L\u00f3pez","Tiempo de lectura":"3 minutos"},"schema":{"@context":"https:\/\/schema.org","@graph":[{"@type":"Article","@id":"https:\/\/diarioprincipios.com\/index.php\/2022\/01\/10\/unanime-apoyo-a-la-gestion-de-roberto-mata-rodriguez-en-comercio\/#article","isPartOf":{"@id":"https:\/\/diarioprincipios.com\/index.php\/2022\/01\/10\/unanime-apoyo-a-la-gestion-de-roberto-mata-rodriguez-en-comercio\/"},"author":{"name":"Hern\u00e1n L\u00f3pez","@id":"https:\/\/diarioprincipios.com\/#\/schema\/person\/436d5a1fd41a5e250e23ff5a6a7cb080"},"headline":"Un\u00e1nime apoyo a la gesti\u00f3n de Roberto \u00abMata\u00bb Rodriguez en Comercio","datePublished":"2022-01-10T18:35:01+00:00","dateModified":"2022-01-10T18:35:08+00:00","mainEntityOfPage":{"@id":"https:\/\/diarioprincipios.com\/index.php\/2022\/01\/10\/unanime-apoyo-a-la-gestion-de-roberto-mata-rodriguez-en-comercio\/"},"wordCount":394,"commentCount":0,"publisher":{"@id":"https:\/\/diarioprincipios.com\/#organization"},"image":{"@id":"https:\/\/diarioprincipios.com\/index.php\/2022\/01\/10\/unanime-apoyo-a-la-gestion-de-roberto-mata-rodriguez-en-comercio\/#primaryimage"},"thumbnailUrl":"https:\/\/diarioprincipios.com\/wp-content\/uploads\/2022\/01\/IMG-20220110-WA0024.jpg","articleSection":["Quilmes"],"inLanguage":"es","potentialAction":[{"@type":"CommentAction","name":"Comment","target":["https:\/\/diarioprincipios.com\/index.php\/2022\/01\/10\/unanime-apoyo-a-la-gestion-de-roberto-mata-rodriguez-en-comercio\/#respond"]}]},{"@type":"WebPage","@id":"https:\/\/diarioprincipios.com\/index.php\/2022\/01\/10\/unanime-apoyo-a-la-gestion-de-roberto-mata-rodriguez-en-comercio\/","url":"https:\/\/diarioprincipios.com\/index.php\/2022\/01\/10\/unanime-apoyo-a-la-gestion-de-roberto-mata-rodriguez-en-comercio\/","name":"Un\u00e1nime apoyo a la gesti\u00f3n de Roberto \"Mata\" Rodriguez en Comercio - Principios","isPartOf":{"@id":"https:\/\/diarioprincipios.com\/#website"},"primaryImageOfPage":{"@id":"https:\/\/diarioprincipios.com\/index.php\/2022\/01\/10\/unanime-apoyo-a-la-gestion-de-roberto-mata-rodriguez-en-comercio\/#primaryimage"},"image":{"@id":"https:\/\/diarioprincipios.com\/index.php\/2022\/01\/10\/unanime-apoyo-a-la-gestion-de-roberto-mata-rodriguez-en-comercio\/#primaryimage"},"thumbnailUrl":"https:\/\/diarioprincipios.com\/wp-content\/uploads\/2022\/01\/IMG-20220110-WA0024.jpg","datePublished":"2022-01-10T18:35:01+00:00","dateModified":"2022-01-10T18:35:08+00:00","breadcrumb":{"@id":"https:\/\/diarioprincipios.com\/index.php\/2022\/01\/10\/unanime-apoyo-a-la-gestion-de-roberto-mata-rodriguez-en-comercio\/#breadcrumb"},"inLanguage":"es","potentialAction":[{"@type":"ReadAction","target":["https:\/\/diarioprincipios.com\/index.php\/2022\/01\/10\/unanime-apoyo-a-la-gestion-de-roberto-mata-rodriguez-en-comercio\/"]}]},{"@type":"ImageObject","inLanguage":"es","@id":"https:\/\/diarioprincipios.com\/index.php\/2022\/01\/10\/unanime-apoyo-a-la-gestion-de-roberto-mata-rodriguez-en-comercio\/#primaryimage","url":"https:\/\/diarioprincipios.com\/wp-content\/uploads\/2022\/01\/IMG-20220110-WA0024.jpg","contentUrl":"https:\/\/diarioprincipios.com\/wp-content\/uploads\/2022\/01\/IMG-20220110-WA0024.jpg","width":851,"height":624},{"@type":"BreadcrumbList","@id":"https:\/\/diarioprincipios.com\/index.php\/2022\/01\/10\/unanime-apoyo-a-la-gestion-de-roberto-mata-rodriguez-en-comercio\/#breadcrumb","itemListElement":[{"@type":"ListItem","position":1,"name":"Portada","item":"https:\/\/diarioprincipios.com\/"},{"@type":"ListItem","position":2,"name":"Un\u00e1nime apoyo a la gesti\u00f3n de Roberto \u00abMata\u00bb Rodriguez en Comercio"}]},{"@type":"WebSite","@id":"https:\/\/diarioprincipios.com\/#website","url":"https:\/\/diarioprincipios.com\/","name":"Principios","description":"Principios Diario","publisher":{"@id":"https:\/\/diarioprincipios.com\/#organization"},"potentialAction":[{"@type":"SearchAction","target":{"@type":"EntryPoint","urlTemplate":"https:\/\/diarioprincipios.com\/?s={search_term_string}"},"query-input":{"@type":"PropertyValueSpecification","valueRequired":true,"valueName":"search_term_string"}}],"inLanguage":"es"},{"@type":"Organization","@id":"https:\/\/diarioprincipios.com\/#organization","name":"Principios","url":"https:\/\/diarioprincipios.com\/","logo":{"@type":"ImageObject","inLanguage":"es","@id":"https:\/\/diarioprincipios.com\/#\/schema\/logo\/image\/","url":"https:\/\/diarioprincipios.com\/wp-content\/uploads\/2024\/04\/cropped-www.diarioprincipios.com_-1.png","contentUrl":"https:\/\/diarioprincipios.com\/wp-content\/uploads\/2024\/04\/cropped-www.diarioprincipios.com_-1.png","width":5325,"height":1454,"caption":"Principios"},"image":{"@id":"https:\/\/diarioprincipios.com\/#\/schema\/logo\/image\/"}},{"@type":"Person","@id":"https:\/\/diarioprincipios.com\/#\/schema\/person\/436d5a1fd41a5e250e23ff5a6a7cb080","name":"Hern\u00e1n L\u00f3pez","image":{"@type":"ImageObject","inLanguage":"es","@id":"https:\/\/diarioprincipios.com\/wp-content\/litespeed\/avatar\/11ddfe5610ff3bd100522525b2571f48.jpg?ver=1777653193","url":"https:\/\/diarioprincipios.com\/wp-content\/litespeed\/avatar\/11ddfe5610ff3bd100522525b2571f48.jpg?ver=1777653193","contentUrl":"https:\/\/diarioprincipios.com\/wp-content\/litespeed\/avatar\/11ddfe5610ff3bd100522525b2571f48.jpg?ver=1777653193","caption":"Hern\u00e1n L\u00f3pez"},"url":"https:\/\/diarioprincipios.com\/index.php\/author\/hernan\/"}]}},"jetpack_featured_media_url":"https:\/\/diarioprincipios.com\/wp-content\/uploads\/2022\/01\/IMG-20220110-WA0024.jpg","_links":{"self":[{"href":"https:\/\/diarioprincipios.com\/index.php\/wp-json\/wp\/v2\/posts\/12368","targetHints":{"allow":["GET"]}}],"collection":[{"href":"https:\/\/diarioprincipios.com\/index.php\/wp-json\/wp\/v2\/posts"}],"about":[{"href":"https:\/\/diarioprincipios.com\/index.php\/wp-json\/wp\/v2\/types\/post"}],"author":[{"embeddable":true,"href":"https:\/\/diarioprincipios.com\/index.php\/wp-json\/wp\/v2\/users\/2"}],"replies":[{"embeddable":true,"href":"https:\/\/diarioprincipios.com\/index.php\/wp-json\/wp\/v2\/comments?post=12368"}],"version-history":[{"count":1,"href":"https:\/\/diarioprincipios.com\/index.php\/wp-json\/wp\/v2\/posts\/12368\/revisions"}],"predecessor-version":[{"id":12372,"href":"https:\/\/diarioprincipios.com\/index.php\/wp-json\/wp\/v2\/posts\/12368\/revisions\/12372"}],"wp:featuredmedia":[{"embeddable":true,"href":"https:\/\/diarioprincipios.com\/index.php\/wp-json\/wp\/v2\/media\/12371"}],"wp:attachment":[{"href":"https:\/\/diarioprincipios.com\/index.php\/wp-json\/wp\/v2\/media?parent=12368"}],"wp:term":[{"taxonomy":"category","embeddable":true,"href":"https:\/\/diarioprincipios.com\/index.php\/wp-json\/wp\/v2\/categories?post=12368"},{"taxonomy":"post_tag","embeddable":true,"href":"https:\/\/diarioprincipios.com\/index.php\/wp-json\/wp\/v2\/tags?post=12368"}],"curies":[{"name":"wp","href":"https:\/\/api.w.org\/{rel}","templated":true}]}}