{"id":12364,"date":"2022-01-10T12:39:59","date_gmt":"2022-01-10T15:39:59","guid":{"rendered":"http:\/\/diarioprincipios.com\/?p=12364"},"modified":"2022-01-10T12:40:07","modified_gmt":"2022-01-10T15:40:07","slug":"control-vehicular-y-de-alcoholemia-en-los-ingresos-a-la-ribera","status":"publish","type":"post","link":"https:\/\/diarioprincipios.com\/index.php\/2022\/01\/10\/control-vehicular-y-de-alcoholemia-en-los-ingresos-a-la-ribera\/","title":{"rendered":"Control vehicular y de alcoholemia en los ingresos a la ribera"},"content":{"rendered":"\n<p>El Municipio de Quilmes, en el marco de la campa\u00f1a \u201cVerano responsable\u201d, dio inicio el fin de semana a los operativos de control vehicular y alcoholemia en los ingresos a La Ribera, que se prolongar\u00e1 a lo largo de la temporada estival.<\/p>\n\n\n\n<p>Como resultado de este trabajo, se labraron 7 actas de infracci\u00f3n; se demoraron 14 veh\u00edculos; se retuvieron 4 licencias, adem\u00e1s de una licencia ap\u00f3crifa; y hubo un solo caso de alcoholemia.<\/p>\n\n\n\n<p>Los operativos son coordinados por la Agencia de Fiscalizaci\u00f3n y Control Comunal, a cargo de Alejandra Cordeiro, y realizados en conjunto con la Secretar\u00eda de Seguridad y Ordenamiento Urbano, encabezada por Gaspar De St\u00e9fano, con la presencia de personal de ambas \u00e1reas, y con efectivos y m\u00f3viles de la Polic\u00eda, de Tr\u00e1nsito y de la Patrulla Urbana.<\/p>\n\n\n\n<p>Debido a la gran cantidad de personas que concurren a La Ribera en esta \u00e9poca del a\u00f1o, desde el Municipio destacaron la importancia de reforzar las tareas de prevenci\u00f3n para garantizar tranquilidad a los vecinos y visitantes.<\/p>\n","protected":false},"excerpt":{"rendered":"<p>El Municipio de Quilmes, en el marco de la campa\u00f1a \u201cVerano responsable\u201d, dio inicio el fin de semana a los operativos de control vehicular y alcoholemia en los ingresos a La Ribera, que se prolongar\u00e1 a lo largo de la temporada estival. Como resultado de este trabajo, se labraron 7 actas de infracci\u00f3n; se demoraron&#8230;<\/p>\n","protected":false},"author":2,"featured_media":12365,"comment_status":"open","ping_status":"open","sticky":false,"template":"","format":"standard","meta":{"footnotes":""},"categories":[4],"tags":[],"class_list":["post-12364","post","type-post","status-publish","format-standard","has-post-thumbnail","hentry","category-quilmes"],"featured_image_src":"https:\/\/diarioprincipios.com\/wp-content\/uploads\/2022\/01\/EL-MUNICIPIO-PUSO-EN-MARCHA-LA-CAMPANA-VERANO-RESPONSABLE-CON-CONTROLES-EN-LOS-INGRESOS-A-LA-RIBERA-2-1024x576.jpeg","blog_images":{"medium":"https:\/\/diarioprincipios.com\/wp-content\/uploads\/2022\/01\/EL-MUNICIPIO-PUSO-EN-MARCHA-LA-CAMPANA-VERANO-RESPONSABLE-CON-CONTROLES-EN-LOS-INGRESOS-A-LA-RIBERA-2-300x169.jpeg","large":"https:\/\/diarioprincipios.com\/wp-content\/uploads\/2022\/01\/EL-MUNICIPIO-PUSO-EN-MARCHA-LA-CAMPANA-VERANO-RESPONSABLE-CON-CONTROLES-EN-LOS-INGRESOS-A-LA-RIBERA-2-1024x576.jpeg"},"ams_acf":[],"yoast_head":"<!-- This site is optimized with the Yoast SEO plugin v27.3 - https:\/\/yoast.com\/product\/yoast-seo-wordpress\/ -->\n<title>Control vehicular y de alcoholemia en los ingresos a la ribera - Principios<\/title>\n<meta name=\"robots\" content=\"index, follow, max-snippet:-1, max-image-preview:large, max-video-preview:-1\" \/>\n<link rel=\"canonical\" href=\"https:\/\/diarioprincipios.com\/index.php\/2022\/01\/10\/control-vehicular-y-de-alcoholemia-en-los-ingresos-a-la-ribera\/\" \/>\n<meta property=\"og:locale\" content=\"es_ES\" \/>\n<meta property=\"og:type\" content=\"article\" \/>\n<meta property=\"og:title\" content=\"Control vehicular y de alcoholemia en los ingresos a la ribera - Principios\" \/>\n<meta property=\"og:description\" content=\"El Municipio de Quilmes, en el marco de la campa\u00f1a \u201cVerano responsable\u201d, dio inicio el fin de semana a los operativos de control vehicular y alcoholemia en los ingresos a La Ribera, que se prolongar\u00e1 a lo largo de la temporada estival. Como resultado de este trabajo, se labraron 7 actas de infracci\u00f3n; se demoraron...\" \/>\n<meta property=\"og:url\" content=\"https:\/\/diarioprincipios.com\/index.php\/2022\/01\/10\/control-vehicular-y-de-alcoholemia-en-los-ingresos-a-la-ribera\/\" \/>\n<meta property=\"og:site_name\" content=\"Principios\" \/>\n<meta property=\"article:published_time\" content=\"2022-01-10T15:39:59+00:00\" \/>\n<meta property=\"article:modified_time\" content=\"2022-01-10T15:40:07+00:00\" \/>\n<meta property=\"og:image\" content=\"https:\/\/diarioprincipios.com\/wp-content\/uploads\/2022\/01\/EL-MUNICIPIO-PUSO-EN-MARCHA-LA-CAMPANA-VERANO-RESPONSABLE-CON-CONTROLES-EN-LOS-INGRESOS-A-LA-RIBERA-2.jpeg\" \/>\n\t<meta property=\"og:image:width\" content=\"1280\" \/>\n\t<meta property=\"og:image:height\" content=\"720\" \/>\n\t<meta property=\"og:image:type\" content=\"image\/jpeg\" \/>\n<meta name=\"author\" content=\"Hern\u00e1n L\u00f3pez\" \/>\n<meta name=\"twitter:card\" content=\"summary_large_image\" \/>\n<meta name=\"twitter:label1\" content=\"Escrito por\" \/>\n\t<meta name=\"twitter:data1\" content=\"Hern\u00e1n L\u00f3pez\" \/>\n\t<meta name=\"twitter:label2\" content=\"Tiempo de lectura\" \/>\n\t<meta name=\"twitter:data2\" content=\"1 minuto\" \/>\n<script type=\"application\/ld+json\" class=\"yoast-schema-graph\">{\"@context\":\"https:\\\/\\\/schema.org\",\"@graph\":[{\"@type\":\"Article\",\"@id\":\"https:\\\/\\\/diarioprincipios.com\\\/index.php\\\/2022\\\/01\\\/10\\\/control-vehicular-y-de-alcoholemia-en-los-ingresos-a-la-ribera\\\/#article\",\"isPartOf\":{\"@id\":\"https:\\\/\\\/diarioprincipios.com\\\/index.php\\\/2022\\\/01\\\/10\\\/control-vehicular-y-de-alcoholemia-en-los-ingresos-a-la-ribera\\\/\"},\"author\":{\"name\":\"Hern\u00e1n L\u00f3pez\",\"@id\":\"https:\\\/\\\/diarioprincipios.com\\\/#\\\/schema\\\/person\\\/436d5a1fd41a5e250e23ff5a6a7cb080\"},\"headline\":\"Control vehicular y de alcoholemia en los ingresos a la ribera\",\"datePublished\":\"2022-01-10T15:39:59+00:00\",\"dateModified\":\"2022-01-10T15:40:07+00:00\",\"mainEntityOfPage\":{\"@id\":\"https:\\\/\\\/diarioprincipios.com\\\/index.php\\\/2022\\\/01\\\/10\\\/control-vehicular-y-de-alcoholemia-en-los-ingresos-a-la-ribera\\\/\"},\"wordCount\":188,\"commentCount\":0,\"publisher\":{\"@id\":\"https:\\\/\\\/diarioprincipios.com\\\/#organization\"},\"image\":{\"@id\":\"https:\\\/\\\/diarioprincipios.com\\\/index.php\\\/2022\\\/01\\\/10\\\/control-vehicular-y-de-alcoholemia-en-los-ingresos-a-la-ribera\\\/#primaryimage\"},\"thumbnailUrl\":\"https:\\\/\\\/diarioprincipios.com\\\/wp-content\\\/uploads\\\/2022\\\/01\\\/EL-MUNICIPIO-PUSO-EN-MARCHA-LA-CAMPANA-VERANO-RESPONSABLE-CON-CONTROLES-EN-LOS-INGRESOS-A-LA-RIBERA-2.jpeg\",\"articleSection\":[\"Quilmes\"],\"inLanguage\":\"es\",\"potentialAction\":[{\"@type\":\"CommentAction\",\"name\":\"Comment\",\"target\":[\"https:\\\/\\\/diarioprincipios.com\\\/index.php\\\/2022\\\/01\\\/10\\\/control-vehicular-y-de-alcoholemia-en-los-ingresos-a-la-ribera\\\/#respond\"]}]},{\"@type\":\"WebPage\",\"@id\":\"https:\\\/\\\/diarioprincipios.com\\\/index.php\\\/2022\\\/01\\\/10\\\/control-vehicular-y-de-alcoholemia-en-los-ingresos-a-la-ribera\\\/\",\"url\":\"https:\\\/\\\/diarioprincipios.com\\\/index.php\\\/2022\\\/01\\\/10\\\/control-vehicular-y-de-alcoholemia-en-los-ingresos-a-la-ribera\\\/\",\"name\":\"Control vehicular y de alcoholemia en los ingresos a la ribera - Principios\",\"isPartOf\":{\"@id\":\"https:\\\/\\\/diarioprincipios.com\\\/#website\"},\"primaryImageOfPage\":{\"@id\":\"https:\\\/\\\/diarioprincipios.com\\\/index.php\\\/2022\\\/01\\\/10\\\/control-vehicular-y-de-alcoholemia-en-los-ingresos-a-la-ribera\\\/#primaryimage\"},\"image\":{\"@id\":\"https:\\\/\\\/diarioprincipios.com\\\/index.php\\\/2022\\\/01\\\/10\\\/control-vehicular-y-de-alcoholemia-en-los-ingresos-a-la-ribera\\\/#primaryimage\"},\"thumbnailUrl\":\"https:\\\/\\\/diarioprincipios.com\\\/wp-content\\\/uploads\\\/2022\\\/01\\\/EL-MUNICIPIO-PUSO-EN-MARCHA-LA-CAMPANA-VERANO-RESPONSABLE-CON-CONTROLES-EN-LOS-INGRESOS-A-LA-RIBERA-2.jpeg\",\"datePublished\":\"2022-01-10T15:39:59+00:00\",\"dateModified\":\"2022-01-10T15:40:07+00:00\",\"breadcrumb\":{\"@id\":\"https:\\\/\\\/diarioprincipios.com\\\/index.php\\\/2022\\\/01\\\/10\\\/control-vehicular-y-de-alcoholemia-en-los-ingresos-a-la-ribera\\\/#breadcrumb\"},\"inLanguage\":\"es\",\"potentialAction\":[{\"@type\":\"ReadAction\",\"target\":[\"https:\\\/\\\/diarioprincipios.com\\\/index.php\\\/2022\\\/01\\\/10\\\/control-vehicular-y-de-alcoholemia-en-los-ingresos-a-la-ribera\\\/\"]}]},{\"@type\":\"ImageObject\",\"inLanguage\":\"es\",\"@id\":\"https:\\\/\\\/diarioprincipios.com\\\/index.php\\\/2022\\\/01\\\/10\\\/control-vehicular-y-de-alcoholemia-en-los-ingresos-a-la-ribera\\\/#primaryimage\",\"url\":\"https:\\\/\\\/diarioprincipios.com\\\/wp-content\\\/uploads\\\/2022\\\/01\\\/EL-MUNICIPIO-PUSO-EN-MARCHA-LA-CAMPANA-VERANO-RESPONSABLE-CON-CONTROLES-EN-LOS-INGRESOS-A-LA-RIBERA-2.jpeg\",\"contentUrl\":\"https:\\\/\\\/diarioprincipios.com\\\/wp-content\\\/uploads\\\/2022\\\/01\\\/EL-MUNICIPIO-PUSO-EN-MARCHA-LA-CAMPANA-VERANO-RESPONSABLE-CON-CONTROLES-EN-LOS-INGRESOS-A-LA-RIBERA-2.jpeg\",\"width\":1280,\"height\":720},{\"@type\":\"BreadcrumbList\",\"@id\":\"https:\\\/\\\/diarioprincipios.com\\\/index.php\\\/2022\\\/01\\\/10\\\/control-vehicular-y-de-alcoholemia-en-los-ingresos-a-la-ribera\\\/#breadcrumb\",\"itemListElement\":[{\"@type\":\"ListItem\",\"position\":1,\"name\":\"Portada\",\"item\":\"https:\\\/\\\/diarioprincipios.com\\\/\"},{\"@type\":\"ListItem\",\"position\":2,\"name\":\"Control vehicular y de alcoholemia en los ingresos a la ribera\"}]},{\"@type\":\"WebSite\",\"@id\":\"https:\\\/\\\/diarioprincipios.com\\\/#website\",\"url\":\"https:\\\/\\\/diarioprincipios.com\\\/\",\"name\":\"Principios\",\"description\":\"Principios Diario\",\"publisher\":{\"@id\":\"https:\\\/\\\/diarioprincipios.com\\\/#organization\"},\"potentialAction\":[{\"@type\":\"SearchAction\",\"target\":{\"@type\":\"EntryPoint\",\"urlTemplate\":\"https:\\\/\\\/diarioprincipios.com\\\/?s={search_term_string}\"},\"query-input\":{\"@type\":\"PropertyValueSpecification\",\"valueRequired\":true,\"valueName\":\"search_term_string\"}}],\"inLanguage\":\"es\"},{\"@type\":\"Organization\",\"@id\":\"https:\\\/\\\/diarioprincipios.com\\\/#organization\",\"name\":\"Principios\",\"url\":\"https:\\\/\\\/diarioprincipios.com\\\/\",\"logo\":{\"@type\":\"ImageObject\",\"inLanguage\":\"es\",\"@id\":\"https:\\\/\\\/diarioprincipios.com\\\/#\\\/schema\\\/logo\\\/image\\\/\",\"url\":\"https:\\\/\\\/diarioprincipios.com\\\/wp-content\\\/uploads\\\/2024\\\/04\\\/cropped-www.diarioprincipios.com_-1.png\",\"contentUrl\":\"https:\\\/\\\/diarioprincipios.com\\\/wp-content\\\/uploads\\\/2024\\\/04\\\/cropped-www.diarioprincipios.com_-1.png\",\"width\":5325,\"height\":1454,\"caption\":\"Principios\"},\"image\":{\"@id\":\"https:\\\/\\\/diarioprincipios.com\\\/#\\\/schema\\\/logo\\\/image\\\/\"}},{\"@type\":\"Person\",\"@id\":\"https:\\\/\\\/diarioprincipios.com\\\/#\\\/schema\\\/person\\\/436d5a1fd41a5e250e23ff5a6a7cb080\",\"name\":\"Hern\u00e1n L\u00f3pez\",\"image\":{\"@type\":\"ImageObject\",\"inLanguage\":\"es\",\"@id\":\"https:\\\/\\\/diarioprincipios.com\\\/wp-content\\\/litespeed\\\/avatar\\\/11ddfe5610ff3bd100522525b2571f48.jpg?ver=1777653193\",\"url\":\"https:\\\/\\\/diarioprincipios.com\\\/wp-content\\\/litespeed\\\/avatar\\\/11ddfe5610ff3bd100522525b2571f48.jpg?ver=1777653193\",\"contentUrl\":\"https:\\\/\\\/diarioprincipios.com\\\/wp-content\\\/litespeed\\\/avatar\\\/11ddfe5610ff3bd100522525b2571f48.jpg?ver=1777653193\",\"caption\":\"Hern\u00e1n L\u00f3pez\"},\"url\":\"https:\\\/\\\/diarioprincipios.com\\\/index.php\\\/author\\\/hernan\\\/\"}]}<\/script>\n<!-- \/ Yoast SEO plugin. -->","yoast_head_json":{"title":"Control vehicular y de alcoholemia en los ingresos a la ribera - Principios","robots":{"index":"index","follow":"follow","max-snippet":"max-snippet:-1","max-image-preview":"max-image-preview:large","max-video-preview":"max-video-preview:-1"},"canonical":"https:\/\/diarioprincipios.com\/index.php\/2022\/01\/10\/control-vehicular-y-de-alcoholemia-en-los-ingresos-a-la-ribera\/","og_locale":"es_ES","og_type":"article","og_title":"Control vehicular y de alcoholemia en los ingresos a la ribera - Principios","og_description":"El Municipio de Quilmes, en el marco de la campa\u00f1a \u201cVerano responsable\u201d, dio inicio el fin de semana a los operativos de control vehicular y alcoholemia en los ingresos a La Ribera, que se prolongar\u00e1 a lo largo de la temporada estival. Como resultado de este trabajo, se labraron 7 actas de infracci\u00f3n; se demoraron...","og_url":"https:\/\/diarioprincipios.com\/index.php\/2022\/01\/10\/control-vehicular-y-de-alcoholemia-en-los-ingresos-a-la-ribera\/","og_site_name":"Principios","article_published_time":"2022-01-10T15:39:59+00:00","article_modified_time":"2022-01-10T15:40:07+00:00","og_image":[{"width":1280,"height":720,"url":"https:\/\/diarioprincipios.com\/wp-content\/uploads\/2022\/01\/EL-MUNICIPIO-PUSO-EN-MARCHA-LA-CAMPANA-VERANO-RESPONSABLE-CON-CONTROLES-EN-LOS-INGRESOS-A-LA-RIBERA-2.jpeg","type":"image\/jpeg"}],"author":"Hern\u00e1n L\u00f3pez","twitter_card":"summary_large_image","twitter_misc":{"Escrito por":"Hern\u00e1n L\u00f3pez","Tiempo de lectura":"1 minuto"},"schema":{"@context":"https:\/\/schema.org","@graph":[{"@type":"Article","@id":"https:\/\/diarioprincipios.com\/index.php\/2022\/01\/10\/control-vehicular-y-de-alcoholemia-en-los-ingresos-a-la-ribera\/#article","isPartOf":{"@id":"https:\/\/diarioprincipios.com\/index.php\/2022\/01\/10\/control-vehicular-y-de-alcoholemia-en-los-ingresos-a-la-ribera\/"},"author":{"name":"Hern\u00e1n L\u00f3pez","@id":"https:\/\/diarioprincipios.com\/#\/schema\/person\/436d5a1fd41a5e250e23ff5a6a7cb080"},"headline":"Control vehicular y de alcoholemia en los ingresos a la ribera","datePublished":"2022-01-10T15:39:59+00:00","dateModified":"2022-01-10T15:40:07+00:00","mainEntityOfPage":{"@id":"https:\/\/diarioprincipios.com\/index.php\/2022\/01\/10\/control-vehicular-y-de-alcoholemia-en-los-ingresos-a-la-ribera\/"},"wordCount":188,"commentCount":0,"publisher":{"@id":"https:\/\/diarioprincipios.com\/#organization"},"image":{"@id":"https:\/\/diarioprincipios.com\/index.php\/2022\/01\/10\/control-vehicular-y-de-alcoholemia-en-los-ingresos-a-la-ribera\/#primaryimage"},"thumbnailUrl":"https:\/\/diarioprincipios.com\/wp-content\/uploads\/2022\/01\/EL-MUNICIPIO-PUSO-EN-MARCHA-LA-CAMPANA-VERANO-RESPONSABLE-CON-CONTROLES-EN-LOS-INGRESOS-A-LA-RIBERA-2.jpeg","articleSection":["Quilmes"],"inLanguage":"es","potentialAction":[{"@type":"CommentAction","name":"Comment","target":["https:\/\/diarioprincipios.com\/index.php\/2022\/01\/10\/control-vehicular-y-de-alcoholemia-en-los-ingresos-a-la-ribera\/#respond"]}]},{"@type":"WebPage","@id":"https:\/\/diarioprincipios.com\/index.php\/2022\/01\/10\/control-vehicular-y-de-alcoholemia-en-los-ingresos-a-la-ribera\/","url":"https:\/\/diarioprincipios.com\/index.php\/2022\/01\/10\/control-vehicular-y-de-alcoholemia-en-los-ingresos-a-la-ribera\/","name":"Control vehicular y de alcoholemia en los ingresos a la ribera - Principios","isPartOf":{"@id":"https:\/\/diarioprincipios.com\/#website"},"primaryImageOfPage":{"@id":"https:\/\/diarioprincipios.com\/index.php\/2022\/01\/10\/control-vehicular-y-de-alcoholemia-en-los-ingresos-a-la-ribera\/#primaryimage"},"image":{"@id":"https:\/\/diarioprincipios.com\/index.php\/2022\/01\/10\/control-vehicular-y-de-alcoholemia-en-los-ingresos-a-la-ribera\/#primaryimage"},"thumbnailUrl":"https:\/\/diarioprincipios.com\/wp-content\/uploads\/2022\/01\/EL-MUNICIPIO-PUSO-EN-MARCHA-LA-CAMPANA-VERANO-RESPONSABLE-CON-CONTROLES-EN-LOS-INGRESOS-A-LA-RIBERA-2.jpeg","datePublished":"2022-01-10T15:39:59+00:00","dateModified":"2022-01-10T15:40:07+00:00","breadcrumb":{"@id":"https:\/\/diarioprincipios.com\/index.php\/2022\/01\/10\/control-vehicular-y-de-alcoholemia-en-los-ingresos-a-la-ribera\/#breadcrumb"},"inLanguage":"es","potentialAction":[{"@type":"ReadAction","target":["https:\/\/diarioprincipios.com\/index.php\/2022\/01\/10\/control-vehicular-y-de-alcoholemia-en-los-ingresos-a-la-ribera\/"]}]},{"@type":"ImageObject","inLanguage":"es","@id":"https:\/\/diarioprincipios.com\/index.php\/2022\/01\/10\/control-vehicular-y-de-alcoholemia-en-los-ingresos-a-la-ribera\/#primaryimage","url":"https:\/\/diarioprincipios.com\/wp-content\/uploads\/2022\/01\/EL-MUNICIPIO-PUSO-EN-MARCHA-LA-CAMPANA-VERANO-RESPONSABLE-CON-CONTROLES-EN-LOS-INGRESOS-A-LA-RIBERA-2.jpeg","contentUrl":"https:\/\/diarioprincipios.com\/wp-content\/uploads\/2022\/01\/EL-MUNICIPIO-PUSO-EN-MARCHA-LA-CAMPANA-VERANO-RESPONSABLE-CON-CONTROLES-EN-LOS-INGRESOS-A-LA-RIBERA-2.jpeg","width":1280,"height":720},{"@type":"BreadcrumbList","@id":"https:\/\/diarioprincipios.com\/index.php\/2022\/01\/10\/control-vehicular-y-de-alcoholemia-en-los-ingresos-a-la-ribera\/#breadcrumb","itemListElement":[{"@type":"ListItem","position":1,"name":"Portada","item":"https:\/\/diarioprincipios.com\/"},{"@type":"ListItem","position":2,"name":"Control vehicular y de alcoholemia en los ingresos a la ribera"}]},{"@type":"WebSite","@id":"https:\/\/diarioprincipios.com\/#website","url":"https:\/\/diarioprincipios.com\/","name":"Principios","description":"Principios Diario","publisher":{"@id":"https:\/\/diarioprincipios.com\/#organization"},"potentialAction":[{"@type":"SearchAction","target":{"@type":"EntryPoint","urlTemplate":"https:\/\/diarioprincipios.com\/?s={search_term_string}"},"query-input":{"@type":"PropertyValueSpecification","valueRequired":true,"valueName":"search_term_string"}}],"inLanguage":"es"},{"@type":"Organization","@id":"https:\/\/diarioprincipios.com\/#organization","name":"Principios","url":"https:\/\/diarioprincipios.com\/","logo":{"@type":"ImageObject","inLanguage":"es","@id":"https:\/\/diarioprincipios.com\/#\/schema\/logo\/image\/","url":"https:\/\/diarioprincipios.com\/wp-content\/uploads\/2024\/04\/cropped-www.diarioprincipios.com_-1.png","contentUrl":"https:\/\/diarioprincipios.com\/wp-content\/uploads\/2024\/04\/cropped-www.diarioprincipios.com_-1.png","width":5325,"height":1454,"caption":"Principios"},"image":{"@id":"https:\/\/diarioprincipios.com\/#\/schema\/logo\/image\/"}},{"@type":"Person","@id":"https:\/\/diarioprincipios.com\/#\/schema\/person\/436d5a1fd41a5e250e23ff5a6a7cb080","name":"Hern\u00e1n L\u00f3pez","image":{"@type":"ImageObject","inLanguage":"es","@id":"https:\/\/diarioprincipios.com\/wp-content\/litespeed\/avatar\/11ddfe5610ff3bd100522525b2571f48.jpg?ver=1777653193","url":"https:\/\/diarioprincipios.com\/wp-content\/litespeed\/avatar\/11ddfe5610ff3bd100522525b2571f48.jpg?ver=1777653193","contentUrl":"https:\/\/diarioprincipios.com\/wp-content\/litespeed\/avatar\/11ddfe5610ff3bd100522525b2571f48.jpg?ver=1777653193","caption":"Hern\u00e1n L\u00f3pez"},"url":"https:\/\/diarioprincipios.com\/index.php\/author\/hernan\/"}]}},"jetpack_featured_media_url":"https:\/\/diarioprincipios.com\/wp-content\/uploads\/2022\/01\/EL-MUNICIPIO-PUSO-EN-MARCHA-LA-CAMPANA-VERANO-RESPONSABLE-CON-CONTROLES-EN-LOS-INGRESOS-A-LA-RIBERA-2.jpeg","_links":{"self":[{"href":"https:\/\/diarioprincipios.com\/index.php\/wp-json\/wp\/v2\/posts\/12364","targetHints":{"allow":["GET"]}}],"collection":[{"href":"https:\/\/diarioprincipios.com\/index.php\/wp-json\/wp\/v2\/posts"}],"about":[{"href":"https:\/\/diarioprincipios.com\/index.php\/wp-json\/wp\/v2\/types\/post"}],"author":[{"embeddable":true,"href":"https:\/\/diarioprincipios.com\/index.php\/wp-json\/wp\/v2\/users\/2"}],"replies":[{"embeddable":true,"href":"https:\/\/diarioprincipios.com\/index.php\/wp-json\/wp\/v2\/comments?post=12364"}],"version-history":[{"count":1,"href":"https:\/\/diarioprincipios.com\/index.php\/wp-json\/wp\/v2\/posts\/12364\/revisions"}],"predecessor-version":[{"id":12367,"href":"https:\/\/diarioprincipios.com\/index.php\/wp-json\/wp\/v2\/posts\/12364\/revisions\/12367"}],"wp:featuredmedia":[{"embeddable":true,"href":"https:\/\/diarioprincipios.com\/index.php\/wp-json\/wp\/v2\/media\/12365"}],"wp:attachment":[{"href":"https:\/\/diarioprincipios.com\/index.php\/wp-json\/wp\/v2\/media?parent=12364"}],"wp:term":[{"taxonomy":"category","embeddable":true,"href":"https:\/\/diarioprincipios.com\/index.php\/wp-json\/wp\/v2\/categories?post=12364"},{"taxonomy":"post_tag","embeddable":true,"href":"https:\/\/diarioprincipios.com\/index.php\/wp-json\/wp\/v2\/tags?post=12364"}],"curies":[{"name":"wp","href":"https:\/\/api.w.org\/{rel}","templated":true}]}}