{"id":12356,"date":"2022-01-05T16:40:53","date_gmt":"2022-01-05T19:40:53","guid":{"rendered":"http:\/\/diarioprincipios.com\/?p=12356"},"modified":"2022-01-05T16:40:59","modified_gmt":"2022-01-05T19:40:59","slug":"la-tecnica-n3-participo-en-una-competencia-de-autos-electricos-no-contaminantes","status":"publish","type":"post","link":"https:\/\/diarioprincipios.com\/index.php\/2022\/01\/05\/la-tecnica-n3-participo-en-una-competencia-de-autos-electricos-no-contaminantes\/","title":{"rendered":"La T\u00e9cnica N\u00b03 particip\u00f3 en una competencia de autos el\u00e9ctricos no contaminantes"},"content":{"rendered":"\n<p><strong>La Escuela T\u00e9cnica N\u00b0 3 de Berazategui particip\u00f3 en el Desaf\u00edo Eco YPF con un auto el\u00e9ctrico de emisi\u00f3n cero. Se trata de un transporte alternativo no contaminante que implica el uso de nuevas tecnolog\u00edas, que alumnos de 6to a\u00f1o de Electromec\u00e1nica dise\u00f1aron (en el marco de la materia Instalaci\u00f3n y Aplicaci\u00f3n de la Energ\u00eda (IAE)) con el acompa\u00f1amiento y gu\u00eda de sus docentes.<\/strong><\/p>\n\n\n\n<p>Cristian Peitti es uno de los profesores que acompa\u00f1\u00f3 a los y las estudiantes en la concreci\u00f3n del proyecto. \u201cEl objetivo era dise\u00f1ar un veh\u00edculo que funcione con energ\u00edas renovables. Lo construimos bajo el reglamento del Desaf\u00edo Eco de YPF. Lo iniciamos junto a los docentes \u00c1ngel Caiati, Ariel Liberjen, Marcelo Guido y Diego Gil. Competimos en 2019 y nuevamente pudimos hacerlo. Hemos mejorado mucho; en 2021 los equipos se conformaron de acuerdo a la votaci\u00f3n de los chicos de los cuatro 6tos de la especialidad Electromec\u00e1nica. Nos pone contentos el resultado visible en el trabajo que realizaron, respetando todos los reglamentos y formando v\u00ednculos entre ellos. Fue una experiencia inolvidable para los y las estudiantes y a nosotros nos llena de orgullo\u201d, explic\u00f3.<\/p>\n\n\n\n<figure class=\"wp-block-image size-large\"><img loading=\"lazy\" decoding=\"async\" width=\"1024\" height=\"731\" src=\"https:\/\/diarioprincipios.com\/wp-content\/uploads\/2022\/01\/LA-TECNICA-N\u00b0-3-PARTICIPO-EN-UNA-COMPETENCIA-DE-AUTOS-ELECTRICOS-NO-CONTAMINANTES-1024x731.jpg\" alt=\"\" class=\"wp-image-12357\" srcset=\"https:\/\/diarioprincipios.com\/wp-content\/uploads\/2022\/01\/LA-TECNICA-N\u00b0-3-PARTICIPO-EN-UNA-COMPETENCIA-DE-AUTOS-ELECTRICOS-NO-CONTAMINANTES-1024x731.jpg 1024w, https:\/\/diarioprincipios.com\/wp-content\/uploads\/2022\/01\/LA-TECNICA-N\u00b0-3-PARTICIPO-EN-UNA-COMPETENCIA-DE-AUTOS-ELECTRICOS-NO-CONTAMINANTES-300x214.jpg 300w, https:\/\/diarioprincipios.com\/wp-content\/uploads\/2022\/01\/LA-TECNICA-N\u00b0-3-PARTICIPO-EN-UNA-COMPETENCIA-DE-AUTOS-ELECTRICOS-NO-CONTAMINANTES-768x548.jpg 768w, https:\/\/diarioprincipios.com\/wp-content\/uploads\/2022\/01\/LA-TECNICA-N\u00b0-3-PARTICIPO-EN-UNA-COMPETENCIA-DE-AUTOS-ELECTRICOS-NO-CONTAMINANTES.jpg 1280w\" sizes=\"auto, (max-width: 1024px) 100vw, 1024px\" \/><\/figure>\n\n\n\n<p>Luc\u00eda C\u00f3rdoba, estudiante de 6to a\u00f1o de la especialidad Electromec\u00e1nica, describi\u00f3: \u201cTras la votaci\u00f3n de pilotos y mec\u00e1nicos, fui elegida en mi curso como piloto titular femenina y un compa\u00f1ero como mec\u00e1nico. En el Aut\u00f3dromo Oscar y Juan G\u00e1lvez (Villa Lugano) participamos en la competencia con el veh\u00edculo que dise\u00f1amos. Aprend\u00ed mucho, fue una hermosa experiencia. El evento fue incre\u00edble; participaron 95 Escuelas T\u00e9cnicas de todo el pa\u00eds. Fue muy lindo relacionarnos con ellos. Gracias a los sponsors y a la cooperadora de esta instituci\u00f3n pudimos abonar el monto de inscripci\u00f3n y participar\u201d.<\/p>\n\n\n\n<p>En tanto, Federico Enrique -estudiante de la misma especialidad- expres\u00f3: \u201cPresentamos un proyecto, preparamos un auto, competimos y dimos lo mejor gracias a las herramientas que se nos dio en la escuela. Nos alegr\u00f3 presentarlo y representar a Berazategui. Los docentes de la especialidad de Taller nos acompa\u00f1aron y alentaron, fueron un respaldo. Armamos en 2021 un auto muy particular, hecho por alumnos, con un resultado muy bueno\u201d.<\/p>\n","protected":false},"excerpt":{"rendered":"<p>La Escuela T\u00e9cnica N\u00b0 3 de Berazategui particip\u00f3 en el Desaf\u00edo Eco YPF con un auto el\u00e9ctrico de emisi\u00f3n cero. Se trata de un transporte alternativo no contaminante que implica el uso de nuevas tecnolog\u00edas, que alumnos de 6to a\u00f1o de Electromec\u00e1nica dise\u00f1aron (en el marco de la materia Instalaci\u00f3n y Aplicaci\u00f3n de la Energ\u00eda&#8230;<\/p>\n","protected":false},"author":2,"featured_media":12358,"comment_status":"open","ping_status":"open","sticky":false,"template":"","format":"standard","meta":{"footnotes":""},"categories":[3],"tags":[],"class_list":["post-12356","post","type-post","status-publish","format-standard","has-post-thumbnail","hentry","category-berazategui"],"featured_image_src":"https:\/\/diarioprincipios.com\/wp-content\/uploads\/2022\/01\/LA-TECNICA-N\u00b0-3-PARTICIPO-EN-UNA-COMPETENCIA-DE-AUTOS-ELECTRICOS-NO-CONTAMINANTES1-1024x625.jpg","blog_images":{"medium":"https:\/\/diarioprincipios.com\/wp-content\/uploads\/2022\/01\/LA-TECNICA-N\u00b0-3-PARTICIPO-EN-UNA-COMPETENCIA-DE-AUTOS-ELECTRICOS-NO-CONTAMINANTES1-300x183.jpg","large":"https:\/\/diarioprincipios.com\/wp-content\/uploads\/2022\/01\/LA-TECNICA-N\u00b0-3-PARTICIPO-EN-UNA-COMPETENCIA-DE-AUTOS-ELECTRICOS-NO-CONTAMINANTES1-1024x625.jpg"},"ams_acf":[],"yoast_head":"<!-- This site is optimized with the Yoast SEO plugin v27.3 - https:\/\/yoast.com\/product\/yoast-seo-wordpress\/ -->\n<title>La T\u00e9cnica N\u00b03 particip\u00f3 en una competencia de autos el\u00e9ctricos no contaminantes - Principios<\/title>\n<meta name=\"robots\" content=\"index, follow, max-snippet:-1, max-image-preview:large, max-video-preview:-1\" \/>\n<link rel=\"canonical\" href=\"https:\/\/diarioprincipios.com\/index.php\/2022\/01\/05\/la-tecnica-n3-participo-en-una-competencia-de-autos-electricos-no-contaminantes\/\" \/>\n<meta property=\"og:locale\" content=\"es_ES\" \/>\n<meta property=\"og:type\" content=\"article\" \/>\n<meta property=\"og:title\" content=\"La T\u00e9cnica N\u00b03 particip\u00f3 en una competencia de autos el\u00e9ctricos no contaminantes - Principios\" \/>\n<meta property=\"og:description\" content=\"La Escuela T\u00e9cnica N\u00b0 3 de Berazategui particip\u00f3 en el Desaf\u00edo Eco YPF con un auto el\u00e9ctrico de emisi\u00f3n cero. Se trata de un transporte alternativo no contaminante que implica el uso de nuevas tecnolog\u00edas, que alumnos de 6to a\u00f1o de Electromec\u00e1nica dise\u00f1aron (en el marco de la materia Instalaci\u00f3n y Aplicaci\u00f3n de la Energ\u00eda...\" \/>\n<meta property=\"og:url\" content=\"https:\/\/diarioprincipios.com\/index.php\/2022\/01\/05\/la-tecnica-n3-participo-en-una-competencia-de-autos-electricos-no-contaminantes\/\" \/>\n<meta property=\"og:site_name\" content=\"Principios\" \/>\n<meta property=\"article:published_time\" content=\"2022-01-05T19:40:53+00:00\" \/>\n<meta property=\"article:modified_time\" content=\"2022-01-05T19:40:59+00:00\" \/>\n<meta property=\"og:image\" content=\"https:\/\/diarioprincipios.com\/wp-content\/uploads\/2022\/01\/LA-TECNICA-N\u00b0-3-PARTICIPO-EN-UNA-COMPETENCIA-DE-AUTOS-ELECTRICOS-NO-CONTAMINANTES1.jpg\" \/>\n\t<meta property=\"og:image:width\" content=\"1280\" \/>\n\t<meta property=\"og:image:height\" content=\"781\" \/>\n\t<meta property=\"og:image:type\" content=\"image\/jpeg\" \/>\n<meta name=\"author\" content=\"Hern\u00e1n L\u00f3pez\" \/>\n<meta name=\"twitter:card\" content=\"summary_large_image\" \/>\n<meta name=\"twitter:label1\" content=\"Escrito por\" \/>\n\t<meta name=\"twitter:data1\" content=\"Hern\u00e1n L\u00f3pez\" \/>\n\t<meta name=\"twitter:label2\" content=\"Tiempo de lectura\" \/>\n\t<meta name=\"twitter:data2\" content=\"2 minutos\" \/>\n<script type=\"application\/ld+json\" class=\"yoast-schema-graph\">{\"@context\":\"https:\\\/\\\/schema.org\",\"@graph\":[{\"@type\":\"Article\",\"@id\":\"https:\\\/\\\/diarioprincipios.com\\\/index.php\\\/2022\\\/01\\\/05\\\/la-tecnica-n3-participo-en-una-competencia-de-autos-electricos-no-contaminantes\\\/#article\",\"isPartOf\":{\"@id\":\"https:\\\/\\\/diarioprincipios.com\\\/index.php\\\/2022\\\/01\\\/05\\\/la-tecnica-n3-participo-en-una-competencia-de-autos-electricos-no-contaminantes\\\/\"},\"author\":{\"name\":\"Hern\u00e1n L\u00f3pez\",\"@id\":\"https:\\\/\\\/diarioprincipios.com\\\/#\\\/schema\\\/person\\\/436d5a1fd41a5e250e23ff5a6a7cb080\"},\"headline\":\"La T\u00e9cnica N\u00b03 particip\u00f3 en una competencia de autos el\u00e9ctricos no contaminantes\",\"datePublished\":\"2022-01-05T19:40:53+00:00\",\"dateModified\":\"2022-01-05T19:40:59+00:00\",\"mainEntityOfPage\":{\"@id\":\"https:\\\/\\\/diarioprincipios.com\\\/index.php\\\/2022\\\/01\\\/05\\\/la-tecnica-n3-participo-en-una-competencia-de-autos-electricos-no-contaminantes\\\/\"},\"wordCount\":397,\"commentCount\":0,\"publisher\":{\"@id\":\"https:\\\/\\\/diarioprincipios.com\\\/#organization\"},\"image\":{\"@id\":\"https:\\\/\\\/diarioprincipios.com\\\/index.php\\\/2022\\\/01\\\/05\\\/la-tecnica-n3-participo-en-una-competencia-de-autos-electricos-no-contaminantes\\\/#primaryimage\"},\"thumbnailUrl\":\"https:\\\/\\\/diarioprincipios.com\\\/wp-content\\\/uploads\\\/2022\\\/01\\\/LA-TECNICA-N\u00b0-3-PARTICIPO-EN-UNA-COMPETENCIA-DE-AUTOS-ELECTRICOS-NO-CONTAMINANTES1.jpg\",\"articleSection\":[\"Berazategui\"],\"inLanguage\":\"es\",\"potentialAction\":[{\"@type\":\"CommentAction\",\"name\":\"Comment\",\"target\":[\"https:\\\/\\\/diarioprincipios.com\\\/index.php\\\/2022\\\/01\\\/05\\\/la-tecnica-n3-participo-en-una-competencia-de-autos-electricos-no-contaminantes\\\/#respond\"]}]},{\"@type\":\"WebPage\",\"@id\":\"https:\\\/\\\/diarioprincipios.com\\\/index.php\\\/2022\\\/01\\\/05\\\/la-tecnica-n3-participo-en-una-competencia-de-autos-electricos-no-contaminantes\\\/\",\"url\":\"https:\\\/\\\/diarioprincipios.com\\\/index.php\\\/2022\\\/01\\\/05\\\/la-tecnica-n3-participo-en-una-competencia-de-autos-electricos-no-contaminantes\\\/\",\"name\":\"La T\u00e9cnica N\u00b03 particip\u00f3 en una competencia de autos el\u00e9ctricos no contaminantes - Principios\",\"isPartOf\":{\"@id\":\"https:\\\/\\\/diarioprincipios.com\\\/#website\"},\"primaryImageOfPage\":{\"@id\":\"https:\\\/\\\/diarioprincipios.com\\\/index.php\\\/2022\\\/01\\\/05\\\/la-tecnica-n3-participo-en-una-competencia-de-autos-electricos-no-contaminantes\\\/#primaryimage\"},\"image\":{\"@id\":\"https:\\\/\\\/diarioprincipios.com\\\/index.php\\\/2022\\\/01\\\/05\\\/la-tecnica-n3-participo-en-una-competencia-de-autos-electricos-no-contaminantes\\\/#primaryimage\"},\"thumbnailUrl\":\"https:\\\/\\\/diarioprincipios.com\\\/wp-content\\\/uploads\\\/2022\\\/01\\\/LA-TECNICA-N\u00b0-3-PARTICIPO-EN-UNA-COMPETENCIA-DE-AUTOS-ELECTRICOS-NO-CONTAMINANTES1.jpg\",\"datePublished\":\"2022-01-05T19:40:53+00:00\",\"dateModified\":\"2022-01-05T19:40:59+00:00\",\"breadcrumb\":{\"@id\":\"https:\\\/\\\/diarioprincipios.com\\\/index.php\\\/2022\\\/01\\\/05\\\/la-tecnica-n3-participo-en-una-competencia-de-autos-electricos-no-contaminantes\\\/#breadcrumb\"},\"inLanguage\":\"es\",\"potentialAction\":[{\"@type\":\"ReadAction\",\"target\":[\"https:\\\/\\\/diarioprincipios.com\\\/index.php\\\/2022\\\/01\\\/05\\\/la-tecnica-n3-participo-en-una-competencia-de-autos-electricos-no-contaminantes\\\/\"]}]},{\"@type\":\"ImageObject\",\"inLanguage\":\"es\",\"@id\":\"https:\\\/\\\/diarioprincipios.com\\\/index.php\\\/2022\\\/01\\\/05\\\/la-tecnica-n3-participo-en-una-competencia-de-autos-electricos-no-contaminantes\\\/#primaryimage\",\"url\":\"https:\\\/\\\/diarioprincipios.com\\\/wp-content\\\/uploads\\\/2022\\\/01\\\/LA-TECNICA-N\u00b0-3-PARTICIPO-EN-UNA-COMPETENCIA-DE-AUTOS-ELECTRICOS-NO-CONTAMINANTES1.jpg\",\"contentUrl\":\"https:\\\/\\\/diarioprincipios.com\\\/wp-content\\\/uploads\\\/2022\\\/01\\\/LA-TECNICA-N\u00b0-3-PARTICIPO-EN-UNA-COMPETENCIA-DE-AUTOS-ELECTRICOS-NO-CONTAMINANTES1.jpg\",\"width\":1280,\"height\":781},{\"@type\":\"BreadcrumbList\",\"@id\":\"https:\\\/\\\/diarioprincipios.com\\\/index.php\\\/2022\\\/01\\\/05\\\/la-tecnica-n3-participo-en-una-competencia-de-autos-electricos-no-contaminantes\\\/#breadcrumb\",\"itemListElement\":[{\"@type\":\"ListItem\",\"position\":1,\"name\":\"Portada\",\"item\":\"https:\\\/\\\/diarioprincipios.com\\\/\"},{\"@type\":\"ListItem\",\"position\":2,\"name\":\"La T\u00e9cnica N\u00b03 particip\u00f3 en una competencia de autos el\u00e9ctricos no contaminantes\"}]},{\"@type\":\"WebSite\",\"@id\":\"https:\\\/\\\/diarioprincipios.com\\\/#website\",\"url\":\"https:\\\/\\\/diarioprincipios.com\\\/\",\"name\":\"Principios\",\"description\":\"Principios Diario\",\"publisher\":{\"@id\":\"https:\\\/\\\/diarioprincipios.com\\\/#organization\"},\"potentialAction\":[{\"@type\":\"SearchAction\",\"target\":{\"@type\":\"EntryPoint\",\"urlTemplate\":\"https:\\\/\\\/diarioprincipios.com\\\/?s={search_term_string}\"},\"query-input\":{\"@type\":\"PropertyValueSpecification\",\"valueRequired\":true,\"valueName\":\"search_term_string\"}}],\"inLanguage\":\"es\"},{\"@type\":\"Organization\",\"@id\":\"https:\\\/\\\/diarioprincipios.com\\\/#organization\",\"name\":\"Principios\",\"url\":\"https:\\\/\\\/diarioprincipios.com\\\/\",\"logo\":{\"@type\":\"ImageObject\",\"inLanguage\":\"es\",\"@id\":\"https:\\\/\\\/diarioprincipios.com\\\/#\\\/schema\\\/logo\\\/image\\\/\",\"url\":\"https:\\\/\\\/diarioprincipios.com\\\/wp-content\\\/uploads\\\/2024\\\/04\\\/cropped-www.diarioprincipios.com_-1.png\",\"contentUrl\":\"https:\\\/\\\/diarioprincipios.com\\\/wp-content\\\/uploads\\\/2024\\\/04\\\/cropped-www.diarioprincipios.com_-1.png\",\"width\":5325,\"height\":1454,\"caption\":\"Principios\"},\"image\":{\"@id\":\"https:\\\/\\\/diarioprincipios.com\\\/#\\\/schema\\\/logo\\\/image\\\/\"}},{\"@type\":\"Person\",\"@id\":\"https:\\\/\\\/diarioprincipios.com\\\/#\\\/schema\\\/person\\\/436d5a1fd41a5e250e23ff5a6a7cb080\",\"name\":\"Hern\u00e1n L\u00f3pez\",\"image\":{\"@type\":\"ImageObject\",\"inLanguage\":\"es\",\"@id\":\"https:\\\/\\\/diarioprincipios.com\\\/wp-content\\\/litespeed\\\/avatar\\\/11ddfe5610ff3bd100522525b2571f48.jpg?ver=1777653193\",\"url\":\"https:\\\/\\\/diarioprincipios.com\\\/wp-content\\\/litespeed\\\/avatar\\\/11ddfe5610ff3bd100522525b2571f48.jpg?ver=1777653193\",\"contentUrl\":\"https:\\\/\\\/diarioprincipios.com\\\/wp-content\\\/litespeed\\\/avatar\\\/11ddfe5610ff3bd100522525b2571f48.jpg?ver=1777653193\",\"caption\":\"Hern\u00e1n L\u00f3pez\"},\"url\":\"https:\\\/\\\/diarioprincipios.com\\\/index.php\\\/author\\\/hernan\\\/\"}]}<\/script>\n<!-- \/ Yoast SEO plugin. -->","yoast_head_json":{"title":"La T\u00e9cnica N\u00b03 particip\u00f3 en una competencia de autos el\u00e9ctricos no contaminantes - Principios","robots":{"index":"index","follow":"follow","max-snippet":"max-snippet:-1","max-image-preview":"max-image-preview:large","max-video-preview":"max-video-preview:-1"},"canonical":"https:\/\/diarioprincipios.com\/index.php\/2022\/01\/05\/la-tecnica-n3-participo-en-una-competencia-de-autos-electricos-no-contaminantes\/","og_locale":"es_ES","og_type":"article","og_title":"La T\u00e9cnica N\u00b03 particip\u00f3 en una competencia de autos el\u00e9ctricos no contaminantes - Principios","og_description":"La Escuela T\u00e9cnica N\u00b0 3 de Berazategui particip\u00f3 en el Desaf\u00edo Eco YPF con un auto el\u00e9ctrico de emisi\u00f3n cero. Se trata de un transporte alternativo no contaminante que implica el uso de nuevas tecnolog\u00edas, que alumnos de 6to a\u00f1o de Electromec\u00e1nica dise\u00f1aron (en el marco de la materia Instalaci\u00f3n y Aplicaci\u00f3n de la Energ\u00eda...","og_url":"https:\/\/diarioprincipios.com\/index.php\/2022\/01\/05\/la-tecnica-n3-participo-en-una-competencia-de-autos-electricos-no-contaminantes\/","og_site_name":"Principios","article_published_time":"2022-01-05T19:40:53+00:00","article_modified_time":"2022-01-05T19:40:59+00:00","og_image":[{"width":1280,"height":781,"url":"https:\/\/diarioprincipios.com\/wp-content\/uploads\/2022\/01\/LA-TECNICA-N\u00b0-3-PARTICIPO-EN-UNA-COMPETENCIA-DE-AUTOS-ELECTRICOS-NO-CONTAMINANTES1.jpg","type":"image\/jpeg"}],"author":"Hern\u00e1n L\u00f3pez","twitter_card":"summary_large_image","twitter_misc":{"Escrito por":"Hern\u00e1n L\u00f3pez","Tiempo de lectura":"2 minutos"},"schema":{"@context":"https:\/\/schema.org","@graph":[{"@type":"Article","@id":"https:\/\/diarioprincipios.com\/index.php\/2022\/01\/05\/la-tecnica-n3-participo-en-una-competencia-de-autos-electricos-no-contaminantes\/#article","isPartOf":{"@id":"https:\/\/diarioprincipios.com\/index.php\/2022\/01\/05\/la-tecnica-n3-participo-en-una-competencia-de-autos-electricos-no-contaminantes\/"},"author":{"name":"Hern\u00e1n L\u00f3pez","@id":"https:\/\/diarioprincipios.com\/#\/schema\/person\/436d5a1fd41a5e250e23ff5a6a7cb080"},"headline":"La T\u00e9cnica N\u00b03 particip\u00f3 en una competencia de autos el\u00e9ctricos no contaminantes","datePublished":"2022-01-05T19:40:53+00:00","dateModified":"2022-01-05T19:40:59+00:00","mainEntityOfPage":{"@id":"https:\/\/diarioprincipios.com\/index.php\/2022\/01\/05\/la-tecnica-n3-participo-en-una-competencia-de-autos-electricos-no-contaminantes\/"},"wordCount":397,"commentCount":0,"publisher":{"@id":"https:\/\/diarioprincipios.com\/#organization"},"image":{"@id":"https:\/\/diarioprincipios.com\/index.php\/2022\/01\/05\/la-tecnica-n3-participo-en-una-competencia-de-autos-electricos-no-contaminantes\/#primaryimage"},"thumbnailUrl":"https:\/\/diarioprincipios.com\/wp-content\/uploads\/2022\/01\/LA-TECNICA-N\u00b0-3-PARTICIPO-EN-UNA-COMPETENCIA-DE-AUTOS-ELECTRICOS-NO-CONTAMINANTES1.jpg","articleSection":["Berazategui"],"inLanguage":"es","potentialAction":[{"@type":"CommentAction","name":"Comment","target":["https:\/\/diarioprincipios.com\/index.php\/2022\/01\/05\/la-tecnica-n3-participo-en-una-competencia-de-autos-electricos-no-contaminantes\/#respond"]}]},{"@type":"WebPage","@id":"https:\/\/diarioprincipios.com\/index.php\/2022\/01\/05\/la-tecnica-n3-participo-en-una-competencia-de-autos-electricos-no-contaminantes\/","url":"https:\/\/diarioprincipios.com\/index.php\/2022\/01\/05\/la-tecnica-n3-participo-en-una-competencia-de-autos-electricos-no-contaminantes\/","name":"La T\u00e9cnica N\u00b03 particip\u00f3 en una competencia de autos el\u00e9ctricos no contaminantes - Principios","isPartOf":{"@id":"https:\/\/diarioprincipios.com\/#website"},"primaryImageOfPage":{"@id":"https:\/\/diarioprincipios.com\/index.php\/2022\/01\/05\/la-tecnica-n3-participo-en-una-competencia-de-autos-electricos-no-contaminantes\/#primaryimage"},"image":{"@id":"https:\/\/diarioprincipios.com\/index.php\/2022\/01\/05\/la-tecnica-n3-participo-en-una-competencia-de-autos-electricos-no-contaminantes\/#primaryimage"},"thumbnailUrl":"https:\/\/diarioprincipios.com\/wp-content\/uploads\/2022\/01\/LA-TECNICA-N\u00b0-3-PARTICIPO-EN-UNA-COMPETENCIA-DE-AUTOS-ELECTRICOS-NO-CONTAMINANTES1.jpg","datePublished":"2022-01-05T19:40:53+00:00","dateModified":"2022-01-05T19:40:59+00:00","breadcrumb":{"@id":"https:\/\/diarioprincipios.com\/index.php\/2022\/01\/05\/la-tecnica-n3-participo-en-una-competencia-de-autos-electricos-no-contaminantes\/#breadcrumb"},"inLanguage":"es","potentialAction":[{"@type":"ReadAction","target":["https:\/\/diarioprincipios.com\/index.php\/2022\/01\/05\/la-tecnica-n3-participo-en-una-competencia-de-autos-electricos-no-contaminantes\/"]}]},{"@type":"ImageObject","inLanguage":"es","@id":"https:\/\/diarioprincipios.com\/index.php\/2022\/01\/05\/la-tecnica-n3-participo-en-una-competencia-de-autos-electricos-no-contaminantes\/#primaryimage","url":"https:\/\/diarioprincipios.com\/wp-content\/uploads\/2022\/01\/LA-TECNICA-N\u00b0-3-PARTICIPO-EN-UNA-COMPETENCIA-DE-AUTOS-ELECTRICOS-NO-CONTAMINANTES1.jpg","contentUrl":"https:\/\/diarioprincipios.com\/wp-content\/uploads\/2022\/01\/LA-TECNICA-N\u00b0-3-PARTICIPO-EN-UNA-COMPETENCIA-DE-AUTOS-ELECTRICOS-NO-CONTAMINANTES1.jpg","width":1280,"height":781},{"@type":"BreadcrumbList","@id":"https:\/\/diarioprincipios.com\/index.php\/2022\/01\/05\/la-tecnica-n3-participo-en-una-competencia-de-autos-electricos-no-contaminantes\/#breadcrumb","itemListElement":[{"@type":"ListItem","position":1,"name":"Portada","item":"https:\/\/diarioprincipios.com\/"},{"@type":"ListItem","position":2,"name":"La T\u00e9cnica N\u00b03 particip\u00f3 en una competencia de autos el\u00e9ctricos no contaminantes"}]},{"@type":"WebSite","@id":"https:\/\/diarioprincipios.com\/#website","url":"https:\/\/diarioprincipios.com\/","name":"Principios","description":"Principios Diario","publisher":{"@id":"https:\/\/diarioprincipios.com\/#organization"},"potentialAction":[{"@type":"SearchAction","target":{"@type":"EntryPoint","urlTemplate":"https:\/\/diarioprincipios.com\/?s={search_term_string}"},"query-input":{"@type":"PropertyValueSpecification","valueRequired":true,"valueName":"search_term_string"}}],"inLanguage":"es"},{"@type":"Organization","@id":"https:\/\/diarioprincipios.com\/#organization","name":"Principios","url":"https:\/\/diarioprincipios.com\/","logo":{"@type":"ImageObject","inLanguage":"es","@id":"https:\/\/diarioprincipios.com\/#\/schema\/logo\/image\/","url":"https:\/\/diarioprincipios.com\/wp-content\/uploads\/2024\/04\/cropped-www.diarioprincipios.com_-1.png","contentUrl":"https:\/\/diarioprincipios.com\/wp-content\/uploads\/2024\/04\/cropped-www.diarioprincipios.com_-1.png","width":5325,"height":1454,"caption":"Principios"},"image":{"@id":"https:\/\/diarioprincipios.com\/#\/schema\/logo\/image\/"}},{"@type":"Person","@id":"https:\/\/diarioprincipios.com\/#\/schema\/person\/436d5a1fd41a5e250e23ff5a6a7cb080","name":"Hern\u00e1n L\u00f3pez","image":{"@type":"ImageObject","inLanguage":"es","@id":"https:\/\/diarioprincipios.com\/wp-content\/litespeed\/avatar\/11ddfe5610ff3bd100522525b2571f48.jpg?ver=1777653193","url":"https:\/\/diarioprincipios.com\/wp-content\/litespeed\/avatar\/11ddfe5610ff3bd100522525b2571f48.jpg?ver=1777653193","contentUrl":"https:\/\/diarioprincipios.com\/wp-content\/litespeed\/avatar\/11ddfe5610ff3bd100522525b2571f48.jpg?ver=1777653193","caption":"Hern\u00e1n L\u00f3pez"},"url":"https:\/\/diarioprincipios.com\/index.php\/author\/hernan\/"}]}},"jetpack_featured_media_url":"https:\/\/diarioprincipios.com\/wp-content\/uploads\/2022\/01\/LA-TECNICA-N\u00b0-3-PARTICIPO-EN-UNA-COMPETENCIA-DE-AUTOS-ELECTRICOS-NO-CONTAMINANTES1.jpg","_links":{"self":[{"href":"https:\/\/diarioprincipios.com\/index.php\/wp-json\/wp\/v2\/posts\/12356","targetHints":{"allow":["GET"]}}],"collection":[{"href":"https:\/\/diarioprincipios.com\/index.php\/wp-json\/wp\/v2\/posts"}],"about":[{"href":"https:\/\/diarioprincipios.com\/index.php\/wp-json\/wp\/v2\/types\/post"}],"author":[{"embeddable":true,"href":"https:\/\/diarioprincipios.com\/index.php\/wp-json\/wp\/v2\/users\/2"}],"replies":[{"embeddable":true,"href":"https:\/\/diarioprincipios.com\/index.php\/wp-json\/wp\/v2\/comments?post=12356"}],"version-history":[{"count":1,"href":"https:\/\/diarioprincipios.com\/index.php\/wp-json\/wp\/v2\/posts\/12356\/revisions"}],"predecessor-version":[{"id":12359,"href":"https:\/\/diarioprincipios.com\/index.php\/wp-json\/wp\/v2\/posts\/12356\/revisions\/12359"}],"wp:featuredmedia":[{"embeddable":true,"href":"https:\/\/diarioprincipios.com\/index.php\/wp-json\/wp\/v2\/media\/12358"}],"wp:attachment":[{"href":"https:\/\/diarioprincipios.com\/index.php\/wp-json\/wp\/v2\/media?parent=12356"}],"wp:term":[{"taxonomy":"category","embeddable":true,"href":"https:\/\/diarioprincipios.com\/index.php\/wp-json\/wp\/v2\/categories?post=12356"},{"taxonomy":"post_tag","embeddable":true,"href":"https:\/\/diarioprincipios.com\/index.php\/wp-json\/wp\/v2\/tags?post=12356"}],"curies":[{"name":"wp","href":"https:\/\/api.w.org\/{rel}","templated":true}]}}