{"id":12349,"date":"2022-01-02T17:29:41","date_gmt":"2022-01-02T20:29:41","guid":{"rendered":"http:\/\/diarioprincipios.com\/?p=12349"},"modified":"2022-01-02T17:33:43","modified_gmt":"2022-01-02T20:33:43","slug":"mussi-responsabilizo-a-edesur-por-los-cortes-de-luz-y-agua-y-exigio-respuestas","status":"publish","type":"post","link":"https:\/\/diarioprincipios.com\/index.php\/2022\/01\/02\/mussi-responsabilizo-a-edesur-por-los-cortes-de-luz-y-agua-y-exigio-respuestas\/","title":{"rendered":"Mussi responsabiliz\u00f3 a Edesur por los cortes de luz y agua y exigi\u00f3 respuestas"},"content":{"rendered":"\n<p>El 2do d\u00eda del a\u00f1o, a trav\u00e9s de sus redes sociales Juan Jos\u00e9 Mussi, intendente de Berazategui, mostr\u00f3 su enojo con la empresa privada EDESUR por los reiterados cortes de luz que viene padeciendo este Distrito y gran parte del AMBA durante los \u00faltimos d\u00edas, los cuales tambi\u00e9n, en el caso de Berazategui, afectan al normal funcionamiento del suministro de agua.<\/p>\n\n\n\n<figure class=\"wp-block-image size-large\"><img loading=\"lazy\" decoding=\"async\" width=\"1024\" height=\"910\" src=\"https:\/\/diarioprincipios.com\/wp-content\/uploads\/2022\/01\/Screenshot_20220102-171925_WhatsApp-1-1024x910.jpg\" alt=\"\" class=\"wp-image-12352\" srcset=\"https:\/\/diarioprincipios.com\/wp-content\/uploads\/2022\/01\/Screenshot_20220102-171925_WhatsApp-1-1024x910.jpg 1024w, https:\/\/diarioprincipios.com\/wp-content\/uploads\/2022\/01\/Screenshot_20220102-171925_WhatsApp-1-300x267.jpg 300w, https:\/\/diarioprincipios.com\/wp-content\/uploads\/2022\/01\/Screenshot_20220102-171925_WhatsApp-1-768x683.jpg 768w, https:\/\/diarioprincipios.com\/wp-content\/uploads\/2022\/01\/Screenshot_20220102-171925_WhatsApp-1.jpg 1080w\" sizes=\"auto, (max-width: 1024px) 100vw, 1024px\" \/><\/figure>\n\n\n\n<p>De esta manera, Mussi public\u00f3: \u201cUna vez m\u00e1s, la empresa privada EDESUR S.A. (EDESUR SIN ALMA) y su p\u00e9simo servicio, dejando que 30 mil hogares del AMBA comiencen el 2022 SIN LUZ\u201d.<br>A su vez, recalc\u00f3 que la falta de luz perjudica el normal funcionamiento del servicio de agua: \u201cComo saben, ac\u00e1 en Berazategui, estos cortes de energ\u00eda de EDESUR perjudican a las y los vecinos porque afectan directamente al funcionamiento de los pozos de agua, dej\u00e1ndonos sin ambos suministros. Temperaturas alt\u00edsimas, sin luz ni agua y EDESUR sin respuesta\u201d.<\/p>\n\n\n\n<p>Los cortes no solo los sufren los vecinos y vecinas de Berazategui sino que tambi\u00e9n hay falta de luz en otros municipios del Gran Buenos Aires como: Lomas de Zamora y Florencio Varela, entre otros, y tambi\u00e9n en varios barrios de la Ciudad Aut\u00f3noma de Buenos Aires.<\/p>\n","protected":false},"excerpt":{"rendered":"<p>El 2do d\u00eda del a\u00f1o, a trav\u00e9s de sus redes sociales Juan Jos\u00e9 Mussi, intendente de Berazategui, mostr\u00f3 su enojo con la empresa privada EDESUR por los reiterados cortes de luz que viene padeciendo este Distrito y gran parte del AMBA durante los \u00faltimos d\u00edas, los cuales tambi\u00e9n, en el caso de Berazategui, afectan al&#8230;<\/p>\n","protected":false},"author":2,"featured_media":12355,"comment_status":"open","ping_status":"open","sticky":false,"template":"","format":"standard","meta":{"footnotes":""},"categories":[3],"tags":[],"class_list":["post-12349","post","type-post","status-publish","format-standard","has-post-thumbnail","hentry","category-berazategui"],"featured_image_src":"https:\/\/diarioprincipios.com\/wp-content\/uploads\/2022\/01\/Screenshot_20220102-171925_WhatsApp-2-1024x698.jpg","blog_images":{"medium":"https:\/\/diarioprincipios.com\/wp-content\/uploads\/2022\/01\/Screenshot_20220102-171925_WhatsApp-2-300x204.jpg","large":"https:\/\/diarioprincipios.com\/wp-content\/uploads\/2022\/01\/Screenshot_20220102-171925_WhatsApp-2-1024x698.jpg"},"ams_acf":[],"yoast_head":"<!-- This site is optimized with the Yoast SEO plugin v27.3 - https:\/\/yoast.com\/product\/yoast-seo-wordpress\/ -->\n<title>Mussi responsabiliz\u00f3 a Edesur por los cortes de luz y agua y exigi\u00f3 respuestas - Principios<\/title>\n<meta name=\"robots\" content=\"index, follow, max-snippet:-1, max-image-preview:large, max-video-preview:-1\" \/>\n<link rel=\"canonical\" href=\"https:\/\/diarioprincipios.com\/index.php\/2022\/01\/02\/mussi-responsabilizo-a-edesur-por-los-cortes-de-luz-y-agua-y-exigio-respuestas\/\" \/>\n<meta property=\"og:locale\" content=\"es_ES\" \/>\n<meta property=\"og:type\" content=\"article\" \/>\n<meta property=\"og:title\" content=\"Mussi responsabiliz\u00f3 a Edesur por los cortes de luz y agua y exigi\u00f3 respuestas - Principios\" \/>\n<meta property=\"og:description\" content=\"El 2do d\u00eda del a\u00f1o, a trav\u00e9s de sus redes sociales Juan Jos\u00e9 Mussi, intendente de Berazategui, mostr\u00f3 su enojo con la empresa privada EDESUR por los reiterados cortes de luz que viene padeciendo este Distrito y gran parte del AMBA durante los \u00faltimos d\u00edas, los cuales tambi\u00e9n, en el caso de Berazategui, afectan al...\" \/>\n<meta property=\"og:url\" content=\"https:\/\/diarioprincipios.com\/index.php\/2022\/01\/02\/mussi-responsabilizo-a-edesur-por-los-cortes-de-luz-y-agua-y-exigio-respuestas\/\" \/>\n<meta property=\"og:site_name\" content=\"Principios\" \/>\n<meta property=\"article:published_time\" content=\"2022-01-02T20:29:41+00:00\" \/>\n<meta property=\"article:modified_time\" content=\"2022-01-02T20:33:43+00:00\" \/>\n<meta property=\"og:image\" content=\"https:\/\/diarioprincipios.com\/wp-content\/uploads\/2022\/01\/Screenshot_20220102-171925_WhatsApp-2.jpg\" \/>\n\t<meta property=\"og:image:width\" content=\"1080\" \/>\n\t<meta property=\"og:image:height\" content=\"736\" \/>\n\t<meta property=\"og:image:type\" content=\"image\/jpeg\" \/>\n<meta name=\"author\" content=\"Hern\u00e1n L\u00f3pez\" \/>\n<meta name=\"twitter:card\" content=\"summary_large_image\" \/>\n<meta name=\"twitter:label1\" content=\"Escrito por\" \/>\n\t<meta name=\"twitter:data1\" content=\"Hern\u00e1n L\u00f3pez\" \/>\n\t<meta name=\"twitter:label2\" content=\"Tiempo de lectura\" \/>\n\t<meta name=\"twitter:data2\" content=\"2 minutos\" \/>\n<script type=\"application\/ld+json\" class=\"yoast-schema-graph\">{\"@context\":\"https:\\\/\\\/schema.org\",\"@graph\":[{\"@type\":\"Article\",\"@id\":\"https:\\\/\\\/diarioprincipios.com\\\/index.php\\\/2022\\\/01\\\/02\\\/mussi-responsabilizo-a-edesur-por-los-cortes-de-luz-y-agua-y-exigio-respuestas\\\/#article\",\"isPartOf\":{\"@id\":\"https:\\\/\\\/diarioprincipios.com\\\/index.php\\\/2022\\\/01\\\/02\\\/mussi-responsabilizo-a-edesur-por-los-cortes-de-luz-y-agua-y-exigio-respuestas\\\/\"},\"author\":{\"name\":\"Hern\u00e1n L\u00f3pez\",\"@id\":\"https:\\\/\\\/diarioprincipios.com\\\/#\\\/schema\\\/person\\\/436d5a1fd41a5e250e23ff5a6a7cb080\"},\"headline\":\"Mussi responsabiliz\u00f3 a Edesur por los cortes de luz y agua y exigi\u00f3 respuestas\",\"datePublished\":\"2022-01-02T20:29:41+00:00\",\"dateModified\":\"2022-01-02T20:33:43+00:00\",\"mainEntityOfPage\":{\"@id\":\"https:\\\/\\\/diarioprincipios.com\\\/index.php\\\/2022\\\/01\\\/02\\\/mussi-responsabilizo-a-edesur-por-los-cortes-de-luz-y-agua-y-exigio-respuestas\\\/\"},\"wordCount\":224,\"commentCount\":0,\"publisher\":{\"@id\":\"https:\\\/\\\/diarioprincipios.com\\\/#organization\"},\"image\":{\"@id\":\"https:\\\/\\\/diarioprincipios.com\\\/index.php\\\/2022\\\/01\\\/02\\\/mussi-responsabilizo-a-edesur-por-los-cortes-de-luz-y-agua-y-exigio-respuestas\\\/#primaryimage\"},\"thumbnailUrl\":\"https:\\\/\\\/diarioprincipios.com\\\/wp-content\\\/uploads\\\/2022\\\/01\\\/Screenshot_20220102-171925_WhatsApp-2.jpg\",\"articleSection\":[\"Berazategui\"],\"inLanguage\":\"es\",\"potentialAction\":[{\"@type\":\"CommentAction\",\"name\":\"Comment\",\"target\":[\"https:\\\/\\\/diarioprincipios.com\\\/index.php\\\/2022\\\/01\\\/02\\\/mussi-responsabilizo-a-edesur-por-los-cortes-de-luz-y-agua-y-exigio-respuestas\\\/#respond\"]}]},{\"@type\":\"WebPage\",\"@id\":\"https:\\\/\\\/diarioprincipios.com\\\/index.php\\\/2022\\\/01\\\/02\\\/mussi-responsabilizo-a-edesur-por-los-cortes-de-luz-y-agua-y-exigio-respuestas\\\/\",\"url\":\"https:\\\/\\\/diarioprincipios.com\\\/index.php\\\/2022\\\/01\\\/02\\\/mussi-responsabilizo-a-edesur-por-los-cortes-de-luz-y-agua-y-exigio-respuestas\\\/\",\"name\":\"Mussi responsabiliz\u00f3 a Edesur por los cortes de luz y agua y exigi\u00f3 respuestas - Principios\",\"isPartOf\":{\"@id\":\"https:\\\/\\\/diarioprincipios.com\\\/#website\"},\"primaryImageOfPage\":{\"@id\":\"https:\\\/\\\/diarioprincipios.com\\\/index.php\\\/2022\\\/01\\\/02\\\/mussi-responsabilizo-a-edesur-por-los-cortes-de-luz-y-agua-y-exigio-respuestas\\\/#primaryimage\"},\"image\":{\"@id\":\"https:\\\/\\\/diarioprincipios.com\\\/index.php\\\/2022\\\/01\\\/02\\\/mussi-responsabilizo-a-edesur-por-los-cortes-de-luz-y-agua-y-exigio-respuestas\\\/#primaryimage\"},\"thumbnailUrl\":\"https:\\\/\\\/diarioprincipios.com\\\/wp-content\\\/uploads\\\/2022\\\/01\\\/Screenshot_20220102-171925_WhatsApp-2.jpg\",\"datePublished\":\"2022-01-02T20:29:41+00:00\",\"dateModified\":\"2022-01-02T20:33:43+00:00\",\"breadcrumb\":{\"@id\":\"https:\\\/\\\/diarioprincipios.com\\\/index.php\\\/2022\\\/01\\\/02\\\/mussi-responsabilizo-a-edesur-por-los-cortes-de-luz-y-agua-y-exigio-respuestas\\\/#breadcrumb\"},\"inLanguage\":\"es\",\"potentialAction\":[{\"@type\":\"ReadAction\",\"target\":[\"https:\\\/\\\/diarioprincipios.com\\\/index.php\\\/2022\\\/01\\\/02\\\/mussi-responsabilizo-a-edesur-por-los-cortes-de-luz-y-agua-y-exigio-respuestas\\\/\"]}]},{\"@type\":\"ImageObject\",\"inLanguage\":\"es\",\"@id\":\"https:\\\/\\\/diarioprincipios.com\\\/index.php\\\/2022\\\/01\\\/02\\\/mussi-responsabilizo-a-edesur-por-los-cortes-de-luz-y-agua-y-exigio-respuestas\\\/#primaryimage\",\"url\":\"https:\\\/\\\/diarioprincipios.com\\\/wp-content\\\/uploads\\\/2022\\\/01\\\/Screenshot_20220102-171925_WhatsApp-2.jpg\",\"contentUrl\":\"https:\\\/\\\/diarioprincipios.com\\\/wp-content\\\/uploads\\\/2022\\\/01\\\/Screenshot_20220102-171925_WhatsApp-2.jpg\",\"width\":1080,\"height\":736},{\"@type\":\"BreadcrumbList\",\"@id\":\"https:\\\/\\\/diarioprincipios.com\\\/index.php\\\/2022\\\/01\\\/02\\\/mussi-responsabilizo-a-edesur-por-los-cortes-de-luz-y-agua-y-exigio-respuestas\\\/#breadcrumb\",\"itemListElement\":[{\"@type\":\"ListItem\",\"position\":1,\"name\":\"Portada\",\"item\":\"https:\\\/\\\/diarioprincipios.com\\\/\"},{\"@type\":\"ListItem\",\"position\":2,\"name\":\"Mussi responsabiliz\u00f3 a Edesur por los cortes de luz y agua y exigi\u00f3 respuestas\"}]},{\"@type\":\"WebSite\",\"@id\":\"https:\\\/\\\/diarioprincipios.com\\\/#website\",\"url\":\"https:\\\/\\\/diarioprincipios.com\\\/\",\"name\":\"Principios\",\"description\":\"Principios Diario\",\"publisher\":{\"@id\":\"https:\\\/\\\/diarioprincipios.com\\\/#organization\"},\"potentialAction\":[{\"@type\":\"SearchAction\",\"target\":{\"@type\":\"EntryPoint\",\"urlTemplate\":\"https:\\\/\\\/diarioprincipios.com\\\/?s={search_term_string}\"},\"query-input\":{\"@type\":\"PropertyValueSpecification\",\"valueRequired\":true,\"valueName\":\"search_term_string\"}}],\"inLanguage\":\"es\"},{\"@type\":\"Organization\",\"@id\":\"https:\\\/\\\/diarioprincipios.com\\\/#organization\",\"name\":\"Principios\",\"url\":\"https:\\\/\\\/diarioprincipios.com\\\/\",\"logo\":{\"@type\":\"ImageObject\",\"inLanguage\":\"es\",\"@id\":\"https:\\\/\\\/diarioprincipios.com\\\/#\\\/schema\\\/logo\\\/image\\\/\",\"url\":\"https:\\\/\\\/diarioprincipios.com\\\/wp-content\\\/uploads\\\/2024\\\/04\\\/cropped-www.diarioprincipios.com_-1.png\",\"contentUrl\":\"https:\\\/\\\/diarioprincipios.com\\\/wp-content\\\/uploads\\\/2024\\\/04\\\/cropped-www.diarioprincipios.com_-1.png\",\"width\":5325,\"height\":1454,\"caption\":\"Principios\"},\"image\":{\"@id\":\"https:\\\/\\\/diarioprincipios.com\\\/#\\\/schema\\\/logo\\\/image\\\/\"}},{\"@type\":\"Person\",\"@id\":\"https:\\\/\\\/diarioprincipios.com\\\/#\\\/schema\\\/person\\\/436d5a1fd41a5e250e23ff5a6a7cb080\",\"name\":\"Hern\u00e1n L\u00f3pez\",\"image\":{\"@type\":\"ImageObject\",\"inLanguage\":\"es\",\"@id\":\"https:\\\/\\\/diarioprincipios.com\\\/wp-content\\\/litespeed\\\/avatar\\\/11ddfe5610ff3bd100522525b2571f48.jpg?ver=1777653193\",\"url\":\"https:\\\/\\\/diarioprincipios.com\\\/wp-content\\\/litespeed\\\/avatar\\\/11ddfe5610ff3bd100522525b2571f48.jpg?ver=1777653193\",\"contentUrl\":\"https:\\\/\\\/diarioprincipios.com\\\/wp-content\\\/litespeed\\\/avatar\\\/11ddfe5610ff3bd100522525b2571f48.jpg?ver=1777653193\",\"caption\":\"Hern\u00e1n L\u00f3pez\"},\"url\":\"https:\\\/\\\/diarioprincipios.com\\\/index.php\\\/author\\\/hernan\\\/\"}]}<\/script>\n<!-- \/ Yoast SEO plugin. -->","yoast_head_json":{"title":"Mussi responsabiliz\u00f3 a Edesur por los cortes de luz y agua y exigi\u00f3 respuestas - Principios","robots":{"index":"index","follow":"follow","max-snippet":"max-snippet:-1","max-image-preview":"max-image-preview:large","max-video-preview":"max-video-preview:-1"},"canonical":"https:\/\/diarioprincipios.com\/index.php\/2022\/01\/02\/mussi-responsabilizo-a-edesur-por-los-cortes-de-luz-y-agua-y-exigio-respuestas\/","og_locale":"es_ES","og_type":"article","og_title":"Mussi responsabiliz\u00f3 a Edesur por los cortes de luz y agua y exigi\u00f3 respuestas - Principios","og_description":"El 2do d\u00eda del a\u00f1o, a trav\u00e9s de sus redes sociales Juan Jos\u00e9 Mussi, intendente de Berazategui, mostr\u00f3 su enojo con la empresa privada EDESUR por los reiterados cortes de luz que viene padeciendo este Distrito y gran parte del AMBA durante los \u00faltimos d\u00edas, los cuales tambi\u00e9n, en el caso de Berazategui, afectan al...","og_url":"https:\/\/diarioprincipios.com\/index.php\/2022\/01\/02\/mussi-responsabilizo-a-edesur-por-los-cortes-de-luz-y-agua-y-exigio-respuestas\/","og_site_name":"Principios","article_published_time":"2022-01-02T20:29:41+00:00","article_modified_time":"2022-01-02T20:33:43+00:00","og_image":[{"width":1080,"height":736,"url":"https:\/\/diarioprincipios.com\/wp-content\/uploads\/2022\/01\/Screenshot_20220102-171925_WhatsApp-2.jpg","type":"image\/jpeg"}],"author":"Hern\u00e1n L\u00f3pez","twitter_card":"summary_large_image","twitter_misc":{"Escrito por":"Hern\u00e1n L\u00f3pez","Tiempo de lectura":"2 minutos"},"schema":{"@context":"https:\/\/schema.org","@graph":[{"@type":"Article","@id":"https:\/\/diarioprincipios.com\/index.php\/2022\/01\/02\/mussi-responsabilizo-a-edesur-por-los-cortes-de-luz-y-agua-y-exigio-respuestas\/#article","isPartOf":{"@id":"https:\/\/diarioprincipios.com\/index.php\/2022\/01\/02\/mussi-responsabilizo-a-edesur-por-los-cortes-de-luz-y-agua-y-exigio-respuestas\/"},"author":{"name":"Hern\u00e1n L\u00f3pez","@id":"https:\/\/diarioprincipios.com\/#\/schema\/person\/436d5a1fd41a5e250e23ff5a6a7cb080"},"headline":"Mussi responsabiliz\u00f3 a Edesur por los cortes de luz y agua y exigi\u00f3 respuestas","datePublished":"2022-01-02T20:29:41+00:00","dateModified":"2022-01-02T20:33:43+00:00","mainEntityOfPage":{"@id":"https:\/\/diarioprincipios.com\/index.php\/2022\/01\/02\/mussi-responsabilizo-a-edesur-por-los-cortes-de-luz-y-agua-y-exigio-respuestas\/"},"wordCount":224,"commentCount":0,"publisher":{"@id":"https:\/\/diarioprincipios.com\/#organization"},"image":{"@id":"https:\/\/diarioprincipios.com\/index.php\/2022\/01\/02\/mussi-responsabilizo-a-edesur-por-los-cortes-de-luz-y-agua-y-exigio-respuestas\/#primaryimage"},"thumbnailUrl":"https:\/\/diarioprincipios.com\/wp-content\/uploads\/2022\/01\/Screenshot_20220102-171925_WhatsApp-2.jpg","articleSection":["Berazategui"],"inLanguage":"es","potentialAction":[{"@type":"CommentAction","name":"Comment","target":["https:\/\/diarioprincipios.com\/index.php\/2022\/01\/02\/mussi-responsabilizo-a-edesur-por-los-cortes-de-luz-y-agua-y-exigio-respuestas\/#respond"]}]},{"@type":"WebPage","@id":"https:\/\/diarioprincipios.com\/index.php\/2022\/01\/02\/mussi-responsabilizo-a-edesur-por-los-cortes-de-luz-y-agua-y-exigio-respuestas\/","url":"https:\/\/diarioprincipios.com\/index.php\/2022\/01\/02\/mussi-responsabilizo-a-edesur-por-los-cortes-de-luz-y-agua-y-exigio-respuestas\/","name":"Mussi responsabiliz\u00f3 a Edesur por los cortes de luz y agua y exigi\u00f3 respuestas - Principios","isPartOf":{"@id":"https:\/\/diarioprincipios.com\/#website"},"primaryImageOfPage":{"@id":"https:\/\/diarioprincipios.com\/index.php\/2022\/01\/02\/mussi-responsabilizo-a-edesur-por-los-cortes-de-luz-y-agua-y-exigio-respuestas\/#primaryimage"},"image":{"@id":"https:\/\/diarioprincipios.com\/index.php\/2022\/01\/02\/mussi-responsabilizo-a-edesur-por-los-cortes-de-luz-y-agua-y-exigio-respuestas\/#primaryimage"},"thumbnailUrl":"https:\/\/diarioprincipios.com\/wp-content\/uploads\/2022\/01\/Screenshot_20220102-171925_WhatsApp-2.jpg","datePublished":"2022-01-02T20:29:41+00:00","dateModified":"2022-01-02T20:33:43+00:00","breadcrumb":{"@id":"https:\/\/diarioprincipios.com\/index.php\/2022\/01\/02\/mussi-responsabilizo-a-edesur-por-los-cortes-de-luz-y-agua-y-exigio-respuestas\/#breadcrumb"},"inLanguage":"es","potentialAction":[{"@type":"ReadAction","target":["https:\/\/diarioprincipios.com\/index.php\/2022\/01\/02\/mussi-responsabilizo-a-edesur-por-los-cortes-de-luz-y-agua-y-exigio-respuestas\/"]}]},{"@type":"ImageObject","inLanguage":"es","@id":"https:\/\/diarioprincipios.com\/index.php\/2022\/01\/02\/mussi-responsabilizo-a-edesur-por-los-cortes-de-luz-y-agua-y-exigio-respuestas\/#primaryimage","url":"https:\/\/diarioprincipios.com\/wp-content\/uploads\/2022\/01\/Screenshot_20220102-171925_WhatsApp-2.jpg","contentUrl":"https:\/\/diarioprincipios.com\/wp-content\/uploads\/2022\/01\/Screenshot_20220102-171925_WhatsApp-2.jpg","width":1080,"height":736},{"@type":"BreadcrumbList","@id":"https:\/\/diarioprincipios.com\/index.php\/2022\/01\/02\/mussi-responsabilizo-a-edesur-por-los-cortes-de-luz-y-agua-y-exigio-respuestas\/#breadcrumb","itemListElement":[{"@type":"ListItem","position":1,"name":"Portada","item":"https:\/\/diarioprincipios.com\/"},{"@type":"ListItem","position":2,"name":"Mussi responsabiliz\u00f3 a Edesur por los cortes de luz y agua y exigi\u00f3 respuestas"}]},{"@type":"WebSite","@id":"https:\/\/diarioprincipios.com\/#website","url":"https:\/\/diarioprincipios.com\/","name":"Principios","description":"Principios Diario","publisher":{"@id":"https:\/\/diarioprincipios.com\/#organization"},"potentialAction":[{"@type":"SearchAction","target":{"@type":"EntryPoint","urlTemplate":"https:\/\/diarioprincipios.com\/?s={search_term_string}"},"query-input":{"@type":"PropertyValueSpecification","valueRequired":true,"valueName":"search_term_string"}}],"inLanguage":"es"},{"@type":"Organization","@id":"https:\/\/diarioprincipios.com\/#organization","name":"Principios","url":"https:\/\/diarioprincipios.com\/","logo":{"@type":"ImageObject","inLanguage":"es","@id":"https:\/\/diarioprincipios.com\/#\/schema\/logo\/image\/","url":"https:\/\/diarioprincipios.com\/wp-content\/uploads\/2024\/04\/cropped-www.diarioprincipios.com_-1.png","contentUrl":"https:\/\/diarioprincipios.com\/wp-content\/uploads\/2024\/04\/cropped-www.diarioprincipios.com_-1.png","width":5325,"height":1454,"caption":"Principios"},"image":{"@id":"https:\/\/diarioprincipios.com\/#\/schema\/logo\/image\/"}},{"@type":"Person","@id":"https:\/\/diarioprincipios.com\/#\/schema\/person\/436d5a1fd41a5e250e23ff5a6a7cb080","name":"Hern\u00e1n L\u00f3pez","image":{"@type":"ImageObject","inLanguage":"es","@id":"https:\/\/diarioprincipios.com\/wp-content\/litespeed\/avatar\/11ddfe5610ff3bd100522525b2571f48.jpg?ver=1777653193","url":"https:\/\/diarioprincipios.com\/wp-content\/litespeed\/avatar\/11ddfe5610ff3bd100522525b2571f48.jpg?ver=1777653193","contentUrl":"https:\/\/diarioprincipios.com\/wp-content\/litespeed\/avatar\/11ddfe5610ff3bd100522525b2571f48.jpg?ver=1777653193","caption":"Hern\u00e1n L\u00f3pez"},"url":"https:\/\/diarioprincipios.com\/index.php\/author\/hernan\/"}]}},"jetpack_featured_media_url":"https:\/\/diarioprincipios.com\/wp-content\/uploads\/2022\/01\/Screenshot_20220102-171925_WhatsApp-2.jpg","_links":{"self":[{"href":"https:\/\/diarioprincipios.com\/index.php\/wp-json\/wp\/v2\/posts\/12349","targetHints":{"allow":["GET"]}}],"collection":[{"href":"https:\/\/diarioprincipios.com\/index.php\/wp-json\/wp\/v2\/posts"}],"about":[{"href":"https:\/\/diarioprincipios.com\/index.php\/wp-json\/wp\/v2\/types\/post"}],"author":[{"embeddable":true,"href":"https:\/\/diarioprincipios.com\/index.php\/wp-json\/wp\/v2\/users\/2"}],"replies":[{"embeddable":true,"href":"https:\/\/diarioprincipios.com\/index.php\/wp-json\/wp\/v2\/comments?post=12349"}],"version-history":[{"count":2,"href":"https:\/\/diarioprincipios.com\/index.php\/wp-json\/wp\/v2\/posts\/12349\/revisions"}],"predecessor-version":[{"id":12354,"href":"https:\/\/diarioprincipios.com\/index.php\/wp-json\/wp\/v2\/posts\/12349\/revisions\/12354"}],"wp:featuredmedia":[{"embeddable":true,"href":"https:\/\/diarioprincipios.com\/index.php\/wp-json\/wp\/v2\/media\/12355"}],"wp:attachment":[{"href":"https:\/\/diarioprincipios.com\/index.php\/wp-json\/wp\/v2\/media?parent=12349"}],"wp:term":[{"taxonomy":"category","embeddable":true,"href":"https:\/\/diarioprincipios.com\/index.php\/wp-json\/wp\/v2\/categories?post=12349"},{"taxonomy":"post_tag","embeddable":true,"href":"https:\/\/diarioprincipios.com\/index.php\/wp-json\/wp\/v2\/tags?post=12349"}],"curies":[{"name":"wp","href":"https:\/\/api.w.org\/{rel}","templated":true}]}}