{"id":12346,"date":"2021-12-30T22:21:39","date_gmt":"2021-12-31T01:21:39","guid":{"rendered":"http:\/\/diarioprincipios.com\/?p=12346"},"modified":"2021-12-30T22:21:45","modified_gmt":"2021-12-31T01:21:45","slug":"se-iniciaron-importantes-obras-de-mejora-en-plazas","status":"publish","type":"post","link":"https:\/\/diarioprincipios.com\/index.php\/2021\/12\/30\/se-iniciaron-importantes-obras-de-mejora-en-plazas\/","title":{"rendered":"Se iniciaron importantes obras de mejora en plazas"},"content":{"rendered":"\n<p><strong>La Municipalidad, en conjunto con autoridades del Bingo de Berazategui y mediante el trabajo de la Cooperativa Construblock, inici\u00f3 tareas de puesta en valor, parquizaci\u00f3n y restauraci\u00f3n de monumentos en la Plaza Rigolleau. Asimismo, estas acciones se realizar\u00e1n en dos espacios m\u00e1s: la Plaza San Mart\u00edn y la del barrio Villa Olivero.<\/strong><\/p>\n\n\n\n<p>El gerente general de los Bingos \u201cBegui 1 y 2\u201d, Ariel Albanesi, inform\u00f3: \u201cUna vez terminada la puesta en valor, junto al Municipio tambi\u00e9n nos vamos a encargar del mantenimiento del espacio. Nuestra intenci\u00f3n es colaborar con la Ciudad\u201d.<\/p>\n\n\n\n<p>Asimismo, subray\u00f3: \u201cVamos a trabajar en otras plazas como la San Mart\u00edn y la 9 de Julio de Villa Olivero, donde una vez finalizadas las obras vamos a encargarnos de la mantenci\u00f3n\u201d.<\/p>\n\n\n\n<p>Por su parte, el presidente de la Cooperativa Construblock, Alberto Palavecino, asegur\u00f3: \u201cDesde el Bingo nos propusieron sumarnos a este proyecto. En el caso de la Plaza Rigolleau, el principal problema era la falta de verde por ser un lugar de mucho tr\u00e1nsito peatonal. Por eso colocamos green block, que nos permite sembrar c\u00e9sped\u201d.<\/p>\n\n\n\n<p>Finalmente, detall\u00f3: \u201cEn esta primera etapa de trabajo se realiz\u00f3 la renovaci\u00f3n de lo que ya estaba y en una segunda se va a hacer a nuevo el sector de juegos de la plaza\u201d.<\/p>\n","protected":false},"excerpt":{"rendered":"<p>La Municipalidad, en conjunto con autoridades del Bingo de Berazategui y mediante el trabajo de la Cooperativa Construblock, inici\u00f3 tareas de puesta en valor, parquizaci\u00f3n y restauraci\u00f3n de monumentos en la Plaza Rigolleau. Asimismo, estas acciones se realizar\u00e1n en dos espacios m\u00e1s: la Plaza San Mart\u00edn y la del barrio Villa Olivero. El gerente general&#8230;<\/p>\n","protected":false},"author":2,"featured_media":12347,"comment_status":"open","ping_status":"open","sticky":false,"template":"","format":"standard","meta":{"footnotes":""},"categories":[3],"tags":[],"class_list":["post-12346","post","type-post","status-publish","format-standard","has-post-thumbnail","hentry","category-berazategui"],"featured_image_src":"https:\/\/diarioprincipios.com\/wp-content\/uploads\/2021\/12\/SE-INICIARON-IMPORTANTES-OBRAS-DE-MEJORA-EN-PLAZAS-DE-BERAZATEGUI-1-1024x683.jpg","blog_images":{"medium":"https:\/\/diarioprincipios.com\/wp-content\/uploads\/2021\/12\/SE-INICIARON-IMPORTANTES-OBRAS-DE-MEJORA-EN-PLAZAS-DE-BERAZATEGUI-1-300x200.jpg","large":"https:\/\/diarioprincipios.com\/wp-content\/uploads\/2021\/12\/SE-INICIARON-IMPORTANTES-OBRAS-DE-MEJORA-EN-PLAZAS-DE-BERAZATEGUI-1-1024x683.jpg"},"ams_acf":[],"yoast_head":"<!-- This site is optimized with the Yoast SEO plugin v27.3 - https:\/\/yoast.com\/product\/yoast-seo-wordpress\/ -->\n<title>Se iniciaron importantes obras de mejora en plazas - Principios<\/title>\n<meta name=\"robots\" content=\"index, follow, max-snippet:-1, max-image-preview:large, max-video-preview:-1\" \/>\n<link rel=\"canonical\" href=\"https:\/\/diarioprincipios.com\/index.php\/2021\/12\/30\/se-iniciaron-importantes-obras-de-mejora-en-plazas\/\" \/>\n<meta property=\"og:locale\" content=\"es_ES\" \/>\n<meta property=\"og:type\" content=\"article\" \/>\n<meta property=\"og:title\" content=\"Se iniciaron importantes obras de mejora en plazas - Principios\" \/>\n<meta property=\"og:description\" content=\"La Municipalidad, en conjunto con autoridades del Bingo de Berazategui y mediante el trabajo de la Cooperativa Construblock, inici\u00f3 tareas de puesta en valor, parquizaci\u00f3n y restauraci\u00f3n de monumentos en la Plaza Rigolleau. Asimismo, estas acciones se realizar\u00e1n en dos espacios m\u00e1s: la Plaza San Mart\u00edn y la del barrio Villa Olivero. El gerente general...\" \/>\n<meta property=\"og:url\" content=\"https:\/\/diarioprincipios.com\/index.php\/2021\/12\/30\/se-iniciaron-importantes-obras-de-mejora-en-plazas\/\" \/>\n<meta property=\"og:site_name\" content=\"Principios\" \/>\n<meta property=\"article:published_time\" content=\"2021-12-31T01:21:39+00:00\" \/>\n<meta property=\"article:modified_time\" content=\"2021-12-31T01:21:45+00:00\" \/>\n<meta property=\"og:image\" content=\"https:\/\/diarioprincipios.com\/wp-content\/uploads\/2021\/12\/SE-INICIARON-IMPORTANTES-OBRAS-DE-MEJORA-EN-PLAZAS-DE-BERAZATEGUI-1.jpg\" \/>\n\t<meta property=\"og:image:width\" content=\"1920\" \/>\n\t<meta property=\"og:image:height\" content=\"1280\" \/>\n\t<meta property=\"og:image:type\" content=\"image\/jpeg\" \/>\n<meta name=\"author\" content=\"Hern\u00e1n L\u00f3pez\" \/>\n<meta name=\"twitter:card\" content=\"summary_large_image\" \/>\n<meta name=\"twitter:label1\" content=\"Escrito por\" \/>\n\t<meta name=\"twitter:data1\" content=\"Hern\u00e1n L\u00f3pez\" \/>\n\t<meta name=\"twitter:label2\" content=\"Tiempo de lectura\" \/>\n\t<meta name=\"twitter:data2\" content=\"1 minuto\" \/>\n<script type=\"application\/ld+json\" class=\"yoast-schema-graph\">{\"@context\":\"https:\\\/\\\/schema.org\",\"@graph\":[{\"@type\":\"Article\",\"@id\":\"https:\\\/\\\/diarioprincipios.com\\\/index.php\\\/2021\\\/12\\\/30\\\/se-iniciaron-importantes-obras-de-mejora-en-plazas\\\/#article\",\"isPartOf\":{\"@id\":\"https:\\\/\\\/diarioprincipios.com\\\/index.php\\\/2021\\\/12\\\/30\\\/se-iniciaron-importantes-obras-de-mejora-en-plazas\\\/\"},\"author\":{\"name\":\"Hern\u00e1n L\u00f3pez\",\"@id\":\"https:\\\/\\\/diarioprincipios.com\\\/#\\\/schema\\\/person\\\/436d5a1fd41a5e250e23ff5a6a7cb080\"},\"headline\":\"Se iniciaron importantes obras de mejora en plazas\",\"datePublished\":\"2021-12-31T01:21:39+00:00\",\"dateModified\":\"2021-12-31T01:21:45+00:00\",\"mainEntityOfPage\":{\"@id\":\"https:\\\/\\\/diarioprincipios.com\\\/index.php\\\/2021\\\/12\\\/30\\\/se-iniciaron-importantes-obras-de-mejora-en-plazas\\\/\"},\"wordCount\":228,\"commentCount\":0,\"publisher\":{\"@id\":\"https:\\\/\\\/diarioprincipios.com\\\/#organization\"},\"image\":{\"@id\":\"https:\\\/\\\/diarioprincipios.com\\\/index.php\\\/2021\\\/12\\\/30\\\/se-iniciaron-importantes-obras-de-mejora-en-plazas\\\/#primaryimage\"},\"thumbnailUrl\":\"https:\\\/\\\/diarioprincipios.com\\\/wp-content\\\/uploads\\\/2021\\\/12\\\/SE-INICIARON-IMPORTANTES-OBRAS-DE-MEJORA-EN-PLAZAS-DE-BERAZATEGUI-1.jpg\",\"articleSection\":[\"Berazategui\"],\"inLanguage\":\"es\",\"potentialAction\":[{\"@type\":\"CommentAction\",\"name\":\"Comment\",\"target\":[\"https:\\\/\\\/diarioprincipios.com\\\/index.php\\\/2021\\\/12\\\/30\\\/se-iniciaron-importantes-obras-de-mejora-en-plazas\\\/#respond\"]}]},{\"@type\":\"WebPage\",\"@id\":\"https:\\\/\\\/diarioprincipios.com\\\/index.php\\\/2021\\\/12\\\/30\\\/se-iniciaron-importantes-obras-de-mejora-en-plazas\\\/\",\"url\":\"https:\\\/\\\/diarioprincipios.com\\\/index.php\\\/2021\\\/12\\\/30\\\/se-iniciaron-importantes-obras-de-mejora-en-plazas\\\/\",\"name\":\"Se iniciaron importantes obras de mejora en plazas - Principios\",\"isPartOf\":{\"@id\":\"https:\\\/\\\/diarioprincipios.com\\\/#website\"},\"primaryImageOfPage\":{\"@id\":\"https:\\\/\\\/diarioprincipios.com\\\/index.php\\\/2021\\\/12\\\/30\\\/se-iniciaron-importantes-obras-de-mejora-en-plazas\\\/#primaryimage\"},\"image\":{\"@id\":\"https:\\\/\\\/diarioprincipios.com\\\/index.php\\\/2021\\\/12\\\/30\\\/se-iniciaron-importantes-obras-de-mejora-en-plazas\\\/#primaryimage\"},\"thumbnailUrl\":\"https:\\\/\\\/diarioprincipios.com\\\/wp-content\\\/uploads\\\/2021\\\/12\\\/SE-INICIARON-IMPORTANTES-OBRAS-DE-MEJORA-EN-PLAZAS-DE-BERAZATEGUI-1.jpg\",\"datePublished\":\"2021-12-31T01:21:39+00:00\",\"dateModified\":\"2021-12-31T01:21:45+00:00\",\"breadcrumb\":{\"@id\":\"https:\\\/\\\/diarioprincipios.com\\\/index.php\\\/2021\\\/12\\\/30\\\/se-iniciaron-importantes-obras-de-mejora-en-plazas\\\/#breadcrumb\"},\"inLanguage\":\"es\",\"potentialAction\":[{\"@type\":\"ReadAction\",\"target\":[\"https:\\\/\\\/diarioprincipios.com\\\/index.php\\\/2021\\\/12\\\/30\\\/se-iniciaron-importantes-obras-de-mejora-en-plazas\\\/\"]}]},{\"@type\":\"ImageObject\",\"inLanguage\":\"es\",\"@id\":\"https:\\\/\\\/diarioprincipios.com\\\/index.php\\\/2021\\\/12\\\/30\\\/se-iniciaron-importantes-obras-de-mejora-en-plazas\\\/#primaryimage\",\"url\":\"https:\\\/\\\/diarioprincipios.com\\\/wp-content\\\/uploads\\\/2021\\\/12\\\/SE-INICIARON-IMPORTANTES-OBRAS-DE-MEJORA-EN-PLAZAS-DE-BERAZATEGUI-1.jpg\",\"contentUrl\":\"https:\\\/\\\/diarioprincipios.com\\\/wp-content\\\/uploads\\\/2021\\\/12\\\/SE-INICIARON-IMPORTANTES-OBRAS-DE-MEJORA-EN-PLAZAS-DE-BERAZATEGUI-1.jpg\",\"width\":1920,\"height\":1280},{\"@type\":\"BreadcrumbList\",\"@id\":\"https:\\\/\\\/diarioprincipios.com\\\/index.php\\\/2021\\\/12\\\/30\\\/se-iniciaron-importantes-obras-de-mejora-en-plazas\\\/#breadcrumb\",\"itemListElement\":[{\"@type\":\"ListItem\",\"position\":1,\"name\":\"Portada\",\"item\":\"https:\\\/\\\/diarioprincipios.com\\\/\"},{\"@type\":\"ListItem\",\"position\":2,\"name\":\"Se iniciaron importantes obras de mejora en plazas\"}]},{\"@type\":\"WebSite\",\"@id\":\"https:\\\/\\\/diarioprincipios.com\\\/#website\",\"url\":\"https:\\\/\\\/diarioprincipios.com\\\/\",\"name\":\"Principios\",\"description\":\"Principios Diario\",\"publisher\":{\"@id\":\"https:\\\/\\\/diarioprincipios.com\\\/#organization\"},\"potentialAction\":[{\"@type\":\"SearchAction\",\"target\":{\"@type\":\"EntryPoint\",\"urlTemplate\":\"https:\\\/\\\/diarioprincipios.com\\\/?s={search_term_string}\"},\"query-input\":{\"@type\":\"PropertyValueSpecification\",\"valueRequired\":true,\"valueName\":\"search_term_string\"}}],\"inLanguage\":\"es\"},{\"@type\":\"Organization\",\"@id\":\"https:\\\/\\\/diarioprincipios.com\\\/#organization\",\"name\":\"Principios\",\"url\":\"https:\\\/\\\/diarioprincipios.com\\\/\",\"logo\":{\"@type\":\"ImageObject\",\"inLanguage\":\"es\",\"@id\":\"https:\\\/\\\/diarioprincipios.com\\\/#\\\/schema\\\/logo\\\/image\\\/\",\"url\":\"https:\\\/\\\/diarioprincipios.com\\\/wp-content\\\/uploads\\\/2024\\\/04\\\/cropped-www.diarioprincipios.com_-1.png\",\"contentUrl\":\"https:\\\/\\\/diarioprincipios.com\\\/wp-content\\\/uploads\\\/2024\\\/04\\\/cropped-www.diarioprincipios.com_-1.png\",\"width\":5325,\"height\":1454,\"caption\":\"Principios\"},\"image\":{\"@id\":\"https:\\\/\\\/diarioprincipios.com\\\/#\\\/schema\\\/logo\\\/image\\\/\"}},{\"@type\":\"Person\",\"@id\":\"https:\\\/\\\/diarioprincipios.com\\\/#\\\/schema\\\/person\\\/436d5a1fd41a5e250e23ff5a6a7cb080\",\"name\":\"Hern\u00e1n L\u00f3pez\",\"image\":{\"@type\":\"ImageObject\",\"inLanguage\":\"es\",\"@id\":\"https:\\\/\\\/diarioprincipios.com\\\/wp-content\\\/litespeed\\\/avatar\\\/11ddfe5610ff3bd100522525b2571f48.jpg?ver=1777653193\",\"url\":\"https:\\\/\\\/diarioprincipios.com\\\/wp-content\\\/litespeed\\\/avatar\\\/11ddfe5610ff3bd100522525b2571f48.jpg?ver=1777653193\",\"contentUrl\":\"https:\\\/\\\/diarioprincipios.com\\\/wp-content\\\/litespeed\\\/avatar\\\/11ddfe5610ff3bd100522525b2571f48.jpg?ver=1777653193\",\"caption\":\"Hern\u00e1n L\u00f3pez\"},\"url\":\"https:\\\/\\\/diarioprincipios.com\\\/index.php\\\/author\\\/hernan\\\/\"}]}<\/script>\n<!-- \/ Yoast SEO plugin. -->","yoast_head_json":{"title":"Se iniciaron importantes obras de mejora en plazas - Principios","robots":{"index":"index","follow":"follow","max-snippet":"max-snippet:-1","max-image-preview":"max-image-preview:large","max-video-preview":"max-video-preview:-1"},"canonical":"https:\/\/diarioprincipios.com\/index.php\/2021\/12\/30\/se-iniciaron-importantes-obras-de-mejora-en-plazas\/","og_locale":"es_ES","og_type":"article","og_title":"Se iniciaron importantes obras de mejora en plazas - Principios","og_description":"La Municipalidad, en conjunto con autoridades del Bingo de Berazategui y mediante el trabajo de la Cooperativa Construblock, inici\u00f3 tareas de puesta en valor, parquizaci\u00f3n y restauraci\u00f3n de monumentos en la Plaza Rigolleau. Asimismo, estas acciones se realizar\u00e1n en dos espacios m\u00e1s: la Plaza San Mart\u00edn y la del barrio Villa Olivero. El gerente general...","og_url":"https:\/\/diarioprincipios.com\/index.php\/2021\/12\/30\/se-iniciaron-importantes-obras-de-mejora-en-plazas\/","og_site_name":"Principios","article_published_time":"2021-12-31T01:21:39+00:00","article_modified_time":"2021-12-31T01:21:45+00:00","og_image":[{"width":1920,"height":1280,"url":"https:\/\/diarioprincipios.com\/wp-content\/uploads\/2021\/12\/SE-INICIARON-IMPORTANTES-OBRAS-DE-MEJORA-EN-PLAZAS-DE-BERAZATEGUI-1.jpg","type":"image\/jpeg"}],"author":"Hern\u00e1n L\u00f3pez","twitter_card":"summary_large_image","twitter_misc":{"Escrito por":"Hern\u00e1n L\u00f3pez","Tiempo de lectura":"1 minuto"},"schema":{"@context":"https:\/\/schema.org","@graph":[{"@type":"Article","@id":"https:\/\/diarioprincipios.com\/index.php\/2021\/12\/30\/se-iniciaron-importantes-obras-de-mejora-en-plazas\/#article","isPartOf":{"@id":"https:\/\/diarioprincipios.com\/index.php\/2021\/12\/30\/se-iniciaron-importantes-obras-de-mejora-en-plazas\/"},"author":{"name":"Hern\u00e1n L\u00f3pez","@id":"https:\/\/diarioprincipios.com\/#\/schema\/person\/436d5a1fd41a5e250e23ff5a6a7cb080"},"headline":"Se iniciaron importantes obras de mejora en plazas","datePublished":"2021-12-31T01:21:39+00:00","dateModified":"2021-12-31T01:21:45+00:00","mainEntityOfPage":{"@id":"https:\/\/diarioprincipios.com\/index.php\/2021\/12\/30\/se-iniciaron-importantes-obras-de-mejora-en-plazas\/"},"wordCount":228,"commentCount":0,"publisher":{"@id":"https:\/\/diarioprincipios.com\/#organization"},"image":{"@id":"https:\/\/diarioprincipios.com\/index.php\/2021\/12\/30\/se-iniciaron-importantes-obras-de-mejora-en-plazas\/#primaryimage"},"thumbnailUrl":"https:\/\/diarioprincipios.com\/wp-content\/uploads\/2021\/12\/SE-INICIARON-IMPORTANTES-OBRAS-DE-MEJORA-EN-PLAZAS-DE-BERAZATEGUI-1.jpg","articleSection":["Berazategui"],"inLanguage":"es","potentialAction":[{"@type":"CommentAction","name":"Comment","target":["https:\/\/diarioprincipios.com\/index.php\/2021\/12\/30\/se-iniciaron-importantes-obras-de-mejora-en-plazas\/#respond"]}]},{"@type":"WebPage","@id":"https:\/\/diarioprincipios.com\/index.php\/2021\/12\/30\/se-iniciaron-importantes-obras-de-mejora-en-plazas\/","url":"https:\/\/diarioprincipios.com\/index.php\/2021\/12\/30\/se-iniciaron-importantes-obras-de-mejora-en-plazas\/","name":"Se iniciaron importantes obras de mejora en plazas - Principios","isPartOf":{"@id":"https:\/\/diarioprincipios.com\/#website"},"primaryImageOfPage":{"@id":"https:\/\/diarioprincipios.com\/index.php\/2021\/12\/30\/se-iniciaron-importantes-obras-de-mejora-en-plazas\/#primaryimage"},"image":{"@id":"https:\/\/diarioprincipios.com\/index.php\/2021\/12\/30\/se-iniciaron-importantes-obras-de-mejora-en-plazas\/#primaryimage"},"thumbnailUrl":"https:\/\/diarioprincipios.com\/wp-content\/uploads\/2021\/12\/SE-INICIARON-IMPORTANTES-OBRAS-DE-MEJORA-EN-PLAZAS-DE-BERAZATEGUI-1.jpg","datePublished":"2021-12-31T01:21:39+00:00","dateModified":"2021-12-31T01:21:45+00:00","breadcrumb":{"@id":"https:\/\/diarioprincipios.com\/index.php\/2021\/12\/30\/se-iniciaron-importantes-obras-de-mejora-en-plazas\/#breadcrumb"},"inLanguage":"es","potentialAction":[{"@type":"ReadAction","target":["https:\/\/diarioprincipios.com\/index.php\/2021\/12\/30\/se-iniciaron-importantes-obras-de-mejora-en-plazas\/"]}]},{"@type":"ImageObject","inLanguage":"es","@id":"https:\/\/diarioprincipios.com\/index.php\/2021\/12\/30\/se-iniciaron-importantes-obras-de-mejora-en-plazas\/#primaryimage","url":"https:\/\/diarioprincipios.com\/wp-content\/uploads\/2021\/12\/SE-INICIARON-IMPORTANTES-OBRAS-DE-MEJORA-EN-PLAZAS-DE-BERAZATEGUI-1.jpg","contentUrl":"https:\/\/diarioprincipios.com\/wp-content\/uploads\/2021\/12\/SE-INICIARON-IMPORTANTES-OBRAS-DE-MEJORA-EN-PLAZAS-DE-BERAZATEGUI-1.jpg","width":1920,"height":1280},{"@type":"BreadcrumbList","@id":"https:\/\/diarioprincipios.com\/index.php\/2021\/12\/30\/se-iniciaron-importantes-obras-de-mejora-en-plazas\/#breadcrumb","itemListElement":[{"@type":"ListItem","position":1,"name":"Portada","item":"https:\/\/diarioprincipios.com\/"},{"@type":"ListItem","position":2,"name":"Se iniciaron importantes obras de mejora en plazas"}]},{"@type":"WebSite","@id":"https:\/\/diarioprincipios.com\/#website","url":"https:\/\/diarioprincipios.com\/","name":"Principios","description":"Principios Diario","publisher":{"@id":"https:\/\/diarioprincipios.com\/#organization"},"potentialAction":[{"@type":"SearchAction","target":{"@type":"EntryPoint","urlTemplate":"https:\/\/diarioprincipios.com\/?s={search_term_string}"},"query-input":{"@type":"PropertyValueSpecification","valueRequired":true,"valueName":"search_term_string"}}],"inLanguage":"es"},{"@type":"Organization","@id":"https:\/\/diarioprincipios.com\/#organization","name":"Principios","url":"https:\/\/diarioprincipios.com\/","logo":{"@type":"ImageObject","inLanguage":"es","@id":"https:\/\/diarioprincipios.com\/#\/schema\/logo\/image\/","url":"https:\/\/diarioprincipios.com\/wp-content\/uploads\/2024\/04\/cropped-www.diarioprincipios.com_-1.png","contentUrl":"https:\/\/diarioprincipios.com\/wp-content\/uploads\/2024\/04\/cropped-www.diarioprincipios.com_-1.png","width":5325,"height":1454,"caption":"Principios"},"image":{"@id":"https:\/\/diarioprincipios.com\/#\/schema\/logo\/image\/"}},{"@type":"Person","@id":"https:\/\/diarioprincipios.com\/#\/schema\/person\/436d5a1fd41a5e250e23ff5a6a7cb080","name":"Hern\u00e1n L\u00f3pez","image":{"@type":"ImageObject","inLanguage":"es","@id":"https:\/\/diarioprincipios.com\/wp-content\/litespeed\/avatar\/11ddfe5610ff3bd100522525b2571f48.jpg?ver=1777653193","url":"https:\/\/diarioprincipios.com\/wp-content\/litespeed\/avatar\/11ddfe5610ff3bd100522525b2571f48.jpg?ver=1777653193","contentUrl":"https:\/\/diarioprincipios.com\/wp-content\/litespeed\/avatar\/11ddfe5610ff3bd100522525b2571f48.jpg?ver=1777653193","caption":"Hern\u00e1n L\u00f3pez"},"url":"https:\/\/diarioprincipios.com\/index.php\/author\/hernan\/"}]}},"jetpack_featured_media_url":"https:\/\/diarioprincipios.com\/wp-content\/uploads\/2021\/12\/SE-INICIARON-IMPORTANTES-OBRAS-DE-MEJORA-EN-PLAZAS-DE-BERAZATEGUI-1.jpg","_links":{"self":[{"href":"https:\/\/diarioprincipios.com\/index.php\/wp-json\/wp\/v2\/posts\/12346","targetHints":{"allow":["GET"]}}],"collection":[{"href":"https:\/\/diarioprincipios.com\/index.php\/wp-json\/wp\/v2\/posts"}],"about":[{"href":"https:\/\/diarioprincipios.com\/index.php\/wp-json\/wp\/v2\/types\/post"}],"author":[{"embeddable":true,"href":"https:\/\/diarioprincipios.com\/index.php\/wp-json\/wp\/v2\/users\/2"}],"replies":[{"embeddable":true,"href":"https:\/\/diarioprincipios.com\/index.php\/wp-json\/wp\/v2\/comments?post=12346"}],"version-history":[{"count":1,"href":"https:\/\/diarioprincipios.com\/index.php\/wp-json\/wp\/v2\/posts\/12346\/revisions"}],"predecessor-version":[{"id":12348,"href":"https:\/\/diarioprincipios.com\/index.php\/wp-json\/wp\/v2\/posts\/12346\/revisions\/12348"}],"wp:featuredmedia":[{"embeddable":true,"href":"https:\/\/diarioprincipios.com\/index.php\/wp-json\/wp\/v2\/media\/12347"}],"wp:attachment":[{"href":"https:\/\/diarioprincipios.com\/index.php\/wp-json\/wp\/v2\/media?parent=12346"}],"wp:term":[{"taxonomy":"category","embeddable":true,"href":"https:\/\/diarioprincipios.com\/index.php\/wp-json\/wp\/v2\/categories?post=12346"},{"taxonomy":"post_tag","embeddable":true,"href":"https:\/\/diarioprincipios.com\/index.php\/wp-json\/wp\/v2\/tags?post=12346"}],"curies":[{"name":"wp","href":"https:\/\/api.w.org\/{rel}","templated":true}]}}