{"id":12344,"date":"2021-12-30T15:44:23","date_gmt":"2021-12-30T18:44:23","guid":{"rendered":"http:\/\/diarioprincipios.com\/?p=12344"},"modified":"2021-12-30T15:44:27","modified_gmt":"2021-12-30T18:44:27","slug":"tras-una-larga-lucha-el-sindicato-municipal-logro-la-personeria-gremial","status":"publish","type":"post","link":"https:\/\/diarioprincipios.com\/index.php\/2021\/12\/30\/tras-una-larga-lucha-el-sindicato-municipal-logro-la-personeria-gremial\/","title":{"rendered":"Tras una larga lucha el Sindicato Municipal logr\u00f3 la personer\u00eda gremial"},"content":{"rendered":"\n<p>El mi\u00e9rcoles 29 de diciembre el Ministro de Trabajo, Empleo y Seguridad Social de la Naci\u00f3n, Claudio Moroni, firm\u00f3 la resoluci\u00f3n que le otorga la personer\u00eda gremial al Sindicato de Trabajadores Municipales de Berazategui, para continuar representando a los trabajadores municipales que cumplen tareas en relaci\u00f3n de dependencia con el municipio. \u00a0<\/p>\n\n\n\n<p>El tr\u00e1mite lleg\u00f3 a su fin luego de una larga lucha que se hab\u00eda iniciado en el a\u00f1o 2012, y que sufri\u00f3 innumerables cantidad de dilaciones. De \u00e9sta manera el sindicato, que es el m\u00e1s representativo del distrito, obtiene un respaldo fundamental para mejorar la calidad de la organizaci\u00f3n, su democracia interna, y lo fortalece para luchar con m\u00e1s fuerza por los derechos de las trabajadoras y los trabajadores municipales berazateguenses.<\/p>\n\n\n\n<p>\u201cDespu\u00e9s de muchos a\u00f1os de trabajo y mucha constancia hemos recibido la noticia de que el Ministro de Trabajo, Claudio Moroni, firm\u00f3 la resoluci\u00f3n que le otorga a nuestro sindicato la personer\u00eda gremial, saldando as\u00ed una enorme deuda pendiente que ten\u00eda nuestra instituci\u00f3n que fue fundada hace sesenta a\u00f1os\u201d, expres\u00f3 Gabriel Carril Campusano, Secretario General del STMB.<\/p>\n\n\n\n<p>\u201cEl tr\u00e1mite lo iniciamos en el a\u00f1o 2012, y nueve a\u00f1os y ocho meses despu\u00e9s conseguimos que se firme la resoluci\u00f3n, que debi\u00f3 haberse rubricado en 2016 pero un gobierno nefasto se ocup\u00f3 de desaparecer nuestro expediente\u201d.<\/p>\n\n\n\n<p>\u201cPasaron 5 a\u00f1os para que pudi\u00e9ramos recuperar el expediente a inicios de \u00e9ste a\u00f1o gracias a la excelente predisposici\u00f3n de la Directora Nacional de Asociaciones Sindicales, M\u00f3nica Rissoto, que no solamente recuper\u00f3 la pieza administrativa sino que tambi\u00e9n trabaj\u00f3 en su digitalizaci\u00f3n\u201d, agreg\u00f3 Carril.<\/p>\n\n\n\n<p>El m\u00e1ximo dirigente de los municipales de Berazategui admiti\u00f3 que junto a sus compa\u00f1eros de comisi\u00f3n directiva est\u00e1n sumamente orgullosos \u201cporque cada d\u00eda que pasa podemos darle un poco m\u00e1s de entidad a nuestra querida instituci\u00f3n\u201d.<\/p>\n\n\n\n<p>\u201cEs un trabajo en conjunto y un m\u00e9rito enorme tambi\u00e9n de la Dra. Luisa Escribano, quien supo gestionar y sobreponerse a pesar de todos los contratiempos que hemos pasado. Esta es una muestra m\u00e1s de que con respeto, trabajo y responsabilidad se pueden conseguir los objetivos propuestos\u201d. Finalmente, Carril asegur\u00f3: \u201cseguiremos transitando \u00e9ste camino que emprendimos hace muchos a\u00f1os con Alberto Glerean, con la convicci\u00f3n con la que lo hemos hecho hasta ahora, y con orgullo podemos decir que el STMB ya tiene su personer\u00eda gremial, una sede puesta en valor, y las ganas y el deseo de seguir trabajando por todos nuestros compa\u00f1eros municipales\u201d.<\/p>\n","protected":false},"excerpt":{"rendered":"<p>El mi\u00e9rcoles 29 de diciembre el Ministro de Trabajo, Empleo y Seguridad Social de la Naci\u00f3n, Claudio Moroni, firm\u00f3 la resoluci\u00f3n que le otorga la personer\u00eda gremial al Sindicato de Trabajadores Municipales de Berazategui, para continuar representando a los trabajadores municipales que cumplen tareas en relaci\u00f3n de dependencia con el municipio. \u00a0 El tr\u00e1mite lleg\u00f3&#8230;<\/p>\n","protected":false},"author":2,"featured_media":11975,"comment_status":"open","ping_status":"open","sticky":false,"template":"","format":"standard","meta":{"footnotes":""},"categories":[3],"tags":[],"class_list":["post-12344","post","type-post","status-publish","format-standard","has-post-thumbnail","hentry","category-berazategui"],"featured_image_src":"https:\/\/diarioprincipios.com\/wp-content\/uploads\/2021\/11\/prensa-6-1024x682.jpeg","blog_images":{"medium":"https:\/\/diarioprincipios.com\/wp-content\/uploads\/2021\/11\/prensa-6-300x200.jpeg","large":"https:\/\/diarioprincipios.com\/wp-content\/uploads\/2021\/11\/prensa-6-1024x682.jpeg"},"ams_acf":[],"yoast_head":"<!-- This site is optimized with the Yoast SEO plugin v27.3 - https:\/\/yoast.com\/product\/yoast-seo-wordpress\/ -->\n<title>Tras una larga lucha el Sindicato Municipal logr\u00f3 la personer\u00eda gremial - Principios<\/title>\n<meta name=\"robots\" content=\"index, follow, max-snippet:-1, max-image-preview:large, max-video-preview:-1\" \/>\n<link rel=\"canonical\" href=\"https:\/\/diarioprincipios.com\/index.php\/2021\/12\/30\/tras-una-larga-lucha-el-sindicato-municipal-logro-la-personeria-gremial\/\" \/>\n<meta property=\"og:locale\" content=\"es_ES\" \/>\n<meta property=\"og:type\" content=\"article\" \/>\n<meta property=\"og:title\" content=\"Tras una larga lucha el Sindicato Municipal logr\u00f3 la personer\u00eda gremial - Principios\" \/>\n<meta property=\"og:description\" content=\"El mi\u00e9rcoles 29 de diciembre el Ministro de Trabajo, Empleo y Seguridad Social de la Naci\u00f3n, Claudio Moroni, firm\u00f3 la resoluci\u00f3n que le otorga la personer\u00eda gremial al Sindicato de Trabajadores Municipales de Berazategui, para continuar representando a los trabajadores municipales que cumplen tareas en relaci\u00f3n de dependencia con el municipio. \u00a0 El tr\u00e1mite lleg\u00f3...\" \/>\n<meta property=\"og:url\" content=\"https:\/\/diarioprincipios.com\/index.php\/2021\/12\/30\/tras-una-larga-lucha-el-sindicato-municipal-logro-la-personeria-gremial\/\" \/>\n<meta property=\"og:site_name\" content=\"Principios\" \/>\n<meta property=\"article:published_time\" content=\"2021-12-30T18:44:23+00:00\" \/>\n<meta property=\"article:modified_time\" content=\"2021-12-30T18:44:27+00:00\" \/>\n<meta property=\"og:image\" content=\"https:\/\/diarioprincipios.com\/wp-content\/uploads\/2021\/11\/prensa-6.jpeg\" \/>\n\t<meta property=\"og:image:width\" content=\"1280\" \/>\n\t<meta property=\"og:image:height\" content=\"853\" \/>\n\t<meta property=\"og:image:type\" content=\"image\/jpeg\" \/>\n<meta name=\"author\" content=\"Hern\u00e1n L\u00f3pez\" \/>\n<meta name=\"twitter:card\" content=\"summary_large_image\" \/>\n<meta name=\"twitter:label1\" content=\"Escrito por\" \/>\n\t<meta name=\"twitter:data1\" content=\"Hern\u00e1n L\u00f3pez\" \/>\n\t<meta name=\"twitter:label2\" content=\"Tiempo de lectura\" \/>\n\t<meta name=\"twitter:data2\" content=\"2 minutos\" \/>\n<script type=\"application\/ld+json\" class=\"yoast-schema-graph\">{\"@context\":\"https:\\\/\\\/schema.org\",\"@graph\":[{\"@type\":\"Article\",\"@id\":\"https:\\\/\\\/diarioprincipios.com\\\/index.php\\\/2021\\\/12\\\/30\\\/tras-una-larga-lucha-el-sindicato-municipal-logro-la-personeria-gremial\\\/#article\",\"isPartOf\":{\"@id\":\"https:\\\/\\\/diarioprincipios.com\\\/index.php\\\/2021\\\/12\\\/30\\\/tras-una-larga-lucha-el-sindicato-municipal-logro-la-personeria-gremial\\\/\"},\"author\":{\"name\":\"Hern\u00e1n L\u00f3pez\",\"@id\":\"https:\\\/\\\/diarioprincipios.com\\\/#\\\/schema\\\/person\\\/436d5a1fd41a5e250e23ff5a6a7cb080\"},\"headline\":\"Tras una larga lucha el Sindicato Municipal logr\u00f3 la personer\u00eda gremial\",\"datePublished\":\"2021-12-30T18:44:23+00:00\",\"dateModified\":\"2021-12-30T18:44:27+00:00\",\"mainEntityOfPage\":{\"@id\":\"https:\\\/\\\/diarioprincipios.com\\\/index.php\\\/2021\\\/12\\\/30\\\/tras-una-larga-lucha-el-sindicato-municipal-logro-la-personeria-gremial\\\/\"},\"wordCount\":452,\"commentCount\":0,\"publisher\":{\"@id\":\"https:\\\/\\\/diarioprincipios.com\\\/#organization\"},\"image\":{\"@id\":\"https:\\\/\\\/diarioprincipios.com\\\/index.php\\\/2021\\\/12\\\/30\\\/tras-una-larga-lucha-el-sindicato-municipal-logro-la-personeria-gremial\\\/#primaryimage\"},\"thumbnailUrl\":\"https:\\\/\\\/diarioprincipios.com\\\/wp-content\\\/uploads\\\/2021\\\/11\\\/prensa-6.jpeg\",\"articleSection\":[\"Berazategui\"],\"inLanguage\":\"es\",\"potentialAction\":[{\"@type\":\"CommentAction\",\"name\":\"Comment\",\"target\":[\"https:\\\/\\\/diarioprincipios.com\\\/index.php\\\/2021\\\/12\\\/30\\\/tras-una-larga-lucha-el-sindicato-municipal-logro-la-personeria-gremial\\\/#respond\"]}]},{\"@type\":\"WebPage\",\"@id\":\"https:\\\/\\\/diarioprincipios.com\\\/index.php\\\/2021\\\/12\\\/30\\\/tras-una-larga-lucha-el-sindicato-municipal-logro-la-personeria-gremial\\\/\",\"url\":\"https:\\\/\\\/diarioprincipios.com\\\/index.php\\\/2021\\\/12\\\/30\\\/tras-una-larga-lucha-el-sindicato-municipal-logro-la-personeria-gremial\\\/\",\"name\":\"Tras una larga lucha el Sindicato Municipal logr\u00f3 la personer\u00eda gremial - Principios\",\"isPartOf\":{\"@id\":\"https:\\\/\\\/diarioprincipios.com\\\/#website\"},\"primaryImageOfPage\":{\"@id\":\"https:\\\/\\\/diarioprincipios.com\\\/index.php\\\/2021\\\/12\\\/30\\\/tras-una-larga-lucha-el-sindicato-municipal-logro-la-personeria-gremial\\\/#primaryimage\"},\"image\":{\"@id\":\"https:\\\/\\\/diarioprincipios.com\\\/index.php\\\/2021\\\/12\\\/30\\\/tras-una-larga-lucha-el-sindicato-municipal-logro-la-personeria-gremial\\\/#primaryimage\"},\"thumbnailUrl\":\"https:\\\/\\\/diarioprincipios.com\\\/wp-content\\\/uploads\\\/2021\\\/11\\\/prensa-6.jpeg\",\"datePublished\":\"2021-12-30T18:44:23+00:00\",\"dateModified\":\"2021-12-30T18:44:27+00:00\",\"breadcrumb\":{\"@id\":\"https:\\\/\\\/diarioprincipios.com\\\/index.php\\\/2021\\\/12\\\/30\\\/tras-una-larga-lucha-el-sindicato-municipal-logro-la-personeria-gremial\\\/#breadcrumb\"},\"inLanguage\":\"es\",\"potentialAction\":[{\"@type\":\"ReadAction\",\"target\":[\"https:\\\/\\\/diarioprincipios.com\\\/index.php\\\/2021\\\/12\\\/30\\\/tras-una-larga-lucha-el-sindicato-municipal-logro-la-personeria-gremial\\\/\"]}]},{\"@type\":\"ImageObject\",\"inLanguage\":\"es\",\"@id\":\"https:\\\/\\\/diarioprincipios.com\\\/index.php\\\/2021\\\/12\\\/30\\\/tras-una-larga-lucha-el-sindicato-municipal-logro-la-personeria-gremial\\\/#primaryimage\",\"url\":\"https:\\\/\\\/diarioprincipios.com\\\/wp-content\\\/uploads\\\/2021\\\/11\\\/prensa-6.jpeg\",\"contentUrl\":\"https:\\\/\\\/diarioprincipios.com\\\/wp-content\\\/uploads\\\/2021\\\/11\\\/prensa-6.jpeg\",\"width\":1280,\"height\":853},{\"@type\":\"BreadcrumbList\",\"@id\":\"https:\\\/\\\/diarioprincipios.com\\\/index.php\\\/2021\\\/12\\\/30\\\/tras-una-larga-lucha-el-sindicato-municipal-logro-la-personeria-gremial\\\/#breadcrumb\",\"itemListElement\":[{\"@type\":\"ListItem\",\"position\":1,\"name\":\"Portada\",\"item\":\"https:\\\/\\\/diarioprincipios.com\\\/\"},{\"@type\":\"ListItem\",\"position\":2,\"name\":\"Tras una larga lucha el Sindicato Municipal logr\u00f3 la personer\u00eda gremial\"}]},{\"@type\":\"WebSite\",\"@id\":\"https:\\\/\\\/diarioprincipios.com\\\/#website\",\"url\":\"https:\\\/\\\/diarioprincipios.com\\\/\",\"name\":\"Principios\",\"description\":\"Principios Diario\",\"publisher\":{\"@id\":\"https:\\\/\\\/diarioprincipios.com\\\/#organization\"},\"potentialAction\":[{\"@type\":\"SearchAction\",\"target\":{\"@type\":\"EntryPoint\",\"urlTemplate\":\"https:\\\/\\\/diarioprincipios.com\\\/?s={search_term_string}\"},\"query-input\":{\"@type\":\"PropertyValueSpecification\",\"valueRequired\":true,\"valueName\":\"search_term_string\"}}],\"inLanguage\":\"es\"},{\"@type\":\"Organization\",\"@id\":\"https:\\\/\\\/diarioprincipios.com\\\/#organization\",\"name\":\"Principios\",\"url\":\"https:\\\/\\\/diarioprincipios.com\\\/\",\"logo\":{\"@type\":\"ImageObject\",\"inLanguage\":\"es\",\"@id\":\"https:\\\/\\\/diarioprincipios.com\\\/#\\\/schema\\\/logo\\\/image\\\/\",\"url\":\"https:\\\/\\\/diarioprincipios.com\\\/wp-content\\\/uploads\\\/2024\\\/04\\\/cropped-www.diarioprincipios.com_-1.png\",\"contentUrl\":\"https:\\\/\\\/diarioprincipios.com\\\/wp-content\\\/uploads\\\/2024\\\/04\\\/cropped-www.diarioprincipios.com_-1.png\",\"width\":5325,\"height\":1454,\"caption\":\"Principios\"},\"image\":{\"@id\":\"https:\\\/\\\/diarioprincipios.com\\\/#\\\/schema\\\/logo\\\/image\\\/\"}},{\"@type\":\"Person\",\"@id\":\"https:\\\/\\\/diarioprincipios.com\\\/#\\\/schema\\\/person\\\/436d5a1fd41a5e250e23ff5a6a7cb080\",\"name\":\"Hern\u00e1n L\u00f3pez\",\"image\":{\"@type\":\"ImageObject\",\"inLanguage\":\"es\",\"@id\":\"https:\\\/\\\/diarioprincipios.com\\\/wp-content\\\/litespeed\\\/avatar\\\/11ddfe5610ff3bd100522525b2571f48.jpg?ver=1777653193\",\"url\":\"https:\\\/\\\/diarioprincipios.com\\\/wp-content\\\/litespeed\\\/avatar\\\/11ddfe5610ff3bd100522525b2571f48.jpg?ver=1777653193\",\"contentUrl\":\"https:\\\/\\\/diarioprincipios.com\\\/wp-content\\\/litespeed\\\/avatar\\\/11ddfe5610ff3bd100522525b2571f48.jpg?ver=1777653193\",\"caption\":\"Hern\u00e1n L\u00f3pez\"},\"url\":\"https:\\\/\\\/diarioprincipios.com\\\/index.php\\\/author\\\/hernan\\\/\"}]}<\/script>\n<!-- \/ Yoast SEO plugin. -->","yoast_head_json":{"title":"Tras una larga lucha el Sindicato Municipal logr\u00f3 la personer\u00eda gremial - Principios","robots":{"index":"index","follow":"follow","max-snippet":"max-snippet:-1","max-image-preview":"max-image-preview:large","max-video-preview":"max-video-preview:-1"},"canonical":"https:\/\/diarioprincipios.com\/index.php\/2021\/12\/30\/tras-una-larga-lucha-el-sindicato-municipal-logro-la-personeria-gremial\/","og_locale":"es_ES","og_type":"article","og_title":"Tras una larga lucha el Sindicato Municipal logr\u00f3 la personer\u00eda gremial - Principios","og_description":"El mi\u00e9rcoles 29 de diciembre el Ministro de Trabajo, Empleo y Seguridad Social de la Naci\u00f3n, Claudio Moroni, firm\u00f3 la resoluci\u00f3n que le otorga la personer\u00eda gremial al Sindicato de Trabajadores Municipales de Berazategui, para continuar representando a los trabajadores municipales que cumplen tareas en relaci\u00f3n de dependencia con el municipio. \u00a0 El tr\u00e1mite lleg\u00f3...","og_url":"https:\/\/diarioprincipios.com\/index.php\/2021\/12\/30\/tras-una-larga-lucha-el-sindicato-municipal-logro-la-personeria-gremial\/","og_site_name":"Principios","article_published_time":"2021-12-30T18:44:23+00:00","article_modified_time":"2021-12-30T18:44:27+00:00","og_image":[{"width":1280,"height":853,"url":"https:\/\/diarioprincipios.com\/wp-content\/uploads\/2021\/11\/prensa-6.jpeg","type":"image\/jpeg"}],"author":"Hern\u00e1n L\u00f3pez","twitter_card":"summary_large_image","twitter_misc":{"Escrito por":"Hern\u00e1n L\u00f3pez","Tiempo de lectura":"2 minutos"},"schema":{"@context":"https:\/\/schema.org","@graph":[{"@type":"Article","@id":"https:\/\/diarioprincipios.com\/index.php\/2021\/12\/30\/tras-una-larga-lucha-el-sindicato-municipal-logro-la-personeria-gremial\/#article","isPartOf":{"@id":"https:\/\/diarioprincipios.com\/index.php\/2021\/12\/30\/tras-una-larga-lucha-el-sindicato-municipal-logro-la-personeria-gremial\/"},"author":{"name":"Hern\u00e1n L\u00f3pez","@id":"https:\/\/diarioprincipios.com\/#\/schema\/person\/436d5a1fd41a5e250e23ff5a6a7cb080"},"headline":"Tras una larga lucha el Sindicato Municipal logr\u00f3 la personer\u00eda gremial","datePublished":"2021-12-30T18:44:23+00:00","dateModified":"2021-12-30T18:44:27+00:00","mainEntityOfPage":{"@id":"https:\/\/diarioprincipios.com\/index.php\/2021\/12\/30\/tras-una-larga-lucha-el-sindicato-municipal-logro-la-personeria-gremial\/"},"wordCount":452,"commentCount":0,"publisher":{"@id":"https:\/\/diarioprincipios.com\/#organization"},"image":{"@id":"https:\/\/diarioprincipios.com\/index.php\/2021\/12\/30\/tras-una-larga-lucha-el-sindicato-municipal-logro-la-personeria-gremial\/#primaryimage"},"thumbnailUrl":"https:\/\/diarioprincipios.com\/wp-content\/uploads\/2021\/11\/prensa-6.jpeg","articleSection":["Berazategui"],"inLanguage":"es","potentialAction":[{"@type":"CommentAction","name":"Comment","target":["https:\/\/diarioprincipios.com\/index.php\/2021\/12\/30\/tras-una-larga-lucha-el-sindicato-municipal-logro-la-personeria-gremial\/#respond"]}]},{"@type":"WebPage","@id":"https:\/\/diarioprincipios.com\/index.php\/2021\/12\/30\/tras-una-larga-lucha-el-sindicato-municipal-logro-la-personeria-gremial\/","url":"https:\/\/diarioprincipios.com\/index.php\/2021\/12\/30\/tras-una-larga-lucha-el-sindicato-municipal-logro-la-personeria-gremial\/","name":"Tras una larga lucha el Sindicato Municipal logr\u00f3 la personer\u00eda gremial - Principios","isPartOf":{"@id":"https:\/\/diarioprincipios.com\/#website"},"primaryImageOfPage":{"@id":"https:\/\/diarioprincipios.com\/index.php\/2021\/12\/30\/tras-una-larga-lucha-el-sindicato-municipal-logro-la-personeria-gremial\/#primaryimage"},"image":{"@id":"https:\/\/diarioprincipios.com\/index.php\/2021\/12\/30\/tras-una-larga-lucha-el-sindicato-municipal-logro-la-personeria-gremial\/#primaryimage"},"thumbnailUrl":"https:\/\/diarioprincipios.com\/wp-content\/uploads\/2021\/11\/prensa-6.jpeg","datePublished":"2021-12-30T18:44:23+00:00","dateModified":"2021-12-30T18:44:27+00:00","breadcrumb":{"@id":"https:\/\/diarioprincipios.com\/index.php\/2021\/12\/30\/tras-una-larga-lucha-el-sindicato-municipal-logro-la-personeria-gremial\/#breadcrumb"},"inLanguage":"es","potentialAction":[{"@type":"ReadAction","target":["https:\/\/diarioprincipios.com\/index.php\/2021\/12\/30\/tras-una-larga-lucha-el-sindicato-municipal-logro-la-personeria-gremial\/"]}]},{"@type":"ImageObject","inLanguage":"es","@id":"https:\/\/diarioprincipios.com\/index.php\/2021\/12\/30\/tras-una-larga-lucha-el-sindicato-municipal-logro-la-personeria-gremial\/#primaryimage","url":"https:\/\/diarioprincipios.com\/wp-content\/uploads\/2021\/11\/prensa-6.jpeg","contentUrl":"https:\/\/diarioprincipios.com\/wp-content\/uploads\/2021\/11\/prensa-6.jpeg","width":1280,"height":853},{"@type":"BreadcrumbList","@id":"https:\/\/diarioprincipios.com\/index.php\/2021\/12\/30\/tras-una-larga-lucha-el-sindicato-municipal-logro-la-personeria-gremial\/#breadcrumb","itemListElement":[{"@type":"ListItem","position":1,"name":"Portada","item":"https:\/\/diarioprincipios.com\/"},{"@type":"ListItem","position":2,"name":"Tras una larga lucha el Sindicato Municipal logr\u00f3 la personer\u00eda gremial"}]},{"@type":"WebSite","@id":"https:\/\/diarioprincipios.com\/#website","url":"https:\/\/diarioprincipios.com\/","name":"Principios","description":"Principios Diario","publisher":{"@id":"https:\/\/diarioprincipios.com\/#organization"},"potentialAction":[{"@type":"SearchAction","target":{"@type":"EntryPoint","urlTemplate":"https:\/\/diarioprincipios.com\/?s={search_term_string}"},"query-input":{"@type":"PropertyValueSpecification","valueRequired":true,"valueName":"search_term_string"}}],"inLanguage":"es"},{"@type":"Organization","@id":"https:\/\/diarioprincipios.com\/#organization","name":"Principios","url":"https:\/\/diarioprincipios.com\/","logo":{"@type":"ImageObject","inLanguage":"es","@id":"https:\/\/diarioprincipios.com\/#\/schema\/logo\/image\/","url":"https:\/\/diarioprincipios.com\/wp-content\/uploads\/2024\/04\/cropped-www.diarioprincipios.com_-1.png","contentUrl":"https:\/\/diarioprincipios.com\/wp-content\/uploads\/2024\/04\/cropped-www.diarioprincipios.com_-1.png","width":5325,"height":1454,"caption":"Principios"},"image":{"@id":"https:\/\/diarioprincipios.com\/#\/schema\/logo\/image\/"}},{"@type":"Person","@id":"https:\/\/diarioprincipios.com\/#\/schema\/person\/436d5a1fd41a5e250e23ff5a6a7cb080","name":"Hern\u00e1n L\u00f3pez","image":{"@type":"ImageObject","inLanguage":"es","@id":"https:\/\/diarioprincipios.com\/wp-content\/litespeed\/avatar\/11ddfe5610ff3bd100522525b2571f48.jpg?ver=1777653193","url":"https:\/\/diarioprincipios.com\/wp-content\/litespeed\/avatar\/11ddfe5610ff3bd100522525b2571f48.jpg?ver=1777653193","contentUrl":"https:\/\/diarioprincipios.com\/wp-content\/litespeed\/avatar\/11ddfe5610ff3bd100522525b2571f48.jpg?ver=1777653193","caption":"Hern\u00e1n L\u00f3pez"},"url":"https:\/\/diarioprincipios.com\/index.php\/author\/hernan\/"}]}},"jetpack_featured_media_url":"https:\/\/diarioprincipios.com\/wp-content\/uploads\/2021\/11\/prensa-6.jpeg","_links":{"self":[{"href":"https:\/\/diarioprincipios.com\/index.php\/wp-json\/wp\/v2\/posts\/12344","targetHints":{"allow":["GET"]}}],"collection":[{"href":"https:\/\/diarioprincipios.com\/index.php\/wp-json\/wp\/v2\/posts"}],"about":[{"href":"https:\/\/diarioprincipios.com\/index.php\/wp-json\/wp\/v2\/types\/post"}],"author":[{"embeddable":true,"href":"https:\/\/diarioprincipios.com\/index.php\/wp-json\/wp\/v2\/users\/2"}],"replies":[{"embeddable":true,"href":"https:\/\/diarioprincipios.com\/index.php\/wp-json\/wp\/v2\/comments?post=12344"}],"version-history":[{"count":1,"href":"https:\/\/diarioprincipios.com\/index.php\/wp-json\/wp\/v2\/posts\/12344\/revisions"}],"predecessor-version":[{"id":12345,"href":"https:\/\/diarioprincipios.com\/index.php\/wp-json\/wp\/v2\/posts\/12344\/revisions\/12345"}],"wp:featuredmedia":[{"embeddable":true,"href":"https:\/\/diarioprincipios.com\/index.php\/wp-json\/wp\/v2\/media\/11975"}],"wp:attachment":[{"href":"https:\/\/diarioprincipios.com\/index.php\/wp-json\/wp\/v2\/media?parent=12344"}],"wp:term":[{"taxonomy":"category","embeddable":true,"href":"https:\/\/diarioprincipios.com\/index.php\/wp-json\/wp\/v2\/categories?post=12344"},{"taxonomy":"post_tag","embeddable":true,"href":"https:\/\/diarioprincipios.com\/index.php\/wp-json\/wp\/v2\/tags?post=12344"}],"curies":[{"name":"wp","href":"https:\/\/api.w.org\/{rel}","templated":true}]}}