{"id":12339,"date":"2021-12-29T23:08:39","date_gmt":"2021-12-30T02:08:39","guid":{"rendered":"http:\/\/diarioprincipios.com\/?p=12339"},"modified":"2021-12-29T23:08:43","modified_gmt":"2021-12-30T02:08:43","slug":"en-la-sede-de-comercio-se-realizo-la-ultima-reunion-del-ano-de-las-62-organizaciones","status":"publish","type":"post","link":"https:\/\/diarioprincipios.com\/index.php\/2021\/12\/29\/en-la-sede-de-comercio-se-realizo-la-ultima-reunion-del-ano-de-las-62-organizaciones\/","title":{"rendered":"En la sede de Comercio se realiz\u00f3 la \u00faltima reuni\u00f3n del a\u00f1o de las 62 Organizaciones"},"content":{"rendered":"\n<p>Se realiz\u00f3 la \u00faltima reuni\u00f3n del a\u00f1o de las 62 Organizaciones Peronistas Regional Quilmes, Berazategui y Florencio Varela en la sede del sindicato de Empleados de Comercio.<\/p>\n\n\n\n<figure class=\"wp-block-image size-large\"><img loading=\"lazy\" decoding=\"async\" width=\"1024\" height=\"682\" src=\"https:\/\/diarioprincipios.com\/wp-content\/uploads\/2021\/12\/IMG-20211229-WA0072-1024x682.jpg\" alt=\"\" class=\"wp-image-12340\" srcset=\"https:\/\/diarioprincipios.com\/wp-content\/uploads\/2021\/12\/IMG-20211229-WA0072-1024x682.jpg 1024w, https:\/\/diarioprincipios.com\/wp-content\/uploads\/2021\/12\/IMG-20211229-WA0072-300x200.jpg 300w, https:\/\/diarioprincipios.com\/wp-content\/uploads\/2021\/12\/IMG-20211229-WA0072-768x512.jpg 768w, https:\/\/diarioprincipios.com\/wp-content\/uploads\/2021\/12\/IMG-20211229-WA0072.jpg 1280w\" sizes=\"auto, (max-width: 1024px) 100vw, 1024px\" \/><\/figure>\n\n\n\n<p><br>El martes 28 de diciembre los sindicatos integrantes realizaron el balance pol\u00edtico del 2021 y el brindis de fin de a\u00f1o. <\/p>\n\n\n\n<figure class=\"wp-block-image size-large\"><img loading=\"lazy\" decoding=\"async\" width=\"1024\" height=\"682\" src=\"https:\/\/diarioprincipios.com\/wp-content\/uploads\/2021\/12\/IMG-20211229-WA0075-1024x682.jpg\" alt=\"\" class=\"wp-image-12341\" srcset=\"https:\/\/diarioprincipios.com\/wp-content\/uploads\/2021\/12\/IMG-20211229-WA0075-1024x682.jpg 1024w, https:\/\/diarioprincipios.com\/wp-content\/uploads\/2021\/12\/IMG-20211229-WA0075-300x200.jpg 300w, https:\/\/diarioprincipios.com\/wp-content\/uploads\/2021\/12\/IMG-20211229-WA0075-768x512.jpg 768w, https:\/\/diarioprincipios.com\/wp-content\/uploads\/2021\/12\/IMG-20211229-WA0075.jpg 1280w\" sizes=\"auto, (max-width: 1024px) 100vw, 1024px\" \/><\/figure>\n\n\n\n<p>Contaron con la presencia del anfitri\u00f3n Roberto \u00abMata\u00bb Rodr\u00edguez, del secretario general Ruben Luque, del concejal Ariel Burtoli, del \u00abBarba\u00bb Guti\u00e9rrez, del concejal Ruben carbone, de Jorge Lezzati, secretario de actas de la CGT, entre otros.<\/p>\n","protected":false},"excerpt":{"rendered":"<p>Se realiz\u00f3 la \u00faltima reuni\u00f3n del a\u00f1o de las 62 Organizaciones Peronistas Regional Quilmes, Berazategui y Florencio Varela en la sede del sindicato de Empleados de Comercio. El martes 28 de diciembre los sindicatos integrantes realizaron el balance pol\u00edtico del 2021 y el brindis de fin de a\u00f1o. Contaron con la presencia del anfitri\u00f3n Roberto&#8230;<\/p>\n","protected":false},"author":2,"featured_media":12342,"comment_status":"open","ping_status":"open","sticky":false,"template":"","format":"standard","meta":{"footnotes":""},"categories":[4],"tags":[],"class_list":["post-12339","post","type-post","status-publish","format-standard","has-post-thumbnail","hentry","category-quilmes"],"featured_image_src":"https:\/\/diarioprincipios.com\/wp-content\/uploads\/2021\/12\/IMG-20211229-WA0074-1024x682.jpg","blog_images":{"medium":"https:\/\/diarioprincipios.com\/wp-content\/uploads\/2021\/12\/IMG-20211229-WA0074-300x200.jpg","large":"https:\/\/diarioprincipios.com\/wp-content\/uploads\/2021\/12\/IMG-20211229-WA0074-1024x682.jpg"},"ams_acf":[],"yoast_head":"<!-- This site is optimized with the Yoast SEO plugin v27.3 - https:\/\/yoast.com\/product\/yoast-seo-wordpress\/ -->\n<title>En la sede de Comercio se realiz\u00f3 la \u00faltima reuni\u00f3n del a\u00f1o de las 62 Organizaciones - Principios<\/title>\n<meta name=\"robots\" content=\"index, follow, max-snippet:-1, max-image-preview:large, max-video-preview:-1\" \/>\n<link rel=\"canonical\" href=\"https:\/\/diarioprincipios.com\/index.php\/2021\/12\/29\/en-la-sede-de-comercio-se-realizo-la-ultima-reunion-del-ano-de-las-62-organizaciones\/\" \/>\n<meta property=\"og:locale\" content=\"es_ES\" \/>\n<meta property=\"og:type\" content=\"article\" \/>\n<meta property=\"og:title\" content=\"En la sede de Comercio se realiz\u00f3 la \u00faltima reuni\u00f3n del a\u00f1o de las 62 Organizaciones - Principios\" \/>\n<meta property=\"og:description\" content=\"Se realiz\u00f3 la \u00faltima reuni\u00f3n del a\u00f1o de las 62 Organizaciones Peronistas Regional Quilmes, Berazategui y Florencio Varela en la sede del sindicato de Empleados de Comercio. El martes 28 de diciembre los sindicatos integrantes realizaron el balance pol\u00edtico del 2021 y el brindis de fin de a\u00f1o. Contaron con la presencia del anfitri\u00f3n Roberto...\" \/>\n<meta property=\"og:url\" content=\"https:\/\/diarioprincipios.com\/index.php\/2021\/12\/29\/en-la-sede-de-comercio-se-realizo-la-ultima-reunion-del-ano-de-las-62-organizaciones\/\" \/>\n<meta property=\"og:site_name\" content=\"Principios\" \/>\n<meta property=\"article:published_time\" content=\"2021-12-30T02:08:39+00:00\" \/>\n<meta property=\"article:modified_time\" content=\"2021-12-30T02:08:43+00:00\" \/>\n<meta property=\"og:image\" content=\"https:\/\/diarioprincipios.com\/wp-content\/uploads\/2021\/12\/IMG-20211229-WA0074.jpg\" \/>\n\t<meta property=\"og:image:width\" content=\"1280\" \/>\n\t<meta property=\"og:image:height\" content=\"853\" \/>\n\t<meta property=\"og:image:type\" content=\"image\/jpeg\" \/>\n<meta name=\"author\" content=\"Hern\u00e1n L\u00f3pez\" \/>\n<meta name=\"twitter:card\" content=\"summary_large_image\" \/>\n<meta name=\"twitter:label1\" content=\"Escrito por\" \/>\n\t<meta name=\"twitter:data1\" content=\"Hern\u00e1n L\u00f3pez\" \/>\n\t<meta name=\"twitter:label2\" content=\"Tiempo de lectura\" \/>\n\t<meta name=\"twitter:data2\" content=\"1 minuto\" \/>\n<script type=\"application\/ld+json\" class=\"yoast-schema-graph\">{\"@context\":\"https:\\\/\\\/schema.org\",\"@graph\":[{\"@type\":\"Article\",\"@id\":\"https:\\\/\\\/diarioprincipios.com\\\/index.php\\\/2021\\\/12\\\/29\\\/en-la-sede-de-comercio-se-realizo-la-ultima-reunion-del-ano-de-las-62-organizaciones\\\/#article\",\"isPartOf\":{\"@id\":\"https:\\\/\\\/diarioprincipios.com\\\/index.php\\\/2021\\\/12\\\/29\\\/en-la-sede-de-comercio-se-realizo-la-ultima-reunion-del-ano-de-las-62-organizaciones\\\/\"},\"author\":{\"name\":\"Hern\u00e1n L\u00f3pez\",\"@id\":\"https:\\\/\\\/diarioprincipios.com\\\/#\\\/schema\\\/person\\\/436d5a1fd41a5e250e23ff5a6a7cb080\"},\"headline\":\"En la sede de Comercio se realiz\u00f3 la \u00faltima reuni\u00f3n del a\u00f1o de las 62 Organizaciones\",\"datePublished\":\"2021-12-30T02:08:39+00:00\",\"dateModified\":\"2021-12-30T02:08:43+00:00\",\"mainEntityOfPage\":{\"@id\":\"https:\\\/\\\/diarioprincipios.com\\\/index.php\\\/2021\\\/12\\\/29\\\/en-la-sede-de-comercio-se-realizo-la-ultima-reunion-del-ano-de-las-62-organizaciones\\\/\"},\"wordCount\":105,\"commentCount\":0,\"publisher\":{\"@id\":\"https:\\\/\\\/diarioprincipios.com\\\/#organization\"},\"image\":{\"@id\":\"https:\\\/\\\/diarioprincipios.com\\\/index.php\\\/2021\\\/12\\\/29\\\/en-la-sede-de-comercio-se-realizo-la-ultima-reunion-del-ano-de-las-62-organizaciones\\\/#primaryimage\"},\"thumbnailUrl\":\"https:\\\/\\\/diarioprincipios.com\\\/wp-content\\\/uploads\\\/2021\\\/12\\\/IMG-20211229-WA0074.jpg\",\"articleSection\":[\"Quilmes\"],\"inLanguage\":\"es\",\"potentialAction\":[{\"@type\":\"CommentAction\",\"name\":\"Comment\",\"target\":[\"https:\\\/\\\/diarioprincipios.com\\\/index.php\\\/2021\\\/12\\\/29\\\/en-la-sede-de-comercio-se-realizo-la-ultima-reunion-del-ano-de-las-62-organizaciones\\\/#respond\"]}]},{\"@type\":\"WebPage\",\"@id\":\"https:\\\/\\\/diarioprincipios.com\\\/index.php\\\/2021\\\/12\\\/29\\\/en-la-sede-de-comercio-se-realizo-la-ultima-reunion-del-ano-de-las-62-organizaciones\\\/\",\"url\":\"https:\\\/\\\/diarioprincipios.com\\\/index.php\\\/2021\\\/12\\\/29\\\/en-la-sede-de-comercio-se-realizo-la-ultima-reunion-del-ano-de-las-62-organizaciones\\\/\",\"name\":\"En la sede de Comercio se realiz\u00f3 la \u00faltima reuni\u00f3n del a\u00f1o de las 62 Organizaciones - Principios\",\"isPartOf\":{\"@id\":\"https:\\\/\\\/diarioprincipios.com\\\/#website\"},\"primaryImageOfPage\":{\"@id\":\"https:\\\/\\\/diarioprincipios.com\\\/index.php\\\/2021\\\/12\\\/29\\\/en-la-sede-de-comercio-se-realizo-la-ultima-reunion-del-ano-de-las-62-organizaciones\\\/#primaryimage\"},\"image\":{\"@id\":\"https:\\\/\\\/diarioprincipios.com\\\/index.php\\\/2021\\\/12\\\/29\\\/en-la-sede-de-comercio-se-realizo-la-ultima-reunion-del-ano-de-las-62-organizaciones\\\/#primaryimage\"},\"thumbnailUrl\":\"https:\\\/\\\/diarioprincipios.com\\\/wp-content\\\/uploads\\\/2021\\\/12\\\/IMG-20211229-WA0074.jpg\",\"datePublished\":\"2021-12-30T02:08:39+00:00\",\"dateModified\":\"2021-12-30T02:08:43+00:00\",\"breadcrumb\":{\"@id\":\"https:\\\/\\\/diarioprincipios.com\\\/index.php\\\/2021\\\/12\\\/29\\\/en-la-sede-de-comercio-se-realizo-la-ultima-reunion-del-ano-de-las-62-organizaciones\\\/#breadcrumb\"},\"inLanguage\":\"es\",\"potentialAction\":[{\"@type\":\"ReadAction\",\"target\":[\"https:\\\/\\\/diarioprincipios.com\\\/index.php\\\/2021\\\/12\\\/29\\\/en-la-sede-de-comercio-se-realizo-la-ultima-reunion-del-ano-de-las-62-organizaciones\\\/\"]}]},{\"@type\":\"ImageObject\",\"inLanguage\":\"es\",\"@id\":\"https:\\\/\\\/diarioprincipios.com\\\/index.php\\\/2021\\\/12\\\/29\\\/en-la-sede-de-comercio-se-realizo-la-ultima-reunion-del-ano-de-las-62-organizaciones\\\/#primaryimage\",\"url\":\"https:\\\/\\\/diarioprincipios.com\\\/wp-content\\\/uploads\\\/2021\\\/12\\\/IMG-20211229-WA0074.jpg\",\"contentUrl\":\"https:\\\/\\\/diarioprincipios.com\\\/wp-content\\\/uploads\\\/2021\\\/12\\\/IMG-20211229-WA0074.jpg\",\"width\":1280,\"height\":853},{\"@type\":\"BreadcrumbList\",\"@id\":\"https:\\\/\\\/diarioprincipios.com\\\/index.php\\\/2021\\\/12\\\/29\\\/en-la-sede-de-comercio-se-realizo-la-ultima-reunion-del-ano-de-las-62-organizaciones\\\/#breadcrumb\",\"itemListElement\":[{\"@type\":\"ListItem\",\"position\":1,\"name\":\"Portada\",\"item\":\"https:\\\/\\\/diarioprincipios.com\\\/\"},{\"@type\":\"ListItem\",\"position\":2,\"name\":\"En la sede de Comercio se realiz\u00f3 la \u00faltima reuni\u00f3n del a\u00f1o de las 62 Organizaciones\"}]},{\"@type\":\"WebSite\",\"@id\":\"https:\\\/\\\/diarioprincipios.com\\\/#website\",\"url\":\"https:\\\/\\\/diarioprincipios.com\\\/\",\"name\":\"Principios\",\"description\":\"Principios Diario\",\"publisher\":{\"@id\":\"https:\\\/\\\/diarioprincipios.com\\\/#organization\"},\"potentialAction\":[{\"@type\":\"SearchAction\",\"target\":{\"@type\":\"EntryPoint\",\"urlTemplate\":\"https:\\\/\\\/diarioprincipios.com\\\/?s={search_term_string}\"},\"query-input\":{\"@type\":\"PropertyValueSpecification\",\"valueRequired\":true,\"valueName\":\"search_term_string\"}}],\"inLanguage\":\"es\"},{\"@type\":\"Organization\",\"@id\":\"https:\\\/\\\/diarioprincipios.com\\\/#organization\",\"name\":\"Principios\",\"url\":\"https:\\\/\\\/diarioprincipios.com\\\/\",\"logo\":{\"@type\":\"ImageObject\",\"inLanguage\":\"es\",\"@id\":\"https:\\\/\\\/diarioprincipios.com\\\/#\\\/schema\\\/logo\\\/image\\\/\",\"url\":\"https:\\\/\\\/diarioprincipios.com\\\/wp-content\\\/uploads\\\/2024\\\/04\\\/cropped-www.diarioprincipios.com_-1.png\",\"contentUrl\":\"https:\\\/\\\/diarioprincipios.com\\\/wp-content\\\/uploads\\\/2024\\\/04\\\/cropped-www.diarioprincipios.com_-1.png\",\"width\":5325,\"height\":1454,\"caption\":\"Principios\"},\"image\":{\"@id\":\"https:\\\/\\\/diarioprincipios.com\\\/#\\\/schema\\\/logo\\\/image\\\/\"}},{\"@type\":\"Person\",\"@id\":\"https:\\\/\\\/diarioprincipios.com\\\/#\\\/schema\\\/person\\\/436d5a1fd41a5e250e23ff5a6a7cb080\",\"name\":\"Hern\u00e1n L\u00f3pez\",\"image\":{\"@type\":\"ImageObject\",\"inLanguage\":\"es\",\"@id\":\"https:\\\/\\\/diarioprincipios.com\\\/wp-content\\\/litespeed\\\/avatar\\\/11ddfe5610ff3bd100522525b2571f48.jpg?ver=1777653193\",\"url\":\"https:\\\/\\\/diarioprincipios.com\\\/wp-content\\\/litespeed\\\/avatar\\\/11ddfe5610ff3bd100522525b2571f48.jpg?ver=1777653193\",\"contentUrl\":\"https:\\\/\\\/diarioprincipios.com\\\/wp-content\\\/litespeed\\\/avatar\\\/11ddfe5610ff3bd100522525b2571f48.jpg?ver=1777653193\",\"caption\":\"Hern\u00e1n L\u00f3pez\"},\"url\":\"https:\\\/\\\/diarioprincipios.com\\\/index.php\\\/author\\\/hernan\\\/\"}]}<\/script>\n<!-- \/ Yoast SEO plugin. -->","yoast_head_json":{"title":"En la sede de Comercio se realiz\u00f3 la \u00faltima reuni\u00f3n del a\u00f1o de las 62 Organizaciones - Principios","robots":{"index":"index","follow":"follow","max-snippet":"max-snippet:-1","max-image-preview":"max-image-preview:large","max-video-preview":"max-video-preview:-1"},"canonical":"https:\/\/diarioprincipios.com\/index.php\/2021\/12\/29\/en-la-sede-de-comercio-se-realizo-la-ultima-reunion-del-ano-de-las-62-organizaciones\/","og_locale":"es_ES","og_type":"article","og_title":"En la sede de Comercio se realiz\u00f3 la \u00faltima reuni\u00f3n del a\u00f1o de las 62 Organizaciones - Principios","og_description":"Se realiz\u00f3 la \u00faltima reuni\u00f3n del a\u00f1o de las 62 Organizaciones Peronistas Regional Quilmes, Berazategui y Florencio Varela en la sede del sindicato de Empleados de Comercio. El martes 28 de diciembre los sindicatos integrantes realizaron el balance pol\u00edtico del 2021 y el brindis de fin de a\u00f1o. Contaron con la presencia del anfitri\u00f3n Roberto...","og_url":"https:\/\/diarioprincipios.com\/index.php\/2021\/12\/29\/en-la-sede-de-comercio-se-realizo-la-ultima-reunion-del-ano-de-las-62-organizaciones\/","og_site_name":"Principios","article_published_time":"2021-12-30T02:08:39+00:00","article_modified_time":"2021-12-30T02:08:43+00:00","og_image":[{"width":1280,"height":853,"url":"https:\/\/diarioprincipios.com\/wp-content\/uploads\/2021\/12\/IMG-20211229-WA0074.jpg","type":"image\/jpeg"}],"author":"Hern\u00e1n L\u00f3pez","twitter_card":"summary_large_image","twitter_misc":{"Escrito por":"Hern\u00e1n L\u00f3pez","Tiempo de lectura":"1 minuto"},"schema":{"@context":"https:\/\/schema.org","@graph":[{"@type":"Article","@id":"https:\/\/diarioprincipios.com\/index.php\/2021\/12\/29\/en-la-sede-de-comercio-se-realizo-la-ultima-reunion-del-ano-de-las-62-organizaciones\/#article","isPartOf":{"@id":"https:\/\/diarioprincipios.com\/index.php\/2021\/12\/29\/en-la-sede-de-comercio-se-realizo-la-ultima-reunion-del-ano-de-las-62-organizaciones\/"},"author":{"name":"Hern\u00e1n L\u00f3pez","@id":"https:\/\/diarioprincipios.com\/#\/schema\/person\/436d5a1fd41a5e250e23ff5a6a7cb080"},"headline":"En la sede de Comercio se realiz\u00f3 la \u00faltima reuni\u00f3n del a\u00f1o de las 62 Organizaciones","datePublished":"2021-12-30T02:08:39+00:00","dateModified":"2021-12-30T02:08:43+00:00","mainEntityOfPage":{"@id":"https:\/\/diarioprincipios.com\/index.php\/2021\/12\/29\/en-la-sede-de-comercio-se-realizo-la-ultima-reunion-del-ano-de-las-62-organizaciones\/"},"wordCount":105,"commentCount":0,"publisher":{"@id":"https:\/\/diarioprincipios.com\/#organization"},"image":{"@id":"https:\/\/diarioprincipios.com\/index.php\/2021\/12\/29\/en-la-sede-de-comercio-se-realizo-la-ultima-reunion-del-ano-de-las-62-organizaciones\/#primaryimage"},"thumbnailUrl":"https:\/\/diarioprincipios.com\/wp-content\/uploads\/2021\/12\/IMG-20211229-WA0074.jpg","articleSection":["Quilmes"],"inLanguage":"es","potentialAction":[{"@type":"CommentAction","name":"Comment","target":["https:\/\/diarioprincipios.com\/index.php\/2021\/12\/29\/en-la-sede-de-comercio-se-realizo-la-ultima-reunion-del-ano-de-las-62-organizaciones\/#respond"]}]},{"@type":"WebPage","@id":"https:\/\/diarioprincipios.com\/index.php\/2021\/12\/29\/en-la-sede-de-comercio-se-realizo-la-ultima-reunion-del-ano-de-las-62-organizaciones\/","url":"https:\/\/diarioprincipios.com\/index.php\/2021\/12\/29\/en-la-sede-de-comercio-se-realizo-la-ultima-reunion-del-ano-de-las-62-organizaciones\/","name":"En la sede de Comercio se realiz\u00f3 la \u00faltima reuni\u00f3n del a\u00f1o de las 62 Organizaciones - Principios","isPartOf":{"@id":"https:\/\/diarioprincipios.com\/#website"},"primaryImageOfPage":{"@id":"https:\/\/diarioprincipios.com\/index.php\/2021\/12\/29\/en-la-sede-de-comercio-se-realizo-la-ultima-reunion-del-ano-de-las-62-organizaciones\/#primaryimage"},"image":{"@id":"https:\/\/diarioprincipios.com\/index.php\/2021\/12\/29\/en-la-sede-de-comercio-se-realizo-la-ultima-reunion-del-ano-de-las-62-organizaciones\/#primaryimage"},"thumbnailUrl":"https:\/\/diarioprincipios.com\/wp-content\/uploads\/2021\/12\/IMG-20211229-WA0074.jpg","datePublished":"2021-12-30T02:08:39+00:00","dateModified":"2021-12-30T02:08:43+00:00","breadcrumb":{"@id":"https:\/\/diarioprincipios.com\/index.php\/2021\/12\/29\/en-la-sede-de-comercio-se-realizo-la-ultima-reunion-del-ano-de-las-62-organizaciones\/#breadcrumb"},"inLanguage":"es","potentialAction":[{"@type":"ReadAction","target":["https:\/\/diarioprincipios.com\/index.php\/2021\/12\/29\/en-la-sede-de-comercio-se-realizo-la-ultima-reunion-del-ano-de-las-62-organizaciones\/"]}]},{"@type":"ImageObject","inLanguage":"es","@id":"https:\/\/diarioprincipios.com\/index.php\/2021\/12\/29\/en-la-sede-de-comercio-se-realizo-la-ultima-reunion-del-ano-de-las-62-organizaciones\/#primaryimage","url":"https:\/\/diarioprincipios.com\/wp-content\/uploads\/2021\/12\/IMG-20211229-WA0074.jpg","contentUrl":"https:\/\/diarioprincipios.com\/wp-content\/uploads\/2021\/12\/IMG-20211229-WA0074.jpg","width":1280,"height":853},{"@type":"BreadcrumbList","@id":"https:\/\/diarioprincipios.com\/index.php\/2021\/12\/29\/en-la-sede-de-comercio-se-realizo-la-ultima-reunion-del-ano-de-las-62-organizaciones\/#breadcrumb","itemListElement":[{"@type":"ListItem","position":1,"name":"Portada","item":"https:\/\/diarioprincipios.com\/"},{"@type":"ListItem","position":2,"name":"En la sede de Comercio se realiz\u00f3 la \u00faltima reuni\u00f3n del a\u00f1o de las 62 Organizaciones"}]},{"@type":"WebSite","@id":"https:\/\/diarioprincipios.com\/#website","url":"https:\/\/diarioprincipios.com\/","name":"Principios","description":"Principios Diario","publisher":{"@id":"https:\/\/diarioprincipios.com\/#organization"},"potentialAction":[{"@type":"SearchAction","target":{"@type":"EntryPoint","urlTemplate":"https:\/\/diarioprincipios.com\/?s={search_term_string}"},"query-input":{"@type":"PropertyValueSpecification","valueRequired":true,"valueName":"search_term_string"}}],"inLanguage":"es"},{"@type":"Organization","@id":"https:\/\/diarioprincipios.com\/#organization","name":"Principios","url":"https:\/\/diarioprincipios.com\/","logo":{"@type":"ImageObject","inLanguage":"es","@id":"https:\/\/diarioprincipios.com\/#\/schema\/logo\/image\/","url":"https:\/\/diarioprincipios.com\/wp-content\/uploads\/2024\/04\/cropped-www.diarioprincipios.com_-1.png","contentUrl":"https:\/\/diarioprincipios.com\/wp-content\/uploads\/2024\/04\/cropped-www.diarioprincipios.com_-1.png","width":5325,"height":1454,"caption":"Principios"},"image":{"@id":"https:\/\/diarioprincipios.com\/#\/schema\/logo\/image\/"}},{"@type":"Person","@id":"https:\/\/diarioprincipios.com\/#\/schema\/person\/436d5a1fd41a5e250e23ff5a6a7cb080","name":"Hern\u00e1n L\u00f3pez","image":{"@type":"ImageObject","inLanguage":"es","@id":"https:\/\/diarioprincipios.com\/wp-content\/litespeed\/avatar\/11ddfe5610ff3bd100522525b2571f48.jpg?ver=1777653193","url":"https:\/\/diarioprincipios.com\/wp-content\/litespeed\/avatar\/11ddfe5610ff3bd100522525b2571f48.jpg?ver=1777653193","contentUrl":"https:\/\/diarioprincipios.com\/wp-content\/litespeed\/avatar\/11ddfe5610ff3bd100522525b2571f48.jpg?ver=1777653193","caption":"Hern\u00e1n L\u00f3pez"},"url":"https:\/\/diarioprincipios.com\/index.php\/author\/hernan\/"}]}},"jetpack_featured_media_url":"https:\/\/diarioprincipios.com\/wp-content\/uploads\/2021\/12\/IMG-20211229-WA0074.jpg","_links":{"self":[{"href":"https:\/\/diarioprincipios.com\/index.php\/wp-json\/wp\/v2\/posts\/12339","targetHints":{"allow":["GET"]}}],"collection":[{"href":"https:\/\/diarioprincipios.com\/index.php\/wp-json\/wp\/v2\/posts"}],"about":[{"href":"https:\/\/diarioprincipios.com\/index.php\/wp-json\/wp\/v2\/types\/post"}],"author":[{"embeddable":true,"href":"https:\/\/diarioprincipios.com\/index.php\/wp-json\/wp\/v2\/users\/2"}],"replies":[{"embeddable":true,"href":"https:\/\/diarioprincipios.com\/index.php\/wp-json\/wp\/v2\/comments?post=12339"}],"version-history":[{"count":1,"href":"https:\/\/diarioprincipios.com\/index.php\/wp-json\/wp\/v2\/posts\/12339\/revisions"}],"predecessor-version":[{"id":12343,"href":"https:\/\/diarioprincipios.com\/index.php\/wp-json\/wp\/v2\/posts\/12339\/revisions\/12343"}],"wp:featuredmedia":[{"embeddable":true,"href":"https:\/\/diarioprincipios.com\/index.php\/wp-json\/wp\/v2\/media\/12342"}],"wp:attachment":[{"href":"https:\/\/diarioprincipios.com\/index.php\/wp-json\/wp\/v2\/media?parent=12339"}],"wp:term":[{"taxonomy":"category","embeddable":true,"href":"https:\/\/diarioprincipios.com\/index.php\/wp-json\/wp\/v2\/categories?post=12339"},{"taxonomy":"post_tag","embeddable":true,"href":"https:\/\/diarioprincipios.com\/index.php\/wp-json\/wp\/v2\/tags?post=12339"}],"curies":[{"name":"wp","href":"https:\/\/api.w.org\/{rel}","templated":true}]}}