{"id":12336,"date":"2021-12-29T22:53:24","date_gmt":"2021-12-30T01:53:24","guid":{"rendered":"http:\/\/diarioprincipios.com\/?p=12336"},"modified":"2021-12-29T22:53:28","modified_gmt":"2021-12-30T01:53:28","slug":"mas-de-120-familias-de-san-blas-son-beneficiadas-con-obras-que-avanzan","status":"publish","type":"post","link":"https:\/\/diarioprincipios.com\/index.php\/2021\/12\/29\/mas-de-120-familias-de-san-blas-son-beneficiadas-con-obras-que-avanzan\/","title":{"rendered":"M\u00e1s de 120 familias de San Blas son beneficiadas con obras que avanzan"},"content":{"rendered":"\n<p><strong>A trav\u00e9s de un convenio firmado con el Ministerio de Desarrollo Social de la Naci\u00f3n, se est\u00e1n llevando adelante los trabajos para la transformaci\u00f3n socio-urbana del barrio San Blas. El intendente de Berazategui, Juan Jos\u00e9 Mussi, visit\u00f3 las obras que, en esta primera etapa, contemplan el acceso al agua potable y a la red cloacal, alumbrado p\u00fablico, pavimentaci\u00f3n, desag\u00fces pluviales y el completamiento del entubado bajo la calle 128 hasta el Arroyo Las Conchitas.<\/strong><\/p>\n\n\n\n<p>Del recorrido participaron tambi\u00e9n la titular de la Secretar\u00eda Privada, Mar\u00eda Del Carmen Flores; y el secretario de Servicios P\u00fablicos, Sergio Faccenda.<\/p>\n\n\n\n<p>Luc\u00eda Vega, titular de la Agencia de Tierras y H\u00e1bitat municipal, afirm\u00f3: \u201cEstamos trabajando en conjunto con el Ministerio de Desarrollo Social de la Naci\u00f3n, concretamente con la Secretar\u00eda de Integraci\u00f3n Socio Urbana, en la realizaci\u00f3n de obras de alto impacto que beneficiaran a los vecinos de 4 manzanas del barrio San Blas, que hoy no cuentan con servicio de agua y cloacas, alumbrado p\u00fablico, veredas, pavimento de conectividad y rivere\u00f1o, ni acceso a la regularizaci\u00f3n dominial (T\u00edtulo de Propiedad). Estas acciones, sin dudas, van a cambiar la vida de estas familias\u201d.<\/p>\n\n\n\n<p>En tanto, el arquitecto y director de Viviendas de la Municipalidad de Berazategui, Mario P\u00e9rez, destac\u00f3: \u201cun peque\u00f1o sector del barrio San Blas est\u00e1 incluido en el registro nacional de barrios populares, que es lo que permiti\u00f3 el acceso al programa de financiamiento. Sin embargo, solicitamos al Ministerio de Desarrollo de la Naci\u00f3n ampliar el \u00e1rea de obras para beneficiar a m\u00e1s vecinos. En una segunda etapa se trabajar\u00e1 en el espacio p\u00fablico y la construcci\u00f3n de nuevas viviendas para las familias que est\u00e1n asentadas a la vera del Arroyo\u201d.<\/p>\n\n\n\n<p>Luciano Castro, arquitecto de la Direcci\u00f3n de Vivienda local, describi\u00f3 los avances de la importante obra: \u201cEstamos trabajando en la terminaci\u00f3n de un conducto de desag\u00fce que viene desde Ranelagh y desemboca en el Arroyo Las Conchitas, bajo la calle 128. Ya llevamos construidos 400 metros de pavimento de hormig\u00f3n armado sobre la calle 47 entre 131 y 136\u201d.<\/p>\n\n\n\n<p>Y ampli\u00f3 \u201cHemos avanzado en el movimiento de suelo en la calle ribere\u00f1a (47), a orillas del Arroyo Las Conchitas. Se concretaron 700 metros de instalaci\u00f3n de agua y cloaca en el barrio, y la conexi\u00f3n a la red troncal de agua potable desde la Av. Milazzo, donde se encuentra uno de los nuevos pozos de que se est\u00e1n haciendo en la ciudad. El proyecto incluye 6 cuadras de pavimento de hormig\u00f3n, del que llevamos ejecutado un 50%. Hasta hoy, los vecinos de la calles 47 e\/ 131 y 128; 128 e\/ 47 y 45; y media cuadra en 46 e\/ 128 y 131, ya cuentan con el tendido de la red de agua y cloacas\u201d<\/p>\n\n\n\n<p>Estas obras son parte de un proyecto de integraci\u00f3n urban\u00edstica que implica la relocalizaci\u00f3n de las familias que habitan a la vera del Arroyo, en viviendas muy precarias y con riesgo de ser afectadas por una inundaci\u00f3n.<\/p>\n","protected":false},"excerpt":{"rendered":"<p>A trav\u00e9s de un convenio firmado con el Ministerio de Desarrollo Social de la Naci\u00f3n, se est\u00e1n llevando adelante los trabajos para la transformaci\u00f3n socio-urbana del barrio San Blas. El intendente de Berazategui, Juan Jos\u00e9 Mussi, visit\u00f3 las obras que, en esta primera etapa, contemplan el acceso al agua potable y a la red cloacal,&#8230;<\/p>\n","protected":false},"author":2,"featured_media":12337,"comment_status":"open","ping_status":"open","sticky":false,"template":"","format":"standard","meta":{"footnotes":""},"categories":[3],"tags":[],"class_list":["post-12336","post","type-post","status-publish","format-standard","has-post-thumbnail","hentry","category-berazategui"],"featured_image_src":"https:\/\/diarioprincipios.com\/wp-content\/uploads\/2021\/12\/SAN-BLAS-MAS-DE-120-FAMILIAS-SON-BENEFICIADAS-CON-IMPORTANTES-OBRAS-QUE-YA-AVANZARON-EN-UN-50-5-1024x731.jpeg","blog_images":{"medium":"https:\/\/diarioprincipios.com\/wp-content\/uploads\/2021\/12\/SAN-BLAS-MAS-DE-120-FAMILIAS-SON-BENEFICIADAS-CON-IMPORTANTES-OBRAS-QUE-YA-AVANZARON-EN-UN-50-5-300x214.jpeg","large":"https:\/\/diarioprincipios.com\/wp-content\/uploads\/2021\/12\/SAN-BLAS-MAS-DE-120-FAMILIAS-SON-BENEFICIADAS-CON-IMPORTANTES-OBRAS-QUE-YA-AVANZARON-EN-UN-50-5-1024x731.jpeg"},"ams_acf":[],"yoast_head":"<!-- This site is optimized with the Yoast SEO plugin v27.3 - https:\/\/yoast.com\/product\/yoast-seo-wordpress\/ -->\n<title>M\u00e1s de 120 familias de San Blas son beneficiadas con obras que avanzan - Principios<\/title>\n<meta name=\"robots\" content=\"index, follow, max-snippet:-1, max-image-preview:large, max-video-preview:-1\" \/>\n<link rel=\"canonical\" href=\"https:\/\/diarioprincipios.com\/index.php\/2021\/12\/29\/mas-de-120-familias-de-san-blas-son-beneficiadas-con-obras-que-avanzan\/\" \/>\n<meta property=\"og:locale\" content=\"es_ES\" \/>\n<meta property=\"og:type\" content=\"article\" \/>\n<meta property=\"og:title\" content=\"M\u00e1s de 120 familias de San Blas son beneficiadas con obras que avanzan - Principios\" \/>\n<meta property=\"og:description\" content=\"A trav\u00e9s de un convenio firmado con el Ministerio de Desarrollo Social de la Naci\u00f3n, se est\u00e1n llevando adelante los trabajos para la transformaci\u00f3n socio-urbana del barrio San Blas. El intendente de Berazategui, Juan Jos\u00e9 Mussi, visit\u00f3 las obras que, en esta primera etapa, contemplan el acceso al agua potable y a la red cloacal,...\" \/>\n<meta property=\"og:url\" content=\"https:\/\/diarioprincipios.com\/index.php\/2021\/12\/29\/mas-de-120-familias-de-san-blas-son-beneficiadas-con-obras-que-avanzan\/\" \/>\n<meta property=\"og:site_name\" content=\"Principios\" \/>\n<meta property=\"article:published_time\" content=\"2021-12-30T01:53:24+00:00\" \/>\n<meta property=\"article:modified_time\" content=\"2021-12-30T01:53:28+00:00\" \/>\n<meta property=\"og:image\" content=\"https:\/\/diarioprincipios.com\/wp-content\/uploads\/2021\/12\/SAN-BLAS-MAS-DE-120-FAMILIAS-SON-BENEFICIADAS-CON-IMPORTANTES-OBRAS-QUE-YA-AVANZARON-EN-UN-50-5.jpeg\" \/>\n\t<meta property=\"og:image:width\" content=\"1280\" \/>\n\t<meta property=\"og:image:height\" content=\"914\" \/>\n\t<meta property=\"og:image:type\" content=\"image\/jpeg\" \/>\n<meta name=\"author\" content=\"Hern\u00e1n L\u00f3pez\" \/>\n<meta name=\"twitter:card\" content=\"summary_large_image\" \/>\n<meta name=\"twitter:label1\" content=\"Escrito por\" \/>\n\t<meta name=\"twitter:data1\" content=\"Hern\u00e1n L\u00f3pez\" \/>\n\t<meta name=\"twitter:label2\" content=\"Tiempo de lectura\" \/>\n\t<meta name=\"twitter:data2\" content=\"3 minutos\" \/>\n<script type=\"application\/ld+json\" class=\"yoast-schema-graph\">{\"@context\":\"https:\\\/\\\/schema.org\",\"@graph\":[{\"@type\":\"Article\",\"@id\":\"https:\\\/\\\/diarioprincipios.com\\\/index.php\\\/2021\\\/12\\\/29\\\/mas-de-120-familias-de-san-blas-son-beneficiadas-con-obras-que-avanzan\\\/#article\",\"isPartOf\":{\"@id\":\"https:\\\/\\\/diarioprincipios.com\\\/index.php\\\/2021\\\/12\\\/29\\\/mas-de-120-familias-de-san-blas-son-beneficiadas-con-obras-que-avanzan\\\/\"},\"author\":{\"name\":\"Hern\u00e1n L\u00f3pez\",\"@id\":\"https:\\\/\\\/diarioprincipios.com\\\/#\\\/schema\\\/person\\\/436d5a1fd41a5e250e23ff5a6a7cb080\"},\"headline\":\"M\u00e1s de 120 familias de San Blas son beneficiadas con obras que avanzan\",\"datePublished\":\"2021-12-30T01:53:24+00:00\",\"dateModified\":\"2021-12-30T01:53:28+00:00\",\"mainEntityOfPage\":{\"@id\":\"https:\\\/\\\/diarioprincipios.com\\\/index.php\\\/2021\\\/12\\\/29\\\/mas-de-120-familias-de-san-blas-son-beneficiadas-con-obras-que-avanzan\\\/\"},\"wordCount\":524,\"commentCount\":0,\"publisher\":{\"@id\":\"https:\\\/\\\/diarioprincipios.com\\\/#organization\"},\"image\":{\"@id\":\"https:\\\/\\\/diarioprincipios.com\\\/index.php\\\/2021\\\/12\\\/29\\\/mas-de-120-familias-de-san-blas-son-beneficiadas-con-obras-que-avanzan\\\/#primaryimage\"},\"thumbnailUrl\":\"https:\\\/\\\/diarioprincipios.com\\\/wp-content\\\/uploads\\\/2021\\\/12\\\/SAN-BLAS-MAS-DE-120-FAMILIAS-SON-BENEFICIADAS-CON-IMPORTANTES-OBRAS-QUE-YA-AVANZARON-EN-UN-50-5.jpeg\",\"articleSection\":[\"Berazategui\"],\"inLanguage\":\"es\",\"potentialAction\":[{\"@type\":\"CommentAction\",\"name\":\"Comment\",\"target\":[\"https:\\\/\\\/diarioprincipios.com\\\/index.php\\\/2021\\\/12\\\/29\\\/mas-de-120-familias-de-san-blas-son-beneficiadas-con-obras-que-avanzan\\\/#respond\"]}]},{\"@type\":\"WebPage\",\"@id\":\"https:\\\/\\\/diarioprincipios.com\\\/index.php\\\/2021\\\/12\\\/29\\\/mas-de-120-familias-de-san-blas-son-beneficiadas-con-obras-que-avanzan\\\/\",\"url\":\"https:\\\/\\\/diarioprincipios.com\\\/index.php\\\/2021\\\/12\\\/29\\\/mas-de-120-familias-de-san-blas-son-beneficiadas-con-obras-que-avanzan\\\/\",\"name\":\"M\u00e1s de 120 familias de San Blas son beneficiadas con obras que avanzan - Principios\",\"isPartOf\":{\"@id\":\"https:\\\/\\\/diarioprincipios.com\\\/#website\"},\"primaryImageOfPage\":{\"@id\":\"https:\\\/\\\/diarioprincipios.com\\\/index.php\\\/2021\\\/12\\\/29\\\/mas-de-120-familias-de-san-blas-son-beneficiadas-con-obras-que-avanzan\\\/#primaryimage\"},\"image\":{\"@id\":\"https:\\\/\\\/diarioprincipios.com\\\/index.php\\\/2021\\\/12\\\/29\\\/mas-de-120-familias-de-san-blas-son-beneficiadas-con-obras-que-avanzan\\\/#primaryimage\"},\"thumbnailUrl\":\"https:\\\/\\\/diarioprincipios.com\\\/wp-content\\\/uploads\\\/2021\\\/12\\\/SAN-BLAS-MAS-DE-120-FAMILIAS-SON-BENEFICIADAS-CON-IMPORTANTES-OBRAS-QUE-YA-AVANZARON-EN-UN-50-5.jpeg\",\"datePublished\":\"2021-12-30T01:53:24+00:00\",\"dateModified\":\"2021-12-30T01:53:28+00:00\",\"breadcrumb\":{\"@id\":\"https:\\\/\\\/diarioprincipios.com\\\/index.php\\\/2021\\\/12\\\/29\\\/mas-de-120-familias-de-san-blas-son-beneficiadas-con-obras-que-avanzan\\\/#breadcrumb\"},\"inLanguage\":\"es\",\"potentialAction\":[{\"@type\":\"ReadAction\",\"target\":[\"https:\\\/\\\/diarioprincipios.com\\\/index.php\\\/2021\\\/12\\\/29\\\/mas-de-120-familias-de-san-blas-son-beneficiadas-con-obras-que-avanzan\\\/\"]}]},{\"@type\":\"ImageObject\",\"inLanguage\":\"es\",\"@id\":\"https:\\\/\\\/diarioprincipios.com\\\/index.php\\\/2021\\\/12\\\/29\\\/mas-de-120-familias-de-san-blas-son-beneficiadas-con-obras-que-avanzan\\\/#primaryimage\",\"url\":\"https:\\\/\\\/diarioprincipios.com\\\/wp-content\\\/uploads\\\/2021\\\/12\\\/SAN-BLAS-MAS-DE-120-FAMILIAS-SON-BENEFICIADAS-CON-IMPORTANTES-OBRAS-QUE-YA-AVANZARON-EN-UN-50-5.jpeg\",\"contentUrl\":\"https:\\\/\\\/diarioprincipios.com\\\/wp-content\\\/uploads\\\/2021\\\/12\\\/SAN-BLAS-MAS-DE-120-FAMILIAS-SON-BENEFICIADAS-CON-IMPORTANTES-OBRAS-QUE-YA-AVANZARON-EN-UN-50-5.jpeg\",\"width\":1280,\"height\":914},{\"@type\":\"BreadcrumbList\",\"@id\":\"https:\\\/\\\/diarioprincipios.com\\\/index.php\\\/2021\\\/12\\\/29\\\/mas-de-120-familias-de-san-blas-son-beneficiadas-con-obras-que-avanzan\\\/#breadcrumb\",\"itemListElement\":[{\"@type\":\"ListItem\",\"position\":1,\"name\":\"Portada\",\"item\":\"https:\\\/\\\/diarioprincipios.com\\\/\"},{\"@type\":\"ListItem\",\"position\":2,\"name\":\"M\u00e1s de 120 familias de San Blas son beneficiadas con obras que avanzan\"}]},{\"@type\":\"WebSite\",\"@id\":\"https:\\\/\\\/diarioprincipios.com\\\/#website\",\"url\":\"https:\\\/\\\/diarioprincipios.com\\\/\",\"name\":\"Principios\",\"description\":\"Principios Diario\",\"publisher\":{\"@id\":\"https:\\\/\\\/diarioprincipios.com\\\/#organization\"},\"potentialAction\":[{\"@type\":\"SearchAction\",\"target\":{\"@type\":\"EntryPoint\",\"urlTemplate\":\"https:\\\/\\\/diarioprincipios.com\\\/?s={search_term_string}\"},\"query-input\":{\"@type\":\"PropertyValueSpecification\",\"valueRequired\":true,\"valueName\":\"search_term_string\"}}],\"inLanguage\":\"es\"},{\"@type\":\"Organization\",\"@id\":\"https:\\\/\\\/diarioprincipios.com\\\/#organization\",\"name\":\"Principios\",\"url\":\"https:\\\/\\\/diarioprincipios.com\\\/\",\"logo\":{\"@type\":\"ImageObject\",\"inLanguage\":\"es\",\"@id\":\"https:\\\/\\\/diarioprincipios.com\\\/#\\\/schema\\\/logo\\\/image\\\/\",\"url\":\"https:\\\/\\\/diarioprincipios.com\\\/wp-content\\\/uploads\\\/2024\\\/04\\\/cropped-www.diarioprincipios.com_-1.png\",\"contentUrl\":\"https:\\\/\\\/diarioprincipios.com\\\/wp-content\\\/uploads\\\/2024\\\/04\\\/cropped-www.diarioprincipios.com_-1.png\",\"width\":5325,\"height\":1454,\"caption\":\"Principios\"},\"image\":{\"@id\":\"https:\\\/\\\/diarioprincipios.com\\\/#\\\/schema\\\/logo\\\/image\\\/\"}},{\"@type\":\"Person\",\"@id\":\"https:\\\/\\\/diarioprincipios.com\\\/#\\\/schema\\\/person\\\/436d5a1fd41a5e250e23ff5a6a7cb080\",\"name\":\"Hern\u00e1n L\u00f3pez\",\"image\":{\"@type\":\"ImageObject\",\"inLanguage\":\"es\",\"@id\":\"https:\\\/\\\/diarioprincipios.com\\\/wp-content\\\/litespeed\\\/avatar\\\/11ddfe5610ff3bd100522525b2571f48.jpg?ver=1777653193\",\"url\":\"https:\\\/\\\/diarioprincipios.com\\\/wp-content\\\/litespeed\\\/avatar\\\/11ddfe5610ff3bd100522525b2571f48.jpg?ver=1777653193\",\"contentUrl\":\"https:\\\/\\\/diarioprincipios.com\\\/wp-content\\\/litespeed\\\/avatar\\\/11ddfe5610ff3bd100522525b2571f48.jpg?ver=1777653193\",\"caption\":\"Hern\u00e1n L\u00f3pez\"},\"url\":\"https:\\\/\\\/diarioprincipios.com\\\/index.php\\\/author\\\/hernan\\\/\"}]}<\/script>\n<!-- \/ Yoast SEO plugin. -->","yoast_head_json":{"title":"M\u00e1s de 120 familias de San Blas son beneficiadas con obras que avanzan - Principios","robots":{"index":"index","follow":"follow","max-snippet":"max-snippet:-1","max-image-preview":"max-image-preview:large","max-video-preview":"max-video-preview:-1"},"canonical":"https:\/\/diarioprincipios.com\/index.php\/2021\/12\/29\/mas-de-120-familias-de-san-blas-son-beneficiadas-con-obras-que-avanzan\/","og_locale":"es_ES","og_type":"article","og_title":"M\u00e1s de 120 familias de San Blas son beneficiadas con obras que avanzan - Principios","og_description":"A trav\u00e9s de un convenio firmado con el Ministerio de Desarrollo Social de la Naci\u00f3n, se est\u00e1n llevando adelante los trabajos para la transformaci\u00f3n socio-urbana del barrio San Blas. El intendente de Berazategui, Juan Jos\u00e9 Mussi, visit\u00f3 las obras que, en esta primera etapa, contemplan el acceso al agua potable y a la red cloacal,...","og_url":"https:\/\/diarioprincipios.com\/index.php\/2021\/12\/29\/mas-de-120-familias-de-san-blas-son-beneficiadas-con-obras-que-avanzan\/","og_site_name":"Principios","article_published_time":"2021-12-30T01:53:24+00:00","article_modified_time":"2021-12-30T01:53:28+00:00","og_image":[{"width":1280,"height":914,"url":"https:\/\/diarioprincipios.com\/wp-content\/uploads\/2021\/12\/SAN-BLAS-MAS-DE-120-FAMILIAS-SON-BENEFICIADAS-CON-IMPORTANTES-OBRAS-QUE-YA-AVANZARON-EN-UN-50-5.jpeg","type":"image\/jpeg"}],"author":"Hern\u00e1n L\u00f3pez","twitter_card":"summary_large_image","twitter_misc":{"Escrito por":"Hern\u00e1n L\u00f3pez","Tiempo de lectura":"3 minutos"},"schema":{"@context":"https:\/\/schema.org","@graph":[{"@type":"Article","@id":"https:\/\/diarioprincipios.com\/index.php\/2021\/12\/29\/mas-de-120-familias-de-san-blas-son-beneficiadas-con-obras-que-avanzan\/#article","isPartOf":{"@id":"https:\/\/diarioprincipios.com\/index.php\/2021\/12\/29\/mas-de-120-familias-de-san-blas-son-beneficiadas-con-obras-que-avanzan\/"},"author":{"name":"Hern\u00e1n L\u00f3pez","@id":"https:\/\/diarioprincipios.com\/#\/schema\/person\/436d5a1fd41a5e250e23ff5a6a7cb080"},"headline":"M\u00e1s de 120 familias de San Blas son beneficiadas con obras que avanzan","datePublished":"2021-12-30T01:53:24+00:00","dateModified":"2021-12-30T01:53:28+00:00","mainEntityOfPage":{"@id":"https:\/\/diarioprincipios.com\/index.php\/2021\/12\/29\/mas-de-120-familias-de-san-blas-son-beneficiadas-con-obras-que-avanzan\/"},"wordCount":524,"commentCount":0,"publisher":{"@id":"https:\/\/diarioprincipios.com\/#organization"},"image":{"@id":"https:\/\/diarioprincipios.com\/index.php\/2021\/12\/29\/mas-de-120-familias-de-san-blas-son-beneficiadas-con-obras-que-avanzan\/#primaryimage"},"thumbnailUrl":"https:\/\/diarioprincipios.com\/wp-content\/uploads\/2021\/12\/SAN-BLAS-MAS-DE-120-FAMILIAS-SON-BENEFICIADAS-CON-IMPORTANTES-OBRAS-QUE-YA-AVANZARON-EN-UN-50-5.jpeg","articleSection":["Berazategui"],"inLanguage":"es","potentialAction":[{"@type":"CommentAction","name":"Comment","target":["https:\/\/diarioprincipios.com\/index.php\/2021\/12\/29\/mas-de-120-familias-de-san-blas-son-beneficiadas-con-obras-que-avanzan\/#respond"]}]},{"@type":"WebPage","@id":"https:\/\/diarioprincipios.com\/index.php\/2021\/12\/29\/mas-de-120-familias-de-san-blas-son-beneficiadas-con-obras-que-avanzan\/","url":"https:\/\/diarioprincipios.com\/index.php\/2021\/12\/29\/mas-de-120-familias-de-san-blas-son-beneficiadas-con-obras-que-avanzan\/","name":"M\u00e1s de 120 familias de San Blas son beneficiadas con obras que avanzan - Principios","isPartOf":{"@id":"https:\/\/diarioprincipios.com\/#website"},"primaryImageOfPage":{"@id":"https:\/\/diarioprincipios.com\/index.php\/2021\/12\/29\/mas-de-120-familias-de-san-blas-son-beneficiadas-con-obras-que-avanzan\/#primaryimage"},"image":{"@id":"https:\/\/diarioprincipios.com\/index.php\/2021\/12\/29\/mas-de-120-familias-de-san-blas-son-beneficiadas-con-obras-que-avanzan\/#primaryimage"},"thumbnailUrl":"https:\/\/diarioprincipios.com\/wp-content\/uploads\/2021\/12\/SAN-BLAS-MAS-DE-120-FAMILIAS-SON-BENEFICIADAS-CON-IMPORTANTES-OBRAS-QUE-YA-AVANZARON-EN-UN-50-5.jpeg","datePublished":"2021-12-30T01:53:24+00:00","dateModified":"2021-12-30T01:53:28+00:00","breadcrumb":{"@id":"https:\/\/diarioprincipios.com\/index.php\/2021\/12\/29\/mas-de-120-familias-de-san-blas-son-beneficiadas-con-obras-que-avanzan\/#breadcrumb"},"inLanguage":"es","potentialAction":[{"@type":"ReadAction","target":["https:\/\/diarioprincipios.com\/index.php\/2021\/12\/29\/mas-de-120-familias-de-san-blas-son-beneficiadas-con-obras-que-avanzan\/"]}]},{"@type":"ImageObject","inLanguage":"es","@id":"https:\/\/diarioprincipios.com\/index.php\/2021\/12\/29\/mas-de-120-familias-de-san-blas-son-beneficiadas-con-obras-que-avanzan\/#primaryimage","url":"https:\/\/diarioprincipios.com\/wp-content\/uploads\/2021\/12\/SAN-BLAS-MAS-DE-120-FAMILIAS-SON-BENEFICIADAS-CON-IMPORTANTES-OBRAS-QUE-YA-AVANZARON-EN-UN-50-5.jpeg","contentUrl":"https:\/\/diarioprincipios.com\/wp-content\/uploads\/2021\/12\/SAN-BLAS-MAS-DE-120-FAMILIAS-SON-BENEFICIADAS-CON-IMPORTANTES-OBRAS-QUE-YA-AVANZARON-EN-UN-50-5.jpeg","width":1280,"height":914},{"@type":"BreadcrumbList","@id":"https:\/\/diarioprincipios.com\/index.php\/2021\/12\/29\/mas-de-120-familias-de-san-blas-son-beneficiadas-con-obras-que-avanzan\/#breadcrumb","itemListElement":[{"@type":"ListItem","position":1,"name":"Portada","item":"https:\/\/diarioprincipios.com\/"},{"@type":"ListItem","position":2,"name":"M\u00e1s de 120 familias de San Blas son beneficiadas con obras que avanzan"}]},{"@type":"WebSite","@id":"https:\/\/diarioprincipios.com\/#website","url":"https:\/\/diarioprincipios.com\/","name":"Principios","description":"Principios Diario","publisher":{"@id":"https:\/\/diarioprincipios.com\/#organization"},"potentialAction":[{"@type":"SearchAction","target":{"@type":"EntryPoint","urlTemplate":"https:\/\/diarioprincipios.com\/?s={search_term_string}"},"query-input":{"@type":"PropertyValueSpecification","valueRequired":true,"valueName":"search_term_string"}}],"inLanguage":"es"},{"@type":"Organization","@id":"https:\/\/diarioprincipios.com\/#organization","name":"Principios","url":"https:\/\/diarioprincipios.com\/","logo":{"@type":"ImageObject","inLanguage":"es","@id":"https:\/\/diarioprincipios.com\/#\/schema\/logo\/image\/","url":"https:\/\/diarioprincipios.com\/wp-content\/uploads\/2024\/04\/cropped-www.diarioprincipios.com_-1.png","contentUrl":"https:\/\/diarioprincipios.com\/wp-content\/uploads\/2024\/04\/cropped-www.diarioprincipios.com_-1.png","width":5325,"height":1454,"caption":"Principios"},"image":{"@id":"https:\/\/diarioprincipios.com\/#\/schema\/logo\/image\/"}},{"@type":"Person","@id":"https:\/\/diarioprincipios.com\/#\/schema\/person\/436d5a1fd41a5e250e23ff5a6a7cb080","name":"Hern\u00e1n L\u00f3pez","image":{"@type":"ImageObject","inLanguage":"es","@id":"https:\/\/diarioprincipios.com\/wp-content\/litespeed\/avatar\/11ddfe5610ff3bd100522525b2571f48.jpg?ver=1777653193","url":"https:\/\/diarioprincipios.com\/wp-content\/litespeed\/avatar\/11ddfe5610ff3bd100522525b2571f48.jpg?ver=1777653193","contentUrl":"https:\/\/diarioprincipios.com\/wp-content\/litespeed\/avatar\/11ddfe5610ff3bd100522525b2571f48.jpg?ver=1777653193","caption":"Hern\u00e1n L\u00f3pez"},"url":"https:\/\/diarioprincipios.com\/index.php\/author\/hernan\/"}]}},"jetpack_featured_media_url":"https:\/\/diarioprincipios.com\/wp-content\/uploads\/2021\/12\/SAN-BLAS-MAS-DE-120-FAMILIAS-SON-BENEFICIADAS-CON-IMPORTANTES-OBRAS-QUE-YA-AVANZARON-EN-UN-50-5.jpeg","_links":{"self":[{"href":"https:\/\/diarioprincipios.com\/index.php\/wp-json\/wp\/v2\/posts\/12336","targetHints":{"allow":["GET"]}}],"collection":[{"href":"https:\/\/diarioprincipios.com\/index.php\/wp-json\/wp\/v2\/posts"}],"about":[{"href":"https:\/\/diarioprincipios.com\/index.php\/wp-json\/wp\/v2\/types\/post"}],"author":[{"embeddable":true,"href":"https:\/\/diarioprincipios.com\/index.php\/wp-json\/wp\/v2\/users\/2"}],"replies":[{"embeddable":true,"href":"https:\/\/diarioprincipios.com\/index.php\/wp-json\/wp\/v2\/comments?post=12336"}],"version-history":[{"count":1,"href":"https:\/\/diarioprincipios.com\/index.php\/wp-json\/wp\/v2\/posts\/12336\/revisions"}],"predecessor-version":[{"id":12338,"href":"https:\/\/diarioprincipios.com\/index.php\/wp-json\/wp\/v2\/posts\/12336\/revisions\/12338"}],"wp:featuredmedia":[{"embeddable":true,"href":"https:\/\/diarioprincipios.com\/index.php\/wp-json\/wp\/v2\/media\/12337"}],"wp:attachment":[{"href":"https:\/\/diarioprincipios.com\/index.php\/wp-json\/wp\/v2\/media?parent=12336"}],"wp:term":[{"taxonomy":"category","embeddable":true,"href":"https:\/\/diarioprincipios.com\/index.php\/wp-json\/wp\/v2\/categories?post=12336"},{"taxonomy":"post_tag","embeddable":true,"href":"https:\/\/diarioprincipios.com\/index.php\/wp-json\/wp\/v2\/tags?post=12336"}],"curies":[{"name":"wp","href":"https:\/\/api.w.org\/{rel}","templated":true}]}}