{"id":12328,"date":"2021-12-28T22:56:02","date_gmt":"2021-12-29T01:56:02","guid":{"rendered":"http:\/\/diarioprincipios.com\/?p=12328"},"modified":"2021-12-28T22:56:09","modified_gmt":"2021-12-29T01:56:09","slug":"la-provincia-entrego-viviendas-en-florencio-varela","status":"publish","type":"post","link":"https:\/\/diarioprincipios.com\/index.php\/2021\/12\/28\/la-provincia-entrego-viviendas-en-florencio-varela\/","title":{"rendered":"La provincia entreg\u00f3 viviendas en Florencio Varela"},"content":{"rendered":"\n<p> El gobierno de Axel Kicillof entreg\u00f3 otras 50 viviendas del Barrio Las Margaritas de Florencio Varela. Se suman a 92 casas otorgadas en 2020 y a otras 440 en ejecuci\u00f3n. Durante un emotivo acto, el Administrador General del Instituto de la Vivienda de la provincia de Buenos Aires (IVBA), Agust\u00edn Simone, junto al intendente municipal, Andr\u00e9s Watson, hicieron la entrega de sus casas a 50 familias en el Barrio Las Margaritas de Florencio Varela. Se trata de una obra que hab\u00eda quedado paralizada durante la gesti\u00f3n de Mar\u00eda Eugenia Vidal, y que fue reactivada en agosto de 2020. Al hacer entrega de las llaves a los beneficiarios, Agust\u00edn Simone expres\u00f3: \u201cNo vamos a descansar hasta que cada una de las familias bonaerenses acceda a un h\u00e1bitat digno y tenga garantizado su derecho a la vivienda y al trabajo\u201d. Los moradores podr\u00e1n disfrutar de su nuevo hogar, que incluye dos dormitorios, cocina-comedor, ba\u00f1o, lavadero exterior, conexi\u00f3n a red de agua, desag\u00fce cloacal y red el\u00e9ctrica. Cabe destacar que en octubre y diciembre de 2020, el gobernador Axel Kicillof entreg\u00f3 otras 92 viviendas de este complejo. Adem\u00e1s, en el mismo hay otras 118 viviendas en ejecuci\u00f3n que presentan un alto porcentaje de avance y ser\u00e1n entregadas pr\u00f3ximamente. La terminaci\u00f3n de estas unidades fue llevada a cabo por la Federaci\u00f3n de Cooperativas de Florencio Varela \u201cFecootraun\u201d. Por otra parte, en ese distrito hay en construcci\u00f3n otras 322 nuevas unidades. Se trata de dos sectores del Barrio Villa San Luis y tienen una inversi\u00f3n de m\u00e1s de $1.282 millones. Esta obra incluye la infraestructura y comenzaron a mediados de este a\u00f1o. Del acto tambi\u00e9n participaron: Christian Mi\u00f1o, presidente de la Confederaci\u00f3n Nacional de Cooperativas de Trabajo (CNCT); el Diputado provincial, Juan Miguel G\u00f3mez Parodi; y el secretario de Obras P\u00fablicas de Florencio Varela, Diego Trejo.<\/p>\n","protected":false},"excerpt":{"rendered":"<p>El gobierno de Axel Kicillof entreg\u00f3 otras 50 viviendas del Barrio Las Margaritas de Florencio Varela. Se suman a 92 casas otorgadas en 2020 y a otras 440 en ejecuci\u00f3n. Durante un emotivo acto, el Administrador General del Instituto de la Vivienda de la provincia de Buenos Aires (IVBA), Agust\u00edn Simone, junto al intendente municipal,&#8230;<\/p>\n","protected":false},"author":2,"featured_media":12330,"comment_status":"open","ping_status":"open","sticky":false,"template":"","format":"standard","meta":{"footnotes":""},"categories":[13],"tags":[],"class_list":["post-12328","post","type-post","status-publish","format-standard","has-post-thumbnail","hentry","category-varela"],"featured_image_src":"https:\/\/diarioprincipios.com\/wp-content\/uploads\/2021\/12\/La-Provincia-entrego-viviendas-en-Florencio-Varela-1-1024x681.jpg","blog_images":{"medium":"https:\/\/diarioprincipios.com\/wp-content\/uploads\/2021\/12\/La-Provincia-entrego-viviendas-en-Florencio-Varela-1-300x200.jpg","large":"https:\/\/diarioprincipios.com\/wp-content\/uploads\/2021\/12\/La-Provincia-entrego-viviendas-en-Florencio-Varela-1-1024x681.jpg"},"ams_acf":[],"yoast_head":"<!-- This site is optimized with the Yoast SEO plugin v27.3 - https:\/\/yoast.com\/product\/yoast-seo-wordpress\/ -->\n<title>La provincia entreg\u00f3 viviendas en Florencio Varela - Principios<\/title>\n<meta name=\"robots\" content=\"index, follow, max-snippet:-1, max-image-preview:large, max-video-preview:-1\" \/>\n<link rel=\"canonical\" href=\"https:\/\/diarioprincipios.com\/index.php\/2021\/12\/28\/la-provincia-entrego-viviendas-en-florencio-varela\/\" \/>\n<meta property=\"og:locale\" content=\"es_ES\" \/>\n<meta property=\"og:type\" content=\"article\" \/>\n<meta property=\"og:title\" content=\"La provincia entreg\u00f3 viviendas en Florencio Varela - Principios\" \/>\n<meta property=\"og:description\" content=\"El gobierno de Axel Kicillof entreg\u00f3 otras 50 viviendas del Barrio Las Margaritas de Florencio Varela. Se suman a 92 casas otorgadas en 2020 y a otras 440 en ejecuci\u00f3n. Durante un emotivo acto, el Administrador General del Instituto de la Vivienda de la provincia de Buenos Aires (IVBA), Agust\u00edn Simone, junto al intendente municipal,...\" \/>\n<meta property=\"og:url\" content=\"https:\/\/diarioprincipios.com\/index.php\/2021\/12\/28\/la-provincia-entrego-viviendas-en-florencio-varela\/\" \/>\n<meta property=\"og:site_name\" content=\"Principios\" \/>\n<meta property=\"article:published_time\" content=\"2021-12-29T01:56:02+00:00\" \/>\n<meta property=\"article:modified_time\" content=\"2021-12-29T01:56:09+00:00\" \/>\n<meta property=\"og:image\" content=\"https:\/\/diarioprincipios.com\/wp-content\/uploads\/2021\/12\/La-Provincia-entrego-viviendas-en-Florencio-Varela-1-scaled.jpg\" \/>\n\t<meta property=\"og:image:width\" content=\"2560\" \/>\n\t<meta property=\"og:image:height\" content=\"1703\" \/>\n\t<meta property=\"og:image:type\" content=\"image\/jpeg\" \/>\n<meta name=\"author\" content=\"Hern\u00e1n L\u00f3pez\" \/>\n<meta name=\"twitter:card\" content=\"summary_large_image\" \/>\n<meta name=\"twitter:label1\" content=\"Escrito por\" \/>\n\t<meta name=\"twitter:data1\" content=\"Hern\u00e1n L\u00f3pez\" \/>\n\t<meta name=\"twitter:label2\" content=\"Tiempo de lectura\" \/>\n\t<meta name=\"twitter:data2\" content=\"2 minutos\" \/>\n<script type=\"application\/ld+json\" class=\"yoast-schema-graph\">{\"@context\":\"https:\\\/\\\/schema.org\",\"@graph\":[{\"@type\":\"Article\",\"@id\":\"https:\\\/\\\/diarioprincipios.com\\\/index.php\\\/2021\\\/12\\\/28\\\/la-provincia-entrego-viviendas-en-florencio-varela\\\/#article\",\"isPartOf\":{\"@id\":\"https:\\\/\\\/diarioprincipios.com\\\/index.php\\\/2021\\\/12\\\/28\\\/la-provincia-entrego-viviendas-en-florencio-varela\\\/\"},\"author\":{\"name\":\"Hern\u00e1n L\u00f3pez\",\"@id\":\"https:\\\/\\\/diarioprincipios.com\\\/#\\\/schema\\\/person\\\/436d5a1fd41a5e250e23ff5a6a7cb080\"},\"headline\":\"La provincia entreg\u00f3 viviendas en Florencio Varela\",\"datePublished\":\"2021-12-29T01:56:02+00:00\",\"dateModified\":\"2021-12-29T01:56:09+00:00\",\"mainEntityOfPage\":{\"@id\":\"https:\\\/\\\/diarioprincipios.com\\\/index.php\\\/2021\\\/12\\\/28\\\/la-provincia-entrego-viviendas-en-florencio-varela\\\/\"},\"wordCount\":325,\"commentCount\":0,\"publisher\":{\"@id\":\"https:\\\/\\\/diarioprincipios.com\\\/#organization\"},\"image\":{\"@id\":\"https:\\\/\\\/diarioprincipios.com\\\/index.php\\\/2021\\\/12\\\/28\\\/la-provincia-entrego-viviendas-en-florencio-varela\\\/#primaryimage\"},\"thumbnailUrl\":\"https:\\\/\\\/diarioprincipios.com\\\/wp-content\\\/uploads\\\/2021\\\/12\\\/La-Provincia-entrego-viviendas-en-Florencio-Varela-1-scaled.jpg\",\"articleSection\":[\"F. Varela\"],\"inLanguage\":\"es\",\"potentialAction\":[{\"@type\":\"CommentAction\",\"name\":\"Comment\",\"target\":[\"https:\\\/\\\/diarioprincipios.com\\\/index.php\\\/2021\\\/12\\\/28\\\/la-provincia-entrego-viviendas-en-florencio-varela\\\/#respond\"]}]},{\"@type\":\"WebPage\",\"@id\":\"https:\\\/\\\/diarioprincipios.com\\\/index.php\\\/2021\\\/12\\\/28\\\/la-provincia-entrego-viviendas-en-florencio-varela\\\/\",\"url\":\"https:\\\/\\\/diarioprincipios.com\\\/index.php\\\/2021\\\/12\\\/28\\\/la-provincia-entrego-viviendas-en-florencio-varela\\\/\",\"name\":\"La provincia entreg\u00f3 viviendas en Florencio Varela - Principios\",\"isPartOf\":{\"@id\":\"https:\\\/\\\/diarioprincipios.com\\\/#website\"},\"primaryImageOfPage\":{\"@id\":\"https:\\\/\\\/diarioprincipios.com\\\/index.php\\\/2021\\\/12\\\/28\\\/la-provincia-entrego-viviendas-en-florencio-varela\\\/#primaryimage\"},\"image\":{\"@id\":\"https:\\\/\\\/diarioprincipios.com\\\/index.php\\\/2021\\\/12\\\/28\\\/la-provincia-entrego-viviendas-en-florencio-varela\\\/#primaryimage\"},\"thumbnailUrl\":\"https:\\\/\\\/diarioprincipios.com\\\/wp-content\\\/uploads\\\/2021\\\/12\\\/La-Provincia-entrego-viviendas-en-Florencio-Varela-1-scaled.jpg\",\"datePublished\":\"2021-12-29T01:56:02+00:00\",\"dateModified\":\"2021-12-29T01:56:09+00:00\",\"breadcrumb\":{\"@id\":\"https:\\\/\\\/diarioprincipios.com\\\/index.php\\\/2021\\\/12\\\/28\\\/la-provincia-entrego-viviendas-en-florencio-varela\\\/#breadcrumb\"},\"inLanguage\":\"es\",\"potentialAction\":[{\"@type\":\"ReadAction\",\"target\":[\"https:\\\/\\\/diarioprincipios.com\\\/index.php\\\/2021\\\/12\\\/28\\\/la-provincia-entrego-viviendas-en-florencio-varela\\\/\"]}]},{\"@type\":\"ImageObject\",\"inLanguage\":\"es\",\"@id\":\"https:\\\/\\\/diarioprincipios.com\\\/index.php\\\/2021\\\/12\\\/28\\\/la-provincia-entrego-viviendas-en-florencio-varela\\\/#primaryimage\",\"url\":\"https:\\\/\\\/diarioprincipios.com\\\/wp-content\\\/uploads\\\/2021\\\/12\\\/La-Provincia-entrego-viviendas-en-Florencio-Varela-1-scaled.jpg\",\"contentUrl\":\"https:\\\/\\\/diarioprincipios.com\\\/wp-content\\\/uploads\\\/2021\\\/12\\\/La-Provincia-entrego-viviendas-en-Florencio-Varela-1-scaled.jpg\",\"width\":2560,\"height\":1703},{\"@type\":\"BreadcrumbList\",\"@id\":\"https:\\\/\\\/diarioprincipios.com\\\/index.php\\\/2021\\\/12\\\/28\\\/la-provincia-entrego-viviendas-en-florencio-varela\\\/#breadcrumb\",\"itemListElement\":[{\"@type\":\"ListItem\",\"position\":1,\"name\":\"Portada\",\"item\":\"https:\\\/\\\/diarioprincipios.com\\\/\"},{\"@type\":\"ListItem\",\"position\":2,\"name\":\"La provincia entreg\u00f3 viviendas en Florencio Varela\"}]},{\"@type\":\"WebSite\",\"@id\":\"https:\\\/\\\/diarioprincipios.com\\\/#website\",\"url\":\"https:\\\/\\\/diarioprincipios.com\\\/\",\"name\":\"Principios\",\"description\":\"Principios Diario\",\"publisher\":{\"@id\":\"https:\\\/\\\/diarioprincipios.com\\\/#organization\"},\"potentialAction\":[{\"@type\":\"SearchAction\",\"target\":{\"@type\":\"EntryPoint\",\"urlTemplate\":\"https:\\\/\\\/diarioprincipios.com\\\/?s={search_term_string}\"},\"query-input\":{\"@type\":\"PropertyValueSpecification\",\"valueRequired\":true,\"valueName\":\"search_term_string\"}}],\"inLanguage\":\"es\"},{\"@type\":\"Organization\",\"@id\":\"https:\\\/\\\/diarioprincipios.com\\\/#organization\",\"name\":\"Principios\",\"url\":\"https:\\\/\\\/diarioprincipios.com\\\/\",\"logo\":{\"@type\":\"ImageObject\",\"inLanguage\":\"es\",\"@id\":\"https:\\\/\\\/diarioprincipios.com\\\/#\\\/schema\\\/logo\\\/image\\\/\",\"url\":\"https:\\\/\\\/diarioprincipios.com\\\/wp-content\\\/uploads\\\/2024\\\/04\\\/cropped-www.diarioprincipios.com_-1.png\",\"contentUrl\":\"https:\\\/\\\/diarioprincipios.com\\\/wp-content\\\/uploads\\\/2024\\\/04\\\/cropped-www.diarioprincipios.com_-1.png\",\"width\":5325,\"height\":1454,\"caption\":\"Principios\"},\"image\":{\"@id\":\"https:\\\/\\\/diarioprincipios.com\\\/#\\\/schema\\\/logo\\\/image\\\/\"}},{\"@type\":\"Person\",\"@id\":\"https:\\\/\\\/diarioprincipios.com\\\/#\\\/schema\\\/person\\\/436d5a1fd41a5e250e23ff5a6a7cb080\",\"name\":\"Hern\u00e1n L\u00f3pez\",\"image\":{\"@type\":\"ImageObject\",\"inLanguage\":\"es\",\"@id\":\"https:\\\/\\\/diarioprincipios.com\\\/wp-content\\\/litespeed\\\/avatar\\\/11ddfe5610ff3bd100522525b2571f48.jpg?ver=1777653193\",\"url\":\"https:\\\/\\\/diarioprincipios.com\\\/wp-content\\\/litespeed\\\/avatar\\\/11ddfe5610ff3bd100522525b2571f48.jpg?ver=1777653193\",\"contentUrl\":\"https:\\\/\\\/diarioprincipios.com\\\/wp-content\\\/litespeed\\\/avatar\\\/11ddfe5610ff3bd100522525b2571f48.jpg?ver=1777653193\",\"caption\":\"Hern\u00e1n L\u00f3pez\"},\"url\":\"https:\\\/\\\/diarioprincipios.com\\\/index.php\\\/author\\\/hernan\\\/\"}]}<\/script>\n<!-- \/ Yoast SEO plugin. -->","yoast_head_json":{"title":"La provincia entreg\u00f3 viviendas en Florencio Varela - Principios","robots":{"index":"index","follow":"follow","max-snippet":"max-snippet:-1","max-image-preview":"max-image-preview:large","max-video-preview":"max-video-preview:-1"},"canonical":"https:\/\/diarioprincipios.com\/index.php\/2021\/12\/28\/la-provincia-entrego-viviendas-en-florencio-varela\/","og_locale":"es_ES","og_type":"article","og_title":"La provincia entreg\u00f3 viviendas en Florencio Varela - Principios","og_description":"El gobierno de Axel Kicillof entreg\u00f3 otras 50 viviendas del Barrio Las Margaritas de Florencio Varela. Se suman a 92 casas otorgadas en 2020 y a otras 440 en ejecuci\u00f3n. Durante un emotivo acto, el Administrador General del Instituto de la Vivienda de la provincia de Buenos Aires (IVBA), Agust\u00edn Simone, junto al intendente municipal,...","og_url":"https:\/\/diarioprincipios.com\/index.php\/2021\/12\/28\/la-provincia-entrego-viviendas-en-florencio-varela\/","og_site_name":"Principios","article_published_time":"2021-12-29T01:56:02+00:00","article_modified_time":"2021-12-29T01:56:09+00:00","og_image":[{"width":2560,"height":1703,"url":"https:\/\/diarioprincipios.com\/wp-content\/uploads\/2021\/12\/La-Provincia-entrego-viviendas-en-Florencio-Varela-1-scaled.jpg","type":"image\/jpeg"}],"author":"Hern\u00e1n L\u00f3pez","twitter_card":"summary_large_image","twitter_misc":{"Escrito por":"Hern\u00e1n L\u00f3pez","Tiempo de lectura":"2 minutos"},"schema":{"@context":"https:\/\/schema.org","@graph":[{"@type":"Article","@id":"https:\/\/diarioprincipios.com\/index.php\/2021\/12\/28\/la-provincia-entrego-viviendas-en-florencio-varela\/#article","isPartOf":{"@id":"https:\/\/diarioprincipios.com\/index.php\/2021\/12\/28\/la-provincia-entrego-viviendas-en-florencio-varela\/"},"author":{"name":"Hern\u00e1n L\u00f3pez","@id":"https:\/\/diarioprincipios.com\/#\/schema\/person\/436d5a1fd41a5e250e23ff5a6a7cb080"},"headline":"La provincia entreg\u00f3 viviendas en Florencio Varela","datePublished":"2021-12-29T01:56:02+00:00","dateModified":"2021-12-29T01:56:09+00:00","mainEntityOfPage":{"@id":"https:\/\/diarioprincipios.com\/index.php\/2021\/12\/28\/la-provincia-entrego-viviendas-en-florencio-varela\/"},"wordCount":325,"commentCount":0,"publisher":{"@id":"https:\/\/diarioprincipios.com\/#organization"},"image":{"@id":"https:\/\/diarioprincipios.com\/index.php\/2021\/12\/28\/la-provincia-entrego-viviendas-en-florencio-varela\/#primaryimage"},"thumbnailUrl":"https:\/\/diarioprincipios.com\/wp-content\/uploads\/2021\/12\/La-Provincia-entrego-viviendas-en-Florencio-Varela-1-scaled.jpg","articleSection":["F. Varela"],"inLanguage":"es","potentialAction":[{"@type":"CommentAction","name":"Comment","target":["https:\/\/diarioprincipios.com\/index.php\/2021\/12\/28\/la-provincia-entrego-viviendas-en-florencio-varela\/#respond"]}]},{"@type":"WebPage","@id":"https:\/\/diarioprincipios.com\/index.php\/2021\/12\/28\/la-provincia-entrego-viviendas-en-florencio-varela\/","url":"https:\/\/diarioprincipios.com\/index.php\/2021\/12\/28\/la-provincia-entrego-viviendas-en-florencio-varela\/","name":"La provincia entreg\u00f3 viviendas en Florencio Varela - Principios","isPartOf":{"@id":"https:\/\/diarioprincipios.com\/#website"},"primaryImageOfPage":{"@id":"https:\/\/diarioprincipios.com\/index.php\/2021\/12\/28\/la-provincia-entrego-viviendas-en-florencio-varela\/#primaryimage"},"image":{"@id":"https:\/\/diarioprincipios.com\/index.php\/2021\/12\/28\/la-provincia-entrego-viviendas-en-florencio-varela\/#primaryimage"},"thumbnailUrl":"https:\/\/diarioprincipios.com\/wp-content\/uploads\/2021\/12\/La-Provincia-entrego-viviendas-en-Florencio-Varela-1-scaled.jpg","datePublished":"2021-12-29T01:56:02+00:00","dateModified":"2021-12-29T01:56:09+00:00","breadcrumb":{"@id":"https:\/\/diarioprincipios.com\/index.php\/2021\/12\/28\/la-provincia-entrego-viviendas-en-florencio-varela\/#breadcrumb"},"inLanguage":"es","potentialAction":[{"@type":"ReadAction","target":["https:\/\/diarioprincipios.com\/index.php\/2021\/12\/28\/la-provincia-entrego-viviendas-en-florencio-varela\/"]}]},{"@type":"ImageObject","inLanguage":"es","@id":"https:\/\/diarioprincipios.com\/index.php\/2021\/12\/28\/la-provincia-entrego-viviendas-en-florencio-varela\/#primaryimage","url":"https:\/\/diarioprincipios.com\/wp-content\/uploads\/2021\/12\/La-Provincia-entrego-viviendas-en-Florencio-Varela-1-scaled.jpg","contentUrl":"https:\/\/diarioprincipios.com\/wp-content\/uploads\/2021\/12\/La-Provincia-entrego-viviendas-en-Florencio-Varela-1-scaled.jpg","width":2560,"height":1703},{"@type":"BreadcrumbList","@id":"https:\/\/diarioprincipios.com\/index.php\/2021\/12\/28\/la-provincia-entrego-viviendas-en-florencio-varela\/#breadcrumb","itemListElement":[{"@type":"ListItem","position":1,"name":"Portada","item":"https:\/\/diarioprincipios.com\/"},{"@type":"ListItem","position":2,"name":"La provincia entreg\u00f3 viviendas en Florencio Varela"}]},{"@type":"WebSite","@id":"https:\/\/diarioprincipios.com\/#website","url":"https:\/\/diarioprincipios.com\/","name":"Principios","description":"Principios Diario","publisher":{"@id":"https:\/\/diarioprincipios.com\/#organization"},"potentialAction":[{"@type":"SearchAction","target":{"@type":"EntryPoint","urlTemplate":"https:\/\/diarioprincipios.com\/?s={search_term_string}"},"query-input":{"@type":"PropertyValueSpecification","valueRequired":true,"valueName":"search_term_string"}}],"inLanguage":"es"},{"@type":"Organization","@id":"https:\/\/diarioprincipios.com\/#organization","name":"Principios","url":"https:\/\/diarioprincipios.com\/","logo":{"@type":"ImageObject","inLanguage":"es","@id":"https:\/\/diarioprincipios.com\/#\/schema\/logo\/image\/","url":"https:\/\/diarioprincipios.com\/wp-content\/uploads\/2024\/04\/cropped-www.diarioprincipios.com_-1.png","contentUrl":"https:\/\/diarioprincipios.com\/wp-content\/uploads\/2024\/04\/cropped-www.diarioprincipios.com_-1.png","width":5325,"height":1454,"caption":"Principios"},"image":{"@id":"https:\/\/diarioprincipios.com\/#\/schema\/logo\/image\/"}},{"@type":"Person","@id":"https:\/\/diarioprincipios.com\/#\/schema\/person\/436d5a1fd41a5e250e23ff5a6a7cb080","name":"Hern\u00e1n L\u00f3pez","image":{"@type":"ImageObject","inLanguage":"es","@id":"https:\/\/diarioprincipios.com\/wp-content\/litespeed\/avatar\/11ddfe5610ff3bd100522525b2571f48.jpg?ver=1777653193","url":"https:\/\/diarioprincipios.com\/wp-content\/litespeed\/avatar\/11ddfe5610ff3bd100522525b2571f48.jpg?ver=1777653193","contentUrl":"https:\/\/diarioprincipios.com\/wp-content\/litespeed\/avatar\/11ddfe5610ff3bd100522525b2571f48.jpg?ver=1777653193","caption":"Hern\u00e1n L\u00f3pez"},"url":"https:\/\/diarioprincipios.com\/index.php\/author\/hernan\/"}]}},"jetpack_featured_media_url":"https:\/\/diarioprincipios.com\/wp-content\/uploads\/2021\/12\/La-Provincia-entrego-viviendas-en-Florencio-Varela-1-scaled.jpg","_links":{"self":[{"href":"https:\/\/diarioprincipios.com\/index.php\/wp-json\/wp\/v2\/posts\/12328","targetHints":{"allow":["GET"]}}],"collection":[{"href":"https:\/\/diarioprincipios.com\/index.php\/wp-json\/wp\/v2\/posts"}],"about":[{"href":"https:\/\/diarioprincipios.com\/index.php\/wp-json\/wp\/v2\/types\/post"}],"author":[{"embeddable":true,"href":"https:\/\/diarioprincipios.com\/index.php\/wp-json\/wp\/v2\/users\/2"}],"replies":[{"embeddable":true,"href":"https:\/\/diarioprincipios.com\/index.php\/wp-json\/wp\/v2\/comments?post=12328"}],"version-history":[{"count":1,"href":"https:\/\/diarioprincipios.com\/index.php\/wp-json\/wp\/v2\/posts\/12328\/revisions"}],"predecessor-version":[{"id":12331,"href":"https:\/\/diarioprincipios.com\/index.php\/wp-json\/wp\/v2\/posts\/12328\/revisions\/12331"}],"wp:featuredmedia":[{"embeddable":true,"href":"https:\/\/diarioprincipios.com\/index.php\/wp-json\/wp\/v2\/media\/12330"}],"wp:attachment":[{"href":"https:\/\/diarioprincipios.com\/index.php\/wp-json\/wp\/v2\/media?parent=12328"}],"wp:term":[{"taxonomy":"category","embeddable":true,"href":"https:\/\/diarioprincipios.com\/index.php\/wp-json\/wp\/v2\/categories?post=12328"},{"taxonomy":"post_tag","embeddable":true,"href":"https:\/\/diarioprincipios.com\/index.php\/wp-json\/wp\/v2\/tags?post=12328"}],"curies":[{"name":"wp","href":"https:\/\/api.w.org\/{rel}","templated":true}]}}