{"id":12324,"date":"2021-12-28T22:50:23","date_gmt":"2021-12-29T01:50:23","guid":{"rendered":"http:\/\/diarioprincipios.com\/?p=12324"},"modified":"2021-12-28T22:50:32","modified_gmt":"2021-12-29T01:50:32","slug":"en-enero-comenzara-el-recambio-de-canerias-en-berazategui-centro","status":"publish","type":"post","link":"https:\/\/diarioprincipios.com\/index.php\/2021\/12\/28\/en-enero-comenzara-el-recambio-de-canerias-en-berazategui-centro\/","title":{"rendered":"En Enero comenzar\u00e1 el recambio de ca\u00f1er\u00edas en Berazategui Centro"},"content":{"rendered":"\n<p><strong><br>La Municipalidad de Berazategui -a trav\u00e9s de la Secretar\u00eda de Servicios P\u00fablicos- anunci\u00f3 que a principios del pr\u00f3ximo a\u00f1o iniciar\u00e1n las obras de sustituci\u00f3n de ca\u00f1os secundarios en el \u00e1rea c\u00e9ntrica del distrito. Tambi\u00e9n se reemplazar\u00e1n los canales principales de abastecimiento de la zona por unos de mayor di\u00e1metro. Estas obras, que fueron impulsadas por el Intendente Juan Jos\u00e9 Mussi, se realizar\u00e1n con fondos nacionales, provinciales y municipales.<br><\/strong><br>\u201cEl 10 de enero de 2022 comienzan las obras de recambio de ca\u00f1er\u00edas en el Centro de la ciudad: desde la calle 12 hasta la 16, y desde Lisandro de la Torre hasta la Av. Mitre. Esa es la primera etapa ya licitada\u201d, anunci\u00f3 Sergio Faccenda, secretario de Servicios P\u00fablicos de la Municipalidad. Asimismo, una segunda fase se encuentra en proceso licitatorio. \u201cNos permitir\u00e1 extendernos hacia las calles 10 y 18 para sustituir, de a poco, todas las ca\u00f1er\u00edas hasta llegar a las avenidas Varela y Dra. Julieta Lanteri (21)\u201d, coment\u00f3.<\/p>\n\n\n\n<p>Con respecto a los canales de abastecimiento, el Secretario indic\u00f3: \u201cEl Centro tiene dos entradas principales, que quedaron chicas por el crecimiento del \u00e1rea comercial: una sobre la Av. 14 entre 142 y Av. N\u00e9stor Kirchner, y la otra en la calle 151 desde la Av. Julieta Lanteri (21) hasta la calle 10. Es all\u00ed donde se reemplazar\u00e1n los ca\u00f1os existentes\u201d.<\/p>\n\n\n\n<p><strong>M\u00c1S OBRAS PARA EL PR\u00d3XIMO A\u00d1O<br><\/strong><br>Faccenda tambi\u00e9n inform\u00f3 que para el 2022 \u201cse est\u00e1n planificando obras de infraestructura en acueductos, y para ello se est\u00e1 tramitando la disponibilidad de fondos nacionales y provinciales\u201d. Entre ellas, se encuentran: la construcci\u00f3n de un acueducto en la zona del barrio Santo Tom\u00e1s; la construcci\u00f3n de una cisterna con reservorio de agua en Berazategui Oeste; y la puesta en marcha de la &nbsp;Planta de Tratamiento de Agua. \u201cPara iniciar esta obra emblem\u00e1tica, en 2022 comenzaremos con los estudios pertinentes de la toma del r\u00edo. A esta se suma la obra de infraestructura y puesta en valor de la Planta de Potabilizaci\u00f3n de Ducilo. Ya se iniciaron los estudios necesarios para determinar el estado de la toma, instalaciones y compuertas, para dimensionar el proyecto de la estaci\u00f3n de bombeo, comenzar con los trabajos y dar lugar a su funcionamiento\u201d, agreg\u00f3 el Secretario.<\/p>\n\n\n\n<p><strong>UN 2021 CON AVANCES Y PROYECTOS CONCRETADOS<br><\/strong><br>\u201cEn 2021 hemos tenido una mejora del 50% en la calidad del servicio de suministro de agua potable\u201d, indic\u00f3 Faccenda<\/p>\n\n\n\n<p>Entre las \u00faltimas obras realizadas por el Municipio, el funcionario destac\u00f3 que \u201cen el barrio San Blas (calle 128 e\/ Milazzo y 42) se construy\u00f3 un pozo de agua gracias al trabajo del personal municipal de la Direcci\u00f3n General de Servicios Sanitarios. Ya se lo conect\u00f3 a la red para que funcione y brinde servicio a la comunidad local\u201d. \u201cEs uno de los 33 pozos que hicimos en Berazategui y que gener\u00f3 un considerable aumento en la presi\u00f3n de agua. Se van a incorporar en poco tiempo a la red: el del barrio R\u00edo Encantado (calle 138 y 52 B), el de Kennedy Norte (calle 125 y 53), el de Villa Mitre (Av. P. Mugica y Av. Fangio) y el acueducto de los barrios Compal-Pereyra\u201d. Y en la primera quincena de enero, se sumar\u00e1n los pozos restantes. \u201cCon eso terminar\u00edamos la bater\u00eda planificada -de acuerdo a la problem\u00e1tica de cada barrio-, para dar lugar al inicio de las obras de infraestructura de acueductos y redes\u201d, indic\u00f3.<\/p>\n\n\n\n<p>Otras obras que se est\u00e1n realizando en este momento son: la interconexi\u00f3n de los pozos de El Pato a la red del acueducto (\u201cpr\u00f3ximamente se proceder\u00e1 con dos m\u00e1s, lo que mejorar\u00e1 la capacidad de la cisterna de la Plaza La Paz\u201d, sostuvo Faccenda); la renovaci\u00f3n de la cisterna de la Plaza La Paz y la del acueducto de Pereyra que la abastece (estaci\u00f3n de bombeo de Av. Ant\u00e1rtida Argentina y V. Vergara); y trabajos de mejora en los tanques de reserva de La Porte\u00f1a y del barrio El Vidrio. \u201cEstas obras generar\u00e1n mejoras a largo plazo en 2022\u201d, afirm\u00f3 el funcionario.<\/p>\n\n\n\n<p>\u201cAdem\u00e1s, avanza el cierre de malla de la red de agua en el barrio Puerto Argentino, ubicado en Guti\u00e9rrez (ya est\u00e1 su pozo en marcha). Estas acciones se est\u00e1n replicando en los barrios Once, Villa Mitre y San Blas; as\u00ed como en la zona de Sevilla, Ducilo y Pl\u00e1tanos, con un cierre en el acueducto y en la cisterna de la zona de Malter\u00eda (Hudson), pensada para tener entrada de agua a futuro\u201d, finaliz\u00f3.<\/p>\n","protected":false},"excerpt":{"rendered":"<p>La Municipalidad de Berazategui -a trav\u00e9s de la Secretar\u00eda de Servicios P\u00fablicos- anunci\u00f3 que a principios del pr\u00f3ximo a\u00f1o iniciar\u00e1n las obras de sustituci\u00f3n de ca\u00f1os secundarios en el \u00e1rea c\u00e9ntrica del distrito. Tambi\u00e9n se reemplazar\u00e1n los canales principales de abastecimiento de la zona por unos de mayor di\u00e1metro. Estas obras, que fueron impulsadas por&#8230;<\/p>\n","protected":false},"author":2,"featured_media":12325,"comment_status":"open","ping_status":"open","sticky":false,"template":"","format":"standard","meta":{"footnotes":""},"categories":[3],"tags":[],"class_list":["post-12324","post","type-post","status-publish","format-standard","has-post-thumbnail","hentry","category-berazategui"],"featured_image_src":"https:\/\/diarioprincipios.com\/wp-content\/uploads\/2021\/12\/BERAZATEGUI-EN-ENERO-DE-2022-COMENZARA-EL-RECAMBIO-DE-CANERIAS-EN-EL-CENTRO-1024x819.jpeg","blog_images":{"medium":"https:\/\/diarioprincipios.com\/wp-content\/uploads\/2021\/12\/BERAZATEGUI-EN-ENERO-DE-2022-COMENZARA-EL-RECAMBIO-DE-CANERIAS-EN-EL-CENTRO-300x240.jpeg","large":"https:\/\/diarioprincipios.com\/wp-content\/uploads\/2021\/12\/BERAZATEGUI-EN-ENERO-DE-2022-COMENZARA-EL-RECAMBIO-DE-CANERIAS-EN-EL-CENTRO-1024x819.jpeg"},"ams_acf":[],"yoast_head":"<!-- This site is optimized with the Yoast SEO plugin v27.3 - https:\/\/yoast.com\/product\/yoast-seo-wordpress\/ -->\n<title>En Enero comenzar\u00e1 el recambio de ca\u00f1er\u00edas en Berazategui Centro - Principios<\/title>\n<meta name=\"robots\" content=\"index, follow, max-snippet:-1, max-image-preview:large, max-video-preview:-1\" \/>\n<link rel=\"canonical\" href=\"https:\/\/diarioprincipios.com\/index.php\/2021\/12\/28\/en-enero-comenzara-el-recambio-de-canerias-en-berazategui-centro\/\" \/>\n<meta property=\"og:locale\" content=\"es_ES\" \/>\n<meta property=\"og:type\" content=\"article\" \/>\n<meta property=\"og:title\" content=\"En Enero comenzar\u00e1 el recambio de ca\u00f1er\u00edas en Berazategui Centro - Principios\" \/>\n<meta property=\"og:description\" content=\"La Municipalidad de Berazategui -a trav\u00e9s de la Secretar\u00eda de Servicios P\u00fablicos- anunci\u00f3 que a principios del pr\u00f3ximo a\u00f1o iniciar\u00e1n las obras de sustituci\u00f3n de ca\u00f1os secundarios en el \u00e1rea c\u00e9ntrica del distrito. Tambi\u00e9n se reemplazar\u00e1n los canales principales de abastecimiento de la zona por unos de mayor di\u00e1metro. Estas obras, que fueron impulsadas por...\" \/>\n<meta property=\"og:url\" content=\"https:\/\/diarioprincipios.com\/index.php\/2021\/12\/28\/en-enero-comenzara-el-recambio-de-canerias-en-berazategui-centro\/\" \/>\n<meta property=\"og:site_name\" content=\"Principios\" \/>\n<meta property=\"article:published_time\" content=\"2021-12-29T01:50:23+00:00\" \/>\n<meta property=\"article:modified_time\" content=\"2021-12-29T01:50:32+00:00\" \/>\n<meta property=\"og:image\" content=\"https:\/\/diarioprincipios.com\/wp-content\/uploads\/2021\/12\/BERAZATEGUI-EN-ENERO-DE-2022-COMENZARA-EL-RECAMBIO-DE-CANERIAS-EN-EL-CENTRO.jpeg\" \/>\n\t<meta property=\"og:image:width\" content=\"1280\" \/>\n\t<meta property=\"og:image:height\" content=\"1024\" \/>\n\t<meta property=\"og:image:type\" content=\"image\/jpeg\" \/>\n<meta name=\"author\" content=\"Hern\u00e1n L\u00f3pez\" \/>\n<meta name=\"twitter:card\" content=\"summary_large_image\" \/>\n<meta name=\"twitter:label1\" content=\"Escrito por\" \/>\n\t<meta name=\"twitter:data1\" content=\"Hern\u00e1n L\u00f3pez\" \/>\n\t<meta name=\"twitter:label2\" content=\"Tiempo de lectura\" \/>\n\t<meta name=\"twitter:data2\" content=\"4 minutos\" \/>\n<script type=\"application\/ld+json\" class=\"yoast-schema-graph\">{\"@context\":\"https:\\\/\\\/schema.org\",\"@graph\":[{\"@type\":\"Article\",\"@id\":\"https:\\\/\\\/diarioprincipios.com\\\/index.php\\\/2021\\\/12\\\/28\\\/en-enero-comenzara-el-recambio-de-canerias-en-berazategui-centro\\\/#article\",\"isPartOf\":{\"@id\":\"https:\\\/\\\/diarioprincipios.com\\\/index.php\\\/2021\\\/12\\\/28\\\/en-enero-comenzara-el-recambio-de-canerias-en-berazategui-centro\\\/\"},\"author\":{\"name\":\"Hern\u00e1n L\u00f3pez\",\"@id\":\"https:\\\/\\\/diarioprincipios.com\\\/#\\\/schema\\\/person\\\/436d5a1fd41a5e250e23ff5a6a7cb080\"},\"headline\":\"En Enero comenzar\u00e1 el recambio de ca\u00f1er\u00edas en Berazategui Centro\",\"datePublished\":\"2021-12-29T01:50:23+00:00\",\"dateModified\":\"2021-12-29T01:50:32+00:00\",\"mainEntityOfPage\":{\"@id\":\"https:\\\/\\\/diarioprincipios.com\\\/index.php\\\/2021\\\/12\\\/28\\\/en-enero-comenzara-el-recambio-de-canerias-en-berazategui-centro\\\/\"},\"wordCount\":779,\"commentCount\":0,\"publisher\":{\"@id\":\"https:\\\/\\\/diarioprincipios.com\\\/#organization\"},\"image\":{\"@id\":\"https:\\\/\\\/diarioprincipios.com\\\/index.php\\\/2021\\\/12\\\/28\\\/en-enero-comenzara-el-recambio-de-canerias-en-berazategui-centro\\\/#primaryimage\"},\"thumbnailUrl\":\"https:\\\/\\\/diarioprincipios.com\\\/wp-content\\\/uploads\\\/2021\\\/12\\\/BERAZATEGUI-EN-ENERO-DE-2022-COMENZARA-EL-RECAMBIO-DE-CANERIAS-EN-EL-CENTRO.jpeg\",\"articleSection\":[\"Berazategui\"],\"inLanguage\":\"es\",\"potentialAction\":[{\"@type\":\"CommentAction\",\"name\":\"Comment\",\"target\":[\"https:\\\/\\\/diarioprincipios.com\\\/index.php\\\/2021\\\/12\\\/28\\\/en-enero-comenzara-el-recambio-de-canerias-en-berazategui-centro\\\/#respond\"]}]},{\"@type\":\"WebPage\",\"@id\":\"https:\\\/\\\/diarioprincipios.com\\\/index.php\\\/2021\\\/12\\\/28\\\/en-enero-comenzara-el-recambio-de-canerias-en-berazategui-centro\\\/\",\"url\":\"https:\\\/\\\/diarioprincipios.com\\\/index.php\\\/2021\\\/12\\\/28\\\/en-enero-comenzara-el-recambio-de-canerias-en-berazategui-centro\\\/\",\"name\":\"En Enero comenzar\u00e1 el recambio de ca\u00f1er\u00edas en Berazategui Centro - Principios\",\"isPartOf\":{\"@id\":\"https:\\\/\\\/diarioprincipios.com\\\/#website\"},\"primaryImageOfPage\":{\"@id\":\"https:\\\/\\\/diarioprincipios.com\\\/index.php\\\/2021\\\/12\\\/28\\\/en-enero-comenzara-el-recambio-de-canerias-en-berazategui-centro\\\/#primaryimage\"},\"image\":{\"@id\":\"https:\\\/\\\/diarioprincipios.com\\\/index.php\\\/2021\\\/12\\\/28\\\/en-enero-comenzara-el-recambio-de-canerias-en-berazategui-centro\\\/#primaryimage\"},\"thumbnailUrl\":\"https:\\\/\\\/diarioprincipios.com\\\/wp-content\\\/uploads\\\/2021\\\/12\\\/BERAZATEGUI-EN-ENERO-DE-2022-COMENZARA-EL-RECAMBIO-DE-CANERIAS-EN-EL-CENTRO.jpeg\",\"datePublished\":\"2021-12-29T01:50:23+00:00\",\"dateModified\":\"2021-12-29T01:50:32+00:00\",\"breadcrumb\":{\"@id\":\"https:\\\/\\\/diarioprincipios.com\\\/index.php\\\/2021\\\/12\\\/28\\\/en-enero-comenzara-el-recambio-de-canerias-en-berazategui-centro\\\/#breadcrumb\"},\"inLanguage\":\"es\",\"potentialAction\":[{\"@type\":\"ReadAction\",\"target\":[\"https:\\\/\\\/diarioprincipios.com\\\/index.php\\\/2021\\\/12\\\/28\\\/en-enero-comenzara-el-recambio-de-canerias-en-berazategui-centro\\\/\"]}]},{\"@type\":\"ImageObject\",\"inLanguage\":\"es\",\"@id\":\"https:\\\/\\\/diarioprincipios.com\\\/index.php\\\/2021\\\/12\\\/28\\\/en-enero-comenzara-el-recambio-de-canerias-en-berazategui-centro\\\/#primaryimage\",\"url\":\"https:\\\/\\\/diarioprincipios.com\\\/wp-content\\\/uploads\\\/2021\\\/12\\\/BERAZATEGUI-EN-ENERO-DE-2022-COMENZARA-EL-RECAMBIO-DE-CANERIAS-EN-EL-CENTRO.jpeg\",\"contentUrl\":\"https:\\\/\\\/diarioprincipios.com\\\/wp-content\\\/uploads\\\/2021\\\/12\\\/BERAZATEGUI-EN-ENERO-DE-2022-COMENZARA-EL-RECAMBIO-DE-CANERIAS-EN-EL-CENTRO.jpeg\",\"width\":1280,\"height\":1024},{\"@type\":\"BreadcrumbList\",\"@id\":\"https:\\\/\\\/diarioprincipios.com\\\/index.php\\\/2021\\\/12\\\/28\\\/en-enero-comenzara-el-recambio-de-canerias-en-berazategui-centro\\\/#breadcrumb\",\"itemListElement\":[{\"@type\":\"ListItem\",\"position\":1,\"name\":\"Portada\",\"item\":\"https:\\\/\\\/diarioprincipios.com\\\/\"},{\"@type\":\"ListItem\",\"position\":2,\"name\":\"En Enero comenzar\u00e1 el recambio de ca\u00f1er\u00edas en Berazategui Centro\"}]},{\"@type\":\"WebSite\",\"@id\":\"https:\\\/\\\/diarioprincipios.com\\\/#website\",\"url\":\"https:\\\/\\\/diarioprincipios.com\\\/\",\"name\":\"Principios\",\"description\":\"Principios Diario\",\"publisher\":{\"@id\":\"https:\\\/\\\/diarioprincipios.com\\\/#organization\"},\"potentialAction\":[{\"@type\":\"SearchAction\",\"target\":{\"@type\":\"EntryPoint\",\"urlTemplate\":\"https:\\\/\\\/diarioprincipios.com\\\/?s={search_term_string}\"},\"query-input\":{\"@type\":\"PropertyValueSpecification\",\"valueRequired\":true,\"valueName\":\"search_term_string\"}}],\"inLanguage\":\"es\"},{\"@type\":\"Organization\",\"@id\":\"https:\\\/\\\/diarioprincipios.com\\\/#organization\",\"name\":\"Principios\",\"url\":\"https:\\\/\\\/diarioprincipios.com\\\/\",\"logo\":{\"@type\":\"ImageObject\",\"inLanguage\":\"es\",\"@id\":\"https:\\\/\\\/diarioprincipios.com\\\/#\\\/schema\\\/logo\\\/image\\\/\",\"url\":\"https:\\\/\\\/diarioprincipios.com\\\/wp-content\\\/uploads\\\/2024\\\/04\\\/cropped-www.diarioprincipios.com_-1.png\",\"contentUrl\":\"https:\\\/\\\/diarioprincipios.com\\\/wp-content\\\/uploads\\\/2024\\\/04\\\/cropped-www.diarioprincipios.com_-1.png\",\"width\":5325,\"height\":1454,\"caption\":\"Principios\"},\"image\":{\"@id\":\"https:\\\/\\\/diarioprincipios.com\\\/#\\\/schema\\\/logo\\\/image\\\/\"}},{\"@type\":\"Person\",\"@id\":\"https:\\\/\\\/diarioprincipios.com\\\/#\\\/schema\\\/person\\\/436d5a1fd41a5e250e23ff5a6a7cb080\",\"name\":\"Hern\u00e1n L\u00f3pez\",\"image\":{\"@type\":\"ImageObject\",\"inLanguage\":\"es\",\"@id\":\"https:\\\/\\\/diarioprincipios.com\\\/wp-content\\\/litespeed\\\/avatar\\\/11ddfe5610ff3bd100522525b2571f48.jpg?ver=1777653193\",\"url\":\"https:\\\/\\\/diarioprincipios.com\\\/wp-content\\\/litespeed\\\/avatar\\\/11ddfe5610ff3bd100522525b2571f48.jpg?ver=1777653193\",\"contentUrl\":\"https:\\\/\\\/diarioprincipios.com\\\/wp-content\\\/litespeed\\\/avatar\\\/11ddfe5610ff3bd100522525b2571f48.jpg?ver=1777653193\",\"caption\":\"Hern\u00e1n L\u00f3pez\"},\"url\":\"https:\\\/\\\/diarioprincipios.com\\\/index.php\\\/author\\\/hernan\\\/\"}]}<\/script>\n<!-- \/ Yoast SEO plugin. -->","yoast_head_json":{"title":"En Enero comenzar\u00e1 el recambio de ca\u00f1er\u00edas en Berazategui Centro - Principios","robots":{"index":"index","follow":"follow","max-snippet":"max-snippet:-1","max-image-preview":"max-image-preview:large","max-video-preview":"max-video-preview:-1"},"canonical":"https:\/\/diarioprincipios.com\/index.php\/2021\/12\/28\/en-enero-comenzara-el-recambio-de-canerias-en-berazategui-centro\/","og_locale":"es_ES","og_type":"article","og_title":"En Enero comenzar\u00e1 el recambio de ca\u00f1er\u00edas en Berazategui Centro - Principios","og_description":"La Municipalidad de Berazategui -a trav\u00e9s de la Secretar\u00eda de Servicios P\u00fablicos- anunci\u00f3 que a principios del pr\u00f3ximo a\u00f1o iniciar\u00e1n las obras de sustituci\u00f3n de ca\u00f1os secundarios en el \u00e1rea c\u00e9ntrica del distrito. Tambi\u00e9n se reemplazar\u00e1n los canales principales de abastecimiento de la zona por unos de mayor di\u00e1metro. Estas obras, que fueron impulsadas por...","og_url":"https:\/\/diarioprincipios.com\/index.php\/2021\/12\/28\/en-enero-comenzara-el-recambio-de-canerias-en-berazategui-centro\/","og_site_name":"Principios","article_published_time":"2021-12-29T01:50:23+00:00","article_modified_time":"2021-12-29T01:50:32+00:00","og_image":[{"width":1280,"height":1024,"url":"https:\/\/diarioprincipios.com\/wp-content\/uploads\/2021\/12\/BERAZATEGUI-EN-ENERO-DE-2022-COMENZARA-EL-RECAMBIO-DE-CANERIAS-EN-EL-CENTRO.jpeg","type":"image\/jpeg"}],"author":"Hern\u00e1n L\u00f3pez","twitter_card":"summary_large_image","twitter_misc":{"Escrito por":"Hern\u00e1n L\u00f3pez","Tiempo de lectura":"4 minutos"},"schema":{"@context":"https:\/\/schema.org","@graph":[{"@type":"Article","@id":"https:\/\/diarioprincipios.com\/index.php\/2021\/12\/28\/en-enero-comenzara-el-recambio-de-canerias-en-berazategui-centro\/#article","isPartOf":{"@id":"https:\/\/diarioprincipios.com\/index.php\/2021\/12\/28\/en-enero-comenzara-el-recambio-de-canerias-en-berazategui-centro\/"},"author":{"name":"Hern\u00e1n L\u00f3pez","@id":"https:\/\/diarioprincipios.com\/#\/schema\/person\/436d5a1fd41a5e250e23ff5a6a7cb080"},"headline":"En Enero comenzar\u00e1 el recambio de ca\u00f1er\u00edas en Berazategui Centro","datePublished":"2021-12-29T01:50:23+00:00","dateModified":"2021-12-29T01:50:32+00:00","mainEntityOfPage":{"@id":"https:\/\/diarioprincipios.com\/index.php\/2021\/12\/28\/en-enero-comenzara-el-recambio-de-canerias-en-berazategui-centro\/"},"wordCount":779,"commentCount":0,"publisher":{"@id":"https:\/\/diarioprincipios.com\/#organization"},"image":{"@id":"https:\/\/diarioprincipios.com\/index.php\/2021\/12\/28\/en-enero-comenzara-el-recambio-de-canerias-en-berazategui-centro\/#primaryimage"},"thumbnailUrl":"https:\/\/diarioprincipios.com\/wp-content\/uploads\/2021\/12\/BERAZATEGUI-EN-ENERO-DE-2022-COMENZARA-EL-RECAMBIO-DE-CANERIAS-EN-EL-CENTRO.jpeg","articleSection":["Berazategui"],"inLanguage":"es","potentialAction":[{"@type":"CommentAction","name":"Comment","target":["https:\/\/diarioprincipios.com\/index.php\/2021\/12\/28\/en-enero-comenzara-el-recambio-de-canerias-en-berazategui-centro\/#respond"]}]},{"@type":"WebPage","@id":"https:\/\/diarioprincipios.com\/index.php\/2021\/12\/28\/en-enero-comenzara-el-recambio-de-canerias-en-berazategui-centro\/","url":"https:\/\/diarioprincipios.com\/index.php\/2021\/12\/28\/en-enero-comenzara-el-recambio-de-canerias-en-berazategui-centro\/","name":"En Enero comenzar\u00e1 el recambio de ca\u00f1er\u00edas en Berazategui Centro - Principios","isPartOf":{"@id":"https:\/\/diarioprincipios.com\/#website"},"primaryImageOfPage":{"@id":"https:\/\/diarioprincipios.com\/index.php\/2021\/12\/28\/en-enero-comenzara-el-recambio-de-canerias-en-berazategui-centro\/#primaryimage"},"image":{"@id":"https:\/\/diarioprincipios.com\/index.php\/2021\/12\/28\/en-enero-comenzara-el-recambio-de-canerias-en-berazategui-centro\/#primaryimage"},"thumbnailUrl":"https:\/\/diarioprincipios.com\/wp-content\/uploads\/2021\/12\/BERAZATEGUI-EN-ENERO-DE-2022-COMENZARA-EL-RECAMBIO-DE-CANERIAS-EN-EL-CENTRO.jpeg","datePublished":"2021-12-29T01:50:23+00:00","dateModified":"2021-12-29T01:50:32+00:00","breadcrumb":{"@id":"https:\/\/diarioprincipios.com\/index.php\/2021\/12\/28\/en-enero-comenzara-el-recambio-de-canerias-en-berazategui-centro\/#breadcrumb"},"inLanguage":"es","potentialAction":[{"@type":"ReadAction","target":["https:\/\/diarioprincipios.com\/index.php\/2021\/12\/28\/en-enero-comenzara-el-recambio-de-canerias-en-berazategui-centro\/"]}]},{"@type":"ImageObject","inLanguage":"es","@id":"https:\/\/diarioprincipios.com\/index.php\/2021\/12\/28\/en-enero-comenzara-el-recambio-de-canerias-en-berazategui-centro\/#primaryimage","url":"https:\/\/diarioprincipios.com\/wp-content\/uploads\/2021\/12\/BERAZATEGUI-EN-ENERO-DE-2022-COMENZARA-EL-RECAMBIO-DE-CANERIAS-EN-EL-CENTRO.jpeg","contentUrl":"https:\/\/diarioprincipios.com\/wp-content\/uploads\/2021\/12\/BERAZATEGUI-EN-ENERO-DE-2022-COMENZARA-EL-RECAMBIO-DE-CANERIAS-EN-EL-CENTRO.jpeg","width":1280,"height":1024},{"@type":"BreadcrumbList","@id":"https:\/\/diarioprincipios.com\/index.php\/2021\/12\/28\/en-enero-comenzara-el-recambio-de-canerias-en-berazategui-centro\/#breadcrumb","itemListElement":[{"@type":"ListItem","position":1,"name":"Portada","item":"https:\/\/diarioprincipios.com\/"},{"@type":"ListItem","position":2,"name":"En Enero comenzar\u00e1 el recambio de ca\u00f1er\u00edas en Berazategui Centro"}]},{"@type":"WebSite","@id":"https:\/\/diarioprincipios.com\/#website","url":"https:\/\/diarioprincipios.com\/","name":"Principios","description":"Principios Diario","publisher":{"@id":"https:\/\/diarioprincipios.com\/#organization"},"potentialAction":[{"@type":"SearchAction","target":{"@type":"EntryPoint","urlTemplate":"https:\/\/diarioprincipios.com\/?s={search_term_string}"},"query-input":{"@type":"PropertyValueSpecification","valueRequired":true,"valueName":"search_term_string"}}],"inLanguage":"es"},{"@type":"Organization","@id":"https:\/\/diarioprincipios.com\/#organization","name":"Principios","url":"https:\/\/diarioprincipios.com\/","logo":{"@type":"ImageObject","inLanguage":"es","@id":"https:\/\/diarioprincipios.com\/#\/schema\/logo\/image\/","url":"https:\/\/diarioprincipios.com\/wp-content\/uploads\/2024\/04\/cropped-www.diarioprincipios.com_-1.png","contentUrl":"https:\/\/diarioprincipios.com\/wp-content\/uploads\/2024\/04\/cropped-www.diarioprincipios.com_-1.png","width":5325,"height":1454,"caption":"Principios"},"image":{"@id":"https:\/\/diarioprincipios.com\/#\/schema\/logo\/image\/"}},{"@type":"Person","@id":"https:\/\/diarioprincipios.com\/#\/schema\/person\/436d5a1fd41a5e250e23ff5a6a7cb080","name":"Hern\u00e1n L\u00f3pez","image":{"@type":"ImageObject","inLanguage":"es","@id":"https:\/\/diarioprincipios.com\/wp-content\/litespeed\/avatar\/11ddfe5610ff3bd100522525b2571f48.jpg?ver=1777653193","url":"https:\/\/diarioprincipios.com\/wp-content\/litespeed\/avatar\/11ddfe5610ff3bd100522525b2571f48.jpg?ver=1777653193","contentUrl":"https:\/\/diarioprincipios.com\/wp-content\/litespeed\/avatar\/11ddfe5610ff3bd100522525b2571f48.jpg?ver=1777653193","caption":"Hern\u00e1n L\u00f3pez"},"url":"https:\/\/diarioprincipios.com\/index.php\/author\/hernan\/"}]}},"jetpack_featured_media_url":"https:\/\/diarioprincipios.com\/wp-content\/uploads\/2021\/12\/BERAZATEGUI-EN-ENERO-DE-2022-COMENZARA-EL-RECAMBIO-DE-CANERIAS-EN-EL-CENTRO.jpeg","_links":{"self":[{"href":"https:\/\/diarioprincipios.com\/index.php\/wp-json\/wp\/v2\/posts\/12324","targetHints":{"allow":["GET"]}}],"collection":[{"href":"https:\/\/diarioprincipios.com\/index.php\/wp-json\/wp\/v2\/posts"}],"about":[{"href":"https:\/\/diarioprincipios.com\/index.php\/wp-json\/wp\/v2\/types\/post"}],"author":[{"embeddable":true,"href":"https:\/\/diarioprincipios.com\/index.php\/wp-json\/wp\/v2\/users\/2"}],"replies":[{"embeddable":true,"href":"https:\/\/diarioprincipios.com\/index.php\/wp-json\/wp\/v2\/comments?post=12324"}],"version-history":[{"count":1,"href":"https:\/\/diarioprincipios.com\/index.php\/wp-json\/wp\/v2\/posts\/12324\/revisions"}],"predecessor-version":[{"id":12326,"href":"https:\/\/diarioprincipios.com\/index.php\/wp-json\/wp\/v2\/posts\/12324\/revisions\/12326"}],"wp:featuredmedia":[{"embeddable":true,"href":"https:\/\/diarioprincipios.com\/index.php\/wp-json\/wp\/v2\/media\/12325"}],"wp:attachment":[{"href":"https:\/\/diarioprincipios.com\/index.php\/wp-json\/wp\/v2\/media?parent=12324"}],"wp:term":[{"taxonomy":"category","embeddable":true,"href":"https:\/\/diarioprincipios.com\/index.php\/wp-json\/wp\/v2\/categories?post=12324"},{"taxonomy":"post_tag","embeddable":true,"href":"https:\/\/diarioprincipios.com\/index.php\/wp-json\/wp\/v2\/tags?post=12324"}],"curies":[{"name":"wp","href":"https:\/\/api.w.org\/{rel}","templated":true}]}}