{"id":12320,"date":"2021-12-28T15:40:38","date_gmt":"2021-12-28T18:40:38","guid":{"rendered":"http:\/\/diarioprincipios.com\/?p=12320"},"modified":"2021-12-28T15:40:42","modified_gmt":"2021-12-28T18:40:42","slug":"mussi-participo-de-encuentro-de-fin-de-ano-de-agrupaciones-juveniles","status":"publish","type":"post","link":"https:\/\/diarioprincipios.com\/index.php\/2021\/12\/28\/mussi-participo-de-encuentro-de-fin-de-ano-de-agrupaciones-juveniles\/","title":{"rendered":"Mussi particip\u00f3 de Encuentro de Fin de A\u00f1o de Agrupaciones Juveniles"},"content":{"rendered":"\n<p><strong>El intendente de Berazategui, Juan Jos\u00e9 Mussi, particip\u00f3 del encuentro organizado por las diferentes agrupaciones juveniles del distrito: J\u00f3venes X Bera, Movimiento Evita, Ateneo CFK Berazategui, la Juventud Peronista y J\u00f3venes de Pie. El acto se desarroll\u00f3 en el Consejo del Partido Justicialista Local (calle 151 e\/ 17 y 18), donde adem\u00e1s se descubri\u00f3 un nuevo mural de Eva Per\u00f3n.<\/strong><\/p>\n\n\n\n<p>\u201cEsta es una jornada muy especial, donde todas las agrupaciones juveniles locales se juntaron para sellar la unidad, pensando en el futuro. Ellos entendieron que tenemos un adversario com\u00fan, que es el neoliberalismo. Es as\u00ed que estos j\u00f3venes, que provienen de distintas organizaciones pol\u00edticas y sociales, llenaron con su bullicio la sede del Partido Justicialista de Berazategui, para agruparse todos bajo una misma bandera, argentina y peronista\u201d, expres\u00f3 Mussi durante el encuentro que se distingui\u00f3 de otros por su m\u00fasica y escenograf\u00eda, conformada por una gran variedad de juegos y actividades para compartir entre los diferentes espacios.<\/p>\n\n\n\n<figure class=\"wp-block-image size-large\"><img loading=\"lazy\" decoding=\"async\" width=\"1024\" height=\"731\" src=\"https:\/\/diarioprincipios.com\/wp-content\/uploads\/2021\/12\/MUSSI-PARTICIPO-DEL-ENCUENTRO-DE-FIN-DE-ANO-ORGANIZADO-POR-LAS-AGRUPACIONES-JUVENILES-2-1-1024x731.jpeg\" alt=\"\" class=\"wp-image-12321\" srcset=\"https:\/\/diarioprincipios.com\/wp-content\/uploads\/2021\/12\/MUSSI-PARTICIPO-DEL-ENCUENTRO-DE-FIN-DE-ANO-ORGANIZADO-POR-LAS-AGRUPACIONES-JUVENILES-2-1-1024x731.jpeg 1024w, https:\/\/diarioprincipios.com\/wp-content\/uploads\/2021\/12\/MUSSI-PARTICIPO-DEL-ENCUENTRO-DE-FIN-DE-ANO-ORGANIZADO-POR-LAS-AGRUPACIONES-JUVENILES-2-1-300x214.jpeg 300w, https:\/\/diarioprincipios.com\/wp-content\/uploads\/2021\/12\/MUSSI-PARTICIPO-DEL-ENCUENTRO-DE-FIN-DE-ANO-ORGANIZADO-POR-LAS-AGRUPACIONES-JUVENILES-2-1-768x548.jpeg 768w, https:\/\/diarioprincipios.com\/wp-content\/uploads\/2021\/12\/MUSSI-PARTICIPO-DEL-ENCUENTRO-DE-FIN-DE-ANO-ORGANIZADO-POR-LAS-AGRUPACIONES-JUVENILES-2-1.jpeg 1280w\" sizes=\"auto, (max-width: 1024px) 100vw, 1024px\" \/><\/figure>\n\n\n\n<p>El Intendente berazateguense, adem\u00e1s, resalt\u00f3 el trabajo desplegado por los j\u00f3venes en el transcurso de la pandemia. \u201cNo solo acompa\u00f1aron al Municipio sino que adem\u00e1s estuvieron al pie del ca\u00f1\u00f3n en todo este tiempo, haciendo voluntariado en los distintos lugares, ya sea en los comedores comunitarios, en los centros de vacunaci\u00f3n, acompa\u00f1ando a los abuelos en las filas de los bancos o entregando barbijos. Detr\u00e1s de todas esas cosas siempre han estado ellos, con una militancia y un compromiso verdaderamente para festejar\u201d, indic\u00f3 Mussi e insisti\u00f3: \u201cPor eso, para m\u00ed -como viejo peronista- es una enorme alegr\u00eda verlos unidos de esta manera\u201d.<\/p>\n\n\n\n<p><strong>\u201cEVITA CAPITANA\u201d<br><\/strong><br>Durante el evento, adem\u00e1s, se present\u00f3 al p\u00fablico un mural de grandes dimensiones sobre la figura de Eva Duarte de Per\u00f3n (1919-1952). La obra se encuentra en el ingreso al sal\u00f3n principal del Consejo del PJ, precisamente bautizado \u201cEvita Capitana\u201d. \u201cEsta intervenci\u00f3n fue realizada por la artista Yanina Moroni. Es muy significativo el hecho de que ella plasm\u00f3 esta representaci\u00f3n sinti\u00e9ndose identificada con los valores de la mujer que supo levantar las banderas de los m\u00e1s humildes y ser el motor para la ampliaci\u00f3n de derechos, entre los cuales -por ejemplo- se encuentra la promulgaci\u00f3n del voto femenino\u201d, explic\u00f3 el titular de la Secretar\u00eda de Cultura y Educaci\u00f3n de Berazategui, Federico L\u00f3pez.<\/p>\n","protected":false},"excerpt":{"rendered":"<p>El intendente de Berazategui, Juan Jos\u00e9 Mussi, particip\u00f3 del encuentro organizado por las diferentes agrupaciones juveniles del distrito: J\u00f3venes X Bera, Movimiento Evita, Ateneo CFK Berazategui, la Juventud Peronista y J\u00f3venes de Pie. El acto se desarroll\u00f3 en el Consejo del Partido Justicialista Local (calle 151 e\/ 17 y 18), donde adem\u00e1s se descubri\u00f3 un&#8230;<\/p>\n","protected":false},"author":2,"featured_media":12322,"comment_status":"open","ping_status":"open","sticky":false,"template":"","format":"standard","meta":{"footnotes":""},"categories":[3],"tags":[],"class_list":["post-12320","post","type-post","status-publish","format-standard","has-post-thumbnail","hentry","category-berazategui"],"featured_image_src":"https:\/\/diarioprincipios.com\/wp-content\/uploads\/2021\/12\/MUSSI-PARTICIPO-DEL-ENCUENTRO-DE-FIN-DE-ANO-ORGANIZADO-POR-LAS-AGRUPACIONES-JUVENILES-1-1-1024x683.jpg","blog_images":{"medium":"https:\/\/diarioprincipios.com\/wp-content\/uploads\/2021\/12\/MUSSI-PARTICIPO-DEL-ENCUENTRO-DE-FIN-DE-ANO-ORGANIZADO-POR-LAS-AGRUPACIONES-JUVENILES-1-1-300x200.jpg","large":"https:\/\/diarioprincipios.com\/wp-content\/uploads\/2021\/12\/MUSSI-PARTICIPO-DEL-ENCUENTRO-DE-FIN-DE-ANO-ORGANIZADO-POR-LAS-AGRUPACIONES-JUVENILES-1-1-1024x683.jpg"},"ams_acf":[],"yoast_head":"<!-- This site is optimized with the Yoast SEO plugin v27.3 - https:\/\/yoast.com\/product\/yoast-seo-wordpress\/ -->\n<title>Mussi particip\u00f3 de Encuentro de Fin de A\u00f1o de Agrupaciones Juveniles - Principios<\/title>\n<meta name=\"robots\" content=\"index, follow, max-snippet:-1, max-image-preview:large, max-video-preview:-1\" \/>\n<link rel=\"canonical\" href=\"https:\/\/diarioprincipios.com\/index.php\/2021\/12\/28\/mussi-participo-de-encuentro-de-fin-de-ano-de-agrupaciones-juveniles\/\" \/>\n<meta property=\"og:locale\" content=\"es_ES\" \/>\n<meta property=\"og:type\" content=\"article\" \/>\n<meta property=\"og:title\" content=\"Mussi particip\u00f3 de Encuentro de Fin de A\u00f1o de Agrupaciones Juveniles - Principios\" \/>\n<meta property=\"og:description\" content=\"El intendente de Berazategui, Juan Jos\u00e9 Mussi, particip\u00f3 del encuentro organizado por las diferentes agrupaciones juveniles del distrito: J\u00f3venes X Bera, Movimiento Evita, Ateneo CFK Berazategui, la Juventud Peronista y J\u00f3venes de Pie. El acto se desarroll\u00f3 en el Consejo del Partido Justicialista Local (calle 151 e\/ 17 y 18), donde adem\u00e1s se descubri\u00f3 un...\" \/>\n<meta property=\"og:url\" content=\"https:\/\/diarioprincipios.com\/index.php\/2021\/12\/28\/mussi-participo-de-encuentro-de-fin-de-ano-de-agrupaciones-juveniles\/\" \/>\n<meta property=\"og:site_name\" content=\"Principios\" \/>\n<meta property=\"article:published_time\" content=\"2021-12-28T18:40:38+00:00\" \/>\n<meta property=\"article:modified_time\" content=\"2021-12-28T18:40:42+00:00\" \/>\n<meta property=\"og:image\" content=\"https:\/\/diarioprincipios.com\/wp-content\/uploads\/2021\/12\/MUSSI-PARTICIPO-DEL-ENCUENTRO-DE-FIN-DE-ANO-ORGANIZADO-POR-LAS-AGRUPACIONES-JUVENILES-1-1.jpg\" \/>\n\t<meta property=\"og:image:width\" content=\"1920\" \/>\n\t<meta property=\"og:image:height\" content=\"1280\" \/>\n\t<meta property=\"og:image:type\" content=\"image\/jpeg\" \/>\n<meta name=\"author\" content=\"Hern\u00e1n L\u00f3pez\" \/>\n<meta name=\"twitter:card\" content=\"summary_large_image\" \/>\n<meta name=\"twitter:label1\" content=\"Escrito por\" \/>\n\t<meta name=\"twitter:data1\" content=\"Hern\u00e1n L\u00f3pez\" \/>\n\t<meta name=\"twitter:label2\" content=\"Tiempo de lectura\" \/>\n\t<meta name=\"twitter:data2\" content=\"2 minutos\" \/>\n<script type=\"application\/ld+json\" class=\"yoast-schema-graph\">{\"@context\":\"https:\\\/\\\/schema.org\",\"@graph\":[{\"@type\":\"Article\",\"@id\":\"https:\\\/\\\/diarioprincipios.com\\\/index.php\\\/2021\\\/12\\\/28\\\/mussi-participo-de-encuentro-de-fin-de-ano-de-agrupaciones-juveniles\\\/#article\",\"isPartOf\":{\"@id\":\"https:\\\/\\\/diarioprincipios.com\\\/index.php\\\/2021\\\/12\\\/28\\\/mussi-participo-de-encuentro-de-fin-de-ano-de-agrupaciones-juveniles\\\/\"},\"author\":{\"name\":\"Hern\u00e1n L\u00f3pez\",\"@id\":\"https:\\\/\\\/diarioprincipios.com\\\/#\\\/schema\\\/person\\\/436d5a1fd41a5e250e23ff5a6a7cb080\"},\"headline\":\"Mussi particip\u00f3 de Encuentro de Fin de A\u00f1o de Agrupaciones Juveniles\",\"datePublished\":\"2021-12-28T18:40:38+00:00\",\"dateModified\":\"2021-12-28T18:40:42+00:00\",\"mainEntityOfPage\":{\"@id\":\"https:\\\/\\\/diarioprincipios.com\\\/index.php\\\/2021\\\/12\\\/28\\\/mussi-participo-de-encuentro-de-fin-de-ano-de-agrupaciones-juveniles\\\/\"},\"wordCount\":413,\"commentCount\":0,\"publisher\":{\"@id\":\"https:\\\/\\\/diarioprincipios.com\\\/#organization\"},\"image\":{\"@id\":\"https:\\\/\\\/diarioprincipios.com\\\/index.php\\\/2021\\\/12\\\/28\\\/mussi-participo-de-encuentro-de-fin-de-ano-de-agrupaciones-juveniles\\\/#primaryimage\"},\"thumbnailUrl\":\"https:\\\/\\\/diarioprincipios.com\\\/wp-content\\\/uploads\\\/2021\\\/12\\\/MUSSI-PARTICIPO-DEL-ENCUENTRO-DE-FIN-DE-ANO-ORGANIZADO-POR-LAS-AGRUPACIONES-JUVENILES-1-1.jpg\",\"articleSection\":[\"Berazategui\"],\"inLanguage\":\"es\",\"potentialAction\":[{\"@type\":\"CommentAction\",\"name\":\"Comment\",\"target\":[\"https:\\\/\\\/diarioprincipios.com\\\/index.php\\\/2021\\\/12\\\/28\\\/mussi-participo-de-encuentro-de-fin-de-ano-de-agrupaciones-juveniles\\\/#respond\"]}]},{\"@type\":\"WebPage\",\"@id\":\"https:\\\/\\\/diarioprincipios.com\\\/index.php\\\/2021\\\/12\\\/28\\\/mussi-participo-de-encuentro-de-fin-de-ano-de-agrupaciones-juveniles\\\/\",\"url\":\"https:\\\/\\\/diarioprincipios.com\\\/index.php\\\/2021\\\/12\\\/28\\\/mussi-participo-de-encuentro-de-fin-de-ano-de-agrupaciones-juveniles\\\/\",\"name\":\"Mussi particip\u00f3 de Encuentro de Fin de A\u00f1o de Agrupaciones Juveniles - Principios\",\"isPartOf\":{\"@id\":\"https:\\\/\\\/diarioprincipios.com\\\/#website\"},\"primaryImageOfPage\":{\"@id\":\"https:\\\/\\\/diarioprincipios.com\\\/index.php\\\/2021\\\/12\\\/28\\\/mussi-participo-de-encuentro-de-fin-de-ano-de-agrupaciones-juveniles\\\/#primaryimage\"},\"image\":{\"@id\":\"https:\\\/\\\/diarioprincipios.com\\\/index.php\\\/2021\\\/12\\\/28\\\/mussi-participo-de-encuentro-de-fin-de-ano-de-agrupaciones-juveniles\\\/#primaryimage\"},\"thumbnailUrl\":\"https:\\\/\\\/diarioprincipios.com\\\/wp-content\\\/uploads\\\/2021\\\/12\\\/MUSSI-PARTICIPO-DEL-ENCUENTRO-DE-FIN-DE-ANO-ORGANIZADO-POR-LAS-AGRUPACIONES-JUVENILES-1-1.jpg\",\"datePublished\":\"2021-12-28T18:40:38+00:00\",\"dateModified\":\"2021-12-28T18:40:42+00:00\",\"breadcrumb\":{\"@id\":\"https:\\\/\\\/diarioprincipios.com\\\/index.php\\\/2021\\\/12\\\/28\\\/mussi-participo-de-encuentro-de-fin-de-ano-de-agrupaciones-juveniles\\\/#breadcrumb\"},\"inLanguage\":\"es\",\"potentialAction\":[{\"@type\":\"ReadAction\",\"target\":[\"https:\\\/\\\/diarioprincipios.com\\\/index.php\\\/2021\\\/12\\\/28\\\/mussi-participo-de-encuentro-de-fin-de-ano-de-agrupaciones-juveniles\\\/\"]}]},{\"@type\":\"ImageObject\",\"inLanguage\":\"es\",\"@id\":\"https:\\\/\\\/diarioprincipios.com\\\/index.php\\\/2021\\\/12\\\/28\\\/mussi-participo-de-encuentro-de-fin-de-ano-de-agrupaciones-juveniles\\\/#primaryimage\",\"url\":\"https:\\\/\\\/diarioprincipios.com\\\/wp-content\\\/uploads\\\/2021\\\/12\\\/MUSSI-PARTICIPO-DEL-ENCUENTRO-DE-FIN-DE-ANO-ORGANIZADO-POR-LAS-AGRUPACIONES-JUVENILES-1-1.jpg\",\"contentUrl\":\"https:\\\/\\\/diarioprincipios.com\\\/wp-content\\\/uploads\\\/2021\\\/12\\\/MUSSI-PARTICIPO-DEL-ENCUENTRO-DE-FIN-DE-ANO-ORGANIZADO-POR-LAS-AGRUPACIONES-JUVENILES-1-1.jpg\",\"width\":1920,\"height\":1280},{\"@type\":\"BreadcrumbList\",\"@id\":\"https:\\\/\\\/diarioprincipios.com\\\/index.php\\\/2021\\\/12\\\/28\\\/mussi-participo-de-encuentro-de-fin-de-ano-de-agrupaciones-juveniles\\\/#breadcrumb\",\"itemListElement\":[{\"@type\":\"ListItem\",\"position\":1,\"name\":\"Portada\",\"item\":\"https:\\\/\\\/diarioprincipios.com\\\/\"},{\"@type\":\"ListItem\",\"position\":2,\"name\":\"Mussi particip\u00f3 de Encuentro de Fin de A\u00f1o de Agrupaciones Juveniles\"}]},{\"@type\":\"WebSite\",\"@id\":\"https:\\\/\\\/diarioprincipios.com\\\/#website\",\"url\":\"https:\\\/\\\/diarioprincipios.com\\\/\",\"name\":\"Principios\",\"description\":\"Principios Diario\",\"publisher\":{\"@id\":\"https:\\\/\\\/diarioprincipios.com\\\/#organization\"},\"potentialAction\":[{\"@type\":\"SearchAction\",\"target\":{\"@type\":\"EntryPoint\",\"urlTemplate\":\"https:\\\/\\\/diarioprincipios.com\\\/?s={search_term_string}\"},\"query-input\":{\"@type\":\"PropertyValueSpecification\",\"valueRequired\":true,\"valueName\":\"search_term_string\"}}],\"inLanguage\":\"es\"},{\"@type\":\"Organization\",\"@id\":\"https:\\\/\\\/diarioprincipios.com\\\/#organization\",\"name\":\"Principios\",\"url\":\"https:\\\/\\\/diarioprincipios.com\\\/\",\"logo\":{\"@type\":\"ImageObject\",\"inLanguage\":\"es\",\"@id\":\"https:\\\/\\\/diarioprincipios.com\\\/#\\\/schema\\\/logo\\\/image\\\/\",\"url\":\"https:\\\/\\\/diarioprincipios.com\\\/wp-content\\\/uploads\\\/2024\\\/04\\\/cropped-www.diarioprincipios.com_-1.png\",\"contentUrl\":\"https:\\\/\\\/diarioprincipios.com\\\/wp-content\\\/uploads\\\/2024\\\/04\\\/cropped-www.diarioprincipios.com_-1.png\",\"width\":5325,\"height\":1454,\"caption\":\"Principios\"},\"image\":{\"@id\":\"https:\\\/\\\/diarioprincipios.com\\\/#\\\/schema\\\/logo\\\/image\\\/\"}},{\"@type\":\"Person\",\"@id\":\"https:\\\/\\\/diarioprincipios.com\\\/#\\\/schema\\\/person\\\/436d5a1fd41a5e250e23ff5a6a7cb080\",\"name\":\"Hern\u00e1n L\u00f3pez\",\"image\":{\"@type\":\"ImageObject\",\"inLanguage\":\"es\",\"@id\":\"https:\\\/\\\/diarioprincipios.com\\\/wp-content\\\/litespeed\\\/avatar\\\/11ddfe5610ff3bd100522525b2571f48.jpg?ver=1777653193\",\"url\":\"https:\\\/\\\/diarioprincipios.com\\\/wp-content\\\/litespeed\\\/avatar\\\/11ddfe5610ff3bd100522525b2571f48.jpg?ver=1777653193\",\"contentUrl\":\"https:\\\/\\\/diarioprincipios.com\\\/wp-content\\\/litespeed\\\/avatar\\\/11ddfe5610ff3bd100522525b2571f48.jpg?ver=1777653193\",\"caption\":\"Hern\u00e1n L\u00f3pez\"},\"url\":\"https:\\\/\\\/diarioprincipios.com\\\/index.php\\\/author\\\/hernan\\\/\"}]}<\/script>\n<!-- \/ Yoast SEO plugin. -->","yoast_head_json":{"title":"Mussi particip\u00f3 de Encuentro de Fin de A\u00f1o de Agrupaciones Juveniles - Principios","robots":{"index":"index","follow":"follow","max-snippet":"max-snippet:-1","max-image-preview":"max-image-preview:large","max-video-preview":"max-video-preview:-1"},"canonical":"https:\/\/diarioprincipios.com\/index.php\/2021\/12\/28\/mussi-participo-de-encuentro-de-fin-de-ano-de-agrupaciones-juveniles\/","og_locale":"es_ES","og_type":"article","og_title":"Mussi particip\u00f3 de Encuentro de Fin de A\u00f1o de Agrupaciones Juveniles - Principios","og_description":"El intendente de Berazategui, Juan Jos\u00e9 Mussi, particip\u00f3 del encuentro organizado por las diferentes agrupaciones juveniles del distrito: J\u00f3venes X Bera, Movimiento Evita, Ateneo CFK Berazategui, la Juventud Peronista y J\u00f3venes de Pie. El acto se desarroll\u00f3 en el Consejo del Partido Justicialista Local (calle 151 e\/ 17 y 18), donde adem\u00e1s se descubri\u00f3 un...","og_url":"https:\/\/diarioprincipios.com\/index.php\/2021\/12\/28\/mussi-participo-de-encuentro-de-fin-de-ano-de-agrupaciones-juveniles\/","og_site_name":"Principios","article_published_time":"2021-12-28T18:40:38+00:00","article_modified_time":"2021-12-28T18:40:42+00:00","og_image":[{"width":1920,"height":1280,"url":"https:\/\/diarioprincipios.com\/wp-content\/uploads\/2021\/12\/MUSSI-PARTICIPO-DEL-ENCUENTRO-DE-FIN-DE-ANO-ORGANIZADO-POR-LAS-AGRUPACIONES-JUVENILES-1-1.jpg","type":"image\/jpeg"}],"author":"Hern\u00e1n L\u00f3pez","twitter_card":"summary_large_image","twitter_misc":{"Escrito por":"Hern\u00e1n L\u00f3pez","Tiempo de lectura":"2 minutos"},"schema":{"@context":"https:\/\/schema.org","@graph":[{"@type":"Article","@id":"https:\/\/diarioprincipios.com\/index.php\/2021\/12\/28\/mussi-participo-de-encuentro-de-fin-de-ano-de-agrupaciones-juveniles\/#article","isPartOf":{"@id":"https:\/\/diarioprincipios.com\/index.php\/2021\/12\/28\/mussi-participo-de-encuentro-de-fin-de-ano-de-agrupaciones-juveniles\/"},"author":{"name":"Hern\u00e1n L\u00f3pez","@id":"https:\/\/diarioprincipios.com\/#\/schema\/person\/436d5a1fd41a5e250e23ff5a6a7cb080"},"headline":"Mussi particip\u00f3 de Encuentro de Fin de A\u00f1o de Agrupaciones Juveniles","datePublished":"2021-12-28T18:40:38+00:00","dateModified":"2021-12-28T18:40:42+00:00","mainEntityOfPage":{"@id":"https:\/\/diarioprincipios.com\/index.php\/2021\/12\/28\/mussi-participo-de-encuentro-de-fin-de-ano-de-agrupaciones-juveniles\/"},"wordCount":413,"commentCount":0,"publisher":{"@id":"https:\/\/diarioprincipios.com\/#organization"},"image":{"@id":"https:\/\/diarioprincipios.com\/index.php\/2021\/12\/28\/mussi-participo-de-encuentro-de-fin-de-ano-de-agrupaciones-juveniles\/#primaryimage"},"thumbnailUrl":"https:\/\/diarioprincipios.com\/wp-content\/uploads\/2021\/12\/MUSSI-PARTICIPO-DEL-ENCUENTRO-DE-FIN-DE-ANO-ORGANIZADO-POR-LAS-AGRUPACIONES-JUVENILES-1-1.jpg","articleSection":["Berazategui"],"inLanguage":"es","potentialAction":[{"@type":"CommentAction","name":"Comment","target":["https:\/\/diarioprincipios.com\/index.php\/2021\/12\/28\/mussi-participo-de-encuentro-de-fin-de-ano-de-agrupaciones-juveniles\/#respond"]}]},{"@type":"WebPage","@id":"https:\/\/diarioprincipios.com\/index.php\/2021\/12\/28\/mussi-participo-de-encuentro-de-fin-de-ano-de-agrupaciones-juveniles\/","url":"https:\/\/diarioprincipios.com\/index.php\/2021\/12\/28\/mussi-participo-de-encuentro-de-fin-de-ano-de-agrupaciones-juveniles\/","name":"Mussi particip\u00f3 de Encuentro de Fin de A\u00f1o de Agrupaciones Juveniles - Principios","isPartOf":{"@id":"https:\/\/diarioprincipios.com\/#website"},"primaryImageOfPage":{"@id":"https:\/\/diarioprincipios.com\/index.php\/2021\/12\/28\/mussi-participo-de-encuentro-de-fin-de-ano-de-agrupaciones-juveniles\/#primaryimage"},"image":{"@id":"https:\/\/diarioprincipios.com\/index.php\/2021\/12\/28\/mussi-participo-de-encuentro-de-fin-de-ano-de-agrupaciones-juveniles\/#primaryimage"},"thumbnailUrl":"https:\/\/diarioprincipios.com\/wp-content\/uploads\/2021\/12\/MUSSI-PARTICIPO-DEL-ENCUENTRO-DE-FIN-DE-ANO-ORGANIZADO-POR-LAS-AGRUPACIONES-JUVENILES-1-1.jpg","datePublished":"2021-12-28T18:40:38+00:00","dateModified":"2021-12-28T18:40:42+00:00","breadcrumb":{"@id":"https:\/\/diarioprincipios.com\/index.php\/2021\/12\/28\/mussi-participo-de-encuentro-de-fin-de-ano-de-agrupaciones-juveniles\/#breadcrumb"},"inLanguage":"es","potentialAction":[{"@type":"ReadAction","target":["https:\/\/diarioprincipios.com\/index.php\/2021\/12\/28\/mussi-participo-de-encuentro-de-fin-de-ano-de-agrupaciones-juveniles\/"]}]},{"@type":"ImageObject","inLanguage":"es","@id":"https:\/\/diarioprincipios.com\/index.php\/2021\/12\/28\/mussi-participo-de-encuentro-de-fin-de-ano-de-agrupaciones-juveniles\/#primaryimage","url":"https:\/\/diarioprincipios.com\/wp-content\/uploads\/2021\/12\/MUSSI-PARTICIPO-DEL-ENCUENTRO-DE-FIN-DE-ANO-ORGANIZADO-POR-LAS-AGRUPACIONES-JUVENILES-1-1.jpg","contentUrl":"https:\/\/diarioprincipios.com\/wp-content\/uploads\/2021\/12\/MUSSI-PARTICIPO-DEL-ENCUENTRO-DE-FIN-DE-ANO-ORGANIZADO-POR-LAS-AGRUPACIONES-JUVENILES-1-1.jpg","width":1920,"height":1280},{"@type":"BreadcrumbList","@id":"https:\/\/diarioprincipios.com\/index.php\/2021\/12\/28\/mussi-participo-de-encuentro-de-fin-de-ano-de-agrupaciones-juveniles\/#breadcrumb","itemListElement":[{"@type":"ListItem","position":1,"name":"Portada","item":"https:\/\/diarioprincipios.com\/"},{"@type":"ListItem","position":2,"name":"Mussi particip\u00f3 de Encuentro de Fin de A\u00f1o de Agrupaciones Juveniles"}]},{"@type":"WebSite","@id":"https:\/\/diarioprincipios.com\/#website","url":"https:\/\/diarioprincipios.com\/","name":"Principios","description":"Principios Diario","publisher":{"@id":"https:\/\/diarioprincipios.com\/#organization"},"potentialAction":[{"@type":"SearchAction","target":{"@type":"EntryPoint","urlTemplate":"https:\/\/diarioprincipios.com\/?s={search_term_string}"},"query-input":{"@type":"PropertyValueSpecification","valueRequired":true,"valueName":"search_term_string"}}],"inLanguage":"es"},{"@type":"Organization","@id":"https:\/\/diarioprincipios.com\/#organization","name":"Principios","url":"https:\/\/diarioprincipios.com\/","logo":{"@type":"ImageObject","inLanguage":"es","@id":"https:\/\/diarioprincipios.com\/#\/schema\/logo\/image\/","url":"https:\/\/diarioprincipios.com\/wp-content\/uploads\/2024\/04\/cropped-www.diarioprincipios.com_-1.png","contentUrl":"https:\/\/diarioprincipios.com\/wp-content\/uploads\/2024\/04\/cropped-www.diarioprincipios.com_-1.png","width":5325,"height":1454,"caption":"Principios"},"image":{"@id":"https:\/\/diarioprincipios.com\/#\/schema\/logo\/image\/"}},{"@type":"Person","@id":"https:\/\/diarioprincipios.com\/#\/schema\/person\/436d5a1fd41a5e250e23ff5a6a7cb080","name":"Hern\u00e1n L\u00f3pez","image":{"@type":"ImageObject","inLanguage":"es","@id":"https:\/\/diarioprincipios.com\/wp-content\/litespeed\/avatar\/11ddfe5610ff3bd100522525b2571f48.jpg?ver=1777653193","url":"https:\/\/diarioprincipios.com\/wp-content\/litespeed\/avatar\/11ddfe5610ff3bd100522525b2571f48.jpg?ver=1777653193","contentUrl":"https:\/\/diarioprincipios.com\/wp-content\/litespeed\/avatar\/11ddfe5610ff3bd100522525b2571f48.jpg?ver=1777653193","caption":"Hern\u00e1n L\u00f3pez"},"url":"https:\/\/diarioprincipios.com\/index.php\/author\/hernan\/"}]}},"jetpack_featured_media_url":"https:\/\/diarioprincipios.com\/wp-content\/uploads\/2021\/12\/MUSSI-PARTICIPO-DEL-ENCUENTRO-DE-FIN-DE-ANO-ORGANIZADO-POR-LAS-AGRUPACIONES-JUVENILES-1-1.jpg","_links":{"self":[{"href":"https:\/\/diarioprincipios.com\/index.php\/wp-json\/wp\/v2\/posts\/12320","targetHints":{"allow":["GET"]}}],"collection":[{"href":"https:\/\/diarioprincipios.com\/index.php\/wp-json\/wp\/v2\/posts"}],"about":[{"href":"https:\/\/diarioprincipios.com\/index.php\/wp-json\/wp\/v2\/types\/post"}],"author":[{"embeddable":true,"href":"https:\/\/diarioprincipios.com\/index.php\/wp-json\/wp\/v2\/users\/2"}],"replies":[{"embeddable":true,"href":"https:\/\/diarioprincipios.com\/index.php\/wp-json\/wp\/v2\/comments?post=12320"}],"version-history":[{"count":1,"href":"https:\/\/diarioprincipios.com\/index.php\/wp-json\/wp\/v2\/posts\/12320\/revisions"}],"predecessor-version":[{"id":12323,"href":"https:\/\/diarioprincipios.com\/index.php\/wp-json\/wp\/v2\/posts\/12320\/revisions\/12323"}],"wp:featuredmedia":[{"embeddable":true,"href":"https:\/\/diarioprincipios.com\/index.php\/wp-json\/wp\/v2\/media\/12322"}],"wp:attachment":[{"href":"https:\/\/diarioprincipios.com\/index.php\/wp-json\/wp\/v2\/media?parent=12320"}],"wp:term":[{"taxonomy":"category","embeddable":true,"href":"https:\/\/diarioprincipios.com\/index.php\/wp-json\/wp\/v2\/categories?post=12320"},{"taxonomy":"post_tag","embeddable":true,"href":"https:\/\/diarioprincipios.com\/index.php\/wp-json\/wp\/v2\/tags?post=12320"}],"curies":[{"name":"wp","href":"https:\/\/api.w.org\/{rel}","templated":true}]}}