{"id":12307,"date":"2021-12-24T16:14:30","date_gmt":"2021-12-24T19:14:30","guid":{"rendered":"http:\/\/diarioprincipios.com\/?p=12307"},"modified":"2021-12-24T16:14:36","modified_gmt":"2021-12-24T19:14:36","slug":"ya-se-implementa-el-pase-sanitario-en-dependencias-municipales","status":"publish","type":"post","link":"https:\/\/diarioprincipios.com\/index.php\/2021\/12\/24\/ya-se-implementa-el-pase-sanitario-en-dependencias-municipales\/","title":{"rendered":"Ya se implementa el Pase Sanitario en Dependencias Municipales"},"content":{"rendered":"\n<p><strong>De acuerdo a la medida dispuesta por el Gobierno de la provincia de Buenos Aires, para ingresar a la Municipalidad de Berazategui y a sus Dependencias, as\u00ed como a las actividades y eventos organizados por las mismas, los vecinos y vecinas a partir de los 13 a\u00f1os y tambi\u00e9n los empleados del Municipio deber\u00e1n presentar la acreditaci\u00f3n del esquema de vacunaci\u00f3n COVID-19 completo.<\/strong><\/p>\n\n\n\n<p>De esta manera, en Berazategui es obligatorio exhibir este certificado para circular en Dependencias municipales y concurrir tanto a eventos masivos y actividades culturales, deportivas, religiosas y recreativas en espacios cerrados, como para realizar tr\u00e1mites ante Organismos p\u00fablicos y privados. Tambi\u00e9n, es requisito para trabajadores que realicen atenci\u00f3n al p\u00fablico en entidades p\u00fablicas y privadas.<\/p>\n\n\n\n<p>Se debe contar con el esquema de dos dosis de cualquiera de las vacunas o con la primera aplicaci\u00f3n en caso de que no se haya vencido el intervalo establecido por las autoridades sanitarias para aplicarse la segunda. Una vez cumplido ese plazo, se deber\u00e1 acreditar tambi\u00e9n la segunda dosis.<\/p>\n\n\n\n<p>Al pase libre se podr\u00e1 acceder mediante las App VacunatePBA y Mi Argentina, la Web&nbsp;<a rel=\"noreferrer noopener\" target=\"_blank\" href=\"http:\/\/mi.argentina.gob.ar\/\">mi.argentina.gob.ar<\/a>&nbsp;o con el carnet f\u00edsico en tarjeta o cart\u00f3n que se extiende en las Postas de vacunaci\u00f3n.<\/p>\n","protected":false},"excerpt":{"rendered":"<p>De acuerdo a la medida dispuesta por el Gobierno de la provincia de Buenos Aires, para ingresar a la Municipalidad de Berazategui y a sus Dependencias, as\u00ed como a las actividades y eventos organizados por las mismas, los vecinos y vecinas a partir de los 13 a\u00f1os y tambi\u00e9n los empleados del Municipio deber\u00e1n presentar&#8230;<\/p>\n","protected":false},"author":2,"featured_media":12308,"comment_status":"open","ping_status":"open","sticky":false,"template":"","format":"standard","meta":{"footnotes":""},"categories":[3],"tags":[],"class_list":["post-12307","post","type-post","status-publish","format-standard","has-post-thumbnail","hentry","category-berazategui"],"featured_image_src":"https:\/\/diarioprincipios.com\/wp-content\/uploads\/2021\/12\/BERAZATEGUI-YA-SE-IMPLEMENTA-EL-PASE-SANITARIO-EN-DEPENDENCIAS-MUNICIPALES-2-1-1024x683.jpg","blog_images":{"medium":"https:\/\/diarioprincipios.com\/wp-content\/uploads\/2021\/12\/BERAZATEGUI-YA-SE-IMPLEMENTA-EL-PASE-SANITARIO-EN-DEPENDENCIAS-MUNICIPALES-2-1-300x200.jpg","large":"https:\/\/diarioprincipios.com\/wp-content\/uploads\/2021\/12\/BERAZATEGUI-YA-SE-IMPLEMENTA-EL-PASE-SANITARIO-EN-DEPENDENCIAS-MUNICIPALES-2-1-1024x683.jpg"},"ams_acf":[],"yoast_head":"<!-- This site is optimized with the Yoast SEO plugin v27.3 - https:\/\/yoast.com\/product\/yoast-seo-wordpress\/ -->\n<title>Ya se implementa el Pase Sanitario en Dependencias Municipales - Principios<\/title>\n<meta name=\"robots\" content=\"index, follow, max-snippet:-1, max-image-preview:large, max-video-preview:-1\" \/>\n<link rel=\"canonical\" href=\"https:\/\/diarioprincipios.com\/index.php\/2021\/12\/24\/ya-se-implementa-el-pase-sanitario-en-dependencias-municipales\/\" \/>\n<meta property=\"og:locale\" content=\"es_ES\" \/>\n<meta property=\"og:type\" content=\"article\" \/>\n<meta property=\"og:title\" content=\"Ya se implementa el Pase Sanitario en Dependencias Municipales - Principios\" \/>\n<meta property=\"og:description\" content=\"De acuerdo a la medida dispuesta por el Gobierno de la provincia de Buenos Aires, para ingresar a la Municipalidad de Berazategui y a sus Dependencias, as\u00ed como a las actividades y eventos organizados por las mismas, los vecinos y vecinas a partir de los 13 a\u00f1os y tambi\u00e9n los empleados del Municipio deber\u00e1n presentar...\" \/>\n<meta property=\"og:url\" content=\"https:\/\/diarioprincipios.com\/index.php\/2021\/12\/24\/ya-se-implementa-el-pase-sanitario-en-dependencias-municipales\/\" \/>\n<meta property=\"og:site_name\" content=\"Principios\" \/>\n<meta property=\"article:published_time\" content=\"2021-12-24T19:14:30+00:00\" \/>\n<meta property=\"article:modified_time\" content=\"2021-12-24T19:14:36+00:00\" \/>\n<meta property=\"og:image\" content=\"https:\/\/diarioprincipios.com\/wp-content\/uploads\/2021\/12\/BERAZATEGUI-YA-SE-IMPLEMENTA-EL-PASE-SANITARIO-EN-DEPENDENCIAS-MUNICIPALES-2-1.jpg\" \/>\n\t<meta property=\"og:image:width\" content=\"1488\" \/>\n\t<meta property=\"og:image:height\" content=\"992\" \/>\n\t<meta property=\"og:image:type\" content=\"image\/jpeg\" \/>\n<meta name=\"author\" content=\"Hern\u00e1n L\u00f3pez\" \/>\n<meta name=\"twitter:card\" content=\"summary_large_image\" \/>\n<meta name=\"twitter:label1\" content=\"Escrito por\" \/>\n\t<meta name=\"twitter:data1\" content=\"Hern\u00e1n L\u00f3pez\" \/>\n\t<meta name=\"twitter:label2\" content=\"Tiempo de lectura\" \/>\n\t<meta name=\"twitter:data2\" content=\"1 minuto\" \/>\n<script type=\"application\/ld+json\" class=\"yoast-schema-graph\">{\"@context\":\"https:\\\/\\\/schema.org\",\"@graph\":[{\"@type\":\"Article\",\"@id\":\"https:\\\/\\\/diarioprincipios.com\\\/index.php\\\/2021\\\/12\\\/24\\\/ya-se-implementa-el-pase-sanitario-en-dependencias-municipales\\\/#article\",\"isPartOf\":{\"@id\":\"https:\\\/\\\/diarioprincipios.com\\\/index.php\\\/2021\\\/12\\\/24\\\/ya-se-implementa-el-pase-sanitario-en-dependencias-municipales\\\/\"},\"author\":{\"name\":\"Hern\u00e1n L\u00f3pez\",\"@id\":\"https:\\\/\\\/diarioprincipios.com\\\/#\\\/schema\\\/person\\\/436d5a1fd41a5e250e23ff5a6a7cb080\"},\"headline\":\"Ya se implementa el Pase Sanitario en Dependencias Municipales\",\"datePublished\":\"2021-12-24T19:14:30+00:00\",\"dateModified\":\"2021-12-24T19:14:36+00:00\",\"mainEntityOfPage\":{\"@id\":\"https:\\\/\\\/diarioprincipios.com\\\/index.php\\\/2021\\\/12\\\/24\\\/ya-se-implementa-el-pase-sanitario-en-dependencias-municipales\\\/\"},\"wordCount\":230,\"commentCount\":0,\"publisher\":{\"@id\":\"https:\\\/\\\/diarioprincipios.com\\\/#organization\"},\"image\":{\"@id\":\"https:\\\/\\\/diarioprincipios.com\\\/index.php\\\/2021\\\/12\\\/24\\\/ya-se-implementa-el-pase-sanitario-en-dependencias-municipales\\\/#primaryimage\"},\"thumbnailUrl\":\"https:\\\/\\\/diarioprincipios.com\\\/wp-content\\\/uploads\\\/2021\\\/12\\\/BERAZATEGUI-YA-SE-IMPLEMENTA-EL-PASE-SANITARIO-EN-DEPENDENCIAS-MUNICIPALES-2-1.jpg\",\"articleSection\":[\"Berazategui\"],\"inLanguage\":\"es\",\"potentialAction\":[{\"@type\":\"CommentAction\",\"name\":\"Comment\",\"target\":[\"https:\\\/\\\/diarioprincipios.com\\\/index.php\\\/2021\\\/12\\\/24\\\/ya-se-implementa-el-pase-sanitario-en-dependencias-municipales\\\/#respond\"]}]},{\"@type\":\"WebPage\",\"@id\":\"https:\\\/\\\/diarioprincipios.com\\\/index.php\\\/2021\\\/12\\\/24\\\/ya-se-implementa-el-pase-sanitario-en-dependencias-municipales\\\/\",\"url\":\"https:\\\/\\\/diarioprincipios.com\\\/index.php\\\/2021\\\/12\\\/24\\\/ya-se-implementa-el-pase-sanitario-en-dependencias-municipales\\\/\",\"name\":\"Ya se implementa el Pase Sanitario en Dependencias Municipales - Principios\",\"isPartOf\":{\"@id\":\"https:\\\/\\\/diarioprincipios.com\\\/#website\"},\"primaryImageOfPage\":{\"@id\":\"https:\\\/\\\/diarioprincipios.com\\\/index.php\\\/2021\\\/12\\\/24\\\/ya-se-implementa-el-pase-sanitario-en-dependencias-municipales\\\/#primaryimage\"},\"image\":{\"@id\":\"https:\\\/\\\/diarioprincipios.com\\\/index.php\\\/2021\\\/12\\\/24\\\/ya-se-implementa-el-pase-sanitario-en-dependencias-municipales\\\/#primaryimage\"},\"thumbnailUrl\":\"https:\\\/\\\/diarioprincipios.com\\\/wp-content\\\/uploads\\\/2021\\\/12\\\/BERAZATEGUI-YA-SE-IMPLEMENTA-EL-PASE-SANITARIO-EN-DEPENDENCIAS-MUNICIPALES-2-1.jpg\",\"datePublished\":\"2021-12-24T19:14:30+00:00\",\"dateModified\":\"2021-12-24T19:14:36+00:00\",\"breadcrumb\":{\"@id\":\"https:\\\/\\\/diarioprincipios.com\\\/index.php\\\/2021\\\/12\\\/24\\\/ya-se-implementa-el-pase-sanitario-en-dependencias-municipales\\\/#breadcrumb\"},\"inLanguage\":\"es\",\"potentialAction\":[{\"@type\":\"ReadAction\",\"target\":[\"https:\\\/\\\/diarioprincipios.com\\\/index.php\\\/2021\\\/12\\\/24\\\/ya-se-implementa-el-pase-sanitario-en-dependencias-municipales\\\/\"]}]},{\"@type\":\"ImageObject\",\"inLanguage\":\"es\",\"@id\":\"https:\\\/\\\/diarioprincipios.com\\\/index.php\\\/2021\\\/12\\\/24\\\/ya-se-implementa-el-pase-sanitario-en-dependencias-municipales\\\/#primaryimage\",\"url\":\"https:\\\/\\\/diarioprincipios.com\\\/wp-content\\\/uploads\\\/2021\\\/12\\\/BERAZATEGUI-YA-SE-IMPLEMENTA-EL-PASE-SANITARIO-EN-DEPENDENCIAS-MUNICIPALES-2-1.jpg\",\"contentUrl\":\"https:\\\/\\\/diarioprincipios.com\\\/wp-content\\\/uploads\\\/2021\\\/12\\\/BERAZATEGUI-YA-SE-IMPLEMENTA-EL-PASE-SANITARIO-EN-DEPENDENCIAS-MUNICIPALES-2-1.jpg\",\"width\":1488,\"height\":992},{\"@type\":\"BreadcrumbList\",\"@id\":\"https:\\\/\\\/diarioprincipios.com\\\/index.php\\\/2021\\\/12\\\/24\\\/ya-se-implementa-el-pase-sanitario-en-dependencias-municipales\\\/#breadcrumb\",\"itemListElement\":[{\"@type\":\"ListItem\",\"position\":1,\"name\":\"Portada\",\"item\":\"https:\\\/\\\/diarioprincipios.com\\\/\"},{\"@type\":\"ListItem\",\"position\":2,\"name\":\"Ya se implementa el Pase Sanitario en Dependencias Municipales\"}]},{\"@type\":\"WebSite\",\"@id\":\"https:\\\/\\\/diarioprincipios.com\\\/#website\",\"url\":\"https:\\\/\\\/diarioprincipios.com\\\/\",\"name\":\"Principios\",\"description\":\"Principios Diario\",\"publisher\":{\"@id\":\"https:\\\/\\\/diarioprincipios.com\\\/#organization\"},\"potentialAction\":[{\"@type\":\"SearchAction\",\"target\":{\"@type\":\"EntryPoint\",\"urlTemplate\":\"https:\\\/\\\/diarioprincipios.com\\\/?s={search_term_string}\"},\"query-input\":{\"@type\":\"PropertyValueSpecification\",\"valueRequired\":true,\"valueName\":\"search_term_string\"}}],\"inLanguage\":\"es\"},{\"@type\":\"Organization\",\"@id\":\"https:\\\/\\\/diarioprincipios.com\\\/#organization\",\"name\":\"Principios\",\"url\":\"https:\\\/\\\/diarioprincipios.com\\\/\",\"logo\":{\"@type\":\"ImageObject\",\"inLanguage\":\"es\",\"@id\":\"https:\\\/\\\/diarioprincipios.com\\\/#\\\/schema\\\/logo\\\/image\\\/\",\"url\":\"https:\\\/\\\/diarioprincipios.com\\\/wp-content\\\/uploads\\\/2024\\\/04\\\/cropped-www.diarioprincipios.com_-1.png\",\"contentUrl\":\"https:\\\/\\\/diarioprincipios.com\\\/wp-content\\\/uploads\\\/2024\\\/04\\\/cropped-www.diarioprincipios.com_-1.png\",\"width\":5325,\"height\":1454,\"caption\":\"Principios\"},\"image\":{\"@id\":\"https:\\\/\\\/diarioprincipios.com\\\/#\\\/schema\\\/logo\\\/image\\\/\"}},{\"@type\":\"Person\",\"@id\":\"https:\\\/\\\/diarioprincipios.com\\\/#\\\/schema\\\/person\\\/436d5a1fd41a5e250e23ff5a6a7cb080\",\"name\":\"Hern\u00e1n L\u00f3pez\",\"image\":{\"@type\":\"ImageObject\",\"inLanguage\":\"es\",\"@id\":\"https:\\\/\\\/diarioprincipios.com\\\/wp-content\\\/litespeed\\\/avatar\\\/11ddfe5610ff3bd100522525b2571f48.jpg?ver=1777653193\",\"url\":\"https:\\\/\\\/diarioprincipios.com\\\/wp-content\\\/litespeed\\\/avatar\\\/11ddfe5610ff3bd100522525b2571f48.jpg?ver=1777653193\",\"contentUrl\":\"https:\\\/\\\/diarioprincipios.com\\\/wp-content\\\/litespeed\\\/avatar\\\/11ddfe5610ff3bd100522525b2571f48.jpg?ver=1777653193\",\"caption\":\"Hern\u00e1n L\u00f3pez\"},\"url\":\"https:\\\/\\\/diarioprincipios.com\\\/index.php\\\/author\\\/hernan\\\/\"}]}<\/script>\n<!-- \/ Yoast SEO plugin. -->","yoast_head_json":{"title":"Ya se implementa el Pase Sanitario en Dependencias Municipales - Principios","robots":{"index":"index","follow":"follow","max-snippet":"max-snippet:-1","max-image-preview":"max-image-preview:large","max-video-preview":"max-video-preview:-1"},"canonical":"https:\/\/diarioprincipios.com\/index.php\/2021\/12\/24\/ya-se-implementa-el-pase-sanitario-en-dependencias-municipales\/","og_locale":"es_ES","og_type":"article","og_title":"Ya se implementa el Pase Sanitario en Dependencias Municipales - Principios","og_description":"De acuerdo a la medida dispuesta por el Gobierno de la provincia de Buenos Aires, para ingresar a la Municipalidad de Berazategui y a sus Dependencias, as\u00ed como a las actividades y eventos organizados por las mismas, los vecinos y vecinas a partir de los 13 a\u00f1os y tambi\u00e9n los empleados del Municipio deber\u00e1n presentar...","og_url":"https:\/\/diarioprincipios.com\/index.php\/2021\/12\/24\/ya-se-implementa-el-pase-sanitario-en-dependencias-municipales\/","og_site_name":"Principios","article_published_time":"2021-12-24T19:14:30+00:00","article_modified_time":"2021-12-24T19:14:36+00:00","og_image":[{"width":1488,"height":992,"url":"https:\/\/diarioprincipios.com\/wp-content\/uploads\/2021\/12\/BERAZATEGUI-YA-SE-IMPLEMENTA-EL-PASE-SANITARIO-EN-DEPENDENCIAS-MUNICIPALES-2-1.jpg","type":"image\/jpeg"}],"author":"Hern\u00e1n L\u00f3pez","twitter_card":"summary_large_image","twitter_misc":{"Escrito por":"Hern\u00e1n L\u00f3pez","Tiempo de lectura":"1 minuto"},"schema":{"@context":"https:\/\/schema.org","@graph":[{"@type":"Article","@id":"https:\/\/diarioprincipios.com\/index.php\/2021\/12\/24\/ya-se-implementa-el-pase-sanitario-en-dependencias-municipales\/#article","isPartOf":{"@id":"https:\/\/diarioprincipios.com\/index.php\/2021\/12\/24\/ya-se-implementa-el-pase-sanitario-en-dependencias-municipales\/"},"author":{"name":"Hern\u00e1n L\u00f3pez","@id":"https:\/\/diarioprincipios.com\/#\/schema\/person\/436d5a1fd41a5e250e23ff5a6a7cb080"},"headline":"Ya se implementa el Pase Sanitario en Dependencias Municipales","datePublished":"2021-12-24T19:14:30+00:00","dateModified":"2021-12-24T19:14:36+00:00","mainEntityOfPage":{"@id":"https:\/\/diarioprincipios.com\/index.php\/2021\/12\/24\/ya-se-implementa-el-pase-sanitario-en-dependencias-municipales\/"},"wordCount":230,"commentCount":0,"publisher":{"@id":"https:\/\/diarioprincipios.com\/#organization"},"image":{"@id":"https:\/\/diarioprincipios.com\/index.php\/2021\/12\/24\/ya-se-implementa-el-pase-sanitario-en-dependencias-municipales\/#primaryimage"},"thumbnailUrl":"https:\/\/diarioprincipios.com\/wp-content\/uploads\/2021\/12\/BERAZATEGUI-YA-SE-IMPLEMENTA-EL-PASE-SANITARIO-EN-DEPENDENCIAS-MUNICIPALES-2-1.jpg","articleSection":["Berazategui"],"inLanguage":"es","potentialAction":[{"@type":"CommentAction","name":"Comment","target":["https:\/\/diarioprincipios.com\/index.php\/2021\/12\/24\/ya-se-implementa-el-pase-sanitario-en-dependencias-municipales\/#respond"]}]},{"@type":"WebPage","@id":"https:\/\/diarioprincipios.com\/index.php\/2021\/12\/24\/ya-se-implementa-el-pase-sanitario-en-dependencias-municipales\/","url":"https:\/\/diarioprincipios.com\/index.php\/2021\/12\/24\/ya-se-implementa-el-pase-sanitario-en-dependencias-municipales\/","name":"Ya se implementa el Pase Sanitario en Dependencias Municipales - Principios","isPartOf":{"@id":"https:\/\/diarioprincipios.com\/#website"},"primaryImageOfPage":{"@id":"https:\/\/diarioprincipios.com\/index.php\/2021\/12\/24\/ya-se-implementa-el-pase-sanitario-en-dependencias-municipales\/#primaryimage"},"image":{"@id":"https:\/\/diarioprincipios.com\/index.php\/2021\/12\/24\/ya-se-implementa-el-pase-sanitario-en-dependencias-municipales\/#primaryimage"},"thumbnailUrl":"https:\/\/diarioprincipios.com\/wp-content\/uploads\/2021\/12\/BERAZATEGUI-YA-SE-IMPLEMENTA-EL-PASE-SANITARIO-EN-DEPENDENCIAS-MUNICIPALES-2-1.jpg","datePublished":"2021-12-24T19:14:30+00:00","dateModified":"2021-12-24T19:14:36+00:00","breadcrumb":{"@id":"https:\/\/diarioprincipios.com\/index.php\/2021\/12\/24\/ya-se-implementa-el-pase-sanitario-en-dependencias-municipales\/#breadcrumb"},"inLanguage":"es","potentialAction":[{"@type":"ReadAction","target":["https:\/\/diarioprincipios.com\/index.php\/2021\/12\/24\/ya-se-implementa-el-pase-sanitario-en-dependencias-municipales\/"]}]},{"@type":"ImageObject","inLanguage":"es","@id":"https:\/\/diarioprincipios.com\/index.php\/2021\/12\/24\/ya-se-implementa-el-pase-sanitario-en-dependencias-municipales\/#primaryimage","url":"https:\/\/diarioprincipios.com\/wp-content\/uploads\/2021\/12\/BERAZATEGUI-YA-SE-IMPLEMENTA-EL-PASE-SANITARIO-EN-DEPENDENCIAS-MUNICIPALES-2-1.jpg","contentUrl":"https:\/\/diarioprincipios.com\/wp-content\/uploads\/2021\/12\/BERAZATEGUI-YA-SE-IMPLEMENTA-EL-PASE-SANITARIO-EN-DEPENDENCIAS-MUNICIPALES-2-1.jpg","width":1488,"height":992},{"@type":"BreadcrumbList","@id":"https:\/\/diarioprincipios.com\/index.php\/2021\/12\/24\/ya-se-implementa-el-pase-sanitario-en-dependencias-municipales\/#breadcrumb","itemListElement":[{"@type":"ListItem","position":1,"name":"Portada","item":"https:\/\/diarioprincipios.com\/"},{"@type":"ListItem","position":2,"name":"Ya se implementa el Pase Sanitario en Dependencias Municipales"}]},{"@type":"WebSite","@id":"https:\/\/diarioprincipios.com\/#website","url":"https:\/\/diarioprincipios.com\/","name":"Principios","description":"Principios Diario","publisher":{"@id":"https:\/\/diarioprincipios.com\/#organization"},"potentialAction":[{"@type":"SearchAction","target":{"@type":"EntryPoint","urlTemplate":"https:\/\/diarioprincipios.com\/?s={search_term_string}"},"query-input":{"@type":"PropertyValueSpecification","valueRequired":true,"valueName":"search_term_string"}}],"inLanguage":"es"},{"@type":"Organization","@id":"https:\/\/diarioprincipios.com\/#organization","name":"Principios","url":"https:\/\/diarioprincipios.com\/","logo":{"@type":"ImageObject","inLanguage":"es","@id":"https:\/\/diarioprincipios.com\/#\/schema\/logo\/image\/","url":"https:\/\/diarioprincipios.com\/wp-content\/uploads\/2024\/04\/cropped-www.diarioprincipios.com_-1.png","contentUrl":"https:\/\/diarioprincipios.com\/wp-content\/uploads\/2024\/04\/cropped-www.diarioprincipios.com_-1.png","width":5325,"height":1454,"caption":"Principios"},"image":{"@id":"https:\/\/diarioprincipios.com\/#\/schema\/logo\/image\/"}},{"@type":"Person","@id":"https:\/\/diarioprincipios.com\/#\/schema\/person\/436d5a1fd41a5e250e23ff5a6a7cb080","name":"Hern\u00e1n L\u00f3pez","image":{"@type":"ImageObject","inLanguage":"es","@id":"https:\/\/diarioprincipios.com\/wp-content\/litespeed\/avatar\/11ddfe5610ff3bd100522525b2571f48.jpg?ver=1777653193","url":"https:\/\/diarioprincipios.com\/wp-content\/litespeed\/avatar\/11ddfe5610ff3bd100522525b2571f48.jpg?ver=1777653193","contentUrl":"https:\/\/diarioprincipios.com\/wp-content\/litespeed\/avatar\/11ddfe5610ff3bd100522525b2571f48.jpg?ver=1777653193","caption":"Hern\u00e1n L\u00f3pez"},"url":"https:\/\/diarioprincipios.com\/index.php\/author\/hernan\/"}]}},"jetpack_featured_media_url":"https:\/\/diarioprincipios.com\/wp-content\/uploads\/2021\/12\/BERAZATEGUI-YA-SE-IMPLEMENTA-EL-PASE-SANITARIO-EN-DEPENDENCIAS-MUNICIPALES-2-1.jpg","_links":{"self":[{"href":"https:\/\/diarioprincipios.com\/index.php\/wp-json\/wp\/v2\/posts\/12307","targetHints":{"allow":["GET"]}}],"collection":[{"href":"https:\/\/diarioprincipios.com\/index.php\/wp-json\/wp\/v2\/posts"}],"about":[{"href":"https:\/\/diarioprincipios.com\/index.php\/wp-json\/wp\/v2\/types\/post"}],"author":[{"embeddable":true,"href":"https:\/\/diarioprincipios.com\/index.php\/wp-json\/wp\/v2\/users\/2"}],"replies":[{"embeddable":true,"href":"https:\/\/diarioprincipios.com\/index.php\/wp-json\/wp\/v2\/comments?post=12307"}],"version-history":[{"count":1,"href":"https:\/\/diarioprincipios.com\/index.php\/wp-json\/wp\/v2\/posts\/12307\/revisions"}],"predecessor-version":[{"id":12309,"href":"https:\/\/diarioprincipios.com\/index.php\/wp-json\/wp\/v2\/posts\/12307\/revisions\/12309"}],"wp:featuredmedia":[{"embeddable":true,"href":"https:\/\/diarioprincipios.com\/index.php\/wp-json\/wp\/v2\/media\/12308"}],"wp:attachment":[{"href":"https:\/\/diarioprincipios.com\/index.php\/wp-json\/wp\/v2\/media?parent=12307"}],"wp:term":[{"taxonomy":"category","embeddable":true,"href":"https:\/\/diarioprincipios.com\/index.php\/wp-json\/wp\/v2\/categories?post=12307"},{"taxonomy":"post_tag","embeddable":true,"href":"https:\/\/diarioprincipios.com\/index.php\/wp-json\/wp\/v2\/tags?post=12307"}],"curies":[{"name":"wp","href":"https:\/\/api.w.org\/{rel}","templated":true}]}}