{"id":12303,"date":"2021-12-24T10:26:33","date_gmt":"2021-12-24T13:26:33","guid":{"rendered":"http:\/\/diarioprincipios.com\/?p=12303"},"modified":"2021-12-24T10:26:39","modified_gmt":"2021-12-24T13:26:39","slug":"ruben-luque-nuevo-director-de-relaciones-institucionales-de-la-union-de-personal-superior-de-afip","status":"publish","type":"post","link":"https:\/\/diarioprincipios.com\/index.php\/2021\/12\/24\/ruben-luque-nuevo-director-de-relaciones-institucionales-de-la-union-de-personal-superior-de-afip\/","title":{"rendered":"Rub\u00e9n Luque nuevo director de Relaciones Institucionales de la Uni\u00f3n de Personal Superior de AFIP"},"content":{"rendered":"\n<p>El jueves 23 de diciembre de 2021, el Secretario General Nacional de la Uni\u00f3n del Personal Superior de la AFIP (UPSAFIP), Dr. Julio Enrique Est\u00e9vez (H), junto al Secretario General de la Seccional Buenos Aires, el C.P. Carlos Dadon reunidos en su sede central, puso en funciones como Director de Relaciones Institucionales de la delegaci\u00f3n Quilmes, Berazategui y Florencio Varela, al compa\u00f1ero Rub\u00e9n Luque.<\/p>\n\n\n\n<figure class=\"wp-block-image size-large\"><img loading=\"lazy\" decoding=\"async\" width=\"1024\" height=\"682\" src=\"https:\/\/diarioprincipios.com\/wp-content\/uploads\/2021\/12\/IMG-20211224-WA0006-1024x682.jpg\" alt=\"\" class=\"wp-image-12304\" srcset=\"https:\/\/diarioprincipios.com\/wp-content\/uploads\/2021\/12\/IMG-20211224-WA0006-1024x682.jpg 1024w, https:\/\/diarioprincipios.com\/wp-content\/uploads\/2021\/12\/IMG-20211224-WA0006-300x200.jpg 300w, https:\/\/diarioprincipios.com\/wp-content\/uploads\/2021\/12\/IMG-20211224-WA0006-768x512.jpg 768w, https:\/\/diarioprincipios.com\/wp-content\/uploads\/2021\/12\/IMG-20211224-WA0006.jpg 1280w\" sizes=\"auto, (max-width: 1024px) 100vw, 1024px\" \/><\/figure>\n\n\n\n<p><br>Cabe destacar que la nueva Sede Quilmes de la Uni\u00f3n del Personal Superior de la AFIP se encuentra en la avenida Vicente L\u00f3pez N\u00b0 603, Quilmes.<\/p>\n","protected":false},"excerpt":{"rendered":"<p>El jueves 23 de diciembre de 2021, el Secretario General Nacional de la Uni\u00f3n del Personal Superior de la AFIP (UPSAFIP), Dr. Julio Enrique Est\u00e9vez (H), junto al Secretario General de la Seccional Buenos Aires, el C.P. Carlos Dadon reunidos en su sede central, puso en funciones como Director de Relaciones Institucionales de la delegaci\u00f3n&#8230;<\/p>\n","protected":false},"author":2,"featured_media":12305,"comment_status":"open","ping_status":"open","sticky":false,"template":"","format":"standard","meta":{"footnotes":""},"categories":[4],"tags":[],"class_list":["post-12303","post","type-post","status-publish","format-standard","has-post-thumbnail","hentry","category-quilmes"],"featured_image_src":"https:\/\/diarioprincipios.com\/wp-content\/uploads\/2021\/12\/IMG-20211224-WA0003-1024x682.jpg","blog_images":{"medium":"https:\/\/diarioprincipios.com\/wp-content\/uploads\/2021\/12\/IMG-20211224-WA0003-300x200.jpg","large":"https:\/\/diarioprincipios.com\/wp-content\/uploads\/2021\/12\/IMG-20211224-WA0003-1024x682.jpg"},"ams_acf":[],"yoast_head":"<!-- This site is optimized with the Yoast SEO plugin v27.3 - https:\/\/yoast.com\/product\/yoast-seo-wordpress\/ -->\n<title>Rub\u00e9n Luque nuevo director de Relaciones Institucionales de la Uni\u00f3n de Personal Superior de AFIP - Principios<\/title>\n<meta name=\"robots\" content=\"index, follow, max-snippet:-1, max-image-preview:large, max-video-preview:-1\" \/>\n<link rel=\"canonical\" href=\"https:\/\/diarioprincipios.com\/index.php\/2021\/12\/24\/ruben-luque-nuevo-director-de-relaciones-institucionales-de-la-union-de-personal-superior-de-afip\/\" \/>\n<meta property=\"og:locale\" content=\"es_ES\" \/>\n<meta property=\"og:type\" content=\"article\" \/>\n<meta property=\"og:title\" content=\"Rub\u00e9n Luque nuevo director de Relaciones Institucionales de la Uni\u00f3n de Personal Superior de AFIP - Principios\" \/>\n<meta property=\"og:description\" content=\"El jueves 23 de diciembre de 2021, el Secretario General Nacional de la Uni\u00f3n del Personal Superior de la AFIP (UPSAFIP), Dr. Julio Enrique Est\u00e9vez (H), junto al Secretario General de la Seccional Buenos Aires, el C.P. Carlos Dadon reunidos en su sede central, puso en funciones como Director de Relaciones Institucionales de la delegaci\u00f3n...\" \/>\n<meta property=\"og:url\" content=\"https:\/\/diarioprincipios.com\/index.php\/2021\/12\/24\/ruben-luque-nuevo-director-de-relaciones-institucionales-de-la-union-de-personal-superior-de-afip\/\" \/>\n<meta property=\"og:site_name\" content=\"Principios\" \/>\n<meta property=\"article:published_time\" content=\"2021-12-24T13:26:33+00:00\" \/>\n<meta property=\"article:modified_time\" content=\"2021-12-24T13:26:39+00:00\" \/>\n<meta property=\"og:image\" content=\"https:\/\/diarioprincipios.com\/wp-content\/uploads\/2021\/12\/IMG-20211224-WA0003.jpg\" \/>\n\t<meta property=\"og:image:width\" content=\"1280\" \/>\n\t<meta property=\"og:image:height\" content=\"853\" \/>\n\t<meta property=\"og:image:type\" content=\"image\/jpeg\" \/>\n<meta name=\"author\" content=\"Hern\u00e1n L\u00f3pez\" \/>\n<meta name=\"twitter:card\" content=\"summary_large_image\" \/>\n<meta name=\"twitter:label1\" content=\"Escrito por\" \/>\n\t<meta name=\"twitter:data1\" content=\"Hern\u00e1n L\u00f3pez\" \/>\n\t<meta name=\"twitter:label2\" content=\"Tiempo de lectura\" \/>\n\t<meta name=\"twitter:data2\" content=\"1 minuto\" \/>\n<script type=\"application\/ld+json\" class=\"yoast-schema-graph\">{\"@context\":\"https:\\\/\\\/schema.org\",\"@graph\":[{\"@type\":\"Article\",\"@id\":\"https:\\\/\\\/diarioprincipios.com\\\/index.php\\\/2021\\\/12\\\/24\\\/ruben-luque-nuevo-director-de-relaciones-institucionales-de-la-union-de-personal-superior-de-afip\\\/#article\",\"isPartOf\":{\"@id\":\"https:\\\/\\\/diarioprincipios.com\\\/index.php\\\/2021\\\/12\\\/24\\\/ruben-luque-nuevo-director-de-relaciones-institucionales-de-la-union-de-personal-superior-de-afip\\\/\"},\"author\":{\"name\":\"Hern\u00e1n L\u00f3pez\",\"@id\":\"https:\\\/\\\/diarioprincipios.com\\\/#\\\/schema\\\/person\\\/436d5a1fd41a5e250e23ff5a6a7cb080\"},\"headline\":\"Rub\u00e9n Luque nuevo director de Relaciones Institucionales de la Uni\u00f3n de Personal Superior de AFIP\",\"datePublished\":\"2021-12-24T13:26:33+00:00\",\"dateModified\":\"2021-12-24T13:26:39+00:00\",\"mainEntityOfPage\":{\"@id\":\"https:\\\/\\\/diarioprincipios.com\\\/index.php\\\/2021\\\/12\\\/24\\\/ruben-luque-nuevo-director-de-relaciones-institucionales-de-la-union-de-personal-superior-de-afip\\\/\"},\"wordCount\":112,\"commentCount\":0,\"publisher\":{\"@id\":\"https:\\\/\\\/diarioprincipios.com\\\/#organization\"},\"image\":{\"@id\":\"https:\\\/\\\/diarioprincipios.com\\\/index.php\\\/2021\\\/12\\\/24\\\/ruben-luque-nuevo-director-de-relaciones-institucionales-de-la-union-de-personal-superior-de-afip\\\/#primaryimage\"},\"thumbnailUrl\":\"https:\\\/\\\/diarioprincipios.com\\\/wp-content\\\/uploads\\\/2021\\\/12\\\/IMG-20211224-WA0003.jpg\",\"articleSection\":[\"Quilmes\"],\"inLanguage\":\"es\",\"potentialAction\":[{\"@type\":\"CommentAction\",\"name\":\"Comment\",\"target\":[\"https:\\\/\\\/diarioprincipios.com\\\/index.php\\\/2021\\\/12\\\/24\\\/ruben-luque-nuevo-director-de-relaciones-institucionales-de-la-union-de-personal-superior-de-afip\\\/#respond\"]}]},{\"@type\":\"WebPage\",\"@id\":\"https:\\\/\\\/diarioprincipios.com\\\/index.php\\\/2021\\\/12\\\/24\\\/ruben-luque-nuevo-director-de-relaciones-institucionales-de-la-union-de-personal-superior-de-afip\\\/\",\"url\":\"https:\\\/\\\/diarioprincipios.com\\\/index.php\\\/2021\\\/12\\\/24\\\/ruben-luque-nuevo-director-de-relaciones-institucionales-de-la-union-de-personal-superior-de-afip\\\/\",\"name\":\"Rub\u00e9n Luque nuevo director de Relaciones Institucionales de la Uni\u00f3n de Personal Superior de AFIP - Principios\",\"isPartOf\":{\"@id\":\"https:\\\/\\\/diarioprincipios.com\\\/#website\"},\"primaryImageOfPage\":{\"@id\":\"https:\\\/\\\/diarioprincipios.com\\\/index.php\\\/2021\\\/12\\\/24\\\/ruben-luque-nuevo-director-de-relaciones-institucionales-de-la-union-de-personal-superior-de-afip\\\/#primaryimage\"},\"image\":{\"@id\":\"https:\\\/\\\/diarioprincipios.com\\\/index.php\\\/2021\\\/12\\\/24\\\/ruben-luque-nuevo-director-de-relaciones-institucionales-de-la-union-de-personal-superior-de-afip\\\/#primaryimage\"},\"thumbnailUrl\":\"https:\\\/\\\/diarioprincipios.com\\\/wp-content\\\/uploads\\\/2021\\\/12\\\/IMG-20211224-WA0003.jpg\",\"datePublished\":\"2021-12-24T13:26:33+00:00\",\"dateModified\":\"2021-12-24T13:26:39+00:00\",\"breadcrumb\":{\"@id\":\"https:\\\/\\\/diarioprincipios.com\\\/index.php\\\/2021\\\/12\\\/24\\\/ruben-luque-nuevo-director-de-relaciones-institucionales-de-la-union-de-personal-superior-de-afip\\\/#breadcrumb\"},\"inLanguage\":\"es\",\"potentialAction\":[{\"@type\":\"ReadAction\",\"target\":[\"https:\\\/\\\/diarioprincipios.com\\\/index.php\\\/2021\\\/12\\\/24\\\/ruben-luque-nuevo-director-de-relaciones-institucionales-de-la-union-de-personal-superior-de-afip\\\/\"]}]},{\"@type\":\"ImageObject\",\"inLanguage\":\"es\",\"@id\":\"https:\\\/\\\/diarioprincipios.com\\\/index.php\\\/2021\\\/12\\\/24\\\/ruben-luque-nuevo-director-de-relaciones-institucionales-de-la-union-de-personal-superior-de-afip\\\/#primaryimage\",\"url\":\"https:\\\/\\\/diarioprincipios.com\\\/wp-content\\\/uploads\\\/2021\\\/12\\\/IMG-20211224-WA0003.jpg\",\"contentUrl\":\"https:\\\/\\\/diarioprincipios.com\\\/wp-content\\\/uploads\\\/2021\\\/12\\\/IMG-20211224-WA0003.jpg\",\"width\":1280,\"height\":853},{\"@type\":\"BreadcrumbList\",\"@id\":\"https:\\\/\\\/diarioprincipios.com\\\/index.php\\\/2021\\\/12\\\/24\\\/ruben-luque-nuevo-director-de-relaciones-institucionales-de-la-union-de-personal-superior-de-afip\\\/#breadcrumb\",\"itemListElement\":[{\"@type\":\"ListItem\",\"position\":1,\"name\":\"Portada\",\"item\":\"https:\\\/\\\/diarioprincipios.com\\\/\"},{\"@type\":\"ListItem\",\"position\":2,\"name\":\"Rub\u00e9n Luque nuevo director de Relaciones Institucionales de la Uni\u00f3n de Personal Superior de AFIP\"}]},{\"@type\":\"WebSite\",\"@id\":\"https:\\\/\\\/diarioprincipios.com\\\/#website\",\"url\":\"https:\\\/\\\/diarioprincipios.com\\\/\",\"name\":\"Principios\",\"description\":\"Principios Diario\",\"publisher\":{\"@id\":\"https:\\\/\\\/diarioprincipios.com\\\/#organization\"},\"potentialAction\":[{\"@type\":\"SearchAction\",\"target\":{\"@type\":\"EntryPoint\",\"urlTemplate\":\"https:\\\/\\\/diarioprincipios.com\\\/?s={search_term_string}\"},\"query-input\":{\"@type\":\"PropertyValueSpecification\",\"valueRequired\":true,\"valueName\":\"search_term_string\"}}],\"inLanguage\":\"es\"},{\"@type\":\"Organization\",\"@id\":\"https:\\\/\\\/diarioprincipios.com\\\/#organization\",\"name\":\"Principios\",\"url\":\"https:\\\/\\\/diarioprincipios.com\\\/\",\"logo\":{\"@type\":\"ImageObject\",\"inLanguage\":\"es\",\"@id\":\"https:\\\/\\\/diarioprincipios.com\\\/#\\\/schema\\\/logo\\\/image\\\/\",\"url\":\"https:\\\/\\\/diarioprincipios.com\\\/wp-content\\\/uploads\\\/2024\\\/04\\\/cropped-www.diarioprincipios.com_-1.png\",\"contentUrl\":\"https:\\\/\\\/diarioprincipios.com\\\/wp-content\\\/uploads\\\/2024\\\/04\\\/cropped-www.diarioprincipios.com_-1.png\",\"width\":5325,\"height\":1454,\"caption\":\"Principios\"},\"image\":{\"@id\":\"https:\\\/\\\/diarioprincipios.com\\\/#\\\/schema\\\/logo\\\/image\\\/\"}},{\"@type\":\"Person\",\"@id\":\"https:\\\/\\\/diarioprincipios.com\\\/#\\\/schema\\\/person\\\/436d5a1fd41a5e250e23ff5a6a7cb080\",\"name\":\"Hern\u00e1n L\u00f3pez\",\"image\":{\"@type\":\"ImageObject\",\"inLanguage\":\"es\",\"@id\":\"https:\\\/\\\/diarioprincipios.com\\\/wp-content\\\/litespeed\\\/avatar\\\/11ddfe5610ff3bd100522525b2571f48.jpg?ver=1777653193\",\"url\":\"https:\\\/\\\/diarioprincipios.com\\\/wp-content\\\/litespeed\\\/avatar\\\/11ddfe5610ff3bd100522525b2571f48.jpg?ver=1777653193\",\"contentUrl\":\"https:\\\/\\\/diarioprincipios.com\\\/wp-content\\\/litespeed\\\/avatar\\\/11ddfe5610ff3bd100522525b2571f48.jpg?ver=1777653193\",\"caption\":\"Hern\u00e1n L\u00f3pez\"},\"url\":\"https:\\\/\\\/diarioprincipios.com\\\/index.php\\\/author\\\/hernan\\\/\"}]}<\/script>\n<!-- \/ Yoast SEO plugin. -->","yoast_head_json":{"title":"Rub\u00e9n Luque nuevo director de Relaciones Institucionales de la Uni\u00f3n de Personal Superior de AFIP - Principios","robots":{"index":"index","follow":"follow","max-snippet":"max-snippet:-1","max-image-preview":"max-image-preview:large","max-video-preview":"max-video-preview:-1"},"canonical":"https:\/\/diarioprincipios.com\/index.php\/2021\/12\/24\/ruben-luque-nuevo-director-de-relaciones-institucionales-de-la-union-de-personal-superior-de-afip\/","og_locale":"es_ES","og_type":"article","og_title":"Rub\u00e9n Luque nuevo director de Relaciones Institucionales de la Uni\u00f3n de Personal Superior de AFIP - Principios","og_description":"El jueves 23 de diciembre de 2021, el Secretario General Nacional de la Uni\u00f3n del Personal Superior de la AFIP (UPSAFIP), Dr. Julio Enrique Est\u00e9vez (H), junto al Secretario General de la Seccional Buenos Aires, el C.P. Carlos Dadon reunidos en su sede central, puso en funciones como Director de Relaciones Institucionales de la delegaci\u00f3n...","og_url":"https:\/\/diarioprincipios.com\/index.php\/2021\/12\/24\/ruben-luque-nuevo-director-de-relaciones-institucionales-de-la-union-de-personal-superior-de-afip\/","og_site_name":"Principios","article_published_time":"2021-12-24T13:26:33+00:00","article_modified_time":"2021-12-24T13:26:39+00:00","og_image":[{"width":1280,"height":853,"url":"https:\/\/diarioprincipios.com\/wp-content\/uploads\/2021\/12\/IMG-20211224-WA0003.jpg","type":"image\/jpeg"}],"author":"Hern\u00e1n L\u00f3pez","twitter_card":"summary_large_image","twitter_misc":{"Escrito por":"Hern\u00e1n L\u00f3pez","Tiempo de lectura":"1 minuto"},"schema":{"@context":"https:\/\/schema.org","@graph":[{"@type":"Article","@id":"https:\/\/diarioprincipios.com\/index.php\/2021\/12\/24\/ruben-luque-nuevo-director-de-relaciones-institucionales-de-la-union-de-personal-superior-de-afip\/#article","isPartOf":{"@id":"https:\/\/diarioprincipios.com\/index.php\/2021\/12\/24\/ruben-luque-nuevo-director-de-relaciones-institucionales-de-la-union-de-personal-superior-de-afip\/"},"author":{"name":"Hern\u00e1n L\u00f3pez","@id":"https:\/\/diarioprincipios.com\/#\/schema\/person\/436d5a1fd41a5e250e23ff5a6a7cb080"},"headline":"Rub\u00e9n Luque nuevo director de Relaciones Institucionales de la Uni\u00f3n de Personal Superior de AFIP","datePublished":"2021-12-24T13:26:33+00:00","dateModified":"2021-12-24T13:26:39+00:00","mainEntityOfPage":{"@id":"https:\/\/diarioprincipios.com\/index.php\/2021\/12\/24\/ruben-luque-nuevo-director-de-relaciones-institucionales-de-la-union-de-personal-superior-de-afip\/"},"wordCount":112,"commentCount":0,"publisher":{"@id":"https:\/\/diarioprincipios.com\/#organization"},"image":{"@id":"https:\/\/diarioprincipios.com\/index.php\/2021\/12\/24\/ruben-luque-nuevo-director-de-relaciones-institucionales-de-la-union-de-personal-superior-de-afip\/#primaryimage"},"thumbnailUrl":"https:\/\/diarioprincipios.com\/wp-content\/uploads\/2021\/12\/IMG-20211224-WA0003.jpg","articleSection":["Quilmes"],"inLanguage":"es","potentialAction":[{"@type":"CommentAction","name":"Comment","target":["https:\/\/diarioprincipios.com\/index.php\/2021\/12\/24\/ruben-luque-nuevo-director-de-relaciones-institucionales-de-la-union-de-personal-superior-de-afip\/#respond"]}]},{"@type":"WebPage","@id":"https:\/\/diarioprincipios.com\/index.php\/2021\/12\/24\/ruben-luque-nuevo-director-de-relaciones-institucionales-de-la-union-de-personal-superior-de-afip\/","url":"https:\/\/diarioprincipios.com\/index.php\/2021\/12\/24\/ruben-luque-nuevo-director-de-relaciones-institucionales-de-la-union-de-personal-superior-de-afip\/","name":"Rub\u00e9n Luque nuevo director de Relaciones Institucionales de la Uni\u00f3n de Personal Superior de AFIP - Principios","isPartOf":{"@id":"https:\/\/diarioprincipios.com\/#website"},"primaryImageOfPage":{"@id":"https:\/\/diarioprincipios.com\/index.php\/2021\/12\/24\/ruben-luque-nuevo-director-de-relaciones-institucionales-de-la-union-de-personal-superior-de-afip\/#primaryimage"},"image":{"@id":"https:\/\/diarioprincipios.com\/index.php\/2021\/12\/24\/ruben-luque-nuevo-director-de-relaciones-institucionales-de-la-union-de-personal-superior-de-afip\/#primaryimage"},"thumbnailUrl":"https:\/\/diarioprincipios.com\/wp-content\/uploads\/2021\/12\/IMG-20211224-WA0003.jpg","datePublished":"2021-12-24T13:26:33+00:00","dateModified":"2021-12-24T13:26:39+00:00","breadcrumb":{"@id":"https:\/\/diarioprincipios.com\/index.php\/2021\/12\/24\/ruben-luque-nuevo-director-de-relaciones-institucionales-de-la-union-de-personal-superior-de-afip\/#breadcrumb"},"inLanguage":"es","potentialAction":[{"@type":"ReadAction","target":["https:\/\/diarioprincipios.com\/index.php\/2021\/12\/24\/ruben-luque-nuevo-director-de-relaciones-institucionales-de-la-union-de-personal-superior-de-afip\/"]}]},{"@type":"ImageObject","inLanguage":"es","@id":"https:\/\/diarioprincipios.com\/index.php\/2021\/12\/24\/ruben-luque-nuevo-director-de-relaciones-institucionales-de-la-union-de-personal-superior-de-afip\/#primaryimage","url":"https:\/\/diarioprincipios.com\/wp-content\/uploads\/2021\/12\/IMG-20211224-WA0003.jpg","contentUrl":"https:\/\/diarioprincipios.com\/wp-content\/uploads\/2021\/12\/IMG-20211224-WA0003.jpg","width":1280,"height":853},{"@type":"BreadcrumbList","@id":"https:\/\/diarioprincipios.com\/index.php\/2021\/12\/24\/ruben-luque-nuevo-director-de-relaciones-institucionales-de-la-union-de-personal-superior-de-afip\/#breadcrumb","itemListElement":[{"@type":"ListItem","position":1,"name":"Portada","item":"https:\/\/diarioprincipios.com\/"},{"@type":"ListItem","position":2,"name":"Rub\u00e9n Luque nuevo director de Relaciones Institucionales de la Uni\u00f3n de Personal Superior de AFIP"}]},{"@type":"WebSite","@id":"https:\/\/diarioprincipios.com\/#website","url":"https:\/\/diarioprincipios.com\/","name":"Principios","description":"Principios Diario","publisher":{"@id":"https:\/\/diarioprincipios.com\/#organization"},"potentialAction":[{"@type":"SearchAction","target":{"@type":"EntryPoint","urlTemplate":"https:\/\/diarioprincipios.com\/?s={search_term_string}"},"query-input":{"@type":"PropertyValueSpecification","valueRequired":true,"valueName":"search_term_string"}}],"inLanguage":"es"},{"@type":"Organization","@id":"https:\/\/diarioprincipios.com\/#organization","name":"Principios","url":"https:\/\/diarioprincipios.com\/","logo":{"@type":"ImageObject","inLanguage":"es","@id":"https:\/\/diarioprincipios.com\/#\/schema\/logo\/image\/","url":"https:\/\/diarioprincipios.com\/wp-content\/uploads\/2024\/04\/cropped-www.diarioprincipios.com_-1.png","contentUrl":"https:\/\/diarioprincipios.com\/wp-content\/uploads\/2024\/04\/cropped-www.diarioprincipios.com_-1.png","width":5325,"height":1454,"caption":"Principios"},"image":{"@id":"https:\/\/diarioprincipios.com\/#\/schema\/logo\/image\/"}},{"@type":"Person","@id":"https:\/\/diarioprincipios.com\/#\/schema\/person\/436d5a1fd41a5e250e23ff5a6a7cb080","name":"Hern\u00e1n L\u00f3pez","image":{"@type":"ImageObject","inLanguage":"es","@id":"https:\/\/diarioprincipios.com\/wp-content\/litespeed\/avatar\/11ddfe5610ff3bd100522525b2571f48.jpg?ver=1777653193","url":"https:\/\/diarioprincipios.com\/wp-content\/litespeed\/avatar\/11ddfe5610ff3bd100522525b2571f48.jpg?ver=1777653193","contentUrl":"https:\/\/diarioprincipios.com\/wp-content\/litespeed\/avatar\/11ddfe5610ff3bd100522525b2571f48.jpg?ver=1777653193","caption":"Hern\u00e1n L\u00f3pez"},"url":"https:\/\/diarioprincipios.com\/index.php\/author\/hernan\/"}]}},"jetpack_featured_media_url":"https:\/\/diarioprincipios.com\/wp-content\/uploads\/2021\/12\/IMG-20211224-WA0003.jpg","_links":{"self":[{"href":"https:\/\/diarioprincipios.com\/index.php\/wp-json\/wp\/v2\/posts\/12303","targetHints":{"allow":["GET"]}}],"collection":[{"href":"https:\/\/diarioprincipios.com\/index.php\/wp-json\/wp\/v2\/posts"}],"about":[{"href":"https:\/\/diarioprincipios.com\/index.php\/wp-json\/wp\/v2\/types\/post"}],"author":[{"embeddable":true,"href":"https:\/\/diarioprincipios.com\/index.php\/wp-json\/wp\/v2\/users\/2"}],"replies":[{"embeddable":true,"href":"https:\/\/diarioprincipios.com\/index.php\/wp-json\/wp\/v2\/comments?post=12303"}],"version-history":[{"count":1,"href":"https:\/\/diarioprincipios.com\/index.php\/wp-json\/wp\/v2\/posts\/12303\/revisions"}],"predecessor-version":[{"id":12306,"href":"https:\/\/diarioprincipios.com\/index.php\/wp-json\/wp\/v2\/posts\/12303\/revisions\/12306"}],"wp:featuredmedia":[{"embeddable":true,"href":"https:\/\/diarioprincipios.com\/index.php\/wp-json\/wp\/v2\/media\/12305"}],"wp:attachment":[{"href":"https:\/\/diarioprincipios.com\/index.php\/wp-json\/wp\/v2\/media?parent=12303"}],"wp:term":[{"taxonomy":"category","embeddable":true,"href":"https:\/\/diarioprincipios.com\/index.php\/wp-json\/wp\/v2\/categories?post=12303"},{"taxonomy":"post_tag","embeddable":true,"href":"https:\/\/diarioprincipios.com\/index.php\/wp-json\/wp\/v2\/tags?post=12303"}],"curies":[{"name":"wp","href":"https:\/\/api.w.org\/{rel}","templated":true}]}}