{"id":12258,"date":"2021-12-20T17:26:48","date_gmt":"2021-12-20T20:26:48","guid":{"rendered":"http:\/\/diarioprincipios.com\/?p=12258"},"modified":"2021-12-20T17:26:50","modified_gmt":"2021-12-20T20:26:50","slug":"orgullo-y-felicidad-por-los-primeros-medicos-de-la-unaj","status":"publish","type":"post","link":"https:\/\/diarioprincipios.com\/index.php\/2021\/12\/20\/orgullo-y-felicidad-por-los-primeros-medicos-de-la-unaj\/","title":{"rendered":"Orgullo y felicidad por los primeros m\u00e9dicos de la UNAJ"},"content":{"rendered":"\n<p><br>Se recibieron los primeros 45 estudiantes de Medicina de la UNAJ, una carrera con un perfil orientado a la territorialidad y centrada en la salud comunitaria. La primera cohorte de m\u00e9dicos y m\u00e9dicas son primera generaci\u00f3n de universitarios en su grupo familiar, y entre ellas, 12 son madres que debieron cursar sus estudios en ocasiones junto a sus hijos.<\/p>\n\n\n\n<p>El rector Arnaldo Medina expres\u00f3: \u201cEstamos felices y orgullosos porque se trata de la primera cohorte de m\u00e9dicos y m\u00e9dicas recibidos en la Universidad Nacional Arturo Jauretche, luego de 7 a\u00f1os de esfuerzos y sacrificios\u201d y puntualiz\u00f3 que se trata de \u201cun objetivo muy ansiado que llega, casualmente, en mi primer d\u00eda como Rector, aunque tuve la oportunidad de seguir la evoluci\u00f3n de ellos como estudiantes desde mi rol anterior, como docente y como director del Instituto de Ciencias de la Salud\u201d.<\/p>\n\n\n\n<p>Provenientes de la regi\u00f3n Sudeste, el 60% son residentes en Florencio Varela, el 20% en Berazategui, el 15% en Quilmes y el 5% restante de otros distritos del conurbano bonaerense. Con una fuerte formaci\u00f3n en los Centros de Atenci\u00f3n Primaria de la Salud, la mayor\u00eda manifiesta sus deseos de trabajar en la zona, donde competir\u00e1n por un lugar en la residencia.<\/p>\n\n\n\n<p>La carrera de Medicina est\u00e1 orientada hacia la territorialidad y a cubrir la demanda de m\u00e9dicos y m\u00e9dicas en el primer nivel de atenci\u00f3n en Salud y est\u00e1n capacitados para intervenir en las tareas de promoci\u00f3n de la salud, prevenci\u00f3n y atenci\u00f3n de enfermedades prevalentes en las personas, y sobre todo en las familias y comunidades.<\/p>\n","protected":false},"excerpt":{"rendered":"<p>Se recibieron los primeros 45 estudiantes de Medicina de la UNAJ, una carrera con un perfil orientado a la territorialidad y centrada en la salud comunitaria. La primera cohorte de m\u00e9dicos y m\u00e9dicas son primera generaci\u00f3n de universitarios en su grupo familiar, y entre ellas, 12 son madres que debieron cursar sus estudios en ocasiones&#8230;<\/p>\n","protected":false},"author":2,"featured_media":12259,"comment_status":"open","ping_status":"open","sticky":false,"template":"","format":"standard","meta":{"footnotes":""},"categories":[13],"tags":[],"class_list":["post-12258","post","type-post","status-publish","format-standard","has-post-thumbnail","hentry","category-varela"],"featured_image_src":"https:\/\/diarioprincipios.com\/wp-content\/uploads\/2021\/12\/Graduados-MEDICINA-01.jpg","blog_images":{"medium":"https:\/\/diarioprincipios.com\/wp-content\/uploads\/2021\/12\/Graduados-MEDICINA-01-300x169.jpg","large":"https:\/\/diarioprincipios.com\/wp-content\/uploads\/2021\/12\/Graduados-MEDICINA-01.jpg"},"ams_acf":[],"yoast_head":"<!-- This site is optimized with the Yoast SEO plugin v27.3 - https:\/\/yoast.com\/product\/yoast-seo-wordpress\/ -->\n<title>Orgullo y felicidad por los primeros m\u00e9dicos de la UNAJ - Principios<\/title>\n<meta name=\"robots\" content=\"index, follow, max-snippet:-1, max-image-preview:large, max-video-preview:-1\" \/>\n<link rel=\"canonical\" href=\"https:\/\/diarioprincipios.com\/index.php\/2021\/12\/20\/orgullo-y-felicidad-por-los-primeros-medicos-de-la-unaj\/\" \/>\n<meta property=\"og:locale\" content=\"es_ES\" \/>\n<meta property=\"og:type\" content=\"article\" \/>\n<meta property=\"og:title\" content=\"Orgullo y felicidad por los primeros m\u00e9dicos de la UNAJ - Principios\" \/>\n<meta property=\"og:description\" content=\"Se recibieron los primeros 45 estudiantes de Medicina de la UNAJ, una carrera con un perfil orientado a la territorialidad y centrada en la salud comunitaria. La primera cohorte de m\u00e9dicos y m\u00e9dicas son primera generaci\u00f3n de universitarios en su grupo familiar, y entre ellas, 12 son madres que debieron cursar sus estudios en ocasiones...\" \/>\n<meta property=\"og:url\" content=\"https:\/\/diarioprincipios.com\/index.php\/2021\/12\/20\/orgullo-y-felicidad-por-los-primeros-medicos-de-la-unaj\/\" \/>\n<meta property=\"og:site_name\" content=\"Principios\" \/>\n<meta property=\"article:published_time\" content=\"2021-12-20T20:26:48+00:00\" \/>\n<meta property=\"article:modified_time\" content=\"2021-12-20T20:26:50+00:00\" \/>\n<meta property=\"og:image\" content=\"https:\/\/diarioprincipios.com\/wp-content\/uploads\/2021\/12\/Graduados-MEDICINA-01.jpg\" \/>\n\t<meta property=\"og:image:width\" content=\"680\" \/>\n\t<meta property=\"og:image:height\" content=\"383\" \/>\n\t<meta property=\"og:image:type\" content=\"image\/jpeg\" \/>\n<meta name=\"author\" content=\"Hern\u00e1n L\u00f3pez\" \/>\n<meta name=\"twitter:card\" content=\"summary_large_image\" \/>\n<meta name=\"twitter:label1\" content=\"Escrito por\" \/>\n\t<meta name=\"twitter:data1\" content=\"Hern\u00e1n L\u00f3pez\" \/>\n\t<meta name=\"twitter:label2\" content=\"Tiempo de lectura\" \/>\n\t<meta name=\"twitter:data2\" content=\"2 minutos\" \/>\n<script type=\"application\/ld+json\" class=\"yoast-schema-graph\">{\"@context\":\"https:\\\/\\\/schema.org\",\"@graph\":[{\"@type\":\"Article\",\"@id\":\"https:\\\/\\\/diarioprincipios.com\\\/index.php\\\/2021\\\/12\\\/20\\\/orgullo-y-felicidad-por-los-primeros-medicos-de-la-unaj\\\/#article\",\"isPartOf\":{\"@id\":\"https:\\\/\\\/diarioprincipios.com\\\/index.php\\\/2021\\\/12\\\/20\\\/orgullo-y-felicidad-por-los-primeros-medicos-de-la-unaj\\\/\"},\"author\":{\"name\":\"Hern\u00e1n L\u00f3pez\",\"@id\":\"https:\\\/\\\/diarioprincipios.com\\\/#\\\/schema\\\/person\\\/436d5a1fd41a5e250e23ff5a6a7cb080\"},\"headline\":\"Orgullo y felicidad por los primeros m\u00e9dicos de la UNAJ\",\"datePublished\":\"2021-12-20T20:26:48+00:00\",\"dateModified\":\"2021-12-20T20:26:50+00:00\",\"mainEntityOfPage\":{\"@id\":\"https:\\\/\\\/diarioprincipios.com\\\/index.php\\\/2021\\\/12\\\/20\\\/orgullo-y-felicidad-por-los-primeros-medicos-de-la-unaj\\\/\"},\"wordCount\":282,\"commentCount\":0,\"publisher\":{\"@id\":\"https:\\\/\\\/diarioprincipios.com\\\/#organization\"},\"image\":{\"@id\":\"https:\\\/\\\/diarioprincipios.com\\\/index.php\\\/2021\\\/12\\\/20\\\/orgullo-y-felicidad-por-los-primeros-medicos-de-la-unaj\\\/#primaryimage\"},\"thumbnailUrl\":\"https:\\\/\\\/diarioprincipios.com\\\/wp-content\\\/uploads\\\/2021\\\/12\\\/Graduados-MEDICINA-01.jpg\",\"articleSection\":[\"F. Varela\"],\"inLanguage\":\"es\",\"potentialAction\":[{\"@type\":\"CommentAction\",\"name\":\"Comment\",\"target\":[\"https:\\\/\\\/diarioprincipios.com\\\/index.php\\\/2021\\\/12\\\/20\\\/orgullo-y-felicidad-por-los-primeros-medicos-de-la-unaj\\\/#respond\"]}]},{\"@type\":\"WebPage\",\"@id\":\"https:\\\/\\\/diarioprincipios.com\\\/index.php\\\/2021\\\/12\\\/20\\\/orgullo-y-felicidad-por-los-primeros-medicos-de-la-unaj\\\/\",\"url\":\"https:\\\/\\\/diarioprincipios.com\\\/index.php\\\/2021\\\/12\\\/20\\\/orgullo-y-felicidad-por-los-primeros-medicos-de-la-unaj\\\/\",\"name\":\"Orgullo y felicidad por los primeros m\u00e9dicos de la UNAJ - Principios\",\"isPartOf\":{\"@id\":\"https:\\\/\\\/diarioprincipios.com\\\/#website\"},\"primaryImageOfPage\":{\"@id\":\"https:\\\/\\\/diarioprincipios.com\\\/index.php\\\/2021\\\/12\\\/20\\\/orgullo-y-felicidad-por-los-primeros-medicos-de-la-unaj\\\/#primaryimage\"},\"image\":{\"@id\":\"https:\\\/\\\/diarioprincipios.com\\\/index.php\\\/2021\\\/12\\\/20\\\/orgullo-y-felicidad-por-los-primeros-medicos-de-la-unaj\\\/#primaryimage\"},\"thumbnailUrl\":\"https:\\\/\\\/diarioprincipios.com\\\/wp-content\\\/uploads\\\/2021\\\/12\\\/Graduados-MEDICINA-01.jpg\",\"datePublished\":\"2021-12-20T20:26:48+00:00\",\"dateModified\":\"2021-12-20T20:26:50+00:00\",\"breadcrumb\":{\"@id\":\"https:\\\/\\\/diarioprincipios.com\\\/index.php\\\/2021\\\/12\\\/20\\\/orgullo-y-felicidad-por-los-primeros-medicos-de-la-unaj\\\/#breadcrumb\"},\"inLanguage\":\"es\",\"potentialAction\":[{\"@type\":\"ReadAction\",\"target\":[\"https:\\\/\\\/diarioprincipios.com\\\/index.php\\\/2021\\\/12\\\/20\\\/orgullo-y-felicidad-por-los-primeros-medicos-de-la-unaj\\\/\"]}]},{\"@type\":\"ImageObject\",\"inLanguage\":\"es\",\"@id\":\"https:\\\/\\\/diarioprincipios.com\\\/index.php\\\/2021\\\/12\\\/20\\\/orgullo-y-felicidad-por-los-primeros-medicos-de-la-unaj\\\/#primaryimage\",\"url\":\"https:\\\/\\\/diarioprincipios.com\\\/wp-content\\\/uploads\\\/2021\\\/12\\\/Graduados-MEDICINA-01.jpg\",\"contentUrl\":\"https:\\\/\\\/diarioprincipios.com\\\/wp-content\\\/uploads\\\/2021\\\/12\\\/Graduados-MEDICINA-01.jpg\",\"width\":680,\"height\":383},{\"@type\":\"BreadcrumbList\",\"@id\":\"https:\\\/\\\/diarioprincipios.com\\\/index.php\\\/2021\\\/12\\\/20\\\/orgullo-y-felicidad-por-los-primeros-medicos-de-la-unaj\\\/#breadcrumb\",\"itemListElement\":[{\"@type\":\"ListItem\",\"position\":1,\"name\":\"Portada\",\"item\":\"https:\\\/\\\/diarioprincipios.com\\\/\"},{\"@type\":\"ListItem\",\"position\":2,\"name\":\"Orgullo y felicidad por los primeros m\u00e9dicos de la UNAJ\"}]},{\"@type\":\"WebSite\",\"@id\":\"https:\\\/\\\/diarioprincipios.com\\\/#website\",\"url\":\"https:\\\/\\\/diarioprincipios.com\\\/\",\"name\":\"Principios\",\"description\":\"Principios Diario\",\"publisher\":{\"@id\":\"https:\\\/\\\/diarioprincipios.com\\\/#organization\"},\"potentialAction\":[{\"@type\":\"SearchAction\",\"target\":{\"@type\":\"EntryPoint\",\"urlTemplate\":\"https:\\\/\\\/diarioprincipios.com\\\/?s={search_term_string}\"},\"query-input\":{\"@type\":\"PropertyValueSpecification\",\"valueRequired\":true,\"valueName\":\"search_term_string\"}}],\"inLanguage\":\"es\"},{\"@type\":\"Organization\",\"@id\":\"https:\\\/\\\/diarioprincipios.com\\\/#organization\",\"name\":\"Principios\",\"url\":\"https:\\\/\\\/diarioprincipios.com\\\/\",\"logo\":{\"@type\":\"ImageObject\",\"inLanguage\":\"es\",\"@id\":\"https:\\\/\\\/diarioprincipios.com\\\/#\\\/schema\\\/logo\\\/image\\\/\",\"url\":\"https:\\\/\\\/diarioprincipios.com\\\/wp-content\\\/uploads\\\/2024\\\/04\\\/cropped-www.diarioprincipios.com_-1.png\",\"contentUrl\":\"https:\\\/\\\/diarioprincipios.com\\\/wp-content\\\/uploads\\\/2024\\\/04\\\/cropped-www.diarioprincipios.com_-1.png\",\"width\":5325,\"height\":1454,\"caption\":\"Principios\"},\"image\":{\"@id\":\"https:\\\/\\\/diarioprincipios.com\\\/#\\\/schema\\\/logo\\\/image\\\/\"}},{\"@type\":\"Person\",\"@id\":\"https:\\\/\\\/diarioprincipios.com\\\/#\\\/schema\\\/person\\\/436d5a1fd41a5e250e23ff5a6a7cb080\",\"name\":\"Hern\u00e1n L\u00f3pez\",\"image\":{\"@type\":\"ImageObject\",\"inLanguage\":\"es\",\"@id\":\"https:\\\/\\\/diarioprincipios.com\\\/wp-content\\\/litespeed\\\/avatar\\\/11ddfe5610ff3bd100522525b2571f48.jpg?ver=1777653193\",\"url\":\"https:\\\/\\\/diarioprincipios.com\\\/wp-content\\\/litespeed\\\/avatar\\\/11ddfe5610ff3bd100522525b2571f48.jpg?ver=1777653193\",\"contentUrl\":\"https:\\\/\\\/diarioprincipios.com\\\/wp-content\\\/litespeed\\\/avatar\\\/11ddfe5610ff3bd100522525b2571f48.jpg?ver=1777653193\",\"caption\":\"Hern\u00e1n L\u00f3pez\"},\"url\":\"https:\\\/\\\/diarioprincipios.com\\\/index.php\\\/author\\\/hernan\\\/\"}]}<\/script>\n<!-- \/ Yoast SEO plugin. -->","yoast_head_json":{"title":"Orgullo y felicidad por los primeros m\u00e9dicos de la UNAJ - Principios","robots":{"index":"index","follow":"follow","max-snippet":"max-snippet:-1","max-image-preview":"max-image-preview:large","max-video-preview":"max-video-preview:-1"},"canonical":"https:\/\/diarioprincipios.com\/index.php\/2021\/12\/20\/orgullo-y-felicidad-por-los-primeros-medicos-de-la-unaj\/","og_locale":"es_ES","og_type":"article","og_title":"Orgullo y felicidad por los primeros m\u00e9dicos de la UNAJ - Principios","og_description":"Se recibieron los primeros 45 estudiantes de Medicina de la UNAJ, una carrera con un perfil orientado a la territorialidad y centrada en la salud comunitaria. La primera cohorte de m\u00e9dicos y m\u00e9dicas son primera generaci\u00f3n de universitarios en su grupo familiar, y entre ellas, 12 son madres que debieron cursar sus estudios en ocasiones...","og_url":"https:\/\/diarioprincipios.com\/index.php\/2021\/12\/20\/orgullo-y-felicidad-por-los-primeros-medicos-de-la-unaj\/","og_site_name":"Principios","article_published_time":"2021-12-20T20:26:48+00:00","article_modified_time":"2021-12-20T20:26:50+00:00","og_image":[{"width":680,"height":383,"url":"https:\/\/diarioprincipios.com\/wp-content\/uploads\/2021\/12\/Graduados-MEDICINA-01.jpg","type":"image\/jpeg"}],"author":"Hern\u00e1n L\u00f3pez","twitter_card":"summary_large_image","twitter_misc":{"Escrito por":"Hern\u00e1n L\u00f3pez","Tiempo de lectura":"2 minutos"},"schema":{"@context":"https:\/\/schema.org","@graph":[{"@type":"Article","@id":"https:\/\/diarioprincipios.com\/index.php\/2021\/12\/20\/orgullo-y-felicidad-por-los-primeros-medicos-de-la-unaj\/#article","isPartOf":{"@id":"https:\/\/diarioprincipios.com\/index.php\/2021\/12\/20\/orgullo-y-felicidad-por-los-primeros-medicos-de-la-unaj\/"},"author":{"name":"Hern\u00e1n L\u00f3pez","@id":"https:\/\/diarioprincipios.com\/#\/schema\/person\/436d5a1fd41a5e250e23ff5a6a7cb080"},"headline":"Orgullo y felicidad por los primeros m\u00e9dicos de la UNAJ","datePublished":"2021-12-20T20:26:48+00:00","dateModified":"2021-12-20T20:26:50+00:00","mainEntityOfPage":{"@id":"https:\/\/diarioprincipios.com\/index.php\/2021\/12\/20\/orgullo-y-felicidad-por-los-primeros-medicos-de-la-unaj\/"},"wordCount":282,"commentCount":0,"publisher":{"@id":"https:\/\/diarioprincipios.com\/#organization"},"image":{"@id":"https:\/\/diarioprincipios.com\/index.php\/2021\/12\/20\/orgullo-y-felicidad-por-los-primeros-medicos-de-la-unaj\/#primaryimage"},"thumbnailUrl":"https:\/\/diarioprincipios.com\/wp-content\/uploads\/2021\/12\/Graduados-MEDICINA-01.jpg","articleSection":["F. Varela"],"inLanguage":"es","potentialAction":[{"@type":"CommentAction","name":"Comment","target":["https:\/\/diarioprincipios.com\/index.php\/2021\/12\/20\/orgullo-y-felicidad-por-los-primeros-medicos-de-la-unaj\/#respond"]}]},{"@type":"WebPage","@id":"https:\/\/diarioprincipios.com\/index.php\/2021\/12\/20\/orgullo-y-felicidad-por-los-primeros-medicos-de-la-unaj\/","url":"https:\/\/diarioprincipios.com\/index.php\/2021\/12\/20\/orgullo-y-felicidad-por-los-primeros-medicos-de-la-unaj\/","name":"Orgullo y felicidad por los primeros m\u00e9dicos de la UNAJ - Principios","isPartOf":{"@id":"https:\/\/diarioprincipios.com\/#website"},"primaryImageOfPage":{"@id":"https:\/\/diarioprincipios.com\/index.php\/2021\/12\/20\/orgullo-y-felicidad-por-los-primeros-medicos-de-la-unaj\/#primaryimage"},"image":{"@id":"https:\/\/diarioprincipios.com\/index.php\/2021\/12\/20\/orgullo-y-felicidad-por-los-primeros-medicos-de-la-unaj\/#primaryimage"},"thumbnailUrl":"https:\/\/diarioprincipios.com\/wp-content\/uploads\/2021\/12\/Graduados-MEDICINA-01.jpg","datePublished":"2021-12-20T20:26:48+00:00","dateModified":"2021-12-20T20:26:50+00:00","breadcrumb":{"@id":"https:\/\/diarioprincipios.com\/index.php\/2021\/12\/20\/orgullo-y-felicidad-por-los-primeros-medicos-de-la-unaj\/#breadcrumb"},"inLanguage":"es","potentialAction":[{"@type":"ReadAction","target":["https:\/\/diarioprincipios.com\/index.php\/2021\/12\/20\/orgullo-y-felicidad-por-los-primeros-medicos-de-la-unaj\/"]}]},{"@type":"ImageObject","inLanguage":"es","@id":"https:\/\/diarioprincipios.com\/index.php\/2021\/12\/20\/orgullo-y-felicidad-por-los-primeros-medicos-de-la-unaj\/#primaryimage","url":"https:\/\/diarioprincipios.com\/wp-content\/uploads\/2021\/12\/Graduados-MEDICINA-01.jpg","contentUrl":"https:\/\/diarioprincipios.com\/wp-content\/uploads\/2021\/12\/Graduados-MEDICINA-01.jpg","width":680,"height":383},{"@type":"BreadcrumbList","@id":"https:\/\/diarioprincipios.com\/index.php\/2021\/12\/20\/orgullo-y-felicidad-por-los-primeros-medicos-de-la-unaj\/#breadcrumb","itemListElement":[{"@type":"ListItem","position":1,"name":"Portada","item":"https:\/\/diarioprincipios.com\/"},{"@type":"ListItem","position":2,"name":"Orgullo y felicidad por los primeros m\u00e9dicos de la UNAJ"}]},{"@type":"WebSite","@id":"https:\/\/diarioprincipios.com\/#website","url":"https:\/\/diarioprincipios.com\/","name":"Principios","description":"Principios Diario","publisher":{"@id":"https:\/\/diarioprincipios.com\/#organization"},"potentialAction":[{"@type":"SearchAction","target":{"@type":"EntryPoint","urlTemplate":"https:\/\/diarioprincipios.com\/?s={search_term_string}"},"query-input":{"@type":"PropertyValueSpecification","valueRequired":true,"valueName":"search_term_string"}}],"inLanguage":"es"},{"@type":"Organization","@id":"https:\/\/diarioprincipios.com\/#organization","name":"Principios","url":"https:\/\/diarioprincipios.com\/","logo":{"@type":"ImageObject","inLanguage":"es","@id":"https:\/\/diarioprincipios.com\/#\/schema\/logo\/image\/","url":"https:\/\/diarioprincipios.com\/wp-content\/uploads\/2024\/04\/cropped-www.diarioprincipios.com_-1.png","contentUrl":"https:\/\/diarioprincipios.com\/wp-content\/uploads\/2024\/04\/cropped-www.diarioprincipios.com_-1.png","width":5325,"height":1454,"caption":"Principios"},"image":{"@id":"https:\/\/diarioprincipios.com\/#\/schema\/logo\/image\/"}},{"@type":"Person","@id":"https:\/\/diarioprincipios.com\/#\/schema\/person\/436d5a1fd41a5e250e23ff5a6a7cb080","name":"Hern\u00e1n L\u00f3pez","image":{"@type":"ImageObject","inLanguage":"es","@id":"https:\/\/diarioprincipios.com\/wp-content\/litespeed\/avatar\/11ddfe5610ff3bd100522525b2571f48.jpg?ver=1777653193","url":"https:\/\/diarioprincipios.com\/wp-content\/litespeed\/avatar\/11ddfe5610ff3bd100522525b2571f48.jpg?ver=1777653193","contentUrl":"https:\/\/diarioprincipios.com\/wp-content\/litespeed\/avatar\/11ddfe5610ff3bd100522525b2571f48.jpg?ver=1777653193","caption":"Hern\u00e1n L\u00f3pez"},"url":"https:\/\/diarioprincipios.com\/index.php\/author\/hernan\/"}]}},"jetpack_featured_media_url":"https:\/\/diarioprincipios.com\/wp-content\/uploads\/2021\/12\/Graduados-MEDICINA-01.jpg","_links":{"self":[{"href":"https:\/\/diarioprincipios.com\/index.php\/wp-json\/wp\/v2\/posts\/12258","targetHints":{"allow":["GET"]}}],"collection":[{"href":"https:\/\/diarioprincipios.com\/index.php\/wp-json\/wp\/v2\/posts"}],"about":[{"href":"https:\/\/diarioprincipios.com\/index.php\/wp-json\/wp\/v2\/types\/post"}],"author":[{"embeddable":true,"href":"https:\/\/diarioprincipios.com\/index.php\/wp-json\/wp\/v2\/users\/2"}],"replies":[{"embeddable":true,"href":"https:\/\/diarioprincipios.com\/index.php\/wp-json\/wp\/v2\/comments?post=12258"}],"version-history":[{"count":1,"href":"https:\/\/diarioprincipios.com\/index.php\/wp-json\/wp\/v2\/posts\/12258\/revisions"}],"predecessor-version":[{"id":12260,"href":"https:\/\/diarioprincipios.com\/index.php\/wp-json\/wp\/v2\/posts\/12258\/revisions\/12260"}],"wp:featuredmedia":[{"embeddable":true,"href":"https:\/\/diarioprincipios.com\/index.php\/wp-json\/wp\/v2\/media\/12259"}],"wp:attachment":[{"href":"https:\/\/diarioprincipios.com\/index.php\/wp-json\/wp\/v2\/media?parent=12258"}],"wp:term":[{"taxonomy":"category","embeddable":true,"href":"https:\/\/diarioprincipios.com\/index.php\/wp-json\/wp\/v2\/categories?post=12258"},{"taxonomy":"post_tag","embeddable":true,"href":"https:\/\/diarioprincipios.com\/index.php\/wp-json\/wp\/v2\/tags?post=12258"}],"curies":[{"name":"wp","href":"https:\/\/api.w.org\/{rel}","templated":true}]}}