{"id":12255,"date":"2021-12-20T17:19:24","date_gmt":"2021-12-20T20:19:24","guid":{"rendered":"http:\/\/diarioprincipios.com\/?p=12255"},"modified":"2021-12-20T17:19:31","modified_gmt":"2021-12-20T20:19:31","slug":"ferraresi-chornobroff-y-sierra-inauguraron-la-plaza-abel-fernandez-rua","status":"publish","type":"post","link":"https:\/\/diarioprincipios.com\/index.php\/2021\/12\/20\/ferraresi-chornobroff-y-sierra-inauguraron-la-plaza-abel-fernandez-rua\/","title":{"rendered":"Ferraresi, Chornobroff y Sierra inauguraron la plaza Abel Fern\u00e1ndez R\u00faa"},"content":{"rendered":"\n<p>El espacio, totalmente restaurado, cuenta con juegos, estaci\u00f3n biosaludable y murales coloridos.<\/p>\n\n\n\n<p>El ministro de Desarrollo Territorial y H\u00e1bitat Jorge Ferraresi, el intendente Alejo Chornobroff, y la jefa de Gabinete Magdalena Sierra, participaron el s\u00e1bado de la inauguraci\u00f3n de la remodelaci\u00f3n integral de la plaza ubicada en San Mart\u00edn y Alberdi, Crucecita.&nbsp;<\/p>\n\n\n\n<p>Junto a gran cantidad de vecinos y funcionarios del gabinete local que se dieron cita en el lugar, las autoridades recorrieron el flamante espacio cuyo nombre, Abel Fern\u00e1ndez R\u00faa, homenajea al periodista y director del diario \u201cPrincipios Populares\u201d de Wilde.<\/p>\n\n\n\n<p>Durante la inauguraci\u00f3n, Chornobroff destac\u00f3 el nivel de apropiaci\u00f3n por parte de la comunidad. Luego, H\u00e9ctor Alves, vecino del barrio y destacado ceramista, particip\u00f3 de la jornada creando una obra en vivo.<\/p>\n\n\n\n<p>La plaza cuenta con murales pintados por el artista Juan Dana. Adem\u00e1s, se llev\u00f3 a cabo la construcci\u00f3n de nuevas veredas, canteros y rampas para personas con movilidad reducida. Tambi\u00e9n se coloc\u00f3 mobiliario urbano diverso y se gener\u00f3 un sector de actividad f\u00edsica, integrando aparatos biosaludables de ejercitaci\u00f3n.&nbsp;<\/p>\n\n\n\n<p>Asimismo, se remodel\u00f3 por completo el espacio de patio de juegos existente, colocando nuevos juegos con piso amortiguante, y se implant\u00f3 nueva forestaci\u00f3n y nuevo parquizado.<\/p>\n","protected":false},"excerpt":{"rendered":"<p>El espacio, totalmente restaurado, cuenta con juegos, estaci\u00f3n biosaludable y murales coloridos. El ministro de Desarrollo Territorial y H\u00e1bitat Jorge Ferraresi, el intendente Alejo Chornobroff, y la jefa de Gabinete Magdalena Sierra, participaron el s\u00e1bado de la inauguraci\u00f3n de la remodelaci\u00f3n integral de la plaza ubicada en San Mart\u00edn y Alberdi, Crucecita.&nbsp; Junto a gran&#8230;<\/p>\n","protected":false},"author":2,"featured_media":12256,"comment_status":"open","ping_status":"open","sticky":false,"template":"","format":"standard","meta":{"footnotes":""},"categories":[5],"tags":[],"class_list":["post-12255","post","type-post","status-publish","format-standard","has-post-thumbnail","hentry","category-avellaneda"],"featured_image_src":"https:\/\/diarioprincipios.com\/wp-content\/uploads\/2021\/12\/WhatsApp-Image-2021-12-18-at-19.04.56-1024x681.jpeg","blog_images":{"medium":"https:\/\/diarioprincipios.com\/wp-content\/uploads\/2021\/12\/WhatsApp-Image-2021-12-18-at-19.04.56-300x200.jpeg","large":"https:\/\/diarioprincipios.com\/wp-content\/uploads\/2021\/12\/WhatsApp-Image-2021-12-18-at-19.04.56-1024x681.jpeg"},"ams_acf":[],"yoast_head":"<!-- This site is optimized with the Yoast SEO plugin v27.3 - https:\/\/yoast.com\/product\/yoast-seo-wordpress\/ -->\n<title>Ferraresi, Chornobroff y Sierra inauguraron la plaza Abel Fern\u00e1ndez R\u00faa - Principios<\/title>\n<meta name=\"robots\" content=\"index, follow, max-snippet:-1, max-image-preview:large, max-video-preview:-1\" \/>\n<link rel=\"canonical\" href=\"https:\/\/diarioprincipios.com\/index.php\/2021\/12\/20\/ferraresi-chornobroff-y-sierra-inauguraron-la-plaza-abel-fernandez-rua\/\" \/>\n<meta property=\"og:locale\" content=\"es_ES\" \/>\n<meta property=\"og:type\" content=\"article\" \/>\n<meta property=\"og:title\" content=\"Ferraresi, Chornobroff y Sierra inauguraron la plaza Abel Fern\u00e1ndez R\u00faa - Principios\" \/>\n<meta property=\"og:description\" content=\"El espacio, totalmente restaurado, cuenta con juegos, estaci\u00f3n biosaludable y murales coloridos. El ministro de Desarrollo Territorial y H\u00e1bitat Jorge Ferraresi, el intendente Alejo Chornobroff, y la jefa de Gabinete Magdalena Sierra, participaron el s\u00e1bado de la inauguraci\u00f3n de la remodelaci\u00f3n integral de la plaza ubicada en San Mart\u00edn y Alberdi, Crucecita.&nbsp; Junto a gran...\" \/>\n<meta property=\"og:url\" content=\"https:\/\/diarioprincipios.com\/index.php\/2021\/12\/20\/ferraresi-chornobroff-y-sierra-inauguraron-la-plaza-abel-fernandez-rua\/\" \/>\n<meta property=\"og:site_name\" content=\"Principios\" \/>\n<meta property=\"article:published_time\" content=\"2021-12-20T20:19:24+00:00\" \/>\n<meta property=\"article:modified_time\" content=\"2021-12-20T20:19:31+00:00\" \/>\n<meta property=\"og:image\" content=\"https:\/\/diarioprincipios.com\/wp-content\/uploads\/2021\/12\/WhatsApp-Image-2021-12-18-at-19.04.56.jpeg\" \/>\n\t<meta property=\"og:image:width\" content=\"1599\" \/>\n\t<meta property=\"og:image:height\" content=\"1064\" \/>\n\t<meta property=\"og:image:type\" content=\"image\/jpeg\" \/>\n<meta name=\"author\" content=\"Hern\u00e1n L\u00f3pez\" \/>\n<meta name=\"twitter:card\" content=\"summary_large_image\" \/>\n<meta name=\"twitter:label1\" content=\"Escrito por\" \/>\n\t<meta name=\"twitter:data1\" content=\"Hern\u00e1n L\u00f3pez\" \/>\n\t<meta name=\"twitter:label2\" content=\"Tiempo de lectura\" \/>\n\t<meta name=\"twitter:data2\" content=\"1 minuto\" \/>\n<script type=\"application\/ld+json\" class=\"yoast-schema-graph\">{\"@context\":\"https:\\\/\\\/schema.org\",\"@graph\":[{\"@type\":\"Article\",\"@id\":\"https:\\\/\\\/diarioprincipios.com\\\/index.php\\\/2021\\\/12\\\/20\\\/ferraresi-chornobroff-y-sierra-inauguraron-la-plaza-abel-fernandez-rua\\\/#article\",\"isPartOf\":{\"@id\":\"https:\\\/\\\/diarioprincipios.com\\\/index.php\\\/2021\\\/12\\\/20\\\/ferraresi-chornobroff-y-sierra-inauguraron-la-plaza-abel-fernandez-rua\\\/\"},\"author\":{\"name\":\"Hern\u00e1n L\u00f3pez\",\"@id\":\"https:\\\/\\\/diarioprincipios.com\\\/#\\\/schema\\\/person\\\/436d5a1fd41a5e250e23ff5a6a7cb080\"},\"headline\":\"Ferraresi, Chornobroff y Sierra inauguraron la plaza Abel Fern\u00e1ndez R\u00faa\",\"datePublished\":\"2021-12-20T20:19:24+00:00\",\"dateModified\":\"2021-12-20T20:19:31+00:00\",\"mainEntityOfPage\":{\"@id\":\"https:\\\/\\\/diarioprincipios.com\\\/index.php\\\/2021\\\/12\\\/20\\\/ferraresi-chornobroff-y-sierra-inauguraron-la-plaza-abel-fernandez-rua\\\/\"},\"wordCount\":229,\"commentCount\":0,\"publisher\":{\"@id\":\"https:\\\/\\\/diarioprincipios.com\\\/#organization\"},\"image\":{\"@id\":\"https:\\\/\\\/diarioprincipios.com\\\/index.php\\\/2021\\\/12\\\/20\\\/ferraresi-chornobroff-y-sierra-inauguraron-la-plaza-abel-fernandez-rua\\\/#primaryimage\"},\"thumbnailUrl\":\"https:\\\/\\\/diarioprincipios.com\\\/wp-content\\\/uploads\\\/2021\\\/12\\\/WhatsApp-Image-2021-12-18-at-19.04.56.jpeg\",\"articleSection\":[\"Avellaneda\"],\"inLanguage\":\"es\",\"potentialAction\":[{\"@type\":\"CommentAction\",\"name\":\"Comment\",\"target\":[\"https:\\\/\\\/diarioprincipios.com\\\/index.php\\\/2021\\\/12\\\/20\\\/ferraresi-chornobroff-y-sierra-inauguraron-la-plaza-abel-fernandez-rua\\\/#respond\"]}]},{\"@type\":\"WebPage\",\"@id\":\"https:\\\/\\\/diarioprincipios.com\\\/index.php\\\/2021\\\/12\\\/20\\\/ferraresi-chornobroff-y-sierra-inauguraron-la-plaza-abel-fernandez-rua\\\/\",\"url\":\"https:\\\/\\\/diarioprincipios.com\\\/index.php\\\/2021\\\/12\\\/20\\\/ferraresi-chornobroff-y-sierra-inauguraron-la-plaza-abel-fernandez-rua\\\/\",\"name\":\"Ferraresi, Chornobroff y Sierra inauguraron la plaza Abel Fern\u00e1ndez R\u00faa - Principios\",\"isPartOf\":{\"@id\":\"https:\\\/\\\/diarioprincipios.com\\\/#website\"},\"primaryImageOfPage\":{\"@id\":\"https:\\\/\\\/diarioprincipios.com\\\/index.php\\\/2021\\\/12\\\/20\\\/ferraresi-chornobroff-y-sierra-inauguraron-la-plaza-abel-fernandez-rua\\\/#primaryimage\"},\"image\":{\"@id\":\"https:\\\/\\\/diarioprincipios.com\\\/index.php\\\/2021\\\/12\\\/20\\\/ferraresi-chornobroff-y-sierra-inauguraron-la-plaza-abel-fernandez-rua\\\/#primaryimage\"},\"thumbnailUrl\":\"https:\\\/\\\/diarioprincipios.com\\\/wp-content\\\/uploads\\\/2021\\\/12\\\/WhatsApp-Image-2021-12-18-at-19.04.56.jpeg\",\"datePublished\":\"2021-12-20T20:19:24+00:00\",\"dateModified\":\"2021-12-20T20:19:31+00:00\",\"breadcrumb\":{\"@id\":\"https:\\\/\\\/diarioprincipios.com\\\/index.php\\\/2021\\\/12\\\/20\\\/ferraresi-chornobroff-y-sierra-inauguraron-la-plaza-abel-fernandez-rua\\\/#breadcrumb\"},\"inLanguage\":\"es\",\"potentialAction\":[{\"@type\":\"ReadAction\",\"target\":[\"https:\\\/\\\/diarioprincipios.com\\\/index.php\\\/2021\\\/12\\\/20\\\/ferraresi-chornobroff-y-sierra-inauguraron-la-plaza-abel-fernandez-rua\\\/\"]}]},{\"@type\":\"ImageObject\",\"inLanguage\":\"es\",\"@id\":\"https:\\\/\\\/diarioprincipios.com\\\/index.php\\\/2021\\\/12\\\/20\\\/ferraresi-chornobroff-y-sierra-inauguraron-la-plaza-abel-fernandez-rua\\\/#primaryimage\",\"url\":\"https:\\\/\\\/diarioprincipios.com\\\/wp-content\\\/uploads\\\/2021\\\/12\\\/WhatsApp-Image-2021-12-18-at-19.04.56.jpeg\",\"contentUrl\":\"https:\\\/\\\/diarioprincipios.com\\\/wp-content\\\/uploads\\\/2021\\\/12\\\/WhatsApp-Image-2021-12-18-at-19.04.56.jpeg\",\"width\":1599,\"height\":1064},{\"@type\":\"BreadcrumbList\",\"@id\":\"https:\\\/\\\/diarioprincipios.com\\\/index.php\\\/2021\\\/12\\\/20\\\/ferraresi-chornobroff-y-sierra-inauguraron-la-plaza-abel-fernandez-rua\\\/#breadcrumb\",\"itemListElement\":[{\"@type\":\"ListItem\",\"position\":1,\"name\":\"Portada\",\"item\":\"https:\\\/\\\/diarioprincipios.com\\\/\"},{\"@type\":\"ListItem\",\"position\":2,\"name\":\"Ferraresi, Chornobroff y Sierra inauguraron la plaza Abel Fern\u00e1ndez R\u00faa\"}]},{\"@type\":\"WebSite\",\"@id\":\"https:\\\/\\\/diarioprincipios.com\\\/#website\",\"url\":\"https:\\\/\\\/diarioprincipios.com\\\/\",\"name\":\"Principios\",\"description\":\"Principios Diario\",\"publisher\":{\"@id\":\"https:\\\/\\\/diarioprincipios.com\\\/#organization\"},\"potentialAction\":[{\"@type\":\"SearchAction\",\"target\":{\"@type\":\"EntryPoint\",\"urlTemplate\":\"https:\\\/\\\/diarioprincipios.com\\\/?s={search_term_string}\"},\"query-input\":{\"@type\":\"PropertyValueSpecification\",\"valueRequired\":true,\"valueName\":\"search_term_string\"}}],\"inLanguage\":\"es\"},{\"@type\":\"Organization\",\"@id\":\"https:\\\/\\\/diarioprincipios.com\\\/#organization\",\"name\":\"Principios\",\"url\":\"https:\\\/\\\/diarioprincipios.com\\\/\",\"logo\":{\"@type\":\"ImageObject\",\"inLanguage\":\"es\",\"@id\":\"https:\\\/\\\/diarioprincipios.com\\\/#\\\/schema\\\/logo\\\/image\\\/\",\"url\":\"https:\\\/\\\/diarioprincipios.com\\\/wp-content\\\/uploads\\\/2024\\\/04\\\/cropped-www.diarioprincipios.com_-1.png\",\"contentUrl\":\"https:\\\/\\\/diarioprincipios.com\\\/wp-content\\\/uploads\\\/2024\\\/04\\\/cropped-www.diarioprincipios.com_-1.png\",\"width\":5325,\"height\":1454,\"caption\":\"Principios\"},\"image\":{\"@id\":\"https:\\\/\\\/diarioprincipios.com\\\/#\\\/schema\\\/logo\\\/image\\\/\"}},{\"@type\":\"Person\",\"@id\":\"https:\\\/\\\/diarioprincipios.com\\\/#\\\/schema\\\/person\\\/436d5a1fd41a5e250e23ff5a6a7cb080\",\"name\":\"Hern\u00e1n L\u00f3pez\",\"image\":{\"@type\":\"ImageObject\",\"inLanguage\":\"es\",\"@id\":\"https:\\\/\\\/diarioprincipios.com\\\/wp-content\\\/litespeed\\\/avatar\\\/11ddfe5610ff3bd100522525b2571f48.jpg?ver=1777653193\",\"url\":\"https:\\\/\\\/diarioprincipios.com\\\/wp-content\\\/litespeed\\\/avatar\\\/11ddfe5610ff3bd100522525b2571f48.jpg?ver=1777653193\",\"contentUrl\":\"https:\\\/\\\/diarioprincipios.com\\\/wp-content\\\/litespeed\\\/avatar\\\/11ddfe5610ff3bd100522525b2571f48.jpg?ver=1777653193\",\"caption\":\"Hern\u00e1n L\u00f3pez\"},\"url\":\"https:\\\/\\\/diarioprincipios.com\\\/index.php\\\/author\\\/hernan\\\/\"}]}<\/script>\n<!-- \/ Yoast SEO plugin. -->","yoast_head_json":{"title":"Ferraresi, Chornobroff y Sierra inauguraron la plaza Abel Fern\u00e1ndez R\u00faa - Principios","robots":{"index":"index","follow":"follow","max-snippet":"max-snippet:-1","max-image-preview":"max-image-preview:large","max-video-preview":"max-video-preview:-1"},"canonical":"https:\/\/diarioprincipios.com\/index.php\/2021\/12\/20\/ferraresi-chornobroff-y-sierra-inauguraron-la-plaza-abel-fernandez-rua\/","og_locale":"es_ES","og_type":"article","og_title":"Ferraresi, Chornobroff y Sierra inauguraron la plaza Abel Fern\u00e1ndez R\u00faa - Principios","og_description":"El espacio, totalmente restaurado, cuenta con juegos, estaci\u00f3n biosaludable y murales coloridos. El ministro de Desarrollo Territorial y H\u00e1bitat Jorge Ferraresi, el intendente Alejo Chornobroff, y la jefa de Gabinete Magdalena Sierra, participaron el s\u00e1bado de la inauguraci\u00f3n de la remodelaci\u00f3n integral de la plaza ubicada en San Mart\u00edn y Alberdi, Crucecita.&nbsp; Junto a gran...","og_url":"https:\/\/diarioprincipios.com\/index.php\/2021\/12\/20\/ferraresi-chornobroff-y-sierra-inauguraron-la-plaza-abel-fernandez-rua\/","og_site_name":"Principios","article_published_time":"2021-12-20T20:19:24+00:00","article_modified_time":"2021-12-20T20:19:31+00:00","og_image":[{"width":1599,"height":1064,"url":"https:\/\/diarioprincipios.com\/wp-content\/uploads\/2021\/12\/WhatsApp-Image-2021-12-18-at-19.04.56.jpeg","type":"image\/jpeg"}],"author":"Hern\u00e1n L\u00f3pez","twitter_card":"summary_large_image","twitter_misc":{"Escrito por":"Hern\u00e1n L\u00f3pez","Tiempo de lectura":"1 minuto"},"schema":{"@context":"https:\/\/schema.org","@graph":[{"@type":"Article","@id":"https:\/\/diarioprincipios.com\/index.php\/2021\/12\/20\/ferraresi-chornobroff-y-sierra-inauguraron-la-plaza-abel-fernandez-rua\/#article","isPartOf":{"@id":"https:\/\/diarioprincipios.com\/index.php\/2021\/12\/20\/ferraresi-chornobroff-y-sierra-inauguraron-la-plaza-abel-fernandez-rua\/"},"author":{"name":"Hern\u00e1n L\u00f3pez","@id":"https:\/\/diarioprincipios.com\/#\/schema\/person\/436d5a1fd41a5e250e23ff5a6a7cb080"},"headline":"Ferraresi, Chornobroff y Sierra inauguraron la plaza Abel Fern\u00e1ndez R\u00faa","datePublished":"2021-12-20T20:19:24+00:00","dateModified":"2021-12-20T20:19:31+00:00","mainEntityOfPage":{"@id":"https:\/\/diarioprincipios.com\/index.php\/2021\/12\/20\/ferraresi-chornobroff-y-sierra-inauguraron-la-plaza-abel-fernandez-rua\/"},"wordCount":229,"commentCount":0,"publisher":{"@id":"https:\/\/diarioprincipios.com\/#organization"},"image":{"@id":"https:\/\/diarioprincipios.com\/index.php\/2021\/12\/20\/ferraresi-chornobroff-y-sierra-inauguraron-la-plaza-abel-fernandez-rua\/#primaryimage"},"thumbnailUrl":"https:\/\/diarioprincipios.com\/wp-content\/uploads\/2021\/12\/WhatsApp-Image-2021-12-18-at-19.04.56.jpeg","articleSection":["Avellaneda"],"inLanguage":"es","potentialAction":[{"@type":"CommentAction","name":"Comment","target":["https:\/\/diarioprincipios.com\/index.php\/2021\/12\/20\/ferraresi-chornobroff-y-sierra-inauguraron-la-plaza-abel-fernandez-rua\/#respond"]}]},{"@type":"WebPage","@id":"https:\/\/diarioprincipios.com\/index.php\/2021\/12\/20\/ferraresi-chornobroff-y-sierra-inauguraron-la-plaza-abel-fernandez-rua\/","url":"https:\/\/diarioprincipios.com\/index.php\/2021\/12\/20\/ferraresi-chornobroff-y-sierra-inauguraron-la-plaza-abel-fernandez-rua\/","name":"Ferraresi, Chornobroff y Sierra inauguraron la plaza Abel Fern\u00e1ndez R\u00faa - Principios","isPartOf":{"@id":"https:\/\/diarioprincipios.com\/#website"},"primaryImageOfPage":{"@id":"https:\/\/diarioprincipios.com\/index.php\/2021\/12\/20\/ferraresi-chornobroff-y-sierra-inauguraron-la-plaza-abel-fernandez-rua\/#primaryimage"},"image":{"@id":"https:\/\/diarioprincipios.com\/index.php\/2021\/12\/20\/ferraresi-chornobroff-y-sierra-inauguraron-la-plaza-abel-fernandez-rua\/#primaryimage"},"thumbnailUrl":"https:\/\/diarioprincipios.com\/wp-content\/uploads\/2021\/12\/WhatsApp-Image-2021-12-18-at-19.04.56.jpeg","datePublished":"2021-12-20T20:19:24+00:00","dateModified":"2021-12-20T20:19:31+00:00","breadcrumb":{"@id":"https:\/\/diarioprincipios.com\/index.php\/2021\/12\/20\/ferraresi-chornobroff-y-sierra-inauguraron-la-plaza-abel-fernandez-rua\/#breadcrumb"},"inLanguage":"es","potentialAction":[{"@type":"ReadAction","target":["https:\/\/diarioprincipios.com\/index.php\/2021\/12\/20\/ferraresi-chornobroff-y-sierra-inauguraron-la-plaza-abel-fernandez-rua\/"]}]},{"@type":"ImageObject","inLanguage":"es","@id":"https:\/\/diarioprincipios.com\/index.php\/2021\/12\/20\/ferraresi-chornobroff-y-sierra-inauguraron-la-plaza-abel-fernandez-rua\/#primaryimage","url":"https:\/\/diarioprincipios.com\/wp-content\/uploads\/2021\/12\/WhatsApp-Image-2021-12-18-at-19.04.56.jpeg","contentUrl":"https:\/\/diarioprincipios.com\/wp-content\/uploads\/2021\/12\/WhatsApp-Image-2021-12-18-at-19.04.56.jpeg","width":1599,"height":1064},{"@type":"BreadcrumbList","@id":"https:\/\/diarioprincipios.com\/index.php\/2021\/12\/20\/ferraresi-chornobroff-y-sierra-inauguraron-la-plaza-abel-fernandez-rua\/#breadcrumb","itemListElement":[{"@type":"ListItem","position":1,"name":"Portada","item":"https:\/\/diarioprincipios.com\/"},{"@type":"ListItem","position":2,"name":"Ferraresi, Chornobroff y Sierra inauguraron la plaza Abel Fern\u00e1ndez R\u00faa"}]},{"@type":"WebSite","@id":"https:\/\/diarioprincipios.com\/#website","url":"https:\/\/diarioprincipios.com\/","name":"Principios","description":"Principios Diario","publisher":{"@id":"https:\/\/diarioprincipios.com\/#organization"},"potentialAction":[{"@type":"SearchAction","target":{"@type":"EntryPoint","urlTemplate":"https:\/\/diarioprincipios.com\/?s={search_term_string}"},"query-input":{"@type":"PropertyValueSpecification","valueRequired":true,"valueName":"search_term_string"}}],"inLanguage":"es"},{"@type":"Organization","@id":"https:\/\/diarioprincipios.com\/#organization","name":"Principios","url":"https:\/\/diarioprincipios.com\/","logo":{"@type":"ImageObject","inLanguage":"es","@id":"https:\/\/diarioprincipios.com\/#\/schema\/logo\/image\/","url":"https:\/\/diarioprincipios.com\/wp-content\/uploads\/2024\/04\/cropped-www.diarioprincipios.com_-1.png","contentUrl":"https:\/\/diarioprincipios.com\/wp-content\/uploads\/2024\/04\/cropped-www.diarioprincipios.com_-1.png","width":5325,"height":1454,"caption":"Principios"},"image":{"@id":"https:\/\/diarioprincipios.com\/#\/schema\/logo\/image\/"}},{"@type":"Person","@id":"https:\/\/diarioprincipios.com\/#\/schema\/person\/436d5a1fd41a5e250e23ff5a6a7cb080","name":"Hern\u00e1n L\u00f3pez","image":{"@type":"ImageObject","inLanguage":"es","@id":"https:\/\/diarioprincipios.com\/wp-content\/litespeed\/avatar\/11ddfe5610ff3bd100522525b2571f48.jpg?ver=1777653193","url":"https:\/\/diarioprincipios.com\/wp-content\/litespeed\/avatar\/11ddfe5610ff3bd100522525b2571f48.jpg?ver=1777653193","contentUrl":"https:\/\/diarioprincipios.com\/wp-content\/litespeed\/avatar\/11ddfe5610ff3bd100522525b2571f48.jpg?ver=1777653193","caption":"Hern\u00e1n L\u00f3pez"},"url":"https:\/\/diarioprincipios.com\/index.php\/author\/hernan\/"}]}},"jetpack_featured_media_url":"https:\/\/diarioprincipios.com\/wp-content\/uploads\/2021\/12\/WhatsApp-Image-2021-12-18-at-19.04.56.jpeg","_links":{"self":[{"href":"https:\/\/diarioprincipios.com\/index.php\/wp-json\/wp\/v2\/posts\/12255","targetHints":{"allow":["GET"]}}],"collection":[{"href":"https:\/\/diarioprincipios.com\/index.php\/wp-json\/wp\/v2\/posts"}],"about":[{"href":"https:\/\/diarioprincipios.com\/index.php\/wp-json\/wp\/v2\/types\/post"}],"author":[{"embeddable":true,"href":"https:\/\/diarioprincipios.com\/index.php\/wp-json\/wp\/v2\/users\/2"}],"replies":[{"embeddable":true,"href":"https:\/\/diarioprincipios.com\/index.php\/wp-json\/wp\/v2\/comments?post=12255"}],"version-history":[{"count":1,"href":"https:\/\/diarioprincipios.com\/index.php\/wp-json\/wp\/v2\/posts\/12255\/revisions"}],"predecessor-version":[{"id":12257,"href":"https:\/\/diarioprincipios.com\/index.php\/wp-json\/wp\/v2\/posts\/12255\/revisions\/12257"}],"wp:featuredmedia":[{"embeddable":true,"href":"https:\/\/diarioprincipios.com\/index.php\/wp-json\/wp\/v2\/media\/12256"}],"wp:attachment":[{"href":"https:\/\/diarioprincipios.com\/index.php\/wp-json\/wp\/v2\/media?parent=12255"}],"wp:term":[{"taxonomy":"category","embeddable":true,"href":"https:\/\/diarioprincipios.com\/index.php\/wp-json\/wp\/v2\/categories?post=12255"},{"taxonomy":"post_tag","embeddable":true,"href":"https:\/\/diarioprincipios.com\/index.php\/wp-json\/wp\/v2\/tags?post=12255"}],"curies":[{"name":"wp","href":"https:\/\/api.w.org\/{rel}","templated":true}]}}