{"id":12252,"date":"2021-12-19T13:10:15","date_gmt":"2021-12-19T16:10:15","guid":{"rendered":"http:\/\/diarioprincipios.com\/?p=12252"},"modified":"2021-12-19T13:10:22","modified_gmt":"2021-12-19T16:10:22","slug":"ranelagh-finalizo-la-repavimentacion-y-ensanche-de-la-avenida-sabin","status":"publish","type":"post","link":"https:\/\/diarioprincipios.com\/index.php\/2021\/12\/19\/ranelagh-finalizo-la-repavimentacion-y-ensanche-de-la-avenida-sabin\/","title":{"rendered":"R\u00e1nelagh: Finaliz\u00f3 la repavimentaci\u00f3n y ensanche de la Avenida Sab\u00edn"},"content":{"rendered":"\n<p><strong>Por iniciativa del intendente Juan Jos\u00e9 Mussi, la Municipalidad de Berazategui lleva implementadas diferentes obras de infraestructura que mejoran la circulaci\u00f3n urbana. En este sentido, en la localidad de Ranelagh ya se finalizaron los trabajos de repavimentaci\u00f3n y ensanche de la avenida Sabin entre las calles 359 y 367.<br><\/strong><br>Al respecto, el ingeniero de la Secretar\u00eda de Obras P\u00fablicas del Municipio, Ezequiel Couselo, coment\u00f3: \u201cLos trabajos incluyeron el fresado del asfalto viejo, la construcci\u00f3n de una sub base de suelo seleccionado, una base de suelo cemento con un pavimento de hormig\u00f3n de 20 cent\u00edmetros. Adem\u00e1s se hizo un ensanchamiento hasta los 9 metros\u201d.<\/p>\n\n\n\n<p>En estos d\u00edas, se est\u00e1n realizando algunos detalles m\u00ednimos de arreglos en las veredas, pero -seg\u00fan inform\u00f3 Couselo- \u201cla circulaci\u00f3n vehicular ya est\u00e1 habilitada\u201d. La obra fue financiada en un 95% por el Gobierno bonaerense, mientras que la gesti\u00f3n municipal aport\u00f3 el 5% restante.<\/p>\n\n\n\n<p>Para finalizar, el ingeniero agreg\u00f3: \u201cLos trabajos se realizaron en los plazos estimados. Consideramos que este nuevo pavimento tendr\u00e1 una vida \u00fatil de 20 a 25 a\u00f1os. Se trata de una arteria con gran caudal de tr\u00e1nsito, ya que vincula la calle 359 de Ranelagh, as\u00ed que -sin dudas- se trata de una obra muy importante para los berazateguenses que circulan por esta calle\u201d.<\/p>\n","protected":false},"excerpt":{"rendered":"<p>Por iniciativa del intendente Juan Jos\u00e9 Mussi, la Municipalidad de Berazategui lleva implementadas diferentes obras de infraestructura que mejoran la circulaci\u00f3n urbana. En este sentido, en la localidad de Ranelagh ya se finalizaron los trabajos de repavimentaci\u00f3n y ensanche de la avenida Sabin entre las calles 359 y 367.Al respecto, el ingeniero de la Secretar\u00eda&#8230;<\/p>\n","protected":false},"author":2,"featured_media":12253,"comment_status":"open","ping_status":"open","sticky":false,"template":"","format":"standard","meta":{"footnotes":""},"categories":[3],"tags":[],"class_list":["post-12252","post","type-post","status-publish","format-standard","has-post-thumbnail","hentry","category-berazategui"],"featured_image_src":"https:\/\/diarioprincipios.com\/wp-content\/uploads\/2021\/12\/RANELAGH-FINALIZO-LA-REPAVIMENTACION-Y-ENSANCHE-DE-LA-AV_-SABIN-1-1024x683.jpg","blog_images":{"medium":"https:\/\/diarioprincipios.com\/wp-content\/uploads\/2021\/12\/RANELAGH-FINALIZO-LA-REPAVIMENTACION-Y-ENSANCHE-DE-LA-AV_-SABIN-1-300x200.jpg","large":"https:\/\/diarioprincipios.com\/wp-content\/uploads\/2021\/12\/RANELAGH-FINALIZO-LA-REPAVIMENTACION-Y-ENSANCHE-DE-LA-AV_-SABIN-1-1024x683.jpg"},"ams_acf":[],"yoast_head":"<!-- This site is optimized with the Yoast SEO plugin v27.3 - https:\/\/yoast.com\/product\/yoast-seo-wordpress\/ -->\n<title>R\u00e1nelagh: Finaliz\u00f3 la repavimentaci\u00f3n y ensanche de la Avenida Sab\u00edn - Principios<\/title>\n<meta name=\"robots\" content=\"index, follow, max-snippet:-1, max-image-preview:large, max-video-preview:-1\" \/>\n<link rel=\"canonical\" href=\"https:\/\/diarioprincipios.com\/index.php\/2021\/12\/19\/ranelagh-finalizo-la-repavimentacion-y-ensanche-de-la-avenida-sabin\/\" \/>\n<meta property=\"og:locale\" content=\"es_ES\" \/>\n<meta property=\"og:type\" content=\"article\" \/>\n<meta property=\"og:title\" content=\"R\u00e1nelagh: Finaliz\u00f3 la repavimentaci\u00f3n y ensanche de la Avenida Sab\u00edn - Principios\" \/>\n<meta property=\"og:description\" content=\"Por iniciativa del intendente Juan Jos\u00e9 Mussi, la Municipalidad de Berazategui lleva implementadas diferentes obras de infraestructura que mejoran la circulaci\u00f3n urbana. En este sentido, en la localidad de Ranelagh ya se finalizaron los trabajos de repavimentaci\u00f3n y ensanche de la avenida Sabin entre las calles 359 y 367.Al respecto, el ingeniero de la Secretar\u00eda...\" \/>\n<meta property=\"og:url\" content=\"https:\/\/diarioprincipios.com\/index.php\/2021\/12\/19\/ranelagh-finalizo-la-repavimentacion-y-ensanche-de-la-avenida-sabin\/\" \/>\n<meta property=\"og:site_name\" content=\"Principios\" \/>\n<meta property=\"article:published_time\" content=\"2021-12-19T16:10:15+00:00\" \/>\n<meta property=\"article:modified_time\" content=\"2021-12-19T16:10:22+00:00\" \/>\n<meta property=\"og:image\" content=\"https:\/\/diarioprincipios.com\/wp-content\/uploads\/2021\/12\/RANELAGH-FINALIZO-LA-REPAVIMENTACION-Y-ENSANCHE-DE-LA-AV_-SABIN-1-scaled.jpg\" \/>\n\t<meta property=\"og:image:width\" content=\"2560\" \/>\n\t<meta property=\"og:image:height\" content=\"1707\" \/>\n\t<meta property=\"og:image:type\" content=\"image\/jpeg\" \/>\n<meta name=\"author\" content=\"Hern\u00e1n L\u00f3pez\" \/>\n<meta name=\"twitter:card\" content=\"summary_large_image\" \/>\n<meta name=\"twitter:label1\" content=\"Escrito por\" \/>\n\t<meta name=\"twitter:data1\" content=\"Hern\u00e1n L\u00f3pez\" \/>\n\t<meta name=\"twitter:label2\" content=\"Tiempo de lectura\" \/>\n\t<meta name=\"twitter:data2\" content=\"1 minuto\" \/>\n<script type=\"application\/ld+json\" class=\"yoast-schema-graph\">{\"@context\":\"https:\\\/\\\/schema.org\",\"@graph\":[{\"@type\":\"Article\",\"@id\":\"https:\\\/\\\/diarioprincipios.com\\\/index.php\\\/2021\\\/12\\\/19\\\/ranelagh-finalizo-la-repavimentacion-y-ensanche-de-la-avenida-sabin\\\/#article\",\"isPartOf\":{\"@id\":\"https:\\\/\\\/diarioprincipios.com\\\/index.php\\\/2021\\\/12\\\/19\\\/ranelagh-finalizo-la-repavimentacion-y-ensanche-de-la-avenida-sabin\\\/\"},\"author\":{\"name\":\"Hern\u00e1n L\u00f3pez\",\"@id\":\"https:\\\/\\\/diarioprincipios.com\\\/#\\\/schema\\\/person\\\/436d5a1fd41a5e250e23ff5a6a7cb080\"},\"headline\":\"R\u00e1nelagh: Finaliz\u00f3 la repavimentaci\u00f3n y ensanche de la Avenida Sab\u00edn\",\"datePublished\":\"2021-12-19T16:10:15+00:00\",\"dateModified\":\"2021-12-19T16:10:22+00:00\",\"mainEntityOfPage\":{\"@id\":\"https:\\\/\\\/diarioprincipios.com\\\/index.php\\\/2021\\\/12\\\/19\\\/ranelagh-finalizo-la-repavimentacion-y-ensanche-de-la-avenida-sabin\\\/\"},\"wordCount\":231,\"commentCount\":0,\"publisher\":{\"@id\":\"https:\\\/\\\/diarioprincipios.com\\\/#organization\"},\"image\":{\"@id\":\"https:\\\/\\\/diarioprincipios.com\\\/index.php\\\/2021\\\/12\\\/19\\\/ranelagh-finalizo-la-repavimentacion-y-ensanche-de-la-avenida-sabin\\\/#primaryimage\"},\"thumbnailUrl\":\"https:\\\/\\\/diarioprincipios.com\\\/wp-content\\\/uploads\\\/2021\\\/12\\\/RANELAGH-FINALIZO-LA-REPAVIMENTACION-Y-ENSANCHE-DE-LA-AV_-SABIN-1-scaled.jpg\",\"articleSection\":[\"Berazategui\"],\"inLanguage\":\"es\",\"potentialAction\":[{\"@type\":\"CommentAction\",\"name\":\"Comment\",\"target\":[\"https:\\\/\\\/diarioprincipios.com\\\/index.php\\\/2021\\\/12\\\/19\\\/ranelagh-finalizo-la-repavimentacion-y-ensanche-de-la-avenida-sabin\\\/#respond\"]}]},{\"@type\":\"WebPage\",\"@id\":\"https:\\\/\\\/diarioprincipios.com\\\/index.php\\\/2021\\\/12\\\/19\\\/ranelagh-finalizo-la-repavimentacion-y-ensanche-de-la-avenida-sabin\\\/\",\"url\":\"https:\\\/\\\/diarioprincipios.com\\\/index.php\\\/2021\\\/12\\\/19\\\/ranelagh-finalizo-la-repavimentacion-y-ensanche-de-la-avenida-sabin\\\/\",\"name\":\"R\u00e1nelagh: Finaliz\u00f3 la repavimentaci\u00f3n y ensanche de la Avenida Sab\u00edn - Principios\",\"isPartOf\":{\"@id\":\"https:\\\/\\\/diarioprincipios.com\\\/#website\"},\"primaryImageOfPage\":{\"@id\":\"https:\\\/\\\/diarioprincipios.com\\\/index.php\\\/2021\\\/12\\\/19\\\/ranelagh-finalizo-la-repavimentacion-y-ensanche-de-la-avenida-sabin\\\/#primaryimage\"},\"image\":{\"@id\":\"https:\\\/\\\/diarioprincipios.com\\\/index.php\\\/2021\\\/12\\\/19\\\/ranelagh-finalizo-la-repavimentacion-y-ensanche-de-la-avenida-sabin\\\/#primaryimage\"},\"thumbnailUrl\":\"https:\\\/\\\/diarioprincipios.com\\\/wp-content\\\/uploads\\\/2021\\\/12\\\/RANELAGH-FINALIZO-LA-REPAVIMENTACION-Y-ENSANCHE-DE-LA-AV_-SABIN-1-scaled.jpg\",\"datePublished\":\"2021-12-19T16:10:15+00:00\",\"dateModified\":\"2021-12-19T16:10:22+00:00\",\"breadcrumb\":{\"@id\":\"https:\\\/\\\/diarioprincipios.com\\\/index.php\\\/2021\\\/12\\\/19\\\/ranelagh-finalizo-la-repavimentacion-y-ensanche-de-la-avenida-sabin\\\/#breadcrumb\"},\"inLanguage\":\"es\",\"potentialAction\":[{\"@type\":\"ReadAction\",\"target\":[\"https:\\\/\\\/diarioprincipios.com\\\/index.php\\\/2021\\\/12\\\/19\\\/ranelagh-finalizo-la-repavimentacion-y-ensanche-de-la-avenida-sabin\\\/\"]}]},{\"@type\":\"ImageObject\",\"inLanguage\":\"es\",\"@id\":\"https:\\\/\\\/diarioprincipios.com\\\/index.php\\\/2021\\\/12\\\/19\\\/ranelagh-finalizo-la-repavimentacion-y-ensanche-de-la-avenida-sabin\\\/#primaryimage\",\"url\":\"https:\\\/\\\/diarioprincipios.com\\\/wp-content\\\/uploads\\\/2021\\\/12\\\/RANELAGH-FINALIZO-LA-REPAVIMENTACION-Y-ENSANCHE-DE-LA-AV_-SABIN-1-scaled.jpg\",\"contentUrl\":\"https:\\\/\\\/diarioprincipios.com\\\/wp-content\\\/uploads\\\/2021\\\/12\\\/RANELAGH-FINALIZO-LA-REPAVIMENTACION-Y-ENSANCHE-DE-LA-AV_-SABIN-1-scaled.jpg\",\"width\":2560,\"height\":1707},{\"@type\":\"BreadcrumbList\",\"@id\":\"https:\\\/\\\/diarioprincipios.com\\\/index.php\\\/2021\\\/12\\\/19\\\/ranelagh-finalizo-la-repavimentacion-y-ensanche-de-la-avenida-sabin\\\/#breadcrumb\",\"itemListElement\":[{\"@type\":\"ListItem\",\"position\":1,\"name\":\"Portada\",\"item\":\"https:\\\/\\\/diarioprincipios.com\\\/\"},{\"@type\":\"ListItem\",\"position\":2,\"name\":\"R\u00e1nelagh: Finaliz\u00f3 la repavimentaci\u00f3n y ensanche de la Avenida Sab\u00edn\"}]},{\"@type\":\"WebSite\",\"@id\":\"https:\\\/\\\/diarioprincipios.com\\\/#website\",\"url\":\"https:\\\/\\\/diarioprincipios.com\\\/\",\"name\":\"Principios\",\"description\":\"Principios Diario\",\"publisher\":{\"@id\":\"https:\\\/\\\/diarioprincipios.com\\\/#organization\"},\"potentialAction\":[{\"@type\":\"SearchAction\",\"target\":{\"@type\":\"EntryPoint\",\"urlTemplate\":\"https:\\\/\\\/diarioprincipios.com\\\/?s={search_term_string}\"},\"query-input\":{\"@type\":\"PropertyValueSpecification\",\"valueRequired\":true,\"valueName\":\"search_term_string\"}}],\"inLanguage\":\"es\"},{\"@type\":\"Organization\",\"@id\":\"https:\\\/\\\/diarioprincipios.com\\\/#organization\",\"name\":\"Principios\",\"url\":\"https:\\\/\\\/diarioprincipios.com\\\/\",\"logo\":{\"@type\":\"ImageObject\",\"inLanguage\":\"es\",\"@id\":\"https:\\\/\\\/diarioprincipios.com\\\/#\\\/schema\\\/logo\\\/image\\\/\",\"url\":\"https:\\\/\\\/diarioprincipios.com\\\/wp-content\\\/uploads\\\/2024\\\/04\\\/cropped-www.diarioprincipios.com_-1.png\",\"contentUrl\":\"https:\\\/\\\/diarioprincipios.com\\\/wp-content\\\/uploads\\\/2024\\\/04\\\/cropped-www.diarioprincipios.com_-1.png\",\"width\":5325,\"height\":1454,\"caption\":\"Principios\"},\"image\":{\"@id\":\"https:\\\/\\\/diarioprincipios.com\\\/#\\\/schema\\\/logo\\\/image\\\/\"}},{\"@type\":\"Person\",\"@id\":\"https:\\\/\\\/diarioprincipios.com\\\/#\\\/schema\\\/person\\\/436d5a1fd41a5e250e23ff5a6a7cb080\",\"name\":\"Hern\u00e1n L\u00f3pez\",\"image\":{\"@type\":\"ImageObject\",\"inLanguage\":\"es\",\"@id\":\"https:\\\/\\\/diarioprincipios.com\\\/wp-content\\\/litespeed\\\/avatar\\\/11ddfe5610ff3bd100522525b2571f48.jpg?ver=1777653193\",\"url\":\"https:\\\/\\\/diarioprincipios.com\\\/wp-content\\\/litespeed\\\/avatar\\\/11ddfe5610ff3bd100522525b2571f48.jpg?ver=1777653193\",\"contentUrl\":\"https:\\\/\\\/diarioprincipios.com\\\/wp-content\\\/litespeed\\\/avatar\\\/11ddfe5610ff3bd100522525b2571f48.jpg?ver=1777653193\",\"caption\":\"Hern\u00e1n L\u00f3pez\"},\"url\":\"https:\\\/\\\/diarioprincipios.com\\\/index.php\\\/author\\\/hernan\\\/\"}]}<\/script>\n<!-- \/ Yoast SEO plugin. -->","yoast_head_json":{"title":"R\u00e1nelagh: Finaliz\u00f3 la repavimentaci\u00f3n y ensanche de la Avenida Sab\u00edn - Principios","robots":{"index":"index","follow":"follow","max-snippet":"max-snippet:-1","max-image-preview":"max-image-preview:large","max-video-preview":"max-video-preview:-1"},"canonical":"https:\/\/diarioprincipios.com\/index.php\/2021\/12\/19\/ranelagh-finalizo-la-repavimentacion-y-ensanche-de-la-avenida-sabin\/","og_locale":"es_ES","og_type":"article","og_title":"R\u00e1nelagh: Finaliz\u00f3 la repavimentaci\u00f3n y ensanche de la Avenida Sab\u00edn - Principios","og_description":"Por iniciativa del intendente Juan Jos\u00e9 Mussi, la Municipalidad de Berazategui lleva implementadas diferentes obras de infraestructura que mejoran la circulaci\u00f3n urbana. En este sentido, en la localidad de Ranelagh ya se finalizaron los trabajos de repavimentaci\u00f3n y ensanche de la avenida Sabin entre las calles 359 y 367.Al respecto, el ingeniero de la Secretar\u00eda...","og_url":"https:\/\/diarioprincipios.com\/index.php\/2021\/12\/19\/ranelagh-finalizo-la-repavimentacion-y-ensanche-de-la-avenida-sabin\/","og_site_name":"Principios","article_published_time":"2021-12-19T16:10:15+00:00","article_modified_time":"2021-12-19T16:10:22+00:00","og_image":[{"width":2560,"height":1707,"url":"https:\/\/diarioprincipios.com\/wp-content\/uploads\/2021\/12\/RANELAGH-FINALIZO-LA-REPAVIMENTACION-Y-ENSANCHE-DE-LA-AV_-SABIN-1-scaled.jpg","type":"image\/jpeg"}],"author":"Hern\u00e1n L\u00f3pez","twitter_card":"summary_large_image","twitter_misc":{"Escrito por":"Hern\u00e1n L\u00f3pez","Tiempo de lectura":"1 minuto"},"schema":{"@context":"https:\/\/schema.org","@graph":[{"@type":"Article","@id":"https:\/\/diarioprincipios.com\/index.php\/2021\/12\/19\/ranelagh-finalizo-la-repavimentacion-y-ensanche-de-la-avenida-sabin\/#article","isPartOf":{"@id":"https:\/\/diarioprincipios.com\/index.php\/2021\/12\/19\/ranelagh-finalizo-la-repavimentacion-y-ensanche-de-la-avenida-sabin\/"},"author":{"name":"Hern\u00e1n L\u00f3pez","@id":"https:\/\/diarioprincipios.com\/#\/schema\/person\/436d5a1fd41a5e250e23ff5a6a7cb080"},"headline":"R\u00e1nelagh: Finaliz\u00f3 la repavimentaci\u00f3n y ensanche de la Avenida Sab\u00edn","datePublished":"2021-12-19T16:10:15+00:00","dateModified":"2021-12-19T16:10:22+00:00","mainEntityOfPage":{"@id":"https:\/\/diarioprincipios.com\/index.php\/2021\/12\/19\/ranelagh-finalizo-la-repavimentacion-y-ensanche-de-la-avenida-sabin\/"},"wordCount":231,"commentCount":0,"publisher":{"@id":"https:\/\/diarioprincipios.com\/#organization"},"image":{"@id":"https:\/\/diarioprincipios.com\/index.php\/2021\/12\/19\/ranelagh-finalizo-la-repavimentacion-y-ensanche-de-la-avenida-sabin\/#primaryimage"},"thumbnailUrl":"https:\/\/diarioprincipios.com\/wp-content\/uploads\/2021\/12\/RANELAGH-FINALIZO-LA-REPAVIMENTACION-Y-ENSANCHE-DE-LA-AV_-SABIN-1-scaled.jpg","articleSection":["Berazategui"],"inLanguage":"es","potentialAction":[{"@type":"CommentAction","name":"Comment","target":["https:\/\/diarioprincipios.com\/index.php\/2021\/12\/19\/ranelagh-finalizo-la-repavimentacion-y-ensanche-de-la-avenida-sabin\/#respond"]}]},{"@type":"WebPage","@id":"https:\/\/diarioprincipios.com\/index.php\/2021\/12\/19\/ranelagh-finalizo-la-repavimentacion-y-ensanche-de-la-avenida-sabin\/","url":"https:\/\/diarioprincipios.com\/index.php\/2021\/12\/19\/ranelagh-finalizo-la-repavimentacion-y-ensanche-de-la-avenida-sabin\/","name":"R\u00e1nelagh: Finaliz\u00f3 la repavimentaci\u00f3n y ensanche de la Avenida Sab\u00edn - Principios","isPartOf":{"@id":"https:\/\/diarioprincipios.com\/#website"},"primaryImageOfPage":{"@id":"https:\/\/diarioprincipios.com\/index.php\/2021\/12\/19\/ranelagh-finalizo-la-repavimentacion-y-ensanche-de-la-avenida-sabin\/#primaryimage"},"image":{"@id":"https:\/\/diarioprincipios.com\/index.php\/2021\/12\/19\/ranelagh-finalizo-la-repavimentacion-y-ensanche-de-la-avenida-sabin\/#primaryimage"},"thumbnailUrl":"https:\/\/diarioprincipios.com\/wp-content\/uploads\/2021\/12\/RANELAGH-FINALIZO-LA-REPAVIMENTACION-Y-ENSANCHE-DE-LA-AV_-SABIN-1-scaled.jpg","datePublished":"2021-12-19T16:10:15+00:00","dateModified":"2021-12-19T16:10:22+00:00","breadcrumb":{"@id":"https:\/\/diarioprincipios.com\/index.php\/2021\/12\/19\/ranelagh-finalizo-la-repavimentacion-y-ensanche-de-la-avenida-sabin\/#breadcrumb"},"inLanguage":"es","potentialAction":[{"@type":"ReadAction","target":["https:\/\/diarioprincipios.com\/index.php\/2021\/12\/19\/ranelagh-finalizo-la-repavimentacion-y-ensanche-de-la-avenida-sabin\/"]}]},{"@type":"ImageObject","inLanguage":"es","@id":"https:\/\/diarioprincipios.com\/index.php\/2021\/12\/19\/ranelagh-finalizo-la-repavimentacion-y-ensanche-de-la-avenida-sabin\/#primaryimage","url":"https:\/\/diarioprincipios.com\/wp-content\/uploads\/2021\/12\/RANELAGH-FINALIZO-LA-REPAVIMENTACION-Y-ENSANCHE-DE-LA-AV_-SABIN-1-scaled.jpg","contentUrl":"https:\/\/diarioprincipios.com\/wp-content\/uploads\/2021\/12\/RANELAGH-FINALIZO-LA-REPAVIMENTACION-Y-ENSANCHE-DE-LA-AV_-SABIN-1-scaled.jpg","width":2560,"height":1707},{"@type":"BreadcrumbList","@id":"https:\/\/diarioprincipios.com\/index.php\/2021\/12\/19\/ranelagh-finalizo-la-repavimentacion-y-ensanche-de-la-avenida-sabin\/#breadcrumb","itemListElement":[{"@type":"ListItem","position":1,"name":"Portada","item":"https:\/\/diarioprincipios.com\/"},{"@type":"ListItem","position":2,"name":"R\u00e1nelagh: Finaliz\u00f3 la repavimentaci\u00f3n y ensanche de la Avenida Sab\u00edn"}]},{"@type":"WebSite","@id":"https:\/\/diarioprincipios.com\/#website","url":"https:\/\/diarioprincipios.com\/","name":"Principios","description":"Principios Diario","publisher":{"@id":"https:\/\/diarioprincipios.com\/#organization"},"potentialAction":[{"@type":"SearchAction","target":{"@type":"EntryPoint","urlTemplate":"https:\/\/diarioprincipios.com\/?s={search_term_string}"},"query-input":{"@type":"PropertyValueSpecification","valueRequired":true,"valueName":"search_term_string"}}],"inLanguage":"es"},{"@type":"Organization","@id":"https:\/\/diarioprincipios.com\/#organization","name":"Principios","url":"https:\/\/diarioprincipios.com\/","logo":{"@type":"ImageObject","inLanguage":"es","@id":"https:\/\/diarioprincipios.com\/#\/schema\/logo\/image\/","url":"https:\/\/diarioprincipios.com\/wp-content\/uploads\/2024\/04\/cropped-www.diarioprincipios.com_-1.png","contentUrl":"https:\/\/diarioprincipios.com\/wp-content\/uploads\/2024\/04\/cropped-www.diarioprincipios.com_-1.png","width":5325,"height":1454,"caption":"Principios"},"image":{"@id":"https:\/\/diarioprincipios.com\/#\/schema\/logo\/image\/"}},{"@type":"Person","@id":"https:\/\/diarioprincipios.com\/#\/schema\/person\/436d5a1fd41a5e250e23ff5a6a7cb080","name":"Hern\u00e1n L\u00f3pez","image":{"@type":"ImageObject","inLanguage":"es","@id":"https:\/\/diarioprincipios.com\/wp-content\/litespeed\/avatar\/11ddfe5610ff3bd100522525b2571f48.jpg?ver=1777653193","url":"https:\/\/diarioprincipios.com\/wp-content\/litespeed\/avatar\/11ddfe5610ff3bd100522525b2571f48.jpg?ver=1777653193","contentUrl":"https:\/\/diarioprincipios.com\/wp-content\/litespeed\/avatar\/11ddfe5610ff3bd100522525b2571f48.jpg?ver=1777653193","caption":"Hern\u00e1n L\u00f3pez"},"url":"https:\/\/diarioprincipios.com\/index.php\/author\/hernan\/"}]}},"jetpack_featured_media_url":"https:\/\/diarioprincipios.com\/wp-content\/uploads\/2021\/12\/RANELAGH-FINALIZO-LA-REPAVIMENTACION-Y-ENSANCHE-DE-LA-AV_-SABIN-1-scaled.jpg","_links":{"self":[{"href":"https:\/\/diarioprincipios.com\/index.php\/wp-json\/wp\/v2\/posts\/12252","targetHints":{"allow":["GET"]}}],"collection":[{"href":"https:\/\/diarioprincipios.com\/index.php\/wp-json\/wp\/v2\/posts"}],"about":[{"href":"https:\/\/diarioprincipios.com\/index.php\/wp-json\/wp\/v2\/types\/post"}],"author":[{"embeddable":true,"href":"https:\/\/diarioprincipios.com\/index.php\/wp-json\/wp\/v2\/users\/2"}],"replies":[{"embeddable":true,"href":"https:\/\/diarioprincipios.com\/index.php\/wp-json\/wp\/v2\/comments?post=12252"}],"version-history":[{"count":1,"href":"https:\/\/diarioprincipios.com\/index.php\/wp-json\/wp\/v2\/posts\/12252\/revisions"}],"predecessor-version":[{"id":12254,"href":"https:\/\/diarioprincipios.com\/index.php\/wp-json\/wp\/v2\/posts\/12252\/revisions\/12254"}],"wp:featuredmedia":[{"embeddable":true,"href":"https:\/\/diarioprincipios.com\/index.php\/wp-json\/wp\/v2\/media\/12253"}],"wp:attachment":[{"href":"https:\/\/diarioprincipios.com\/index.php\/wp-json\/wp\/v2\/media?parent=12252"}],"wp:term":[{"taxonomy":"category","embeddable":true,"href":"https:\/\/diarioprincipios.com\/index.php\/wp-json\/wp\/v2\/categories?post=12252"},{"taxonomy":"post_tag","embeddable":true,"href":"https:\/\/diarioprincipios.com\/index.php\/wp-json\/wp\/v2\/tags?post=12252"}],"curies":[{"name":"wp","href":"https:\/\/api.w.org\/{rel}","templated":true}]}}