{"id":12246,"date":"2021-12-17T12:44:23","date_gmt":"2021-12-17T15:44:23","guid":{"rendered":"http:\/\/diarioprincipios.com\/?p=12246"},"modified":"2021-12-17T12:44:29","modified_gmt":"2021-12-17T15:44:29","slug":"hcd-berazategui-asumio-celia-cabrera","status":"publish","type":"post","link":"https:\/\/diarioprincipios.com\/index.php\/2021\/12\/17\/hcd-berazategui-asumio-celia-cabrera\/","title":{"rendered":"HCD Berazategui: Asumi\u00f3 Celia Cabrera"},"content":{"rendered":"\n<p>La presidenta de la Asociaci\u00f3n de Voley Capital Nacional del Vidrio, Celia Cabrera, asumi\u00f3 el jueves 15 su banca en el HCD de Berazategui junto a otros tres concejales, tras el pedido de licencia de los cuatro concejales electos el 14 de noviembre que seguir\u00e1n con sus funciones en el Gabinete Municipal.<\/p>\n\n\n\n<figure class=\"wp-block-image size-large\"><img loading=\"lazy\" decoding=\"async\" width=\"1024\" height=\"769\" src=\"https:\/\/diarioprincipios.com\/wp-content\/uploads\/2021\/12\/DSC05005-1024x769.jpg\" alt=\"\" class=\"wp-image-12247\" srcset=\"https:\/\/diarioprincipios.com\/wp-content\/uploads\/2021\/12\/DSC05005-1024x769.jpg 1024w, https:\/\/diarioprincipios.com\/wp-content\/uploads\/2021\/12\/DSC05005-300x225.jpg 300w, https:\/\/diarioprincipios.com\/wp-content\/uploads\/2021\/12\/DSC05005-768x577.jpg 768w, https:\/\/diarioprincipios.com\/wp-content\/uploads\/2021\/12\/DSC05005-1536x1154.jpg 1536w, https:\/\/diarioprincipios.com\/wp-content\/uploads\/2021\/12\/DSC05005-2048x1538.jpg 2048w\" sizes=\"auto, (max-width: 1024px) 100vw, 1024px\" \/><\/figure>\n\n\n\n<p><br>Cabrera llega al HCD tras integrar la lista de concejales del doctor Juan Jos\u00e9 Mussi y luego de realizar un destacable trabajo social y deportivo en los \u00faltimos a\u00f1os en Berazategui.<br>Pese a las restricciones al deporte por la pandemia, la presidenta de la Asociaci\u00f3n de Voley no se qued\u00f3 quieta y organiz\u00f3 ollas populares, jornadas de ayuda a las instituciones y varias charlas y cursos de capacitaci\u00f3n.<br>Consultada por Principios, dijo que \u00abestoy muy emocionada y agradecida por esta oportunidad, que a su vez tomo con la mayor de las responsabilidades\u00bb.<\/p>\n\n\n\n<figure class=\"wp-block-image size-large\"><img loading=\"lazy\" decoding=\"async\" width=\"1024\" height=\"669\" src=\"https:\/\/diarioprincipios.com\/wp-content\/uploads\/2021\/12\/DSC04991-1024x669.jpg\" alt=\"\" class=\"wp-image-12248\" srcset=\"https:\/\/diarioprincipios.com\/wp-content\/uploads\/2021\/12\/DSC04991-1024x669.jpg 1024w, https:\/\/diarioprincipios.com\/wp-content\/uploads\/2021\/12\/DSC04991-300x196.jpg 300w, https:\/\/diarioprincipios.com\/wp-content\/uploads\/2021\/12\/DSC04991-768x502.jpg 768w, https:\/\/diarioprincipios.com\/wp-content\/uploads\/2021\/12\/DSC04991-1536x1003.jpg 1536w, https:\/\/diarioprincipios.com\/wp-content\/uploads\/2021\/12\/DSC04991-2048x1338.jpg 2048w\" sizes=\"auto, (max-width: 1024px) 100vw, 1024px\" \/><\/figure>\n\n\n\n<p><br>Agreg\u00f3 que \u00abvamos a acompa\u00f1ar todo lo que fomente el deporte de Berazategui pero nuestra tarea ir\u00e1 m\u00e1s all\u00e1 ocupandonos de lo que los vecinos necesiten\u00bb.<br>Tambi\u00e9n destac\u00f3 que \u00abtengo un agradecimiento especial para nuestro conductor, el doctor Juan Jos\u00e9 Mussi, quien me dio esta posibilidad de seguir trabajando por la gente, adem\u00e1s tanto \u00e9l como Horacio Valdez (secretario general SOIVA) fueron quienes nos apoyaron para desarrollar nuestro trabajo en la Asociaci\u00f3n de Voley\u00bb.<\/p>\n\n\n\n<figure class=\"wp-block-image size-large\"><img loading=\"lazy\" decoding=\"async\" width=\"1024\" height=\"683\" src=\"https:\/\/diarioprincipios.com\/wp-content\/uploads\/2021\/12\/DSC04831-1-1024x683.jpg\" alt=\"\" class=\"wp-image-12249\" srcset=\"https:\/\/diarioprincipios.com\/wp-content\/uploads\/2021\/12\/DSC04831-1-1024x683.jpg 1024w, https:\/\/diarioprincipios.com\/wp-content\/uploads\/2021\/12\/DSC04831-1-300x200.jpg 300w, https:\/\/diarioprincipios.com\/wp-content\/uploads\/2021\/12\/DSC04831-1-768x512.jpg 768w, https:\/\/diarioprincipios.com\/wp-content\/uploads\/2021\/12\/DSC04831-1-1536x1024.jpg 1536w, https:\/\/diarioprincipios.com\/wp-content\/uploads\/2021\/12\/DSC04831-1-2048x1365.jpg 2048w\" sizes=\"auto, (max-width: 1024px) 100vw, 1024px\" \/><\/figure>\n\n\n\n<p><br>La llegada de Cabrera al HCD se produce tras la finalizaci\u00f3n del mandato de su esposo, el concejal Orlando Reyes, uno de los concejales que m\u00e1s se destacaron por su labor a\u00fan en medio de la pandemia.<\/p>\n","protected":false},"excerpt":{"rendered":"<p>La presidenta de la Asociaci\u00f3n de Voley Capital Nacional del Vidrio, Celia Cabrera, asumi\u00f3 el jueves 15 su banca en el HCD de Berazategui junto a otros tres concejales, tras el pedido de licencia de los cuatro concejales electos el 14 de noviembre que seguir\u00e1n con sus funciones en el Gabinete Municipal. Cabrera llega al&#8230;<\/p>\n","protected":false},"author":2,"featured_media":12250,"comment_status":"open","ping_status":"open","sticky":false,"template":"","format":"standard","meta":{"footnotes":""},"categories":[3],"tags":[],"class_list":["post-12246","post","type-post","status-publish","format-standard","has-post-thumbnail","hentry","category-berazategui"],"featured_image_src":"https:\/\/diarioprincipios.com\/wp-content\/uploads\/2021\/12\/20211216_125655-1024x461.jpg","blog_images":{"medium":"https:\/\/diarioprincipios.com\/wp-content\/uploads\/2021\/12\/20211216_125655-300x135.jpg","large":"https:\/\/diarioprincipios.com\/wp-content\/uploads\/2021\/12\/20211216_125655-1024x461.jpg"},"ams_acf":[],"yoast_head":"<!-- This site is optimized with the Yoast SEO plugin v27.3 - https:\/\/yoast.com\/product\/yoast-seo-wordpress\/ -->\n<title>HCD Berazategui: Asumi\u00f3 Celia Cabrera - Principios<\/title>\n<meta name=\"robots\" content=\"index, follow, max-snippet:-1, max-image-preview:large, max-video-preview:-1\" \/>\n<link rel=\"canonical\" href=\"https:\/\/diarioprincipios.com\/index.php\/2021\/12\/17\/hcd-berazategui-asumio-celia-cabrera\/\" \/>\n<meta property=\"og:locale\" content=\"es_ES\" \/>\n<meta property=\"og:type\" content=\"article\" \/>\n<meta property=\"og:title\" content=\"HCD Berazategui: Asumi\u00f3 Celia Cabrera - Principios\" \/>\n<meta property=\"og:description\" content=\"La presidenta de la Asociaci\u00f3n de Voley Capital Nacional del Vidrio, Celia Cabrera, asumi\u00f3 el jueves 15 su banca en el HCD de Berazategui junto a otros tres concejales, tras el pedido de licencia de los cuatro concejales electos el 14 de noviembre que seguir\u00e1n con sus funciones en el Gabinete Municipal. Cabrera llega al...\" \/>\n<meta property=\"og:url\" content=\"https:\/\/diarioprincipios.com\/index.php\/2021\/12\/17\/hcd-berazategui-asumio-celia-cabrera\/\" \/>\n<meta property=\"og:site_name\" content=\"Principios\" \/>\n<meta property=\"article:published_time\" content=\"2021-12-17T15:44:23+00:00\" \/>\n<meta property=\"article:modified_time\" content=\"2021-12-17T15:44:29+00:00\" \/>\n<meta property=\"og:image\" content=\"https:\/\/diarioprincipios.com\/wp-content\/uploads\/2021\/12\/20211216_125655-scaled.jpg\" \/>\n\t<meta property=\"og:image:width\" content=\"2560\" \/>\n\t<meta property=\"og:image:height\" content=\"1153\" \/>\n\t<meta property=\"og:image:type\" content=\"image\/jpeg\" \/>\n<meta name=\"author\" content=\"Hern\u00e1n L\u00f3pez\" \/>\n<meta name=\"twitter:card\" content=\"summary_large_image\" \/>\n<meta name=\"twitter:label1\" content=\"Escrito por\" \/>\n\t<meta name=\"twitter:data1\" content=\"Hern\u00e1n L\u00f3pez\" \/>\n\t<meta name=\"twitter:label2\" content=\"Tiempo de lectura\" \/>\n\t<meta name=\"twitter:data2\" content=\"2 minutos\" \/>\n<script type=\"application\/ld+json\" class=\"yoast-schema-graph\">{\"@context\":\"https:\\\/\\\/schema.org\",\"@graph\":[{\"@type\":\"Article\",\"@id\":\"https:\\\/\\\/diarioprincipios.com\\\/index.php\\\/2021\\\/12\\\/17\\\/hcd-berazategui-asumio-celia-cabrera\\\/#article\",\"isPartOf\":{\"@id\":\"https:\\\/\\\/diarioprincipios.com\\\/index.php\\\/2021\\\/12\\\/17\\\/hcd-berazategui-asumio-celia-cabrera\\\/\"},\"author\":{\"name\":\"Hern\u00e1n L\u00f3pez\",\"@id\":\"https:\\\/\\\/diarioprincipios.com\\\/#\\\/schema\\\/person\\\/436d5a1fd41a5e250e23ff5a6a7cb080\"},\"headline\":\"HCD Berazategui: Asumi\u00f3 Celia Cabrera\",\"datePublished\":\"2021-12-17T15:44:23+00:00\",\"dateModified\":\"2021-12-17T15:44:29+00:00\",\"mainEntityOfPage\":{\"@id\":\"https:\\\/\\\/diarioprincipios.com\\\/index.php\\\/2021\\\/12\\\/17\\\/hcd-berazategui-asumio-celia-cabrera\\\/\"},\"wordCount\":271,\"commentCount\":0,\"publisher\":{\"@id\":\"https:\\\/\\\/diarioprincipios.com\\\/#organization\"},\"image\":{\"@id\":\"https:\\\/\\\/diarioprincipios.com\\\/index.php\\\/2021\\\/12\\\/17\\\/hcd-berazategui-asumio-celia-cabrera\\\/#primaryimage\"},\"thumbnailUrl\":\"https:\\\/\\\/diarioprincipios.com\\\/wp-content\\\/uploads\\\/2021\\\/12\\\/20211216_125655-scaled.jpg\",\"articleSection\":[\"Berazategui\"],\"inLanguage\":\"es\",\"potentialAction\":[{\"@type\":\"CommentAction\",\"name\":\"Comment\",\"target\":[\"https:\\\/\\\/diarioprincipios.com\\\/index.php\\\/2021\\\/12\\\/17\\\/hcd-berazategui-asumio-celia-cabrera\\\/#respond\"]}]},{\"@type\":\"WebPage\",\"@id\":\"https:\\\/\\\/diarioprincipios.com\\\/index.php\\\/2021\\\/12\\\/17\\\/hcd-berazategui-asumio-celia-cabrera\\\/\",\"url\":\"https:\\\/\\\/diarioprincipios.com\\\/index.php\\\/2021\\\/12\\\/17\\\/hcd-berazategui-asumio-celia-cabrera\\\/\",\"name\":\"HCD Berazategui: Asumi\u00f3 Celia Cabrera - Principios\",\"isPartOf\":{\"@id\":\"https:\\\/\\\/diarioprincipios.com\\\/#website\"},\"primaryImageOfPage\":{\"@id\":\"https:\\\/\\\/diarioprincipios.com\\\/index.php\\\/2021\\\/12\\\/17\\\/hcd-berazategui-asumio-celia-cabrera\\\/#primaryimage\"},\"image\":{\"@id\":\"https:\\\/\\\/diarioprincipios.com\\\/index.php\\\/2021\\\/12\\\/17\\\/hcd-berazategui-asumio-celia-cabrera\\\/#primaryimage\"},\"thumbnailUrl\":\"https:\\\/\\\/diarioprincipios.com\\\/wp-content\\\/uploads\\\/2021\\\/12\\\/20211216_125655-scaled.jpg\",\"datePublished\":\"2021-12-17T15:44:23+00:00\",\"dateModified\":\"2021-12-17T15:44:29+00:00\",\"breadcrumb\":{\"@id\":\"https:\\\/\\\/diarioprincipios.com\\\/index.php\\\/2021\\\/12\\\/17\\\/hcd-berazategui-asumio-celia-cabrera\\\/#breadcrumb\"},\"inLanguage\":\"es\",\"potentialAction\":[{\"@type\":\"ReadAction\",\"target\":[\"https:\\\/\\\/diarioprincipios.com\\\/index.php\\\/2021\\\/12\\\/17\\\/hcd-berazategui-asumio-celia-cabrera\\\/\"]}]},{\"@type\":\"ImageObject\",\"inLanguage\":\"es\",\"@id\":\"https:\\\/\\\/diarioprincipios.com\\\/index.php\\\/2021\\\/12\\\/17\\\/hcd-berazategui-asumio-celia-cabrera\\\/#primaryimage\",\"url\":\"https:\\\/\\\/diarioprincipios.com\\\/wp-content\\\/uploads\\\/2021\\\/12\\\/20211216_125655-scaled.jpg\",\"contentUrl\":\"https:\\\/\\\/diarioprincipios.com\\\/wp-content\\\/uploads\\\/2021\\\/12\\\/20211216_125655-scaled.jpg\",\"width\":2560,\"height\":1153},{\"@type\":\"BreadcrumbList\",\"@id\":\"https:\\\/\\\/diarioprincipios.com\\\/index.php\\\/2021\\\/12\\\/17\\\/hcd-berazategui-asumio-celia-cabrera\\\/#breadcrumb\",\"itemListElement\":[{\"@type\":\"ListItem\",\"position\":1,\"name\":\"Portada\",\"item\":\"https:\\\/\\\/diarioprincipios.com\\\/\"},{\"@type\":\"ListItem\",\"position\":2,\"name\":\"HCD Berazategui: Asumi\u00f3 Celia Cabrera\"}]},{\"@type\":\"WebSite\",\"@id\":\"https:\\\/\\\/diarioprincipios.com\\\/#website\",\"url\":\"https:\\\/\\\/diarioprincipios.com\\\/\",\"name\":\"Principios\",\"description\":\"Principios Diario\",\"publisher\":{\"@id\":\"https:\\\/\\\/diarioprincipios.com\\\/#organization\"},\"potentialAction\":[{\"@type\":\"SearchAction\",\"target\":{\"@type\":\"EntryPoint\",\"urlTemplate\":\"https:\\\/\\\/diarioprincipios.com\\\/?s={search_term_string}\"},\"query-input\":{\"@type\":\"PropertyValueSpecification\",\"valueRequired\":true,\"valueName\":\"search_term_string\"}}],\"inLanguage\":\"es\"},{\"@type\":\"Organization\",\"@id\":\"https:\\\/\\\/diarioprincipios.com\\\/#organization\",\"name\":\"Principios\",\"url\":\"https:\\\/\\\/diarioprincipios.com\\\/\",\"logo\":{\"@type\":\"ImageObject\",\"inLanguage\":\"es\",\"@id\":\"https:\\\/\\\/diarioprincipios.com\\\/#\\\/schema\\\/logo\\\/image\\\/\",\"url\":\"https:\\\/\\\/diarioprincipios.com\\\/wp-content\\\/uploads\\\/2024\\\/04\\\/cropped-www.diarioprincipios.com_-1.png\",\"contentUrl\":\"https:\\\/\\\/diarioprincipios.com\\\/wp-content\\\/uploads\\\/2024\\\/04\\\/cropped-www.diarioprincipios.com_-1.png\",\"width\":5325,\"height\":1454,\"caption\":\"Principios\"},\"image\":{\"@id\":\"https:\\\/\\\/diarioprincipios.com\\\/#\\\/schema\\\/logo\\\/image\\\/\"}},{\"@type\":\"Person\",\"@id\":\"https:\\\/\\\/diarioprincipios.com\\\/#\\\/schema\\\/person\\\/436d5a1fd41a5e250e23ff5a6a7cb080\",\"name\":\"Hern\u00e1n L\u00f3pez\",\"image\":{\"@type\":\"ImageObject\",\"inLanguage\":\"es\",\"@id\":\"https:\\\/\\\/diarioprincipios.com\\\/wp-content\\\/litespeed\\\/avatar\\\/11ddfe5610ff3bd100522525b2571f48.jpg?ver=1777653193\",\"url\":\"https:\\\/\\\/diarioprincipios.com\\\/wp-content\\\/litespeed\\\/avatar\\\/11ddfe5610ff3bd100522525b2571f48.jpg?ver=1777653193\",\"contentUrl\":\"https:\\\/\\\/diarioprincipios.com\\\/wp-content\\\/litespeed\\\/avatar\\\/11ddfe5610ff3bd100522525b2571f48.jpg?ver=1777653193\",\"caption\":\"Hern\u00e1n L\u00f3pez\"},\"url\":\"https:\\\/\\\/diarioprincipios.com\\\/index.php\\\/author\\\/hernan\\\/\"}]}<\/script>\n<!-- \/ Yoast SEO plugin. -->","yoast_head_json":{"title":"HCD Berazategui: Asumi\u00f3 Celia Cabrera - Principios","robots":{"index":"index","follow":"follow","max-snippet":"max-snippet:-1","max-image-preview":"max-image-preview:large","max-video-preview":"max-video-preview:-1"},"canonical":"https:\/\/diarioprincipios.com\/index.php\/2021\/12\/17\/hcd-berazategui-asumio-celia-cabrera\/","og_locale":"es_ES","og_type":"article","og_title":"HCD Berazategui: Asumi\u00f3 Celia Cabrera - Principios","og_description":"La presidenta de la Asociaci\u00f3n de Voley Capital Nacional del Vidrio, Celia Cabrera, asumi\u00f3 el jueves 15 su banca en el HCD de Berazategui junto a otros tres concejales, tras el pedido de licencia de los cuatro concejales electos el 14 de noviembre que seguir\u00e1n con sus funciones en el Gabinete Municipal. Cabrera llega al...","og_url":"https:\/\/diarioprincipios.com\/index.php\/2021\/12\/17\/hcd-berazategui-asumio-celia-cabrera\/","og_site_name":"Principios","article_published_time":"2021-12-17T15:44:23+00:00","article_modified_time":"2021-12-17T15:44:29+00:00","og_image":[{"width":2560,"height":1153,"url":"https:\/\/diarioprincipios.com\/wp-content\/uploads\/2021\/12\/20211216_125655-scaled.jpg","type":"image\/jpeg"}],"author":"Hern\u00e1n L\u00f3pez","twitter_card":"summary_large_image","twitter_misc":{"Escrito por":"Hern\u00e1n L\u00f3pez","Tiempo de lectura":"2 minutos"},"schema":{"@context":"https:\/\/schema.org","@graph":[{"@type":"Article","@id":"https:\/\/diarioprincipios.com\/index.php\/2021\/12\/17\/hcd-berazategui-asumio-celia-cabrera\/#article","isPartOf":{"@id":"https:\/\/diarioprincipios.com\/index.php\/2021\/12\/17\/hcd-berazategui-asumio-celia-cabrera\/"},"author":{"name":"Hern\u00e1n L\u00f3pez","@id":"https:\/\/diarioprincipios.com\/#\/schema\/person\/436d5a1fd41a5e250e23ff5a6a7cb080"},"headline":"HCD Berazategui: Asumi\u00f3 Celia Cabrera","datePublished":"2021-12-17T15:44:23+00:00","dateModified":"2021-12-17T15:44:29+00:00","mainEntityOfPage":{"@id":"https:\/\/diarioprincipios.com\/index.php\/2021\/12\/17\/hcd-berazategui-asumio-celia-cabrera\/"},"wordCount":271,"commentCount":0,"publisher":{"@id":"https:\/\/diarioprincipios.com\/#organization"},"image":{"@id":"https:\/\/diarioprincipios.com\/index.php\/2021\/12\/17\/hcd-berazategui-asumio-celia-cabrera\/#primaryimage"},"thumbnailUrl":"https:\/\/diarioprincipios.com\/wp-content\/uploads\/2021\/12\/20211216_125655-scaled.jpg","articleSection":["Berazategui"],"inLanguage":"es","potentialAction":[{"@type":"CommentAction","name":"Comment","target":["https:\/\/diarioprincipios.com\/index.php\/2021\/12\/17\/hcd-berazategui-asumio-celia-cabrera\/#respond"]}]},{"@type":"WebPage","@id":"https:\/\/diarioprincipios.com\/index.php\/2021\/12\/17\/hcd-berazategui-asumio-celia-cabrera\/","url":"https:\/\/diarioprincipios.com\/index.php\/2021\/12\/17\/hcd-berazategui-asumio-celia-cabrera\/","name":"HCD Berazategui: Asumi\u00f3 Celia Cabrera - Principios","isPartOf":{"@id":"https:\/\/diarioprincipios.com\/#website"},"primaryImageOfPage":{"@id":"https:\/\/diarioprincipios.com\/index.php\/2021\/12\/17\/hcd-berazategui-asumio-celia-cabrera\/#primaryimage"},"image":{"@id":"https:\/\/diarioprincipios.com\/index.php\/2021\/12\/17\/hcd-berazategui-asumio-celia-cabrera\/#primaryimage"},"thumbnailUrl":"https:\/\/diarioprincipios.com\/wp-content\/uploads\/2021\/12\/20211216_125655-scaled.jpg","datePublished":"2021-12-17T15:44:23+00:00","dateModified":"2021-12-17T15:44:29+00:00","breadcrumb":{"@id":"https:\/\/diarioprincipios.com\/index.php\/2021\/12\/17\/hcd-berazategui-asumio-celia-cabrera\/#breadcrumb"},"inLanguage":"es","potentialAction":[{"@type":"ReadAction","target":["https:\/\/diarioprincipios.com\/index.php\/2021\/12\/17\/hcd-berazategui-asumio-celia-cabrera\/"]}]},{"@type":"ImageObject","inLanguage":"es","@id":"https:\/\/diarioprincipios.com\/index.php\/2021\/12\/17\/hcd-berazategui-asumio-celia-cabrera\/#primaryimage","url":"https:\/\/diarioprincipios.com\/wp-content\/uploads\/2021\/12\/20211216_125655-scaled.jpg","contentUrl":"https:\/\/diarioprincipios.com\/wp-content\/uploads\/2021\/12\/20211216_125655-scaled.jpg","width":2560,"height":1153},{"@type":"BreadcrumbList","@id":"https:\/\/diarioprincipios.com\/index.php\/2021\/12\/17\/hcd-berazategui-asumio-celia-cabrera\/#breadcrumb","itemListElement":[{"@type":"ListItem","position":1,"name":"Portada","item":"https:\/\/diarioprincipios.com\/"},{"@type":"ListItem","position":2,"name":"HCD Berazategui: Asumi\u00f3 Celia Cabrera"}]},{"@type":"WebSite","@id":"https:\/\/diarioprincipios.com\/#website","url":"https:\/\/diarioprincipios.com\/","name":"Principios","description":"Principios Diario","publisher":{"@id":"https:\/\/diarioprincipios.com\/#organization"},"potentialAction":[{"@type":"SearchAction","target":{"@type":"EntryPoint","urlTemplate":"https:\/\/diarioprincipios.com\/?s={search_term_string}"},"query-input":{"@type":"PropertyValueSpecification","valueRequired":true,"valueName":"search_term_string"}}],"inLanguage":"es"},{"@type":"Organization","@id":"https:\/\/diarioprincipios.com\/#organization","name":"Principios","url":"https:\/\/diarioprincipios.com\/","logo":{"@type":"ImageObject","inLanguage":"es","@id":"https:\/\/diarioprincipios.com\/#\/schema\/logo\/image\/","url":"https:\/\/diarioprincipios.com\/wp-content\/uploads\/2024\/04\/cropped-www.diarioprincipios.com_-1.png","contentUrl":"https:\/\/diarioprincipios.com\/wp-content\/uploads\/2024\/04\/cropped-www.diarioprincipios.com_-1.png","width":5325,"height":1454,"caption":"Principios"},"image":{"@id":"https:\/\/diarioprincipios.com\/#\/schema\/logo\/image\/"}},{"@type":"Person","@id":"https:\/\/diarioprincipios.com\/#\/schema\/person\/436d5a1fd41a5e250e23ff5a6a7cb080","name":"Hern\u00e1n L\u00f3pez","image":{"@type":"ImageObject","inLanguage":"es","@id":"https:\/\/diarioprincipios.com\/wp-content\/litespeed\/avatar\/11ddfe5610ff3bd100522525b2571f48.jpg?ver=1777653193","url":"https:\/\/diarioprincipios.com\/wp-content\/litespeed\/avatar\/11ddfe5610ff3bd100522525b2571f48.jpg?ver=1777653193","contentUrl":"https:\/\/diarioprincipios.com\/wp-content\/litespeed\/avatar\/11ddfe5610ff3bd100522525b2571f48.jpg?ver=1777653193","caption":"Hern\u00e1n L\u00f3pez"},"url":"https:\/\/diarioprincipios.com\/index.php\/author\/hernan\/"}]}},"jetpack_featured_media_url":"https:\/\/diarioprincipios.com\/wp-content\/uploads\/2021\/12\/20211216_125655-scaled.jpg","_links":{"self":[{"href":"https:\/\/diarioprincipios.com\/index.php\/wp-json\/wp\/v2\/posts\/12246","targetHints":{"allow":["GET"]}}],"collection":[{"href":"https:\/\/diarioprincipios.com\/index.php\/wp-json\/wp\/v2\/posts"}],"about":[{"href":"https:\/\/diarioprincipios.com\/index.php\/wp-json\/wp\/v2\/types\/post"}],"author":[{"embeddable":true,"href":"https:\/\/diarioprincipios.com\/index.php\/wp-json\/wp\/v2\/users\/2"}],"replies":[{"embeddable":true,"href":"https:\/\/diarioprincipios.com\/index.php\/wp-json\/wp\/v2\/comments?post=12246"}],"version-history":[{"count":1,"href":"https:\/\/diarioprincipios.com\/index.php\/wp-json\/wp\/v2\/posts\/12246\/revisions"}],"predecessor-version":[{"id":12251,"href":"https:\/\/diarioprincipios.com\/index.php\/wp-json\/wp\/v2\/posts\/12246\/revisions\/12251"}],"wp:featuredmedia":[{"embeddable":true,"href":"https:\/\/diarioprincipios.com\/index.php\/wp-json\/wp\/v2\/media\/12250"}],"wp:attachment":[{"href":"https:\/\/diarioprincipios.com\/index.php\/wp-json\/wp\/v2\/media?parent=12246"}],"wp:term":[{"taxonomy":"category","embeddable":true,"href":"https:\/\/diarioprincipios.com\/index.php\/wp-json\/wp\/v2\/categories?post=12246"},{"taxonomy":"post_tag","embeddable":true,"href":"https:\/\/diarioprincipios.com\/index.php\/wp-json\/wp\/v2\/tags?post=12246"}],"curies":[{"name":"wp","href":"https:\/\/api.w.org\/{rel}","templated":true}]}}