{"id":12236,"date":"2021-12-16T15:36:43","date_gmt":"2021-12-16T18:36:43","guid":{"rendered":"http:\/\/diarioprincipios.com\/?p=12236"},"modified":"2021-12-16T15:39:22","modified_gmt":"2021-12-16T18:39:22","slug":"mabel-dias-cerramos-el-ano-con-un-fuerte-compromiso-y-trabajo-social","status":"publish","type":"post","link":"https:\/\/diarioprincipios.com\/index.php\/2021\/12\/16\/mabel-dias-cerramos-el-ano-con-un-fuerte-compromiso-y-trabajo-social\/","title":{"rendered":"Mabel Dias: \u00abCerramos el a\u00f1o con un fuerte compromiso y trabajo social\u00bb"},"content":{"rendered":"\n<p class=\"has-text-align-left\">La concejala Mabel Dias, integrante del Bloque Frente de Todos y referente en el distrito del Frente Renovador, dijo a Principios que \u00abcerramos el a\u00f1o con un fuerte compromiso y trabajo social, estuvimos como siempre muy activos, atentos a las necesidades de nuestros vecinos, viendo que podemos hacer para ayudar\u00bb.<\/p>\n\n\n\n<p class=\"has-text-align-left\">Dias destac\u00f3 que \u00abjunto a la gente que me acompa\u00f1a venimos desarrollando un trabajo social permanente, colaboramos mucho con los merenderos, tambi\u00e9n con el Hospital Evita Pueblo especialmente ayudando con ropita lavada y planchada para beb\u00e9s reci\u00e9n nacidos cuyas mam\u00e1s necesitan de ayuda, tambi\u00e9n entregamos pa\u00f1ales y medicamentos a muchos abuelos que se encuentran en situaciones dif\u00edciles y necesitan una mano\u00bb.<\/p>\n\n\n\n<p class=\"has-text-align-left\">Aclar\u00f3 luego que \u00abtodo esto lo podemos hacer gracias al aporte y las donaciones de mucha gente que tiene la misma empat\u00eda y amor al pr\u00f3jimo que nosotros, los peronistas sabemos el rol clave que juega la justicia social y sabemos tambi\u00e9n que sin amor no hay justicia social ni posibilidad de ayudar al otro\u00bb.<\/p>\n\n\n\n<p class=\"has-text-align-left\">M\u00e1s adelante, la legisladora comunal destac\u00f3 el dialogo y la buena relaci\u00f3n que mantiene con diferentes actores pol\u00edticos y sociales, destacando que \u00abel dialogo y la articulaci\u00f3n con todos los sectores son claves para resolver los problemas de la gente\u00bb.<\/p>\n\n\n\n<p class=\"has-text-align-left\">Expres\u00f3 asimismo que \u00abnosotros no prometemos nada, porque hay cosas que a veces no est\u00e1n al alcance, pero si nos comprometemos todos los d\u00edas a estar donde nos necesiten, a ver que podemos hacer para ayudar, asi trabajamos cada d\u00eda en los merenderos, con los abuelos, en el Hospital con las mam\u00e1s y en cada uno de los sitios donde requieran de nuestra colaboraci\u00f3n\u00bb.<\/p>\n\n\n\n<p class=\"has-text-align-left\">Finalmente, record\u00f3 que \u00abla pandemia ha sido un golpe muy duro para todos, a mi me ha tocado perder a mi esposo y a mi madre, pero la mejor manera de combatirla es con mucho amor en nuestros corazones, buscando la unidad y disfrutando cada instante, porque los momentos vividos con la gente que queremos es lo \u00fanico que nos llevamos, sin amor hacia el otro no podemos hacer nada, as\u00ed que debemos comenzar por ah\u00ed\u00bb.<\/p>\n","protected":false},"excerpt":{"rendered":"<p>La concejala Mabel Dias, integrante del Bloque Frente de Todos y referente en el distrito del Frente Renovador, dijo a Principios que \u00abcerramos el a\u00f1o con un fuerte compromiso y trabajo social, estuvimos como siempre muy activos, atentos a las necesidades de nuestros vecinos, viendo que podemos hacer para ayudar\u00bb. Dias destac\u00f3 que \u00abjunto a&#8230;<\/p>\n","protected":false},"author":2,"featured_media":12241,"comment_status":"open","ping_status":"open","sticky":false,"template":"","format":"standard","meta":{"footnotes":""},"categories":[3],"tags":[],"class_list":["post-12236","post","type-post","status-publish","format-standard","has-post-thumbnail","hentry","category-berazategui"],"featured_image_src":"https:\/\/diarioprincipios.com\/wp-content\/uploads\/2021\/12\/IMG-20211215-WA0007-1024x731.jpg","blog_images":{"medium":"https:\/\/diarioprincipios.com\/wp-content\/uploads\/2021\/12\/IMG-20211215-WA0007-300x214.jpg","large":"https:\/\/diarioprincipios.com\/wp-content\/uploads\/2021\/12\/IMG-20211215-WA0007-1024x731.jpg"},"ams_acf":[],"yoast_head":"<!-- This site is optimized with the Yoast SEO plugin v27.3 - https:\/\/yoast.com\/product\/yoast-seo-wordpress\/ -->\n<title>Mabel Dias: &quot;Cerramos el a\u00f1o con un fuerte compromiso y trabajo social&quot; - Principios<\/title>\n<meta name=\"robots\" content=\"index, follow, max-snippet:-1, max-image-preview:large, max-video-preview:-1\" \/>\n<link rel=\"canonical\" href=\"https:\/\/diarioprincipios.com\/index.php\/2021\/12\/16\/mabel-dias-cerramos-el-ano-con-un-fuerte-compromiso-y-trabajo-social\/\" \/>\n<meta property=\"og:locale\" content=\"es_ES\" \/>\n<meta property=\"og:type\" content=\"article\" \/>\n<meta property=\"og:title\" content=\"Mabel Dias: &quot;Cerramos el a\u00f1o con un fuerte compromiso y trabajo social&quot; - Principios\" \/>\n<meta property=\"og:description\" content=\"La concejala Mabel Dias, integrante del Bloque Frente de Todos y referente en el distrito del Frente Renovador, dijo a Principios que \u00abcerramos el a\u00f1o con un fuerte compromiso y trabajo social, estuvimos como siempre muy activos, atentos a las necesidades de nuestros vecinos, viendo que podemos hacer para ayudar\u00bb. Dias destac\u00f3 que \u00abjunto a...\" \/>\n<meta property=\"og:url\" content=\"https:\/\/diarioprincipios.com\/index.php\/2021\/12\/16\/mabel-dias-cerramos-el-ano-con-un-fuerte-compromiso-y-trabajo-social\/\" \/>\n<meta property=\"og:site_name\" content=\"Principios\" \/>\n<meta property=\"article:published_time\" content=\"2021-12-16T18:36:43+00:00\" \/>\n<meta property=\"article:modified_time\" content=\"2021-12-16T18:39:22+00:00\" \/>\n<meta property=\"og:image\" content=\"https:\/\/diarioprincipios.com\/wp-content\/uploads\/2021\/12\/IMG-20211215-WA0007.jpg\" \/>\n\t<meta property=\"og:image:width\" content=\"1080\" \/>\n\t<meta property=\"og:image:height\" content=\"771\" \/>\n\t<meta property=\"og:image:type\" content=\"image\/jpeg\" \/>\n<meta name=\"author\" content=\"Hern\u00e1n L\u00f3pez\" \/>\n<meta name=\"twitter:card\" content=\"summary_large_image\" \/>\n<meta name=\"twitter:label1\" content=\"Escrito por\" \/>\n\t<meta name=\"twitter:data1\" content=\"Hern\u00e1n L\u00f3pez\" \/>\n\t<meta name=\"twitter:label2\" content=\"Tiempo de lectura\" \/>\n\t<meta name=\"twitter:data2\" content=\"2 minutos\" \/>\n<script type=\"application\/ld+json\" class=\"yoast-schema-graph\">{\"@context\":\"https:\\\/\\\/schema.org\",\"@graph\":[{\"@type\":\"Article\",\"@id\":\"https:\\\/\\\/diarioprincipios.com\\\/index.php\\\/2021\\\/12\\\/16\\\/mabel-dias-cerramos-el-ano-con-un-fuerte-compromiso-y-trabajo-social\\\/#article\",\"isPartOf\":{\"@id\":\"https:\\\/\\\/diarioprincipios.com\\\/index.php\\\/2021\\\/12\\\/16\\\/mabel-dias-cerramos-el-ano-con-un-fuerte-compromiso-y-trabajo-social\\\/\"},\"author\":{\"name\":\"Hern\u00e1n L\u00f3pez\",\"@id\":\"https:\\\/\\\/diarioprincipios.com\\\/#\\\/schema\\\/person\\\/436d5a1fd41a5e250e23ff5a6a7cb080\"},\"headline\":\"Mabel Dias: \u00abCerramos el a\u00f1o con un fuerte compromiso y trabajo social\u00bb\",\"datePublished\":\"2021-12-16T18:36:43+00:00\",\"dateModified\":\"2021-12-16T18:39:22+00:00\",\"mainEntityOfPage\":{\"@id\":\"https:\\\/\\\/diarioprincipios.com\\\/index.php\\\/2021\\\/12\\\/16\\\/mabel-dias-cerramos-el-ano-con-un-fuerte-compromiso-y-trabajo-social\\\/\"},\"wordCount\":380,\"commentCount\":0,\"publisher\":{\"@id\":\"https:\\\/\\\/diarioprincipios.com\\\/#organization\"},\"image\":{\"@id\":\"https:\\\/\\\/diarioprincipios.com\\\/index.php\\\/2021\\\/12\\\/16\\\/mabel-dias-cerramos-el-ano-con-un-fuerte-compromiso-y-trabajo-social\\\/#primaryimage\"},\"thumbnailUrl\":\"https:\\\/\\\/diarioprincipios.com\\\/wp-content\\\/uploads\\\/2021\\\/12\\\/IMG-20211215-WA0007.jpg\",\"articleSection\":[\"Berazategui\"],\"inLanguage\":\"es\",\"potentialAction\":[{\"@type\":\"CommentAction\",\"name\":\"Comment\",\"target\":[\"https:\\\/\\\/diarioprincipios.com\\\/index.php\\\/2021\\\/12\\\/16\\\/mabel-dias-cerramos-el-ano-con-un-fuerte-compromiso-y-trabajo-social\\\/#respond\"]}]},{\"@type\":\"WebPage\",\"@id\":\"https:\\\/\\\/diarioprincipios.com\\\/index.php\\\/2021\\\/12\\\/16\\\/mabel-dias-cerramos-el-ano-con-un-fuerte-compromiso-y-trabajo-social\\\/\",\"url\":\"https:\\\/\\\/diarioprincipios.com\\\/index.php\\\/2021\\\/12\\\/16\\\/mabel-dias-cerramos-el-ano-con-un-fuerte-compromiso-y-trabajo-social\\\/\",\"name\":\"Mabel Dias: \\\"Cerramos el a\u00f1o con un fuerte compromiso y trabajo social\\\" - Principios\",\"isPartOf\":{\"@id\":\"https:\\\/\\\/diarioprincipios.com\\\/#website\"},\"primaryImageOfPage\":{\"@id\":\"https:\\\/\\\/diarioprincipios.com\\\/index.php\\\/2021\\\/12\\\/16\\\/mabel-dias-cerramos-el-ano-con-un-fuerte-compromiso-y-trabajo-social\\\/#primaryimage\"},\"image\":{\"@id\":\"https:\\\/\\\/diarioprincipios.com\\\/index.php\\\/2021\\\/12\\\/16\\\/mabel-dias-cerramos-el-ano-con-un-fuerte-compromiso-y-trabajo-social\\\/#primaryimage\"},\"thumbnailUrl\":\"https:\\\/\\\/diarioprincipios.com\\\/wp-content\\\/uploads\\\/2021\\\/12\\\/IMG-20211215-WA0007.jpg\",\"datePublished\":\"2021-12-16T18:36:43+00:00\",\"dateModified\":\"2021-12-16T18:39:22+00:00\",\"breadcrumb\":{\"@id\":\"https:\\\/\\\/diarioprincipios.com\\\/index.php\\\/2021\\\/12\\\/16\\\/mabel-dias-cerramos-el-ano-con-un-fuerte-compromiso-y-trabajo-social\\\/#breadcrumb\"},\"inLanguage\":\"es\",\"potentialAction\":[{\"@type\":\"ReadAction\",\"target\":[\"https:\\\/\\\/diarioprincipios.com\\\/index.php\\\/2021\\\/12\\\/16\\\/mabel-dias-cerramos-el-ano-con-un-fuerte-compromiso-y-trabajo-social\\\/\"]}]},{\"@type\":\"ImageObject\",\"inLanguage\":\"es\",\"@id\":\"https:\\\/\\\/diarioprincipios.com\\\/index.php\\\/2021\\\/12\\\/16\\\/mabel-dias-cerramos-el-ano-con-un-fuerte-compromiso-y-trabajo-social\\\/#primaryimage\",\"url\":\"https:\\\/\\\/diarioprincipios.com\\\/wp-content\\\/uploads\\\/2021\\\/12\\\/IMG-20211215-WA0007.jpg\",\"contentUrl\":\"https:\\\/\\\/diarioprincipios.com\\\/wp-content\\\/uploads\\\/2021\\\/12\\\/IMG-20211215-WA0007.jpg\",\"width\":1080,\"height\":771},{\"@type\":\"BreadcrumbList\",\"@id\":\"https:\\\/\\\/diarioprincipios.com\\\/index.php\\\/2021\\\/12\\\/16\\\/mabel-dias-cerramos-el-ano-con-un-fuerte-compromiso-y-trabajo-social\\\/#breadcrumb\",\"itemListElement\":[{\"@type\":\"ListItem\",\"position\":1,\"name\":\"Portada\",\"item\":\"https:\\\/\\\/diarioprincipios.com\\\/\"},{\"@type\":\"ListItem\",\"position\":2,\"name\":\"Mabel Dias: \u00abCerramos el a\u00f1o con un fuerte compromiso y trabajo social\u00bb\"}]},{\"@type\":\"WebSite\",\"@id\":\"https:\\\/\\\/diarioprincipios.com\\\/#website\",\"url\":\"https:\\\/\\\/diarioprincipios.com\\\/\",\"name\":\"Principios\",\"description\":\"Principios Diario\",\"publisher\":{\"@id\":\"https:\\\/\\\/diarioprincipios.com\\\/#organization\"},\"potentialAction\":[{\"@type\":\"SearchAction\",\"target\":{\"@type\":\"EntryPoint\",\"urlTemplate\":\"https:\\\/\\\/diarioprincipios.com\\\/?s={search_term_string}\"},\"query-input\":{\"@type\":\"PropertyValueSpecification\",\"valueRequired\":true,\"valueName\":\"search_term_string\"}}],\"inLanguage\":\"es\"},{\"@type\":\"Organization\",\"@id\":\"https:\\\/\\\/diarioprincipios.com\\\/#organization\",\"name\":\"Principios\",\"url\":\"https:\\\/\\\/diarioprincipios.com\\\/\",\"logo\":{\"@type\":\"ImageObject\",\"inLanguage\":\"es\",\"@id\":\"https:\\\/\\\/diarioprincipios.com\\\/#\\\/schema\\\/logo\\\/image\\\/\",\"url\":\"https:\\\/\\\/diarioprincipios.com\\\/wp-content\\\/uploads\\\/2024\\\/04\\\/cropped-www.diarioprincipios.com_-1.png\",\"contentUrl\":\"https:\\\/\\\/diarioprincipios.com\\\/wp-content\\\/uploads\\\/2024\\\/04\\\/cropped-www.diarioprincipios.com_-1.png\",\"width\":5325,\"height\":1454,\"caption\":\"Principios\"},\"image\":{\"@id\":\"https:\\\/\\\/diarioprincipios.com\\\/#\\\/schema\\\/logo\\\/image\\\/\"}},{\"@type\":\"Person\",\"@id\":\"https:\\\/\\\/diarioprincipios.com\\\/#\\\/schema\\\/person\\\/436d5a1fd41a5e250e23ff5a6a7cb080\",\"name\":\"Hern\u00e1n L\u00f3pez\",\"image\":{\"@type\":\"ImageObject\",\"inLanguage\":\"es\",\"@id\":\"https:\\\/\\\/diarioprincipios.com\\\/wp-content\\\/litespeed\\\/avatar\\\/11ddfe5610ff3bd100522525b2571f48.jpg?ver=1777653193\",\"url\":\"https:\\\/\\\/diarioprincipios.com\\\/wp-content\\\/litespeed\\\/avatar\\\/11ddfe5610ff3bd100522525b2571f48.jpg?ver=1777653193\",\"contentUrl\":\"https:\\\/\\\/diarioprincipios.com\\\/wp-content\\\/litespeed\\\/avatar\\\/11ddfe5610ff3bd100522525b2571f48.jpg?ver=1777653193\",\"caption\":\"Hern\u00e1n L\u00f3pez\"},\"url\":\"https:\\\/\\\/diarioprincipios.com\\\/index.php\\\/author\\\/hernan\\\/\"}]}<\/script>\n<!-- \/ Yoast SEO plugin. -->","yoast_head_json":{"title":"Mabel Dias: \"Cerramos el a\u00f1o con un fuerte compromiso y trabajo social\" - Principios","robots":{"index":"index","follow":"follow","max-snippet":"max-snippet:-1","max-image-preview":"max-image-preview:large","max-video-preview":"max-video-preview:-1"},"canonical":"https:\/\/diarioprincipios.com\/index.php\/2021\/12\/16\/mabel-dias-cerramos-el-ano-con-un-fuerte-compromiso-y-trabajo-social\/","og_locale":"es_ES","og_type":"article","og_title":"Mabel Dias: \"Cerramos el a\u00f1o con un fuerte compromiso y trabajo social\" - Principios","og_description":"La concejala Mabel Dias, integrante del Bloque Frente de Todos y referente en el distrito del Frente Renovador, dijo a Principios que \u00abcerramos el a\u00f1o con un fuerte compromiso y trabajo social, estuvimos como siempre muy activos, atentos a las necesidades de nuestros vecinos, viendo que podemos hacer para ayudar\u00bb. Dias destac\u00f3 que \u00abjunto a...","og_url":"https:\/\/diarioprincipios.com\/index.php\/2021\/12\/16\/mabel-dias-cerramos-el-ano-con-un-fuerte-compromiso-y-trabajo-social\/","og_site_name":"Principios","article_published_time":"2021-12-16T18:36:43+00:00","article_modified_time":"2021-12-16T18:39:22+00:00","og_image":[{"width":1080,"height":771,"url":"https:\/\/diarioprincipios.com\/wp-content\/uploads\/2021\/12\/IMG-20211215-WA0007.jpg","type":"image\/jpeg"}],"author":"Hern\u00e1n L\u00f3pez","twitter_card":"summary_large_image","twitter_misc":{"Escrito por":"Hern\u00e1n L\u00f3pez","Tiempo de lectura":"2 minutos"},"schema":{"@context":"https:\/\/schema.org","@graph":[{"@type":"Article","@id":"https:\/\/diarioprincipios.com\/index.php\/2021\/12\/16\/mabel-dias-cerramos-el-ano-con-un-fuerte-compromiso-y-trabajo-social\/#article","isPartOf":{"@id":"https:\/\/diarioprincipios.com\/index.php\/2021\/12\/16\/mabel-dias-cerramos-el-ano-con-un-fuerte-compromiso-y-trabajo-social\/"},"author":{"name":"Hern\u00e1n L\u00f3pez","@id":"https:\/\/diarioprincipios.com\/#\/schema\/person\/436d5a1fd41a5e250e23ff5a6a7cb080"},"headline":"Mabel Dias: \u00abCerramos el a\u00f1o con un fuerte compromiso y trabajo social\u00bb","datePublished":"2021-12-16T18:36:43+00:00","dateModified":"2021-12-16T18:39:22+00:00","mainEntityOfPage":{"@id":"https:\/\/diarioprincipios.com\/index.php\/2021\/12\/16\/mabel-dias-cerramos-el-ano-con-un-fuerte-compromiso-y-trabajo-social\/"},"wordCount":380,"commentCount":0,"publisher":{"@id":"https:\/\/diarioprincipios.com\/#organization"},"image":{"@id":"https:\/\/diarioprincipios.com\/index.php\/2021\/12\/16\/mabel-dias-cerramos-el-ano-con-un-fuerte-compromiso-y-trabajo-social\/#primaryimage"},"thumbnailUrl":"https:\/\/diarioprincipios.com\/wp-content\/uploads\/2021\/12\/IMG-20211215-WA0007.jpg","articleSection":["Berazategui"],"inLanguage":"es","potentialAction":[{"@type":"CommentAction","name":"Comment","target":["https:\/\/diarioprincipios.com\/index.php\/2021\/12\/16\/mabel-dias-cerramos-el-ano-con-un-fuerte-compromiso-y-trabajo-social\/#respond"]}]},{"@type":"WebPage","@id":"https:\/\/diarioprincipios.com\/index.php\/2021\/12\/16\/mabel-dias-cerramos-el-ano-con-un-fuerte-compromiso-y-trabajo-social\/","url":"https:\/\/diarioprincipios.com\/index.php\/2021\/12\/16\/mabel-dias-cerramos-el-ano-con-un-fuerte-compromiso-y-trabajo-social\/","name":"Mabel Dias: \"Cerramos el a\u00f1o con un fuerte compromiso y trabajo social\" - Principios","isPartOf":{"@id":"https:\/\/diarioprincipios.com\/#website"},"primaryImageOfPage":{"@id":"https:\/\/diarioprincipios.com\/index.php\/2021\/12\/16\/mabel-dias-cerramos-el-ano-con-un-fuerte-compromiso-y-trabajo-social\/#primaryimage"},"image":{"@id":"https:\/\/diarioprincipios.com\/index.php\/2021\/12\/16\/mabel-dias-cerramos-el-ano-con-un-fuerte-compromiso-y-trabajo-social\/#primaryimage"},"thumbnailUrl":"https:\/\/diarioprincipios.com\/wp-content\/uploads\/2021\/12\/IMG-20211215-WA0007.jpg","datePublished":"2021-12-16T18:36:43+00:00","dateModified":"2021-12-16T18:39:22+00:00","breadcrumb":{"@id":"https:\/\/diarioprincipios.com\/index.php\/2021\/12\/16\/mabel-dias-cerramos-el-ano-con-un-fuerte-compromiso-y-trabajo-social\/#breadcrumb"},"inLanguage":"es","potentialAction":[{"@type":"ReadAction","target":["https:\/\/diarioprincipios.com\/index.php\/2021\/12\/16\/mabel-dias-cerramos-el-ano-con-un-fuerte-compromiso-y-trabajo-social\/"]}]},{"@type":"ImageObject","inLanguage":"es","@id":"https:\/\/diarioprincipios.com\/index.php\/2021\/12\/16\/mabel-dias-cerramos-el-ano-con-un-fuerte-compromiso-y-trabajo-social\/#primaryimage","url":"https:\/\/diarioprincipios.com\/wp-content\/uploads\/2021\/12\/IMG-20211215-WA0007.jpg","contentUrl":"https:\/\/diarioprincipios.com\/wp-content\/uploads\/2021\/12\/IMG-20211215-WA0007.jpg","width":1080,"height":771},{"@type":"BreadcrumbList","@id":"https:\/\/diarioprincipios.com\/index.php\/2021\/12\/16\/mabel-dias-cerramos-el-ano-con-un-fuerte-compromiso-y-trabajo-social\/#breadcrumb","itemListElement":[{"@type":"ListItem","position":1,"name":"Portada","item":"https:\/\/diarioprincipios.com\/"},{"@type":"ListItem","position":2,"name":"Mabel Dias: \u00abCerramos el a\u00f1o con un fuerte compromiso y trabajo social\u00bb"}]},{"@type":"WebSite","@id":"https:\/\/diarioprincipios.com\/#website","url":"https:\/\/diarioprincipios.com\/","name":"Principios","description":"Principios Diario","publisher":{"@id":"https:\/\/diarioprincipios.com\/#organization"},"potentialAction":[{"@type":"SearchAction","target":{"@type":"EntryPoint","urlTemplate":"https:\/\/diarioprincipios.com\/?s={search_term_string}"},"query-input":{"@type":"PropertyValueSpecification","valueRequired":true,"valueName":"search_term_string"}}],"inLanguage":"es"},{"@type":"Organization","@id":"https:\/\/diarioprincipios.com\/#organization","name":"Principios","url":"https:\/\/diarioprincipios.com\/","logo":{"@type":"ImageObject","inLanguage":"es","@id":"https:\/\/diarioprincipios.com\/#\/schema\/logo\/image\/","url":"https:\/\/diarioprincipios.com\/wp-content\/uploads\/2024\/04\/cropped-www.diarioprincipios.com_-1.png","contentUrl":"https:\/\/diarioprincipios.com\/wp-content\/uploads\/2024\/04\/cropped-www.diarioprincipios.com_-1.png","width":5325,"height":1454,"caption":"Principios"},"image":{"@id":"https:\/\/diarioprincipios.com\/#\/schema\/logo\/image\/"}},{"@type":"Person","@id":"https:\/\/diarioprincipios.com\/#\/schema\/person\/436d5a1fd41a5e250e23ff5a6a7cb080","name":"Hern\u00e1n L\u00f3pez","image":{"@type":"ImageObject","inLanguage":"es","@id":"https:\/\/diarioprincipios.com\/wp-content\/litespeed\/avatar\/11ddfe5610ff3bd100522525b2571f48.jpg?ver=1777653193","url":"https:\/\/diarioprincipios.com\/wp-content\/litespeed\/avatar\/11ddfe5610ff3bd100522525b2571f48.jpg?ver=1777653193","contentUrl":"https:\/\/diarioprincipios.com\/wp-content\/litespeed\/avatar\/11ddfe5610ff3bd100522525b2571f48.jpg?ver=1777653193","caption":"Hern\u00e1n L\u00f3pez"},"url":"https:\/\/diarioprincipios.com\/index.php\/author\/hernan\/"}]}},"jetpack_featured_media_url":"https:\/\/diarioprincipios.com\/wp-content\/uploads\/2021\/12\/IMG-20211215-WA0007.jpg","_links":{"self":[{"href":"https:\/\/diarioprincipios.com\/index.php\/wp-json\/wp\/v2\/posts\/12236","targetHints":{"allow":["GET"]}}],"collection":[{"href":"https:\/\/diarioprincipios.com\/index.php\/wp-json\/wp\/v2\/posts"}],"about":[{"href":"https:\/\/diarioprincipios.com\/index.php\/wp-json\/wp\/v2\/types\/post"}],"author":[{"embeddable":true,"href":"https:\/\/diarioprincipios.com\/index.php\/wp-json\/wp\/v2\/users\/2"}],"replies":[{"embeddable":true,"href":"https:\/\/diarioprincipios.com\/index.php\/wp-json\/wp\/v2\/comments?post=12236"}],"version-history":[{"count":3,"href":"https:\/\/diarioprincipios.com\/index.php\/wp-json\/wp\/v2\/posts\/12236\/revisions"}],"predecessor-version":[{"id":12245,"href":"https:\/\/diarioprincipios.com\/index.php\/wp-json\/wp\/v2\/posts\/12236\/revisions\/12245"}],"wp:featuredmedia":[{"embeddable":true,"href":"https:\/\/diarioprincipios.com\/index.php\/wp-json\/wp\/v2\/media\/12241"}],"wp:attachment":[{"href":"https:\/\/diarioprincipios.com\/index.php\/wp-json\/wp\/v2\/media?parent=12236"}],"wp:term":[{"taxonomy":"category","embeddable":true,"href":"https:\/\/diarioprincipios.com\/index.php\/wp-json\/wp\/v2\/categories?post=12236"},{"taxonomy":"post_tag","embeddable":true,"href":"https:\/\/diarioprincipios.com\/index.php\/wp-json\/wp\/v2\/tags?post=12236"}],"curies":[{"name":"wp","href":"https:\/\/api.w.org\/{rel}","templated":true}]}}