{"id":12212,"date":"2021-12-16T12:02:46","date_gmt":"2021-12-16T15:02:46","guid":{"rendered":"http:\/\/diarioprincipios.com\/?p=12212"},"modified":"2021-12-16T12:06:00","modified_gmt":"2021-12-16T15:06:00","slug":"el-rotary-club-ranelagh-cierra-un-ano-de-gran-trabajo-y-reconocimiento","status":"publish","type":"post","link":"https:\/\/diarioprincipios.com\/index.php\/2021\/12\/16\/el-rotary-club-ranelagh-cierra-un-ano-de-gran-trabajo-y-reconocimiento\/","title":{"rendered":"El Rotary Club R\u00e1nelagh cierra un a\u00f1o de gran trabajo y reconocimiento"},"content":{"rendered":"\n<p>En un a\u00f1o totalmente at\u00edpico, dominado por la pandemia y todo lo relacionado al desarrollo de la vida personal, comercial, econ\u00f3mica, e institucional, el Rotary Club de Ranelagh, bajo la Presidencia del Sr. Jorge Nigro,, llev\u00f3 a cabo su tarea de servicios a la comunidad, conjuntamente con reconocimientos de trabajo, abnegaci\u00f3n y sacrificio, de aquellos, que a pesar de la coyuntura, continuaron firmes en sus ocupaciones. <\/p>\n\n\n\n<figure class=\"wp-block-image size-large\"><img loading=\"lazy\" decoding=\"async\" width=\"1024\" height=\"461\" src=\"https:\/\/diarioprincipios.com\/wp-content\/uploads\/2021\/12\/IMG-20211213-WA0051-1024x461.jpg\" alt=\"\" class=\"wp-image-12213\" srcset=\"https:\/\/diarioprincipios.com\/wp-content\/uploads\/2021\/12\/IMG-20211213-WA0051-1024x461.jpg 1024w, https:\/\/diarioprincipios.com\/wp-content\/uploads\/2021\/12\/IMG-20211213-WA0051-300x135.jpg 300w, https:\/\/diarioprincipios.com\/wp-content\/uploads\/2021\/12\/IMG-20211213-WA0051-768x346.jpg 768w, https:\/\/diarioprincipios.com\/wp-content\/uploads\/2021\/12\/IMG-20211213-WA0051.jpg 1280w\" sizes=\"auto, (max-width: 1024px) 100vw, 1024px\" \/><\/figure>\n\n\n\n<p>Cabe mencionar primeramente la entrega de una placa al todo personal, m\u00e9dico, enfermeras\/os, maestranza, ambulancieros, etc., del Hospital Evita Pueblo, por su entrega desinteresada en pos de salvar vidas en un momento dif\u00edcil para toda la poblaci\u00f3n, hasta entregar su propia vida, como ha ocurrido lamentablemente. <\/p>\n\n\n\n<figure class=\"wp-block-image size-large\"><img loading=\"lazy\" decoding=\"async\" width=\"1024\" height=\"768\" src=\"https:\/\/diarioprincipios.com\/wp-content\/uploads\/2021\/12\/IMG-20211213-WA0049-1024x768.jpg\" alt=\"\" class=\"wp-image-12216\" srcset=\"https:\/\/diarioprincipios.com\/wp-content\/uploads\/2021\/12\/IMG-20211213-WA0049-1024x768.jpg 1024w, https:\/\/diarioprincipios.com\/wp-content\/uploads\/2021\/12\/IMG-20211213-WA0049-300x225.jpg 300w, https:\/\/diarioprincipios.com\/wp-content\/uploads\/2021\/12\/IMG-20211213-WA0049-768x576.jpg 768w, https:\/\/diarioprincipios.com\/wp-content\/uploads\/2021\/12\/IMG-20211213-WA0049.jpg 1280w\" sizes=\"auto, (max-width: 1024px) 100vw, 1024px\" \/><\/figure>\n\n\n\n<p>Asimismo, se entregaron diplomas de agradecimiento a distintos profesionales y trabajadores, siendo alcanzados por tal distinci\u00f3n, el Director del Periodico \u00abPrincipios Diario\u00bb, periodista Hern\u00e1n L\u00f3pez, , quien en septiembre de este a\u00f1o cumpli\u00f3 30 a\u00f1os con la tarea de informar; tambi\u00e9n, y recordando sus 50 a\u00f1os consecutivos al frente de su negocio, Marcelo Castro (m\u00e1s conocido por Marcelo el peluquero) quien, y en forma sorpresiva, recibi\u00f3 su Diploma en recordaci\u00f3n a que casi tres generaciones pasaron por sus manos. <\/p>\n\n\n\n<figure class=\"wp-block-image size-full\"><img loading=\"lazy\" decoding=\"async\" width=\"800\" height=\"445\" src=\"https:\/\/diarioprincipios.com\/wp-content\/uploads\/2021\/12\/IMG-20211213-WA0048.jpg\" alt=\"\" class=\"wp-image-12214\" srcset=\"https:\/\/diarioprincipios.com\/wp-content\/uploads\/2021\/12\/IMG-20211213-WA0048.jpg 800w, https:\/\/diarioprincipios.com\/wp-content\/uploads\/2021\/12\/IMG-20211213-WA0048-300x167.jpg 300w, https:\/\/diarioprincipios.com\/wp-content\/uploads\/2021\/12\/IMG-20211213-WA0048-768x427.jpg 768w\" sizes=\"auto, (max-width: 800px) 100vw, 800px\" \/><\/figure>\n\n\n\n<p>Tambi\u00e9n, y es totalmente merecido, se entreg\u00f3 otro Diploma, a la Comisi\u00f3n Directiva de los Amigos de la Estaci\u00f3n Ranelagh, en manos de su Presidente Sr. Roberto Bueno, por la labor que desarrollan d\u00eda a d\u00eda, en beneficio de la mantenci\u00f3n del esas 7 hect\u00e1reas, celebrando tambi\u00e9n su cincuentenario, fecha que por razones obvias, no permiti\u00f3 ning\u00fan festejo. Y finalmente a las autoridades policiales de la Comisar\u00eda 2da., en representaci\u00f3n de su Comisario Pablo L\u00f3pez, quien quiso resaltar la tarea de todo el personal a su cargo por las tareas de prevenci\u00f3n en las calles con operativos m\u00f3viles permanentes, como as\u00ed tambi\u00e9n por las tareas de investigaci\u00f3n llevadas por ese personal en pos de esclarecer hechos delictivos, distinguiendo a tres de sus subalternos, Comisario Alejandro Alegre, Sub Comisario Miguel Fiorentino y Sub Comisario Ezequiel Cistola, quien recibieron sus diplomas correspondientes. Es de destacartambi\u00e9n, una tarea silenciosa llevada a cargo por el Rotary Club de Ranelagh, que es la de asistir a las v\u00edctimas de incendios en sus viviendas particulares, colaborando con la entrega de ropa, calzado, enseres y tambi\u00e9n se consigui\u00f3 la donaci\u00f3n de un artefacto de cocina, que tambi\u00e9n fue entregado.<\/p>\n\n\n\n<figure class=\"wp-block-image size-large\"><img loading=\"lazy\" decoding=\"async\" width=\"1024\" height=\"768\" src=\"https:\/\/diarioprincipios.com\/wp-content\/uploads\/2021\/12\/IMG-20211213-WA0047-1024x768.jpg\" alt=\"\" class=\"wp-image-12215\" srcset=\"https:\/\/diarioprincipios.com\/wp-content\/uploads\/2021\/12\/IMG-20211213-WA0047-1024x768.jpg 1024w, https:\/\/diarioprincipios.com\/wp-content\/uploads\/2021\/12\/IMG-20211213-WA0047-300x225.jpg 300w, https:\/\/diarioprincipios.com\/wp-content\/uploads\/2021\/12\/IMG-20211213-WA0047-768x576.jpg 768w, https:\/\/diarioprincipios.com\/wp-content\/uploads\/2021\/12\/IMG-20211213-WA0047.jpg 1032w\" sizes=\"auto, (max-width: 1024px) 100vw, 1024px\" \/><\/figure>\n\n\n\n<p> Para un a\u00f1o en donde la inactividad fue un com\u00fan denominador, el balance que realiza el Rotary Club de Ranelagh, es positivo. Tambi\u00e9n debemos mencionar que en pleno desarrollo de estas y otras tareas que son imposibles de mencionar en una nota period\u00edstica, lamentamos la p\u00e9rdida de un gran compa\u00f1ero que lamentablemente esta pandemia se lo llev\u00f3 al descanso, y es un gran reconocimiento y agradecimiednto por su sentir rotario y fundamentalmente de gran amigo de Juan Bautista (Chacho) Moreno.<\/p>\n","protected":false},"excerpt":{"rendered":"<p>En un a\u00f1o totalmente at\u00edpico, dominado por la pandemia y todo lo relacionado al desarrollo de la vida personal, comercial, econ\u00f3mica, e institucional, el Rotary Club de Ranelagh, bajo la Presidencia del Sr. Jorge Nigro,, llev\u00f3 a cabo su tarea de servicios a la comunidad, conjuntamente con reconocimientos de trabajo, abnegaci\u00f3n y sacrificio, de aquellos,&#8230;<\/p>\n","protected":false},"author":2,"featured_media":12217,"comment_status":"open","ping_status":"open","sticky":false,"template":"","format":"standard","meta":{"footnotes":""},"categories":[3],"tags":[],"class_list":["post-12212","post","type-post","status-publish","format-standard","has-post-thumbnail","hentry","category-berazategui"],"featured_image_src":"https:\/\/diarioprincipios.com\/wp-content\/uploads\/2021\/12\/IMG-20211213-WA0050-1024x461.jpg","blog_images":{"medium":"https:\/\/diarioprincipios.com\/wp-content\/uploads\/2021\/12\/IMG-20211213-WA0050-300x135.jpg","large":"https:\/\/diarioprincipios.com\/wp-content\/uploads\/2021\/12\/IMG-20211213-WA0050-1024x461.jpg"},"ams_acf":[],"yoast_head":"<!-- This site is optimized with the Yoast SEO plugin v27.3 - https:\/\/yoast.com\/product\/yoast-seo-wordpress\/ -->\n<title>El Rotary Club R\u00e1nelagh cierra un a\u00f1o de gran trabajo y reconocimiento - Principios<\/title>\n<meta name=\"robots\" content=\"index, follow, max-snippet:-1, max-image-preview:large, max-video-preview:-1\" \/>\n<link rel=\"canonical\" href=\"https:\/\/diarioprincipios.com\/index.php\/2021\/12\/16\/el-rotary-club-ranelagh-cierra-un-ano-de-gran-trabajo-y-reconocimiento\/\" \/>\n<meta property=\"og:locale\" content=\"es_ES\" \/>\n<meta property=\"og:type\" content=\"article\" \/>\n<meta property=\"og:title\" content=\"El Rotary Club R\u00e1nelagh cierra un a\u00f1o de gran trabajo y reconocimiento - Principios\" \/>\n<meta property=\"og:description\" content=\"En un a\u00f1o totalmente at\u00edpico, dominado por la pandemia y todo lo relacionado al desarrollo de la vida personal, comercial, econ\u00f3mica, e institucional, el Rotary Club de Ranelagh, bajo la Presidencia del Sr. Jorge Nigro,, llev\u00f3 a cabo su tarea de servicios a la comunidad, conjuntamente con reconocimientos de trabajo, abnegaci\u00f3n y sacrificio, de aquellos,...\" \/>\n<meta property=\"og:url\" content=\"https:\/\/diarioprincipios.com\/index.php\/2021\/12\/16\/el-rotary-club-ranelagh-cierra-un-ano-de-gran-trabajo-y-reconocimiento\/\" \/>\n<meta property=\"og:site_name\" content=\"Principios\" \/>\n<meta property=\"article:published_time\" content=\"2021-12-16T15:02:46+00:00\" \/>\n<meta property=\"article:modified_time\" content=\"2021-12-16T15:06:00+00:00\" \/>\n<meta property=\"og:image\" content=\"https:\/\/diarioprincipios.com\/wp-content\/uploads\/2021\/12\/IMG-20211213-WA0050.jpg\" \/>\n\t<meta property=\"og:image:width\" content=\"1280\" \/>\n\t<meta property=\"og:image:height\" content=\"576\" \/>\n\t<meta property=\"og:image:type\" content=\"image\/jpeg\" \/>\n<meta name=\"author\" content=\"Hern\u00e1n L\u00f3pez\" \/>\n<meta name=\"twitter:card\" content=\"summary_large_image\" \/>\n<meta name=\"twitter:label1\" content=\"Escrito por\" \/>\n\t<meta name=\"twitter:data1\" content=\"Hern\u00e1n L\u00f3pez\" \/>\n\t<meta name=\"twitter:label2\" content=\"Tiempo de lectura\" \/>\n\t<meta name=\"twitter:data2\" content=\"3 minutos\" \/>\n<script type=\"application\/ld+json\" class=\"yoast-schema-graph\">{\"@context\":\"https:\\\/\\\/schema.org\",\"@graph\":[{\"@type\":\"Article\",\"@id\":\"https:\\\/\\\/diarioprincipios.com\\\/index.php\\\/2021\\\/12\\\/16\\\/el-rotary-club-ranelagh-cierra-un-ano-de-gran-trabajo-y-reconocimiento\\\/#article\",\"isPartOf\":{\"@id\":\"https:\\\/\\\/diarioprincipios.com\\\/index.php\\\/2021\\\/12\\\/16\\\/el-rotary-club-ranelagh-cierra-un-ano-de-gran-trabajo-y-reconocimiento\\\/\"},\"author\":{\"name\":\"Hern\u00e1n L\u00f3pez\",\"@id\":\"https:\\\/\\\/diarioprincipios.com\\\/#\\\/schema\\\/person\\\/436d5a1fd41a5e250e23ff5a6a7cb080\"},\"headline\":\"El Rotary Club R\u00e1nelagh cierra un a\u00f1o de gran trabajo y reconocimiento\",\"datePublished\":\"2021-12-16T15:02:46+00:00\",\"dateModified\":\"2021-12-16T15:06:00+00:00\",\"mainEntityOfPage\":{\"@id\":\"https:\\\/\\\/diarioprincipios.com\\\/index.php\\\/2021\\\/12\\\/16\\\/el-rotary-club-ranelagh-cierra-un-ano-de-gran-trabajo-y-reconocimiento\\\/\"},\"wordCount\":517,\"commentCount\":0,\"publisher\":{\"@id\":\"https:\\\/\\\/diarioprincipios.com\\\/#organization\"},\"image\":{\"@id\":\"https:\\\/\\\/diarioprincipios.com\\\/index.php\\\/2021\\\/12\\\/16\\\/el-rotary-club-ranelagh-cierra-un-ano-de-gran-trabajo-y-reconocimiento\\\/#primaryimage\"},\"thumbnailUrl\":\"https:\\\/\\\/diarioprincipios.com\\\/wp-content\\\/uploads\\\/2021\\\/12\\\/IMG-20211213-WA0050.jpg\",\"articleSection\":[\"Berazategui\"],\"inLanguage\":\"es\",\"potentialAction\":[{\"@type\":\"CommentAction\",\"name\":\"Comment\",\"target\":[\"https:\\\/\\\/diarioprincipios.com\\\/index.php\\\/2021\\\/12\\\/16\\\/el-rotary-club-ranelagh-cierra-un-ano-de-gran-trabajo-y-reconocimiento\\\/#respond\"]}]},{\"@type\":\"WebPage\",\"@id\":\"https:\\\/\\\/diarioprincipios.com\\\/index.php\\\/2021\\\/12\\\/16\\\/el-rotary-club-ranelagh-cierra-un-ano-de-gran-trabajo-y-reconocimiento\\\/\",\"url\":\"https:\\\/\\\/diarioprincipios.com\\\/index.php\\\/2021\\\/12\\\/16\\\/el-rotary-club-ranelagh-cierra-un-ano-de-gran-trabajo-y-reconocimiento\\\/\",\"name\":\"El Rotary Club R\u00e1nelagh cierra un a\u00f1o de gran trabajo y reconocimiento - Principios\",\"isPartOf\":{\"@id\":\"https:\\\/\\\/diarioprincipios.com\\\/#website\"},\"primaryImageOfPage\":{\"@id\":\"https:\\\/\\\/diarioprincipios.com\\\/index.php\\\/2021\\\/12\\\/16\\\/el-rotary-club-ranelagh-cierra-un-ano-de-gran-trabajo-y-reconocimiento\\\/#primaryimage\"},\"image\":{\"@id\":\"https:\\\/\\\/diarioprincipios.com\\\/index.php\\\/2021\\\/12\\\/16\\\/el-rotary-club-ranelagh-cierra-un-ano-de-gran-trabajo-y-reconocimiento\\\/#primaryimage\"},\"thumbnailUrl\":\"https:\\\/\\\/diarioprincipios.com\\\/wp-content\\\/uploads\\\/2021\\\/12\\\/IMG-20211213-WA0050.jpg\",\"datePublished\":\"2021-12-16T15:02:46+00:00\",\"dateModified\":\"2021-12-16T15:06:00+00:00\",\"breadcrumb\":{\"@id\":\"https:\\\/\\\/diarioprincipios.com\\\/index.php\\\/2021\\\/12\\\/16\\\/el-rotary-club-ranelagh-cierra-un-ano-de-gran-trabajo-y-reconocimiento\\\/#breadcrumb\"},\"inLanguage\":\"es\",\"potentialAction\":[{\"@type\":\"ReadAction\",\"target\":[\"https:\\\/\\\/diarioprincipios.com\\\/index.php\\\/2021\\\/12\\\/16\\\/el-rotary-club-ranelagh-cierra-un-ano-de-gran-trabajo-y-reconocimiento\\\/\"]}]},{\"@type\":\"ImageObject\",\"inLanguage\":\"es\",\"@id\":\"https:\\\/\\\/diarioprincipios.com\\\/index.php\\\/2021\\\/12\\\/16\\\/el-rotary-club-ranelagh-cierra-un-ano-de-gran-trabajo-y-reconocimiento\\\/#primaryimage\",\"url\":\"https:\\\/\\\/diarioprincipios.com\\\/wp-content\\\/uploads\\\/2021\\\/12\\\/IMG-20211213-WA0050.jpg\",\"contentUrl\":\"https:\\\/\\\/diarioprincipios.com\\\/wp-content\\\/uploads\\\/2021\\\/12\\\/IMG-20211213-WA0050.jpg\",\"width\":1280,\"height\":576},{\"@type\":\"BreadcrumbList\",\"@id\":\"https:\\\/\\\/diarioprincipios.com\\\/index.php\\\/2021\\\/12\\\/16\\\/el-rotary-club-ranelagh-cierra-un-ano-de-gran-trabajo-y-reconocimiento\\\/#breadcrumb\",\"itemListElement\":[{\"@type\":\"ListItem\",\"position\":1,\"name\":\"Portada\",\"item\":\"https:\\\/\\\/diarioprincipios.com\\\/\"},{\"@type\":\"ListItem\",\"position\":2,\"name\":\"El Rotary Club R\u00e1nelagh cierra un a\u00f1o de gran trabajo y reconocimiento\"}]},{\"@type\":\"WebSite\",\"@id\":\"https:\\\/\\\/diarioprincipios.com\\\/#website\",\"url\":\"https:\\\/\\\/diarioprincipios.com\\\/\",\"name\":\"Principios\",\"description\":\"Principios Diario\",\"publisher\":{\"@id\":\"https:\\\/\\\/diarioprincipios.com\\\/#organization\"},\"potentialAction\":[{\"@type\":\"SearchAction\",\"target\":{\"@type\":\"EntryPoint\",\"urlTemplate\":\"https:\\\/\\\/diarioprincipios.com\\\/?s={search_term_string}\"},\"query-input\":{\"@type\":\"PropertyValueSpecification\",\"valueRequired\":true,\"valueName\":\"search_term_string\"}}],\"inLanguage\":\"es\"},{\"@type\":\"Organization\",\"@id\":\"https:\\\/\\\/diarioprincipios.com\\\/#organization\",\"name\":\"Principios\",\"url\":\"https:\\\/\\\/diarioprincipios.com\\\/\",\"logo\":{\"@type\":\"ImageObject\",\"inLanguage\":\"es\",\"@id\":\"https:\\\/\\\/diarioprincipios.com\\\/#\\\/schema\\\/logo\\\/image\\\/\",\"url\":\"https:\\\/\\\/diarioprincipios.com\\\/wp-content\\\/uploads\\\/2024\\\/04\\\/cropped-www.diarioprincipios.com_-1.png\",\"contentUrl\":\"https:\\\/\\\/diarioprincipios.com\\\/wp-content\\\/uploads\\\/2024\\\/04\\\/cropped-www.diarioprincipios.com_-1.png\",\"width\":5325,\"height\":1454,\"caption\":\"Principios\"},\"image\":{\"@id\":\"https:\\\/\\\/diarioprincipios.com\\\/#\\\/schema\\\/logo\\\/image\\\/\"}},{\"@type\":\"Person\",\"@id\":\"https:\\\/\\\/diarioprincipios.com\\\/#\\\/schema\\\/person\\\/436d5a1fd41a5e250e23ff5a6a7cb080\",\"name\":\"Hern\u00e1n L\u00f3pez\",\"image\":{\"@type\":\"ImageObject\",\"inLanguage\":\"es\",\"@id\":\"https:\\\/\\\/diarioprincipios.com\\\/wp-content\\\/litespeed\\\/avatar\\\/11ddfe5610ff3bd100522525b2571f48.jpg?ver=1777653193\",\"url\":\"https:\\\/\\\/diarioprincipios.com\\\/wp-content\\\/litespeed\\\/avatar\\\/11ddfe5610ff3bd100522525b2571f48.jpg?ver=1777653193\",\"contentUrl\":\"https:\\\/\\\/diarioprincipios.com\\\/wp-content\\\/litespeed\\\/avatar\\\/11ddfe5610ff3bd100522525b2571f48.jpg?ver=1777653193\",\"caption\":\"Hern\u00e1n L\u00f3pez\"},\"url\":\"https:\\\/\\\/diarioprincipios.com\\\/index.php\\\/author\\\/hernan\\\/\"}]}<\/script>\n<!-- \/ Yoast SEO plugin. -->","yoast_head_json":{"title":"El Rotary Club R\u00e1nelagh cierra un a\u00f1o de gran trabajo y reconocimiento - Principios","robots":{"index":"index","follow":"follow","max-snippet":"max-snippet:-1","max-image-preview":"max-image-preview:large","max-video-preview":"max-video-preview:-1"},"canonical":"https:\/\/diarioprincipios.com\/index.php\/2021\/12\/16\/el-rotary-club-ranelagh-cierra-un-ano-de-gran-trabajo-y-reconocimiento\/","og_locale":"es_ES","og_type":"article","og_title":"El Rotary Club R\u00e1nelagh cierra un a\u00f1o de gran trabajo y reconocimiento - Principios","og_description":"En un a\u00f1o totalmente at\u00edpico, dominado por la pandemia y todo lo relacionado al desarrollo de la vida personal, comercial, econ\u00f3mica, e institucional, el Rotary Club de Ranelagh, bajo la Presidencia del Sr. Jorge Nigro,, llev\u00f3 a cabo su tarea de servicios a la comunidad, conjuntamente con reconocimientos de trabajo, abnegaci\u00f3n y sacrificio, de aquellos,...","og_url":"https:\/\/diarioprincipios.com\/index.php\/2021\/12\/16\/el-rotary-club-ranelagh-cierra-un-ano-de-gran-trabajo-y-reconocimiento\/","og_site_name":"Principios","article_published_time":"2021-12-16T15:02:46+00:00","article_modified_time":"2021-12-16T15:06:00+00:00","og_image":[{"width":1280,"height":576,"url":"https:\/\/diarioprincipios.com\/wp-content\/uploads\/2021\/12\/IMG-20211213-WA0050.jpg","type":"image\/jpeg"}],"author":"Hern\u00e1n L\u00f3pez","twitter_card":"summary_large_image","twitter_misc":{"Escrito por":"Hern\u00e1n L\u00f3pez","Tiempo de lectura":"3 minutos"},"schema":{"@context":"https:\/\/schema.org","@graph":[{"@type":"Article","@id":"https:\/\/diarioprincipios.com\/index.php\/2021\/12\/16\/el-rotary-club-ranelagh-cierra-un-ano-de-gran-trabajo-y-reconocimiento\/#article","isPartOf":{"@id":"https:\/\/diarioprincipios.com\/index.php\/2021\/12\/16\/el-rotary-club-ranelagh-cierra-un-ano-de-gran-trabajo-y-reconocimiento\/"},"author":{"name":"Hern\u00e1n L\u00f3pez","@id":"https:\/\/diarioprincipios.com\/#\/schema\/person\/436d5a1fd41a5e250e23ff5a6a7cb080"},"headline":"El Rotary Club R\u00e1nelagh cierra un a\u00f1o de gran trabajo y reconocimiento","datePublished":"2021-12-16T15:02:46+00:00","dateModified":"2021-12-16T15:06:00+00:00","mainEntityOfPage":{"@id":"https:\/\/diarioprincipios.com\/index.php\/2021\/12\/16\/el-rotary-club-ranelagh-cierra-un-ano-de-gran-trabajo-y-reconocimiento\/"},"wordCount":517,"commentCount":0,"publisher":{"@id":"https:\/\/diarioprincipios.com\/#organization"},"image":{"@id":"https:\/\/diarioprincipios.com\/index.php\/2021\/12\/16\/el-rotary-club-ranelagh-cierra-un-ano-de-gran-trabajo-y-reconocimiento\/#primaryimage"},"thumbnailUrl":"https:\/\/diarioprincipios.com\/wp-content\/uploads\/2021\/12\/IMG-20211213-WA0050.jpg","articleSection":["Berazategui"],"inLanguage":"es","potentialAction":[{"@type":"CommentAction","name":"Comment","target":["https:\/\/diarioprincipios.com\/index.php\/2021\/12\/16\/el-rotary-club-ranelagh-cierra-un-ano-de-gran-trabajo-y-reconocimiento\/#respond"]}]},{"@type":"WebPage","@id":"https:\/\/diarioprincipios.com\/index.php\/2021\/12\/16\/el-rotary-club-ranelagh-cierra-un-ano-de-gran-trabajo-y-reconocimiento\/","url":"https:\/\/diarioprincipios.com\/index.php\/2021\/12\/16\/el-rotary-club-ranelagh-cierra-un-ano-de-gran-trabajo-y-reconocimiento\/","name":"El Rotary Club R\u00e1nelagh cierra un a\u00f1o de gran trabajo y reconocimiento - Principios","isPartOf":{"@id":"https:\/\/diarioprincipios.com\/#website"},"primaryImageOfPage":{"@id":"https:\/\/diarioprincipios.com\/index.php\/2021\/12\/16\/el-rotary-club-ranelagh-cierra-un-ano-de-gran-trabajo-y-reconocimiento\/#primaryimage"},"image":{"@id":"https:\/\/diarioprincipios.com\/index.php\/2021\/12\/16\/el-rotary-club-ranelagh-cierra-un-ano-de-gran-trabajo-y-reconocimiento\/#primaryimage"},"thumbnailUrl":"https:\/\/diarioprincipios.com\/wp-content\/uploads\/2021\/12\/IMG-20211213-WA0050.jpg","datePublished":"2021-12-16T15:02:46+00:00","dateModified":"2021-12-16T15:06:00+00:00","breadcrumb":{"@id":"https:\/\/diarioprincipios.com\/index.php\/2021\/12\/16\/el-rotary-club-ranelagh-cierra-un-ano-de-gran-trabajo-y-reconocimiento\/#breadcrumb"},"inLanguage":"es","potentialAction":[{"@type":"ReadAction","target":["https:\/\/diarioprincipios.com\/index.php\/2021\/12\/16\/el-rotary-club-ranelagh-cierra-un-ano-de-gran-trabajo-y-reconocimiento\/"]}]},{"@type":"ImageObject","inLanguage":"es","@id":"https:\/\/diarioprincipios.com\/index.php\/2021\/12\/16\/el-rotary-club-ranelagh-cierra-un-ano-de-gran-trabajo-y-reconocimiento\/#primaryimage","url":"https:\/\/diarioprincipios.com\/wp-content\/uploads\/2021\/12\/IMG-20211213-WA0050.jpg","contentUrl":"https:\/\/diarioprincipios.com\/wp-content\/uploads\/2021\/12\/IMG-20211213-WA0050.jpg","width":1280,"height":576},{"@type":"BreadcrumbList","@id":"https:\/\/diarioprincipios.com\/index.php\/2021\/12\/16\/el-rotary-club-ranelagh-cierra-un-ano-de-gran-trabajo-y-reconocimiento\/#breadcrumb","itemListElement":[{"@type":"ListItem","position":1,"name":"Portada","item":"https:\/\/diarioprincipios.com\/"},{"@type":"ListItem","position":2,"name":"El Rotary Club R\u00e1nelagh cierra un a\u00f1o de gran trabajo y reconocimiento"}]},{"@type":"WebSite","@id":"https:\/\/diarioprincipios.com\/#website","url":"https:\/\/diarioprincipios.com\/","name":"Principios","description":"Principios Diario","publisher":{"@id":"https:\/\/diarioprincipios.com\/#organization"},"potentialAction":[{"@type":"SearchAction","target":{"@type":"EntryPoint","urlTemplate":"https:\/\/diarioprincipios.com\/?s={search_term_string}"},"query-input":{"@type":"PropertyValueSpecification","valueRequired":true,"valueName":"search_term_string"}}],"inLanguage":"es"},{"@type":"Organization","@id":"https:\/\/diarioprincipios.com\/#organization","name":"Principios","url":"https:\/\/diarioprincipios.com\/","logo":{"@type":"ImageObject","inLanguage":"es","@id":"https:\/\/diarioprincipios.com\/#\/schema\/logo\/image\/","url":"https:\/\/diarioprincipios.com\/wp-content\/uploads\/2024\/04\/cropped-www.diarioprincipios.com_-1.png","contentUrl":"https:\/\/diarioprincipios.com\/wp-content\/uploads\/2024\/04\/cropped-www.diarioprincipios.com_-1.png","width":5325,"height":1454,"caption":"Principios"},"image":{"@id":"https:\/\/diarioprincipios.com\/#\/schema\/logo\/image\/"}},{"@type":"Person","@id":"https:\/\/diarioprincipios.com\/#\/schema\/person\/436d5a1fd41a5e250e23ff5a6a7cb080","name":"Hern\u00e1n L\u00f3pez","image":{"@type":"ImageObject","inLanguage":"es","@id":"https:\/\/diarioprincipios.com\/wp-content\/litespeed\/avatar\/11ddfe5610ff3bd100522525b2571f48.jpg?ver=1777653193","url":"https:\/\/diarioprincipios.com\/wp-content\/litespeed\/avatar\/11ddfe5610ff3bd100522525b2571f48.jpg?ver=1777653193","contentUrl":"https:\/\/diarioprincipios.com\/wp-content\/litespeed\/avatar\/11ddfe5610ff3bd100522525b2571f48.jpg?ver=1777653193","caption":"Hern\u00e1n L\u00f3pez"},"url":"https:\/\/diarioprincipios.com\/index.php\/author\/hernan\/"}]}},"jetpack_featured_media_url":"https:\/\/diarioprincipios.com\/wp-content\/uploads\/2021\/12\/IMG-20211213-WA0050.jpg","_links":{"self":[{"href":"https:\/\/diarioprincipios.com\/index.php\/wp-json\/wp\/v2\/posts\/12212","targetHints":{"allow":["GET"]}}],"collection":[{"href":"https:\/\/diarioprincipios.com\/index.php\/wp-json\/wp\/v2\/posts"}],"about":[{"href":"https:\/\/diarioprincipios.com\/index.php\/wp-json\/wp\/v2\/types\/post"}],"author":[{"embeddable":true,"href":"https:\/\/diarioprincipios.com\/index.php\/wp-json\/wp\/v2\/users\/2"}],"replies":[{"embeddable":true,"href":"https:\/\/diarioprincipios.com\/index.php\/wp-json\/wp\/v2\/comments?post=12212"}],"version-history":[{"count":2,"href":"https:\/\/diarioprincipios.com\/index.php\/wp-json\/wp\/v2\/posts\/12212\/revisions"}],"predecessor-version":[{"id":12219,"href":"https:\/\/diarioprincipios.com\/index.php\/wp-json\/wp\/v2\/posts\/12212\/revisions\/12219"}],"wp:featuredmedia":[{"embeddable":true,"href":"https:\/\/diarioprincipios.com\/index.php\/wp-json\/wp\/v2\/media\/12217"}],"wp:attachment":[{"href":"https:\/\/diarioprincipios.com\/index.php\/wp-json\/wp\/v2\/media?parent=12212"}],"wp:term":[{"taxonomy":"category","embeddable":true,"href":"https:\/\/diarioprincipios.com\/index.php\/wp-json\/wp\/v2\/categories?post=12212"},{"taxonomy":"post_tag","embeddable":true,"href":"https:\/\/diarioprincipios.com\/index.php\/wp-json\/wp\/v2\/tags?post=12212"}],"curies":[{"name":"wp","href":"https:\/\/api.w.org\/{rel}","templated":true}]}}