{"id":12191,"date":"2021-12-15T20:55:19","date_gmt":"2021-12-15T23:55:19","guid":{"rendered":"http:\/\/diarioprincipios.com\/?p=12191"},"modified":"2021-12-15T21:35:05","modified_gmt":"2021-12-16T00:35:05","slug":"la-cgt-regional-buscara-fortalecer-la-unidad-en-2022","status":"publish","type":"post","link":"https:\/\/diarioprincipios.com\/index.php\/2021\/12\/15\/la-cgt-regional-buscara-fortalecer-la-unidad-en-2022\/","title":{"rendered":"La CGT Regional buscar\u00e1 fortalecer la unidad en 2022"},"content":{"rendered":"\n<p class=\"has-text-align-justify\">En el Camping de los Trabajadores Municipales de Florencio Varela, se realiz\u00f3 la \u00faltima reuni\u00f3n del a\u00f1o de la CGT Regional, con un fuerte compromiso de unidad de parte de todos los dirigentes.<\/p>\n\n\n\n<figure class=\"wp-block-image size-large\"><img loading=\"lazy\" decoding=\"async\" width=\"1024\" height=\"576\" src=\"https:\/\/diarioprincipios.com\/wp-content\/uploads\/2021\/12\/IMG-20211215-WA0051-1024x576.jpg\" alt=\"\" class=\"wp-image-12202\" srcset=\"https:\/\/diarioprincipios.com\/wp-content\/uploads\/2021\/12\/IMG-20211215-WA0051-1024x576.jpg 1024w, https:\/\/diarioprincipios.com\/wp-content\/uploads\/2021\/12\/IMG-20211215-WA0051-300x169.jpg 300w, https:\/\/diarioprincipios.com\/wp-content\/uploads\/2021\/12\/IMG-20211215-WA0051-768x432.jpg 768w, https:\/\/diarioprincipios.com\/wp-content\/uploads\/2021\/12\/IMG-20211215-WA0051.jpg 1032w\" sizes=\"auto, (max-width: 1024px) 100vw, 1024px\" \/><\/figure>\n\n\n\n<p class=\"has-text-align-justify\"><br>En el cierre estuvieron presentes el intendente de Berazategui, doctor Juan Jos\u00e9 Mussi y el de Varela, Andr\u00e9s Watson. Adem\u00e1s acompa\u00f1\u00f3 el Diputado Nacional Julio Pereyra. Los tres secretarios generales de la central obrera (Andres Nikitiuk, Ricardo Romero y Rub\u00e9n Zeballos) destacaron el fuerte compromiso que la CGT tiene con la unidad de los trabajadores y el peronismo. Estuvieron presentes tambi\u00e9n autoridades del Ministerio de Trabajo, el secretario general de las 62, Rub\u00e9n Luque y el titular de la UOM y ex intendente de Quilmes, Francisco Gutierrez, entre otros.<\/p>\n\n\n\n<figure class=\"wp-block-image size-full\"><img loading=\"lazy\" decoding=\"async\" width=\"1024\" height=\"575\" src=\"https:\/\/diarioprincipios.com\/wp-content\/uploads\/2021\/12\/IMG-20211215-WA0070.jpg\" alt=\"\" class=\"wp-image-12201\" srcset=\"https:\/\/diarioprincipios.com\/wp-content\/uploads\/2021\/12\/IMG-20211215-WA0070.jpg 1024w, https:\/\/diarioprincipios.com\/wp-content\/uploads\/2021\/12\/IMG-20211215-WA0070-300x168.jpg 300w, https:\/\/diarioprincipios.com\/wp-content\/uploads\/2021\/12\/IMG-20211215-WA0070-768x431.jpg 768w\" sizes=\"auto, (max-width: 1024px) 100vw, 1024px\" \/><\/figure>\n\n\n\n<p class=\"has-text-align-justify\"><br>LOS DISCURSOS<br>Luego de las palabras de bienvenida del secretario general de los municipales de Florencio Varela, Dario D\u00b4Aquino, el tittular de las 62 Organizaciones Peronistas de la Regi\u00f3n, Rub\u00e9n Luque, destac\u00f3 que \u00abluego de muchos a\u00f1os de desencuentros, hace 8 a\u00f1os\u00a0un grupo de compa\u00f1eros\u00a0decidimos juntarnos y buscar la unidad, la nuestra fue la primer CGT Regional unificada de la Provincia\u00a0y creo que\u00a0del pa\u00eds,\u00a0hoy tenemos funcionarios y concejales que nos representan en los tres distritos y por eso quiero agradecer tambi\u00e9n a los intendentes por confiar en nosotros\u00bb. El intendente de Florencio Varela Andr\u00e9s Watson, sostuvo por su parte: \u00abquiero agradecerles el trabajo en conjunto, unidos podemos seguir creciendo y generando las condiciones para que m\u00e1s empresas se instalen en la regi\u00f3n, como hoy es el caso de Alpargatas que vuelve a Florencio Varela\u00bb.\u00a0<\/p>\n\n\n\n<figure class=\"wp-block-image size-large\"><img loading=\"lazy\" decoding=\"async\" width=\"1024\" height=\"576\" src=\"https:\/\/diarioprincipios.com\/wp-content\/uploads\/2021\/12\/IMG-20211215-WA0058-1024x576.jpg\" alt=\"\" class=\"wp-image-12203\" srcset=\"https:\/\/diarioprincipios.com\/wp-content\/uploads\/2021\/12\/IMG-20211215-WA0058-1024x576.jpg 1024w, https:\/\/diarioprincipios.com\/wp-content\/uploads\/2021\/12\/IMG-20211215-WA0058-300x169.jpg 300w, https:\/\/diarioprincipios.com\/wp-content\/uploads\/2021\/12\/IMG-20211215-WA0058-768x432.jpg 768w, https:\/\/diarioprincipios.com\/wp-content\/uploads\/2021\/12\/IMG-20211215-WA0058.jpg 1032w\" sizes=\"auto, (max-width: 1024px) 100vw, 1024px\" \/><\/figure>\n\n\n\n<p class=\"has-text-align-justify\">El doctor Juan Jos\u00e9 Mussi, intendente de Berazategui, expres\u00f3: \u00ablos vengo acompa\u00f1ando desde que decidieron llevar adelante la unidad del movimiento obrero, vuelvo a felicitarlos y decirles que los acompa\u00f1amos, porque es fundamental la unidad del movimiento obrero y de los sectores\u00a0pol\u00edticos, esa unidad nos llev\u00f3 a recuperar el pa\u00eds, pero\u00a0 esa lucha no termina, antes eran los golpes de las armas,\u00a0hoy son los golpes medi\u00e1ticos y financieros, nosotros sabemos que no\u00a0 existe pa\u00eds posible sin el peronismo unido\u00bb, agregando que \u00abhay\u00a0 que fortalecer la unidad del movimiento nacional y popular durante todo el a\u00f1o pr\u00f3ximo de cara al 2023, imaginen por un momento lo que hubiera sido esta pandemia si nos gobernaba Macri, no podemos volver atr\u00e1s\u00bb. Seguidamente habl\u00f3 el Diputado Nacional Julio Pereyra, quien manifest\u00f3 que \u00abcuando Per\u00f3n articul\u00f3 a los empresarios con los trabajadores fueron las etapas mas gloriosas de nuestro pa\u00eds, en ese tiempo la columna vertebral del peronismo eran los trabajadores y tenemos que volver a eso, hay que dejar de mirar lo que hace la derecha y empezar a ver qu\u00e9 hacemos nosotros. Recibimos un pa\u00eds destru\u00eddo, tenemos que trabajar para convertir los programas sociales en empleo genuino\u00bb.<\/p>\n\n\n\n<figure class=\"wp-block-image size-large\"><img loading=\"lazy\" decoding=\"async\" width=\"1024\" height=\"576\" src=\"https:\/\/diarioprincipios.com\/wp-content\/uploads\/2021\/12\/IMG-20211215-WA0055-1024x576.jpg\" alt=\"\" class=\"wp-image-12204\" srcset=\"https:\/\/diarioprincipios.com\/wp-content\/uploads\/2021\/12\/IMG-20211215-WA0055-1024x576.jpg 1024w, https:\/\/diarioprincipios.com\/wp-content\/uploads\/2021\/12\/IMG-20211215-WA0055-300x169.jpg 300w, https:\/\/diarioprincipios.com\/wp-content\/uploads\/2021\/12\/IMG-20211215-WA0055-768x432.jpg 768w, https:\/\/diarioprincipios.com\/wp-content\/uploads\/2021\/12\/IMG-20211215-WA0055.jpg 1032w\" sizes=\"auto, (max-width: 1024px) 100vw, 1024px\" \/><\/figure>\n\n\n\n<p class=\"has-text-align-justify\">Ricardo Romero, secretario general de ATSA Quilmes e integrante del Triunvirato que conduce la CGT Regional manifest\u00f3\u00a0a su turno que \u00abcomo movimiento obrero tenemos que ser la pieza fundamental, lo dijo el general \u00abtrabajadores un\u00e1nse\u00bb, ese es el camino que debemos seguir para acompa\u00f1ar la recuperaci\u00f3n econ\u00f3mica del pa\u00eds y de los trabajadores\u00bb. Rub\u00e9n Zeballos de Camioneros, otro de los que componen la conducci\u00f3n de la central obrera en la regi\u00f3n, dijo que \u00aben las elecciones hemos salido vencedores en los tres distritos (Berazategui, Varela, Quilmes) y eso se debe a que hemos sabido pregonar y practicar la unidad, estamos convencidos de que solamente la unidad va a sostener este proyecto, lo que viene ser\u00e1 dif\u00edcil, tenemos que estar codo a codo,\u00a0espalda con espalda para resistir, sabemos que la derecha viene por nuestros derechos, pero nosotros debemos seguir unidos para sostener este modelo nacional y popular\u00bb.<\/p>\n\n\n\n<figure class=\"wp-block-image size-full\"><img loading=\"lazy\" decoding=\"async\" width=\"1024\" height=\"575\" src=\"https:\/\/diarioprincipios.com\/wp-content\/uploads\/2021\/12\/IMG-20211215-WA0042.jpg\" alt=\"\" class=\"wp-image-12205\" srcset=\"https:\/\/diarioprincipios.com\/wp-content\/uploads\/2021\/12\/IMG-20211215-WA0042.jpg 1024w, https:\/\/diarioprincipios.com\/wp-content\/uploads\/2021\/12\/IMG-20211215-WA0042-300x168.jpg 300w, https:\/\/diarioprincipios.com\/wp-content\/uploads\/2021\/12\/IMG-20211215-WA0042-768x431.jpg 768w\" sizes=\"auto, (max-width: 1024px) 100vw, 1024px\" \/><\/figure>\n\n\n\n<p class=\"has-text-align-justify\">Finalmente, el otro secretario general de la CGT Regional, Andr\u00e9s Nikitiuk, resumi\u00f3: \u00abcomo dice nuestro lema, \u00abninguno de nosotros es tan bueno como todos nosotros juntos\u00bb, desde la unidad lograda en 2016 la CGT Regional ha crecido, hoy somos 74 gremios que trabajamos juntos, el 2023 lo tenemos cerca por eso vamos a redoblar la apuesta el a\u00f1o pr\u00f3ximo para seguir acompa\u00f1ando al presidente, al gobernador y a nuestros intendentes que no quieren otra cosa que el bienestar del pueblo y de los trabajadores\u00bb.<\/p>\n\n\n\n<p class=\"has-text-align-justify\"><br>MAS TESTIMONIOS:<br>Durante el desarrollo del encuentro, Principios pidi\u00f3 algunas palabras a varios de los protagonistas, a continuaci\u00f3n compartimos un resumen de los testimonios:<br>Andr\u00e9s Nikitiuk &#8211; Secretario General CGT Regional: \u00abA pesar de los invonvenientes generados por la pandemia, la CGT Regional se mantuvo en pie con 74 gremios y en febrero vamos a armar el Congreso Preparatorio para la Elecci\u00f3n de autoridades, satisfechos por lo hecho y por lo que seguiremos haciendo\u00bb.<\/p>\n\n\n\n<figure class=\"wp-block-image size-large\"><img loading=\"lazy\" decoding=\"async\" width=\"1024\" height=\"575\" src=\"https:\/\/diarioprincipios.com\/wp-content\/uploads\/2021\/12\/IMG-20211215-WA0062-1024x575.jpg\" alt=\"\" class=\"wp-image-12206\" srcset=\"https:\/\/diarioprincipios.com\/wp-content\/uploads\/2021\/12\/IMG-20211215-WA0062-1024x575.jpg 1024w, https:\/\/diarioprincipios.com\/wp-content\/uploads\/2021\/12\/IMG-20211215-WA0062-300x168.jpg 300w, https:\/\/diarioprincipios.com\/wp-content\/uploads\/2021\/12\/IMG-20211215-WA0062-768x431.jpg 768w, https:\/\/diarioprincipios.com\/wp-content\/uploads\/2021\/12\/IMG-20211215-WA0062-1536x862.jpg 1536w, https:\/\/diarioprincipios.com\/wp-content\/uploads\/2021\/12\/IMG-20211215-WA0062.jpg 1600w\" sizes=\"auto, (max-width: 1024px) 100vw, 1024px\" \/><\/figure>\n\n\n\n<p class=\"has-text-align-justify\">Dario D\u00b4Aquino &#8211; Municipales de Varela: \u00abPara nosotros es un orgullo recibir a los compa\u00f1eros en nuestra casa, todos queremos la unidad del movimiento obrero para apuntalar el modelo econ\u00f3mico manteniendo la unidad,\u00a0 y acompa\u00f1ar las pol\u00edticas de los estados municipales, tenemos que construir todos juntos y tener una unidad de criterio y acci\u00f3n\u00bb.<\/p>\n\n\n\n<p class=\"has-text-align-justify\"><br>Gabriel Carril Campusano- Municipales de Berazategui: \u00abEs una alegr\u00eda enorme estar en este maravilloso camping que tiene Dario y toda su gente, el municipalismo est\u00e1 m\u00e1s fuerte que nunca, a nivel nacional se creo una secretar\u00eda de asuntos municipales y eso nos da una cuota de esperanza, fue un a\u00f1o muy positivo, cerramos con la alegr\u00eda de poder compartir con los compa\u00f1eros de las organizaciones hermanas este encuentro de unidad y compromiso de trabajo\u00bb.<\/p>\n\n\n\n<p class=\"has-text-align-justify\"><br>Ricardo Romero- Secretario General CGT Regional: \u00abEste gran marco se debe a que estamos unidos desde hace 5 a\u00f1os y 4 meses, hemos demostrado cabalmente que hemos sido capaces de hacer una unidad a lo largo de estos a\u00f1os, y ahora m\u00e1s porque tenemos una CGT Nacional que tambi\u00e9n hizo la unidad, nosotros tenemos que ser la columna vertebral para que los trabajadores sepan que hay un movimiento obrero como columna vertebral,\u00a0porque en 2 a\u00f1os las cosas van a ser muy dif\u00edciles. Hace poco en la OIT apareci\u00f3 Larreta y lo primero que dijo fue que los trabajadores deber\u00edan dejar de tener tantos beneficios porque eso es un costo laboral, esa es la lucha que nos espera, debemos estar unidos para demostrar que cuando hay organizaci\u00f3n y unidad somos imbatibles, solo el peronismo asegura la independencia econ\u00f3mica y la justicia social para los trabajadores\u00bb.<\/p>\n\n\n\n<figure class=\"wp-block-image size-large\"><img loading=\"lazy\" decoding=\"async\" width=\"1024\" height=\"576\" src=\"https:\/\/diarioprincipios.com\/wp-content\/uploads\/2021\/12\/IMG-20211215-WA0060-1024x576.jpg\" alt=\"\" class=\"wp-image-12207\" srcset=\"https:\/\/diarioprincipios.com\/wp-content\/uploads\/2021\/12\/IMG-20211215-WA0060-1024x576.jpg 1024w, https:\/\/diarioprincipios.com\/wp-content\/uploads\/2021\/12\/IMG-20211215-WA0060-300x169.jpg 300w, https:\/\/diarioprincipios.com\/wp-content\/uploads\/2021\/12\/IMG-20211215-WA0060-768x432.jpg 768w, https:\/\/diarioprincipios.com\/wp-content\/uploads\/2021\/12\/IMG-20211215-WA0060.jpg 1032w\" sizes=\"auto, (max-width: 1024px) 100vw, 1024px\" \/><\/figure>\n\n\n\n<p class=\"has-text-align-justify\"><br>Rub\u00e9n Zeballos- Secretario General CGT Regional: \u00abFue un a\u00f1o dif\u00edcil para todos, aparte de la pandemia tuvimos que afrontar una contienda electoral para resistir a la derecha que viene a quitarnos nuestros derechos como trabajadores, por eso tenemos que estar unidos m\u00e1s que nunca, para poder seguir dando batalla y generando empleo, hoy vemos se\u00f1ales de reactivaci\u00f3n que nos muestran el camino a seguir en los pr\u00f3ximos a\u00f1os\u00bb.<\/p>\n\n\n\n<p class=\"has-text-align-justify\"><br>Rub\u00e9n Luque- Secretario General 62 Organizaciones Peronistas: \u00abA pesar de la pandemia cerramos bien el a\u00f1o en unidad,\u00a0que es lo principal para los trabajadores, tenemos mucha esperanza y expectativas de tener un a\u00f1o mejor, en 2022 debemos llevar adelante un cambio de autoridades de la CGT fortaleciendo la unidad, porque es la \u00fanica garant\u00eda de que podremos llevar beneficios a los trabajadores\u00bb.<\/p>\n\n\n\n<p class=\"has-text-align-justify\"><br>Rub\u00e9n Carbone-Concejal HCD Berazategui: \u00abEsto m\u00e1s que un cierre\u00a0es el comienzo de un compromiso de los trabajadores para la sociedad\u00a0toda, tenemos que permanecer unidos para generar desarrollo social, intelectual, y para alcanzar un futuro creciente de la econom\u00eda, esa es la Patria que nos propuso el general Per\u00f3n, y se consigue con unidad por sobre todas las cosas, nada puede distraernos de esa senda\u00bb.<\/p>\n\n\n\n<figure class=\"wp-block-image size-large\"><img loading=\"lazy\" decoding=\"async\" width=\"1024\" height=\"576\" src=\"https:\/\/diarioprincipios.com\/wp-content\/uploads\/2021\/12\/IMG-20211215-WA0072-1024x576.jpg\" alt=\"\" class=\"wp-image-12208\" srcset=\"https:\/\/diarioprincipios.com\/wp-content\/uploads\/2021\/12\/IMG-20211215-WA0072-1024x576.jpg 1024w, https:\/\/diarioprincipios.com\/wp-content\/uploads\/2021\/12\/IMG-20211215-WA0072-300x169.jpg 300w, https:\/\/diarioprincipios.com\/wp-content\/uploads\/2021\/12\/IMG-20211215-WA0072-768x432.jpg 768w, https:\/\/diarioprincipios.com\/wp-content\/uploads\/2021\/12\/IMG-20211215-WA0072.jpg 1032w\" sizes=\"auto, (max-width: 1024px) 100vw, 1024px\" \/><\/figure>\n\n\n\n<p class=\"has-text-align-justify\"><br>Francisco \u00abBarba\u00bb Guti\u00e9rrez- UOM Quilmes:\u00a0\u00abEste es un encuentro muy positivo, estuvimos en los comienzos de esta CGT y estamos muy felices de ver el gran trabajo que han hecho los compa\u00f1eros, vamos a apoyar esta unidad y seguir ampliandola,\u00a0hoy son 74 gremios que est\u00e1n juntos para defender a los trabajadores.\u00a0 Vivimos momentos duros, la crisis del macrismo, la pandemia, pero la CGT sali\u00f3 fortalecida.\u00a0Confiamos en las negociaciones que lleva adelante el ministro Guzm\u00e1n. para que tengamos un crecimiento econ\u00f3mico que beneficie a los trabajadores. Argentina necesita un periodo de gracia para crecer y poder afrontar sus compromisos. Garantizar el trabajo digno y pasar de un modelo social al productivo es el gran desaf\u00edo, en ese camino la capacitaci\u00f3n y el conocmiento son fundamentales, y la CGT tiene mucho que aportar en este aspecto, ayudando a generar una industria nacional competitiva, Am\u00e9rica Latina tienen que abastecer al mayor mercado mundial que es Estados Unidos y no China\u00bb.<\/p>\n","protected":false},"excerpt":{"rendered":"<p>En el Camping de los Trabajadores Municipales de Florencio Varela, se realiz\u00f3 la \u00faltima reuni\u00f3n del a\u00f1o de la CGT Regional, con un fuerte compromiso de unidad de parte de todos los dirigentes. En el cierre estuvieron presentes el intendente de Berazategui, doctor Juan Jos\u00e9 Mussi y el de Varela, Andr\u00e9s Watson. Adem\u00e1s acompa\u00f1\u00f3 el&#8230;<\/p>\n","protected":false},"author":2,"featured_media":12192,"comment_status":"open","ping_status":"open","sticky":false,"template":"","format":"standard","meta":{"footnotes":""},"categories":[4],"tags":[],"class_list":["post-12191","post","type-post","status-publish","format-standard","has-post-thumbnail","hentry","category-quilmes"],"featured_image_src":"https:\/\/diarioprincipios.com\/wp-content\/uploads\/2021\/12\/cgt.png","blog_images":{"medium":"https:\/\/diarioprincipios.com\/wp-content\/uploads\/2021\/12\/cgt-300x225.png","large":"https:\/\/diarioprincipios.com\/wp-content\/uploads\/2021\/12\/cgt.png"},"ams_acf":[],"yoast_head":"<!-- This site is optimized with the Yoast SEO plugin v27.3 - https:\/\/yoast.com\/product\/yoast-seo-wordpress\/ -->\n<title>La CGT Regional buscar\u00e1 fortalecer la unidad en 2022 - Principios<\/title>\n<meta name=\"robots\" content=\"index, follow, max-snippet:-1, max-image-preview:large, max-video-preview:-1\" \/>\n<link rel=\"canonical\" href=\"https:\/\/diarioprincipios.com\/index.php\/2021\/12\/15\/la-cgt-regional-buscara-fortalecer-la-unidad-en-2022\/\" \/>\n<meta property=\"og:locale\" content=\"es_ES\" \/>\n<meta property=\"og:type\" content=\"article\" \/>\n<meta property=\"og:title\" content=\"La CGT Regional buscar\u00e1 fortalecer la unidad en 2022 - Principios\" \/>\n<meta property=\"og:description\" content=\"En el Camping de los Trabajadores Municipales de Florencio Varela, se realiz\u00f3 la \u00faltima reuni\u00f3n del a\u00f1o de la CGT Regional, con un fuerte compromiso de unidad de parte de todos los dirigentes. En el cierre estuvieron presentes el intendente de Berazategui, doctor Juan Jos\u00e9 Mussi y el de Varela, Andr\u00e9s Watson. Adem\u00e1s acompa\u00f1\u00f3 el...\" \/>\n<meta property=\"og:url\" content=\"https:\/\/diarioprincipios.com\/index.php\/2021\/12\/15\/la-cgt-regional-buscara-fortalecer-la-unidad-en-2022\/\" \/>\n<meta property=\"og:site_name\" content=\"Principios\" \/>\n<meta property=\"article:published_time\" content=\"2021-12-15T23:55:19+00:00\" \/>\n<meta property=\"article:modified_time\" content=\"2021-12-16T00:35:05+00:00\" \/>\n<meta property=\"og:image\" content=\"https:\/\/diarioprincipios.com\/wp-content\/uploads\/2021\/12\/cgt.png\" \/>\n\t<meta property=\"og:image:width\" content=\"768\" \/>\n\t<meta property=\"og:image:height\" content=\"576\" \/>\n\t<meta property=\"og:image:type\" content=\"image\/png\" \/>\n<meta name=\"author\" content=\"Hern\u00e1n L\u00f3pez\" \/>\n<meta name=\"twitter:card\" content=\"summary_large_image\" \/>\n<meta name=\"twitter:label1\" content=\"Escrito por\" \/>\n\t<meta name=\"twitter:data1\" content=\"Hern\u00e1n L\u00f3pez\" \/>\n\t<meta name=\"twitter:label2\" content=\"Tiempo de lectura\" \/>\n\t<meta name=\"twitter:data2\" content=\"8 minutos\" \/>\n<script type=\"application\/ld+json\" class=\"yoast-schema-graph\">{\"@context\":\"https:\\\/\\\/schema.org\",\"@graph\":[{\"@type\":\"Article\",\"@id\":\"https:\\\/\\\/diarioprincipios.com\\\/index.php\\\/2021\\\/12\\\/15\\\/la-cgt-regional-buscara-fortalecer-la-unidad-en-2022\\\/#article\",\"isPartOf\":{\"@id\":\"https:\\\/\\\/diarioprincipios.com\\\/index.php\\\/2021\\\/12\\\/15\\\/la-cgt-regional-buscara-fortalecer-la-unidad-en-2022\\\/\"},\"author\":{\"name\":\"Hern\u00e1n L\u00f3pez\",\"@id\":\"https:\\\/\\\/diarioprincipios.com\\\/#\\\/schema\\\/person\\\/436d5a1fd41a5e250e23ff5a6a7cb080\"},\"headline\":\"La CGT Regional buscar\u00e1 fortalecer la unidad en 2022\",\"datePublished\":\"2021-12-15T23:55:19+00:00\",\"dateModified\":\"2021-12-16T00:35:05+00:00\",\"mainEntityOfPage\":{\"@id\":\"https:\\\/\\\/diarioprincipios.com\\\/index.php\\\/2021\\\/12\\\/15\\\/la-cgt-regional-buscara-fortalecer-la-unidad-en-2022\\\/\"},\"wordCount\":1477,\"commentCount\":0,\"publisher\":{\"@id\":\"https:\\\/\\\/diarioprincipios.com\\\/#organization\"},\"image\":{\"@id\":\"https:\\\/\\\/diarioprincipios.com\\\/index.php\\\/2021\\\/12\\\/15\\\/la-cgt-regional-buscara-fortalecer-la-unidad-en-2022\\\/#primaryimage\"},\"thumbnailUrl\":\"https:\\\/\\\/diarioprincipios.com\\\/wp-content\\\/uploads\\\/2021\\\/12\\\/cgt.png\",\"articleSection\":[\"Quilmes\"],\"inLanguage\":\"es\",\"potentialAction\":[{\"@type\":\"CommentAction\",\"name\":\"Comment\",\"target\":[\"https:\\\/\\\/diarioprincipios.com\\\/index.php\\\/2021\\\/12\\\/15\\\/la-cgt-regional-buscara-fortalecer-la-unidad-en-2022\\\/#respond\"]}]},{\"@type\":\"WebPage\",\"@id\":\"https:\\\/\\\/diarioprincipios.com\\\/index.php\\\/2021\\\/12\\\/15\\\/la-cgt-regional-buscara-fortalecer-la-unidad-en-2022\\\/\",\"url\":\"https:\\\/\\\/diarioprincipios.com\\\/index.php\\\/2021\\\/12\\\/15\\\/la-cgt-regional-buscara-fortalecer-la-unidad-en-2022\\\/\",\"name\":\"La CGT Regional buscar\u00e1 fortalecer la unidad en 2022 - Principios\",\"isPartOf\":{\"@id\":\"https:\\\/\\\/diarioprincipios.com\\\/#website\"},\"primaryImageOfPage\":{\"@id\":\"https:\\\/\\\/diarioprincipios.com\\\/index.php\\\/2021\\\/12\\\/15\\\/la-cgt-regional-buscara-fortalecer-la-unidad-en-2022\\\/#primaryimage\"},\"image\":{\"@id\":\"https:\\\/\\\/diarioprincipios.com\\\/index.php\\\/2021\\\/12\\\/15\\\/la-cgt-regional-buscara-fortalecer-la-unidad-en-2022\\\/#primaryimage\"},\"thumbnailUrl\":\"https:\\\/\\\/diarioprincipios.com\\\/wp-content\\\/uploads\\\/2021\\\/12\\\/cgt.png\",\"datePublished\":\"2021-12-15T23:55:19+00:00\",\"dateModified\":\"2021-12-16T00:35:05+00:00\",\"breadcrumb\":{\"@id\":\"https:\\\/\\\/diarioprincipios.com\\\/index.php\\\/2021\\\/12\\\/15\\\/la-cgt-regional-buscara-fortalecer-la-unidad-en-2022\\\/#breadcrumb\"},\"inLanguage\":\"es\",\"potentialAction\":[{\"@type\":\"ReadAction\",\"target\":[\"https:\\\/\\\/diarioprincipios.com\\\/index.php\\\/2021\\\/12\\\/15\\\/la-cgt-regional-buscara-fortalecer-la-unidad-en-2022\\\/\"]}]},{\"@type\":\"ImageObject\",\"inLanguage\":\"es\",\"@id\":\"https:\\\/\\\/diarioprincipios.com\\\/index.php\\\/2021\\\/12\\\/15\\\/la-cgt-regional-buscara-fortalecer-la-unidad-en-2022\\\/#primaryimage\",\"url\":\"https:\\\/\\\/diarioprincipios.com\\\/wp-content\\\/uploads\\\/2021\\\/12\\\/cgt.png\",\"contentUrl\":\"https:\\\/\\\/diarioprincipios.com\\\/wp-content\\\/uploads\\\/2021\\\/12\\\/cgt.png\",\"width\":768,\"height\":576},{\"@type\":\"BreadcrumbList\",\"@id\":\"https:\\\/\\\/diarioprincipios.com\\\/index.php\\\/2021\\\/12\\\/15\\\/la-cgt-regional-buscara-fortalecer-la-unidad-en-2022\\\/#breadcrumb\",\"itemListElement\":[{\"@type\":\"ListItem\",\"position\":1,\"name\":\"Portada\",\"item\":\"https:\\\/\\\/diarioprincipios.com\\\/\"},{\"@type\":\"ListItem\",\"position\":2,\"name\":\"La CGT Regional buscar\u00e1 fortalecer la unidad en 2022\"}]},{\"@type\":\"WebSite\",\"@id\":\"https:\\\/\\\/diarioprincipios.com\\\/#website\",\"url\":\"https:\\\/\\\/diarioprincipios.com\\\/\",\"name\":\"Principios\",\"description\":\"Principios Diario\",\"publisher\":{\"@id\":\"https:\\\/\\\/diarioprincipios.com\\\/#organization\"},\"potentialAction\":[{\"@type\":\"SearchAction\",\"target\":{\"@type\":\"EntryPoint\",\"urlTemplate\":\"https:\\\/\\\/diarioprincipios.com\\\/?s={search_term_string}\"},\"query-input\":{\"@type\":\"PropertyValueSpecification\",\"valueRequired\":true,\"valueName\":\"search_term_string\"}}],\"inLanguage\":\"es\"},{\"@type\":\"Organization\",\"@id\":\"https:\\\/\\\/diarioprincipios.com\\\/#organization\",\"name\":\"Principios\",\"url\":\"https:\\\/\\\/diarioprincipios.com\\\/\",\"logo\":{\"@type\":\"ImageObject\",\"inLanguage\":\"es\",\"@id\":\"https:\\\/\\\/diarioprincipios.com\\\/#\\\/schema\\\/logo\\\/image\\\/\",\"url\":\"https:\\\/\\\/diarioprincipios.com\\\/wp-content\\\/uploads\\\/2024\\\/04\\\/cropped-www.diarioprincipios.com_-1.png\",\"contentUrl\":\"https:\\\/\\\/diarioprincipios.com\\\/wp-content\\\/uploads\\\/2024\\\/04\\\/cropped-www.diarioprincipios.com_-1.png\",\"width\":5325,\"height\":1454,\"caption\":\"Principios\"},\"image\":{\"@id\":\"https:\\\/\\\/diarioprincipios.com\\\/#\\\/schema\\\/logo\\\/image\\\/\"}},{\"@type\":\"Person\",\"@id\":\"https:\\\/\\\/diarioprincipios.com\\\/#\\\/schema\\\/person\\\/436d5a1fd41a5e250e23ff5a6a7cb080\",\"name\":\"Hern\u00e1n L\u00f3pez\",\"image\":{\"@type\":\"ImageObject\",\"inLanguage\":\"es\",\"@id\":\"https:\\\/\\\/diarioprincipios.com\\\/wp-content\\\/litespeed\\\/avatar\\\/11ddfe5610ff3bd100522525b2571f48.jpg?ver=1777653193\",\"url\":\"https:\\\/\\\/diarioprincipios.com\\\/wp-content\\\/litespeed\\\/avatar\\\/11ddfe5610ff3bd100522525b2571f48.jpg?ver=1777653193\",\"contentUrl\":\"https:\\\/\\\/diarioprincipios.com\\\/wp-content\\\/litespeed\\\/avatar\\\/11ddfe5610ff3bd100522525b2571f48.jpg?ver=1777653193\",\"caption\":\"Hern\u00e1n L\u00f3pez\"},\"url\":\"https:\\\/\\\/diarioprincipios.com\\\/index.php\\\/author\\\/hernan\\\/\"}]}<\/script>\n<!-- \/ Yoast SEO plugin. -->","yoast_head_json":{"title":"La CGT Regional buscar\u00e1 fortalecer la unidad en 2022 - Principios","robots":{"index":"index","follow":"follow","max-snippet":"max-snippet:-1","max-image-preview":"max-image-preview:large","max-video-preview":"max-video-preview:-1"},"canonical":"https:\/\/diarioprincipios.com\/index.php\/2021\/12\/15\/la-cgt-regional-buscara-fortalecer-la-unidad-en-2022\/","og_locale":"es_ES","og_type":"article","og_title":"La CGT Regional buscar\u00e1 fortalecer la unidad en 2022 - Principios","og_description":"En el Camping de los Trabajadores Municipales de Florencio Varela, se realiz\u00f3 la \u00faltima reuni\u00f3n del a\u00f1o de la CGT Regional, con un fuerte compromiso de unidad de parte de todos los dirigentes. En el cierre estuvieron presentes el intendente de Berazategui, doctor Juan Jos\u00e9 Mussi y el de Varela, Andr\u00e9s Watson. Adem\u00e1s acompa\u00f1\u00f3 el...","og_url":"https:\/\/diarioprincipios.com\/index.php\/2021\/12\/15\/la-cgt-regional-buscara-fortalecer-la-unidad-en-2022\/","og_site_name":"Principios","article_published_time":"2021-12-15T23:55:19+00:00","article_modified_time":"2021-12-16T00:35:05+00:00","og_image":[{"width":768,"height":576,"url":"https:\/\/diarioprincipios.com\/wp-content\/uploads\/2021\/12\/cgt.png","type":"image\/png"}],"author":"Hern\u00e1n L\u00f3pez","twitter_card":"summary_large_image","twitter_misc":{"Escrito por":"Hern\u00e1n L\u00f3pez","Tiempo de lectura":"8 minutos"},"schema":{"@context":"https:\/\/schema.org","@graph":[{"@type":"Article","@id":"https:\/\/diarioprincipios.com\/index.php\/2021\/12\/15\/la-cgt-regional-buscara-fortalecer-la-unidad-en-2022\/#article","isPartOf":{"@id":"https:\/\/diarioprincipios.com\/index.php\/2021\/12\/15\/la-cgt-regional-buscara-fortalecer-la-unidad-en-2022\/"},"author":{"name":"Hern\u00e1n L\u00f3pez","@id":"https:\/\/diarioprincipios.com\/#\/schema\/person\/436d5a1fd41a5e250e23ff5a6a7cb080"},"headline":"La CGT Regional buscar\u00e1 fortalecer la unidad en 2022","datePublished":"2021-12-15T23:55:19+00:00","dateModified":"2021-12-16T00:35:05+00:00","mainEntityOfPage":{"@id":"https:\/\/diarioprincipios.com\/index.php\/2021\/12\/15\/la-cgt-regional-buscara-fortalecer-la-unidad-en-2022\/"},"wordCount":1477,"commentCount":0,"publisher":{"@id":"https:\/\/diarioprincipios.com\/#organization"},"image":{"@id":"https:\/\/diarioprincipios.com\/index.php\/2021\/12\/15\/la-cgt-regional-buscara-fortalecer-la-unidad-en-2022\/#primaryimage"},"thumbnailUrl":"https:\/\/diarioprincipios.com\/wp-content\/uploads\/2021\/12\/cgt.png","articleSection":["Quilmes"],"inLanguage":"es","potentialAction":[{"@type":"CommentAction","name":"Comment","target":["https:\/\/diarioprincipios.com\/index.php\/2021\/12\/15\/la-cgt-regional-buscara-fortalecer-la-unidad-en-2022\/#respond"]}]},{"@type":"WebPage","@id":"https:\/\/diarioprincipios.com\/index.php\/2021\/12\/15\/la-cgt-regional-buscara-fortalecer-la-unidad-en-2022\/","url":"https:\/\/diarioprincipios.com\/index.php\/2021\/12\/15\/la-cgt-regional-buscara-fortalecer-la-unidad-en-2022\/","name":"La CGT Regional buscar\u00e1 fortalecer la unidad en 2022 - Principios","isPartOf":{"@id":"https:\/\/diarioprincipios.com\/#website"},"primaryImageOfPage":{"@id":"https:\/\/diarioprincipios.com\/index.php\/2021\/12\/15\/la-cgt-regional-buscara-fortalecer-la-unidad-en-2022\/#primaryimage"},"image":{"@id":"https:\/\/diarioprincipios.com\/index.php\/2021\/12\/15\/la-cgt-regional-buscara-fortalecer-la-unidad-en-2022\/#primaryimage"},"thumbnailUrl":"https:\/\/diarioprincipios.com\/wp-content\/uploads\/2021\/12\/cgt.png","datePublished":"2021-12-15T23:55:19+00:00","dateModified":"2021-12-16T00:35:05+00:00","breadcrumb":{"@id":"https:\/\/diarioprincipios.com\/index.php\/2021\/12\/15\/la-cgt-regional-buscara-fortalecer-la-unidad-en-2022\/#breadcrumb"},"inLanguage":"es","potentialAction":[{"@type":"ReadAction","target":["https:\/\/diarioprincipios.com\/index.php\/2021\/12\/15\/la-cgt-regional-buscara-fortalecer-la-unidad-en-2022\/"]}]},{"@type":"ImageObject","inLanguage":"es","@id":"https:\/\/diarioprincipios.com\/index.php\/2021\/12\/15\/la-cgt-regional-buscara-fortalecer-la-unidad-en-2022\/#primaryimage","url":"https:\/\/diarioprincipios.com\/wp-content\/uploads\/2021\/12\/cgt.png","contentUrl":"https:\/\/diarioprincipios.com\/wp-content\/uploads\/2021\/12\/cgt.png","width":768,"height":576},{"@type":"BreadcrumbList","@id":"https:\/\/diarioprincipios.com\/index.php\/2021\/12\/15\/la-cgt-regional-buscara-fortalecer-la-unidad-en-2022\/#breadcrumb","itemListElement":[{"@type":"ListItem","position":1,"name":"Portada","item":"https:\/\/diarioprincipios.com\/"},{"@type":"ListItem","position":2,"name":"La CGT Regional buscar\u00e1 fortalecer la unidad en 2022"}]},{"@type":"WebSite","@id":"https:\/\/diarioprincipios.com\/#website","url":"https:\/\/diarioprincipios.com\/","name":"Principios","description":"Principios Diario","publisher":{"@id":"https:\/\/diarioprincipios.com\/#organization"},"potentialAction":[{"@type":"SearchAction","target":{"@type":"EntryPoint","urlTemplate":"https:\/\/diarioprincipios.com\/?s={search_term_string}"},"query-input":{"@type":"PropertyValueSpecification","valueRequired":true,"valueName":"search_term_string"}}],"inLanguage":"es"},{"@type":"Organization","@id":"https:\/\/diarioprincipios.com\/#organization","name":"Principios","url":"https:\/\/diarioprincipios.com\/","logo":{"@type":"ImageObject","inLanguage":"es","@id":"https:\/\/diarioprincipios.com\/#\/schema\/logo\/image\/","url":"https:\/\/diarioprincipios.com\/wp-content\/uploads\/2024\/04\/cropped-www.diarioprincipios.com_-1.png","contentUrl":"https:\/\/diarioprincipios.com\/wp-content\/uploads\/2024\/04\/cropped-www.diarioprincipios.com_-1.png","width":5325,"height":1454,"caption":"Principios"},"image":{"@id":"https:\/\/diarioprincipios.com\/#\/schema\/logo\/image\/"}},{"@type":"Person","@id":"https:\/\/diarioprincipios.com\/#\/schema\/person\/436d5a1fd41a5e250e23ff5a6a7cb080","name":"Hern\u00e1n L\u00f3pez","image":{"@type":"ImageObject","inLanguage":"es","@id":"https:\/\/diarioprincipios.com\/wp-content\/litespeed\/avatar\/11ddfe5610ff3bd100522525b2571f48.jpg?ver=1777653193","url":"https:\/\/diarioprincipios.com\/wp-content\/litespeed\/avatar\/11ddfe5610ff3bd100522525b2571f48.jpg?ver=1777653193","contentUrl":"https:\/\/diarioprincipios.com\/wp-content\/litespeed\/avatar\/11ddfe5610ff3bd100522525b2571f48.jpg?ver=1777653193","caption":"Hern\u00e1n L\u00f3pez"},"url":"https:\/\/diarioprincipios.com\/index.php\/author\/hernan\/"}]}},"jetpack_featured_media_url":"https:\/\/diarioprincipios.com\/wp-content\/uploads\/2021\/12\/cgt.png","_links":{"self":[{"href":"https:\/\/diarioprincipios.com\/index.php\/wp-json\/wp\/v2\/posts\/12191","targetHints":{"allow":["GET"]}}],"collection":[{"href":"https:\/\/diarioprincipios.com\/index.php\/wp-json\/wp\/v2\/posts"}],"about":[{"href":"https:\/\/diarioprincipios.com\/index.php\/wp-json\/wp\/v2\/types\/post"}],"author":[{"embeddable":true,"href":"https:\/\/diarioprincipios.com\/index.php\/wp-json\/wp\/v2\/users\/2"}],"replies":[{"embeddable":true,"href":"https:\/\/diarioprincipios.com\/index.php\/wp-json\/wp\/v2\/comments?post=12191"}],"version-history":[{"count":3,"href":"https:\/\/diarioprincipios.com\/index.php\/wp-json\/wp\/v2\/posts\/12191\/revisions"}],"predecessor-version":[{"id":12211,"href":"https:\/\/diarioprincipios.com\/index.php\/wp-json\/wp\/v2\/posts\/12191\/revisions\/12211"}],"wp:featuredmedia":[{"embeddable":true,"href":"https:\/\/diarioprincipios.com\/index.php\/wp-json\/wp\/v2\/media\/12192"}],"wp:attachment":[{"href":"https:\/\/diarioprincipios.com\/index.php\/wp-json\/wp\/v2\/media?parent=12191"}],"wp:term":[{"taxonomy":"category","embeddable":true,"href":"https:\/\/diarioprincipios.com\/index.php\/wp-json\/wp\/v2\/categories?post=12191"},{"taxonomy":"post_tag","embeddable":true,"href":"https:\/\/diarioprincipios.com\/index.php\/wp-json\/wp\/v2\/tags?post=12191"}],"curies":[{"name":"wp","href":"https:\/\/api.w.org\/{rel}","templated":true}]}}