{"id":1219,"date":"2020-05-05T21:49:34","date_gmt":"2020-05-05T21:49:34","guid":{"rendered":"http:\/\/diarioprincipios.com\/?p=1219"},"modified":"2020-05-05T21:49:35","modified_gmt":"2020-05-05T21:49:35","slug":"la-intendenta-mantuvo-una-videoconferencia-con-comerciantes-de-quilmes","status":"publish","type":"post","link":"https:\/\/diarioprincipios.com\/index.php\/2020\/05\/05\/la-intendenta-mantuvo-una-videoconferencia-con-comerciantes-de-quilmes\/","title":{"rendered":"La Intendenta mantuvo una Videoconferencia con Comerciantes de Quilmes"},"content":{"rendered":"\n<p>La intendenta de Quilmes, Mayra Mendoza, llev\u00f3 adelante una videoconferencia con comerciantes del distrito, en la que les transmiti\u00f3 el estado de situaci\u00f3n sanitaria en el marco de la pandemia por el coronavirus y atendi\u00f3 sus peticiones con el objetivo de realizar el armado de una proyecci\u00f3n a futuro mediato para la reapertura progresiva del sector.<\/p>\n\n\n\n<p>\u201cLes explicamos a los comerciantes de Quilmes la cuesti\u00f3n sanitaria que estamos viviendo en el municipio a causa del COVID 19 y, por supuesto, escuchamos sus demandas con el fin de iniciar una diagramaci\u00f3n a mediano plazo de las posibles reaperturas comerciales escalonadas que se puedan concretar en el sector productivo. Estamos trabajando para acompa\u00f1arlos en este dif\u00edcil momento\u201d, expres\u00f3 la Jefa comunal.<\/p>\n\n\n\n<p>En el encuentro virtual se trataron cuestiones relacionadas a las excepciones que hoy pesan sobre los distintos rubros de comercios y otros puntos relacionados con estos t\u00f3picos. En este sentido, la Jefa comunal les brind\u00f3 respuestas y contenci\u00f3n, a sabiendas del dif\u00edcil momento que atraviesa el sector comercial producto de la pandemia por el coronavirus.<\/p>\n\n\n\n<p>\u201cEstamos recibiendo las demandas de los comerciantes para una planificaci\u00f3n futura de las reaperturas progresivas de los comercios de Quilmes, acci\u00f3n que va en relaci\u00f3n directa con la evoluci\u00f3n de la situaci\u00f3n sanitaria que estamos atravesando\u201d, coincidieron desde la Agencia de Fiscalizaci\u00f3n y Control Comunal, a cargo de Alejandra Cordeiro y desde la Subsecretar\u00eda de Empleo comunal, encabezada por Paul O\u2019Shanghnessy, que trabajar\u00e1n en conjunto con esta coyuntura.<\/p>\n\n\n\n<p>En la videoconferencia con la Intendenta de Quilmes y los citados funcionarios, participaron entre dos y tres representantes de las C\u00e1maras de Comercio de Quilmes, de San Francisco Solano y de Bernal y del Paseo Comercial Quilmes.<\/p>\n","protected":false},"excerpt":{"rendered":"<p>La intendenta de Quilmes, Mayra Mendoza, llev\u00f3 adelante una videoconferencia con comerciantes del distrito, en la que les transmiti\u00f3 el estado de situaci\u00f3n sanitaria en el marco de la pandemia por el coronavirus y atendi\u00f3 sus peticiones con el objetivo de realizar el armado de una proyecci\u00f3n a futuro mediato para la reapertura progresiva del&#8230;<\/p>\n","protected":false},"author":2,"featured_media":1220,"comment_status":"open","ping_status":"open","sticky":false,"template":"","format":"standard","meta":{"footnotes":""},"categories":[4],"tags":[],"class_list":["post-1219","post","type-post","status-publish","format-standard","has-post-thumbnail","hentry","category-quilmes"],"featured_image_src":"https:\/\/diarioprincipios.com\/wp-content\/uploads\/2020\/05\/CORONAVIRUS-MAYRA-MENDOZA-MANTUVO-UNA-VIDEOCONFERENCIA-CON-COMERCIANTES-DE-QUILMES-2.jpeg","blog_images":{"medium":"https:\/\/diarioprincipios.com\/wp-content\/uploads\/2020\/05\/CORONAVIRUS-MAYRA-MENDOZA-MANTUVO-UNA-VIDEOCONFERENCIA-CON-COMERCIANTES-DE-QUILMES-2-300x200.jpeg","large":"https:\/\/diarioprincipios.com\/wp-content\/uploads\/2020\/05\/CORONAVIRUS-MAYRA-MENDOZA-MANTUVO-UNA-VIDEOCONFERENCIA-CON-COMERCIANTES-DE-QUILMES-2.jpeg"},"ams_acf":[],"yoast_head":"<!-- This site is optimized with the Yoast SEO plugin v27.3 - https:\/\/yoast.com\/product\/yoast-seo-wordpress\/ -->\n<title>La Intendenta mantuvo una Videoconferencia con Comerciantes de Quilmes - Principios<\/title>\n<meta name=\"robots\" content=\"index, follow, max-snippet:-1, max-image-preview:large, max-video-preview:-1\" \/>\n<link rel=\"canonical\" href=\"https:\/\/diarioprincipios.com\/index.php\/2020\/05\/05\/la-intendenta-mantuvo-una-videoconferencia-con-comerciantes-de-quilmes\/\" \/>\n<meta property=\"og:locale\" content=\"es_ES\" \/>\n<meta property=\"og:type\" content=\"article\" \/>\n<meta property=\"og:title\" content=\"La Intendenta mantuvo una Videoconferencia con Comerciantes de Quilmes - Principios\" \/>\n<meta property=\"og:description\" content=\"La intendenta de Quilmes, Mayra Mendoza, llev\u00f3 adelante una videoconferencia con comerciantes del distrito, en la que les transmiti\u00f3 el estado de situaci\u00f3n sanitaria en el marco de la pandemia por el coronavirus y atendi\u00f3 sus peticiones con el objetivo de realizar el armado de una proyecci\u00f3n a futuro mediato para la reapertura progresiva del...\" \/>\n<meta property=\"og:url\" content=\"https:\/\/diarioprincipios.com\/index.php\/2020\/05\/05\/la-intendenta-mantuvo-una-videoconferencia-con-comerciantes-de-quilmes\/\" \/>\n<meta property=\"og:site_name\" content=\"Principios\" \/>\n<meta property=\"article:published_time\" content=\"2020-05-05T21:49:34+00:00\" \/>\n<meta property=\"article:modified_time\" content=\"2020-05-05T21:49:35+00:00\" \/>\n<meta property=\"og:image\" content=\"https:\/\/diarioprincipios.com\/wp-content\/uploads\/2020\/05\/CORONAVIRUS-MAYRA-MENDOZA-MANTUVO-UNA-VIDEOCONFERENCIA-CON-COMERCIANTES-DE-QUILMES-2.jpeg\" \/>\n\t<meta property=\"og:image:width\" content=\"960\" \/>\n\t<meta property=\"og:image:height\" content=\"640\" \/>\n\t<meta property=\"og:image:type\" content=\"image\/jpeg\" \/>\n<meta name=\"author\" content=\"Hern\u00e1n L\u00f3pez\" \/>\n<meta name=\"twitter:card\" content=\"summary_large_image\" \/>\n<meta name=\"twitter:label1\" content=\"Escrito por\" \/>\n\t<meta name=\"twitter:data1\" content=\"Hern\u00e1n L\u00f3pez\" \/>\n\t<meta name=\"twitter:label2\" content=\"Tiempo de lectura\" \/>\n\t<meta name=\"twitter:data2\" content=\"1 minuto\" \/>\n<script type=\"application\/ld+json\" class=\"yoast-schema-graph\">{\"@context\":\"https:\\\/\\\/schema.org\",\"@graph\":[{\"@type\":\"Article\",\"@id\":\"https:\\\/\\\/diarioprincipios.com\\\/index.php\\\/2020\\\/05\\\/05\\\/la-intendenta-mantuvo-una-videoconferencia-con-comerciantes-de-quilmes\\\/#article\",\"isPartOf\":{\"@id\":\"https:\\\/\\\/diarioprincipios.com\\\/index.php\\\/2020\\\/05\\\/05\\\/la-intendenta-mantuvo-una-videoconferencia-con-comerciantes-de-quilmes\\\/\"},\"author\":{\"name\":\"Hern\u00e1n L\u00f3pez\",\"@id\":\"https:\\\/\\\/diarioprincipios.com\\\/#\\\/schema\\\/person\\\/436d5a1fd41a5e250e23ff5a6a7cb080\"},\"headline\":\"La Intendenta mantuvo una Videoconferencia con Comerciantes de Quilmes\",\"datePublished\":\"2020-05-05T21:49:34+00:00\",\"dateModified\":\"2020-05-05T21:49:35+00:00\",\"mainEntityOfPage\":{\"@id\":\"https:\\\/\\\/diarioprincipios.com\\\/index.php\\\/2020\\\/05\\\/05\\\/la-intendenta-mantuvo-una-videoconferencia-con-comerciantes-de-quilmes\\\/\"},\"wordCount\":306,\"commentCount\":0,\"publisher\":{\"@id\":\"https:\\\/\\\/diarioprincipios.com\\\/#organization\"},\"image\":{\"@id\":\"https:\\\/\\\/diarioprincipios.com\\\/index.php\\\/2020\\\/05\\\/05\\\/la-intendenta-mantuvo-una-videoconferencia-con-comerciantes-de-quilmes\\\/#primaryimage\"},\"thumbnailUrl\":\"https:\\\/\\\/diarioprincipios.com\\\/wp-content\\\/uploads\\\/2020\\\/05\\\/CORONAVIRUS-MAYRA-MENDOZA-MANTUVO-UNA-VIDEOCONFERENCIA-CON-COMERCIANTES-DE-QUILMES-2.jpeg\",\"articleSection\":[\"Quilmes\"],\"inLanguage\":\"es\",\"potentialAction\":[{\"@type\":\"CommentAction\",\"name\":\"Comment\",\"target\":[\"https:\\\/\\\/diarioprincipios.com\\\/index.php\\\/2020\\\/05\\\/05\\\/la-intendenta-mantuvo-una-videoconferencia-con-comerciantes-de-quilmes\\\/#respond\"]}]},{\"@type\":\"WebPage\",\"@id\":\"https:\\\/\\\/diarioprincipios.com\\\/index.php\\\/2020\\\/05\\\/05\\\/la-intendenta-mantuvo-una-videoconferencia-con-comerciantes-de-quilmes\\\/\",\"url\":\"https:\\\/\\\/diarioprincipios.com\\\/index.php\\\/2020\\\/05\\\/05\\\/la-intendenta-mantuvo-una-videoconferencia-con-comerciantes-de-quilmes\\\/\",\"name\":\"La Intendenta mantuvo una Videoconferencia con Comerciantes de Quilmes - Principios\",\"isPartOf\":{\"@id\":\"https:\\\/\\\/diarioprincipios.com\\\/#website\"},\"primaryImageOfPage\":{\"@id\":\"https:\\\/\\\/diarioprincipios.com\\\/index.php\\\/2020\\\/05\\\/05\\\/la-intendenta-mantuvo-una-videoconferencia-con-comerciantes-de-quilmes\\\/#primaryimage\"},\"image\":{\"@id\":\"https:\\\/\\\/diarioprincipios.com\\\/index.php\\\/2020\\\/05\\\/05\\\/la-intendenta-mantuvo-una-videoconferencia-con-comerciantes-de-quilmes\\\/#primaryimage\"},\"thumbnailUrl\":\"https:\\\/\\\/diarioprincipios.com\\\/wp-content\\\/uploads\\\/2020\\\/05\\\/CORONAVIRUS-MAYRA-MENDOZA-MANTUVO-UNA-VIDEOCONFERENCIA-CON-COMERCIANTES-DE-QUILMES-2.jpeg\",\"datePublished\":\"2020-05-05T21:49:34+00:00\",\"dateModified\":\"2020-05-05T21:49:35+00:00\",\"breadcrumb\":{\"@id\":\"https:\\\/\\\/diarioprincipios.com\\\/index.php\\\/2020\\\/05\\\/05\\\/la-intendenta-mantuvo-una-videoconferencia-con-comerciantes-de-quilmes\\\/#breadcrumb\"},\"inLanguage\":\"es\",\"potentialAction\":[{\"@type\":\"ReadAction\",\"target\":[\"https:\\\/\\\/diarioprincipios.com\\\/index.php\\\/2020\\\/05\\\/05\\\/la-intendenta-mantuvo-una-videoconferencia-con-comerciantes-de-quilmes\\\/\"]}]},{\"@type\":\"ImageObject\",\"inLanguage\":\"es\",\"@id\":\"https:\\\/\\\/diarioprincipios.com\\\/index.php\\\/2020\\\/05\\\/05\\\/la-intendenta-mantuvo-una-videoconferencia-con-comerciantes-de-quilmes\\\/#primaryimage\",\"url\":\"https:\\\/\\\/diarioprincipios.com\\\/wp-content\\\/uploads\\\/2020\\\/05\\\/CORONAVIRUS-MAYRA-MENDOZA-MANTUVO-UNA-VIDEOCONFERENCIA-CON-COMERCIANTES-DE-QUILMES-2.jpeg\",\"contentUrl\":\"https:\\\/\\\/diarioprincipios.com\\\/wp-content\\\/uploads\\\/2020\\\/05\\\/CORONAVIRUS-MAYRA-MENDOZA-MANTUVO-UNA-VIDEOCONFERENCIA-CON-COMERCIANTES-DE-QUILMES-2.jpeg\",\"width\":960,\"height\":640},{\"@type\":\"BreadcrumbList\",\"@id\":\"https:\\\/\\\/diarioprincipios.com\\\/index.php\\\/2020\\\/05\\\/05\\\/la-intendenta-mantuvo-una-videoconferencia-con-comerciantes-de-quilmes\\\/#breadcrumb\",\"itemListElement\":[{\"@type\":\"ListItem\",\"position\":1,\"name\":\"Portada\",\"item\":\"https:\\\/\\\/diarioprincipios.com\\\/\"},{\"@type\":\"ListItem\",\"position\":2,\"name\":\"La Intendenta mantuvo una Videoconferencia con Comerciantes de Quilmes\"}]},{\"@type\":\"WebSite\",\"@id\":\"https:\\\/\\\/diarioprincipios.com\\\/#website\",\"url\":\"https:\\\/\\\/diarioprincipios.com\\\/\",\"name\":\"Principios\",\"description\":\"Principios Diario\",\"publisher\":{\"@id\":\"https:\\\/\\\/diarioprincipios.com\\\/#organization\"},\"potentialAction\":[{\"@type\":\"SearchAction\",\"target\":{\"@type\":\"EntryPoint\",\"urlTemplate\":\"https:\\\/\\\/diarioprincipios.com\\\/?s={search_term_string}\"},\"query-input\":{\"@type\":\"PropertyValueSpecification\",\"valueRequired\":true,\"valueName\":\"search_term_string\"}}],\"inLanguage\":\"es\"},{\"@type\":\"Organization\",\"@id\":\"https:\\\/\\\/diarioprincipios.com\\\/#organization\",\"name\":\"Principios\",\"url\":\"https:\\\/\\\/diarioprincipios.com\\\/\",\"logo\":{\"@type\":\"ImageObject\",\"inLanguage\":\"es\",\"@id\":\"https:\\\/\\\/diarioprincipios.com\\\/#\\\/schema\\\/logo\\\/image\\\/\",\"url\":\"https:\\\/\\\/diarioprincipios.com\\\/wp-content\\\/uploads\\\/2024\\\/04\\\/cropped-www.diarioprincipios.com_-1.png\",\"contentUrl\":\"https:\\\/\\\/diarioprincipios.com\\\/wp-content\\\/uploads\\\/2024\\\/04\\\/cropped-www.diarioprincipios.com_-1.png\",\"width\":5325,\"height\":1454,\"caption\":\"Principios\"},\"image\":{\"@id\":\"https:\\\/\\\/diarioprincipios.com\\\/#\\\/schema\\\/logo\\\/image\\\/\"}},{\"@type\":\"Person\",\"@id\":\"https:\\\/\\\/diarioprincipios.com\\\/#\\\/schema\\\/person\\\/436d5a1fd41a5e250e23ff5a6a7cb080\",\"name\":\"Hern\u00e1n L\u00f3pez\",\"image\":{\"@type\":\"ImageObject\",\"inLanguage\":\"es\",\"@id\":\"https:\\\/\\\/diarioprincipios.com\\\/wp-content\\\/litespeed\\\/avatar\\\/11ddfe5610ff3bd100522525b2571f48.jpg?ver=1777048341\",\"url\":\"https:\\\/\\\/diarioprincipios.com\\\/wp-content\\\/litespeed\\\/avatar\\\/11ddfe5610ff3bd100522525b2571f48.jpg?ver=1777048341\",\"contentUrl\":\"https:\\\/\\\/diarioprincipios.com\\\/wp-content\\\/litespeed\\\/avatar\\\/11ddfe5610ff3bd100522525b2571f48.jpg?ver=1777048341\",\"caption\":\"Hern\u00e1n L\u00f3pez\"},\"url\":\"https:\\\/\\\/diarioprincipios.com\\\/index.php\\\/author\\\/hernan\\\/\"}]}<\/script>\n<!-- \/ Yoast SEO plugin. -->","yoast_head_json":{"title":"La Intendenta mantuvo una Videoconferencia con Comerciantes de Quilmes - Principios","robots":{"index":"index","follow":"follow","max-snippet":"max-snippet:-1","max-image-preview":"max-image-preview:large","max-video-preview":"max-video-preview:-1"},"canonical":"https:\/\/diarioprincipios.com\/index.php\/2020\/05\/05\/la-intendenta-mantuvo-una-videoconferencia-con-comerciantes-de-quilmes\/","og_locale":"es_ES","og_type":"article","og_title":"La Intendenta mantuvo una Videoconferencia con Comerciantes de Quilmes - Principios","og_description":"La intendenta de Quilmes, Mayra Mendoza, llev\u00f3 adelante una videoconferencia con comerciantes del distrito, en la que les transmiti\u00f3 el estado de situaci\u00f3n sanitaria en el marco de la pandemia por el coronavirus y atendi\u00f3 sus peticiones con el objetivo de realizar el armado de una proyecci\u00f3n a futuro mediato para la reapertura progresiva del...","og_url":"https:\/\/diarioprincipios.com\/index.php\/2020\/05\/05\/la-intendenta-mantuvo-una-videoconferencia-con-comerciantes-de-quilmes\/","og_site_name":"Principios","article_published_time":"2020-05-05T21:49:34+00:00","article_modified_time":"2020-05-05T21:49:35+00:00","og_image":[{"width":960,"height":640,"url":"https:\/\/diarioprincipios.com\/wp-content\/uploads\/2020\/05\/CORONAVIRUS-MAYRA-MENDOZA-MANTUVO-UNA-VIDEOCONFERENCIA-CON-COMERCIANTES-DE-QUILMES-2.jpeg","type":"image\/jpeg"}],"author":"Hern\u00e1n L\u00f3pez","twitter_card":"summary_large_image","twitter_misc":{"Escrito por":"Hern\u00e1n L\u00f3pez","Tiempo de lectura":"1 minuto"},"schema":{"@context":"https:\/\/schema.org","@graph":[{"@type":"Article","@id":"https:\/\/diarioprincipios.com\/index.php\/2020\/05\/05\/la-intendenta-mantuvo-una-videoconferencia-con-comerciantes-de-quilmes\/#article","isPartOf":{"@id":"https:\/\/diarioprincipios.com\/index.php\/2020\/05\/05\/la-intendenta-mantuvo-una-videoconferencia-con-comerciantes-de-quilmes\/"},"author":{"name":"Hern\u00e1n L\u00f3pez","@id":"https:\/\/diarioprincipios.com\/#\/schema\/person\/436d5a1fd41a5e250e23ff5a6a7cb080"},"headline":"La Intendenta mantuvo una Videoconferencia con Comerciantes de Quilmes","datePublished":"2020-05-05T21:49:34+00:00","dateModified":"2020-05-05T21:49:35+00:00","mainEntityOfPage":{"@id":"https:\/\/diarioprincipios.com\/index.php\/2020\/05\/05\/la-intendenta-mantuvo-una-videoconferencia-con-comerciantes-de-quilmes\/"},"wordCount":306,"commentCount":0,"publisher":{"@id":"https:\/\/diarioprincipios.com\/#organization"},"image":{"@id":"https:\/\/diarioprincipios.com\/index.php\/2020\/05\/05\/la-intendenta-mantuvo-una-videoconferencia-con-comerciantes-de-quilmes\/#primaryimage"},"thumbnailUrl":"https:\/\/diarioprincipios.com\/wp-content\/uploads\/2020\/05\/CORONAVIRUS-MAYRA-MENDOZA-MANTUVO-UNA-VIDEOCONFERENCIA-CON-COMERCIANTES-DE-QUILMES-2.jpeg","articleSection":["Quilmes"],"inLanguage":"es","potentialAction":[{"@type":"CommentAction","name":"Comment","target":["https:\/\/diarioprincipios.com\/index.php\/2020\/05\/05\/la-intendenta-mantuvo-una-videoconferencia-con-comerciantes-de-quilmes\/#respond"]}]},{"@type":"WebPage","@id":"https:\/\/diarioprincipios.com\/index.php\/2020\/05\/05\/la-intendenta-mantuvo-una-videoconferencia-con-comerciantes-de-quilmes\/","url":"https:\/\/diarioprincipios.com\/index.php\/2020\/05\/05\/la-intendenta-mantuvo-una-videoconferencia-con-comerciantes-de-quilmes\/","name":"La Intendenta mantuvo una Videoconferencia con Comerciantes de Quilmes - Principios","isPartOf":{"@id":"https:\/\/diarioprincipios.com\/#website"},"primaryImageOfPage":{"@id":"https:\/\/diarioprincipios.com\/index.php\/2020\/05\/05\/la-intendenta-mantuvo-una-videoconferencia-con-comerciantes-de-quilmes\/#primaryimage"},"image":{"@id":"https:\/\/diarioprincipios.com\/index.php\/2020\/05\/05\/la-intendenta-mantuvo-una-videoconferencia-con-comerciantes-de-quilmes\/#primaryimage"},"thumbnailUrl":"https:\/\/diarioprincipios.com\/wp-content\/uploads\/2020\/05\/CORONAVIRUS-MAYRA-MENDOZA-MANTUVO-UNA-VIDEOCONFERENCIA-CON-COMERCIANTES-DE-QUILMES-2.jpeg","datePublished":"2020-05-05T21:49:34+00:00","dateModified":"2020-05-05T21:49:35+00:00","breadcrumb":{"@id":"https:\/\/diarioprincipios.com\/index.php\/2020\/05\/05\/la-intendenta-mantuvo-una-videoconferencia-con-comerciantes-de-quilmes\/#breadcrumb"},"inLanguage":"es","potentialAction":[{"@type":"ReadAction","target":["https:\/\/diarioprincipios.com\/index.php\/2020\/05\/05\/la-intendenta-mantuvo-una-videoconferencia-con-comerciantes-de-quilmes\/"]}]},{"@type":"ImageObject","inLanguage":"es","@id":"https:\/\/diarioprincipios.com\/index.php\/2020\/05\/05\/la-intendenta-mantuvo-una-videoconferencia-con-comerciantes-de-quilmes\/#primaryimage","url":"https:\/\/diarioprincipios.com\/wp-content\/uploads\/2020\/05\/CORONAVIRUS-MAYRA-MENDOZA-MANTUVO-UNA-VIDEOCONFERENCIA-CON-COMERCIANTES-DE-QUILMES-2.jpeg","contentUrl":"https:\/\/diarioprincipios.com\/wp-content\/uploads\/2020\/05\/CORONAVIRUS-MAYRA-MENDOZA-MANTUVO-UNA-VIDEOCONFERENCIA-CON-COMERCIANTES-DE-QUILMES-2.jpeg","width":960,"height":640},{"@type":"BreadcrumbList","@id":"https:\/\/diarioprincipios.com\/index.php\/2020\/05\/05\/la-intendenta-mantuvo-una-videoconferencia-con-comerciantes-de-quilmes\/#breadcrumb","itemListElement":[{"@type":"ListItem","position":1,"name":"Portada","item":"https:\/\/diarioprincipios.com\/"},{"@type":"ListItem","position":2,"name":"La Intendenta mantuvo una Videoconferencia con Comerciantes de Quilmes"}]},{"@type":"WebSite","@id":"https:\/\/diarioprincipios.com\/#website","url":"https:\/\/diarioprincipios.com\/","name":"Principios","description":"Principios Diario","publisher":{"@id":"https:\/\/diarioprincipios.com\/#organization"},"potentialAction":[{"@type":"SearchAction","target":{"@type":"EntryPoint","urlTemplate":"https:\/\/diarioprincipios.com\/?s={search_term_string}"},"query-input":{"@type":"PropertyValueSpecification","valueRequired":true,"valueName":"search_term_string"}}],"inLanguage":"es"},{"@type":"Organization","@id":"https:\/\/diarioprincipios.com\/#organization","name":"Principios","url":"https:\/\/diarioprincipios.com\/","logo":{"@type":"ImageObject","inLanguage":"es","@id":"https:\/\/diarioprincipios.com\/#\/schema\/logo\/image\/","url":"https:\/\/diarioprincipios.com\/wp-content\/uploads\/2024\/04\/cropped-www.diarioprincipios.com_-1.png","contentUrl":"https:\/\/diarioprincipios.com\/wp-content\/uploads\/2024\/04\/cropped-www.diarioprincipios.com_-1.png","width":5325,"height":1454,"caption":"Principios"},"image":{"@id":"https:\/\/diarioprincipios.com\/#\/schema\/logo\/image\/"}},{"@type":"Person","@id":"https:\/\/diarioprincipios.com\/#\/schema\/person\/436d5a1fd41a5e250e23ff5a6a7cb080","name":"Hern\u00e1n L\u00f3pez","image":{"@type":"ImageObject","inLanguage":"es","@id":"https:\/\/diarioprincipios.com\/wp-content\/litespeed\/avatar\/11ddfe5610ff3bd100522525b2571f48.jpg?ver=1777048341","url":"https:\/\/diarioprincipios.com\/wp-content\/litespeed\/avatar\/11ddfe5610ff3bd100522525b2571f48.jpg?ver=1777048341","contentUrl":"https:\/\/diarioprincipios.com\/wp-content\/litespeed\/avatar\/11ddfe5610ff3bd100522525b2571f48.jpg?ver=1777048341","caption":"Hern\u00e1n L\u00f3pez"},"url":"https:\/\/diarioprincipios.com\/index.php\/author\/hernan\/"}]}},"jetpack_featured_media_url":"https:\/\/diarioprincipios.com\/wp-content\/uploads\/2020\/05\/CORONAVIRUS-MAYRA-MENDOZA-MANTUVO-UNA-VIDEOCONFERENCIA-CON-COMERCIANTES-DE-QUILMES-2.jpeg","_links":{"self":[{"href":"https:\/\/diarioprincipios.com\/index.php\/wp-json\/wp\/v2\/posts\/1219","targetHints":{"allow":["GET"]}}],"collection":[{"href":"https:\/\/diarioprincipios.com\/index.php\/wp-json\/wp\/v2\/posts"}],"about":[{"href":"https:\/\/diarioprincipios.com\/index.php\/wp-json\/wp\/v2\/types\/post"}],"author":[{"embeddable":true,"href":"https:\/\/diarioprincipios.com\/index.php\/wp-json\/wp\/v2\/users\/2"}],"replies":[{"embeddable":true,"href":"https:\/\/diarioprincipios.com\/index.php\/wp-json\/wp\/v2\/comments?post=1219"}],"version-history":[{"count":1,"href":"https:\/\/diarioprincipios.com\/index.php\/wp-json\/wp\/v2\/posts\/1219\/revisions"}],"predecessor-version":[{"id":1221,"href":"https:\/\/diarioprincipios.com\/index.php\/wp-json\/wp\/v2\/posts\/1219\/revisions\/1221"}],"wp:featuredmedia":[{"embeddable":true,"href":"https:\/\/diarioprincipios.com\/index.php\/wp-json\/wp\/v2\/media\/1220"}],"wp:attachment":[{"href":"https:\/\/diarioprincipios.com\/index.php\/wp-json\/wp\/v2\/media?parent=1219"}],"wp:term":[{"taxonomy":"category","embeddable":true,"href":"https:\/\/diarioprincipios.com\/index.php\/wp-json\/wp\/v2\/categories?post=1219"},{"taxonomy":"post_tag","embeddable":true,"href":"https:\/\/diarioprincipios.com\/index.php\/wp-json\/wp\/v2\/tags?post=1219"}],"curies":[{"name":"wp","href":"https:\/\/api.w.org\/{rel}","templated":true}]}}