{"id":12167,"date":"2021-12-14T17:20:34","date_gmt":"2021-12-14T20:20:34","guid":{"rendered":"http:\/\/diarioprincipios.com\/?p=12167"},"modified":"2021-12-14T17:20:37","modified_gmt":"2021-12-14T20:20:37","slug":"meritorio-6to-puesto-del-soiva-en-master-internacional-de-voley-de-mar-del-plata","status":"publish","type":"post","link":"https:\/\/diarioprincipios.com\/index.php\/2021\/12\/14\/meritorio-6to-puesto-del-soiva-en-master-internacional-de-voley-de-mar-del-plata\/","title":{"rendered":"Meritorio 6to puesto del SOIVA en Master Internacional de Voley de Mar del Plata"},"content":{"rendered":"\n<p>El representativo masculino de mayores de 37 a\u00f1os de SOIVA obtuvo un meritorio 6to puesto en el Master Internacional de Voley disputado en Mar Del Plata y del que participaron 65 equipos de todo el pa\u00eds.<br>Berazategui est\u00e1 representado por SOIVA en este Torneo desde el a\u00f1o 2009.<\/p>\n\n\n\n<figure class=\"wp-block-image size-full\"><img loading=\"lazy\" decoding=\"async\" width=\"768\" height=\"1024\" src=\"https:\/\/diarioprincipios.com\/wp-content\/uploads\/2021\/12\/IMG-20211214-WA0009.jpg\" alt=\"\" class=\"wp-image-12168\" srcset=\"https:\/\/diarioprincipios.com\/wp-content\/uploads\/2021\/12\/IMG-20211214-WA0009.jpg 768w, https:\/\/diarioprincipios.com\/wp-content\/uploads\/2021\/12\/IMG-20211214-WA0009-225x300.jpg 225w\" sizes=\"auto, (max-width: 768px) 100vw, 768px\" \/><\/figure>\n\n\n\n<p><br>El representativo local sali\u00f3 el mi\u00e9rcoles 8 de diciembre y regres\u00f3 el domingo 12 con esta destacable participaci\u00f3n en un Torneo Internacional que tuvo muy alto nivel de competencia.<\/p>\n\n\n\n<figure class=\"wp-block-image size-full\"><img loading=\"lazy\" decoding=\"async\" width=\"768\" height=\"1024\" src=\"https:\/\/diarioprincipios.com\/wp-content\/uploads\/2021\/12\/IMG-20211214-WA0008.jpg\" alt=\"\" class=\"wp-image-12169\" srcset=\"https:\/\/diarioprincipios.com\/wp-content\/uploads\/2021\/12\/IMG-20211214-WA0008.jpg 768w, https:\/\/diarioprincipios.com\/wp-content\/uploads\/2021\/12\/IMG-20211214-WA0008-225x300.jpg 225w\" sizes=\"auto, (max-width: 768px) 100vw, 768px\" \/><\/figure>\n\n\n\n<p><br>Celia Cabrera, presidenta de la Asociaci\u00f3n de Voley destac\u00f3 que \u00abestamos muy orgullosos de nuestro equipo, se ubicaron en el puesto 6 de 65 en un Torneo Internacional de alto nivel competitivo, por mis responsabilidades asumidas de concejal no pude por primera vez acompa\u00f1arlos pero desde Berazategui hicimos fuerza todo el tiempo por ellos y estuvimos pendientes\u00bb.<\/p>\n\n\n\n<figure class=\"wp-block-image size-large\"><img loading=\"lazy\" decoding=\"async\" width=\"1024\" height=\"768\" src=\"https:\/\/diarioprincipios.com\/wp-content\/uploads\/2021\/12\/IMG-20211214-WA0004-1024x768.jpg\" alt=\"\" class=\"wp-image-12170\" srcset=\"https:\/\/diarioprincipios.com\/wp-content\/uploads\/2021\/12\/IMG-20211214-WA0004-1024x768.jpg 1024w, https:\/\/diarioprincipios.com\/wp-content\/uploads\/2021\/12\/IMG-20211214-WA0004-300x225.jpg 300w, https:\/\/diarioprincipios.com\/wp-content\/uploads\/2021\/12\/IMG-20211214-WA0004-768x576.jpg 768w, https:\/\/diarioprincipios.com\/wp-content\/uploads\/2021\/12\/IMG-20211214-WA0004-1536x1152.jpg 1536w, https:\/\/diarioprincipios.com\/wp-content\/uploads\/2021\/12\/IMG-20211214-WA0004.jpg 1600w\" sizes=\"auto, (max-width: 1024px) 100vw, 1024px\" \/><\/figure>\n\n\n\n<p><br>Cabe destacar que durante el a\u00f1o de competencia de cada una de las instituciones se elige un jugador para poder participar en la selecci\u00f3n que representa a Berazategui en el Master internacional.<br>\u00abEste es un fruto m\u00e1s del enorme trabajo que se viene haciendo en Berazategui para desarrollar esta hermosa actividad\u00bb, cerr\u00f3 Cabrera.<\/p>\n","protected":false},"excerpt":{"rendered":"<p>El representativo masculino de mayores de 37 a\u00f1os de SOIVA obtuvo un meritorio 6to puesto en el Master Internacional de Voley disputado en Mar Del Plata y del que participaron 65 equipos de todo el pa\u00eds.Berazategui est\u00e1 representado por SOIVA en este Torneo desde el a\u00f1o 2009. El representativo local sali\u00f3 el mi\u00e9rcoles 8 de&#8230;<\/p>\n","protected":false},"author":2,"featured_media":12171,"comment_status":"open","ping_status":"open","sticky":false,"template":"","format":"standard","meta":{"footnotes":""},"categories":[6],"tags":[],"class_list":["post-12167","post","type-post","status-publish","format-standard","has-post-thumbnail","hentry","category-deportes"],"featured_image_src":"https:\/\/diarioprincipios.com\/wp-content\/uploads\/2021\/12\/IMG-20211214-WA0006-1024x768.jpg","blog_images":{"medium":"https:\/\/diarioprincipios.com\/wp-content\/uploads\/2021\/12\/IMG-20211214-WA0006-300x225.jpg","large":"https:\/\/diarioprincipios.com\/wp-content\/uploads\/2021\/12\/IMG-20211214-WA0006-1024x768.jpg"},"ams_acf":[],"yoast_head":"<!-- This site is optimized with the Yoast SEO plugin v27.3 - https:\/\/yoast.com\/product\/yoast-seo-wordpress\/ -->\n<title>Meritorio 6to puesto del SOIVA en Master Internacional de Voley de Mar del Plata - Principios<\/title>\n<meta name=\"robots\" content=\"index, follow, max-snippet:-1, max-image-preview:large, max-video-preview:-1\" \/>\n<link rel=\"canonical\" href=\"https:\/\/diarioprincipios.com\/index.php\/2021\/12\/14\/meritorio-6to-puesto-del-soiva-en-master-internacional-de-voley-de-mar-del-plata\/\" \/>\n<meta property=\"og:locale\" content=\"es_ES\" \/>\n<meta property=\"og:type\" content=\"article\" \/>\n<meta property=\"og:title\" content=\"Meritorio 6to puesto del SOIVA en Master Internacional de Voley de Mar del Plata - Principios\" \/>\n<meta property=\"og:description\" content=\"El representativo masculino de mayores de 37 a\u00f1os de SOIVA obtuvo un meritorio 6to puesto en el Master Internacional de Voley disputado en Mar Del Plata y del que participaron 65 equipos de todo el pa\u00eds.Berazategui est\u00e1 representado por SOIVA en este Torneo desde el a\u00f1o 2009. El representativo local sali\u00f3 el mi\u00e9rcoles 8 de...\" \/>\n<meta property=\"og:url\" content=\"https:\/\/diarioprincipios.com\/index.php\/2021\/12\/14\/meritorio-6to-puesto-del-soiva-en-master-internacional-de-voley-de-mar-del-plata\/\" \/>\n<meta property=\"og:site_name\" content=\"Principios\" \/>\n<meta property=\"article:published_time\" content=\"2021-12-14T20:20:34+00:00\" \/>\n<meta property=\"article:modified_time\" content=\"2021-12-14T20:20:37+00:00\" \/>\n<meta property=\"og:image\" content=\"https:\/\/diarioprincipios.com\/wp-content\/uploads\/2021\/12\/IMG-20211214-WA0006.jpg\" \/>\n\t<meta property=\"og:image:width\" content=\"1600\" \/>\n\t<meta property=\"og:image:height\" content=\"1200\" \/>\n\t<meta property=\"og:image:type\" content=\"image\/jpeg\" \/>\n<meta name=\"author\" content=\"Hern\u00e1n L\u00f3pez\" \/>\n<meta name=\"twitter:card\" content=\"summary_large_image\" \/>\n<meta name=\"twitter:label1\" content=\"Escrito por\" \/>\n\t<meta name=\"twitter:data1\" content=\"Hern\u00e1n L\u00f3pez\" \/>\n\t<meta name=\"twitter:label2\" content=\"Tiempo de lectura\" \/>\n\t<meta name=\"twitter:data2\" content=\"2 minutos\" \/>\n<script type=\"application\/ld+json\" class=\"yoast-schema-graph\">{\"@context\":\"https:\\\/\\\/schema.org\",\"@graph\":[{\"@type\":\"Article\",\"@id\":\"https:\\\/\\\/diarioprincipios.com\\\/index.php\\\/2021\\\/12\\\/14\\\/meritorio-6to-puesto-del-soiva-en-master-internacional-de-voley-de-mar-del-plata\\\/#article\",\"isPartOf\":{\"@id\":\"https:\\\/\\\/diarioprincipios.com\\\/index.php\\\/2021\\\/12\\\/14\\\/meritorio-6to-puesto-del-soiva-en-master-internacional-de-voley-de-mar-del-plata\\\/\"},\"author\":{\"name\":\"Hern\u00e1n L\u00f3pez\",\"@id\":\"https:\\\/\\\/diarioprincipios.com\\\/#\\\/schema\\\/person\\\/436d5a1fd41a5e250e23ff5a6a7cb080\"},\"headline\":\"Meritorio 6to puesto del SOIVA en Master Internacional de Voley de Mar del Plata\",\"datePublished\":\"2021-12-14T20:20:34+00:00\",\"dateModified\":\"2021-12-14T20:20:37+00:00\",\"mainEntityOfPage\":{\"@id\":\"https:\\\/\\\/diarioprincipios.com\\\/index.php\\\/2021\\\/12\\\/14\\\/meritorio-6to-puesto-del-soiva-en-master-internacional-de-voley-de-mar-del-plata\\\/\"},\"wordCount\":204,\"commentCount\":0,\"publisher\":{\"@id\":\"https:\\\/\\\/diarioprincipios.com\\\/#organization\"},\"image\":{\"@id\":\"https:\\\/\\\/diarioprincipios.com\\\/index.php\\\/2021\\\/12\\\/14\\\/meritorio-6to-puesto-del-soiva-en-master-internacional-de-voley-de-mar-del-plata\\\/#primaryimage\"},\"thumbnailUrl\":\"https:\\\/\\\/diarioprincipios.com\\\/wp-content\\\/uploads\\\/2021\\\/12\\\/IMG-20211214-WA0006.jpg\",\"articleSection\":[\"Deportes\"],\"inLanguage\":\"es\",\"potentialAction\":[{\"@type\":\"CommentAction\",\"name\":\"Comment\",\"target\":[\"https:\\\/\\\/diarioprincipios.com\\\/index.php\\\/2021\\\/12\\\/14\\\/meritorio-6to-puesto-del-soiva-en-master-internacional-de-voley-de-mar-del-plata\\\/#respond\"]}]},{\"@type\":\"WebPage\",\"@id\":\"https:\\\/\\\/diarioprincipios.com\\\/index.php\\\/2021\\\/12\\\/14\\\/meritorio-6to-puesto-del-soiva-en-master-internacional-de-voley-de-mar-del-plata\\\/\",\"url\":\"https:\\\/\\\/diarioprincipios.com\\\/index.php\\\/2021\\\/12\\\/14\\\/meritorio-6to-puesto-del-soiva-en-master-internacional-de-voley-de-mar-del-plata\\\/\",\"name\":\"Meritorio 6to puesto del SOIVA en Master Internacional de Voley de Mar del Plata - Principios\",\"isPartOf\":{\"@id\":\"https:\\\/\\\/diarioprincipios.com\\\/#website\"},\"primaryImageOfPage\":{\"@id\":\"https:\\\/\\\/diarioprincipios.com\\\/index.php\\\/2021\\\/12\\\/14\\\/meritorio-6to-puesto-del-soiva-en-master-internacional-de-voley-de-mar-del-plata\\\/#primaryimage\"},\"image\":{\"@id\":\"https:\\\/\\\/diarioprincipios.com\\\/index.php\\\/2021\\\/12\\\/14\\\/meritorio-6to-puesto-del-soiva-en-master-internacional-de-voley-de-mar-del-plata\\\/#primaryimage\"},\"thumbnailUrl\":\"https:\\\/\\\/diarioprincipios.com\\\/wp-content\\\/uploads\\\/2021\\\/12\\\/IMG-20211214-WA0006.jpg\",\"datePublished\":\"2021-12-14T20:20:34+00:00\",\"dateModified\":\"2021-12-14T20:20:37+00:00\",\"breadcrumb\":{\"@id\":\"https:\\\/\\\/diarioprincipios.com\\\/index.php\\\/2021\\\/12\\\/14\\\/meritorio-6to-puesto-del-soiva-en-master-internacional-de-voley-de-mar-del-plata\\\/#breadcrumb\"},\"inLanguage\":\"es\",\"potentialAction\":[{\"@type\":\"ReadAction\",\"target\":[\"https:\\\/\\\/diarioprincipios.com\\\/index.php\\\/2021\\\/12\\\/14\\\/meritorio-6to-puesto-del-soiva-en-master-internacional-de-voley-de-mar-del-plata\\\/\"]}]},{\"@type\":\"ImageObject\",\"inLanguage\":\"es\",\"@id\":\"https:\\\/\\\/diarioprincipios.com\\\/index.php\\\/2021\\\/12\\\/14\\\/meritorio-6to-puesto-del-soiva-en-master-internacional-de-voley-de-mar-del-plata\\\/#primaryimage\",\"url\":\"https:\\\/\\\/diarioprincipios.com\\\/wp-content\\\/uploads\\\/2021\\\/12\\\/IMG-20211214-WA0006.jpg\",\"contentUrl\":\"https:\\\/\\\/diarioprincipios.com\\\/wp-content\\\/uploads\\\/2021\\\/12\\\/IMG-20211214-WA0006.jpg\",\"width\":1600,\"height\":1200},{\"@type\":\"BreadcrumbList\",\"@id\":\"https:\\\/\\\/diarioprincipios.com\\\/index.php\\\/2021\\\/12\\\/14\\\/meritorio-6to-puesto-del-soiva-en-master-internacional-de-voley-de-mar-del-plata\\\/#breadcrumb\",\"itemListElement\":[{\"@type\":\"ListItem\",\"position\":1,\"name\":\"Portada\",\"item\":\"https:\\\/\\\/diarioprincipios.com\\\/\"},{\"@type\":\"ListItem\",\"position\":2,\"name\":\"Meritorio 6to puesto del SOIVA en Master Internacional de Voley de Mar del Plata\"}]},{\"@type\":\"WebSite\",\"@id\":\"https:\\\/\\\/diarioprincipios.com\\\/#website\",\"url\":\"https:\\\/\\\/diarioprincipios.com\\\/\",\"name\":\"Principios\",\"description\":\"Principios Diario\",\"publisher\":{\"@id\":\"https:\\\/\\\/diarioprincipios.com\\\/#organization\"},\"potentialAction\":[{\"@type\":\"SearchAction\",\"target\":{\"@type\":\"EntryPoint\",\"urlTemplate\":\"https:\\\/\\\/diarioprincipios.com\\\/?s={search_term_string}\"},\"query-input\":{\"@type\":\"PropertyValueSpecification\",\"valueRequired\":true,\"valueName\":\"search_term_string\"}}],\"inLanguage\":\"es\"},{\"@type\":\"Organization\",\"@id\":\"https:\\\/\\\/diarioprincipios.com\\\/#organization\",\"name\":\"Principios\",\"url\":\"https:\\\/\\\/diarioprincipios.com\\\/\",\"logo\":{\"@type\":\"ImageObject\",\"inLanguage\":\"es\",\"@id\":\"https:\\\/\\\/diarioprincipios.com\\\/#\\\/schema\\\/logo\\\/image\\\/\",\"url\":\"https:\\\/\\\/diarioprincipios.com\\\/wp-content\\\/uploads\\\/2024\\\/04\\\/cropped-www.diarioprincipios.com_-1.png\",\"contentUrl\":\"https:\\\/\\\/diarioprincipios.com\\\/wp-content\\\/uploads\\\/2024\\\/04\\\/cropped-www.diarioprincipios.com_-1.png\",\"width\":5325,\"height\":1454,\"caption\":\"Principios\"},\"image\":{\"@id\":\"https:\\\/\\\/diarioprincipios.com\\\/#\\\/schema\\\/logo\\\/image\\\/\"}},{\"@type\":\"Person\",\"@id\":\"https:\\\/\\\/diarioprincipios.com\\\/#\\\/schema\\\/person\\\/436d5a1fd41a5e250e23ff5a6a7cb080\",\"name\":\"Hern\u00e1n L\u00f3pez\",\"image\":{\"@type\":\"ImageObject\",\"inLanguage\":\"es\",\"@id\":\"https:\\\/\\\/diarioprincipios.com\\\/wp-content\\\/litespeed\\\/avatar\\\/11ddfe5610ff3bd100522525b2571f48.jpg?ver=1777653193\",\"url\":\"https:\\\/\\\/diarioprincipios.com\\\/wp-content\\\/litespeed\\\/avatar\\\/11ddfe5610ff3bd100522525b2571f48.jpg?ver=1777653193\",\"contentUrl\":\"https:\\\/\\\/diarioprincipios.com\\\/wp-content\\\/litespeed\\\/avatar\\\/11ddfe5610ff3bd100522525b2571f48.jpg?ver=1777653193\",\"caption\":\"Hern\u00e1n L\u00f3pez\"},\"url\":\"https:\\\/\\\/diarioprincipios.com\\\/index.php\\\/author\\\/hernan\\\/\"}]}<\/script>\n<!-- \/ Yoast SEO plugin. -->","yoast_head_json":{"title":"Meritorio 6to puesto del SOIVA en Master Internacional de Voley de Mar del Plata - Principios","robots":{"index":"index","follow":"follow","max-snippet":"max-snippet:-1","max-image-preview":"max-image-preview:large","max-video-preview":"max-video-preview:-1"},"canonical":"https:\/\/diarioprincipios.com\/index.php\/2021\/12\/14\/meritorio-6to-puesto-del-soiva-en-master-internacional-de-voley-de-mar-del-plata\/","og_locale":"es_ES","og_type":"article","og_title":"Meritorio 6to puesto del SOIVA en Master Internacional de Voley de Mar del Plata - Principios","og_description":"El representativo masculino de mayores de 37 a\u00f1os de SOIVA obtuvo un meritorio 6to puesto en el Master Internacional de Voley disputado en Mar Del Plata y del que participaron 65 equipos de todo el pa\u00eds.Berazategui est\u00e1 representado por SOIVA en este Torneo desde el a\u00f1o 2009. El representativo local sali\u00f3 el mi\u00e9rcoles 8 de...","og_url":"https:\/\/diarioprincipios.com\/index.php\/2021\/12\/14\/meritorio-6to-puesto-del-soiva-en-master-internacional-de-voley-de-mar-del-plata\/","og_site_name":"Principios","article_published_time":"2021-12-14T20:20:34+00:00","article_modified_time":"2021-12-14T20:20:37+00:00","og_image":[{"width":1600,"height":1200,"url":"https:\/\/diarioprincipios.com\/wp-content\/uploads\/2021\/12\/IMG-20211214-WA0006.jpg","type":"image\/jpeg"}],"author":"Hern\u00e1n L\u00f3pez","twitter_card":"summary_large_image","twitter_misc":{"Escrito por":"Hern\u00e1n L\u00f3pez","Tiempo de lectura":"2 minutos"},"schema":{"@context":"https:\/\/schema.org","@graph":[{"@type":"Article","@id":"https:\/\/diarioprincipios.com\/index.php\/2021\/12\/14\/meritorio-6to-puesto-del-soiva-en-master-internacional-de-voley-de-mar-del-plata\/#article","isPartOf":{"@id":"https:\/\/diarioprincipios.com\/index.php\/2021\/12\/14\/meritorio-6to-puesto-del-soiva-en-master-internacional-de-voley-de-mar-del-plata\/"},"author":{"name":"Hern\u00e1n L\u00f3pez","@id":"https:\/\/diarioprincipios.com\/#\/schema\/person\/436d5a1fd41a5e250e23ff5a6a7cb080"},"headline":"Meritorio 6to puesto del SOIVA en Master Internacional de Voley de Mar del Plata","datePublished":"2021-12-14T20:20:34+00:00","dateModified":"2021-12-14T20:20:37+00:00","mainEntityOfPage":{"@id":"https:\/\/diarioprincipios.com\/index.php\/2021\/12\/14\/meritorio-6to-puesto-del-soiva-en-master-internacional-de-voley-de-mar-del-plata\/"},"wordCount":204,"commentCount":0,"publisher":{"@id":"https:\/\/diarioprincipios.com\/#organization"},"image":{"@id":"https:\/\/diarioprincipios.com\/index.php\/2021\/12\/14\/meritorio-6to-puesto-del-soiva-en-master-internacional-de-voley-de-mar-del-plata\/#primaryimage"},"thumbnailUrl":"https:\/\/diarioprincipios.com\/wp-content\/uploads\/2021\/12\/IMG-20211214-WA0006.jpg","articleSection":["Deportes"],"inLanguage":"es","potentialAction":[{"@type":"CommentAction","name":"Comment","target":["https:\/\/diarioprincipios.com\/index.php\/2021\/12\/14\/meritorio-6to-puesto-del-soiva-en-master-internacional-de-voley-de-mar-del-plata\/#respond"]}]},{"@type":"WebPage","@id":"https:\/\/diarioprincipios.com\/index.php\/2021\/12\/14\/meritorio-6to-puesto-del-soiva-en-master-internacional-de-voley-de-mar-del-plata\/","url":"https:\/\/diarioprincipios.com\/index.php\/2021\/12\/14\/meritorio-6to-puesto-del-soiva-en-master-internacional-de-voley-de-mar-del-plata\/","name":"Meritorio 6to puesto del SOIVA en Master Internacional de Voley de Mar del Plata - Principios","isPartOf":{"@id":"https:\/\/diarioprincipios.com\/#website"},"primaryImageOfPage":{"@id":"https:\/\/diarioprincipios.com\/index.php\/2021\/12\/14\/meritorio-6to-puesto-del-soiva-en-master-internacional-de-voley-de-mar-del-plata\/#primaryimage"},"image":{"@id":"https:\/\/diarioprincipios.com\/index.php\/2021\/12\/14\/meritorio-6to-puesto-del-soiva-en-master-internacional-de-voley-de-mar-del-plata\/#primaryimage"},"thumbnailUrl":"https:\/\/diarioprincipios.com\/wp-content\/uploads\/2021\/12\/IMG-20211214-WA0006.jpg","datePublished":"2021-12-14T20:20:34+00:00","dateModified":"2021-12-14T20:20:37+00:00","breadcrumb":{"@id":"https:\/\/diarioprincipios.com\/index.php\/2021\/12\/14\/meritorio-6to-puesto-del-soiva-en-master-internacional-de-voley-de-mar-del-plata\/#breadcrumb"},"inLanguage":"es","potentialAction":[{"@type":"ReadAction","target":["https:\/\/diarioprincipios.com\/index.php\/2021\/12\/14\/meritorio-6to-puesto-del-soiva-en-master-internacional-de-voley-de-mar-del-plata\/"]}]},{"@type":"ImageObject","inLanguage":"es","@id":"https:\/\/diarioprincipios.com\/index.php\/2021\/12\/14\/meritorio-6to-puesto-del-soiva-en-master-internacional-de-voley-de-mar-del-plata\/#primaryimage","url":"https:\/\/diarioprincipios.com\/wp-content\/uploads\/2021\/12\/IMG-20211214-WA0006.jpg","contentUrl":"https:\/\/diarioprincipios.com\/wp-content\/uploads\/2021\/12\/IMG-20211214-WA0006.jpg","width":1600,"height":1200},{"@type":"BreadcrumbList","@id":"https:\/\/diarioprincipios.com\/index.php\/2021\/12\/14\/meritorio-6to-puesto-del-soiva-en-master-internacional-de-voley-de-mar-del-plata\/#breadcrumb","itemListElement":[{"@type":"ListItem","position":1,"name":"Portada","item":"https:\/\/diarioprincipios.com\/"},{"@type":"ListItem","position":2,"name":"Meritorio 6to puesto del SOIVA en Master Internacional de Voley de Mar del Plata"}]},{"@type":"WebSite","@id":"https:\/\/diarioprincipios.com\/#website","url":"https:\/\/diarioprincipios.com\/","name":"Principios","description":"Principios Diario","publisher":{"@id":"https:\/\/diarioprincipios.com\/#organization"},"potentialAction":[{"@type":"SearchAction","target":{"@type":"EntryPoint","urlTemplate":"https:\/\/diarioprincipios.com\/?s={search_term_string}"},"query-input":{"@type":"PropertyValueSpecification","valueRequired":true,"valueName":"search_term_string"}}],"inLanguage":"es"},{"@type":"Organization","@id":"https:\/\/diarioprincipios.com\/#organization","name":"Principios","url":"https:\/\/diarioprincipios.com\/","logo":{"@type":"ImageObject","inLanguage":"es","@id":"https:\/\/diarioprincipios.com\/#\/schema\/logo\/image\/","url":"https:\/\/diarioprincipios.com\/wp-content\/uploads\/2024\/04\/cropped-www.diarioprincipios.com_-1.png","contentUrl":"https:\/\/diarioprincipios.com\/wp-content\/uploads\/2024\/04\/cropped-www.diarioprincipios.com_-1.png","width":5325,"height":1454,"caption":"Principios"},"image":{"@id":"https:\/\/diarioprincipios.com\/#\/schema\/logo\/image\/"}},{"@type":"Person","@id":"https:\/\/diarioprincipios.com\/#\/schema\/person\/436d5a1fd41a5e250e23ff5a6a7cb080","name":"Hern\u00e1n L\u00f3pez","image":{"@type":"ImageObject","inLanguage":"es","@id":"https:\/\/diarioprincipios.com\/wp-content\/litespeed\/avatar\/11ddfe5610ff3bd100522525b2571f48.jpg?ver=1777653193","url":"https:\/\/diarioprincipios.com\/wp-content\/litespeed\/avatar\/11ddfe5610ff3bd100522525b2571f48.jpg?ver=1777653193","contentUrl":"https:\/\/diarioprincipios.com\/wp-content\/litespeed\/avatar\/11ddfe5610ff3bd100522525b2571f48.jpg?ver=1777653193","caption":"Hern\u00e1n L\u00f3pez"},"url":"https:\/\/diarioprincipios.com\/index.php\/author\/hernan\/"}]}},"jetpack_featured_media_url":"https:\/\/diarioprincipios.com\/wp-content\/uploads\/2021\/12\/IMG-20211214-WA0006.jpg","_links":{"self":[{"href":"https:\/\/diarioprincipios.com\/index.php\/wp-json\/wp\/v2\/posts\/12167","targetHints":{"allow":["GET"]}}],"collection":[{"href":"https:\/\/diarioprincipios.com\/index.php\/wp-json\/wp\/v2\/posts"}],"about":[{"href":"https:\/\/diarioprincipios.com\/index.php\/wp-json\/wp\/v2\/types\/post"}],"author":[{"embeddable":true,"href":"https:\/\/diarioprincipios.com\/index.php\/wp-json\/wp\/v2\/users\/2"}],"replies":[{"embeddable":true,"href":"https:\/\/diarioprincipios.com\/index.php\/wp-json\/wp\/v2\/comments?post=12167"}],"version-history":[{"count":1,"href":"https:\/\/diarioprincipios.com\/index.php\/wp-json\/wp\/v2\/posts\/12167\/revisions"}],"predecessor-version":[{"id":12172,"href":"https:\/\/diarioprincipios.com\/index.php\/wp-json\/wp\/v2\/posts\/12167\/revisions\/12172"}],"wp:featuredmedia":[{"embeddable":true,"href":"https:\/\/diarioprincipios.com\/index.php\/wp-json\/wp\/v2\/media\/12171"}],"wp:attachment":[{"href":"https:\/\/diarioprincipios.com\/index.php\/wp-json\/wp\/v2\/media?parent=12167"}],"wp:term":[{"taxonomy":"category","embeddable":true,"href":"https:\/\/diarioprincipios.com\/index.php\/wp-json\/wp\/v2\/categories?post=12167"},{"taxonomy":"post_tag","embeddable":true,"href":"https:\/\/diarioprincipios.com\/index.php\/wp-json\/wp\/v2\/tags?post=12167"}],"curies":[{"name":"wp","href":"https:\/\/api.w.org\/{rel}","templated":true}]}}