{"id":12157,"date":"2021-12-13T18:33:20","date_gmt":"2021-12-13T21:33:20","guid":{"rendered":"http:\/\/diarioprincipios.com\/?p=12157"},"modified":"2021-12-15T20:56:34","modified_gmt":"2021-12-15T23:56:34","slug":"arnaldo-medina-sera-el-nuevo-rector-de-la-unaj","status":"publish","type":"post","link":"https:\/\/diarioprincipios.com\/index.php\/2021\/12\/13\/arnaldo-medina-sera-el-nuevo-rector-de-la-unaj\/","title":{"rendered":"Arnaldo Medina ser\u00e1 el nuevo rector de la UNAJ"},"content":{"rendered":"\n<p>El m\u00e9dico y especialista en Salud P\u00fablica Arnaldo Medina fue elegido como rector de la UNAJ por la Asamblea Universitaria para el per\u00edodo 2021-2025. Lo acompa\u00f1ar\u00e1 como vicerrector el Ing. Miguel Binstock, actual Director del Instituto de Ingenier\u00eda y Agronom\u00eda. Asumir\u00e1n el pr\u00f3ximo 16 de diciembre ante el Consejo Superior.<\/p>\n\n\n\n<p>De esta manera, Medina anunci\u00f3 que dej\u00f3 su cargo como Secretario de Calidad en Salud de la Naci\u00f3n para asumir como rector: \u00ab<em>De cara al mandato que expres\u00f3 la Asamblea, mi compromiso absoluto con la universidad, con este proyecto y con ustedes. Voy a poner todo. Estoy dejando mi cargo como secretario de Calidad en Salud para venir a cumplir con el honor de ser rector<\/em>\u00ab.<\/p>\n\n\n\n<p>Medina valor\u00f3 el aporte de su antecesor en el rectorado de la UNAJ y reflexion\u00f3 sobre los desaf\u00edos que enfrentar\u00e1 la instituci\u00f3n en esta nueva etapa que comienza. \u00ab<em>Estamos en un momento de repensar la universidad, de refundarla. Primero porque no la va a conducir Ernesto (Villanueva) que es nuestro creador, nuestro mentor. Es un cambio importante. Ernesto igual va a continuar colaborando, ser\u00e1 mi consulta permanente<\/em>\u00ab, sostuvo.<\/p>\n\n\n\n<figure class=\"wp-block-image size-full\"><img loading=\"lazy\" decoding=\"async\" width=\"1024\" height=\"768\" src=\"https:\/\/diarioprincipios.com\/wp-content\/uploads\/2021\/12\/unaj1-2-1024x768-1.jpg\" alt=\"\" class=\"wp-image-12158\" srcset=\"https:\/\/diarioprincipios.com\/wp-content\/uploads\/2021\/12\/unaj1-2-1024x768-1.jpg 1024w, https:\/\/diarioprincipios.com\/wp-content\/uploads\/2021\/12\/unaj1-2-1024x768-1-300x225.jpg 300w, https:\/\/diarioprincipios.com\/wp-content\/uploads\/2021\/12\/unaj1-2-1024x768-1-768x576.jpg 768w\" sizes=\"auto, (max-width: 1024px) 100vw, 1024px\" \/><\/figure>\n\n\n\n<p>\u00ab<em>La tensi\u00f3n creativa que nos motoriz\u00f3 en los primeros a\u00f1os, basada en inclusi\u00f3n y calidad educativa, hay que repensarla sobre cuestiones vinculadas a nuestra identidad y que venimos construyendo. Repensar desde la territorialidad y desde una comunidad organizada<\/em>\u00ab, agreg\u00f3 m\u00e1s adelante.<\/p>\n\n\n\n<p>Por su parte, el rector saliente Ernesto Villanueva repas\u00f3 los hitos y ejes principales de su gesti\u00f3n al frente del rectorado desde la creaci\u00f3n de la UNAJ y agradeci\u00f3 a sus colaboradores, docentes, nodocentes y estudiantes: \u201c<em>Dieron lo mejor de s\u00ed<\/em>\u201d, expres\u00f3.<\/p>\n\n\n\n<p>&nbsp;\u00ab<em>Llegu\u00e9 a la universidad con 65 a\u00f1os, ya en edad de jubilarme, y me estoy yendo tras colaborar en la creaci\u00f3n de una instituci\u00f3n educativa. A pocos seres se les da la posibilidad de ese privilegio. Es algo muy excepcional<\/em>\u00ab, agreg\u00f3.<\/p>\n\n\n\n<p>A modo de balance Villanueva destac\u00f3: \u00ab<em>Dejo como rector sue\u00f1os cumplidos, otros sue\u00f1os por cumplir. Me acaba de dar la tercera dosis de la vacuna una egresada de la universidad. Hay efectos de estos 10 a\u00f1os que me golpean en el coraz\u00f3n<\/em>\u00ab.<\/p>\n","protected":false},"excerpt":{"rendered":"<p>El m\u00e9dico y especialista en Salud P\u00fablica Arnaldo Medina fue elegido como rector de la UNAJ por la Asamblea Universitaria para el per\u00edodo 2021-2025. Lo acompa\u00f1ar\u00e1 como vicerrector el Ing. Miguel Binstock, actual Director del Instituto de Ingenier\u00eda y Agronom\u00eda. Asumir\u00e1n el pr\u00f3ximo 16 de diciembre ante el Consejo Superior. De esta manera, Medina anunci\u00f3&#8230;<\/p>\n","protected":false},"author":2,"featured_media":12159,"comment_status":"open","ping_status":"open","sticky":false,"template":"","format":"standard","meta":{"footnotes":""},"categories":[13],"tags":[],"class_list":["post-12157","post","type-post","status-publish","format-standard","has-post-thumbnail","hentry","category-varela"],"featured_image_src":"https:\/\/diarioprincipios.com\/wp-content\/uploads\/2021\/12\/unaj2-5-1170x690-1-1024x604.jpg","blog_images":{"medium":"https:\/\/diarioprincipios.com\/wp-content\/uploads\/2021\/12\/unaj2-5-1170x690-1-300x177.jpg","large":"https:\/\/diarioprincipios.com\/wp-content\/uploads\/2021\/12\/unaj2-5-1170x690-1-1024x604.jpg"},"ams_acf":[],"yoast_head":"<!-- This site is optimized with the Yoast SEO plugin v27.3 - https:\/\/yoast.com\/product\/yoast-seo-wordpress\/ -->\n<title>Arnaldo Medina ser\u00e1 el nuevo rector de la UNAJ - Principios<\/title>\n<meta name=\"robots\" content=\"index, follow, max-snippet:-1, max-image-preview:large, max-video-preview:-1\" \/>\n<link rel=\"canonical\" href=\"https:\/\/diarioprincipios.com\/index.php\/2021\/12\/13\/arnaldo-medina-sera-el-nuevo-rector-de-la-unaj\/\" \/>\n<meta property=\"og:locale\" content=\"es_ES\" \/>\n<meta property=\"og:type\" content=\"article\" \/>\n<meta property=\"og:title\" content=\"Arnaldo Medina ser\u00e1 el nuevo rector de la UNAJ - Principios\" \/>\n<meta property=\"og:description\" content=\"El m\u00e9dico y especialista en Salud P\u00fablica Arnaldo Medina fue elegido como rector de la UNAJ por la Asamblea Universitaria para el per\u00edodo 2021-2025. Lo acompa\u00f1ar\u00e1 como vicerrector el Ing. Miguel Binstock, actual Director del Instituto de Ingenier\u00eda y Agronom\u00eda. Asumir\u00e1n el pr\u00f3ximo 16 de diciembre ante el Consejo Superior. De esta manera, Medina anunci\u00f3...\" \/>\n<meta property=\"og:url\" content=\"https:\/\/diarioprincipios.com\/index.php\/2021\/12\/13\/arnaldo-medina-sera-el-nuevo-rector-de-la-unaj\/\" \/>\n<meta property=\"og:site_name\" content=\"Principios\" \/>\n<meta property=\"article:published_time\" content=\"2021-12-13T21:33:20+00:00\" \/>\n<meta property=\"article:modified_time\" content=\"2021-12-15T23:56:34+00:00\" \/>\n<meta property=\"og:image\" content=\"https:\/\/diarioprincipios.com\/wp-content\/uploads\/2021\/12\/unaj2-5-1170x690-1.jpg\" \/>\n\t<meta property=\"og:image:width\" content=\"1170\" \/>\n\t<meta property=\"og:image:height\" content=\"690\" \/>\n\t<meta property=\"og:image:type\" content=\"image\/jpeg\" \/>\n<meta name=\"author\" content=\"Hern\u00e1n L\u00f3pez\" \/>\n<meta name=\"twitter:card\" content=\"summary_large_image\" \/>\n<meta name=\"twitter:label1\" content=\"Escrito por\" \/>\n\t<meta name=\"twitter:data1\" content=\"Hern\u00e1n L\u00f3pez\" \/>\n\t<meta name=\"twitter:label2\" content=\"Tiempo de lectura\" \/>\n\t<meta name=\"twitter:data2\" content=\"2 minutos\" \/>\n<script type=\"application\/ld+json\" class=\"yoast-schema-graph\">{\"@context\":\"https:\\\/\\\/schema.org\",\"@graph\":[{\"@type\":\"Article\",\"@id\":\"https:\\\/\\\/diarioprincipios.com\\\/index.php\\\/2021\\\/12\\\/13\\\/arnaldo-medina-sera-el-nuevo-rector-de-la-unaj\\\/#article\",\"isPartOf\":{\"@id\":\"https:\\\/\\\/diarioprincipios.com\\\/index.php\\\/2021\\\/12\\\/13\\\/arnaldo-medina-sera-el-nuevo-rector-de-la-unaj\\\/\"},\"author\":{\"name\":\"Hern\u00e1n L\u00f3pez\",\"@id\":\"https:\\\/\\\/diarioprincipios.com\\\/#\\\/schema\\\/person\\\/436d5a1fd41a5e250e23ff5a6a7cb080\"},\"headline\":\"Arnaldo Medina ser\u00e1 el nuevo rector de la UNAJ\",\"datePublished\":\"2021-12-13T21:33:20+00:00\",\"dateModified\":\"2021-12-15T23:56:34+00:00\",\"mainEntityOfPage\":{\"@id\":\"https:\\\/\\\/diarioprincipios.com\\\/index.php\\\/2021\\\/12\\\/13\\\/arnaldo-medina-sera-el-nuevo-rector-de-la-unaj\\\/\"},\"wordCount\":381,\"commentCount\":0,\"publisher\":{\"@id\":\"https:\\\/\\\/diarioprincipios.com\\\/#organization\"},\"image\":{\"@id\":\"https:\\\/\\\/diarioprincipios.com\\\/index.php\\\/2021\\\/12\\\/13\\\/arnaldo-medina-sera-el-nuevo-rector-de-la-unaj\\\/#primaryimage\"},\"thumbnailUrl\":\"https:\\\/\\\/diarioprincipios.com\\\/wp-content\\\/uploads\\\/2021\\\/12\\\/unaj2-5-1170x690-1.jpg\",\"articleSection\":[\"F. Varela\"],\"inLanguage\":\"es\",\"potentialAction\":[{\"@type\":\"CommentAction\",\"name\":\"Comment\",\"target\":[\"https:\\\/\\\/diarioprincipios.com\\\/index.php\\\/2021\\\/12\\\/13\\\/arnaldo-medina-sera-el-nuevo-rector-de-la-unaj\\\/#respond\"]}]},{\"@type\":\"WebPage\",\"@id\":\"https:\\\/\\\/diarioprincipios.com\\\/index.php\\\/2021\\\/12\\\/13\\\/arnaldo-medina-sera-el-nuevo-rector-de-la-unaj\\\/\",\"url\":\"https:\\\/\\\/diarioprincipios.com\\\/index.php\\\/2021\\\/12\\\/13\\\/arnaldo-medina-sera-el-nuevo-rector-de-la-unaj\\\/\",\"name\":\"Arnaldo Medina ser\u00e1 el nuevo rector de la UNAJ - Principios\",\"isPartOf\":{\"@id\":\"https:\\\/\\\/diarioprincipios.com\\\/#website\"},\"primaryImageOfPage\":{\"@id\":\"https:\\\/\\\/diarioprincipios.com\\\/index.php\\\/2021\\\/12\\\/13\\\/arnaldo-medina-sera-el-nuevo-rector-de-la-unaj\\\/#primaryimage\"},\"image\":{\"@id\":\"https:\\\/\\\/diarioprincipios.com\\\/index.php\\\/2021\\\/12\\\/13\\\/arnaldo-medina-sera-el-nuevo-rector-de-la-unaj\\\/#primaryimage\"},\"thumbnailUrl\":\"https:\\\/\\\/diarioprincipios.com\\\/wp-content\\\/uploads\\\/2021\\\/12\\\/unaj2-5-1170x690-1.jpg\",\"datePublished\":\"2021-12-13T21:33:20+00:00\",\"dateModified\":\"2021-12-15T23:56:34+00:00\",\"breadcrumb\":{\"@id\":\"https:\\\/\\\/diarioprincipios.com\\\/index.php\\\/2021\\\/12\\\/13\\\/arnaldo-medina-sera-el-nuevo-rector-de-la-unaj\\\/#breadcrumb\"},\"inLanguage\":\"es\",\"potentialAction\":[{\"@type\":\"ReadAction\",\"target\":[\"https:\\\/\\\/diarioprincipios.com\\\/index.php\\\/2021\\\/12\\\/13\\\/arnaldo-medina-sera-el-nuevo-rector-de-la-unaj\\\/\"]}]},{\"@type\":\"ImageObject\",\"inLanguage\":\"es\",\"@id\":\"https:\\\/\\\/diarioprincipios.com\\\/index.php\\\/2021\\\/12\\\/13\\\/arnaldo-medina-sera-el-nuevo-rector-de-la-unaj\\\/#primaryimage\",\"url\":\"https:\\\/\\\/diarioprincipios.com\\\/wp-content\\\/uploads\\\/2021\\\/12\\\/unaj2-5-1170x690-1.jpg\",\"contentUrl\":\"https:\\\/\\\/diarioprincipios.com\\\/wp-content\\\/uploads\\\/2021\\\/12\\\/unaj2-5-1170x690-1.jpg\",\"width\":1170,\"height\":690},{\"@type\":\"BreadcrumbList\",\"@id\":\"https:\\\/\\\/diarioprincipios.com\\\/index.php\\\/2021\\\/12\\\/13\\\/arnaldo-medina-sera-el-nuevo-rector-de-la-unaj\\\/#breadcrumb\",\"itemListElement\":[{\"@type\":\"ListItem\",\"position\":1,\"name\":\"Portada\",\"item\":\"https:\\\/\\\/diarioprincipios.com\\\/\"},{\"@type\":\"ListItem\",\"position\":2,\"name\":\"Arnaldo Medina ser\u00e1 el nuevo rector de la UNAJ\"}]},{\"@type\":\"WebSite\",\"@id\":\"https:\\\/\\\/diarioprincipios.com\\\/#website\",\"url\":\"https:\\\/\\\/diarioprincipios.com\\\/\",\"name\":\"Principios\",\"description\":\"Principios Diario\",\"publisher\":{\"@id\":\"https:\\\/\\\/diarioprincipios.com\\\/#organization\"},\"potentialAction\":[{\"@type\":\"SearchAction\",\"target\":{\"@type\":\"EntryPoint\",\"urlTemplate\":\"https:\\\/\\\/diarioprincipios.com\\\/?s={search_term_string}\"},\"query-input\":{\"@type\":\"PropertyValueSpecification\",\"valueRequired\":true,\"valueName\":\"search_term_string\"}}],\"inLanguage\":\"es\"},{\"@type\":\"Organization\",\"@id\":\"https:\\\/\\\/diarioprincipios.com\\\/#organization\",\"name\":\"Principios\",\"url\":\"https:\\\/\\\/diarioprincipios.com\\\/\",\"logo\":{\"@type\":\"ImageObject\",\"inLanguage\":\"es\",\"@id\":\"https:\\\/\\\/diarioprincipios.com\\\/#\\\/schema\\\/logo\\\/image\\\/\",\"url\":\"https:\\\/\\\/diarioprincipios.com\\\/wp-content\\\/uploads\\\/2024\\\/04\\\/cropped-www.diarioprincipios.com_-1.png\",\"contentUrl\":\"https:\\\/\\\/diarioprincipios.com\\\/wp-content\\\/uploads\\\/2024\\\/04\\\/cropped-www.diarioprincipios.com_-1.png\",\"width\":5325,\"height\":1454,\"caption\":\"Principios\"},\"image\":{\"@id\":\"https:\\\/\\\/diarioprincipios.com\\\/#\\\/schema\\\/logo\\\/image\\\/\"}},{\"@type\":\"Person\",\"@id\":\"https:\\\/\\\/diarioprincipios.com\\\/#\\\/schema\\\/person\\\/436d5a1fd41a5e250e23ff5a6a7cb080\",\"name\":\"Hern\u00e1n L\u00f3pez\",\"image\":{\"@type\":\"ImageObject\",\"inLanguage\":\"es\",\"@id\":\"https:\\\/\\\/diarioprincipios.com\\\/wp-content\\\/litespeed\\\/avatar\\\/11ddfe5610ff3bd100522525b2571f48.jpg?ver=1777653193\",\"url\":\"https:\\\/\\\/diarioprincipios.com\\\/wp-content\\\/litespeed\\\/avatar\\\/11ddfe5610ff3bd100522525b2571f48.jpg?ver=1777653193\",\"contentUrl\":\"https:\\\/\\\/diarioprincipios.com\\\/wp-content\\\/litespeed\\\/avatar\\\/11ddfe5610ff3bd100522525b2571f48.jpg?ver=1777653193\",\"caption\":\"Hern\u00e1n L\u00f3pez\"},\"url\":\"https:\\\/\\\/diarioprincipios.com\\\/index.php\\\/author\\\/hernan\\\/\"}]}<\/script>\n<!-- \/ Yoast SEO plugin. -->","yoast_head_json":{"title":"Arnaldo Medina ser\u00e1 el nuevo rector de la UNAJ - Principios","robots":{"index":"index","follow":"follow","max-snippet":"max-snippet:-1","max-image-preview":"max-image-preview:large","max-video-preview":"max-video-preview:-1"},"canonical":"https:\/\/diarioprincipios.com\/index.php\/2021\/12\/13\/arnaldo-medina-sera-el-nuevo-rector-de-la-unaj\/","og_locale":"es_ES","og_type":"article","og_title":"Arnaldo Medina ser\u00e1 el nuevo rector de la UNAJ - Principios","og_description":"El m\u00e9dico y especialista en Salud P\u00fablica Arnaldo Medina fue elegido como rector de la UNAJ por la Asamblea Universitaria para el per\u00edodo 2021-2025. Lo acompa\u00f1ar\u00e1 como vicerrector el Ing. Miguel Binstock, actual Director del Instituto de Ingenier\u00eda y Agronom\u00eda. Asumir\u00e1n el pr\u00f3ximo 16 de diciembre ante el Consejo Superior. De esta manera, Medina anunci\u00f3...","og_url":"https:\/\/diarioprincipios.com\/index.php\/2021\/12\/13\/arnaldo-medina-sera-el-nuevo-rector-de-la-unaj\/","og_site_name":"Principios","article_published_time":"2021-12-13T21:33:20+00:00","article_modified_time":"2021-12-15T23:56:34+00:00","og_image":[{"width":1170,"height":690,"url":"https:\/\/diarioprincipios.com\/wp-content\/uploads\/2021\/12\/unaj2-5-1170x690-1.jpg","type":"image\/jpeg"}],"author":"Hern\u00e1n L\u00f3pez","twitter_card":"summary_large_image","twitter_misc":{"Escrito por":"Hern\u00e1n L\u00f3pez","Tiempo de lectura":"2 minutos"},"schema":{"@context":"https:\/\/schema.org","@graph":[{"@type":"Article","@id":"https:\/\/diarioprincipios.com\/index.php\/2021\/12\/13\/arnaldo-medina-sera-el-nuevo-rector-de-la-unaj\/#article","isPartOf":{"@id":"https:\/\/diarioprincipios.com\/index.php\/2021\/12\/13\/arnaldo-medina-sera-el-nuevo-rector-de-la-unaj\/"},"author":{"name":"Hern\u00e1n L\u00f3pez","@id":"https:\/\/diarioprincipios.com\/#\/schema\/person\/436d5a1fd41a5e250e23ff5a6a7cb080"},"headline":"Arnaldo Medina ser\u00e1 el nuevo rector de la UNAJ","datePublished":"2021-12-13T21:33:20+00:00","dateModified":"2021-12-15T23:56:34+00:00","mainEntityOfPage":{"@id":"https:\/\/diarioprincipios.com\/index.php\/2021\/12\/13\/arnaldo-medina-sera-el-nuevo-rector-de-la-unaj\/"},"wordCount":381,"commentCount":0,"publisher":{"@id":"https:\/\/diarioprincipios.com\/#organization"},"image":{"@id":"https:\/\/diarioprincipios.com\/index.php\/2021\/12\/13\/arnaldo-medina-sera-el-nuevo-rector-de-la-unaj\/#primaryimage"},"thumbnailUrl":"https:\/\/diarioprincipios.com\/wp-content\/uploads\/2021\/12\/unaj2-5-1170x690-1.jpg","articleSection":["F. Varela"],"inLanguage":"es","potentialAction":[{"@type":"CommentAction","name":"Comment","target":["https:\/\/diarioprincipios.com\/index.php\/2021\/12\/13\/arnaldo-medina-sera-el-nuevo-rector-de-la-unaj\/#respond"]}]},{"@type":"WebPage","@id":"https:\/\/diarioprincipios.com\/index.php\/2021\/12\/13\/arnaldo-medina-sera-el-nuevo-rector-de-la-unaj\/","url":"https:\/\/diarioprincipios.com\/index.php\/2021\/12\/13\/arnaldo-medina-sera-el-nuevo-rector-de-la-unaj\/","name":"Arnaldo Medina ser\u00e1 el nuevo rector de la UNAJ - Principios","isPartOf":{"@id":"https:\/\/diarioprincipios.com\/#website"},"primaryImageOfPage":{"@id":"https:\/\/diarioprincipios.com\/index.php\/2021\/12\/13\/arnaldo-medina-sera-el-nuevo-rector-de-la-unaj\/#primaryimage"},"image":{"@id":"https:\/\/diarioprincipios.com\/index.php\/2021\/12\/13\/arnaldo-medina-sera-el-nuevo-rector-de-la-unaj\/#primaryimage"},"thumbnailUrl":"https:\/\/diarioprincipios.com\/wp-content\/uploads\/2021\/12\/unaj2-5-1170x690-1.jpg","datePublished":"2021-12-13T21:33:20+00:00","dateModified":"2021-12-15T23:56:34+00:00","breadcrumb":{"@id":"https:\/\/diarioprincipios.com\/index.php\/2021\/12\/13\/arnaldo-medina-sera-el-nuevo-rector-de-la-unaj\/#breadcrumb"},"inLanguage":"es","potentialAction":[{"@type":"ReadAction","target":["https:\/\/diarioprincipios.com\/index.php\/2021\/12\/13\/arnaldo-medina-sera-el-nuevo-rector-de-la-unaj\/"]}]},{"@type":"ImageObject","inLanguage":"es","@id":"https:\/\/diarioprincipios.com\/index.php\/2021\/12\/13\/arnaldo-medina-sera-el-nuevo-rector-de-la-unaj\/#primaryimage","url":"https:\/\/diarioprincipios.com\/wp-content\/uploads\/2021\/12\/unaj2-5-1170x690-1.jpg","contentUrl":"https:\/\/diarioprincipios.com\/wp-content\/uploads\/2021\/12\/unaj2-5-1170x690-1.jpg","width":1170,"height":690},{"@type":"BreadcrumbList","@id":"https:\/\/diarioprincipios.com\/index.php\/2021\/12\/13\/arnaldo-medina-sera-el-nuevo-rector-de-la-unaj\/#breadcrumb","itemListElement":[{"@type":"ListItem","position":1,"name":"Portada","item":"https:\/\/diarioprincipios.com\/"},{"@type":"ListItem","position":2,"name":"Arnaldo Medina ser\u00e1 el nuevo rector de la UNAJ"}]},{"@type":"WebSite","@id":"https:\/\/diarioprincipios.com\/#website","url":"https:\/\/diarioprincipios.com\/","name":"Principios","description":"Principios Diario","publisher":{"@id":"https:\/\/diarioprincipios.com\/#organization"},"potentialAction":[{"@type":"SearchAction","target":{"@type":"EntryPoint","urlTemplate":"https:\/\/diarioprincipios.com\/?s={search_term_string}"},"query-input":{"@type":"PropertyValueSpecification","valueRequired":true,"valueName":"search_term_string"}}],"inLanguage":"es"},{"@type":"Organization","@id":"https:\/\/diarioprincipios.com\/#organization","name":"Principios","url":"https:\/\/diarioprincipios.com\/","logo":{"@type":"ImageObject","inLanguage":"es","@id":"https:\/\/diarioprincipios.com\/#\/schema\/logo\/image\/","url":"https:\/\/diarioprincipios.com\/wp-content\/uploads\/2024\/04\/cropped-www.diarioprincipios.com_-1.png","contentUrl":"https:\/\/diarioprincipios.com\/wp-content\/uploads\/2024\/04\/cropped-www.diarioprincipios.com_-1.png","width":5325,"height":1454,"caption":"Principios"},"image":{"@id":"https:\/\/diarioprincipios.com\/#\/schema\/logo\/image\/"}},{"@type":"Person","@id":"https:\/\/diarioprincipios.com\/#\/schema\/person\/436d5a1fd41a5e250e23ff5a6a7cb080","name":"Hern\u00e1n L\u00f3pez","image":{"@type":"ImageObject","inLanguage":"es","@id":"https:\/\/diarioprincipios.com\/wp-content\/litespeed\/avatar\/11ddfe5610ff3bd100522525b2571f48.jpg?ver=1777653193","url":"https:\/\/diarioprincipios.com\/wp-content\/litespeed\/avatar\/11ddfe5610ff3bd100522525b2571f48.jpg?ver=1777653193","contentUrl":"https:\/\/diarioprincipios.com\/wp-content\/litespeed\/avatar\/11ddfe5610ff3bd100522525b2571f48.jpg?ver=1777653193","caption":"Hern\u00e1n L\u00f3pez"},"url":"https:\/\/diarioprincipios.com\/index.php\/author\/hernan\/"}]}},"jetpack_featured_media_url":"https:\/\/diarioprincipios.com\/wp-content\/uploads\/2021\/12\/unaj2-5-1170x690-1.jpg","_links":{"self":[{"href":"https:\/\/diarioprincipios.com\/index.php\/wp-json\/wp\/v2\/posts\/12157","targetHints":{"allow":["GET"]}}],"collection":[{"href":"https:\/\/diarioprincipios.com\/index.php\/wp-json\/wp\/v2\/posts"}],"about":[{"href":"https:\/\/diarioprincipios.com\/index.php\/wp-json\/wp\/v2\/types\/post"}],"author":[{"embeddable":true,"href":"https:\/\/diarioprincipios.com\/index.php\/wp-json\/wp\/v2\/users\/2"}],"replies":[{"embeddable":true,"href":"https:\/\/diarioprincipios.com\/index.php\/wp-json\/wp\/v2\/comments?post=12157"}],"version-history":[{"count":1,"href":"https:\/\/diarioprincipios.com\/index.php\/wp-json\/wp\/v2\/posts\/12157\/revisions"}],"predecessor-version":[{"id":12160,"href":"https:\/\/diarioprincipios.com\/index.php\/wp-json\/wp\/v2\/posts\/12157\/revisions\/12160"}],"wp:featuredmedia":[{"embeddable":true,"href":"https:\/\/diarioprincipios.com\/index.php\/wp-json\/wp\/v2\/media\/12159"}],"wp:attachment":[{"href":"https:\/\/diarioprincipios.com\/index.php\/wp-json\/wp\/v2\/media?parent=12157"}],"wp:term":[{"taxonomy":"category","embeddable":true,"href":"https:\/\/diarioprincipios.com\/index.php\/wp-json\/wp\/v2\/categories?post=12157"},{"taxonomy":"post_tag","embeddable":true,"href":"https:\/\/diarioprincipios.com\/index.php\/wp-json\/wp\/v2\/tags?post=12157"}],"curies":[{"name":"wp","href":"https:\/\/api.w.org\/{rel}","templated":true}]}}