{"id":12144,"date":"2021-12-12T18:00:22","date_gmt":"2021-12-12T21:00:22","guid":{"rendered":"http:\/\/diarioprincipios.com\/?p=12144"},"modified":"2021-12-13T11:37:51","modified_gmt":"2021-12-13T14:37:51","slug":"mata-rodriguez-anuncio-la-construccion-de-un-complejo-deportivo-en-el-pato-y-la-renovacion-de-la-sede-de-varela","status":"publish","type":"post","link":"https:\/\/diarioprincipios.com\/index.php\/2021\/12\/12\/mata-rodriguez-anuncio-la-construccion-de-un-complejo-deportivo-en-el-pato-y-la-renovacion-de-la-sede-de-varela\/","title":{"rendered":"\u00abMata\u00bb Rodriguez anunci\u00f3 la construcci\u00f3n de un Complejo Deportivo en El Pato y la renovaci\u00f3n de la sede de Varela"},"content":{"rendered":"\n<p>El pasado s\u00e1bado, en una emotiva y feliz jornada, el Centro de Empleados de Comercio de Quilmes, Berazategui y Varela, encabezado por su secretario general Roberto \u00abMata\u00bb Rodriguez, dio inicio a la Temporada de Verano en el Camping ubicado en la zona ribere\u00f1a a la altura de Bernal.&nbsp; En la oportunidad, el l\u00edder mercantil anunci\u00f3 la construcci\u00f3n de un Complejo Deportivo en la localidad de El Pato, justo frente al Camping La Amistad, y la renovaci\u00f3n de la sede que el&nbsp; gremio posee en Florencio Varela.<\/p>\n\n\n\n<p>Tras resaltar que \u00abestamos comenzando un nuevo periodo en el gremio con un Consejo Directivo y Cuerpo de Delegados que re\u00fane a amigos y mayor\u00eda de j\u00f3venes\u00bb, Roberto Rodriguez detall\u00f3 que \u00abla semana anterior me reun\u00ed con gente del Gobierno Nacional que trabaja en el \u00e1rea de ferrocarriles, ya que antiguamente pasaba&nbsp; por El Pato el Ferrocarril Sud, y le presentamos un desaf\u00edo que fue aceptado, nos van a dar tierras ubicadas justo frente a nuestro Camping que eran del ferrocarril y ah\u00ed vamos a hacer un Complejo Deportivo con 3 canchas de f\u00fatbol 5 y una grande,&nbsp; todo en sint\u00e9tico, para usar los 12 meses del a\u00f1o, y por supuesto haremos ba\u00f1os, vestuarios, estacionamiento e iluminaremos como corresponde\u00bb.<\/p>\n\n\n\n<p>A\u00f1adi\u00f3 que \u00abtambi\u00e9n nos estaremos juntando la semana que viene con el intendente de Varela, el amigo Andr\u00e9s Watson a quien le vamos a pedir apoyo para la renovaci\u00f3n que queremos hacer en la sede de Florencio Varela, la cual le debemos a nuestros afiliados de esa ciudad y queremos cumplir, como lo hicimos ya con los de Berazategui y Solano\u00bb.<\/p>\n\n\n\n<figure class=\"wp-block-image size-large\"><img loading=\"lazy\" decoding=\"async\" width=\"1024\" height=\"576\" src=\"https:\/\/diarioprincipios.com\/wp-content\/uploads\/2021\/12\/IMG-20211211-WA0099-1024x576.jpg\" alt=\"\" class=\"wp-image-12145\" srcset=\"https:\/\/diarioprincipios.com\/wp-content\/uploads\/2021\/12\/IMG-20211211-WA0099-1024x576.jpg 1024w, https:\/\/diarioprincipios.com\/wp-content\/uploads\/2021\/12\/IMG-20211211-WA0099-300x169.jpg 300w, https:\/\/diarioprincipios.com\/wp-content\/uploads\/2021\/12\/IMG-20211211-WA0099-768x432.jpg 768w, https:\/\/diarioprincipios.com\/wp-content\/uploads\/2021\/12\/IMG-20211211-WA0099-1536x864.jpg 1536w, https:\/\/diarioprincipios.com\/wp-content\/uploads\/2021\/12\/IMG-20211211-WA0099.jpg 1600w\" sizes=\"auto, (max-width: 1024px) 100vw, 1024px\" \/><\/figure>\n\n\n\n<p>Emocionado, \u00abEl Mata\u00bb agreg\u00f3 que \u00abtengo 38 a\u00f1os de estar en esta organizaci\u00f3n sindical, y cada vez que me encuentro con un afiliado y podemos hablar me siento gratificado, Dios es muy generoso conmigo y me da esta posibilidad de pese a las dificultades poder seguir haciendo cosas, estamos en el Sindicato para seguir transformando sue\u00f1os en realidad\u00bb.<\/p>\n\n\n\n<p>Tras participar en esta misma jornada del tradicional brindis que el dirigente hace con los periodistas de la regi\u00f3n, sostuvo que \u00abnosotros creemos en la gente, hay que dar oportunidades y no pensar como los oligarcas que creen que hay gente que est\u00e1 dem\u00e1s, nosotros creemos que siempre es necesario igualar, incluir y trabajar por los que menos tienen en la Argentina\u00bb.<\/p>\n\n\n\n<p>Finalmente, destac\u00f3 que \u00abcomo siempre decimos el Sindicato cuando llegamos era una Farmacia en Alsina 115, hoy tenemos una hermosa sede, el Club El Porvenir que es un orgullo, el Camping La Amistad, el Camping del R\u00edo, nuevas sedes en Berazategui y Solano y ahora vamos por la de Varela y el Centro Deportivo en El Pato, queremos lo mejor para el empleado de comercio y en ese sentido trabajamos todos cada d\u00eda\u00bb, acotando que \u00abal empleado de comercio solo le pedimos que nos siga acompa\u00f1ando y que defienda a este sindicato que tantas cosas le ha dado\u00bb<\/p>\n","protected":false},"excerpt":{"rendered":"<p>El pasado s\u00e1bado, en una emotiva y feliz jornada, el Centro de Empleados de Comercio de Quilmes, Berazategui y Varela, encabezado por su secretario general Roberto \u00abMata\u00bb Rodriguez, dio inicio a la Temporada de Verano en el Camping ubicado en la zona ribere\u00f1a a la altura de Bernal.&nbsp; En la oportunidad, el l\u00edder mercantil anunci\u00f3&#8230;<\/p>\n","protected":false},"author":2,"featured_media":12150,"comment_status":"open","ping_status":"open","sticky":false,"template":"","format":"standard","meta":{"footnotes":""},"categories":[4],"tags":[],"class_list":["post-12144","post","type-post","status-publish","format-standard","has-post-thumbnail","hentry","category-quilmes"],"featured_image_src":"https:\/\/diarioprincipios.com\/wp-content\/uploads\/2021\/12\/IMG-20211213-WA0012-1024x574.jpg","blog_images":{"medium":"https:\/\/diarioprincipios.com\/wp-content\/uploads\/2021\/12\/IMG-20211213-WA0012-300x168.jpg","large":"https:\/\/diarioprincipios.com\/wp-content\/uploads\/2021\/12\/IMG-20211213-WA0012-1024x574.jpg"},"ams_acf":[],"yoast_head":"<!-- This site is optimized with the Yoast SEO plugin v27.3 - https:\/\/yoast.com\/product\/yoast-seo-wordpress\/ -->\n<title>&quot;Mata&quot; Rodriguez anunci\u00f3 la construcci\u00f3n de un Complejo Deportivo en El Pato y la renovaci\u00f3n de la sede de Varela - Principios<\/title>\n<meta name=\"robots\" content=\"index, follow, max-snippet:-1, max-image-preview:large, max-video-preview:-1\" \/>\n<link rel=\"canonical\" href=\"https:\/\/diarioprincipios.com\/index.php\/2021\/12\/12\/mata-rodriguez-anuncio-la-construccion-de-un-complejo-deportivo-en-el-pato-y-la-renovacion-de-la-sede-de-varela\/\" \/>\n<meta property=\"og:locale\" content=\"es_ES\" \/>\n<meta property=\"og:type\" content=\"article\" \/>\n<meta property=\"og:title\" content=\"&quot;Mata&quot; Rodriguez anunci\u00f3 la construcci\u00f3n de un Complejo Deportivo en El Pato y la renovaci\u00f3n de la sede de Varela - Principios\" \/>\n<meta property=\"og:description\" content=\"El pasado s\u00e1bado, en una emotiva y feliz jornada, el Centro de Empleados de Comercio de Quilmes, Berazategui y Varela, encabezado por su secretario general Roberto \u00abMata\u00bb Rodriguez, dio inicio a la Temporada de Verano en el Camping ubicado en la zona ribere\u00f1a a la altura de Bernal.&nbsp; En la oportunidad, el l\u00edder mercantil anunci\u00f3...\" \/>\n<meta property=\"og:url\" content=\"https:\/\/diarioprincipios.com\/index.php\/2021\/12\/12\/mata-rodriguez-anuncio-la-construccion-de-un-complejo-deportivo-en-el-pato-y-la-renovacion-de-la-sede-de-varela\/\" \/>\n<meta property=\"og:site_name\" content=\"Principios\" \/>\n<meta property=\"article:published_time\" content=\"2021-12-12T21:00:22+00:00\" \/>\n<meta property=\"article:modified_time\" content=\"2021-12-13T14:37:51+00:00\" \/>\n<meta property=\"og:image\" content=\"https:\/\/diarioprincipios.com\/wp-content\/uploads\/2021\/12\/IMG-20211213-WA0012.jpg\" \/>\n\t<meta property=\"og:image:width\" content=\"1280\" \/>\n\t<meta property=\"og:image:height\" content=\"717\" \/>\n\t<meta property=\"og:image:type\" content=\"image\/jpeg\" \/>\n<meta name=\"author\" content=\"Hern\u00e1n L\u00f3pez\" \/>\n<meta name=\"twitter:card\" content=\"summary_large_image\" \/>\n<meta name=\"twitter:label1\" content=\"Escrito por\" \/>\n\t<meta name=\"twitter:data1\" content=\"Hern\u00e1n L\u00f3pez\" \/>\n\t<meta name=\"twitter:label2\" content=\"Tiempo de lectura\" \/>\n\t<meta name=\"twitter:data2\" content=\"3 minutos\" \/>\n<script type=\"application\/ld+json\" class=\"yoast-schema-graph\">{\"@context\":\"https:\\\/\\\/schema.org\",\"@graph\":[{\"@type\":\"Article\",\"@id\":\"https:\\\/\\\/diarioprincipios.com\\\/index.php\\\/2021\\\/12\\\/12\\\/mata-rodriguez-anuncio-la-construccion-de-un-complejo-deportivo-en-el-pato-y-la-renovacion-de-la-sede-de-varela\\\/#article\",\"isPartOf\":{\"@id\":\"https:\\\/\\\/diarioprincipios.com\\\/index.php\\\/2021\\\/12\\\/12\\\/mata-rodriguez-anuncio-la-construccion-de-un-complejo-deportivo-en-el-pato-y-la-renovacion-de-la-sede-de-varela\\\/\"},\"author\":{\"name\":\"Hern\u00e1n L\u00f3pez\",\"@id\":\"https:\\\/\\\/diarioprincipios.com\\\/#\\\/schema\\\/person\\\/436d5a1fd41a5e250e23ff5a6a7cb080\"},\"headline\":\"\u00abMata\u00bb Rodriguez anunci\u00f3 la construcci\u00f3n de un Complejo Deportivo en El Pato y la renovaci\u00f3n de la sede de Varela\",\"datePublished\":\"2021-12-12T21:00:22+00:00\",\"dateModified\":\"2021-12-13T14:37:51+00:00\",\"mainEntityOfPage\":{\"@id\":\"https:\\\/\\\/diarioprincipios.com\\\/index.php\\\/2021\\\/12\\\/12\\\/mata-rodriguez-anuncio-la-construccion-de-un-complejo-deportivo-en-el-pato-y-la-renovacion-de-la-sede-de-varela\\\/\"},\"wordCount\":530,\"commentCount\":0,\"publisher\":{\"@id\":\"https:\\\/\\\/diarioprincipios.com\\\/#organization\"},\"image\":{\"@id\":\"https:\\\/\\\/diarioprincipios.com\\\/index.php\\\/2021\\\/12\\\/12\\\/mata-rodriguez-anuncio-la-construccion-de-un-complejo-deportivo-en-el-pato-y-la-renovacion-de-la-sede-de-varela\\\/#primaryimage\"},\"thumbnailUrl\":\"https:\\\/\\\/diarioprincipios.com\\\/wp-content\\\/uploads\\\/2021\\\/12\\\/IMG-20211213-WA0012.jpg\",\"articleSection\":[\"Quilmes\"],\"inLanguage\":\"es\",\"potentialAction\":[{\"@type\":\"CommentAction\",\"name\":\"Comment\",\"target\":[\"https:\\\/\\\/diarioprincipios.com\\\/index.php\\\/2021\\\/12\\\/12\\\/mata-rodriguez-anuncio-la-construccion-de-un-complejo-deportivo-en-el-pato-y-la-renovacion-de-la-sede-de-varela\\\/#respond\"]}]},{\"@type\":\"WebPage\",\"@id\":\"https:\\\/\\\/diarioprincipios.com\\\/index.php\\\/2021\\\/12\\\/12\\\/mata-rodriguez-anuncio-la-construccion-de-un-complejo-deportivo-en-el-pato-y-la-renovacion-de-la-sede-de-varela\\\/\",\"url\":\"https:\\\/\\\/diarioprincipios.com\\\/index.php\\\/2021\\\/12\\\/12\\\/mata-rodriguez-anuncio-la-construccion-de-un-complejo-deportivo-en-el-pato-y-la-renovacion-de-la-sede-de-varela\\\/\",\"name\":\"\\\"Mata\\\" Rodriguez anunci\u00f3 la construcci\u00f3n de un Complejo Deportivo en El Pato y la renovaci\u00f3n de la sede de Varela - Principios\",\"isPartOf\":{\"@id\":\"https:\\\/\\\/diarioprincipios.com\\\/#website\"},\"primaryImageOfPage\":{\"@id\":\"https:\\\/\\\/diarioprincipios.com\\\/index.php\\\/2021\\\/12\\\/12\\\/mata-rodriguez-anuncio-la-construccion-de-un-complejo-deportivo-en-el-pato-y-la-renovacion-de-la-sede-de-varela\\\/#primaryimage\"},\"image\":{\"@id\":\"https:\\\/\\\/diarioprincipios.com\\\/index.php\\\/2021\\\/12\\\/12\\\/mata-rodriguez-anuncio-la-construccion-de-un-complejo-deportivo-en-el-pato-y-la-renovacion-de-la-sede-de-varela\\\/#primaryimage\"},\"thumbnailUrl\":\"https:\\\/\\\/diarioprincipios.com\\\/wp-content\\\/uploads\\\/2021\\\/12\\\/IMG-20211213-WA0012.jpg\",\"datePublished\":\"2021-12-12T21:00:22+00:00\",\"dateModified\":\"2021-12-13T14:37:51+00:00\",\"breadcrumb\":{\"@id\":\"https:\\\/\\\/diarioprincipios.com\\\/index.php\\\/2021\\\/12\\\/12\\\/mata-rodriguez-anuncio-la-construccion-de-un-complejo-deportivo-en-el-pato-y-la-renovacion-de-la-sede-de-varela\\\/#breadcrumb\"},\"inLanguage\":\"es\",\"potentialAction\":[{\"@type\":\"ReadAction\",\"target\":[\"https:\\\/\\\/diarioprincipios.com\\\/index.php\\\/2021\\\/12\\\/12\\\/mata-rodriguez-anuncio-la-construccion-de-un-complejo-deportivo-en-el-pato-y-la-renovacion-de-la-sede-de-varela\\\/\"]}]},{\"@type\":\"ImageObject\",\"inLanguage\":\"es\",\"@id\":\"https:\\\/\\\/diarioprincipios.com\\\/index.php\\\/2021\\\/12\\\/12\\\/mata-rodriguez-anuncio-la-construccion-de-un-complejo-deportivo-en-el-pato-y-la-renovacion-de-la-sede-de-varela\\\/#primaryimage\",\"url\":\"https:\\\/\\\/diarioprincipios.com\\\/wp-content\\\/uploads\\\/2021\\\/12\\\/IMG-20211213-WA0012.jpg\",\"contentUrl\":\"https:\\\/\\\/diarioprincipios.com\\\/wp-content\\\/uploads\\\/2021\\\/12\\\/IMG-20211213-WA0012.jpg\",\"width\":1280,\"height\":717},{\"@type\":\"BreadcrumbList\",\"@id\":\"https:\\\/\\\/diarioprincipios.com\\\/index.php\\\/2021\\\/12\\\/12\\\/mata-rodriguez-anuncio-la-construccion-de-un-complejo-deportivo-en-el-pato-y-la-renovacion-de-la-sede-de-varela\\\/#breadcrumb\",\"itemListElement\":[{\"@type\":\"ListItem\",\"position\":1,\"name\":\"Portada\",\"item\":\"https:\\\/\\\/diarioprincipios.com\\\/\"},{\"@type\":\"ListItem\",\"position\":2,\"name\":\"\u00abMata\u00bb Rodriguez anunci\u00f3 la construcci\u00f3n de un Complejo Deportivo en El Pato y la renovaci\u00f3n de la sede de Varela\"}]},{\"@type\":\"WebSite\",\"@id\":\"https:\\\/\\\/diarioprincipios.com\\\/#website\",\"url\":\"https:\\\/\\\/diarioprincipios.com\\\/\",\"name\":\"Principios\",\"description\":\"Principios Diario\",\"publisher\":{\"@id\":\"https:\\\/\\\/diarioprincipios.com\\\/#organization\"},\"potentialAction\":[{\"@type\":\"SearchAction\",\"target\":{\"@type\":\"EntryPoint\",\"urlTemplate\":\"https:\\\/\\\/diarioprincipios.com\\\/?s={search_term_string}\"},\"query-input\":{\"@type\":\"PropertyValueSpecification\",\"valueRequired\":true,\"valueName\":\"search_term_string\"}}],\"inLanguage\":\"es\"},{\"@type\":\"Organization\",\"@id\":\"https:\\\/\\\/diarioprincipios.com\\\/#organization\",\"name\":\"Principios\",\"url\":\"https:\\\/\\\/diarioprincipios.com\\\/\",\"logo\":{\"@type\":\"ImageObject\",\"inLanguage\":\"es\",\"@id\":\"https:\\\/\\\/diarioprincipios.com\\\/#\\\/schema\\\/logo\\\/image\\\/\",\"url\":\"https:\\\/\\\/diarioprincipios.com\\\/wp-content\\\/uploads\\\/2024\\\/04\\\/cropped-www.diarioprincipios.com_-1.png\",\"contentUrl\":\"https:\\\/\\\/diarioprincipios.com\\\/wp-content\\\/uploads\\\/2024\\\/04\\\/cropped-www.diarioprincipios.com_-1.png\",\"width\":5325,\"height\":1454,\"caption\":\"Principios\"},\"image\":{\"@id\":\"https:\\\/\\\/diarioprincipios.com\\\/#\\\/schema\\\/logo\\\/image\\\/\"}},{\"@type\":\"Person\",\"@id\":\"https:\\\/\\\/diarioprincipios.com\\\/#\\\/schema\\\/person\\\/436d5a1fd41a5e250e23ff5a6a7cb080\",\"name\":\"Hern\u00e1n L\u00f3pez\",\"image\":{\"@type\":\"ImageObject\",\"inLanguage\":\"es\",\"@id\":\"https:\\\/\\\/diarioprincipios.com\\\/wp-content\\\/litespeed\\\/avatar\\\/11ddfe5610ff3bd100522525b2571f48.jpg?ver=1777653193\",\"url\":\"https:\\\/\\\/diarioprincipios.com\\\/wp-content\\\/litespeed\\\/avatar\\\/11ddfe5610ff3bd100522525b2571f48.jpg?ver=1777653193\",\"contentUrl\":\"https:\\\/\\\/diarioprincipios.com\\\/wp-content\\\/litespeed\\\/avatar\\\/11ddfe5610ff3bd100522525b2571f48.jpg?ver=1777653193\",\"caption\":\"Hern\u00e1n L\u00f3pez\"},\"url\":\"https:\\\/\\\/diarioprincipios.com\\\/index.php\\\/author\\\/hernan\\\/\"}]}<\/script>\n<!-- \/ Yoast SEO plugin. -->","yoast_head_json":{"title":"\"Mata\" Rodriguez anunci\u00f3 la construcci\u00f3n de un Complejo Deportivo en El Pato y la renovaci\u00f3n de la sede de Varela - Principios","robots":{"index":"index","follow":"follow","max-snippet":"max-snippet:-1","max-image-preview":"max-image-preview:large","max-video-preview":"max-video-preview:-1"},"canonical":"https:\/\/diarioprincipios.com\/index.php\/2021\/12\/12\/mata-rodriguez-anuncio-la-construccion-de-un-complejo-deportivo-en-el-pato-y-la-renovacion-de-la-sede-de-varela\/","og_locale":"es_ES","og_type":"article","og_title":"\"Mata\" Rodriguez anunci\u00f3 la construcci\u00f3n de un Complejo Deportivo en El Pato y la renovaci\u00f3n de la sede de Varela - Principios","og_description":"El pasado s\u00e1bado, en una emotiva y feliz jornada, el Centro de Empleados de Comercio de Quilmes, Berazategui y Varela, encabezado por su secretario general Roberto \u00abMata\u00bb Rodriguez, dio inicio a la Temporada de Verano en el Camping ubicado en la zona ribere\u00f1a a la altura de Bernal.&nbsp; En la oportunidad, el l\u00edder mercantil anunci\u00f3...","og_url":"https:\/\/diarioprincipios.com\/index.php\/2021\/12\/12\/mata-rodriguez-anuncio-la-construccion-de-un-complejo-deportivo-en-el-pato-y-la-renovacion-de-la-sede-de-varela\/","og_site_name":"Principios","article_published_time":"2021-12-12T21:00:22+00:00","article_modified_time":"2021-12-13T14:37:51+00:00","og_image":[{"width":1280,"height":717,"url":"https:\/\/diarioprincipios.com\/wp-content\/uploads\/2021\/12\/IMG-20211213-WA0012.jpg","type":"image\/jpeg"}],"author":"Hern\u00e1n L\u00f3pez","twitter_card":"summary_large_image","twitter_misc":{"Escrito por":"Hern\u00e1n L\u00f3pez","Tiempo de lectura":"3 minutos"},"schema":{"@context":"https:\/\/schema.org","@graph":[{"@type":"Article","@id":"https:\/\/diarioprincipios.com\/index.php\/2021\/12\/12\/mata-rodriguez-anuncio-la-construccion-de-un-complejo-deportivo-en-el-pato-y-la-renovacion-de-la-sede-de-varela\/#article","isPartOf":{"@id":"https:\/\/diarioprincipios.com\/index.php\/2021\/12\/12\/mata-rodriguez-anuncio-la-construccion-de-un-complejo-deportivo-en-el-pato-y-la-renovacion-de-la-sede-de-varela\/"},"author":{"name":"Hern\u00e1n L\u00f3pez","@id":"https:\/\/diarioprincipios.com\/#\/schema\/person\/436d5a1fd41a5e250e23ff5a6a7cb080"},"headline":"\u00abMata\u00bb Rodriguez anunci\u00f3 la construcci\u00f3n de un Complejo Deportivo en El Pato y la renovaci\u00f3n de la sede de Varela","datePublished":"2021-12-12T21:00:22+00:00","dateModified":"2021-12-13T14:37:51+00:00","mainEntityOfPage":{"@id":"https:\/\/diarioprincipios.com\/index.php\/2021\/12\/12\/mata-rodriguez-anuncio-la-construccion-de-un-complejo-deportivo-en-el-pato-y-la-renovacion-de-la-sede-de-varela\/"},"wordCount":530,"commentCount":0,"publisher":{"@id":"https:\/\/diarioprincipios.com\/#organization"},"image":{"@id":"https:\/\/diarioprincipios.com\/index.php\/2021\/12\/12\/mata-rodriguez-anuncio-la-construccion-de-un-complejo-deportivo-en-el-pato-y-la-renovacion-de-la-sede-de-varela\/#primaryimage"},"thumbnailUrl":"https:\/\/diarioprincipios.com\/wp-content\/uploads\/2021\/12\/IMG-20211213-WA0012.jpg","articleSection":["Quilmes"],"inLanguage":"es","potentialAction":[{"@type":"CommentAction","name":"Comment","target":["https:\/\/diarioprincipios.com\/index.php\/2021\/12\/12\/mata-rodriguez-anuncio-la-construccion-de-un-complejo-deportivo-en-el-pato-y-la-renovacion-de-la-sede-de-varela\/#respond"]}]},{"@type":"WebPage","@id":"https:\/\/diarioprincipios.com\/index.php\/2021\/12\/12\/mata-rodriguez-anuncio-la-construccion-de-un-complejo-deportivo-en-el-pato-y-la-renovacion-de-la-sede-de-varela\/","url":"https:\/\/diarioprincipios.com\/index.php\/2021\/12\/12\/mata-rodriguez-anuncio-la-construccion-de-un-complejo-deportivo-en-el-pato-y-la-renovacion-de-la-sede-de-varela\/","name":"\"Mata\" Rodriguez anunci\u00f3 la construcci\u00f3n de un Complejo Deportivo en El Pato y la renovaci\u00f3n de la sede de Varela - Principios","isPartOf":{"@id":"https:\/\/diarioprincipios.com\/#website"},"primaryImageOfPage":{"@id":"https:\/\/diarioprincipios.com\/index.php\/2021\/12\/12\/mata-rodriguez-anuncio-la-construccion-de-un-complejo-deportivo-en-el-pato-y-la-renovacion-de-la-sede-de-varela\/#primaryimage"},"image":{"@id":"https:\/\/diarioprincipios.com\/index.php\/2021\/12\/12\/mata-rodriguez-anuncio-la-construccion-de-un-complejo-deportivo-en-el-pato-y-la-renovacion-de-la-sede-de-varela\/#primaryimage"},"thumbnailUrl":"https:\/\/diarioprincipios.com\/wp-content\/uploads\/2021\/12\/IMG-20211213-WA0012.jpg","datePublished":"2021-12-12T21:00:22+00:00","dateModified":"2021-12-13T14:37:51+00:00","breadcrumb":{"@id":"https:\/\/diarioprincipios.com\/index.php\/2021\/12\/12\/mata-rodriguez-anuncio-la-construccion-de-un-complejo-deportivo-en-el-pato-y-la-renovacion-de-la-sede-de-varela\/#breadcrumb"},"inLanguage":"es","potentialAction":[{"@type":"ReadAction","target":["https:\/\/diarioprincipios.com\/index.php\/2021\/12\/12\/mata-rodriguez-anuncio-la-construccion-de-un-complejo-deportivo-en-el-pato-y-la-renovacion-de-la-sede-de-varela\/"]}]},{"@type":"ImageObject","inLanguage":"es","@id":"https:\/\/diarioprincipios.com\/index.php\/2021\/12\/12\/mata-rodriguez-anuncio-la-construccion-de-un-complejo-deportivo-en-el-pato-y-la-renovacion-de-la-sede-de-varela\/#primaryimage","url":"https:\/\/diarioprincipios.com\/wp-content\/uploads\/2021\/12\/IMG-20211213-WA0012.jpg","contentUrl":"https:\/\/diarioprincipios.com\/wp-content\/uploads\/2021\/12\/IMG-20211213-WA0012.jpg","width":1280,"height":717},{"@type":"BreadcrumbList","@id":"https:\/\/diarioprincipios.com\/index.php\/2021\/12\/12\/mata-rodriguez-anuncio-la-construccion-de-un-complejo-deportivo-en-el-pato-y-la-renovacion-de-la-sede-de-varela\/#breadcrumb","itemListElement":[{"@type":"ListItem","position":1,"name":"Portada","item":"https:\/\/diarioprincipios.com\/"},{"@type":"ListItem","position":2,"name":"\u00abMata\u00bb Rodriguez anunci\u00f3 la construcci\u00f3n de un Complejo Deportivo en El Pato y la renovaci\u00f3n de la sede de Varela"}]},{"@type":"WebSite","@id":"https:\/\/diarioprincipios.com\/#website","url":"https:\/\/diarioprincipios.com\/","name":"Principios","description":"Principios Diario","publisher":{"@id":"https:\/\/diarioprincipios.com\/#organization"},"potentialAction":[{"@type":"SearchAction","target":{"@type":"EntryPoint","urlTemplate":"https:\/\/diarioprincipios.com\/?s={search_term_string}"},"query-input":{"@type":"PropertyValueSpecification","valueRequired":true,"valueName":"search_term_string"}}],"inLanguage":"es"},{"@type":"Organization","@id":"https:\/\/diarioprincipios.com\/#organization","name":"Principios","url":"https:\/\/diarioprincipios.com\/","logo":{"@type":"ImageObject","inLanguage":"es","@id":"https:\/\/diarioprincipios.com\/#\/schema\/logo\/image\/","url":"https:\/\/diarioprincipios.com\/wp-content\/uploads\/2024\/04\/cropped-www.diarioprincipios.com_-1.png","contentUrl":"https:\/\/diarioprincipios.com\/wp-content\/uploads\/2024\/04\/cropped-www.diarioprincipios.com_-1.png","width":5325,"height":1454,"caption":"Principios"},"image":{"@id":"https:\/\/diarioprincipios.com\/#\/schema\/logo\/image\/"}},{"@type":"Person","@id":"https:\/\/diarioprincipios.com\/#\/schema\/person\/436d5a1fd41a5e250e23ff5a6a7cb080","name":"Hern\u00e1n L\u00f3pez","image":{"@type":"ImageObject","inLanguage":"es","@id":"https:\/\/diarioprincipios.com\/wp-content\/litespeed\/avatar\/11ddfe5610ff3bd100522525b2571f48.jpg?ver=1777653193","url":"https:\/\/diarioprincipios.com\/wp-content\/litespeed\/avatar\/11ddfe5610ff3bd100522525b2571f48.jpg?ver=1777653193","contentUrl":"https:\/\/diarioprincipios.com\/wp-content\/litespeed\/avatar\/11ddfe5610ff3bd100522525b2571f48.jpg?ver=1777653193","caption":"Hern\u00e1n L\u00f3pez"},"url":"https:\/\/diarioprincipios.com\/index.php\/author\/hernan\/"}]}},"jetpack_featured_media_url":"https:\/\/diarioprincipios.com\/wp-content\/uploads\/2021\/12\/IMG-20211213-WA0012.jpg","_links":{"self":[{"href":"https:\/\/diarioprincipios.com\/index.php\/wp-json\/wp\/v2\/posts\/12144","targetHints":{"allow":["GET"]}}],"collection":[{"href":"https:\/\/diarioprincipios.com\/index.php\/wp-json\/wp\/v2\/posts"}],"about":[{"href":"https:\/\/diarioprincipios.com\/index.php\/wp-json\/wp\/v2\/types\/post"}],"author":[{"embeddable":true,"href":"https:\/\/diarioprincipios.com\/index.php\/wp-json\/wp\/v2\/users\/2"}],"replies":[{"embeddable":true,"href":"https:\/\/diarioprincipios.com\/index.php\/wp-json\/wp\/v2\/comments?post=12144"}],"version-history":[{"count":2,"href":"https:\/\/diarioprincipios.com\/index.php\/wp-json\/wp\/v2\/posts\/12144\/revisions"}],"predecessor-version":[{"id":12149,"href":"https:\/\/diarioprincipios.com\/index.php\/wp-json\/wp\/v2\/posts\/12144\/revisions\/12149"}],"wp:featuredmedia":[{"embeddable":true,"href":"https:\/\/diarioprincipios.com\/index.php\/wp-json\/wp\/v2\/media\/12150"}],"wp:attachment":[{"href":"https:\/\/diarioprincipios.com\/index.php\/wp-json\/wp\/v2\/media?parent=12144"}],"wp:term":[{"taxonomy":"category","embeddable":true,"href":"https:\/\/diarioprincipios.com\/index.php\/wp-json\/wp\/v2\/categories?post=12144"},{"taxonomy":"post_tag","embeddable":true,"href":"https:\/\/diarioprincipios.com\/index.php\/wp-json\/wp\/v2\/tags?post=12144"}],"curies":[{"name":"wp","href":"https:\/\/api.w.org\/{rel}","templated":true}]}}