{"id":12123,"date":"2021-12-10T13:21:49","date_gmt":"2021-12-10T16:21:49","guid":{"rendered":"http:\/\/diarioprincipios.com\/?p=12123"},"modified":"2021-12-10T13:21:56","modified_gmt":"2021-12-10T16:21:56","slug":"juraron-los-nuevos-consejeros-escolares","status":"publish","type":"post","link":"https:\/\/diarioprincipios.com\/index.php\/2021\/12\/10\/juraron-los-nuevos-consejeros-escolares\/","title":{"rendered":"Juraron los nuevos Consejeros Escolares"},"content":{"rendered":"\n<p>En una emotiva ceremonia realizada esta ma\u00f1ana en el Patio Recreativo y Deportivo &#8216;H\u00e9ctor Pe\u00f1alva\u00bb de la Escuela Primaria N\u00b0 1 de Berazategui, ubicada en la localidad de Villa Espa\u00f1a, se realiz\u00f3 la jura de los consejeros escolares elegidos en las elecciones del 14 de Noviembre \u00faltimo.<\/p>\n\n\n\n<figure class=\"wp-block-image size-large\"><img loading=\"lazy\" decoding=\"async\" width=\"1024\" height=\"461\" src=\"https:\/\/diarioprincipios.com\/wp-content\/uploads\/2021\/12\/20211210_114141-1024x461.jpg\" alt=\"\" class=\"wp-image-12124\" srcset=\"https:\/\/diarioprincipios.com\/wp-content\/uploads\/2021\/12\/20211210_114141-1024x461.jpg 1024w, https:\/\/diarioprincipios.com\/wp-content\/uploads\/2021\/12\/20211210_114141-300x135.jpg 300w, https:\/\/diarioprincipios.com\/wp-content\/uploads\/2021\/12\/20211210_114141-768x346.jpg 768w, https:\/\/diarioprincipios.com\/wp-content\/uploads\/2021\/12\/20211210_114141-1536x692.jpg 1536w, https:\/\/diarioprincipios.com\/wp-content\/uploads\/2021\/12\/20211210_114141-2048x922.jpg 2048w\" sizes=\"auto, (max-width: 1024px) 100vw, 1024px\" \/><\/figure>\n\n\n\n<p>En el acto al que asistieron el Intendente Dr. Juan Jos\u00e9 Mussi, las flamantes autoridades del Concejo Deliberante y el hijo del ex presidente del Consejo Escolar, fallecido este a\u00f1o, el querido H\u00e9ctor Pe\u00f1alva, prestaron juramento los consejeros Oscar Almir\u00f3n, Alicia G\u00f3ndola (Frente de Todos) y Pablo Kupec, Luc\u00eda Gimenez (Juntos).<\/p>\n\n\n\n<figure class=\"wp-block-image size-large\"><img loading=\"lazy\" decoding=\"async\" width=\"1024\" height=\"461\" src=\"https:\/\/diarioprincipios.com\/wp-content\/uploads\/2021\/12\/20211210_111515-1024x461.jpg\" alt=\"\" class=\"wp-image-12125\" srcset=\"https:\/\/diarioprincipios.com\/wp-content\/uploads\/2021\/12\/20211210_111515-1024x461.jpg 1024w, https:\/\/diarioprincipios.com\/wp-content\/uploads\/2021\/12\/20211210_111515-300x135.jpg 300w, https:\/\/diarioprincipios.com\/wp-content\/uploads\/2021\/12\/20211210_111515-768x346.jpg 768w, https:\/\/diarioprincipios.com\/wp-content\/uploads\/2021\/12\/20211210_111515-1536x692.jpg 1536w, https:\/\/diarioprincipios.com\/wp-content\/uploads\/2021\/12\/20211210_111515-2048x922.jpg 2048w\" sizes=\"auto, (max-width: 1024px) 100vw, 1024px\" \/><\/figure>\n\n\n\n<p>En la oportunidad tambi\u00e9n se dio a conocer la cobformaci\u00f3n del Consejo Escolar para los pr\u00f3ximos a\u00f1os:<\/p>\n\n\n\n<p>Presidente: Fernando Cardozo<\/p>\n\n\n\n<p>Vice: Juan Carlos Soldavini<\/p>\n\n\n\n<p>Tesorera: Daniela Novello<\/p>\n\n\n\n<p>Secretaria: Analia Filatdi<\/p>\n\n\n\n<p>1 vocal: Alicia G\u00f3ndola<\/p>\n\n\n\n<p>2 vocal: Pablo Kupec<\/p>\n\n\n\n<p>3 vocal: Luc\u00eda Gimenez<\/p>\n\n\n\n<p>4 vocal: Oscar Almir\u00f3n<\/p>\n\n\n\n<figure class=\"wp-block-image size-large\"><img loading=\"lazy\" decoding=\"async\" width=\"1024\" height=\"461\" src=\"https:\/\/diarioprincipios.com\/wp-content\/uploads\/2021\/12\/20211210_111344-1024x461.jpg\" alt=\"\" class=\"wp-image-12126\" srcset=\"https:\/\/diarioprincipios.com\/wp-content\/uploads\/2021\/12\/20211210_111344-1024x461.jpg 1024w, https:\/\/diarioprincipios.com\/wp-content\/uploads\/2021\/12\/20211210_111344-300x135.jpg 300w, https:\/\/diarioprincipios.com\/wp-content\/uploads\/2021\/12\/20211210_111344-768x346.jpg 768w, https:\/\/diarioprincipios.com\/wp-content\/uploads\/2021\/12\/20211210_111344-1536x692.jpg 1536w, https:\/\/diarioprincipios.com\/wp-content\/uploads\/2021\/12\/20211210_111344-2048x922.jpg 2048w\" sizes=\"auto, (max-width: 1024px) 100vw, 1024px\" \/><\/figure>\n\n\n\n<p>Se vivieron momentos emotivos con participaciones musicales y homenajes a Hector Pe\u00f1alva, en ese sentido su hijo recibi\u00f3 un reconocimiento de manos del intendente y de las autoridades del cuerpo, asimismo Marcelo Romio y Jenifer Noro, flamantes presidente y vice del HCD entregaron una placa que ser\u00e1 colocada en la sala de sesiones del Consejo Escolar \u00abH\u00e9ctor Pe\u00f1alva\u00bb.<\/p>\n\n\n\n<figure class=\"wp-block-image size-large\"><img loading=\"lazy\" decoding=\"async\" width=\"1024\" height=\"461\" src=\"https:\/\/diarioprincipios.com\/wp-content\/uploads\/2021\/12\/20211210_112634-1024x461.jpg\" alt=\"\" class=\"wp-image-12127\" srcset=\"https:\/\/diarioprincipios.com\/wp-content\/uploads\/2021\/12\/20211210_112634-1024x461.jpg 1024w, https:\/\/diarioprincipios.com\/wp-content\/uploads\/2021\/12\/20211210_112634-300x135.jpg 300w, https:\/\/diarioprincipios.com\/wp-content\/uploads\/2021\/12\/20211210_112634-768x346.jpg 768w, https:\/\/diarioprincipios.com\/wp-content\/uploads\/2021\/12\/20211210_112634-1536x692.jpg 1536w, https:\/\/diarioprincipios.com\/wp-content\/uploads\/2021\/12\/20211210_112634-2048x922.jpg 2048w\" sizes=\"auto, (max-width: 1024px) 100vw, 1024px\" \/><\/figure>\n\n\n\n<p>Cerraron con breves discursos el presidente del Consejo Escolar Fernando Cardozo quien dijo que \u00abhoy es un d\u00eda de fiesta de la democracia, en Berazategui no hay grieta cuando hablamos de educaci\u00f3n y tenemos un intendente que la pone en primer lugar y nos impulsa a trabajar como lo hacemos, siempre en unidad\u00bb, y el intendente Juan Jos\u00e9 Mussi quien destac\u00f3 que \u00abfelicito a todos los consejeros, los que se van y los que entran y celebro que cada jura son dos a\u00f1os m\u00e1s de democracia en una Argentina donde le seguimos diciendo Nunca M\u00e1s a la dictadura\u00bb.<\/p>\n","protected":false},"excerpt":{"rendered":"<p>En una emotiva ceremonia realizada esta ma\u00f1ana en el Patio Recreativo y Deportivo &#8216;H\u00e9ctor Pe\u00f1alva\u00bb de la Escuela Primaria N\u00b0 1 de Berazategui, ubicada en la localidad de Villa Espa\u00f1a, se realiz\u00f3 la jura de los consejeros escolares elegidos en las elecciones del 14 de Noviembre \u00faltimo. En el acto al que asistieron el Intendente&#8230;<\/p>\n","protected":false},"author":2,"featured_media":12128,"comment_status":"open","ping_status":"open","sticky":false,"template":"","format":"standard","meta":{"footnotes":""},"categories":[3],"tags":[],"class_list":["post-12123","post","type-post","status-publish","format-standard","has-post-thumbnail","hentry","category-berazategui"],"featured_image_src":"https:\/\/diarioprincipios.com\/wp-content\/uploads\/2021\/12\/20211210_111408-1024x461.jpg","blog_images":{"medium":"https:\/\/diarioprincipios.com\/wp-content\/uploads\/2021\/12\/20211210_111408-300x135.jpg","large":"https:\/\/diarioprincipios.com\/wp-content\/uploads\/2021\/12\/20211210_111408-1024x461.jpg"},"ams_acf":[],"yoast_head":"<!-- This site is optimized with the Yoast SEO plugin v27.3 - https:\/\/yoast.com\/product\/yoast-seo-wordpress\/ -->\n<title>Juraron los nuevos Consejeros Escolares - Principios<\/title>\n<meta name=\"robots\" content=\"index, follow, max-snippet:-1, max-image-preview:large, max-video-preview:-1\" \/>\n<link rel=\"canonical\" href=\"https:\/\/diarioprincipios.com\/index.php\/2021\/12\/10\/juraron-los-nuevos-consejeros-escolares\/\" \/>\n<meta property=\"og:locale\" content=\"es_ES\" \/>\n<meta property=\"og:type\" content=\"article\" \/>\n<meta property=\"og:title\" content=\"Juraron los nuevos Consejeros Escolares - Principios\" \/>\n<meta property=\"og:description\" content=\"En una emotiva ceremonia realizada esta ma\u00f1ana en el Patio Recreativo y Deportivo &#8216;H\u00e9ctor Pe\u00f1alva\u00bb de la Escuela Primaria N\u00b0 1 de Berazategui, ubicada en la localidad de Villa Espa\u00f1a, se realiz\u00f3 la jura de los consejeros escolares elegidos en las elecciones del 14 de Noviembre \u00faltimo. En el acto al que asistieron el Intendente...\" \/>\n<meta property=\"og:url\" content=\"https:\/\/diarioprincipios.com\/index.php\/2021\/12\/10\/juraron-los-nuevos-consejeros-escolares\/\" \/>\n<meta property=\"og:site_name\" content=\"Principios\" \/>\n<meta property=\"article:published_time\" content=\"2021-12-10T16:21:49+00:00\" \/>\n<meta property=\"article:modified_time\" content=\"2021-12-10T16:21:56+00:00\" \/>\n<meta property=\"og:image\" content=\"https:\/\/diarioprincipios.com\/wp-content\/uploads\/2021\/12\/20211210_111408-scaled.jpg\" \/>\n\t<meta property=\"og:image:width\" content=\"2560\" \/>\n\t<meta property=\"og:image:height\" content=\"1153\" \/>\n\t<meta property=\"og:image:type\" content=\"image\/jpeg\" \/>\n<meta name=\"author\" content=\"Hern\u00e1n L\u00f3pez\" \/>\n<meta name=\"twitter:card\" content=\"summary_large_image\" \/>\n<meta name=\"twitter:label1\" content=\"Escrito por\" \/>\n\t<meta name=\"twitter:data1\" content=\"Hern\u00e1n L\u00f3pez\" \/>\n\t<meta name=\"twitter:label2\" content=\"Tiempo de lectura\" \/>\n\t<meta name=\"twitter:data2\" content=\"3 minutos\" \/>\n<script type=\"application\/ld+json\" class=\"yoast-schema-graph\">{\"@context\":\"https:\\\/\\\/schema.org\",\"@graph\":[{\"@type\":\"Article\",\"@id\":\"https:\\\/\\\/diarioprincipios.com\\\/index.php\\\/2021\\\/12\\\/10\\\/juraron-los-nuevos-consejeros-escolares\\\/#article\",\"isPartOf\":{\"@id\":\"https:\\\/\\\/diarioprincipios.com\\\/index.php\\\/2021\\\/12\\\/10\\\/juraron-los-nuevos-consejeros-escolares\\\/\"},\"author\":{\"name\":\"Hern\u00e1n L\u00f3pez\",\"@id\":\"https:\\\/\\\/diarioprincipios.com\\\/#\\\/schema\\\/person\\\/436d5a1fd41a5e250e23ff5a6a7cb080\"},\"headline\":\"Juraron los nuevos Consejeros Escolares\",\"datePublished\":\"2021-12-10T16:21:49+00:00\",\"dateModified\":\"2021-12-10T16:21:56+00:00\",\"mainEntityOfPage\":{\"@id\":\"https:\\\/\\\/diarioprincipios.com\\\/index.php\\\/2021\\\/12\\\/10\\\/juraron-los-nuevos-consejeros-escolares\\\/\"},\"wordCount\":324,\"commentCount\":1,\"publisher\":{\"@id\":\"https:\\\/\\\/diarioprincipios.com\\\/#organization\"},\"image\":{\"@id\":\"https:\\\/\\\/diarioprincipios.com\\\/index.php\\\/2021\\\/12\\\/10\\\/juraron-los-nuevos-consejeros-escolares\\\/#primaryimage\"},\"thumbnailUrl\":\"https:\\\/\\\/diarioprincipios.com\\\/wp-content\\\/uploads\\\/2021\\\/12\\\/20211210_111408-scaled.jpg\",\"articleSection\":[\"Berazategui\"],\"inLanguage\":\"es\",\"potentialAction\":[{\"@type\":\"CommentAction\",\"name\":\"Comment\",\"target\":[\"https:\\\/\\\/diarioprincipios.com\\\/index.php\\\/2021\\\/12\\\/10\\\/juraron-los-nuevos-consejeros-escolares\\\/#respond\"]}]},{\"@type\":\"WebPage\",\"@id\":\"https:\\\/\\\/diarioprincipios.com\\\/index.php\\\/2021\\\/12\\\/10\\\/juraron-los-nuevos-consejeros-escolares\\\/\",\"url\":\"https:\\\/\\\/diarioprincipios.com\\\/index.php\\\/2021\\\/12\\\/10\\\/juraron-los-nuevos-consejeros-escolares\\\/\",\"name\":\"Juraron los nuevos Consejeros Escolares - Principios\",\"isPartOf\":{\"@id\":\"https:\\\/\\\/diarioprincipios.com\\\/#website\"},\"primaryImageOfPage\":{\"@id\":\"https:\\\/\\\/diarioprincipios.com\\\/index.php\\\/2021\\\/12\\\/10\\\/juraron-los-nuevos-consejeros-escolares\\\/#primaryimage\"},\"image\":{\"@id\":\"https:\\\/\\\/diarioprincipios.com\\\/index.php\\\/2021\\\/12\\\/10\\\/juraron-los-nuevos-consejeros-escolares\\\/#primaryimage\"},\"thumbnailUrl\":\"https:\\\/\\\/diarioprincipios.com\\\/wp-content\\\/uploads\\\/2021\\\/12\\\/20211210_111408-scaled.jpg\",\"datePublished\":\"2021-12-10T16:21:49+00:00\",\"dateModified\":\"2021-12-10T16:21:56+00:00\",\"breadcrumb\":{\"@id\":\"https:\\\/\\\/diarioprincipios.com\\\/index.php\\\/2021\\\/12\\\/10\\\/juraron-los-nuevos-consejeros-escolares\\\/#breadcrumb\"},\"inLanguage\":\"es\",\"potentialAction\":[{\"@type\":\"ReadAction\",\"target\":[\"https:\\\/\\\/diarioprincipios.com\\\/index.php\\\/2021\\\/12\\\/10\\\/juraron-los-nuevos-consejeros-escolares\\\/\"]}]},{\"@type\":\"ImageObject\",\"inLanguage\":\"es\",\"@id\":\"https:\\\/\\\/diarioprincipios.com\\\/index.php\\\/2021\\\/12\\\/10\\\/juraron-los-nuevos-consejeros-escolares\\\/#primaryimage\",\"url\":\"https:\\\/\\\/diarioprincipios.com\\\/wp-content\\\/uploads\\\/2021\\\/12\\\/20211210_111408-scaled.jpg\",\"contentUrl\":\"https:\\\/\\\/diarioprincipios.com\\\/wp-content\\\/uploads\\\/2021\\\/12\\\/20211210_111408-scaled.jpg\",\"width\":2560,\"height\":1153},{\"@type\":\"BreadcrumbList\",\"@id\":\"https:\\\/\\\/diarioprincipios.com\\\/index.php\\\/2021\\\/12\\\/10\\\/juraron-los-nuevos-consejeros-escolares\\\/#breadcrumb\",\"itemListElement\":[{\"@type\":\"ListItem\",\"position\":1,\"name\":\"Portada\",\"item\":\"https:\\\/\\\/diarioprincipios.com\\\/\"},{\"@type\":\"ListItem\",\"position\":2,\"name\":\"Juraron los nuevos Consejeros Escolares\"}]},{\"@type\":\"WebSite\",\"@id\":\"https:\\\/\\\/diarioprincipios.com\\\/#website\",\"url\":\"https:\\\/\\\/diarioprincipios.com\\\/\",\"name\":\"Principios\",\"description\":\"Principios Diario\",\"publisher\":{\"@id\":\"https:\\\/\\\/diarioprincipios.com\\\/#organization\"},\"potentialAction\":[{\"@type\":\"SearchAction\",\"target\":{\"@type\":\"EntryPoint\",\"urlTemplate\":\"https:\\\/\\\/diarioprincipios.com\\\/?s={search_term_string}\"},\"query-input\":{\"@type\":\"PropertyValueSpecification\",\"valueRequired\":true,\"valueName\":\"search_term_string\"}}],\"inLanguage\":\"es\"},{\"@type\":\"Organization\",\"@id\":\"https:\\\/\\\/diarioprincipios.com\\\/#organization\",\"name\":\"Principios\",\"url\":\"https:\\\/\\\/diarioprincipios.com\\\/\",\"logo\":{\"@type\":\"ImageObject\",\"inLanguage\":\"es\",\"@id\":\"https:\\\/\\\/diarioprincipios.com\\\/#\\\/schema\\\/logo\\\/image\\\/\",\"url\":\"https:\\\/\\\/diarioprincipios.com\\\/wp-content\\\/uploads\\\/2024\\\/04\\\/cropped-www.diarioprincipios.com_-1.png\",\"contentUrl\":\"https:\\\/\\\/diarioprincipios.com\\\/wp-content\\\/uploads\\\/2024\\\/04\\\/cropped-www.diarioprincipios.com_-1.png\",\"width\":5325,\"height\":1454,\"caption\":\"Principios\"},\"image\":{\"@id\":\"https:\\\/\\\/diarioprincipios.com\\\/#\\\/schema\\\/logo\\\/image\\\/\"}},{\"@type\":\"Person\",\"@id\":\"https:\\\/\\\/diarioprincipios.com\\\/#\\\/schema\\\/person\\\/436d5a1fd41a5e250e23ff5a6a7cb080\",\"name\":\"Hern\u00e1n L\u00f3pez\",\"image\":{\"@type\":\"ImageObject\",\"inLanguage\":\"es\",\"@id\":\"https:\\\/\\\/diarioprincipios.com\\\/wp-content\\\/litespeed\\\/avatar\\\/11ddfe5610ff3bd100522525b2571f48.jpg?ver=1777653193\",\"url\":\"https:\\\/\\\/diarioprincipios.com\\\/wp-content\\\/litespeed\\\/avatar\\\/11ddfe5610ff3bd100522525b2571f48.jpg?ver=1777653193\",\"contentUrl\":\"https:\\\/\\\/diarioprincipios.com\\\/wp-content\\\/litespeed\\\/avatar\\\/11ddfe5610ff3bd100522525b2571f48.jpg?ver=1777653193\",\"caption\":\"Hern\u00e1n L\u00f3pez\"},\"url\":\"https:\\\/\\\/diarioprincipios.com\\\/index.php\\\/author\\\/hernan\\\/\"}]}<\/script>\n<!-- \/ Yoast SEO plugin. -->","yoast_head_json":{"title":"Juraron los nuevos Consejeros Escolares - Principios","robots":{"index":"index","follow":"follow","max-snippet":"max-snippet:-1","max-image-preview":"max-image-preview:large","max-video-preview":"max-video-preview:-1"},"canonical":"https:\/\/diarioprincipios.com\/index.php\/2021\/12\/10\/juraron-los-nuevos-consejeros-escolares\/","og_locale":"es_ES","og_type":"article","og_title":"Juraron los nuevos Consejeros Escolares - Principios","og_description":"En una emotiva ceremonia realizada esta ma\u00f1ana en el Patio Recreativo y Deportivo &#8216;H\u00e9ctor Pe\u00f1alva\u00bb de la Escuela Primaria N\u00b0 1 de Berazategui, ubicada en la localidad de Villa Espa\u00f1a, se realiz\u00f3 la jura de los consejeros escolares elegidos en las elecciones del 14 de Noviembre \u00faltimo. En el acto al que asistieron el Intendente...","og_url":"https:\/\/diarioprincipios.com\/index.php\/2021\/12\/10\/juraron-los-nuevos-consejeros-escolares\/","og_site_name":"Principios","article_published_time":"2021-12-10T16:21:49+00:00","article_modified_time":"2021-12-10T16:21:56+00:00","og_image":[{"width":2560,"height":1153,"url":"https:\/\/diarioprincipios.com\/wp-content\/uploads\/2021\/12\/20211210_111408-scaled.jpg","type":"image\/jpeg"}],"author":"Hern\u00e1n L\u00f3pez","twitter_card":"summary_large_image","twitter_misc":{"Escrito por":"Hern\u00e1n L\u00f3pez","Tiempo de lectura":"3 minutos"},"schema":{"@context":"https:\/\/schema.org","@graph":[{"@type":"Article","@id":"https:\/\/diarioprincipios.com\/index.php\/2021\/12\/10\/juraron-los-nuevos-consejeros-escolares\/#article","isPartOf":{"@id":"https:\/\/diarioprincipios.com\/index.php\/2021\/12\/10\/juraron-los-nuevos-consejeros-escolares\/"},"author":{"name":"Hern\u00e1n L\u00f3pez","@id":"https:\/\/diarioprincipios.com\/#\/schema\/person\/436d5a1fd41a5e250e23ff5a6a7cb080"},"headline":"Juraron los nuevos Consejeros Escolares","datePublished":"2021-12-10T16:21:49+00:00","dateModified":"2021-12-10T16:21:56+00:00","mainEntityOfPage":{"@id":"https:\/\/diarioprincipios.com\/index.php\/2021\/12\/10\/juraron-los-nuevos-consejeros-escolares\/"},"wordCount":324,"commentCount":1,"publisher":{"@id":"https:\/\/diarioprincipios.com\/#organization"},"image":{"@id":"https:\/\/diarioprincipios.com\/index.php\/2021\/12\/10\/juraron-los-nuevos-consejeros-escolares\/#primaryimage"},"thumbnailUrl":"https:\/\/diarioprincipios.com\/wp-content\/uploads\/2021\/12\/20211210_111408-scaled.jpg","articleSection":["Berazategui"],"inLanguage":"es","potentialAction":[{"@type":"CommentAction","name":"Comment","target":["https:\/\/diarioprincipios.com\/index.php\/2021\/12\/10\/juraron-los-nuevos-consejeros-escolares\/#respond"]}]},{"@type":"WebPage","@id":"https:\/\/diarioprincipios.com\/index.php\/2021\/12\/10\/juraron-los-nuevos-consejeros-escolares\/","url":"https:\/\/diarioprincipios.com\/index.php\/2021\/12\/10\/juraron-los-nuevos-consejeros-escolares\/","name":"Juraron los nuevos Consejeros Escolares - Principios","isPartOf":{"@id":"https:\/\/diarioprincipios.com\/#website"},"primaryImageOfPage":{"@id":"https:\/\/diarioprincipios.com\/index.php\/2021\/12\/10\/juraron-los-nuevos-consejeros-escolares\/#primaryimage"},"image":{"@id":"https:\/\/diarioprincipios.com\/index.php\/2021\/12\/10\/juraron-los-nuevos-consejeros-escolares\/#primaryimage"},"thumbnailUrl":"https:\/\/diarioprincipios.com\/wp-content\/uploads\/2021\/12\/20211210_111408-scaled.jpg","datePublished":"2021-12-10T16:21:49+00:00","dateModified":"2021-12-10T16:21:56+00:00","breadcrumb":{"@id":"https:\/\/diarioprincipios.com\/index.php\/2021\/12\/10\/juraron-los-nuevos-consejeros-escolares\/#breadcrumb"},"inLanguage":"es","potentialAction":[{"@type":"ReadAction","target":["https:\/\/diarioprincipios.com\/index.php\/2021\/12\/10\/juraron-los-nuevos-consejeros-escolares\/"]}]},{"@type":"ImageObject","inLanguage":"es","@id":"https:\/\/diarioprincipios.com\/index.php\/2021\/12\/10\/juraron-los-nuevos-consejeros-escolares\/#primaryimage","url":"https:\/\/diarioprincipios.com\/wp-content\/uploads\/2021\/12\/20211210_111408-scaled.jpg","contentUrl":"https:\/\/diarioprincipios.com\/wp-content\/uploads\/2021\/12\/20211210_111408-scaled.jpg","width":2560,"height":1153},{"@type":"BreadcrumbList","@id":"https:\/\/diarioprincipios.com\/index.php\/2021\/12\/10\/juraron-los-nuevos-consejeros-escolares\/#breadcrumb","itemListElement":[{"@type":"ListItem","position":1,"name":"Portada","item":"https:\/\/diarioprincipios.com\/"},{"@type":"ListItem","position":2,"name":"Juraron los nuevos Consejeros Escolares"}]},{"@type":"WebSite","@id":"https:\/\/diarioprincipios.com\/#website","url":"https:\/\/diarioprincipios.com\/","name":"Principios","description":"Principios Diario","publisher":{"@id":"https:\/\/diarioprincipios.com\/#organization"},"potentialAction":[{"@type":"SearchAction","target":{"@type":"EntryPoint","urlTemplate":"https:\/\/diarioprincipios.com\/?s={search_term_string}"},"query-input":{"@type":"PropertyValueSpecification","valueRequired":true,"valueName":"search_term_string"}}],"inLanguage":"es"},{"@type":"Organization","@id":"https:\/\/diarioprincipios.com\/#organization","name":"Principios","url":"https:\/\/diarioprincipios.com\/","logo":{"@type":"ImageObject","inLanguage":"es","@id":"https:\/\/diarioprincipios.com\/#\/schema\/logo\/image\/","url":"https:\/\/diarioprincipios.com\/wp-content\/uploads\/2024\/04\/cropped-www.diarioprincipios.com_-1.png","contentUrl":"https:\/\/diarioprincipios.com\/wp-content\/uploads\/2024\/04\/cropped-www.diarioprincipios.com_-1.png","width":5325,"height":1454,"caption":"Principios"},"image":{"@id":"https:\/\/diarioprincipios.com\/#\/schema\/logo\/image\/"}},{"@type":"Person","@id":"https:\/\/diarioprincipios.com\/#\/schema\/person\/436d5a1fd41a5e250e23ff5a6a7cb080","name":"Hern\u00e1n L\u00f3pez","image":{"@type":"ImageObject","inLanguage":"es","@id":"https:\/\/diarioprincipios.com\/wp-content\/litespeed\/avatar\/11ddfe5610ff3bd100522525b2571f48.jpg?ver=1777653193","url":"https:\/\/diarioprincipios.com\/wp-content\/litespeed\/avatar\/11ddfe5610ff3bd100522525b2571f48.jpg?ver=1777653193","contentUrl":"https:\/\/diarioprincipios.com\/wp-content\/litespeed\/avatar\/11ddfe5610ff3bd100522525b2571f48.jpg?ver=1777653193","caption":"Hern\u00e1n L\u00f3pez"},"url":"https:\/\/diarioprincipios.com\/index.php\/author\/hernan\/"}]}},"jetpack_featured_media_url":"https:\/\/diarioprincipios.com\/wp-content\/uploads\/2021\/12\/20211210_111408-scaled.jpg","_links":{"self":[{"href":"https:\/\/diarioprincipios.com\/index.php\/wp-json\/wp\/v2\/posts\/12123","targetHints":{"allow":["GET"]}}],"collection":[{"href":"https:\/\/diarioprincipios.com\/index.php\/wp-json\/wp\/v2\/posts"}],"about":[{"href":"https:\/\/diarioprincipios.com\/index.php\/wp-json\/wp\/v2\/types\/post"}],"author":[{"embeddable":true,"href":"https:\/\/diarioprincipios.com\/index.php\/wp-json\/wp\/v2\/users\/2"}],"replies":[{"embeddable":true,"href":"https:\/\/diarioprincipios.com\/index.php\/wp-json\/wp\/v2\/comments?post=12123"}],"version-history":[{"count":1,"href":"https:\/\/diarioprincipios.com\/index.php\/wp-json\/wp\/v2\/posts\/12123\/revisions"}],"predecessor-version":[{"id":12129,"href":"https:\/\/diarioprincipios.com\/index.php\/wp-json\/wp\/v2\/posts\/12123\/revisions\/12129"}],"wp:featuredmedia":[{"embeddable":true,"href":"https:\/\/diarioprincipios.com\/index.php\/wp-json\/wp\/v2\/media\/12128"}],"wp:attachment":[{"href":"https:\/\/diarioprincipios.com\/index.php\/wp-json\/wp\/v2\/media?parent=12123"}],"wp:term":[{"taxonomy":"category","embeddable":true,"href":"https:\/\/diarioprincipios.com\/index.php\/wp-json\/wp\/v2\/categories?post=12123"},{"taxonomy":"post_tag","embeddable":true,"href":"https:\/\/diarioprincipios.com\/index.php\/wp-json\/wp\/v2\/tags?post=12123"}],"curies":[{"name":"wp","href":"https:\/\/api.w.org\/{rel}","templated":true}]}}