{"id":12107,"date":"2021-12-09T12:19:16","date_gmt":"2021-12-09T15:19:16","guid":{"rendered":"http:\/\/diarioprincipios.com\/?p=12107"},"modified":"2021-12-09T12:19:24","modified_gmt":"2021-12-09T15:19:24","slug":"la-union-industrial-de-avellaneda-realizo-su-brindis-de-fin-de-ano","status":"publish","type":"post","link":"https:\/\/diarioprincipios.com\/index.php\/2021\/12\/09\/la-union-industrial-de-avellaneda-realizo-su-brindis-de-fin-de-ano\/","title":{"rendered":"La Uni\u00f3n Industrial de Avellaneda realiz\u00f3 su brindis de fin de a\u00f1o"},"content":{"rendered":"\n<p>En la sede de la UIA se concret\u00f3 el tradicional encuentro con sus socios e invitados.<\/p>\n\n\n\n<p>En el evento estuvieron presentes el Ministro de Desarrollo Territorial y H\u00e1bitat de la Naci\u00f3n, Jorge Ferraresi, el intendente de Avellaneda, Alejo Chornobroff y la Jefa de Gabinete, Magdalena Sierra. Acompa\u00f1ados tambi\u00e9n del Secretario de Producci\u00f3n, Comercio y Ambiente, Mgtr. Ing. Lucas Gabriel Gim\u00e9nez.<\/p>\n\n\n\n<p>A su vez tambi\u00e9n participaron del brindis la titular de la UIA, Nilda Br\u00f3vida, el Director Provincial de Desarrollo Territorial y Pymes, Ariel Aguilar, la Secretaria de Industrias, Pymes y Cooperativas de la Provincia, Mariela Bembi y el Obispo de Avellaneda &#8211; Lan\u00fas, Marcelo Margni.<\/p>\n\n\n\n<p>Durante el transcurso de la reuni\u00f3n tambi\u00e9n tomaron la palabra varios de los integrantes de los distintos departamentos de Uni\u00f3n Industrial de Avellaneda, quienes contaron los avances que hubo en la industria de toda la ciudad y sus expectativas en que en el pr\u00f3ximo a\u00f1o se mantenga la recuperaci\u00f3n que se ha dado durante este que se est\u00e1 terminado.<\/p>\n","protected":false},"excerpt":{"rendered":"<p>En la sede de la UIA se concret\u00f3 el tradicional encuentro con sus socios e invitados. En el evento estuvieron presentes el Ministro de Desarrollo Territorial y H\u00e1bitat de la Naci\u00f3n, Jorge Ferraresi, el intendente de Avellaneda, Alejo Chornobroff y la Jefa de Gabinete, Magdalena Sierra. Acompa\u00f1ados tambi\u00e9n del Secretario de Producci\u00f3n, Comercio y Ambiente,&#8230;<\/p>\n","protected":false},"author":2,"featured_media":12108,"comment_status":"open","ping_status":"open","sticky":false,"template":"","format":"standard","meta":{"footnotes":""},"categories":[5],"tags":[],"class_list":["post-12107","post","type-post","status-publish","format-standard","has-post-thumbnail","hentry","category-avellaneda"],"featured_image_src":"https:\/\/diarioprincipios.com\/wp-content\/uploads\/2021\/12\/FGCkcdPXEAMTM21-1024x682.jpg","blog_images":{"medium":"https:\/\/diarioprincipios.com\/wp-content\/uploads\/2021\/12\/FGCkcdPXEAMTM21-300x200.jpg","large":"https:\/\/diarioprincipios.com\/wp-content\/uploads\/2021\/12\/FGCkcdPXEAMTM21-1024x682.jpg"},"ams_acf":[],"yoast_head":"<!-- This site is optimized with the Yoast SEO plugin v27.3 - https:\/\/yoast.com\/product\/yoast-seo-wordpress\/ -->\n<title>La Uni\u00f3n Industrial de Avellaneda realiz\u00f3 su brindis de fin de a\u00f1o - Principios<\/title>\n<meta name=\"robots\" content=\"index, follow, max-snippet:-1, max-image-preview:large, max-video-preview:-1\" \/>\n<link rel=\"canonical\" href=\"https:\/\/diarioprincipios.com\/index.php\/2021\/12\/09\/la-union-industrial-de-avellaneda-realizo-su-brindis-de-fin-de-ano\/\" \/>\n<meta property=\"og:locale\" content=\"es_ES\" \/>\n<meta property=\"og:type\" content=\"article\" \/>\n<meta property=\"og:title\" content=\"La Uni\u00f3n Industrial de Avellaneda realiz\u00f3 su brindis de fin de a\u00f1o - Principios\" \/>\n<meta property=\"og:description\" content=\"En la sede de la UIA se concret\u00f3 el tradicional encuentro con sus socios e invitados. En el evento estuvieron presentes el Ministro de Desarrollo Territorial y H\u00e1bitat de la Naci\u00f3n, Jorge Ferraresi, el intendente de Avellaneda, Alejo Chornobroff y la Jefa de Gabinete, Magdalena Sierra. Acompa\u00f1ados tambi\u00e9n del Secretario de Producci\u00f3n, Comercio y Ambiente,...\" \/>\n<meta property=\"og:url\" content=\"https:\/\/diarioprincipios.com\/index.php\/2021\/12\/09\/la-union-industrial-de-avellaneda-realizo-su-brindis-de-fin-de-ano\/\" \/>\n<meta property=\"og:site_name\" content=\"Principios\" \/>\n<meta property=\"article:published_time\" content=\"2021-12-09T15:19:16+00:00\" \/>\n<meta property=\"article:modified_time\" content=\"2021-12-09T15:19:24+00:00\" \/>\n<meta property=\"og:image\" content=\"https:\/\/diarioprincipios.com\/wp-content\/uploads\/2021\/12\/FGCkcdPXEAMTM21.jpg\" \/>\n\t<meta property=\"og:image:width\" content=\"1080\" \/>\n\t<meta property=\"og:image:height\" content=\"719\" \/>\n\t<meta property=\"og:image:type\" content=\"image\/jpeg\" \/>\n<meta name=\"author\" content=\"Hern\u00e1n L\u00f3pez\" \/>\n<meta name=\"twitter:card\" content=\"summary_large_image\" \/>\n<meta name=\"twitter:label1\" content=\"Escrito por\" \/>\n\t<meta name=\"twitter:data1\" content=\"Hern\u00e1n L\u00f3pez\" \/>\n\t<meta name=\"twitter:label2\" content=\"Tiempo de lectura\" \/>\n\t<meta name=\"twitter:data2\" content=\"1 minuto\" \/>\n<script type=\"application\/ld+json\" class=\"yoast-schema-graph\">{\"@context\":\"https:\\\/\\\/schema.org\",\"@graph\":[{\"@type\":\"Article\",\"@id\":\"https:\\\/\\\/diarioprincipios.com\\\/index.php\\\/2021\\\/12\\\/09\\\/la-union-industrial-de-avellaneda-realizo-su-brindis-de-fin-de-ano\\\/#article\",\"isPartOf\":{\"@id\":\"https:\\\/\\\/diarioprincipios.com\\\/index.php\\\/2021\\\/12\\\/09\\\/la-union-industrial-de-avellaneda-realizo-su-brindis-de-fin-de-ano\\\/\"},\"author\":{\"name\":\"Hern\u00e1n L\u00f3pez\",\"@id\":\"https:\\\/\\\/diarioprincipios.com\\\/#\\\/schema\\\/person\\\/436d5a1fd41a5e250e23ff5a6a7cb080\"},\"headline\":\"La Uni\u00f3n Industrial de Avellaneda realiz\u00f3 su brindis de fin de a\u00f1o\",\"datePublished\":\"2021-12-09T15:19:16+00:00\",\"dateModified\":\"2021-12-09T15:19:24+00:00\",\"mainEntityOfPage\":{\"@id\":\"https:\\\/\\\/diarioprincipios.com\\\/index.php\\\/2021\\\/12\\\/09\\\/la-union-industrial-de-avellaneda-realizo-su-brindis-de-fin-de-ano\\\/\"},\"wordCount\":193,\"commentCount\":0,\"publisher\":{\"@id\":\"https:\\\/\\\/diarioprincipios.com\\\/#organization\"},\"image\":{\"@id\":\"https:\\\/\\\/diarioprincipios.com\\\/index.php\\\/2021\\\/12\\\/09\\\/la-union-industrial-de-avellaneda-realizo-su-brindis-de-fin-de-ano\\\/#primaryimage\"},\"thumbnailUrl\":\"https:\\\/\\\/diarioprincipios.com\\\/wp-content\\\/uploads\\\/2021\\\/12\\\/FGCkcdPXEAMTM21.jpg\",\"articleSection\":[\"Avellaneda\"],\"inLanguage\":\"es\",\"potentialAction\":[{\"@type\":\"CommentAction\",\"name\":\"Comment\",\"target\":[\"https:\\\/\\\/diarioprincipios.com\\\/index.php\\\/2021\\\/12\\\/09\\\/la-union-industrial-de-avellaneda-realizo-su-brindis-de-fin-de-ano\\\/#respond\"]}]},{\"@type\":\"WebPage\",\"@id\":\"https:\\\/\\\/diarioprincipios.com\\\/index.php\\\/2021\\\/12\\\/09\\\/la-union-industrial-de-avellaneda-realizo-su-brindis-de-fin-de-ano\\\/\",\"url\":\"https:\\\/\\\/diarioprincipios.com\\\/index.php\\\/2021\\\/12\\\/09\\\/la-union-industrial-de-avellaneda-realizo-su-brindis-de-fin-de-ano\\\/\",\"name\":\"La Uni\u00f3n Industrial de Avellaneda realiz\u00f3 su brindis de fin de a\u00f1o - Principios\",\"isPartOf\":{\"@id\":\"https:\\\/\\\/diarioprincipios.com\\\/#website\"},\"primaryImageOfPage\":{\"@id\":\"https:\\\/\\\/diarioprincipios.com\\\/index.php\\\/2021\\\/12\\\/09\\\/la-union-industrial-de-avellaneda-realizo-su-brindis-de-fin-de-ano\\\/#primaryimage\"},\"image\":{\"@id\":\"https:\\\/\\\/diarioprincipios.com\\\/index.php\\\/2021\\\/12\\\/09\\\/la-union-industrial-de-avellaneda-realizo-su-brindis-de-fin-de-ano\\\/#primaryimage\"},\"thumbnailUrl\":\"https:\\\/\\\/diarioprincipios.com\\\/wp-content\\\/uploads\\\/2021\\\/12\\\/FGCkcdPXEAMTM21.jpg\",\"datePublished\":\"2021-12-09T15:19:16+00:00\",\"dateModified\":\"2021-12-09T15:19:24+00:00\",\"breadcrumb\":{\"@id\":\"https:\\\/\\\/diarioprincipios.com\\\/index.php\\\/2021\\\/12\\\/09\\\/la-union-industrial-de-avellaneda-realizo-su-brindis-de-fin-de-ano\\\/#breadcrumb\"},\"inLanguage\":\"es\",\"potentialAction\":[{\"@type\":\"ReadAction\",\"target\":[\"https:\\\/\\\/diarioprincipios.com\\\/index.php\\\/2021\\\/12\\\/09\\\/la-union-industrial-de-avellaneda-realizo-su-brindis-de-fin-de-ano\\\/\"]}]},{\"@type\":\"ImageObject\",\"inLanguage\":\"es\",\"@id\":\"https:\\\/\\\/diarioprincipios.com\\\/index.php\\\/2021\\\/12\\\/09\\\/la-union-industrial-de-avellaneda-realizo-su-brindis-de-fin-de-ano\\\/#primaryimage\",\"url\":\"https:\\\/\\\/diarioprincipios.com\\\/wp-content\\\/uploads\\\/2021\\\/12\\\/FGCkcdPXEAMTM21.jpg\",\"contentUrl\":\"https:\\\/\\\/diarioprincipios.com\\\/wp-content\\\/uploads\\\/2021\\\/12\\\/FGCkcdPXEAMTM21.jpg\",\"width\":1080,\"height\":719},{\"@type\":\"BreadcrumbList\",\"@id\":\"https:\\\/\\\/diarioprincipios.com\\\/index.php\\\/2021\\\/12\\\/09\\\/la-union-industrial-de-avellaneda-realizo-su-brindis-de-fin-de-ano\\\/#breadcrumb\",\"itemListElement\":[{\"@type\":\"ListItem\",\"position\":1,\"name\":\"Portada\",\"item\":\"https:\\\/\\\/diarioprincipios.com\\\/\"},{\"@type\":\"ListItem\",\"position\":2,\"name\":\"La Uni\u00f3n Industrial de Avellaneda realiz\u00f3 su brindis de fin de a\u00f1o\"}]},{\"@type\":\"WebSite\",\"@id\":\"https:\\\/\\\/diarioprincipios.com\\\/#website\",\"url\":\"https:\\\/\\\/diarioprincipios.com\\\/\",\"name\":\"Principios\",\"description\":\"Principios Diario\",\"publisher\":{\"@id\":\"https:\\\/\\\/diarioprincipios.com\\\/#organization\"},\"potentialAction\":[{\"@type\":\"SearchAction\",\"target\":{\"@type\":\"EntryPoint\",\"urlTemplate\":\"https:\\\/\\\/diarioprincipios.com\\\/?s={search_term_string}\"},\"query-input\":{\"@type\":\"PropertyValueSpecification\",\"valueRequired\":true,\"valueName\":\"search_term_string\"}}],\"inLanguage\":\"es\"},{\"@type\":\"Organization\",\"@id\":\"https:\\\/\\\/diarioprincipios.com\\\/#organization\",\"name\":\"Principios\",\"url\":\"https:\\\/\\\/diarioprincipios.com\\\/\",\"logo\":{\"@type\":\"ImageObject\",\"inLanguage\":\"es\",\"@id\":\"https:\\\/\\\/diarioprincipios.com\\\/#\\\/schema\\\/logo\\\/image\\\/\",\"url\":\"https:\\\/\\\/diarioprincipios.com\\\/wp-content\\\/uploads\\\/2024\\\/04\\\/cropped-www.diarioprincipios.com_-1.png\",\"contentUrl\":\"https:\\\/\\\/diarioprincipios.com\\\/wp-content\\\/uploads\\\/2024\\\/04\\\/cropped-www.diarioprincipios.com_-1.png\",\"width\":5325,\"height\":1454,\"caption\":\"Principios\"},\"image\":{\"@id\":\"https:\\\/\\\/diarioprincipios.com\\\/#\\\/schema\\\/logo\\\/image\\\/\"}},{\"@type\":\"Person\",\"@id\":\"https:\\\/\\\/diarioprincipios.com\\\/#\\\/schema\\\/person\\\/436d5a1fd41a5e250e23ff5a6a7cb080\",\"name\":\"Hern\u00e1n L\u00f3pez\",\"image\":{\"@type\":\"ImageObject\",\"inLanguage\":\"es\",\"@id\":\"https:\\\/\\\/diarioprincipios.com\\\/wp-content\\\/litespeed\\\/avatar\\\/11ddfe5610ff3bd100522525b2571f48.jpg?ver=1777653193\",\"url\":\"https:\\\/\\\/diarioprincipios.com\\\/wp-content\\\/litespeed\\\/avatar\\\/11ddfe5610ff3bd100522525b2571f48.jpg?ver=1777653193\",\"contentUrl\":\"https:\\\/\\\/diarioprincipios.com\\\/wp-content\\\/litespeed\\\/avatar\\\/11ddfe5610ff3bd100522525b2571f48.jpg?ver=1777653193\",\"caption\":\"Hern\u00e1n L\u00f3pez\"},\"url\":\"https:\\\/\\\/diarioprincipios.com\\\/index.php\\\/author\\\/hernan\\\/\"}]}<\/script>\n<!-- \/ Yoast SEO plugin. -->","yoast_head_json":{"title":"La Uni\u00f3n Industrial de Avellaneda realiz\u00f3 su brindis de fin de a\u00f1o - Principios","robots":{"index":"index","follow":"follow","max-snippet":"max-snippet:-1","max-image-preview":"max-image-preview:large","max-video-preview":"max-video-preview:-1"},"canonical":"https:\/\/diarioprincipios.com\/index.php\/2021\/12\/09\/la-union-industrial-de-avellaneda-realizo-su-brindis-de-fin-de-ano\/","og_locale":"es_ES","og_type":"article","og_title":"La Uni\u00f3n Industrial de Avellaneda realiz\u00f3 su brindis de fin de a\u00f1o - Principios","og_description":"En la sede de la UIA se concret\u00f3 el tradicional encuentro con sus socios e invitados. En el evento estuvieron presentes el Ministro de Desarrollo Territorial y H\u00e1bitat de la Naci\u00f3n, Jorge Ferraresi, el intendente de Avellaneda, Alejo Chornobroff y la Jefa de Gabinete, Magdalena Sierra. Acompa\u00f1ados tambi\u00e9n del Secretario de Producci\u00f3n, Comercio y Ambiente,...","og_url":"https:\/\/diarioprincipios.com\/index.php\/2021\/12\/09\/la-union-industrial-de-avellaneda-realizo-su-brindis-de-fin-de-ano\/","og_site_name":"Principios","article_published_time":"2021-12-09T15:19:16+00:00","article_modified_time":"2021-12-09T15:19:24+00:00","og_image":[{"width":1080,"height":719,"url":"https:\/\/diarioprincipios.com\/wp-content\/uploads\/2021\/12\/FGCkcdPXEAMTM21.jpg","type":"image\/jpeg"}],"author":"Hern\u00e1n L\u00f3pez","twitter_card":"summary_large_image","twitter_misc":{"Escrito por":"Hern\u00e1n L\u00f3pez","Tiempo de lectura":"1 minuto"},"schema":{"@context":"https:\/\/schema.org","@graph":[{"@type":"Article","@id":"https:\/\/diarioprincipios.com\/index.php\/2021\/12\/09\/la-union-industrial-de-avellaneda-realizo-su-brindis-de-fin-de-ano\/#article","isPartOf":{"@id":"https:\/\/diarioprincipios.com\/index.php\/2021\/12\/09\/la-union-industrial-de-avellaneda-realizo-su-brindis-de-fin-de-ano\/"},"author":{"name":"Hern\u00e1n L\u00f3pez","@id":"https:\/\/diarioprincipios.com\/#\/schema\/person\/436d5a1fd41a5e250e23ff5a6a7cb080"},"headline":"La Uni\u00f3n Industrial de Avellaneda realiz\u00f3 su brindis de fin de a\u00f1o","datePublished":"2021-12-09T15:19:16+00:00","dateModified":"2021-12-09T15:19:24+00:00","mainEntityOfPage":{"@id":"https:\/\/diarioprincipios.com\/index.php\/2021\/12\/09\/la-union-industrial-de-avellaneda-realizo-su-brindis-de-fin-de-ano\/"},"wordCount":193,"commentCount":0,"publisher":{"@id":"https:\/\/diarioprincipios.com\/#organization"},"image":{"@id":"https:\/\/diarioprincipios.com\/index.php\/2021\/12\/09\/la-union-industrial-de-avellaneda-realizo-su-brindis-de-fin-de-ano\/#primaryimage"},"thumbnailUrl":"https:\/\/diarioprincipios.com\/wp-content\/uploads\/2021\/12\/FGCkcdPXEAMTM21.jpg","articleSection":["Avellaneda"],"inLanguage":"es","potentialAction":[{"@type":"CommentAction","name":"Comment","target":["https:\/\/diarioprincipios.com\/index.php\/2021\/12\/09\/la-union-industrial-de-avellaneda-realizo-su-brindis-de-fin-de-ano\/#respond"]}]},{"@type":"WebPage","@id":"https:\/\/diarioprincipios.com\/index.php\/2021\/12\/09\/la-union-industrial-de-avellaneda-realizo-su-brindis-de-fin-de-ano\/","url":"https:\/\/diarioprincipios.com\/index.php\/2021\/12\/09\/la-union-industrial-de-avellaneda-realizo-su-brindis-de-fin-de-ano\/","name":"La Uni\u00f3n Industrial de Avellaneda realiz\u00f3 su brindis de fin de a\u00f1o - Principios","isPartOf":{"@id":"https:\/\/diarioprincipios.com\/#website"},"primaryImageOfPage":{"@id":"https:\/\/diarioprincipios.com\/index.php\/2021\/12\/09\/la-union-industrial-de-avellaneda-realizo-su-brindis-de-fin-de-ano\/#primaryimage"},"image":{"@id":"https:\/\/diarioprincipios.com\/index.php\/2021\/12\/09\/la-union-industrial-de-avellaneda-realizo-su-brindis-de-fin-de-ano\/#primaryimage"},"thumbnailUrl":"https:\/\/diarioprincipios.com\/wp-content\/uploads\/2021\/12\/FGCkcdPXEAMTM21.jpg","datePublished":"2021-12-09T15:19:16+00:00","dateModified":"2021-12-09T15:19:24+00:00","breadcrumb":{"@id":"https:\/\/diarioprincipios.com\/index.php\/2021\/12\/09\/la-union-industrial-de-avellaneda-realizo-su-brindis-de-fin-de-ano\/#breadcrumb"},"inLanguage":"es","potentialAction":[{"@type":"ReadAction","target":["https:\/\/diarioprincipios.com\/index.php\/2021\/12\/09\/la-union-industrial-de-avellaneda-realizo-su-brindis-de-fin-de-ano\/"]}]},{"@type":"ImageObject","inLanguage":"es","@id":"https:\/\/diarioprincipios.com\/index.php\/2021\/12\/09\/la-union-industrial-de-avellaneda-realizo-su-brindis-de-fin-de-ano\/#primaryimage","url":"https:\/\/diarioprincipios.com\/wp-content\/uploads\/2021\/12\/FGCkcdPXEAMTM21.jpg","contentUrl":"https:\/\/diarioprincipios.com\/wp-content\/uploads\/2021\/12\/FGCkcdPXEAMTM21.jpg","width":1080,"height":719},{"@type":"BreadcrumbList","@id":"https:\/\/diarioprincipios.com\/index.php\/2021\/12\/09\/la-union-industrial-de-avellaneda-realizo-su-brindis-de-fin-de-ano\/#breadcrumb","itemListElement":[{"@type":"ListItem","position":1,"name":"Portada","item":"https:\/\/diarioprincipios.com\/"},{"@type":"ListItem","position":2,"name":"La Uni\u00f3n Industrial de Avellaneda realiz\u00f3 su brindis de fin de a\u00f1o"}]},{"@type":"WebSite","@id":"https:\/\/diarioprincipios.com\/#website","url":"https:\/\/diarioprincipios.com\/","name":"Principios","description":"Principios Diario","publisher":{"@id":"https:\/\/diarioprincipios.com\/#organization"},"potentialAction":[{"@type":"SearchAction","target":{"@type":"EntryPoint","urlTemplate":"https:\/\/diarioprincipios.com\/?s={search_term_string}"},"query-input":{"@type":"PropertyValueSpecification","valueRequired":true,"valueName":"search_term_string"}}],"inLanguage":"es"},{"@type":"Organization","@id":"https:\/\/diarioprincipios.com\/#organization","name":"Principios","url":"https:\/\/diarioprincipios.com\/","logo":{"@type":"ImageObject","inLanguage":"es","@id":"https:\/\/diarioprincipios.com\/#\/schema\/logo\/image\/","url":"https:\/\/diarioprincipios.com\/wp-content\/uploads\/2024\/04\/cropped-www.diarioprincipios.com_-1.png","contentUrl":"https:\/\/diarioprincipios.com\/wp-content\/uploads\/2024\/04\/cropped-www.diarioprincipios.com_-1.png","width":5325,"height":1454,"caption":"Principios"},"image":{"@id":"https:\/\/diarioprincipios.com\/#\/schema\/logo\/image\/"}},{"@type":"Person","@id":"https:\/\/diarioprincipios.com\/#\/schema\/person\/436d5a1fd41a5e250e23ff5a6a7cb080","name":"Hern\u00e1n L\u00f3pez","image":{"@type":"ImageObject","inLanguage":"es","@id":"https:\/\/diarioprincipios.com\/wp-content\/litespeed\/avatar\/11ddfe5610ff3bd100522525b2571f48.jpg?ver=1777653193","url":"https:\/\/diarioprincipios.com\/wp-content\/litespeed\/avatar\/11ddfe5610ff3bd100522525b2571f48.jpg?ver=1777653193","contentUrl":"https:\/\/diarioprincipios.com\/wp-content\/litespeed\/avatar\/11ddfe5610ff3bd100522525b2571f48.jpg?ver=1777653193","caption":"Hern\u00e1n L\u00f3pez"},"url":"https:\/\/diarioprincipios.com\/index.php\/author\/hernan\/"}]}},"jetpack_featured_media_url":"https:\/\/diarioprincipios.com\/wp-content\/uploads\/2021\/12\/FGCkcdPXEAMTM21.jpg","_links":{"self":[{"href":"https:\/\/diarioprincipios.com\/index.php\/wp-json\/wp\/v2\/posts\/12107","targetHints":{"allow":["GET"]}}],"collection":[{"href":"https:\/\/diarioprincipios.com\/index.php\/wp-json\/wp\/v2\/posts"}],"about":[{"href":"https:\/\/diarioprincipios.com\/index.php\/wp-json\/wp\/v2\/types\/post"}],"author":[{"embeddable":true,"href":"https:\/\/diarioprincipios.com\/index.php\/wp-json\/wp\/v2\/users\/2"}],"replies":[{"embeddable":true,"href":"https:\/\/diarioprincipios.com\/index.php\/wp-json\/wp\/v2\/comments?post=12107"}],"version-history":[{"count":1,"href":"https:\/\/diarioprincipios.com\/index.php\/wp-json\/wp\/v2\/posts\/12107\/revisions"}],"predecessor-version":[{"id":12109,"href":"https:\/\/diarioprincipios.com\/index.php\/wp-json\/wp\/v2\/posts\/12107\/revisions\/12109"}],"wp:featuredmedia":[{"embeddable":true,"href":"https:\/\/diarioprincipios.com\/index.php\/wp-json\/wp\/v2\/media\/12108"}],"wp:attachment":[{"href":"https:\/\/diarioprincipios.com\/index.php\/wp-json\/wp\/v2\/media?parent=12107"}],"wp:term":[{"taxonomy":"category","embeddable":true,"href":"https:\/\/diarioprincipios.com\/index.php\/wp-json\/wp\/v2\/categories?post=12107"},{"taxonomy":"post_tag","embeddable":true,"href":"https:\/\/diarioprincipios.com\/index.php\/wp-json\/wp\/v2\/tags?post=12107"}],"curies":[{"name":"wp","href":"https:\/\/api.w.org\/{rel}","templated":true}]}}