{"id":12088,"date":"2021-12-06T18:51:20","date_gmt":"2021-12-06T21:51:20","guid":{"rendered":"http:\/\/diarioprincipios.com\/?p=12088"},"modified":"2021-12-06T18:51:28","modified_gmt":"2021-12-06T21:51:28","slug":"pase-sanitario-en-la-provincia-desde-el-21-de-diciembre","status":"publish","type":"post","link":"https:\/\/diarioprincipios.com\/index.php\/2021\/12\/06\/pase-sanitario-en-la-provincia-desde-el-21-de-diciembre\/","title":{"rendered":"Pase Sanitario en la Provincia desde el 21 de Diciembre"},"content":{"rendered":"\n<p>El gobernador bonaerense, Axel Kicillof, anunci\u00f3 hoy que la provincia de Buenos Aires aplicar\u00e1 el \u00abpase libre con vacunas\u00bb a partir del 21 de diciembre, por lo que quienes asistan a determinadas actividades deber\u00e1n acreditar la vacunaci\u00f3n con dos dosis desde los 13 a\u00f1os.<\/p>\n\n\n\n<p>Durante una conferencia de prensa que ofreci\u00f3 en La Plata, el gobernador detall\u00f3 que la medida rige \u00abpara acceder a actividades culturales, deportivas, religiosas y recreativas en espacios cerrados\u00bb.<\/p>\n\n\n\n<p>Adem\u00e1s, contempla a los que realicen \u00abtr\u00e1mites ante organismos p\u00fablicos provinciales o municipales y tr\u00e1mites presenciales ante entidades privadas, cuando impliquen aglomeraci\u00f3n\u00bb.<\/p>\n\n\n\n<p>El pase libre incluir\u00e1 tambi\u00e9n a \u00abtrabajadores de atenci\u00f3n al p\u00fablico, en entidades p\u00fablicas o privadas\u00bb, inform\u00f3 Kicillof, quien asimismo explic\u00f3 que para cumplir con el requisito \u00abse deber\u00e1n acreditar dos dosis de la vacuna por lo menos 14 d\u00edas antes del evento\u00bb.<\/p>\n\n\n\n<p>Para demostrar la vacunaci\u00f3n con esquema completo se deber\u00e1 exhibir las aplicaciones VacunatePBA o Mi Argentina, ambas disponibles en el celular, o presentar el carnet de vacunaci\u00f3n en cart\u00f3n o tarjeta, precis\u00f3 el gobernador.<\/p>\n\n\n\n<p>A la hora de justificar la medida, remarc\u00f3 que la implementaci\u00f3n del pase sanitario para los eventos masivos se debe a \u00abque los casos aumentaron en la provincia un 33% en una semana y es necesario que todos se vacunen\u00bb.<\/p>\n\n\n\n<p>En cuanto a la cantidad de personas que pueden asistir a un evento, Kicillof aclar\u00f3 que la puesta en marcha del pase libre con vacunas \u00abno implica restricci\u00f3n de aforo\u00bb.<\/p>\n\n\n\n<p>En ese sentido, insisti\u00f3 en la necesidad de que \u00abtodos los bonaerenses mayores a 3 a\u00f1os cumplan con el esquema completo de vacunaci\u00f3n\u00bb y record\u00f3 que la primera dosis ya es libre para todos los bonaerenses, la segunda para los mayores de 18 y desde el viernes queda liberada para los mayores de tres a\u00f1os.<\/p>\n\n\n\n<p>\u00abEl que no est\u00e1 vacunado tiene catorce veces m\u00e1s de posibilidades de quedar internado si se contagia. Tenemos que lograr concientizar, convencer y acompa\u00f1ar el proceso de vacunaci\u00f3n para que sea universal\u00bb, exhort\u00f3.<\/p>\n\n\n\n<p>Kicillof, por \u00faltimo, sostuvo que en la actualidad \u00abno se vacuna quien no desea hacerlo\u00bb y record\u00f3 que \u00abhace un tiempo ten\u00edamos la gente buscando a la vacuna y hoy la vacuna busca a la gente\u00bb.<\/p>\n","protected":false},"excerpt":{"rendered":"<p>El gobernador bonaerense, Axel Kicillof, anunci\u00f3 hoy que la provincia de Buenos Aires aplicar\u00e1 el \u00abpase libre con vacunas\u00bb a partir del 21 de diciembre, por lo que quienes asistan a determinadas actividades deber\u00e1n acreditar la vacunaci\u00f3n con dos dosis desde los 13 a\u00f1os. Durante una conferencia de prensa que ofreci\u00f3 en La Plata, el&#8230;<\/p>\n","protected":false},"author":2,"featured_media":12089,"comment_status":"open","ping_status":"open","sticky":false,"template":"","format":"standard","meta":{"footnotes":""},"categories":[7],"tags":[],"class_list":["post-12088","post","type-post","status-publish","format-standard","has-post-thumbnail","hentry","category-provincia"],"featured_image_src":"https:\/\/diarioprincipios.com\/wp-content\/uploads\/2021\/12\/axel-kicillof-20210830-1223599.jpg","blog_images":{"medium":"https:\/\/diarioprincipios.com\/wp-content\/uploads\/2021\/12\/axel-kicillof-20210830-1223599-300x169.jpg","large":"https:\/\/diarioprincipios.com\/wp-content\/uploads\/2021\/12\/axel-kicillof-20210830-1223599.jpg"},"ams_acf":[],"yoast_head":"<!-- This site is optimized with the Yoast SEO plugin v27.3 - https:\/\/yoast.com\/product\/yoast-seo-wordpress\/ -->\n<title>Pase Sanitario en la Provincia desde el 21 de Diciembre - Principios<\/title>\n<meta name=\"robots\" content=\"index, follow, max-snippet:-1, max-image-preview:large, max-video-preview:-1\" \/>\n<link rel=\"canonical\" href=\"https:\/\/diarioprincipios.com\/index.php\/2021\/12\/06\/pase-sanitario-en-la-provincia-desde-el-21-de-diciembre\/\" \/>\n<meta property=\"og:locale\" content=\"es_ES\" \/>\n<meta property=\"og:type\" content=\"article\" \/>\n<meta property=\"og:title\" content=\"Pase Sanitario en la Provincia desde el 21 de Diciembre - Principios\" \/>\n<meta property=\"og:description\" content=\"El gobernador bonaerense, Axel Kicillof, anunci\u00f3 hoy que la provincia de Buenos Aires aplicar\u00e1 el \u00abpase libre con vacunas\u00bb a partir del 21 de diciembre, por lo que quienes asistan a determinadas actividades deber\u00e1n acreditar la vacunaci\u00f3n con dos dosis desde los 13 a\u00f1os. Durante una conferencia de prensa que ofreci\u00f3 en La Plata, el...\" \/>\n<meta property=\"og:url\" content=\"https:\/\/diarioprincipios.com\/index.php\/2021\/12\/06\/pase-sanitario-en-la-provincia-desde-el-21-de-diciembre\/\" \/>\n<meta property=\"og:site_name\" content=\"Principios\" \/>\n<meta property=\"article:published_time\" content=\"2021-12-06T21:51:20+00:00\" \/>\n<meta property=\"article:modified_time\" content=\"2021-12-06T21:51:28+00:00\" \/>\n<meta property=\"og:image\" content=\"https:\/\/diarioprincipios.com\/wp-content\/uploads\/2021\/12\/axel-kicillof-20210830-1223599.jpg\" \/>\n\t<meta property=\"og:image:width\" content=\"950\" \/>\n\t<meta property=\"og:image:height\" content=\"534\" \/>\n\t<meta property=\"og:image:type\" content=\"image\/jpeg\" \/>\n<meta name=\"author\" content=\"Hern\u00e1n L\u00f3pez\" \/>\n<meta name=\"twitter:card\" content=\"summary_large_image\" \/>\n<meta name=\"twitter:label1\" content=\"Escrito por\" \/>\n\t<meta name=\"twitter:data1\" content=\"Hern\u00e1n L\u00f3pez\" \/>\n\t<meta name=\"twitter:label2\" content=\"Tiempo de lectura\" \/>\n\t<meta name=\"twitter:data2\" content=\"2 minutos\" \/>\n<script type=\"application\/ld+json\" class=\"yoast-schema-graph\">{\"@context\":\"https:\\\/\\\/schema.org\",\"@graph\":[{\"@type\":\"Article\",\"@id\":\"https:\\\/\\\/diarioprincipios.com\\\/index.php\\\/2021\\\/12\\\/06\\\/pase-sanitario-en-la-provincia-desde-el-21-de-diciembre\\\/#article\",\"isPartOf\":{\"@id\":\"https:\\\/\\\/diarioprincipios.com\\\/index.php\\\/2021\\\/12\\\/06\\\/pase-sanitario-en-la-provincia-desde-el-21-de-diciembre\\\/\"},\"author\":{\"name\":\"Hern\u00e1n L\u00f3pez\",\"@id\":\"https:\\\/\\\/diarioprincipios.com\\\/#\\\/schema\\\/person\\\/436d5a1fd41a5e250e23ff5a6a7cb080\"},\"headline\":\"Pase Sanitario en la Provincia desde el 21 de Diciembre\",\"datePublished\":\"2021-12-06T21:51:20+00:00\",\"dateModified\":\"2021-12-06T21:51:28+00:00\",\"mainEntityOfPage\":{\"@id\":\"https:\\\/\\\/diarioprincipios.com\\\/index.php\\\/2021\\\/12\\\/06\\\/pase-sanitario-en-la-provincia-desde-el-21-de-diciembre\\\/\"},\"wordCount\":395,\"commentCount\":0,\"publisher\":{\"@id\":\"https:\\\/\\\/diarioprincipios.com\\\/#organization\"},\"image\":{\"@id\":\"https:\\\/\\\/diarioprincipios.com\\\/index.php\\\/2021\\\/12\\\/06\\\/pase-sanitario-en-la-provincia-desde-el-21-de-diciembre\\\/#primaryimage\"},\"thumbnailUrl\":\"https:\\\/\\\/diarioprincipios.com\\\/wp-content\\\/uploads\\\/2021\\\/12\\\/axel-kicillof-20210830-1223599.jpg\",\"articleSection\":[\"Provincia\"],\"inLanguage\":\"es\",\"potentialAction\":[{\"@type\":\"CommentAction\",\"name\":\"Comment\",\"target\":[\"https:\\\/\\\/diarioprincipios.com\\\/index.php\\\/2021\\\/12\\\/06\\\/pase-sanitario-en-la-provincia-desde-el-21-de-diciembre\\\/#respond\"]}]},{\"@type\":\"WebPage\",\"@id\":\"https:\\\/\\\/diarioprincipios.com\\\/index.php\\\/2021\\\/12\\\/06\\\/pase-sanitario-en-la-provincia-desde-el-21-de-diciembre\\\/\",\"url\":\"https:\\\/\\\/diarioprincipios.com\\\/index.php\\\/2021\\\/12\\\/06\\\/pase-sanitario-en-la-provincia-desde-el-21-de-diciembre\\\/\",\"name\":\"Pase Sanitario en la Provincia desde el 21 de Diciembre - Principios\",\"isPartOf\":{\"@id\":\"https:\\\/\\\/diarioprincipios.com\\\/#website\"},\"primaryImageOfPage\":{\"@id\":\"https:\\\/\\\/diarioprincipios.com\\\/index.php\\\/2021\\\/12\\\/06\\\/pase-sanitario-en-la-provincia-desde-el-21-de-diciembre\\\/#primaryimage\"},\"image\":{\"@id\":\"https:\\\/\\\/diarioprincipios.com\\\/index.php\\\/2021\\\/12\\\/06\\\/pase-sanitario-en-la-provincia-desde-el-21-de-diciembre\\\/#primaryimage\"},\"thumbnailUrl\":\"https:\\\/\\\/diarioprincipios.com\\\/wp-content\\\/uploads\\\/2021\\\/12\\\/axel-kicillof-20210830-1223599.jpg\",\"datePublished\":\"2021-12-06T21:51:20+00:00\",\"dateModified\":\"2021-12-06T21:51:28+00:00\",\"breadcrumb\":{\"@id\":\"https:\\\/\\\/diarioprincipios.com\\\/index.php\\\/2021\\\/12\\\/06\\\/pase-sanitario-en-la-provincia-desde-el-21-de-diciembre\\\/#breadcrumb\"},\"inLanguage\":\"es\",\"potentialAction\":[{\"@type\":\"ReadAction\",\"target\":[\"https:\\\/\\\/diarioprincipios.com\\\/index.php\\\/2021\\\/12\\\/06\\\/pase-sanitario-en-la-provincia-desde-el-21-de-diciembre\\\/\"]}]},{\"@type\":\"ImageObject\",\"inLanguage\":\"es\",\"@id\":\"https:\\\/\\\/diarioprincipios.com\\\/index.php\\\/2021\\\/12\\\/06\\\/pase-sanitario-en-la-provincia-desde-el-21-de-diciembre\\\/#primaryimage\",\"url\":\"https:\\\/\\\/diarioprincipios.com\\\/wp-content\\\/uploads\\\/2021\\\/12\\\/axel-kicillof-20210830-1223599.jpg\",\"contentUrl\":\"https:\\\/\\\/diarioprincipios.com\\\/wp-content\\\/uploads\\\/2021\\\/12\\\/axel-kicillof-20210830-1223599.jpg\",\"width\":950,\"height\":534},{\"@type\":\"BreadcrumbList\",\"@id\":\"https:\\\/\\\/diarioprincipios.com\\\/index.php\\\/2021\\\/12\\\/06\\\/pase-sanitario-en-la-provincia-desde-el-21-de-diciembre\\\/#breadcrumb\",\"itemListElement\":[{\"@type\":\"ListItem\",\"position\":1,\"name\":\"Portada\",\"item\":\"https:\\\/\\\/diarioprincipios.com\\\/\"},{\"@type\":\"ListItem\",\"position\":2,\"name\":\"Pase Sanitario en la Provincia desde el 21 de Diciembre\"}]},{\"@type\":\"WebSite\",\"@id\":\"https:\\\/\\\/diarioprincipios.com\\\/#website\",\"url\":\"https:\\\/\\\/diarioprincipios.com\\\/\",\"name\":\"Principios\",\"description\":\"Principios Diario\",\"publisher\":{\"@id\":\"https:\\\/\\\/diarioprincipios.com\\\/#organization\"},\"potentialAction\":[{\"@type\":\"SearchAction\",\"target\":{\"@type\":\"EntryPoint\",\"urlTemplate\":\"https:\\\/\\\/diarioprincipios.com\\\/?s={search_term_string}\"},\"query-input\":{\"@type\":\"PropertyValueSpecification\",\"valueRequired\":true,\"valueName\":\"search_term_string\"}}],\"inLanguage\":\"es\"},{\"@type\":\"Organization\",\"@id\":\"https:\\\/\\\/diarioprincipios.com\\\/#organization\",\"name\":\"Principios\",\"url\":\"https:\\\/\\\/diarioprincipios.com\\\/\",\"logo\":{\"@type\":\"ImageObject\",\"inLanguage\":\"es\",\"@id\":\"https:\\\/\\\/diarioprincipios.com\\\/#\\\/schema\\\/logo\\\/image\\\/\",\"url\":\"https:\\\/\\\/diarioprincipios.com\\\/wp-content\\\/uploads\\\/2024\\\/04\\\/cropped-www.diarioprincipios.com_-1.png\",\"contentUrl\":\"https:\\\/\\\/diarioprincipios.com\\\/wp-content\\\/uploads\\\/2024\\\/04\\\/cropped-www.diarioprincipios.com_-1.png\",\"width\":5325,\"height\":1454,\"caption\":\"Principios\"},\"image\":{\"@id\":\"https:\\\/\\\/diarioprincipios.com\\\/#\\\/schema\\\/logo\\\/image\\\/\"}},{\"@type\":\"Person\",\"@id\":\"https:\\\/\\\/diarioprincipios.com\\\/#\\\/schema\\\/person\\\/436d5a1fd41a5e250e23ff5a6a7cb080\",\"name\":\"Hern\u00e1n L\u00f3pez\",\"image\":{\"@type\":\"ImageObject\",\"inLanguage\":\"es\",\"@id\":\"https:\\\/\\\/diarioprincipios.com\\\/wp-content\\\/litespeed\\\/avatar\\\/11ddfe5610ff3bd100522525b2571f48.jpg?ver=1777653193\",\"url\":\"https:\\\/\\\/diarioprincipios.com\\\/wp-content\\\/litespeed\\\/avatar\\\/11ddfe5610ff3bd100522525b2571f48.jpg?ver=1777653193\",\"contentUrl\":\"https:\\\/\\\/diarioprincipios.com\\\/wp-content\\\/litespeed\\\/avatar\\\/11ddfe5610ff3bd100522525b2571f48.jpg?ver=1777653193\",\"caption\":\"Hern\u00e1n L\u00f3pez\"},\"url\":\"https:\\\/\\\/diarioprincipios.com\\\/index.php\\\/author\\\/hernan\\\/\"}]}<\/script>\n<!-- \/ Yoast SEO plugin. -->","yoast_head_json":{"title":"Pase Sanitario en la Provincia desde el 21 de Diciembre - Principios","robots":{"index":"index","follow":"follow","max-snippet":"max-snippet:-1","max-image-preview":"max-image-preview:large","max-video-preview":"max-video-preview:-1"},"canonical":"https:\/\/diarioprincipios.com\/index.php\/2021\/12\/06\/pase-sanitario-en-la-provincia-desde-el-21-de-diciembre\/","og_locale":"es_ES","og_type":"article","og_title":"Pase Sanitario en la Provincia desde el 21 de Diciembre - Principios","og_description":"El gobernador bonaerense, Axel Kicillof, anunci\u00f3 hoy que la provincia de Buenos Aires aplicar\u00e1 el \u00abpase libre con vacunas\u00bb a partir del 21 de diciembre, por lo que quienes asistan a determinadas actividades deber\u00e1n acreditar la vacunaci\u00f3n con dos dosis desde los 13 a\u00f1os. Durante una conferencia de prensa que ofreci\u00f3 en La Plata, el...","og_url":"https:\/\/diarioprincipios.com\/index.php\/2021\/12\/06\/pase-sanitario-en-la-provincia-desde-el-21-de-diciembre\/","og_site_name":"Principios","article_published_time":"2021-12-06T21:51:20+00:00","article_modified_time":"2021-12-06T21:51:28+00:00","og_image":[{"width":950,"height":534,"url":"https:\/\/diarioprincipios.com\/wp-content\/uploads\/2021\/12\/axel-kicillof-20210830-1223599.jpg","type":"image\/jpeg"}],"author":"Hern\u00e1n L\u00f3pez","twitter_card":"summary_large_image","twitter_misc":{"Escrito por":"Hern\u00e1n L\u00f3pez","Tiempo de lectura":"2 minutos"},"schema":{"@context":"https:\/\/schema.org","@graph":[{"@type":"Article","@id":"https:\/\/diarioprincipios.com\/index.php\/2021\/12\/06\/pase-sanitario-en-la-provincia-desde-el-21-de-diciembre\/#article","isPartOf":{"@id":"https:\/\/diarioprincipios.com\/index.php\/2021\/12\/06\/pase-sanitario-en-la-provincia-desde-el-21-de-diciembre\/"},"author":{"name":"Hern\u00e1n L\u00f3pez","@id":"https:\/\/diarioprincipios.com\/#\/schema\/person\/436d5a1fd41a5e250e23ff5a6a7cb080"},"headline":"Pase Sanitario en la Provincia desde el 21 de Diciembre","datePublished":"2021-12-06T21:51:20+00:00","dateModified":"2021-12-06T21:51:28+00:00","mainEntityOfPage":{"@id":"https:\/\/diarioprincipios.com\/index.php\/2021\/12\/06\/pase-sanitario-en-la-provincia-desde-el-21-de-diciembre\/"},"wordCount":395,"commentCount":0,"publisher":{"@id":"https:\/\/diarioprincipios.com\/#organization"},"image":{"@id":"https:\/\/diarioprincipios.com\/index.php\/2021\/12\/06\/pase-sanitario-en-la-provincia-desde-el-21-de-diciembre\/#primaryimage"},"thumbnailUrl":"https:\/\/diarioprincipios.com\/wp-content\/uploads\/2021\/12\/axel-kicillof-20210830-1223599.jpg","articleSection":["Provincia"],"inLanguage":"es","potentialAction":[{"@type":"CommentAction","name":"Comment","target":["https:\/\/diarioprincipios.com\/index.php\/2021\/12\/06\/pase-sanitario-en-la-provincia-desde-el-21-de-diciembre\/#respond"]}]},{"@type":"WebPage","@id":"https:\/\/diarioprincipios.com\/index.php\/2021\/12\/06\/pase-sanitario-en-la-provincia-desde-el-21-de-diciembre\/","url":"https:\/\/diarioprincipios.com\/index.php\/2021\/12\/06\/pase-sanitario-en-la-provincia-desde-el-21-de-diciembre\/","name":"Pase Sanitario en la Provincia desde el 21 de Diciembre - Principios","isPartOf":{"@id":"https:\/\/diarioprincipios.com\/#website"},"primaryImageOfPage":{"@id":"https:\/\/diarioprincipios.com\/index.php\/2021\/12\/06\/pase-sanitario-en-la-provincia-desde-el-21-de-diciembre\/#primaryimage"},"image":{"@id":"https:\/\/diarioprincipios.com\/index.php\/2021\/12\/06\/pase-sanitario-en-la-provincia-desde-el-21-de-diciembre\/#primaryimage"},"thumbnailUrl":"https:\/\/diarioprincipios.com\/wp-content\/uploads\/2021\/12\/axel-kicillof-20210830-1223599.jpg","datePublished":"2021-12-06T21:51:20+00:00","dateModified":"2021-12-06T21:51:28+00:00","breadcrumb":{"@id":"https:\/\/diarioprincipios.com\/index.php\/2021\/12\/06\/pase-sanitario-en-la-provincia-desde-el-21-de-diciembre\/#breadcrumb"},"inLanguage":"es","potentialAction":[{"@type":"ReadAction","target":["https:\/\/diarioprincipios.com\/index.php\/2021\/12\/06\/pase-sanitario-en-la-provincia-desde-el-21-de-diciembre\/"]}]},{"@type":"ImageObject","inLanguage":"es","@id":"https:\/\/diarioprincipios.com\/index.php\/2021\/12\/06\/pase-sanitario-en-la-provincia-desde-el-21-de-diciembre\/#primaryimage","url":"https:\/\/diarioprincipios.com\/wp-content\/uploads\/2021\/12\/axel-kicillof-20210830-1223599.jpg","contentUrl":"https:\/\/diarioprincipios.com\/wp-content\/uploads\/2021\/12\/axel-kicillof-20210830-1223599.jpg","width":950,"height":534},{"@type":"BreadcrumbList","@id":"https:\/\/diarioprincipios.com\/index.php\/2021\/12\/06\/pase-sanitario-en-la-provincia-desde-el-21-de-diciembre\/#breadcrumb","itemListElement":[{"@type":"ListItem","position":1,"name":"Portada","item":"https:\/\/diarioprincipios.com\/"},{"@type":"ListItem","position":2,"name":"Pase Sanitario en la Provincia desde el 21 de Diciembre"}]},{"@type":"WebSite","@id":"https:\/\/diarioprincipios.com\/#website","url":"https:\/\/diarioprincipios.com\/","name":"Principios","description":"Principios Diario","publisher":{"@id":"https:\/\/diarioprincipios.com\/#organization"},"potentialAction":[{"@type":"SearchAction","target":{"@type":"EntryPoint","urlTemplate":"https:\/\/diarioprincipios.com\/?s={search_term_string}"},"query-input":{"@type":"PropertyValueSpecification","valueRequired":true,"valueName":"search_term_string"}}],"inLanguage":"es"},{"@type":"Organization","@id":"https:\/\/diarioprincipios.com\/#organization","name":"Principios","url":"https:\/\/diarioprincipios.com\/","logo":{"@type":"ImageObject","inLanguage":"es","@id":"https:\/\/diarioprincipios.com\/#\/schema\/logo\/image\/","url":"https:\/\/diarioprincipios.com\/wp-content\/uploads\/2024\/04\/cropped-www.diarioprincipios.com_-1.png","contentUrl":"https:\/\/diarioprincipios.com\/wp-content\/uploads\/2024\/04\/cropped-www.diarioprincipios.com_-1.png","width":5325,"height":1454,"caption":"Principios"},"image":{"@id":"https:\/\/diarioprincipios.com\/#\/schema\/logo\/image\/"}},{"@type":"Person","@id":"https:\/\/diarioprincipios.com\/#\/schema\/person\/436d5a1fd41a5e250e23ff5a6a7cb080","name":"Hern\u00e1n L\u00f3pez","image":{"@type":"ImageObject","inLanguage":"es","@id":"https:\/\/diarioprincipios.com\/wp-content\/litespeed\/avatar\/11ddfe5610ff3bd100522525b2571f48.jpg?ver=1777653193","url":"https:\/\/diarioprincipios.com\/wp-content\/litespeed\/avatar\/11ddfe5610ff3bd100522525b2571f48.jpg?ver=1777653193","contentUrl":"https:\/\/diarioprincipios.com\/wp-content\/litespeed\/avatar\/11ddfe5610ff3bd100522525b2571f48.jpg?ver=1777653193","caption":"Hern\u00e1n L\u00f3pez"},"url":"https:\/\/diarioprincipios.com\/index.php\/author\/hernan\/"}]}},"jetpack_featured_media_url":"https:\/\/diarioprincipios.com\/wp-content\/uploads\/2021\/12\/axel-kicillof-20210830-1223599.jpg","_links":{"self":[{"href":"https:\/\/diarioprincipios.com\/index.php\/wp-json\/wp\/v2\/posts\/12088","targetHints":{"allow":["GET"]}}],"collection":[{"href":"https:\/\/diarioprincipios.com\/index.php\/wp-json\/wp\/v2\/posts"}],"about":[{"href":"https:\/\/diarioprincipios.com\/index.php\/wp-json\/wp\/v2\/types\/post"}],"author":[{"embeddable":true,"href":"https:\/\/diarioprincipios.com\/index.php\/wp-json\/wp\/v2\/users\/2"}],"replies":[{"embeddable":true,"href":"https:\/\/diarioprincipios.com\/index.php\/wp-json\/wp\/v2\/comments?post=12088"}],"version-history":[{"count":1,"href":"https:\/\/diarioprincipios.com\/index.php\/wp-json\/wp\/v2\/posts\/12088\/revisions"}],"predecessor-version":[{"id":12090,"href":"https:\/\/diarioprincipios.com\/index.php\/wp-json\/wp\/v2\/posts\/12088\/revisions\/12090"}],"wp:featuredmedia":[{"embeddable":true,"href":"https:\/\/diarioprincipios.com\/index.php\/wp-json\/wp\/v2\/media\/12089"}],"wp:attachment":[{"href":"https:\/\/diarioprincipios.com\/index.php\/wp-json\/wp\/v2\/media?parent=12088"}],"wp:term":[{"taxonomy":"category","embeddable":true,"href":"https:\/\/diarioprincipios.com\/index.php\/wp-json\/wp\/v2\/categories?post=12088"},{"taxonomy":"post_tag","embeddable":true,"href":"https:\/\/diarioprincipios.com\/index.php\/wp-json\/wp\/v2\/tags?post=12088"}],"curies":[{"name":"wp","href":"https:\/\/api.w.org\/{rel}","templated":true}]}}