{"id":12083,"date":"2021-12-03T19:21:10","date_gmt":"2021-12-03T22:21:10","guid":{"rendered":"http:\/\/diarioprincipios.com\/?p=12083"},"modified":"2021-12-03T19:21:18","modified_gmt":"2021-12-03T22:21:18","slug":"comenzo-la-pavimentacion-de-la-calle-22-entre-cno-belgrano-y-ruta-36","status":"publish","type":"post","link":"https:\/\/diarioprincipios.com\/index.php\/2021\/12\/03\/comenzo-la-pavimentacion-de-la-calle-22-entre-cno-belgrano-y-ruta-36\/","title":{"rendered":"Comenz\u00f3 la pavimentaci\u00f3n de la calle 22 entre Cno. Belgrano y Ruta 36"},"content":{"rendered":"\n<p><strong>La Municipalidad de Berazategui, a trav\u00e9s de la Secretar\u00eda de Obras P\u00fablicas, inici\u00f3 la pavimentaci\u00f3n de la calle 22 en el tramo que va desde Camino General Belgrano hasta la Ruta N\u00b0 36. La obra, gestionada por el intendente Juan Jos\u00e9 Mussi, es financiada por el Gobierno Nacional -a trav\u00e9s del Plan Argentina Hace- y el Municipal, y tiene como objetivo aliviar la circulaci\u00f3n del tr\u00e1nsito en otras avenidas, as\u00ed como mejorar la conectividad entre estas dos v\u00edas importantes.<\/strong><\/p>\n\n\n\n<p>El pavimento de la calle 22 se encontraba deteriorado e inconcluso. Por su ubicaci\u00f3n, esta arteria aliviar\u00e1 la circulaci\u00f3n del tr\u00e1nsito en la avenida Dra. Julieta Lanteri (21) y en la 24, prolongando sus vidas \u00fatiles. Asimismo, agilizar\u00e1 la comunicaci\u00f3n entre dos v\u00edas principales de Berazategui: el Camino General Belgrano y la Ruta Provincial N\u00b0 36, evitando la sobrecarga de otras arterias y los desv\u00edos prolongados.<\/p>\n\n\n\n<figure class=\"wp-block-image size-large\"><img loading=\"lazy\" decoding=\"async\" width=\"1024\" height=\"683\" src=\"https:\/\/diarioprincipios.com\/wp-content\/uploads\/2021\/12\/20211126_Obras_Calle_22_Entre_Ruta36_Cno_Belgrano_SG_15-1024x683.jpg\" alt=\"\" class=\"wp-image-12085\" srcset=\"https:\/\/diarioprincipios.com\/wp-content\/uploads\/2021\/12\/20211126_Obras_Calle_22_Entre_Ruta36_Cno_Belgrano_SG_15-1024x683.jpg 1024w, https:\/\/diarioprincipios.com\/wp-content\/uploads\/2021\/12\/20211126_Obras_Calle_22_Entre_Ruta36_Cno_Belgrano_SG_15-300x200.jpg 300w, https:\/\/diarioprincipios.com\/wp-content\/uploads\/2021\/12\/20211126_Obras_Calle_22_Entre_Ruta36_Cno_Belgrano_SG_15-768x512.jpg 768w, https:\/\/diarioprincipios.com\/wp-content\/uploads\/2021\/12\/20211126_Obras_Calle_22_Entre_Ruta36_Cno_Belgrano_SG_15-1536x1024.jpg 1536w, https:\/\/diarioprincipios.com\/wp-content\/uploads\/2021\/12\/20211126_Obras_Calle_22_Entre_Ruta36_Cno_Belgrano_SG_15.jpg 1920w\" sizes=\"auto, (max-width: 1024px) 100vw, 1024px\" \/><\/figure>\n\n\n\n<p>Sandro Aznarez, ingeniero de la Secretar\u00eda de Obras P\u00fablicas de la Municipalidad de Berazategui, explic\u00f3: \u201cLa pavimentaci\u00f3n de la calle 22 se comenz\u00f3 en octubre y actualmente se encuentra en la fase de remoci\u00f3n de los suelos para evaluar las interferencias existentes de servicios de gas, cloacas y agua, y as\u00ed \u2013una vez efectuado este control en los primeros 100 metros- comenzar con la tarea de repavimentaci\u00f3n de la calzada\u201d.<\/p>\n\n\n\n<p>Asimismo, agreg\u00f3: \u201cEl objetivo es descongestionar las avenidas m\u00e1s importantes de la zona y evitar que se vean afectadas por el alto impacto del tr\u00e1nsito. La obra tiene una extensi\u00f3n de 500 metros, con&nbsp; 4900 metros cuadrados de hormig\u00f3n y se estima un plazo de 6 meses para finalizarla\u201d.<\/p>\n","protected":false},"excerpt":{"rendered":"<p>La Municipalidad de Berazategui, a trav\u00e9s de la Secretar\u00eda de Obras P\u00fablicas, inici\u00f3 la pavimentaci\u00f3n de la calle 22 en el tramo que va desde Camino General Belgrano hasta la Ruta N\u00b0 36. La obra, gestionada por el intendente Juan Jos\u00e9 Mussi, es financiada por el Gobierno Nacional -a trav\u00e9s del Plan Argentina Hace- y&#8230;<\/p>\n","protected":false},"author":2,"featured_media":12084,"comment_status":"open","ping_status":"open","sticky":false,"template":"","format":"standard","meta":{"footnotes":""},"categories":[3],"tags":[],"class_list":["post-12083","post","type-post","status-publish","format-standard","has-post-thumbnail","hentry","category-berazategui"],"featured_image_src":"https:\/\/diarioprincipios.com\/wp-content\/uploads\/2021\/12\/20211126_Obras_Calle_22_Entre_Ruta36_Cno_Belgrano_SG_17-1024x683.jpg","blog_images":{"medium":"https:\/\/diarioprincipios.com\/wp-content\/uploads\/2021\/12\/20211126_Obras_Calle_22_Entre_Ruta36_Cno_Belgrano_SG_17-300x200.jpg","large":"https:\/\/diarioprincipios.com\/wp-content\/uploads\/2021\/12\/20211126_Obras_Calle_22_Entre_Ruta36_Cno_Belgrano_SG_17-1024x683.jpg"},"ams_acf":[],"yoast_head":"<!-- This site is optimized with the Yoast SEO plugin v27.3 - https:\/\/yoast.com\/product\/yoast-seo-wordpress\/ -->\n<title>Comenz\u00f3 la pavimentaci\u00f3n de la calle 22 entre Cno. Belgrano y Ruta 36 - Principios<\/title>\n<meta name=\"robots\" content=\"index, follow, max-snippet:-1, max-image-preview:large, max-video-preview:-1\" \/>\n<link rel=\"canonical\" href=\"https:\/\/diarioprincipios.com\/index.php\/2021\/12\/03\/comenzo-la-pavimentacion-de-la-calle-22-entre-cno-belgrano-y-ruta-36\/\" \/>\n<meta property=\"og:locale\" content=\"es_ES\" \/>\n<meta property=\"og:type\" content=\"article\" \/>\n<meta property=\"og:title\" content=\"Comenz\u00f3 la pavimentaci\u00f3n de la calle 22 entre Cno. Belgrano y Ruta 36 - Principios\" \/>\n<meta property=\"og:description\" content=\"La Municipalidad de Berazategui, a trav\u00e9s de la Secretar\u00eda de Obras P\u00fablicas, inici\u00f3 la pavimentaci\u00f3n de la calle 22 en el tramo que va desde Camino General Belgrano hasta la Ruta N\u00b0 36. La obra, gestionada por el intendente Juan Jos\u00e9 Mussi, es financiada por el Gobierno Nacional -a trav\u00e9s del Plan Argentina Hace- y...\" \/>\n<meta property=\"og:url\" content=\"https:\/\/diarioprincipios.com\/index.php\/2021\/12\/03\/comenzo-la-pavimentacion-de-la-calle-22-entre-cno-belgrano-y-ruta-36\/\" \/>\n<meta property=\"og:site_name\" content=\"Principios\" \/>\n<meta property=\"article:published_time\" content=\"2021-12-03T22:21:10+00:00\" \/>\n<meta property=\"article:modified_time\" content=\"2021-12-03T22:21:18+00:00\" \/>\n<meta property=\"og:image\" content=\"https:\/\/diarioprincipios.com\/wp-content\/uploads\/2021\/12\/20211126_Obras_Calle_22_Entre_Ruta36_Cno_Belgrano_SG_17.jpg\" \/>\n\t<meta property=\"og:image:width\" content=\"1920\" \/>\n\t<meta property=\"og:image:height\" content=\"1280\" \/>\n\t<meta property=\"og:image:type\" content=\"image\/jpeg\" \/>\n<meta name=\"author\" content=\"Hern\u00e1n L\u00f3pez\" \/>\n<meta name=\"twitter:card\" content=\"summary_large_image\" \/>\n<meta name=\"twitter:label1\" content=\"Escrito por\" \/>\n\t<meta name=\"twitter:data1\" content=\"Hern\u00e1n L\u00f3pez\" \/>\n\t<meta name=\"twitter:label2\" content=\"Tiempo de lectura\" \/>\n\t<meta name=\"twitter:data2\" content=\"2 minutos\" \/>\n<script type=\"application\/ld+json\" class=\"yoast-schema-graph\">{\"@context\":\"https:\\\/\\\/schema.org\",\"@graph\":[{\"@type\":\"Article\",\"@id\":\"https:\\\/\\\/diarioprincipios.com\\\/index.php\\\/2021\\\/12\\\/03\\\/comenzo-la-pavimentacion-de-la-calle-22-entre-cno-belgrano-y-ruta-36\\\/#article\",\"isPartOf\":{\"@id\":\"https:\\\/\\\/diarioprincipios.com\\\/index.php\\\/2021\\\/12\\\/03\\\/comenzo-la-pavimentacion-de-la-calle-22-entre-cno-belgrano-y-ruta-36\\\/\"},\"author\":{\"name\":\"Hern\u00e1n L\u00f3pez\",\"@id\":\"https:\\\/\\\/diarioprincipios.com\\\/#\\\/schema\\\/person\\\/436d5a1fd41a5e250e23ff5a6a7cb080\"},\"headline\":\"Comenz\u00f3 la pavimentaci\u00f3n de la calle 22 entre Cno. Belgrano y Ruta 36\",\"datePublished\":\"2021-12-03T22:21:10+00:00\",\"dateModified\":\"2021-12-03T22:21:18+00:00\",\"mainEntityOfPage\":{\"@id\":\"https:\\\/\\\/diarioprincipios.com\\\/index.php\\\/2021\\\/12\\\/03\\\/comenzo-la-pavimentacion-de-la-calle-22-entre-cno-belgrano-y-ruta-36\\\/\"},\"wordCount\":289,\"commentCount\":0,\"publisher\":{\"@id\":\"https:\\\/\\\/diarioprincipios.com\\\/#organization\"},\"image\":{\"@id\":\"https:\\\/\\\/diarioprincipios.com\\\/index.php\\\/2021\\\/12\\\/03\\\/comenzo-la-pavimentacion-de-la-calle-22-entre-cno-belgrano-y-ruta-36\\\/#primaryimage\"},\"thumbnailUrl\":\"https:\\\/\\\/diarioprincipios.com\\\/wp-content\\\/uploads\\\/2021\\\/12\\\/20211126_Obras_Calle_22_Entre_Ruta36_Cno_Belgrano_SG_17.jpg\",\"articleSection\":[\"Berazategui\"],\"inLanguage\":\"es\",\"potentialAction\":[{\"@type\":\"CommentAction\",\"name\":\"Comment\",\"target\":[\"https:\\\/\\\/diarioprincipios.com\\\/index.php\\\/2021\\\/12\\\/03\\\/comenzo-la-pavimentacion-de-la-calle-22-entre-cno-belgrano-y-ruta-36\\\/#respond\"]}]},{\"@type\":\"WebPage\",\"@id\":\"https:\\\/\\\/diarioprincipios.com\\\/index.php\\\/2021\\\/12\\\/03\\\/comenzo-la-pavimentacion-de-la-calle-22-entre-cno-belgrano-y-ruta-36\\\/\",\"url\":\"https:\\\/\\\/diarioprincipios.com\\\/index.php\\\/2021\\\/12\\\/03\\\/comenzo-la-pavimentacion-de-la-calle-22-entre-cno-belgrano-y-ruta-36\\\/\",\"name\":\"Comenz\u00f3 la pavimentaci\u00f3n de la calle 22 entre Cno. Belgrano y Ruta 36 - Principios\",\"isPartOf\":{\"@id\":\"https:\\\/\\\/diarioprincipios.com\\\/#website\"},\"primaryImageOfPage\":{\"@id\":\"https:\\\/\\\/diarioprincipios.com\\\/index.php\\\/2021\\\/12\\\/03\\\/comenzo-la-pavimentacion-de-la-calle-22-entre-cno-belgrano-y-ruta-36\\\/#primaryimage\"},\"image\":{\"@id\":\"https:\\\/\\\/diarioprincipios.com\\\/index.php\\\/2021\\\/12\\\/03\\\/comenzo-la-pavimentacion-de-la-calle-22-entre-cno-belgrano-y-ruta-36\\\/#primaryimage\"},\"thumbnailUrl\":\"https:\\\/\\\/diarioprincipios.com\\\/wp-content\\\/uploads\\\/2021\\\/12\\\/20211126_Obras_Calle_22_Entre_Ruta36_Cno_Belgrano_SG_17.jpg\",\"datePublished\":\"2021-12-03T22:21:10+00:00\",\"dateModified\":\"2021-12-03T22:21:18+00:00\",\"breadcrumb\":{\"@id\":\"https:\\\/\\\/diarioprincipios.com\\\/index.php\\\/2021\\\/12\\\/03\\\/comenzo-la-pavimentacion-de-la-calle-22-entre-cno-belgrano-y-ruta-36\\\/#breadcrumb\"},\"inLanguage\":\"es\",\"potentialAction\":[{\"@type\":\"ReadAction\",\"target\":[\"https:\\\/\\\/diarioprincipios.com\\\/index.php\\\/2021\\\/12\\\/03\\\/comenzo-la-pavimentacion-de-la-calle-22-entre-cno-belgrano-y-ruta-36\\\/\"]}]},{\"@type\":\"ImageObject\",\"inLanguage\":\"es\",\"@id\":\"https:\\\/\\\/diarioprincipios.com\\\/index.php\\\/2021\\\/12\\\/03\\\/comenzo-la-pavimentacion-de-la-calle-22-entre-cno-belgrano-y-ruta-36\\\/#primaryimage\",\"url\":\"https:\\\/\\\/diarioprincipios.com\\\/wp-content\\\/uploads\\\/2021\\\/12\\\/20211126_Obras_Calle_22_Entre_Ruta36_Cno_Belgrano_SG_17.jpg\",\"contentUrl\":\"https:\\\/\\\/diarioprincipios.com\\\/wp-content\\\/uploads\\\/2021\\\/12\\\/20211126_Obras_Calle_22_Entre_Ruta36_Cno_Belgrano_SG_17.jpg\",\"width\":1920,\"height\":1280},{\"@type\":\"BreadcrumbList\",\"@id\":\"https:\\\/\\\/diarioprincipios.com\\\/index.php\\\/2021\\\/12\\\/03\\\/comenzo-la-pavimentacion-de-la-calle-22-entre-cno-belgrano-y-ruta-36\\\/#breadcrumb\",\"itemListElement\":[{\"@type\":\"ListItem\",\"position\":1,\"name\":\"Portada\",\"item\":\"https:\\\/\\\/diarioprincipios.com\\\/\"},{\"@type\":\"ListItem\",\"position\":2,\"name\":\"Comenz\u00f3 la pavimentaci\u00f3n de la calle 22 entre Cno. Belgrano y Ruta 36\"}]},{\"@type\":\"WebSite\",\"@id\":\"https:\\\/\\\/diarioprincipios.com\\\/#website\",\"url\":\"https:\\\/\\\/diarioprincipios.com\\\/\",\"name\":\"Principios\",\"description\":\"Principios Diario\",\"publisher\":{\"@id\":\"https:\\\/\\\/diarioprincipios.com\\\/#organization\"},\"potentialAction\":[{\"@type\":\"SearchAction\",\"target\":{\"@type\":\"EntryPoint\",\"urlTemplate\":\"https:\\\/\\\/diarioprincipios.com\\\/?s={search_term_string}\"},\"query-input\":{\"@type\":\"PropertyValueSpecification\",\"valueRequired\":true,\"valueName\":\"search_term_string\"}}],\"inLanguage\":\"es\"},{\"@type\":\"Organization\",\"@id\":\"https:\\\/\\\/diarioprincipios.com\\\/#organization\",\"name\":\"Principios\",\"url\":\"https:\\\/\\\/diarioprincipios.com\\\/\",\"logo\":{\"@type\":\"ImageObject\",\"inLanguage\":\"es\",\"@id\":\"https:\\\/\\\/diarioprincipios.com\\\/#\\\/schema\\\/logo\\\/image\\\/\",\"url\":\"https:\\\/\\\/diarioprincipios.com\\\/wp-content\\\/uploads\\\/2024\\\/04\\\/cropped-www.diarioprincipios.com_-1.png\",\"contentUrl\":\"https:\\\/\\\/diarioprincipios.com\\\/wp-content\\\/uploads\\\/2024\\\/04\\\/cropped-www.diarioprincipios.com_-1.png\",\"width\":5325,\"height\":1454,\"caption\":\"Principios\"},\"image\":{\"@id\":\"https:\\\/\\\/diarioprincipios.com\\\/#\\\/schema\\\/logo\\\/image\\\/\"}},{\"@type\":\"Person\",\"@id\":\"https:\\\/\\\/diarioprincipios.com\\\/#\\\/schema\\\/person\\\/436d5a1fd41a5e250e23ff5a6a7cb080\",\"name\":\"Hern\u00e1n L\u00f3pez\",\"image\":{\"@type\":\"ImageObject\",\"inLanguage\":\"es\",\"@id\":\"https:\\\/\\\/diarioprincipios.com\\\/wp-content\\\/litespeed\\\/avatar\\\/11ddfe5610ff3bd100522525b2571f48.jpg?ver=1777653193\",\"url\":\"https:\\\/\\\/diarioprincipios.com\\\/wp-content\\\/litespeed\\\/avatar\\\/11ddfe5610ff3bd100522525b2571f48.jpg?ver=1777653193\",\"contentUrl\":\"https:\\\/\\\/diarioprincipios.com\\\/wp-content\\\/litespeed\\\/avatar\\\/11ddfe5610ff3bd100522525b2571f48.jpg?ver=1777653193\",\"caption\":\"Hern\u00e1n L\u00f3pez\"},\"url\":\"https:\\\/\\\/diarioprincipios.com\\\/index.php\\\/author\\\/hernan\\\/\"}]}<\/script>\n<!-- \/ Yoast SEO plugin. -->","yoast_head_json":{"title":"Comenz\u00f3 la pavimentaci\u00f3n de la calle 22 entre Cno. Belgrano y Ruta 36 - Principios","robots":{"index":"index","follow":"follow","max-snippet":"max-snippet:-1","max-image-preview":"max-image-preview:large","max-video-preview":"max-video-preview:-1"},"canonical":"https:\/\/diarioprincipios.com\/index.php\/2021\/12\/03\/comenzo-la-pavimentacion-de-la-calle-22-entre-cno-belgrano-y-ruta-36\/","og_locale":"es_ES","og_type":"article","og_title":"Comenz\u00f3 la pavimentaci\u00f3n de la calle 22 entre Cno. Belgrano y Ruta 36 - Principios","og_description":"La Municipalidad de Berazategui, a trav\u00e9s de la Secretar\u00eda de Obras P\u00fablicas, inici\u00f3 la pavimentaci\u00f3n de la calle 22 en el tramo que va desde Camino General Belgrano hasta la Ruta N\u00b0 36. La obra, gestionada por el intendente Juan Jos\u00e9 Mussi, es financiada por el Gobierno Nacional -a trav\u00e9s del Plan Argentina Hace- y...","og_url":"https:\/\/diarioprincipios.com\/index.php\/2021\/12\/03\/comenzo-la-pavimentacion-de-la-calle-22-entre-cno-belgrano-y-ruta-36\/","og_site_name":"Principios","article_published_time":"2021-12-03T22:21:10+00:00","article_modified_time":"2021-12-03T22:21:18+00:00","og_image":[{"width":1920,"height":1280,"url":"https:\/\/diarioprincipios.com\/wp-content\/uploads\/2021\/12\/20211126_Obras_Calle_22_Entre_Ruta36_Cno_Belgrano_SG_17.jpg","type":"image\/jpeg"}],"author":"Hern\u00e1n L\u00f3pez","twitter_card":"summary_large_image","twitter_misc":{"Escrito por":"Hern\u00e1n L\u00f3pez","Tiempo de lectura":"2 minutos"},"schema":{"@context":"https:\/\/schema.org","@graph":[{"@type":"Article","@id":"https:\/\/diarioprincipios.com\/index.php\/2021\/12\/03\/comenzo-la-pavimentacion-de-la-calle-22-entre-cno-belgrano-y-ruta-36\/#article","isPartOf":{"@id":"https:\/\/diarioprincipios.com\/index.php\/2021\/12\/03\/comenzo-la-pavimentacion-de-la-calle-22-entre-cno-belgrano-y-ruta-36\/"},"author":{"name":"Hern\u00e1n L\u00f3pez","@id":"https:\/\/diarioprincipios.com\/#\/schema\/person\/436d5a1fd41a5e250e23ff5a6a7cb080"},"headline":"Comenz\u00f3 la pavimentaci\u00f3n de la calle 22 entre Cno. Belgrano y Ruta 36","datePublished":"2021-12-03T22:21:10+00:00","dateModified":"2021-12-03T22:21:18+00:00","mainEntityOfPage":{"@id":"https:\/\/diarioprincipios.com\/index.php\/2021\/12\/03\/comenzo-la-pavimentacion-de-la-calle-22-entre-cno-belgrano-y-ruta-36\/"},"wordCount":289,"commentCount":0,"publisher":{"@id":"https:\/\/diarioprincipios.com\/#organization"},"image":{"@id":"https:\/\/diarioprincipios.com\/index.php\/2021\/12\/03\/comenzo-la-pavimentacion-de-la-calle-22-entre-cno-belgrano-y-ruta-36\/#primaryimage"},"thumbnailUrl":"https:\/\/diarioprincipios.com\/wp-content\/uploads\/2021\/12\/20211126_Obras_Calle_22_Entre_Ruta36_Cno_Belgrano_SG_17.jpg","articleSection":["Berazategui"],"inLanguage":"es","potentialAction":[{"@type":"CommentAction","name":"Comment","target":["https:\/\/diarioprincipios.com\/index.php\/2021\/12\/03\/comenzo-la-pavimentacion-de-la-calle-22-entre-cno-belgrano-y-ruta-36\/#respond"]}]},{"@type":"WebPage","@id":"https:\/\/diarioprincipios.com\/index.php\/2021\/12\/03\/comenzo-la-pavimentacion-de-la-calle-22-entre-cno-belgrano-y-ruta-36\/","url":"https:\/\/diarioprincipios.com\/index.php\/2021\/12\/03\/comenzo-la-pavimentacion-de-la-calle-22-entre-cno-belgrano-y-ruta-36\/","name":"Comenz\u00f3 la pavimentaci\u00f3n de la calle 22 entre Cno. Belgrano y Ruta 36 - Principios","isPartOf":{"@id":"https:\/\/diarioprincipios.com\/#website"},"primaryImageOfPage":{"@id":"https:\/\/diarioprincipios.com\/index.php\/2021\/12\/03\/comenzo-la-pavimentacion-de-la-calle-22-entre-cno-belgrano-y-ruta-36\/#primaryimage"},"image":{"@id":"https:\/\/diarioprincipios.com\/index.php\/2021\/12\/03\/comenzo-la-pavimentacion-de-la-calle-22-entre-cno-belgrano-y-ruta-36\/#primaryimage"},"thumbnailUrl":"https:\/\/diarioprincipios.com\/wp-content\/uploads\/2021\/12\/20211126_Obras_Calle_22_Entre_Ruta36_Cno_Belgrano_SG_17.jpg","datePublished":"2021-12-03T22:21:10+00:00","dateModified":"2021-12-03T22:21:18+00:00","breadcrumb":{"@id":"https:\/\/diarioprincipios.com\/index.php\/2021\/12\/03\/comenzo-la-pavimentacion-de-la-calle-22-entre-cno-belgrano-y-ruta-36\/#breadcrumb"},"inLanguage":"es","potentialAction":[{"@type":"ReadAction","target":["https:\/\/diarioprincipios.com\/index.php\/2021\/12\/03\/comenzo-la-pavimentacion-de-la-calle-22-entre-cno-belgrano-y-ruta-36\/"]}]},{"@type":"ImageObject","inLanguage":"es","@id":"https:\/\/diarioprincipios.com\/index.php\/2021\/12\/03\/comenzo-la-pavimentacion-de-la-calle-22-entre-cno-belgrano-y-ruta-36\/#primaryimage","url":"https:\/\/diarioprincipios.com\/wp-content\/uploads\/2021\/12\/20211126_Obras_Calle_22_Entre_Ruta36_Cno_Belgrano_SG_17.jpg","contentUrl":"https:\/\/diarioprincipios.com\/wp-content\/uploads\/2021\/12\/20211126_Obras_Calle_22_Entre_Ruta36_Cno_Belgrano_SG_17.jpg","width":1920,"height":1280},{"@type":"BreadcrumbList","@id":"https:\/\/diarioprincipios.com\/index.php\/2021\/12\/03\/comenzo-la-pavimentacion-de-la-calle-22-entre-cno-belgrano-y-ruta-36\/#breadcrumb","itemListElement":[{"@type":"ListItem","position":1,"name":"Portada","item":"https:\/\/diarioprincipios.com\/"},{"@type":"ListItem","position":2,"name":"Comenz\u00f3 la pavimentaci\u00f3n de la calle 22 entre Cno. Belgrano y Ruta 36"}]},{"@type":"WebSite","@id":"https:\/\/diarioprincipios.com\/#website","url":"https:\/\/diarioprincipios.com\/","name":"Principios","description":"Principios Diario","publisher":{"@id":"https:\/\/diarioprincipios.com\/#organization"},"potentialAction":[{"@type":"SearchAction","target":{"@type":"EntryPoint","urlTemplate":"https:\/\/diarioprincipios.com\/?s={search_term_string}"},"query-input":{"@type":"PropertyValueSpecification","valueRequired":true,"valueName":"search_term_string"}}],"inLanguage":"es"},{"@type":"Organization","@id":"https:\/\/diarioprincipios.com\/#organization","name":"Principios","url":"https:\/\/diarioprincipios.com\/","logo":{"@type":"ImageObject","inLanguage":"es","@id":"https:\/\/diarioprincipios.com\/#\/schema\/logo\/image\/","url":"https:\/\/diarioprincipios.com\/wp-content\/uploads\/2024\/04\/cropped-www.diarioprincipios.com_-1.png","contentUrl":"https:\/\/diarioprincipios.com\/wp-content\/uploads\/2024\/04\/cropped-www.diarioprincipios.com_-1.png","width":5325,"height":1454,"caption":"Principios"},"image":{"@id":"https:\/\/diarioprincipios.com\/#\/schema\/logo\/image\/"}},{"@type":"Person","@id":"https:\/\/diarioprincipios.com\/#\/schema\/person\/436d5a1fd41a5e250e23ff5a6a7cb080","name":"Hern\u00e1n L\u00f3pez","image":{"@type":"ImageObject","inLanguage":"es","@id":"https:\/\/diarioprincipios.com\/wp-content\/litespeed\/avatar\/11ddfe5610ff3bd100522525b2571f48.jpg?ver=1777653193","url":"https:\/\/diarioprincipios.com\/wp-content\/litespeed\/avatar\/11ddfe5610ff3bd100522525b2571f48.jpg?ver=1777653193","contentUrl":"https:\/\/diarioprincipios.com\/wp-content\/litespeed\/avatar\/11ddfe5610ff3bd100522525b2571f48.jpg?ver=1777653193","caption":"Hern\u00e1n L\u00f3pez"},"url":"https:\/\/diarioprincipios.com\/index.php\/author\/hernan\/"}]}},"jetpack_featured_media_url":"https:\/\/diarioprincipios.com\/wp-content\/uploads\/2021\/12\/20211126_Obras_Calle_22_Entre_Ruta36_Cno_Belgrano_SG_17.jpg","_links":{"self":[{"href":"https:\/\/diarioprincipios.com\/index.php\/wp-json\/wp\/v2\/posts\/12083","targetHints":{"allow":["GET"]}}],"collection":[{"href":"https:\/\/diarioprincipios.com\/index.php\/wp-json\/wp\/v2\/posts"}],"about":[{"href":"https:\/\/diarioprincipios.com\/index.php\/wp-json\/wp\/v2\/types\/post"}],"author":[{"embeddable":true,"href":"https:\/\/diarioprincipios.com\/index.php\/wp-json\/wp\/v2\/users\/2"}],"replies":[{"embeddable":true,"href":"https:\/\/diarioprincipios.com\/index.php\/wp-json\/wp\/v2\/comments?post=12083"}],"version-history":[{"count":1,"href":"https:\/\/diarioprincipios.com\/index.php\/wp-json\/wp\/v2\/posts\/12083\/revisions"}],"predecessor-version":[{"id":12086,"href":"https:\/\/diarioprincipios.com\/index.php\/wp-json\/wp\/v2\/posts\/12083\/revisions\/12086"}],"wp:featuredmedia":[{"embeddable":true,"href":"https:\/\/diarioprincipios.com\/index.php\/wp-json\/wp\/v2\/media\/12084"}],"wp:attachment":[{"href":"https:\/\/diarioprincipios.com\/index.php\/wp-json\/wp\/v2\/media?parent=12083"}],"wp:term":[{"taxonomy":"category","embeddable":true,"href":"https:\/\/diarioprincipios.com\/index.php\/wp-json\/wp\/v2\/categories?post=12083"},{"taxonomy":"post_tag","embeddable":true,"href":"https:\/\/diarioprincipios.com\/index.php\/wp-json\/wp\/v2\/tags?post=12083"}],"curies":[{"name":"wp","href":"https:\/\/api.w.org\/{rel}","templated":true}]}}