{"id":12072,"date":"2021-12-03T10:35:56","date_gmt":"2021-12-03T13:35:56","guid":{"rendered":"http:\/\/diarioprincipios.com\/?p=12072"},"modified":"2021-12-03T10:37:08","modified_gmt":"2021-12-03T13:37:08","slug":"homenaje-a-ex-presidentes-del-honorable-concejo-deliberante-de-quilmes","status":"publish","type":"post","link":"https:\/\/diarioprincipios.com\/index.php\/2021\/12\/03\/homenaje-a-ex-presidentes-del-honorable-concejo-deliberante-de-quilmes\/","title":{"rendered":"Homenaje a ex presidentes del Honorable Concejo Deliberante de Quilmes"},"content":{"rendered":"\n<p>El Concejo Deliberante local homenaje\u00f3 a los ex presidentes del Cuerpo desde la recuperaci\u00f3n de la Democracia en 1983 a la fecha.<\/p>\n\n\n\n<p>Durante la emotiva sesi\u00f3n, el actual presidente del Legislativo Fabio Baez, hizo menci\u00f3n sobre el significado de este encuentro y la presencia de los ex presidentes en el recinto para seguidamente hacer entrega de los diplomas y descubrir las placas conmemorativas que llevan &nbsp;los nombres de quienes integraron el Cuerpo en los diferentes per\u00edodos.<\/p>\n\n\n\n<figure class=\"wp-block-image size-large\"><img loading=\"lazy\" decoding=\"async\" width=\"1024\" height=\"516\" src=\"https:\/\/diarioprincipios.com\/wp-content\/uploads\/2021\/12\/foto2-1024x516.jpeg\" alt=\"\" class=\"wp-image-12073\" srcset=\"https:\/\/diarioprincipios.com\/wp-content\/uploads\/2021\/12\/foto2-1024x516.jpeg 1024w, https:\/\/diarioprincipios.com\/wp-content\/uploads\/2021\/12\/foto2-300x151.jpeg 300w, https:\/\/diarioprincipios.com\/wp-content\/uploads\/2021\/12\/foto2-768x387.jpeg 768w, https:\/\/diarioprincipios.com\/wp-content\/uploads\/2021\/12\/foto2.jpeg 1179w\" sizes=\"auto, (max-width: 1024px) 100vw, 1024px\" \/><\/figure>\n\n\n\n<p><strong>Homenajeados<\/strong><\/p>\n\n\n\n<p>Las menciones fueron para Juan Carlos Colela, primer presidente en ocupar el estrado con el regreso de la Democracia (1983-1985).<\/p>\n\n\n\n<p>Continuando con el orden cronol\u00f3gico, Jorge D\u00edaz; Federico Scarabino; Roberto Morguen; Horacio Brachetti; Fernando Geron\u00e9s; Mar\u00eda del Carmen Albur\u00faa; Jorge Aquino; Liliana Lutteral; Ernesto Albur\u00faa; Eduardo Schiavo; Miguel \u00c1ngel Maiztegui; Fernando Rizzi; Jorge Molina; Alberto De Fazio; Gustavo Filareti; Mario Sahag\u00fan; Jos\u00e9 Migliaccio y Juan Manuel Bernasconi.<\/p>\n\n\n\n<p>Cabe destacar que en nombre de los ex presidentes Jorge Horacio D\u00edaz, el diploma lo recibi\u00f3 su esposa&nbsp; M\u00f3nica Balda; por Roberto Morguen, recibi\u00f3 su sobrina M\u00f3nica Morguen; por Mar\u00eda del Carmen Albur\u00faa, su hijo Ramiro Timoner&nbsp; y por Jorge Molina, la Sra. Francisca Falcone.<\/p>\n\n\n\n<figure class=\"wp-block-image size-large\"><img loading=\"lazy\" decoding=\"async\" width=\"1024\" height=\"609\" src=\"https:\/\/diarioprincipios.com\/wp-content\/uploads\/2021\/12\/foto3-1024x609.jpeg\" alt=\"\" class=\"wp-image-12074\" srcset=\"https:\/\/diarioprincipios.com\/wp-content\/uploads\/2021\/12\/foto3-1024x609.jpeg 1024w, https:\/\/diarioprincipios.com\/wp-content\/uploads\/2021\/12\/foto3-300x178.jpeg 300w, https:\/\/diarioprincipios.com\/wp-content\/uploads\/2021\/12\/foto3-768x456.jpeg 768w, https:\/\/diarioprincipios.com\/wp-content\/uploads\/2021\/12\/foto3.jpeg 1198w\" sizes=\"auto, (max-width: 1024px) 100vw, 1024px\" \/><\/figure>\n\n\n\n<p>\u201cEs un reconocimiento a esos presidentes que desde el regreso de la democracia forjaron las pol\u00edticas para&nbsp; volver a la senda que nunca debimos&nbsp; dejar que es el camino de la palabra, la discusi\u00f3n pol\u00edtica bien interpretada, el di\u00e1logo, y el debate pol\u00edtico\u201d, expres\u00f3 Baez y agreg\u00f3,&nbsp; \u201cEstos presidentes tuvieron un rol important\u00edsimo en aquellos primeros pasos donde volv\u00edamos despu\u00e9s de tanto tiempo a ocupar un lugar en la pol\u00edtica, retomar el camino y empezar a transformar las cosas. Por eso destaco la importancia de este proyecto y que haya una placa de los concejales de esos per\u00edodos donde se empez\u00f3 a fortalecer nuevamente la democracia\u201d.<\/p>\n\n\n\n<p><strong>Ordenanza Preparatoria<\/strong><\/p>\n\n\n\n<p>En la primera sesi\u00f3n de la jornada y ante la presencia de 22 ediles, el Concejo Deliberante de Quilmes aprob\u00f3 con despacho de la Comisi\u00f3n de Presupuesto, Impuesto y Hacienda el &nbsp;expediente 4091-4418-S-2021 Reprogramaci\u00f3n de&nbsp; deudas municipales en el marco del \u201cFondo de Emergencia Sanitaria para la Contenci\u00f3n Fiscal Municipal\u201d y el expediente 4091-11202-D-2021, C\u00f3digo Tributario 2022(Ordenanza Preparatoria).<\/p>\n","protected":false},"excerpt":{"rendered":"<p>El Concejo Deliberante local homenaje\u00f3 a los ex presidentes del Cuerpo desde la recuperaci\u00f3n de la Democracia en 1983 a la fecha. Durante la emotiva sesi\u00f3n, el actual presidente del Legislativo Fabio Baez, hizo menci\u00f3n sobre el significado de este encuentro y la presencia de los ex presidentes en el recinto para seguidamente hacer entrega&#8230;<\/p>\n","protected":false},"author":2,"featured_media":12075,"comment_status":"open","ping_status":"open","sticky":false,"template":"","format":"standard","meta":{"footnotes":""},"categories":[4],"tags":[],"class_list":["post-12072","post","type-post","status-publish","format-standard","has-post-thumbnail","hentry","category-quilmes"],"featured_image_src":"https:\/\/diarioprincipios.com\/wp-content\/uploads\/2021\/12\/foto1-1024x683.jpeg","blog_images":{"medium":"https:\/\/diarioprincipios.com\/wp-content\/uploads\/2021\/12\/foto1-300x200.jpeg","large":"https:\/\/diarioprincipios.com\/wp-content\/uploads\/2021\/12\/foto1-1024x683.jpeg"},"ams_acf":[],"yoast_head":"<!-- This site is optimized with the Yoast SEO plugin v27.3 - https:\/\/yoast.com\/product\/yoast-seo-wordpress\/ -->\n<title>Homenaje a ex presidentes del Honorable Concejo Deliberante de Quilmes - Principios<\/title>\n<meta name=\"robots\" content=\"index, follow, max-snippet:-1, max-image-preview:large, max-video-preview:-1\" \/>\n<link rel=\"canonical\" href=\"https:\/\/diarioprincipios.com\/index.php\/2021\/12\/03\/homenaje-a-ex-presidentes-del-honorable-concejo-deliberante-de-quilmes\/\" \/>\n<meta property=\"og:locale\" content=\"es_ES\" \/>\n<meta property=\"og:type\" content=\"article\" \/>\n<meta property=\"og:title\" content=\"Homenaje a ex presidentes del Honorable Concejo Deliberante de Quilmes - Principios\" \/>\n<meta property=\"og:description\" content=\"El Concejo Deliberante local homenaje\u00f3 a los ex presidentes del Cuerpo desde la recuperaci\u00f3n de la Democracia en 1983 a la fecha. Durante la emotiva sesi\u00f3n, el actual presidente del Legislativo Fabio Baez, hizo menci\u00f3n sobre el significado de este encuentro y la presencia de los ex presidentes en el recinto para seguidamente hacer entrega...\" \/>\n<meta property=\"og:url\" content=\"https:\/\/diarioprincipios.com\/index.php\/2021\/12\/03\/homenaje-a-ex-presidentes-del-honorable-concejo-deliberante-de-quilmes\/\" \/>\n<meta property=\"og:site_name\" content=\"Principios\" \/>\n<meta property=\"article:published_time\" content=\"2021-12-03T13:35:56+00:00\" \/>\n<meta property=\"article:modified_time\" content=\"2021-12-03T13:37:08+00:00\" \/>\n<meta property=\"og:image\" content=\"https:\/\/diarioprincipios.com\/wp-content\/uploads\/2021\/12\/foto1.jpeg\" \/>\n\t<meta property=\"og:image:width\" content=\"1187\" \/>\n\t<meta property=\"og:image:height\" content=\"792\" \/>\n\t<meta property=\"og:image:type\" content=\"image\/jpeg\" \/>\n<meta name=\"author\" content=\"Hern\u00e1n L\u00f3pez\" \/>\n<meta name=\"twitter:card\" content=\"summary_large_image\" \/>\n<meta name=\"twitter:label1\" content=\"Escrito por\" \/>\n\t<meta name=\"twitter:data1\" content=\"Hern\u00e1n L\u00f3pez\" \/>\n\t<meta name=\"twitter:label2\" content=\"Tiempo de lectura\" \/>\n\t<meta name=\"twitter:data2\" content=\"2 minutos\" \/>\n<script type=\"application\/ld+json\" class=\"yoast-schema-graph\">{\"@context\":\"https:\\\/\\\/schema.org\",\"@graph\":[{\"@type\":\"Article\",\"@id\":\"https:\\\/\\\/diarioprincipios.com\\\/index.php\\\/2021\\\/12\\\/03\\\/homenaje-a-ex-presidentes-del-honorable-concejo-deliberante-de-quilmes\\\/#article\",\"isPartOf\":{\"@id\":\"https:\\\/\\\/diarioprincipios.com\\\/index.php\\\/2021\\\/12\\\/03\\\/homenaje-a-ex-presidentes-del-honorable-concejo-deliberante-de-quilmes\\\/\"},\"author\":{\"name\":\"Hern\u00e1n L\u00f3pez\",\"@id\":\"https:\\\/\\\/diarioprincipios.com\\\/#\\\/schema\\\/person\\\/436d5a1fd41a5e250e23ff5a6a7cb080\"},\"headline\":\"Homenaje a ex presidentes del Honorable Concejo Deliberante de Quilmes\",\"datePublished\":\"2021-12-03T13:35:56+00:00\",\"dateModified\":\"2021-12-03T13:37:08+00:00\",\"mainEntityOfPage\":{\"@id\":\"https:\\\/\\\/diarioprincipios.com\\\/index.php\\\/2021\\\/12\\\/03\\\/homenaje-a-ex-presidentes-del-honorable-concejo-deliberante-de-quilmes\\\/\"},\"wordCount\":404,\"commentCount\":0,\"publisher\":{\"@id\":\"https:\\\/\\\/diarioprincipios.com\\\/#organization\"},\"image\":{\"@id\":\"https:\\\/\\\/diarioprincipios.com\\\/index.php\\\/2021\\\/12\\\/03\\\/homenaje-a-ex-presidentes-del-honorable-concejo-deliberante-de-quilmes\\\/#primaryimage\"},\"thumbnailUrl\":\"https:\\\/\\\/diarioprincipios.com\\\/wp-content\\\/uploads\\\/2021\\\/12\\\/foto1.jpeg\",\"articleSection\":[\"Quilmes\"],\"inLanguage\":\"es\",\"potentialAction\":[{\"@type\":\"CommentAction\",\"name\":\"Comment\",\"target\":[\"https:\\\/\\\/diarioprincipios.com\\\/index.php\\\/2021\\\/12\\\/03\\\/homenaje-a-ex-presidentes-del-honorable-concejo-deliberante-de-quilmes\\\/#respond\"]}]},{\"@type\":\"WebPage\",\"@id\":\"https:\\\/\\\/diarioprincipios.com\\\/index.php\\\/2021\\\/12\\\/03\\\/homenaje-a-ex-presidentes-del-honorable-concejo-deliberante-de-quilmes\\\/\",\"url\":\"https:\\\/\\\/diarioprincipios.com\\\/index.php\\\/2021\\\/12\\\/03\\\/homenaje-a-ex-presidentes-del-honorable-concejo-deliberante-de-quilmes\\\/\",\"name\":\"Homenaje a ex presidentes del Honorable Concejo Deliberante de Quilmes - Principios\",\"isPartOf\":{\"@id\":\"https:\\\/\\\/diarioprincipios.com\\\/#website\"},\"primaryImageOfPage\":{\"@id\":\"https:\\\/\\\/diarioprincipios.com\\\/index.php\\\/2021\\\/12\\\/03\\\/homenaje-a-ex-presidentes-del-honorable-concejo-deliberante-de-quilmes\\\/#primaryimage\"},\"image\":{\"@id\":\"https:\\\/\\\/diarioprincipios.com\\\/index.php\\\/2021\\\/12\\\/03\\\/homenaje-a-ex-presidentes-del-honorable-concejo-deliberante-de-quilmes\\\/#primaryimage\"},\"thumbnailUrl\":\"https:\\\/\\\/diarioprincipios.com\\\/wp-content\\\/uploads\\\/2021\\\/12\\\/foto1.jpeg\",\"datePublished\":\"2021-12-03T13:35:56+00:00\",\"dateModified\":\"2021-12-03T13:37:08+00:00\",\"breadcrumb\":{\"@id\":\"https:\\\/\\\/diarioprincipios.com\\\/index.php\\\/2021\\\/12\\\/03\\\/homenaje-a-ex-presidentes-del-honorable-concejo-deliberante-de-quilmes\\\/#breadcrumb\"},\"inLanguage\":\"es\",\"potentialAction\":[{\"@type\":\"ReadAction\",\"target\":[\"https:\\\/\\\/diarioprincipios.com\\\/index.php\\\/2021\\\/12\\\/03\\\/homenaje-a-ex-presidentes-del-honorable-concejo-deliberante-de-quilmes\\\/\"]}]},{\"@type\":\"ImageObject\",\"inLanguage\":\"es\",\"@id\":\"https:\\\/\\\/diarioprincipios.com\\\/index.php\\\/2021\\\/12\\\/03\\\/homenaje-a-ex-presidentes-del-honorable-concejo-deliberante-de-quilmes\\\/#primaryimage\",\"url\":\"https:\\\/\\\/diarioprincipios.com\\\/wp-content\\\/uploads\\\/2021\\\/12\\\/foto1.jpeg\",\"contentUrl\":\"https:\\\/\\\/diarioprincipios.com\\\/wp-content\\\/uploads\\\/2021\\\/12\\\/foto1.jpeg\",\"width\":1187,\"height\":792},{\"@type\":\"BreadcrumbList\",\"@id\":\"https:\\\/\\\/diarioprincipios.com\\\/index.php\\\/2021\\\/12\\\/03\\\/homenaje-a-ex-presidentes-del-honorable-concejo-deliberante-de-quilmes\\\/#breadcrumb\",\"itemListElement\":[{\"@type\":\"ListItem\",\"position\":1,\"name\":\"Portada\",\"item\":\"https:\\\/\\\/diarioprincipios.com\\\/\"},{\"@type\":\"ListItem\",\"position\":2,\"name\":\"Homenaje a ex presidentes del Honorable Concejo Deliberante de Quilmes\"}]},{\"@type\":\"WebSite\",\"@id\":\"https:\\\/\\\/diarioprincipios.com\\\/#website\",\"url\":\"https:\\\/\\\/diarioprincipios.com\\\/\",\"name\":\"Principios\",\"description\":\"Principios Diario\",\"publisher\":{\"@id\":\"https:\\\/\\\/diarioprincipios.com\\\/#organization\"},\"potentialAction\":[{\"@type\":\"SearchAction\",\"target\":{\"@type\":\"EntryPoint\",\"urlTemplate\":\"https:\\\/\\\/diarioprincipios.com\\\/?s={search_term_string}\"},\"query-input\":{\"@type\":\"PropertyValueSpecification\",\"valueRequired\":true,\"valueName\":\"search_term_string\"}}],\"inLanguage\":\"es\"},{\"@type\":\"Organization\",\"@id\":\"https:\\\/\\\/diarioprincipios.com\\\/#organization\",\"name\":\"Principios\",\"url\":\"https:\\\/\\\/diarioprincipios.com\\\/\",\"logo\":{\"@type\":\"ImageObject\",\"inLanguage\":\"es\",\"@id\":\"https:\\\/\\\/diarioprincipios.com\\\/#\\\/schema\\\/logo\\\/image\\\/\",\"url\":\"https:\\\/\\\/diarioprincipios.com\\\/wp-content\\\/uploads\\\/2024\\\/04\\\/cropped-www.diarioprincipios.com_-1.png\",\"contentUrl\":\"https:\\\/\\\/diarioprincipios.com\\\/wp-content\\\/uploads\\\/2024\\\/04\\\/cropped-www.diarioprincipios.com_-1.png\",\"width\":5325,\"height\":1454,\"caption\":\"Principios\"},\"image\":{\"@id\":\"https:\\\/\\\/diarioprincipios.com\\\/#\\\/schema\\\/logo\\\/image\\\/\"}},{\"@type\":\"Person\",\"@id\":\"https:\\\/\\\/diarioprincipios.com\\\/#\\\/schema\\\/person\\\/436d5a1fd41a5e250e23ff5a6a7cb080\",\"name\":\"Hern\u00e1n L\u00f3pez\",\"image\":{\"@type\":\"ImageObject\",\"inLanguage\":\"es\",\"@id\":\"https:\\\/\\\/diarioprincipios.com\\\/wp-content\\\/litespeed\\\/avatar\\\/11ddfe5610ff3bd100522525b2571f48.jpg?ver=1777653193\",\"url\":\"https:\\\/\\\/diarioprincipios.com\\\/wp-content\\\/litespeed\\\/avatar\\\/11ddfe5610ff3bd100522525b2571f48.jpg?ver=1777653193\",\"contentUrl\":\"https:\\\/\\\/diarioprincipios.com\\\/wp-content\\\/litespeed\\\/avatar\\\/11ddfe5610ff3bd100522525b2571f48.jpg?ver=1777653193\",\"caption\":\"Hern\u00e1n L\u00f3pez\"},\"url\":\"https:\\\/\\\/diarioprincipios.com\\\/index.php\\\/author\\\/hernan\\\/\"}]}<\/script>\n<!-- \/ Yoast SEO plugin. -->","yoast_head_json":{"title":"Homenaje a ex presidentes del Honorable Concejo Deliberante de Quilmes - Principios","robots":{"index":"index","follow":"follow","max-snippet":"max-snippet:-1","max-image-preview":"max-image-preview:large","max-video-preview":"max-video-preview:-1"},"canonical":"https:\/\/diarioprincipios.com\/index.php\/2021\/12\/03\/homenaje-a-ex-presidentes-del-honorable-concejo-deliberante-de-quilmes\/","og_locale":"es_ES","og_type":"article","og_title":"Homenaje a ex presidentes del Honorable Concejo Deliberante de Quilmes - Principios","og_description":"El Concejo Deliberante local homenaje\u00f3 a los ex presidentes del Cuerpo desde la recuperaci\u00f3n de la Democracia en 1983 a la fecha. Durante la emotiva sesi\u00f3n, el actual presidente del Legislativo Fabio Baez, hizo menci\u00f3n sobre el significado de este encuentro y la presencia de los ex presidentes en el recinto para seguidamente hacer entrega...","og_url":"https:\/\/diarioprincipios.com\/index.php\/2021\/12\/03\/homenaje-a-ex-presidentes-del-honorable-concejo-deliberante-de-quilmes\/","og_site_name":"Principios","article_published_time":"2021-12-03T13:35:56+00:00","article_modified_time":"2021-12-03T13:37:08+00:00","og_image":[{"width":1187,"height":792,"url":"https:\/\/diarioprincipios.com\/wp-content\/uploads\/2021\/12\/foto1.jpeg","type":"image\/jpeg"}],"author":"Hern\u00e1n L\u00f3pez","twitter_card":"summary_large_image","twitter_misc":{"Escrito por":"Hern\u00e1n L\u00f3pez","Tiempo de lectura":"2 minutos"},"schema":{"@context":"https:\/\/schema.org","@graph":[{"@type":"Article","@id":"https:\/\/diarioprincipios.com\/index.php\/2021\/12\/03\/homenaje-a-ex-presidentes-del-honorable-concejo-deliberante-de-quilmes\/#article","isPartOf":{"@id":"https:\/\/diarioprincipios.com\/index.php\/2021\/12\/03\/homenaje-a-ex-presidentes-del-honorable-concejo-deliberante-de-quilmes\/"},"author":{"name":"Hern\u00e1n L\u00f3pez","@id":"https:\/\/diarioprincipios.com\/#\/schema\/person\/436d5a1fd41a5e250e23ff5a6a7cb080"},"headline":"Homenaje a ex presidentes del Honorable Concejo Deliberante de Quilmes","datePublished":"2021-12-03T13:35:56+00:00","dateModified":"2021-12-03T13:37:08+00:00","mainEntityOfPage":{"@id":"https:\/\/diarioprincipios.com\/index.php\/2021\/12\/03\/homenaje-a-ex-presidentes-del-honorable-concejo-deliberante-de-quilmes\/"},"wordCount":404,"commentCount":0,"publisher":{"@id":"https:\/\/diarioprincipios.com\/#organization"},"image":{"@id":"https:\/\/diarioprincipios.com\/index.php\/2021\/12\/03\/homenaje-a-ex-presidentes-del-honorable-concejo-deliberante-de-quilmes\/#primaryimage"},"thumbnailUrl":"https:\/\/diarioprincipios.com\/wp-content\/uploads\/2021\/12\/foto1.jpeg","articleSection":["Quilmes"],"inLanguage":"es","potentialAction":[{"@type":"CommentAction","name":"Comment","target":["https:\/\/diarioprincipios.com\/index.php\/2021\/12\/03\/homenaje-a-ex-presidentes-del-honorable-concejo-deliberante-de-quilmes\/#respond"]}]},{"@type":"WebPage","@id":"https:\/\/diarioprincipios.com\/index.php\/2021\/12\/03\/homenaje-a-ex-presidentes-del-honorable-concejo-deliberante-de-quilmes\/","url":"https:\/\/diarioprincipios.com\/index.php\/2021\/12\/03\/homenaje-a-ex-presidentes-del-honorable-concejo-deliberante-de-quilmes\/","name":"Homenaje a ex presidentes del Honorable Concejo Deliberante de Quilmes - Principios","isPartOf":{"@id":"https:\/\/diarioprincipios.com\/#website"},"primaryImageOfPage":{"@id":"https:\/\/diarioprincipios.com\/index.php\/2021\/12\/03\/homenaje-a-ex-presidentes-del-honorable-concejo-deliberante-de-quilmes\/#primaryimage"},"image":{"@id":"https:\/\/diarioprincipios.com\/index.php\/2021\/12\/03\/homenaje-a-ex-presidentes-del-honorable-concejo-deliberante-de-quilmes\/#primaryimage"},"thumbnailUrl":"https:\/\/diarioprincipios.com\/wp-content\/uploads\/2021\/12\/foto1.jpeg","datePublished":"2021-12-03T13:35:56+00:00","dateModified":"2021-12-03T13:37:08+00:00","breadcrumb":{"@id":"https:\/\/diarioprincipios.com\/index.php\/2021\/12\/03\/homenaje-a-ex-presidentes-del-honorable-concejo-deliberante-de-quilmes\/#breadcrumb"},"inLanguage":"es","potentialAction":[{"@type":"ReadAction","target":["https:\/\/diarioprincipios.com\/index.php\/2021\/12\/03\/homenaje-a-ex-presidentes-del-honorable-concejo-deliberante-de-quilmes\/"]}]},{"@type":"ImageObject","inLanguage":"es","@id":"https:\/\/diarioprincipios.com\/index.php\/2021\/12\/03\/homenaje-a-ex-presidentes-del-honorable-concejo-deliberante-de-quilmes\/#primaryimage","url":"https:\/\/diarioprincipios.com\/wp-content\/uploads\/2021\/12\/foto1.jpeg","contentUrl":"https:\/\/diarioprincipios.com\/wp-content\/uploads\/2021\/12\/foto1.jpeg","width":1187,"height":792},{"@type":"BreadcrumbList","@id":"https:\/\/diarioprincipios.com\/index.php\/2021\/12\/03\/homenaje-a-ex-presidentes-del-honorable-concejo-deliberante-de-quilmes\/#breadcrumb","itemListElement":[{"@type":"ListItem","position":1,"name":"Portada","item":"https:\/\/diarioprincipios.com\/"},{"@type":"ListItem","position":2,"name":"Homenaje a ex presidentes del Honorable Concejo Deliberante de Quilmes"}]},{"@type":"WebSite","@id":"https:\/\/diarioprincipios.com\/#website","url":"https:\/\/diarioprincipios.com\/","name":"Principios","description":"Principios Diario","publisher":{"@id":"https:\/\/diarioprincipios.com\/#organization"},"potentialAction":[{"@type":"SearchAction","target":{"@type":"EntryPoint","urlTemplate":"https:\/\/diarioprincipios.com\/?s={search_term_string}"},"query-input":{"@type":"PropertyValueSpecification","valueRequired":true,"valueName":"search_term_string"}}],"inLanguage":"es"},{"@type":"Organization","@id":"https:\/\/diarioprincipios.com\/#organization","name":"Principios","url":"https:\/\/diarioprincipios.com\/","logo":{"@type":"ImageObject","inLanguage":"es","@id":"https:\/\/diarioprincipios.com\/#\/schema\/logo\/image\/","url":"https:\/\/diarioprincipios.com\/wp-content\/uploads\/2024\/04\/cropped-www.diarioprincipios.com_-1.png","contentUrl":"https:\/\/diarioprincipios.com\/wp-content\/uploads\/2024\/04\/cropped-www.diarioprincipios.com_-1.png","width":5325,"height":1454,"caption":"Principios"},"image":{"@id":"https:\/\/diarioprincipios.com\/#\/schema\/logo\/image\/"}},{"@type":"Person","@id":"https:\/\/diarioprincipios.com\/#\/schema\/person\/436d5a1fd41a5e250e23ff5a6a7cb080","name":"Hern\u00e1n L\u00f3pez","image":{"@type":"ImageObject","inLanguage":"es","@id":"https:\/\/diarioprincipios.com\/wp-content\/litespeed\/avatar\/11ddfe5610ff3bd100522525b2571f48.jpg?ver=1777653193","url":"https:\/\/diarioprincipios.com\/wp-content\/litespeed\/avatar\/11ddfe5610ff3bd100522525b2571f48.jpg?ver=1777653193","contentUrl":"https:\/\/diarioprincipios.com\/wp-content\/litespeed\/avatar\/11ddfe5610ff3bd100522525b2571f48.jpg?ver=1777653193","caption":"Hern\u00e1n L\u00f3pez"},"url":"https:\/\/diarioprincipios.com\/index.php\/author\/hernan\/"}]}},"jetpack_featured_media_url":"https:\/\/diarioprincipios.com\/wp-content\/uploads\/2021\/12\/foto1.jpeg","_links":{"self":[{"href":"https:\/\/diarioprincipios.com\/index.php\/wp-json\/wp\/v2\/posts\/12072","targetHints":{"allow":["GET"]}}],"collection":[{"href":"https:\/\/diarioprincipios.com\/index.php\/wp-json\/wp\/v2\/posts"}],"about":[{"href":"https:\/\/diarioprincipios.com\/index.php\/wp-json\/wp\/v2\/types\/post"}],"author":[{"embeddable":true,"href":"https:\/\/diarioprincipios.com\/index.php\/wp-json\/wp\/v2\/users\/2"}],"replies":[{"embeddable":true,"href":"https:\/\/diarioprincipios.com\/index.php\/wp-json\/wp\/v2\/comments?post=12072"}],"version-history":[{"count":2,"href":"https:\/\/diarioprincipios.com\/index.php\/wp-json\/wp\/v2\/posts\/12072\/revisions"}],"predecessor-version":[{"id":12077,"href":"https:\/\/diarioprincipios.com\/index.php\/wp-json\/wp\/v2\/posts\/12072\/revisions\/12077"}],"wp:featuredmedia":[{"embeddable":true,"href":"https:\/\/diarioprincipios.com\/index.php\/wp-json\/wp\/v2\/media\/12075"}],"wp:attachment":[{"href":"https:\/\/diarioprincipios.com\/index.php\/wp-json\/wp\/v2\/media?parent=12072"}],"wp:term":[{"taxonomy":"category","embeddable":true,"href":"https:\/\/diarioprincipios.com\/index.php\/wp-json\/wp\/v2\/categories?post=12072"},{"taxonomy":"post_tag","embeddable":true,"href":"https:\/\/diarioprincipios.com\/index.php\/wp-json\/wp\/v2\/tags?post=12072"}],"curies":[{"name":"wp","href":"https:\/\/api.w.org\/{rel}","templated":true}]}}